{"id":527,"count":41,"description":"I intervjuserien Framtidens arbetsliv lyfter vi fram n\u00e5gra av v\u00e5ra \u00f6ver 11 000 medlemsf\u00f6retags vardag. Hur formar f\u00f6retagen, tillsammans med medarbetarna, framtidens arbetsliv? H\u00e4r speglas b\u00e5de utmaningar, l\u00f6sningar och hur arbetsgivare inom tj\u00e4nstesektorn utvecklar b\u00e5de verksamhet och medarbetarskapet.","link":"https:\/\/www.almega.se\/tagg\/framtidens-arbetsliv\/","name":"Framtidens arbetsliv","slug":"framtidens-arbetsliv","taxonomy":"post_tag","meta":[],"yoast_head":"<!-- This site is optimized with the Yoast SEO Premium plugin v26.8 (Yoast SEO v26.8) - https:\/\/yoast.com\/product\/yoast-seo-premium-wordpress\/ -->\n<title>Framtidens arbetsliv | Almega<\/title>\n<meta name=\"robots\" content=\"index, follow, max-snippet:-1, max-image-preview:large, max-video-preview:-1\" \/>\n<link rel=\"canonical\" href=\"https:\/\/www.almega.se\/tagg\/framtidens-arbetsliv\/\" \/>\n<meta property=\"og:locale\" content=\"sv_SE\" \/>\n<meta property=\"og:type\" content=\"article\" \/>\n<meta property=\"og:title\" content=\"Framtidens arbetsliv Archives\" \/>\n<meta property=\"og:description\" content=\"I intervjuserien Framtidens arbetsliv lyfter vi fram n\u00e5gra av v\u00e5ra \u00f6ver 11 000 medlemsf\u00f6retags vardag. Hur formar f\u00f6retagen, tillsammans med medarbetarna, framtidens arbetsliv? H\u00e4r speglas b\u00e5de utmaningar, l\u00f6sningar och hur arbetsgivare inom tj\u00e4nstesektorn utvecklar b\u00e5de verksamhet och medarbetarskapet.\" \/>\n<meta property=\"og:url\" content=\"https:\/\/www.almega.se\/tagg\/framtidens-arbetsliv\/\" \/>\n<meta property=\"og:site_name\" content=\"Almega\" \/>\n<meta property=\"og:image\" content=\"https:\/\/www.almega.se\/app\/uploads\/2020\/12\/almega-share-logo.png\" \/>\n\t<meta property=\"og:image:width\" content=\"1200\" \/>\n\t<meta property=\"og:image:height\" content=\"630\" \/>\n\t<meta property=\"og:image:type\" content=\"image\/png\" \/>\n<meta name=\"twitter:card\" content=\"summary_large_image\" \/>\n<script type=\"application\/ld+json\" class=\"yoast-schema-graph\">{\"@context\":\"https:\/\/schema.org\",\"@graph\":[{\"@type\":\"CollectionPage\",\"@id\":\"https:\/\/www.almega.se\/tagg\/framtidens-arbetsliv\/\",\"url\":\"https:\/\/www.almega.se\/tagg\/framtidens-arbetsliv\/\",\"name\":\"Framtidens arbetsliv | Almega\",\"isPartOf\":{\"@id\":\"https:\/\/www.almega.se\/#website\"},\"breadcrumb\":{\"@id\":\"https:\/\/www.almega.se\/tagg\/framtidens-arbetsliv\/#breadcrumb\"},\"inLanguage\":\"sv-SE\"},{\"@type\":\"BreadcrumbList\",\"@id\":\"https:\/\/www.almega.se\/tagg\/framtidens-arbetsliv\/#breadcrumb\",\"itemListElement\":[{\"@type\":\"ListItem\",\"position\":1,\"name\":\"Home\",\"item\":\"https:\/\/www.almega.se\/\"},{\"@type\":\"ListItem\",\"position\":2,\"name\":\"Framtidens arbetsliv\"}]},{\"@type\":\"WebSite\",\"@id\":\"https:\/\/www.almega.se\/#website\",\"url\":\"https:\/\/www.almega.se\/\",\"name\":\"Almega\",\"description\":\"\",\"potentialAction\":[{\"@type\":\"SearchAction\",\"target\":{\"@type\":\"EntryPoint\",\"urlTemplate\":\"https:\/\/www.almega.se\/?s={search_term_string}\"},\"query-input\":{\"@type\":\"PropertyValueSpecification\",\"valueRequired\":true,\"valueName\":\"search_term_string\"}}],\"inLanguage\":\"sv-SE\"}]}<\/script>\n<!-- \/ Yoast SEO Premium plugin. -->","yoast_head_json":{"title":"Framtidens arbetsliv | Almega","robots":{"index":"index","follow":"follow","max-snippet":"max-snippet:-1","max-image-preview":"max-image-preview:large","max-video-preview":"max-video-preview:-1"},"canonical":"https:\/\/www.almega.se\/tagg\/framtidens-arbetsliv\/","og_locale":"sv_SE","og_type":"article","og_title":"Framtidens arbetsliv Archives","og_description":"I intervjuserien Framtidens arbetsliv lyfter vi fram n\u00e5gra av v\u00e5ra \u00f6ver 11 000 medlemsf\u00f6retags vardag. Hur formar f\u00f6retagen, tillsammans med medarbetarna, framtidens arbetsliv? H\u00e4r speglas b\u00e5de utmaningar, l\u00f6sningar och hur arbetsgivare inom tj\u00e4nstesektorn utvecklar b\u00e5de verksamhet och medarbetarskapet.","og_url":"https:\/\/www.almega.se\/tagg\/framtidens-arbetsliv\/","og_site_name":"Almega","og_image":[{"width":1200,"height":630,"url":"https:\/\/www.almega.se\/app\/uploads\/2020\/12\/almega-share-logo.png","type":"image\/png"}],"twitter_card":"summary_large_image","schema":{"@context":"https:\/\/schema.org","@graph":[{"@type":"CollectionPage","@id":"https:\/\/www.almega.se\/tagg\/framtidens-arbetsliv\/","url":"https:\/\/www.almega.se\/tagg\/framtidens-arbetsliv\/","name":"Framtidens arbetsliv | Almega","isPartOf":{"@id":"https:\/\/www.almega.se\/#website"},"breadcrumb":{"@id":"https:\/\/www.almega.se\/tagg\/framtidens-arbetsliv\/#breadcrumb"},"inLanguage":"sv-SE"},{"@type":"BreadcrumbList","@id":"https:\/\/www.almega.se\/tagg\/framtidens-arbetsliv\/#breadcrumb","itemListElement":[{"@type":"ListItem","position":1,"name":"Home","item":"https:\/\/www.almega.se\/"},{"@type":"ListItem","position":2,"name":"Framtidens arbetsliv"}]},{"@type":"WebSite","@id":"https:\/\/www.almega.se\/#website","url":"https:\/\/www.almega.se\/","name":"Almega","description":"","potentialAction":[{"@type":"SearchAction","target":{"@type":"EntryPoint","urlTemplate":"https:\/\/www.almega.se\/?s={search_term_string}"},"query-input":{"@type":"PropertyValueSpecification","valueRequired":true,"valueName":"search_term_string"}}],"inLanguage":"sv-SE"}]}},"_links":{"self":[{"href":"https:\/\/www.almega.se\/api\/wp\/v2\/tags\/527","targetHints":{"allow":["GET"]}}],"collection":[{"href":"https:\/\/www.almega.se\/api\/wp\/v2\/tags"}],"about":[{"href":"https:\/\/www.almega.se\/api\/wp\/v2\/taxonomies\/post_tag"}],"wp:post_type":[{"href":"https:\/\/www.almega.se\/api\/wp\/v2\/posts?tags=527"}],"curies":[{"name":"wp","href":"https:\/\/api.w.org\/{rel}","templated":true}]}}