{"id":87417,"date":"2026-04-28T23:24:11","date_gmt":"2026-04-28T21:24:11","guid":{"rendered":"https:\/\/www.almega.se\/?p=87417"},"modified":"2026-04-28T23:29:23","modified_gmt":"2026-04-28T21:29:23","slug":"paminnelse-om-avsattning-till-loss-of-licence-m-m-spartrafikavtalet","status":"publish","type":"post","link":"https:\/\/www.almega.se\/2026\/04\/paminnelse-om-avsattning-till-loss-of-licence-m-m-spartrafikavtalet\/","title":{"rendered":"P\u00e5minnelse om avs\u00e4ttning till Loss of licence m m &#8211; Sp\u00e5rtrafik&shy;avtalet"},"content":{"rendered":"\n<p><\/p>\n\n\n\n<p data-wp-context---core-fit-text=\"core\/fit-text::{&quot;fontSize&quot;:&quot;&quot;}\" data-wp-init---core-fit-text=\"core\/fit-text::callbacks.init\" data-wp-interactive data-wp-style--font-size=\"core\/fit-text::context.fontSize\" class=\"has-fit-text\">Detta Arbetsgivarnytt \u00e4r en p\u00e5minnelse om att du som arbetsgivare i samband med \u00e5rets l\u00f6nerevision ska genomf\u00f6ra<\/p>\n\n\n\n<ul class=\"wp-block-list\">\n<li><strong>avs\u00e4ttningen till kollektivstiftelsen f\u00f6r f\u00f6rlorad s\u00e4kerhetsklassificering (Loss of licence) f\u00f6r medlemmar i Seko, SRAT och Sveriges Ingenj\u00f6rer och,<\/strong><\/li>\n\n\n\n<li><strong>avs\u00e4ttningen f\u00f6r medlemmar i Fackf\u00f6rbundet ST till lokalt beslutat \u00e4ndam\u00e5l.<\/strong><\/li>\n<\/ul>\n\n\n\n<p>De fackliga organisationerna har avst\u00e5tt l\u00f6ne\u00f6kningar f\u00f6r att finansiera detta.<\/p>\n\n\n\n<h3 class=\"wp-block-heading\" id=\"h-avsattning-medlemmar-i-seko-srat-och-sveriges-ingenjorer-loss-of-licence\">Avs\u00e4ttning medlemmar i Seko, SRAT och Sveriges Ingenj\u00f6rer \u2013 Loss of licence<\/h3>\n\n\n\n<p>Varje f\u00f6retag ska \u00e5rligen avs\u00e4tta en del av Sekos, SRATs och Sveriges Ingenj\u00f6rers medlemmars l\u00f6ner till stiftelsen enligt \u00a7 5 mom 6 Sp\u00e5rtrafikavtalet.<\/p>\n\n\n\n<p>Avs\u00e4ttningens storlek utg\u00f6r 0,1 % av Sekos, SRATs och Sveriges Ingenj\u00f6rers medlemmars totala l\u00f6nesumma. Total l\u00f6nesumma betyder i detta fall fast kontant m\u00e5nadsl\u00f6n och eventuella fasta l\u00f6netill\u00e4gg som utbetalas per m\u00e5nad, multiplicerat med tolv. Avs\u00e4ttningens storlek ber\u00e4knas i \u00e5r per den 30 april 2026.<\/p>\n\n\n\n<p>Inbetalning till stiftelsen konto ska ske senast den 31 augusti 2026. Lokala parter ska, i samband med \u00e5rlig l\u00f6nerevision, gemensamt fastst\u00e4lla och protokollf\u00f6ra avs\u00e4ttningens storlek.<\/p>\n\n\n\n<p>Observera att <strong>de<\/strong> medel som avs\u00e4tts f\u00f6r kollektivavtalsstiftelsen f\u00f6r f\u00f6rlorad s\u00e4kerhetsklassificering inte p\u00e5verkar l\u00f6neutrymmet i l\u00f6nerevisionen, som likv\u00e4l 2026 \u00e4r 2,8 % om lokala parter inte enas om annat.<\/p>\n\n\n\n<p>F\u00f6r mer information om kollektivavtalsstiftelsen samt rutiner h\u00e4nvisas till f\u00f6ljande sida p\u00e5 AG-guiden <a href=\"https:\/\/medlem.arbetsgivarguiden.se\/a-till-o\/loss-of-licence#L\">Arbetsgivarguiden: A till \u00d6 &#8211; Loss of licence<\/a><\/p>\n\n\n\n<h3 class=\"wp-block-heading\" id=\"h-avsattning-medlemmar-i-fackforbundet-st\">Avs\u00e4ttning medlemmar i Fackf\u00f6rbundet ST<\/h3>\n\n\n\n<p>Fackf\u00f6rbundet ST inte \u00e4r med i kollektivavtalsstiftelsen f\u00f6r f\u00f6rlorad s\u00e4kerhetsklassificering (Loss of license). F\u00f6r Fackf\u00f6rbundet ST:s medlemmar g\u00e4ller att en avs\u00e4ttning motsvarande 0,1 % av den sammantagna l\u00f6nesumman g\u00f6rs varje \u00e5r enligt \u00a7 5 mom 7 Sp\u00e5rtrafikavtalet. Avs\u00e4ttningen ber\u00e4knas p\u00e5 fast kontant m\u00e5nadsl\u00f6n och eventuella fasta l\u00f6netill\u00e4gg som har utbetalts under det g\u00e5ngna kalender\u00e5ret (obs en annan ber\u00e4kningsmetod).<\/p>\n\n\n\n<p>Lokala parter ska, i samband med l\u00f6nerevisionen, gemensamt besluta hur de avser att omh\u00e4nderta avsatta medel enligt ovan. Lokala parter \u00e4ger r\u00e4tt att besluta ang\u00e5ende \u00e4ndam\u00e5l och anv\u00e4ndningsomr\u00e5de f\u00f6r dessa avsatta medel. Beslut ska f\u00f6religga senast den 31 augusti 2026.<\/p>\n\n\n\n<p>Observera att de medel som avs\u00e4tts f\u00f6r Fackf\u00f6rbundet ST:s medlemmar inte p\u00e5verkar l\u00f6neutrymmet i l\u00f6nerevisionen, som likv\u00e4l 2026 \u00e4r 2,8 % om lokala parter inte enas om annat.<\/p>\n\n\n\n<p>Vid fr\u00e5gor ta kontakt med ansvariga f\u00f6rhandlare inom <a href=\"https:\/\/medlem.arbetsgivarguiden.se\/kollektivavtal\/156#kontaktpersoner\" target=\"_blank\" rel=\"noreferrer noopener\">T\u00e5gf\u00f6retagen<\/a>.<\/p>\n","protected":false},"excerpt":{"rendered":"<p>Detta Arbetsgivarnytt \u00e4r en p\u00e5minnelse om att du som arbetsgivare i samband med \u00e5rets l\u00f6nerevision ska genomf\u00f6ra De fackliga organisationerna har avst\u00e5tt l\u00f6ne\u00f6kningar f\u00f6r att finansiera detta. Avs\u00e4ttning medlemmar i Seko, SRAT och Sveriges Ingenj\u00f6rer &hellip;<\/p>\n","protected":false},"author":14836,"featured_media":0,"comment_status":"closed","ping_status":"closed","sticky":false,"template":"","format":"standard","meta":{"_acf_changed":false,"footnotes":""},"categories":[1],"tags":[],"article_type":[],"agreement":[475],"class_list":["post-87417","post","type-post","status-publish","format-standard","hentry","category-okategoriserade","agreement-f3ee7667-590c-ea11-8160-003dd8b71d64"],"acf":[],"yoast_head":"<!-- This site is optimized with the Yoast SEO Premium plugin v26.8 (Yoast SEO v26.8) - https:\/\/yoast.com\/product\/yoast-seo-premium-wordpress\/ -->\n<title>P\u00e5minnelse om avs\u00e4ttning till Loss of licence m m - Sp\u00e5rtrafikavtalet | Almega<\/title>\n<meta name=\"robots\" content=\"index, follow, max-snippet:-1, max-image-preview:large, max-video-preview:-1\" \/>\n<link rel=\"canonical\" href=\"https:\/\/www.almega.se\/2026\/04\/paminnelse-om-avsattning-till-loss-of-licence-m-m-spartrafikavtalet\/\" \/>\n<meta property=\"og:locale\" content=\"sv_SE\" \/>\n<meta property=\"og:type\" content=\"article\" \/>\n<meta property=\"og:title\" content=\"P\u00e5minnelse om avs\u00e4ttning till Loss of licence m m - Sp\u00e5rtrafikavtalet\" \/>\n<meta property=\"og:description\" content=\"Detta Arbetsgivarnytt \u00e4r en p\u00e5minnelse om att du som arbetsgivare i samband med \u00e5rets l\u00f6nerevision ska genomf\u00f6ra De fackliga organisationerna har avst\u00e5tt l\u00f6ne\u00f6kningar f\u00f6r att finansiera detta. Avs\u00e4ttning medlemmar i Seko, SRAT och Sveriges Ingenj\u00f6rer &hellip;\" \/>\n<meta property=\"og:url\" content=\"https:\/\/www.almega.se\/2026\/04\/paminnelse-om-avsattning-till-loss-of-licence-m-m-spartrafikavtalet\/\" \/>\n<meta property=\"og:site_name\" content=\"Almega\" \/>\n<meta property=\"article:published_time\" content=\"2026-04-28T21:24:11+00:00\" \/>\n<meta property=\"article:modified_time\" content=\"2026-04-28T21:29:23+00:00\" \/>\n<meta property=\"og:image\" content=\"https:\/\/www.almega.se\/app\/uploads\/2020\/12\/almega-share-logo.png\" \/>\n\t<meta property=\"og:image:width\" content=\"1200\" \/>\n\t<meta property=\"og:image:height\" content=\"630\" \/>\n\t<meta property=\"og:image:type\" content=\"image\/png\" \/>\n<meta name=\"author\" content=\"Eva Pettersson\" \/>\n<meta name=\"twitter:card\" content=\"summary_large_image\" \/>\n<meta name=\"twitter:label1\" content=\"Skriven av\" \/>\n\t<meta name=\"twitter:data1\" content=\"Eva Pettersson\" \/>\n\t<meta name=\"twitter:label2\" content=\"Ber\u00e4knad l\u00e4stid\" \/>\n\t<meta name=\"twitter:data2\" content=\"2 minuter\" \/>\n<!-- \/ Yoast SEO Premium plugin. -->","yoast_head_json":{"title":"P\u00e5minnelse om avs\u00e4ttning till Loss of licence m m - Sp\u00e5rtrafikavtalet | Almega","robots":{"index":"index","follow":"follow","max-snippet":"max-snippet:-1","max-image-preview":"max-image-preview:large","max-video-preview":"max-video-preview:-1"},"canonical":"https:\/\/www.almega.se\/2026\/04\/paminnelse-om-avsattning-till-loss-of-licence-m-m-spartrafikavtalet\/","og_locale":"sv_SE","og_type":"article","og_title":"P\u00e5minnelse om avs\u00e4ttning till Loss of licence m m - Sp\u00e5rtrafikavtalet","og_description":"Detta Arbetsgivarnytt \u00e4r en p\u00e5minnelse om att du som arbetsgivare i samband med \u00e5rets l\u00f6nerevision ska genomf\u00f6ra De fackliga organisationerna har avst\u00e5tt l\u00f6ne\u00f6kningar f\u00f6r att finansiera detta. Avs\u00e4ttning medlemmar i Seko, SRAT och Sveriges Ingenj\u00f6rer &hellip;","og_url":"https:\/\/www.almega.se\/2026\/04\/paminnelse-om-avsattning-till-loss-of-licence-m-m-spartrafikavtalet\/","og_site_name":"Almega","article_published_time":"2026-04-28T21:24:11+00:00","article_modified_time":"2026-04-28T21:29:23+00:00","og_image":[{"width":1200,"height":630,"url":"https:\/\/www.almega.se\/app\/uploads\/2020\/12\/almega-share-logo.png","type":"image\/png"}],"author":"Eva Pettersson","twitter_card":"summary_large_image","twitter_misc":{"Skriven av":"Eva Pettersson","Ber\u00e4knad l\u00e4stid":"2 minuter"},"schema":{"@context":"https:\/\/schema.org","@graph":[{"@type":"NewsArticle","@id":"https:\/\/www.almega.se\/2026\/04\/paminnelse-om-avsattning-till-loss-of-licence-m-m-spartrafikavtalet\/#article","isPartOf":{"@id":"https:\/\/www.almega.se\/2026\/04\/paminnelse-om-avsattning-till-loss-of-licence-m-m-spartrafikavtalet\/"},"author":{"name":"Eva Pettersson","@id":"https:\/\/www.almega.se\/#\/schema\/person\/50d695bb8f918c77bd2be177892f84b1"},"headline":"P\u00e5minnelse om avs\u00e4ttning till Loss of licence m m &#8211; Sp\u00e5rtrafik&shy;avtalet","datePublished":"2026-04-28T21:24:11+00:00","dateModified":"2026-04-28T21:29:23+00:00","mainEntityOfPage":{"@id":"https:\/\/www.almega.se\/2026\/04\/paminnelse-om-avsattning-till-loss-of-licence-m-m-spartrafikavtalet\/"},"wordCount":435,"inLanguage":"sv-SE"},{"@type":"WebPage","@id":"https:\/\/www.almega.se\/2026\/04\/paminnelse-om-avsattning-till-loss-of-licence-m-m-spartrafikavtalet\/","url":"https:\/\/www.almega.se\/2026\/04\/paminnelse-om-avsattning-till-loss-of-licence-m-m-spartrafikavtalet\/","name":"P\u00e5minnelse om avs\u00e4ttning till Loss of licence m m - Sp\u00e5rtrafikavtalet | Almega","isPartOf":{"@id":"https:\/\/www.almega.se\/#website"},"datePublished":"2026-04-28T21:24:11+00:00","dateModified":"2026-04-28T21:29:23+00:00","author":{"@id":"https:\/\/www.almega.se\/#\/schema\/person\/50d695bb8f918c77bd2be177892f84b1"},"breadcrumb":{"@id":"https:\/\/www.almega.se\/2026\/04\/paminnelse-om-avsattning-till-loss-of-licence-m-m-spartrafikavtalet\/#breadcrumb"},"inLanguage":"sv-SE","potentialAction":[{"@type":"ReadAction","target":["https:\/\/www.almega.se\/2026\/04\/paminnelse-om-avsattning-till-loss-of-licence-m-m-spartrafikavtalet\/"]}]},{"@type":"BreadcrumbList","@id":"https:\/\/www.almega.se\/2026\/04\/paminnelse-om-avsattning-till-loss-of-licence-m-m-spartrafikavtalet\/#breadcrumb","itemListElement":[{"@type":"ListItem","position":1,"name":"Home","item":"https:\/\/www.almega.se\/"},{"@type":"ListItem","position":2,"name":"P\u00e5minnelse om avs\u00e4ttning till Loss of licence m m &#8211; Sp\u00e5rtrafik&shy;avtalet"}]},{"@type":"WebSite","@id":"https:\/\/www.almega.se\/#website","url":"https:\/\/www.almega.se\/","name":"Almega","description":"","potentialAction":[{"@type":"SearchAction","target":{"@type":"EntryPoint","urlTemplate":"https:\/\/www.almega.se\/?s={search_term_string}"},"query-input":{"@type":"PropertyValueSpecification","valueRequired":true,"valueName":"search_term_string"}}],"inLanguage":"sv-SE"},{"@type":"Person","@id":"https:\/\/www.almega.se\/#\/schema\/person\/50d695bb8f918c77bd2be177892f84b1","name":"Eva Pettersson","image":{"@type":"ImageObject","inLanguage":"sv-SE","@id":"https:\/\/www.almega.se\/#\/schema\/person\/image\/","url":"https:\/\/secure.gravatar.com\/avatar\/c4811d04bd37924073d3b0ce1984d0651f0f37902ffb665f3ca439bb5b3e306f?s=96&d=mm&r=g","contentUrl":"https:\/\/secure.gravatar.com\/avatar\/c4811d04bd37924073d3b0ce1984d0651f0f37902ffb665f3ca439bb5b3e306f?s=96&d=mm&r=g","caption":"Eva Pettersson"},"url":"https:\/\/www.almega.se\/person\/evapettersson\/"}]}},"_links":{"self":[{"href":"https:\/\/www.almega.se\/api\/wp\/v2\/posts\/87417","targetHints":{"allow":["GET"]}}],"collection":[{"href":"https:\/\/www.almega.se\/api\/wp\/v2\/posts"}],"about":[{"href":"https:\/\/www.almega.se\/api\/wp\/v2\/types\/post"}],"author":[{"embeddable":true,"href":"https:\/\/www.almega.se\/api\/wp\/v2\/users\/14836"}],"replies":[{"embeddable":true,"href":"https:\/\/www.almega.se\/api\/wp\/v2\/comments?post=87417"}],"version-history":[{"count":7,"href":"https:\/\/www.almega.se\/api\/wp\/v2\/posts\/87417\/revisions"}],"predecessor-version":[{"id":87424,"href":"https:\/\/www.almega.se\/api\/wp\/v2\/posts\/87417\/revisions\/87424"}],"wp:attachment":[{"href":"https:\/\/www.almega.se\/api\/wp\/v2\/media?parent=87417"}],"wp:term":[{"taxonomy":"category","embeddable":true,"href":"https:\/\/www.almega.se\/api\/wp\/v2\/categories?post=87417"},{"taxonomy":"post_tag","embeddable":true,"href":"https:\/\/www.almega.se\/api\/wp\/v2\/tags?post=87417"},{"taxonomy":"type","embeddable":true,"href":"https:\/\/www.almega.se\/api\/wp\/v2\/article_type?post=87417"},{"taxonomy":"agreement","embeddable":true,"href":"https:\/\/www.almega.se\/api\/wp\/v2\/agreement?post=87417"}],"curies":[{"name":"wp","href":"https:\/\/api.w.org\/{rel}","templated":true}]}}