{"id":87406,"date":"2026-04-28T11:25:40","date_gmt":"2026-04-28T09:25:40","guid":{"rendered":"https:\/\/www.almega.se\/?p=87406"},"modified":"2026-04-28T13:14:25","modified_gmt":"2026-04-28T11:14:25","slug":"ledig-dag-pa-grund-av-att-nationaldagen-i-ar-infaller-pa-en-lordag-bransch-tandvard","status":"publish","type":"post","link":"https:\/\/www.almega.se\/2026\/04\/ledig-dag-pa-grund-av-att-nationaldagen-i-ar-infaller-pa-en-lordag-bransch-tandvard\/","title":{"rendered":"Ledig dag p\u00e5 grund av att national\u00addagen i \u00e5r infaller p\u00e5 en l\u00f6rdag-bransch Tandv\u00e5rd"},"content":{"rendered":"<p class=\"intro\">\u00c5r 2026 infaller nationaldagen den 6 juni p\u00e5 en l\u00f6rdag.<\/p>\n<p class=\"intro\"><a href=\"https:\/\/medlem.arbetsgivarguiden.se\/kollektivavtal\/146\/dokument\/119#section-530693\">Enligt \u00a7 12 Mom 4<\/a> i kollektivavtalen som V\u00e5rdf\u00f6retagarna tecknar med Unionen respektive SRAT f\u00f6r bransch Tandv\u00e5rd har medarbetare r\u00e4tt till en dags permission (ledighet med l\u00f6n) under de \u00e5r som nationaldagen infaller p\u00e5 en l\u00f6rdag eller s\u00f6ndag.<\/p>\n\n<p>En f\u00f6ruts\u00e4ttning f\u00f6r r\u00e4tten till en dags permission \u00e4r att anst\u00e4llningen best\u00e5r den 6 juni.<\/p>\n\n\n\n<p>Arbetsgivare och medarbetare kommer \u00f6verens om n\u00e4r under \u00e5r 2026 som den lediga dagen ska f\u00f6rl\u00e4ggas. Arbetsgivare har en skyldighet att se till att den lediga dagen kan tas ut. Den lediga dagen kan inte sparas till annat \u00e5r utan f\u00f6rfaller om den inte tas ut under \u00e5r 2026.<\/p>\n\n\n\n<p>Om du har fr\u00e5gor kring ledighet p\u00e5 grund av nationaldagen eller andra fr\u00e5gor som r\u00f6r kollektivavtalen inom Tandv\u00e5rd \u00e4r du v\u00e4lkommen att kontakta dina&nbsp;<a href=\"https:\/\/medlem.arbetsgivarguiden.se\/kollektivavtal\/146#kontaktpersoner\">kontaktpersoner<\/a><\/p>\n\n\n\n<p><\/p>\n","protected":false},"excerpt":{"rendered":"<p>En f\u00f6ruts\u00e4ttning f\u00f6r r\u00e4tten till en dags permission \u00e4r att anst\u00e4llningen best\u00e5r den 6 juni. Arbetsgivare och medarbetare kommer \u00f6verens om n\u00e4r under \u00e5r 2026 som den lediga dagen ska f\u00f6rl\u00e4ggas. Arbetsgivare har en skyldighet &hellip;<\/p>\n","protected":false},"author":12657,"featured_media":0,"comment_status":"closed","ping_status":"closed","sticky":false,"template":"","format":"standard","meta":{"_acf_changed":false,"footnotes":""},"categories":[1],"tags":[],"article_type":[],"agreement":[137],"class_list":["post-87406","post","type-post","status-publish","format-standard","hentry","category-okategoriserade","agreement-bccd80f7-ff07-de11-b4e1-02bf9e69ca65"],"acf":[],"yoast_head":"<!-- This site is optimized with the Yoast SEO Premium plugin v26.8 (Yoast SEO v26.8) - https:\/\/yoast.com\/product\/yoast-seo-premium-wordpress\/ -->\n<title>Ledig dag p\u00e5 grund av att national\u00addagen i \u00e5r infaller p\u00e5 en l\u00f6rdag-bransch Tandv\u00e5rd | Almega<\/title>\n<meta name=\"robots\" content=\"index, follow, max-snippet:-1, max-image-preview:large, max-video-preview:-1\" \/>\n<link rel=\"canonical\" href=\"https:\/\/www.almega.se\/2026\/04\/ledig-dag-pa-grund-av-att-nationaldagen-i-ar-infaller-pa-en-lordag-bransch-tandvard\/\" \/>\n<meta property=\"og:locale\" content=\"sv_SE\" \/>\n<meta property=\"og:type\" content=\"article\" \/>\n<meta property=\"og:title\" content=\"Ledig dag p\u00e5 grund av att national\u00addagen i \u00e5r infaller p\u00e5 en l\u00f6rdag-bransch Tandv\u00e5rd\" \/>\n<meta property=\"og:description\" content=\"En f\u00f6ruts\u00e4ttning f\u00f6r r\u00e4tten till en dags permission \u00e4r att anst\u00e4llningen best\u00e5r den 6 juni. Arbetsgivare och medarbetare kommer \u00f6verens om n\u00e4r under \u00e5r 2026 som den lediga dagen ska f\u00f6rl\u00e4ggas. Arbetsgivare har en skyldighet &hellip;\" \/>\n<meta property=\"og:url\" content=\"https:\/\/www.almega.se\/2026\/04\/ledig-dag-pa-grund-av-att-nationaldagen-i-ar-infaller-pa-en-lordag-bransch-tandvard\/\" \/>\n<meta property=\"og:site_name\" content=\"Almega\" \/>\n<meta property=\"article:published_time\" content=\"2026-04-28T09:25:40+00:00\" \/>\n<meta property=\"article:modified_time\" content=\"2026-04-28T11:14:25+00:00\" \/>\n<meta property=\"og:image\" content=\"https:\/\/www.almega.se\/app\/uploads\/2020\/12\/almega-share-logo.png\" \/>\n\t<meta property=\"og:image:width\" content=\"1200\" \/>\n\t<meta property=\"og:image:height\" content=\"630\" \/>\n\t<meta property=\"og:image:type\" content=\"image\/png\" \/>\n<meta name=\"author\" content=\"Lina Nygren\" \/>\n<meta name=\"twitter:card\" content=\"summary_large_image\" \/>\n<meta name=\"twitter:label1\" content=\"Skriven av\" \/>\n\t<meta name=\"twitter:data1\" content=\"Lina Nygren\" \/>\n\t<meta name=\"twitter:label2\" content=\"Ber\u00e4knad l\u00e4stid\" \/>\n\t<meta name=\"twitter:data2\" content=\"1 minut\" \/>\n<!-- \/ Yoast SEO Premium plugin. -->","yoast_head_json":{"title":"Ledig dag p\u00e5 grund av att national\u00addagen i \u00e5r infaller p\u00e5 en l\u00f6rdag-bransch Tandv\u00e5rd | Almega","robots":{"index":"index","follow":"follow","max-snippet":"max-snippet:-1","max-image-preview":"max-image-preview:large","max-video-preview":"max-video-preview:-1"},"canonical":"https:\/\/www.almega.se\/2026\/04\/ledig-dag-pa-grund-av-att-nationaldagen-i-ar-infaller-pa-en-lordag-bransch-tandvard\/","og_locale":"sv_SE","og_type":"article","og_title":"Ledig dag p\u00e5 grund av att national\u00addagen i \u00e5r infaller p\u00e5 en l\u00f6rdag-bransch Tandv\u00e5rd","og_description":"En f\u00f6ruts\u00e4ttning f\u00f6r r\u00e4tten till en dags permission \u00e4r att anst\u00e4llningen best\u00e5r den 6 juni. Arbetsgivare och medarbetare kommer \u00f6verens om n\u00e4r under \u00e5r 2026 som den lediga dagen ska f\u00f6rl\u00e4ggas. Arbetsgivare har en skyldighet &hellip;","og_url":"https:\/\/www.almega.se\/2026\/04\/ledig-dag-pa-grund-av-att-nationaldagen-i-ar-infaller-pa-en-lordag-bransch-tandvard\/","og_site_name":"Almega","article_published_time":"2026-04-28T09:25:40+00:00","article_modified_time":"2026-04-28T11:14:25+00:00","og_image":[{"width":1200,"height":630,"url":"https:\/\/www.almega.se\/app\/uploads\/2020\/12\/almega-share-logo.png","type":"image\/png"}],"author":"Lina Nygren","twitter_card":"summary_large_image","twitter_misc":{"Skriven av":"Lina Nygren","Ber\u00e4knad l\u00e4stid":"1 minut"},"schema":{"@context":"https:\/\/schema.org","@graph":[{"@type":"NewsArticle","@id":"https:\/\/www.almega.se\/2026\/04\/ledig-dag-pa-grund-av-att-nationaldagen-i-ar-infaller-pa-en-lordag-bransch-tandvard\/#article","isPartOf":{"@id":"https:\/\/www.almega.se\/2026\/04\/ledig-dag-pa-grund-av-att-nationaldagen-i-ar-infaller-pa-en-lordag-bransch-tandvard\/"},"author":{"name":"Lina Nygren","@id":"https:\/\/www.almega.se\/#\/schema\/person\/93ac1e24322e67601eebc337e43243c4"},"headline":"Ledig dag p\u00e5 grund av att national\u00addagen i \u00e5r infaller p\u00e5 en l\u00f6rdag-bransch Tandv\u00e5rd","datePublished":"2026-04-28T09:25:40+00:00","dateModified":"2026-04-28T11:14:25+00:00","mainEntityOfPage":{"@id":"https:\/\/www.almega.se\/2026\/04\/ledig-dag-pa-grund-av-att-nationaldagen-i-ar-infaller-pa-en-lordag-bransch-tandvard\/"},"wordCount":119,"inLanguage":"sv-SE"},{"@type":"WebPage","@id":"https:\/\/www.almega.se\/2026\/04\/ledig-dag-pa-grund-av-att-nationaldagen-i-ar-infaller-pa-en-lordag-bransch-tandvard\/","url":"https:\/\/www.almega.se\/2026\/04\/ledig-dag-pa-grund-av-att-nationaldagen-i-ar-infaller-pa-en-lordag-bransch-tandvard\/","name":"Ledig dag p\u00e5 grund av att national\u00addagen i \u00e5r infaller p\u00e5 en l\u00f6rdag-bransch Tandv\u00e5rd | Almega","isPartOf":{"@id":"https:\/\/www.almega.se\/#website"},"datePublished":"2026-04-28T09:25:40+00:00","dateModified":"2026-04-28T11:14:25+00:00","author":{"@id":"https:\/\/www.almega.se\/#\/schema\/person\/93ac1e24322e67601eebc337e43243c4"},"breadcrumb":{"@id":"https:\/\/www.almega.se\/2026\/04\/ledig-dag-pa-grund-av-att-nationaldagen-i-ar-infaller-pa-en-lordag-bransch-tandvard\/#breadcrumb"},"inLanguage":"sv-SE","potentialAction":[{"@type":"ReadAction","target":["https:\/\/www.almega.se\/2026\/04\/ledig-dag-pa-grund-av-att-nationaldagen-i-ar-infaller-pa-en-lordag-bransch-tandvard\/"]}]},{"@type":"BreadcrumbList","@id":"https:\/\/www.almega.se\/2026\/04\/ledig-dag-pa-grund-av-att-nationaldagen-i-ar-infaller-pa-en-lordag-bransch-tandvard\/#breadcrumb","itemListElement":[{"@type":"ListItem","position":1,"name":"Home","item":"https:\/\/www.almega.se\/"},{"@type":"ListItem","position":2,"name":"Ledig dag p\u00e5 grund av att national\u00addagen i \u00e5r infaller p\u00e5 en l\u00f6rdag-bransch Tandv\u00e5rd"}]},{"@type":"WebSite","@id":"https:\/\/www.almega.se\/#website","url":"https:\/\/www.almega.se\/","name":"Almega","description":"","potentialAction":[{"@type":"SearchAction","target":{"@type":"EntryPoint","urlTemplate":"https:\/\/www.almega.se\/?s={search_term_string}"},"query-input":{"@type":"PropertyValueSpecification","valueRequired":true,"valueName":"search_term_string"}}],"inLanguage":"sv-SE"},{"@type":"Person","@id":"https:\/\/www.almega.se\/#\/schema\/person\/93ac1e24322e67601eebc337e43243c4","name":"Lina Nygren","image":{"@type":"ImageObject","inLanguage":"sv-SE","@id":"https:\/\/www.almega.se\/#\/schema\/person\/image\/","url":"https:\/\/secure.gravatar.com\/avatar\/ae05eb4cb92335f86d0817cd1bbeaccf05c7511bc23d8cff9d5ff7373dd01ea9?s=96&d=mm&r=g","contentUrl":"https:\/\/secure.gravatar.com\/avatar\/ae05eb4cb92335f86d0817cd1bbeaccf05c7511bc23d8cff9d5ff7373dd01ea9?s=96&d=mm&r=g","caption":"Lina Nygren"},"description":"Lina \u00e4r koordinator i region Syd.","url":"https:\/\/www.almega.se\/person\/linanygren\/"}]}},"_links":{"self":[{"href":"https:\/\/www.almega.se\/api\/wp\/v2\/posts\/87406","targetHints":{"allow":["GET"]}}],"collection":[{"href":"https:\/\/www.almega.se\/api\/wp\/v2\/posts"}],"about":[{"href":"https:\/\/www.almega.se\/api\/wp\/v2\/types\/post"}],"author":[{"embeddable":true,"href":"https:\/\/www.almega.se\/api\/wp\/v2\/users\/12657"}],"replies":[{"embeddable":true,"href":"https:\/\/www.almega.se\/api\/wp\/v2\/comments?post=87406"}],"version-history":[{"count":3,"href":"https:\/\/www.almega.se\/api\/wp\/v2\/posts\/87406\/revisions"}],"predecessor-version":[{"id":87409,"href":"https:\/\/www.almega.se\/api\/wp\/v2\/posts\/87406\/revisions\/87409"}],"wp:attachment":[{"href":"https:\/\/www.almega.se\/api\/wp\/v2\/media?parent=87406"}],"wp:term":[{"taxonomy":"category","embeddable":true,"href":"https:\/\/www.almega.se\/api\/wp\/v2\/categories?post=87406"},{"taxonomy":"post_tag","embeddable":true,"href":"https:\/\/www.almega.se\/api\/wp\/v2\/tags?post=87406"},{"taxonomy":"type","embeddable":true,"href":"https:\/\/www.almega.se\/api\/wp\/v2\/article_type?post=87406"},{"taxonomy":"agreement","embeddable":true,"href":"https:\/\/www.almega.se\/api\/wp\/v2\/agreement?post=87406"}],"curies":[{"name":"wp","href":"https:\/\/api.w.org\/{rel}","templated":true}]}}