{"id":87118,"date":"2026-04-16T15:37:36","date_gmt":"2026-04-16T13:37:36","guid":{"rendered":"https:\/\/www.almega.se\/?p=87118"},"modified":"2026-04-17T10:41:10","modified_gmt":"2026-04-17T08:41:10","slug":"forum-for-chefer-inom-tandvarden-2","status":"publish","type":"post","link":"https:\/\/www.almega.se\/2026\/04\/forum-for-chefer-inom-tandvarden-2\/","title":{"rendered":"Forum f\u00f6r chefer inom tandv\u00e5rden"},"content":{"rendered":"<p class=\"intro\"><strong>Innan Forum f\u00f6r chefer inom tandv\u00e5rden g\u00f6r ett sommaruppeh\u00e5ll har vi tv\u00e5 tillf\u00e4llen kvar d\u00e4r du som chef i ett tandv\u00e5rdsf\u00f6retag\/ klinik har m\u00f6jlighet att diskutera fr\u00e5gor kring personal och arbetsr\u00e4tt.<\/strong><\/p>\n<p class=\"intro\">&nbsp;<\/p>\n\n<p>M\u00e5nga tandv\u00e5rdsf\u00f6retag och kliniker \u00e4r sm\u00e5 enheter d\u00e4r chefer s\u00e4llan f\u00e5r m\u00f6jlighet att utbyta erfarenheter med andra i samma roll. Forumet skapar en plattform och ett n\u00e4tverk d\u00e4r du som chef kan diskutera personal- och arbetsr\u00e4ttsfr\u00e5gor tillsammans med kollegor i branschen och arbetsr\u00e4ttsexperter fr\u00e5n V\u00e5rdf\u00f6retagarna. Tr\u00e4ffarna \u00e4ger endast rum digitalt.<\/p>\n\n\n\n<p>Deltagandet \u00e4r kostnadsfritt och v\u00e4nder sig enbart till medlemmar i V\u00e5rdf\u00f6retagarna bransch Tandv\u00e5rd.<\/p>\n\n\n\n<p><a href=\"https:\/\/www.almega.se\/aktiviteter\/chefsforum-bransch-tandvard\/\">Anm\u00e4l dig h\u00e4r<\/a>. (Inloggning kr\u00e4vs)<\/p>\n\n\n\n<p>V\u00e4lkommen<\/p>\n\n\n\n<p><\/p>\n","protected":false},"excerpt":{"rendered":"<p>M\u00e5nga tandv\u00e5rdsf\u00f6retag och kliniker \u00e4r sm\u00e5 enheter d\u00e4r chefer s\u00e4llan f\u00e5r m\u00f6jlighet att utbyta erfarenheter med andra i samma roll. Forumet skapar en plattform och ett n\u00e4tverk d\u00e4r du som chef kan diskutera personal- och &hellip;<\/p>\n","protected":false},"author":12657,"featured_media":0,"comment_status":"closed","ping_status":"closed","sticky":false,"template":"","format":"standard","meta":{"_acf_changed":false,"footnotes":""},"categories":[1],"tags":[],"article_type":[],"agreement":[137],"class_list":["post-87118","post","type-post","status-publish","format-standard","hentry","category-okategoriserade","agreement-bccd80f7-ff07-de11-b4e1-02bf9e69ca65"],"acf":[],"yoast_head":"<!-- This site is optimized with the Yoast SEO Premium plugin v26.8 (Yoast SEO v26.8) - https:\/\/yoast.com\/product\/yoast-seo-premium-wordpress\/ -->\n<title>Forum f\u00f6r chefer inom tandv\u00e5rden | Almega<\/title>\n<meta name=\"robots\" content=\"index, follow, max-snippet:-1, max-image-preview:large, max-video-preview:-1\" \/>\n<link rel=\"canonical\" href=\"https:\/\/www.almega.se\/2026\/04\/forum-for-chefer-inom-tandvarden-2\/\" \/>\n<meta property=\"og:locale\" content=\"sv_SE\" \/>\n<meta property=\"og:type\" content=\"article\" \/>\n<meta property=\"og:title\" content=\"Forum f\u00f6r chefer inom tandv\u00e5rden\" \/>\n<meta property=\"og:description\" content=\"M\u00e5nga tandv\u00e5rdsf\u00f6retag och kliniker \u00e4r sm\u00e5 enheter d\u00e4r chefer s\u00e4llan f\u00e5r m\u00f6jlighet att utbyta erfarenheter med andra i samma roll. Forumet skapar en plattform och ett n\u00e4tverk d\u00e4r du som chef kan diskutera personal- och &hellip;\" \/>\n<meta property=\"og:url\" content=\"https:\/\/www.almega.se\/2026\/04\/forum-for-chefer-inom-tandvarden-2\/\" \/>\n<meta property=\"og:site_name\" content=\"Almega\" \/>\n<meta property=\"article:published_time\" content=\"2026-04-16T13:37:36+00:00\" \/>\n<meta property=\"article:modified_time\" content=\"2026-04-17T08:41:10+00:00\" \/>\n<meta property=\"og:image\" content=\"https:\/\/www.almega.se\/app\/uploads\/2020\/12\/almega-share-logo.png\" \/>\n\t<meta property=\"og:image:width\" content=\"1200\" \/>\n\t<meta property=\"og:image:height\" content=\"630\" \/>\n\t<meta property=\"og:image:type\" content=\"image\/png\" \/>\n<meta name=\"author\" content=\"Lina Nygren\" \/>\n<meta name=\"twitter:card\" content=\"summary_large_image\" \/>\n<meta name=\"twitter:label1\" content=\"Skriven av\" \/>\n\t<meta name=\"twitter:data1\" content=\"Lina Nygren\" \/>\n\t<meta name=\"twitter:label2\" content=\"Ber\u00e4knad l\u00e4stid\" \/>\n\t<meta name=\"twitter:data2\" content=\"1 minut\" \/>\n<!-- \/ Yoast SEO Premium plugin. -->","yoast_head_json":{"title":"Forum f\u00f6r chefer inom tandv\u00e5rden | Almega","robots":{"index":"index","follow":"follow","max-snippet":"max-snippet:-1","max-image-preview":"max-image-preview:large","max-video-preview":"max-video-preview:-1"},"canonical":"https:\/\/www.almega.se\/2026\/04\/forum-for-chefer-inom-tandvarden-2\/","og_locale":"sv_SE","og_type":"article","og_title":"Forum f\u00f6r chefer inom tandv\u00e5rden","og_description":"M\u00e5nga tandv\u00e5rdsf\u00f6retag och kliniker \u00e4r sm\u00e5 enheter d\u00e4r chefer s\u00e4llan f\u00e5r m\u00f6jlighet att utbyta erfarenheter med andra i samma roll. Forumet skapar en plattform och ett n\u00e4tverk d\u00e4r du som chef kan diskutera personal- och &hellip;","og_url":"https:\/\/www.almega.se\/2026\/04\/forum-for-chefer-inom-tandvarden-2\/","og_site_name":"Almega","article_published_time":"2026-04-16T13:37:36+00:00","article_modified_time":"2026-04-17T08:41:10+00:00","og_image":[{"width":1200,"height":630,"url":"https:\/\/www.almega.se\/app\/uploads\/2020\/12\/almega-share-logo.png","type":"image\/png"}],"author":"Lina Nygren","twitter_card":"summary_large_image","twitter_misc":{"Skriven av":"Lina Nygren","Ber\u00e4knad l\u00e4stid":"1 minut"},"schema":{"@context":"https:\/\/schema.org","@graph":[{"@type":"NewsArticle","@id":"https:\/\/www.almega.se\/2026\/04\/forum-for-chefer-inom-tandvarden-2\/#article","isPartOf":{"@id":"https:\/\/www.almega.se\/2026\/04\/forum-for-chefer-inom-tandvarden-2\/"},"author":{"name":"Lina Nygren","@id":"https:\/\/www.almega.se\/#\/schema\/person\/93ac1e24322e67601eebc337e43243c4"},"headline":"Forum f\u00f6r chefer inom tandv\u00e5rden","datePublished":"2026-04-16T13:37:36+00:00","dateModified":"2026-04-17T08:41:10+00:00","mainEntityOfPage":{"@id":"https:\/\/www.almega.se\/2026\/04\/forum-for-chefer-inom-tandvarden-2\/"},"wordCount":100,"inLanguage":"sv-SE"},{"@type":"WebPage","@id":"https:\/\/www.almega.se\/2026\/04\/forum-for-chefer-inom-tandvarden-2\/","url":"https:\/\/www.almega.se\/2026\/04\/forum-for-chefer-inom-tandvarden-2\/","name":"Forum f\u00f6r chefer inom tandv\u00e5rden | Almega","isPartOf":{"@id":"https:\/\/www.almega.se\/#website"},"datePublished":"2026-04-16T13:37:36+00:00","dateModified":"2026-04-17T08:41:10+00:00","author":{"@id":"https:\/\/www.almega.se\/#\/schema\/person\/93ac1e24322e67601eebc337e43243c4"},"breadcrumb":{"@id":"https:\/\/www.almega.se\/2026\/04\/forum-for-chefer-inom-tandvarden-2\/#breadcrumb"},"inLanguage":"sv-SE","potentialAction":[{"@type":"ReadAction","target":["https:\/\/www.almega.se\/2026\/04\/forum-for-chefer-inom-tandvarden-2\/"]}]},{"@type":"BreadcrumbList","@id":"https:\/\/www.almega.se\/2026\/04\/forum-for-chefer-inom-tandvarden-2\/#breadcrumb","itemListElement":[{"@type":"ListItem","position":1,"name":"Home","item":"https:\/\/www.almega.se\/"},{"@type":"ListItem","position":2,"name":"Forum f\u00f6r chefer inom tandv\u00e5rden"}]},{"@type":"WebSite","@id":"https:\/\/www.almega.se\/#website","url":"https:\/\/www.almega.se\/","name":"Almega","description":"","potentialAction":[{"@type":"SearchAction","target":{"@type":"EntryPoint","urlTemplate":"https:\/\/www.almega.se\/?s={search_term_string}"},"query-input":{"@type":"PropertyValueSpecification","valueRequired":true,"valueName":"search_term_string"}}],"inLanguage":"sv-SE"},{"@type":"Person","@id":"https:\/\/www.almega.se\/#\/schema\/person\/93ac1e24322e67601eebc337e43243c4","name":"Lina Nygren","image":{"@type":"ImageObject","inLanguage":"sv-SE","@id":"https:\/\/www.almega.se\/#\/schema\/person\/image\/","url":"https:\/\/secure.gravatar.com\/avatar\/ae05eb4cb92335f86d0817cd1bbeaccf05c7511bc23d8cff9d5ff7373dd01ea9?s=96&d=mm&r=g","contentUrl":"https:\/\/secure.gravatar.com\/avatar\/ae05eb4cb92335f86d0817cd1bbeaccf05c7511bc23d8cff9d5ff7373dd01ea9?s=96&d=mm&r=g","caption":"Lina Nygren"},"description":"Lina \u00e4r koordinator i region Syd.","url":"https:\/\/www.almega.se\/person\/linanygren\/"}]}},"_links":{"self":[{"href":"https:\/\/www.almega.se\/api\/wp\/v2\/posts\/87118","targetHints":{"allow":["GET"]}}],"collection":[{"href":"https:\/\/www.almega.se\/api\/wp\/v2\/posts"}],"about":[{"href":"https:\/\/www.almega.se\/api\/wp\/v2\/types\/post"}],"author":[{"embeddable":true,"href":"https:\/\/www.almega.se\/api\/wp\/v2\/users\/12657"}],"replies":[{"embeddable":true,"href":"https:\/\/www.almega.se\/api\/wp\/v2\/comments?post=87118"}],"version-history":[{"count":4,"href":"https:\/\/www.almega.se\/api\/wp\/v2\/posts\/87118\/revisions"}],"predecessor-version":[{"id":87129,"href":"https:\/\/www.almega.se\/api\/wp\/v2\/posts\/87118\/revisions\/87129"}],"wp:attachment":[{"href":"https:\/\/www.almega.se\/api\/wp\/v2\/media?parent=87118"}],"wp:term":[{"taxonomy":"category","embeddable":true,"href":"https:\/\/www.almega.se\/api\/wp\/v2\/categories?post=87118"},{"taxonomy":"post_tag","embeddable":true,"href":"https:\/\/www.almega.se\/api\/wp\/v2\/tags?post=87118"},{"taxonomy":"type","embeddable":true,"href":"https:\/\/www.almega.se\/api\/wp\/v2\/article_type?post=87118"},{"taxonomy":"agreement","embeddable":true,"href":"https:\/\/www.almega.se\/api\/wp\/v2\/agreement?post=87118"}],"curies":[{"name":"wp","href":"https:\/\/api.w.org\/{rel}","templated":true}]}}