{"id":86418,"date":"2026-03-19T06:00:00","date_gmt":"2026-03-19T05:00:00","guid":{"rendered":"https:\/\/www.almega.se\/?p=86418"},"modified":"2026-03-18T16:09:35","modified_gmt":"2026-03-18T15:09:35","slug":"almegas-tjansteindikator-for-forsta-kvartalet-2026","status":"publish","type":"post","link":"https:\/\/www.almega.se\/2026\/03\/almegas-tjansteindikator-for-forsta-kvartalet-2026\/","title":{"rendered":"Almegas tj\u00e4nsteindikator f\u00f6r f\u00f6rsta kvartalet 2026"},"content":{"rendered":"<p class=\"intro\">Fler jobb och l\u00e4gre arbetsl\u00f6shet. <\/p>\n<a class='Share__link Share__link--url copy-text' href='#' rel='nofollow' data-text='ladda-ner-rapporten' title='Dela url' data-confirmation='L\u00e4nken kopierades till urklipp'><svg class='icon icon--link'  width='18' height='18' viewBox='0 0 18 18' fill='none' xmlns='http:\/\/www.w3.org\/2000\/svg'>\n            <path d='M10.4142 0.514721L6.87868 4.05025L8.29289 5.46447L11.1213 2.63604L15.364 6.87868L12.5355 9.70711L13.9497 11.1213L17.4853 7.58579C17.8763 7.19476 17.8763 6.5626 17.4853 6.17158L11.8284 0.514721C11.4374 0.123691 10.8052 0.123691 10.4142 0.514721Z' fill='black'\/>\n            <path d='M9.7071 12.5355L6.87868 15.364L2.63604 11.1213L5.46446 8.2929L4.05025 6.87868L0.514716 10.4142C0.123686 10.8052 0.123686 11.4374 0.514716 11.8284L6.17157 17.4853C6.5626 17.8763 7.19475 17.8763 7.58578 17.4853L11.1213 13.9497L9.7071 12.5355Z' fill='black'\/>\n            <path d='M6.17157 11.8284C6.5626 12.2195 7.19475 12.2195 7.58578 11.8284L11.8284 7.58579C12.2195 7.19476 12.2195 6.56261 11.8284 6.17158C11.4374 5.78055 10.8052 5.78055 10.4142 6.17158L6.17157 10.4142C5.78054 10.8052 5.78054 11.4374 6.17157 11.8284Z' fill='black'\/>\n            <\/svg> <\/a>\n<h2 class=\"wp-block-heading\" id=\"h-ladda-ner-rapporten\">Ladda ner rapporten<\/h2>\n\n\n\n<p>Rapporten finns i sin helhet p\u00e5 denna sida men kan ocks\u00e5 h\u00e4mtas som pdf-fil.<\/p>\n\n\n\n      <a href=\"https:\/\/www.almega.se\/app\/uploads\/2026\/03\/Tjansteindikatorn-Kvartal-Ett-2026.pdf\" target=\"_blank\" class=\"Button is-button is-style-fill has-black-background-color has-black-border-color has-white-color Button--arrow-tip\">\n      \n        Ladda ner rapporten h\u00e4r. \n      \n      \n                \n                <svg class='icon icon--arrow-tip'  width=\"11\" height=\"16\" viewBox=\"0 0 11 16\" fill=\"none\" xmlns=\"http:\/\/www.w3.org\/2000\/svg\">\n<path d=\"M0.858398 15L9.2304 7.99664L0.967732 1.00001\" stroke=\"black\" stroke-width=\"2\" stroke-miterlimit=\"10\"\/>\n<\/svg>\n\n        \n    <\/a>\n  \n\n\n<a class='Share__link Share__link--url copy-text' href='#' rel='nofollow' data-text='fler-jobb---lagre-arbetsloshet' title='Dela url' data-confirmation='L\u00e4nken kopierades till urklipp'><svg class='icon icon--link'  width='18' height='18' viewBox='0 0 18 18' fill='none' xmlns='http:\/\/www.w3.org\/2000\/svg'>\n            <path d='M10.4142 0.514721L6.87868 4.05025L8.29289 5.46447L11.1213 2.63604L15.364 6.87868L12.5355 9.70711L13.9497 11.1213L17.4853 7.58579C17.8763 7.19476 17.8763 6.5626 17.4853 6.17158L11.8284 0.514721C11.4374 0.123691 10.8052 0.123691 10.4142 0.514721Z' fill='black'\/>\n            <path d='M9.7071 12.5355L6.87868 15.364L2.63604 11.1213L5.46446 8.2929L4.05025 6.87868L0.514716 10.4142C0.123686 10.8052 0.123686 11.4374 0.514716 11.8284L6.17157 17.4853C6.5626 17.8763 7.19475 17.8763 7.58578 17.4853L11.1213 13.9497L9.7071 12.5355Z' fill='black'\/>\n            <path d='M6.17157 11.8284C6.5626 12.2195 7.19475 12.2195 7.58578 11.8284L11.8284 7.58579C12.2195 7.19476 12.2195 6.56261 11.8284 6.17158C11.4374 5.78055 10.8052 5.78055 10.4142 6.17158L6.17157 10.4142C5.78054 10.8052 5.78054 11.4374 6.17157 11.8284Z' fill='black'\/>\n            <\/svg> <\/a>\n<h2 class=\"wp-block-heading\" id=\"h-fler-jobb-lagre-arbetsloshet\">Fler jobb &#8211; l\u00e4gre arbetsl\u00f6shet<\/h2>\n\n\n\n<p>Almegas tj\u00e4nsteindikator \u00e4r en kvartalsbaserad konjunkturindikator som belyser utvecklingen i den privata tj\u00e4nstesektorn. Den ligger tv\u00e5 m\u00e5nader f\u00f6re SCB:s publicering av den faktiska tj\u00e4nsteproduktionen och \u00e4r en aktuell spegel av konjunkturl\u00e4get i den privata tj\u00e4nstesektorn som svarar f\u00f6r 52 procent av Sveriges BNP och 48 procent av syssels\u00e4ttningen. Almega har publicerat tj\u00e4nsteindikatorn varje kvartal sedan 2001.<\/p>\n\n\n\n<p>Denna upplaga av tj\u00e4nsteindikatorn har arbetats fram p\u00e5 Almega av <strong>Patrick Joyce<\/strong> och <strong>Staffan Johansson<\/strong>. Insamlingen av data avslutades den 16 mars 2026.<\/p>\n\n\n\n<p> F\u00f6r ytterligare upplysningar om det ekonomiska l\u00e4get i den privata tj\u00e4nstesektorn kontakta:<\/p>\n\n\n\n      \n      \n    \n    \n              \n          \n          \n      <h2 class=\"Contact-card__title\">Patrick Joyce<\/h2>\n      <p class=\"mb-0\">Chefekonom<\/p>\n      \n              <p class=\"mb-2\">Stockholm<\/p>\n                    <p>\n                      <a href=\"tel:+46 8 762 6967\">+46 8 762 6967<\/a>\n                                <a href=\"tel:+46 76 018 70 34\">+46 76 018 70 34<\/a>\n                                <a href=\"mailto:patrick.joyce@almega.se\">E-post<\/a>\n                  <\/p>\n            <a href=\"https:\/\/www.almega.se\/person\/patrickjoyce\/\" class=\"Contact-card__link\">\n        \n          <p class=\"Contact-card__arrow__text\">L\u00e4s mer<\/p>\n          \n          <svg class='icon icon--arrow-tip'  width=\"11\" height=\"16\" viewBox=\"0 0 11 16\" fill=\"none\" xmlns=\"http:\/\/www.w3.org\/2000\/svg\">\n<path d=\"M0.858398 15L9.2304 7.99664L0.967732 1.00001\" stroke=\"black\" stroke-width=\"2\" stroke-miterlimit=\"10\"\/>\n<\/svg>\n\n          \n      <\/a>\n\n      \n    \n  \n        \n              \n          \n          \n      <h2 class=\"Contact-card__title\">Staffan Johansson<\/h2>\n      <p class=\"mb-0\">Statistikexpert<\/p>\n      \n              <p class=\"mb-2\">Stockholm<\/p>\n                    <p>\n                      <a href=\"tel:+46 8 762 70 44\">+46 8 762 70 44<\/a>\n                                <a href=\"tel:+46 70 799 12 26\">+46 70 799 12 26<\/a>\n                                <a href=\"mailto:staffan.johansson@almega.se\">E-post<\/a>\n                  <\/p>\n            <a href=\"https:\/\/www.almega.se\/person\/staffanjohansson\/\" class=\"Contact-card__link\">\n        \n          <p class=\"Contact-card__arrow__text\">L\u00e4s mer<\/p>\n          \n          <svg class='icon icon--arrow-tip'  width=\"11\" height=\"16\" viewBox=\"0 0 11 16\" fill=\"none\" xmlns=\"http:\/\/www.w3.org\/2000\/svg\">\n<path d=\"M0.858398 15L9.2304 7.99664L0.967732 1.00001\" stroke=\"black\" stroke-width=\"2\" stroke-miterlimit=\"10\"\/>\n<\/svg>\n\n          \n      <\/a>\n\n      \n    \n  \n        \n          \n    \n\n\n<a class='Share__link Share__link--url copy-text' href='#' rel='nofollow' data-text='1.-sammanfattning' title='Dela url' data-confirmation='L\u00e4nken kopierades till urklipp'><svg class='icon icon--link'  width='18' height='18' viewBox='0 0 18 18' fill='none' xmlns='http:\/\/www.w3.org\/2000\/svg'>\n            <path d='M10.4142 0.514721L6.87868 4.05025L8.29289 5.46447L11.1213 2.63604L15.364 6.87868L12.5355 9.70711L13.9497 11.1213L17.4853 7.58579C17.8763 7.19476 17.8763 6.5626 17.4853 6.17158L11.8284 0.514721C11.4374 0.123691 10.8052 0.123691 10.4142 0.514721Z' fill='black'\/>\n            <path d='M9.7071 12.5355L6.87868 15.364L2.63604 11.1213L5.46446 8.2929L4.05025 6.87868L0.514716 10.4142C0.123686 10.8052 0.123686 11.4374 0.514716 11.8284L6.17157 17.4853C6.5626 17.8763 7.19475 17.8763 7.58578 17.4853L11.1213 13.9497L9.7071 12.5355Z' fill='black'\/>\n            <path d='M6.17157 11.8284C6.5626 12.2195 7.19475 12.2195 7.58578 11.8284L11.8284 7.58579C12.2195 7.19476 12.2195 6.56261 11.8284 6.17158C11.4374 5.78055 10.8052 5.78055 10.4142 6.17158L6.17157 10.4142C5.78054 10.8052 5.78054 11.4374 6.17157 11.8284Z' fill='black'\/>\n            <\/svg> <\/a>\n<h2 class=\"wp-block-heading\" id=\"h-1-sammanfattning\">1. <strong>Sammanfattning<\/strong><\/h2>\n\n\n\n<h3 class=\"wp-block-heading\" id=\"h-starkare-tillvaxt-i-tjanstesektorn\"><em><em><em>Starkare tillv\u00e4xt i tj\u00e4nstesektorn<\/em><\/em><\/em><\/h3>\n\n\n\n<p>Tillv\u00e4xten i tj\u00e4nstesektorn f\u00f6rst\u00e4rks.&nbsp; Det fj\u00e4rde kvartalet var produk\u00adtio\u00adnen i den privata tj\u00e4nstesektorn 3,3 procent h\u00f6gre \u00e4n samma kvartal f\u00f6rra \u00e5ret. Tillv\u00e4xten drivs av en \u00f6kad konsumtion bland hush\u00e5llen och god efterfr\u00e5gan p\u00e5 vissa f\u00f6retags\u00adtj\u00e4nster. Exporten av tj\u00e4nster forts\u00e4tter att \u00f6ka men l\u00e5ngsammare \u00e4n tidigare p\u00e5 grund av f\u00f6rst\u00e4rkningen av kronan.<\/p>\n\n\n\n<p>Informations- och kommunikationssektorn forts\u00e4tter att v\u00e4xa starkt. Det fj\u00e4rde kvartalet var produktionen 7,8 procent h\u00f6gre \u00e4n ett \u00e5r tidigare. Det senaste \u00e5ret har utvecklingen varit starkast bland datakonsulter och programvaruutvecklare.<\/p>\n\n\n\n<p>L\u00e4get b\u00f6rjar f\u00f6rb\u00e4ttras f\u00f6r de viktiga konsulttj\u00e4nsterna inom juridik, ekonomi, vetenskap och teknik. Det fj\u00e4rde kvartalet var produktionen inom sektorn 2,9 procent h\u00f6gre \u00e4n f\u00f6r ett \u00e5r sedan.<\/p>\n\n\n\n<p>\u00c5terh\u00e4mtningen g\u00e5r l\u00e5ngsammare f\u00f6r andra f\u00f6retagstj\u00e4nster som personal\u00aduthyr\u00adning, fastighetstj\u00e4nster, resetj\u00e4nster och andra kontorstj\u00e4nster. Det fj\u00e4rde kvartalet var produktionen inom sektorn 1,7 procent l\u00e4gre \u00e4n ett \u00e5r tidigare. Efterfr\u00e5gan inom personaluthyrning \u00e4r fortfarande l\u00e4gre \u00e4n normalt men b\u00f6rjar \u00e5terh\u00e4mta sig efter tv\u00e5 mycket svaga \u00e5r. En viktig orsak \u00e4r att uthyrningen av personal till industrin har \u00f6kat kraftigt. &nbsp;<\/p>\n\n\n\n<h3 class=\"wp-block-heading\" id=\"h-jobbtillvaxten-fortsatter\"><em><em><em><em>Jobbtillv\u00e4xten forts\u00e4tter<\/em><\/em><\/em><\/em><\/h3>\n\n\n\n<p>Jobben \u00f6kar stadigt i tj\u00e4nstesektorn. P\u00e5 ett \u00e5r har antalet anst\u00e4llda i den privata tj\u00e4nstesektorn \u00f6kat med 21 300 personer. Hela netto\u00f6kningen av jobb i n\u00e4ringslivet beror p\u00e5 nya jobb i den privata tj\u00e4nstesektorn. Almegas arbetsmarknads\u00adindikator f\u00f6rutsp\u00e5r att jobben i tj\u00e4nstesektorn forts\u00e4tter att \u00f6ka \u00e4ven n\u00e4sta kvartal.<\/p>\n\n\n\n<p>Flest nya jobb skapas inom uthyrning, fastighetsservice, resetj\u00e4nster. D\u00e4r har antalet anst\u00e4llda \u00f6kat med 7 400 personer det senaste \u00e5ret. Av dessa nya jobb skapades 4&nbsp;000 inom personaluthyrning och 1&nbsp;600 inom s\u00e4kerhetstj\u00e4nster.<\/p>\n\n\n\n<p>Inom information och kommunikation forts\u00e4tter dock antalet anst\u00e4llda att minska, trots en god tillv\u00e4xt i produktionen. Det senaste \u00e5ret har antalet anst\u00e4llda minskat med 4&nbsp;100 personer.<\/p>\n\n\n\n<p>Minskningen av antalet jobb inom information och kommunikation beror sannolikt p\u00e5 strukturella f\u00f6r\u00e4ndringar. Produktionen inom sektorn har vuxit med 16 procent p\u00e5 tv\u00e5 \u00e5r men antalet anst\u00e4llda har minskat med fem procent.&nbsp; Flest jobb har f\u00f6rsvunnit inom f\u00f6rlagsbranschen men \u00e4ven inom datakonsulter och programvaru\u00adutveckling har antalet anst\u00e4llda minskat trots \u00f6kad produktion. En fortsatt digitalisering och en \u00f6kad anv\u00e4ndning av AI \u00e4r troligen viktiga f\u00f6rklaringar. \u00d6ver 90 procent av f\u00f6retagen inom information och kommunikation anv\u00e4nder AI-verktyg idag.<\/p>\n\n\n\n<h3 class=\"wp-block-heading\" id=\"h-stabil-lag-prisokning-pa-tjanster\"><em><em><em><em><em>Stabil l\u00e5g pris\u00f6kning p\u00e5 tj\u00e4nster<\/em><\/em><\/em><\/em><\/em><\/h3>\n\n\n\n<p>Priserna p\u00e5 tj\u00e4nster \u00f6kar l\u00e5ngsamt. Tj\u00e4nste\u00adf\u00f6retagens f\u00f6rs\u00e4ljningspriser till b\u00e5de f\u00f6retag och konsumenter \u00f6kade det fj\u00e4rde kvartalet med 1,4 procent i \u00e5rstakt och med 0,3 procent j\u00e4mf\u00f6rt med kvartalet innan. Pris\u00f6kningstakten h\u00e5lls nere av fallande priser p\u00e5 informations- och kommunikationstj\u00e4nster. Almegas prisindikator f\u00f6rutsp\u00e5r att priserna p\u00e5 tj\u00e4nster kommer \u00f6ka l\u00e5ngsammare n\u00e4sta kvartal.<\/p>\n\n\n<a class='Share__link Share__link--url copy-text' href='#' rel='nofollow' data-text='2.-tjanstesektorn-fortsatter-upp' title='Dela url' data-confirmation='L\u00e4nken kopierades till urklipp'><svg class='icon icon--link'  width='18' height='18' viewBox='0 0 18 18' fill='none' xmlns='http:\/\/www.w3.org\/2000\/svg'>\n            <path d='M10.4142 0.514721L6.87868 4.05025L8.29289 5.46447L11.1213 2.63604L15.364 6.87868L12.5355 9.70711L13.9497 11.1213L17.4853 7.58579C17.8763 7.19476 17.8763 6.5626 17.4853 6.17158L11.8284 0.514721C11.4374 0.123691 10.8052 0.123691 10.4142 0.514721Z' fill='black'\/>\n            <path d='M9.7071 12.5355L6.87868 15.364L2.63604 11.1213L5.46446 8.2929L4.05025 6.87868L0.514716 10.4142C0.123686 10.8052 0.123686 11.4374 0.514716 11.8284L6.17157 17.4853C6.5626 17.8763 7.19475 17.8763 7.58578 17.4853L11.1213 13.9497L9.7071 12.5355Z' fill='black'\/>\n            <path d='M6.17157 11.8284C6.5626 12.2195 7.19475 12.2195 7.58578 11.8284L11.8284 7.58579C12.2195 7.19476 12.2195 6.56261 11.8284 6.17158C11.4374 5.78055 10.8052 5.78055 10.4142 6.17158L6.17157 10.4142C5.78054 10.8052 5.78054 11.4374 6.17157 11.8284Z' fill='black'\/>\n            <\/svg> <\/a>\n<h2 class=\"wp-block-heading\" id=\"h-2-tjanstesektorn-fortsatter-upp\">2. <a>Tj\u00e4nstesektorn forts\u00e4tter upp<\/a><\/h2>\n\n\n\n<h3 class=\"wp-block-heading\" id=\"h-2-1-tjansteproduktionen-upp-3-3-procent\">2.1 <a>Tj\u00e4nsteproduktionen upp 3,3 procent<\/a><\/h3>\n\n\n\n<p>Svensk ekonomi forts\u00e4tter att \u00e5terh\u00e4mta sig. Det fj\u00e4rde kvartalet \u00f6kade BNP med 2,1 procent i \u00e5rstakt och med 0,5 procent s\u00e4songsrensat j\u00e4mf\u00f6rt med kvartalet innan. Uppg\u00e5ngen drivs fr\u00e4mst av h\u00f6gre statlig konsumtion och \u00f6kade f\u00f6retags\u00adinveste\u00adrin\u00adgar i maskiner och inventarier.<sup>1 <\/sup> Den prelimin\u00e4ra BNP-indikatorn f\u00f6r januari visade dock en svagare utveckling.<sup> <\/sup><\/p>\n\n\n\n<p><mark class=\"has-inline-color has-primary-color\"><strong>Diagram 1: <\/strong><\/mark><strong><strong><strong><strong><strong><strong>Almegas tj\u00e4nsteindikator f\u00f6r kommande produktionstillv\u00e4xt i privat tj\u00e4nstesektor<\/strong><\/strong><\/strong><\/strong><\/strong><\/strong><\/p>\n\n\n\n<p>Kvartal ett 2010 till kvartal ett 2026<\/p>\n\n\n\n<figure class=\"wp-block-image size-full\"><img loading=\"lazy\" decoding=\"async\" width=\"1228\" height=\"710\" src=\"https:\/\/www.almega.se\/app\/uploads\/2026\/03\/Skarmavbild-2026-03-18-kl.-2.14.55-em.png\" alt=\"\" class=\"wp-image-86423\" srcset=\"https:\/\/www.almega.se\/app\/uploads\/2026\/03\/Skarmavbild-2026-03-18-kl.-2.14.55-em.png 1228w, https:\/\/www.almega.se\/app\/uploads\/2026\/03\/Skarmavbild-2026-03-18-kl.-2.14.55-em-580x335.png 580w, https:\/\/www.almega.se\/app\/uploads\/2026\/03\/Skarmavbild-2026-03-18-kl.-2.14.55-em-1180x682.png 1180w, https:\/\/www.almega.se\/app\/uploads\/2026\/03\/Skarmavbild-2026-03-18-kl.-2.14.55-em-380x220.png 380w, https:\/\/www.almega.se\/app\/uploads\/2026\/03\/Skarmavbild-2026-03-18-kl.-2.14.55-em-768x444.png 768w\" sizes=\"auto, (max-width: 1228px) 100vw, 1228px\" \/><figcaption class=\"wp-element-caption\"><br><strong>K\u00e4lla:<\/strong> Almega, Konjunktur\u00adinstitutet, SCB, Macro\u00adbond.<br><strong>Anm:<\/strong> Orange linje visar indikator f\u00f6r kommande produktionstillv\u00e4xt. Bl\u00e5 linje visar \u00e5rlig produktionstillv\u00e4xt i privat tj\u00e4nstesektor.<\/figcaption><\/figure>\n\n\n\n<p>Uppg\u00e5ngen i tj\u00e4nstesektorn \u00e4r \u00e4nnu kraftigare.&nbsp; Det fj\u00e4rde kvartalet var produk\u00adtio\u00adnen i den privata tj\u00e4nstesektorn 3,3 procent h\u00f6gre \u00e4n samma kvartal f\u00f6rra \u00e5ret.<sup>2<\/sup>  Uppg\u00e5ngen drivs av en \u00f6kande hush\u00e5llskonsumtion och en god efterfr\u00e5gan p\u00e5 vissa f\u00f6retagstj\u00e4nster. Exporten av tj\u00e4nster forts\u00e4tter att \u00f6ka men l\u00e5ngsammare \u00e4n tidigare p\u00e5 grund av f\u00f6rst\u00e4rkningen av kronan.<sup>3<\/sup> Det fj\u00e4rde kvartalet var tj\u00e4nsteexporten 0,8 procent h\u00f6gre i l\u00f6pande priser \u00e4n ett \u00e5r tidigare. I fasta priser \u00f6kade dock tj\u00e4nsteexporten mer eftersom exportpriserna fallit under \u00e5ret.<sup>4<\/sup><\/p>\n\n\n\n<p><strong><mark class=\"has-inline-color has-primary-color\">Diagram 2:<\/mark> <strong><strong><strong><strong><strong>Diagram 2: Produktion inom privat tj\u00e4nstesektor och industri, jan 2021 till jan 2026<\/strong><\/strong><\/strong><\/strong><\/strong><\/strong><\/p>\n\n\n\n<p>Trend 2021=100<\/p>\n\n\n\n<figure class=\"wp-block-image size-full\"><img loading=\"lazy\" decoding=\"async\" width=\"1204\" height=\"576\" src=\"https:\/\/www.almega.se\/app\/uploads\/2026\/03\/Skarmavbild-2026-03-18-kl.-2.15.31-em.png\" alt=\"\" class=\"wp-image-86424\" srcset=\"https:\/\/www.almega.se\/app\/uploads\/2026\/03\/Skarmavbild-2026-03-18-kl.-2.15.31-em.png 1204w, https:\/\/www.almega.se\/app\/uploads\/2026\/03\/Skarmavbild-2026-03-18-kl.-2.15.31-em-580x277.png 580w, https:\/\/www.almega.se\/app\/uploads\/2026\/03\/Skarmavbild-2026-03-18-kl.-2.15.31-em-1180x565.png 1180w, https:\/\/www.almega.se\/app\/uploads\/2026\/03\/Skarmavbild-2026-03-18-kl.-2.15.31-em-380x182.png 380w, https:\/\/www.almega.se\/app\/uploads\/2026\/03\/Skarmavbild-2026-03-18-kl.-2.15.31-em-768x367.png 768w\" sizes=\"auto, (max-width: 1204px) 100vw, 1204px\" \/><\/figure>\n\n\n\n<p>Bostadsbyggandet \u00f6kar men i l\u00e5ngsam takt trots l\u00e5ga r\u00e4ntor och trots att hush\u00e5llens k\u00f6pkraft har f\u00f6rst\u00e4rkts tv\u00e5 \u00e5r i rad.<\/p>\n\n\n\n<p><mark class=\"has-inline-color has-primary-color\"><strong>Diagram 3:<\/strong><\/mark><strong> <strong><strong><strong><strong><strong>Ink\u00f6pschefsindex f\u00f6r privata tj\u00e4nster och industri, jan 2023 till feb 2026<\/strong><\/strong><\/strong><\/strong><\/strong><\/strong><\/p>\n\n\n\n<p>S\u00e4songsrensat<\/p>\n\n\n\n<figure class=\"wp-block-image size-full\"><img loading=\"lazy\" decoding=\"async\" width=\"1204\" height=\"680\" src=\"https:\/\/www.almega.se\/app\/uploads\/2026\/03\/Skarmavbild-2026-03-18-kl.-2.15.51-em.png\" alt=\"\" class=\"wp-image-86425\" srcset=\"https:\/\/www.almega.se\/app\/uploads\/2026\/03\/Skarmavbild-2026-03-18-kl.-2.15.51-em.png 1204w, https:\/\/www.almega.se\/app\/uploads\/2026\/03\/Skarmavbild-2026-03-18-kl.-2.15.51-em-580x328.png 580w, https:\/\/www.almega.se\/app\/uploads\/2026\/03\/Skarmavbild-2026-03-18-kl.-2.15.51-em-1180x666.png 1180w, https:\/\/www.almega.se\/app\/uploads\/2026\/03\/Skarmavbild-2026-03-18-kl.-2.15.51-em-380x215.png 380w, https:\/\/www.almega.se\/app\/uploads\/2026\/03\/Skarmavbild-2026-03-18-kl.-2.15.51-em-768x434.png 768w\" sizes=\"auto, (max-width: 1204px) 100vw, 1204px\" \/><figcaption class=\"wp-element-caption\"><strong>K\u00e4lla<\/strong>: Swedbank och Silf<\/figcaption><\/figure>\n\n\n\n<p>Tj\u00e4nstef\u00f6retagens framtidsf\u00f6rv\u00e4ntningar har varit positiva sedan 2025 men i februari skedde en m\u00e4rkbar f\u00f6rs\u00e4mring p\u00e5 grund av minskad produktion och ordering\u00e5ng (se diagram 3). Det \u00e5terst\u00e5r att se om detta \u00e4r tillf\u00e4llig nedg\u00e5ng eller inte.<sup>5<\/sup><\/p>\n\n\n\n<h3 class=\"wp-block-heading\" id=\"h-2-2-okad-efterfragan-pa-fler-foretagstjanster\">2.2 <a><\/a><a>\u00d6kad efterfr\u00e5gan p\u00e5 fler f\u00f6retagstj\u00e4nster<\/a><\/h3>\n\n\n\n<p>Informations- och kommunikationssektorn har vuxit starkt i \u00f6ver tv\u00e5 \u00e5r. Det fj\u00e4rde kvartalet var produktionen 7,8 procent h\u00f6gre \u00e4n ett \u00e5r tidigare. Tillv\u00e4xten har varit starkast bland datakonsulter och programvaruutvecklare. Data\u00adkonsulterna \u00e4r optimistiska och en stor del av dem r\u00e4knar med stigande efterfr\u00e5gan \u00e4ven fram\u00f6ver (se tabell 1). <\/p>\n\n\n\n<p>Exporten av telekommunikationer och datatj\u00e4nster forts\u00e4tter att \u00f6ka. Det fj\u00e4rde kvartalet var exporten 1,9 procent h\u00f6gre i l\u00f6pande priser j\u00e4mf\u00f6rt med samma kvartal f\u00f6rra \u00e5ret.<sup>6<\/sup> \u00d6kningen i fasta priser var dock st\u00f6rre eftersom export\u00adpriserna p\u00e5 dessa tj\u00e4nster f\u00f6ll under perioden.<sup>7<\/sup><\/p>\n\n\n\n<p><mark class=\"has-inline-color has-primary-color\"><strong>Diagram 4: <\/strong><\/mark><strong><strong><strong><strong><strong>Produktion inom information och kommunikation, kvartal ett 2023 till kvartal fyra 2025<\/strong><\/strong><\/strong><\/strong><\/strong><\/p>\n\n\n\n<p>F\u00f6r\u00e4ndring \u00e5rstakt, fasta priser och kalenderkorrigerat, procent<\/p>\n\n\n\n<figure class=\"wp-block-image size-full\"><img loading=\"lazy\" decoding=\"async\" width=\"1142\" height=\"644\" src=\"https:\/\/www.almega.se\/app\/uploads\/2026\/03\/Skarmavbild-2026-03-18-kl.-2.16.09-em.png\" alt=\"\" class=\"wp-image-86426\" srcset=\"https:\/\/www.almega.se\/app\/uploads\/2026\/03\/Skarmavbild-2026-03-18-kl.-2.16.09-em.png 1142w, https:\/\/www.almega.se\/app\/uploads\/2026\/03\/Skarmavbild-2026-03-18-kl.-2.16.09-em-580x327.png 580w, https:\/\/www.almega.se\/app\/uploads\/2026\/03\/Skarmavbild-2026-03-18-kl.-2.16.09-em-380x214.png 380w, https:\/\/www.almega.se\/app\/uploads\/2026\/03\/Skarmavbild-2026-03-18-kl.-2.16.09-em-768x433.png 768w\" sizes=\"auto, (max-width: 1142px) 100vw, 1142px\" \/><figcaption class=\"wp-element-caption\"><strong>K\u00e4lla:<\/strong> SCB, tj\u00e4nsteproduktionsindex.<\/figcaption><\/figure>\n\n\n\n<p>Den svaga konjunkturen och l\u00e5g efterfr\u00e5gan fr\u00e5n andra branscher har h\u00e5llit nere efterfr\u00e5gan p\u00e5 f\u00f6retagstj\u00e4nster inom juridik, ekonomi, vetenskap och teknik. Nu b\u00f6rjar dock l\u00e4get f\u00f6rb\u00e4ttras. Det fj\u00e4rde kvartalet var produktionen inom sektorn 2,9 procent h\u00f6gre \u00e4n f\u00f6r ett \u00e5r sedan.<\/p>\n\n\n\n<p><mark class=\"has-inline-color has-primary-color\"><strong>Diagram 5: <\/strong><\/mark><strong><strong><strong><strong><strong><strong>Produktion bland konsulter inom juridik, ekonomi, teknik med mera, kvartal ett 2023 till kvartal fyra 2025<\/strong><\/strong><\/strong><\/strong><\/strong><\/strong><\/p>\n\n\n\n<p>F\u00f6r\u00e4ndring \u00e5rstakt, fasta priser och kalenderkorrigerat, procent<\/p>\n\n\n\n<figure class=\"wp-block-image size-full\"><img loading=\"lazy\" decoding=\"async\" width=\"1142\" height=\"624\" src=\"https:\/\/www.almega.se\/app\/uploads\/2026\/03\/Skarmavbild-2026-03-18-kl.-2.16.32-em.png\" alt=\"\" class=\"wp-image-86427\" srcset=\"https:\/\/www.almega.se\/app\/uploads\/2026\/03\/Skarmavbild-2026-03-18-kl.-2.16.32-em.png 1142w, https:\/\/www.almega.se\/app\/uploads\/2026\/03\/Skarmavbild-2026-03-18-kl.-2.16.32-em-580x317.png 580w, https:\/\/www.almega.se\/app\/uploads\/2026\/03\/Skarmavbild-2026-03-18-kl.-2.16.32-em-380x208.png 380w, https:\/\/www.almega.se\/app\/uploads\/2026\/03\/Skarmavbild-2026-03-18-kl.-2.16.32-em-768x420.png 768w\" sizes=\"auto, (max-width: 1142px) 100vw, 1142px\" \/><figcaption class=\"wp-element-caption\"><strong>K\u00e4lla:<\/strong> SCB, tj\u00e4nsteproduktionsindex.<\/figcaption><\/figure>\n\n\n\n<p>Exporten av aff\u00e4rstj\u00e4nster forts\u00e4tter att \u00f6ka. Det fj\u00e4rde kvartalet var exporten 6,1 procent h\u00f6gre, i l\u00f6pande priser, \u00e4n ett \u00e5r tidigare. Exportpriserna p\u00e5 dessa tj\u00e4nster steg dock under perioden.<sup>8<\/sup><\/p>\n\n\n\n<p>F\u00f6rv\u00e4ntningarna p\u00e5 framtiden blir allt b\u00e4ttre. Enligt Innovations\u00adf\u00f6retagen r\u00e4knar 60 procent av teknikkonsulterna, arkitekterna och industri\/techkonsultf\u00f6retagen med \u00f6kad ordering\u00e5ng det n\u00e4rmaste halv\u00e5ret. \u00d6ver h\u00e4lften av f\u00f6retagen r\u00e4knar \u00e4ven med att \u00f6ka sin personalstyrka det n\u00e4rmaste halv\u00e5ret med undantag f\u00f6r arkitekterna d\u00e4r anst\u00e4llningsplanerna \u00e4r mer d\u00e4mpade.<sup>9<\/sup><\/p>\n\n\n\n<p>\u00c5terh\u00e4mtningen g\u00e5r l\u00e5ngsammare f\u00f6r andra f\u00f6retagstj\u00e4nster som personal\u00aduthyrning, fastighetstj\u00e4nster, resetj\u00e4nster och andra kontorstj\u00e4nster. Det fj\u00e4rde kvartalet var produktionen inom sektorn 1,7 procent l\u00e4gre \u00e4n ett \u00e5r tidigare. Efterfr\u00e5gan inom personaluthyrning \u00e4r fortfarande l\u00e4gre \u00e4n normalt men b\u00f6rjar \u00e5terh\u00e4mta sig efter tv\u00e5 mycket svaga \u00e5r.<\/p>\n\n\n\n<p><mark class=\"has-inline-color has-primary-color\"><strong>Diagram 6:<\/strong><\/mark><strong><mark class=\"has-inline-color has-primary-color\"> <\/mark><strong><strong><strong><strong><strong>Produktion inom uthyrning och andra st\u00f6dtj\u00e4nster till f\u00f6retag, kvartal ett 2023 till kvartal fyra 2025<\/strong><\/strong><\/strong><\/strong><\/strong><\/strong><\/p>\n\n\n\n<p>F\u00f6r\u00e4ndring \u00e5rstakt, fasta priser och kalenderkorrigerat, procent<\/p>\n\n\n\n<figure class=\"wp-block-image size-full\"><img loading=\"lazy\" decoding=\"async\" width=\"1082\" height=\"644\" src=\"https:\/\/www.almega.se\/app\/uploads\/2026\/03\/Skarmavbild-2026-03-18-kl.-2.16.52-em.png\" alt=\"\" class=\"wp-image-86428\" srcset=\"https:\/\/www.almega.se\/app\/uploads\/2026\/03\/Skarmavbild-2026-03-18-kl.-2.16.52-em.png 1082w, https:\/\/www.almega.se\/app\/uploads\/2026\/03\/Skarmavbild-2026-03-18-kl.-2.16.52-em-580x345.png 580w, https:\/\/www.almega.se\/app\/uploads\/2026\/03\/Skarmavbild-2026-03-18-kl.-2.16.52-em-380x226.png 380w, https:\/\/www.almega.se\/app\/uploads\/2026\/03\/Skarmavbild-2026-03-18-kl.-2.16.52-em-768x457.png 768w\" sizes=\"auto, (max-width: 1082px) 100vw, 1082px\" \/><figcaption class=\"wp-element-caption\"><strong>K\u00e4lla:<\/strong> SCB, tj\u00e4nsteproduktionsindex.<\/figcaption><\/figure>\n\n\n\n<p>Enligt siffror fr\u00e5n Kompe\u00adtens\u00ad\u00adf\u00f6retagen, d\u00e4r majoriteten av bemanningsf\u00f6retagen ing\u00e5r, var oms\u00e4ttningen det fj\u00e4rde kvartalet cirka fyra procent h\u00f6gre, i l\u00f6pande priser, \u00e4n samma kvartal f\u00f6rra \u00e5ret. I fasta priser var oms\u00e4ttningen det fj\u00e4rde kvartalet en knapp procent h\u00f6gre \u00e4n ett \u00e5r tidigare. Efterfr\u00e5gan p\u00e5 uthyrd personal \u00e4r fortfarande l\u00e4gre \u00e4n normalt men betydligt b\u00e4ttre \u00e4n tidigare kvartal. &nbsp;F\u00f6rb\u00e4tt\u00adringen \u00e4r st\u00f6rst inom branschens st\u00f6rsta yrkesomr\u00e5de, uthyrning till industrin.<sup>10<\/sup> Ljusningen f\u00f6r bemannings\u00adbranschen \u00e4r ett tecken p\u00e5 att l\u00e4get b\u00f6rjar ljusna p\u00e5 arbetsmarknaden.<\/p>\n\n\n\n<p>Inom partihandeln, som s\u00e4ljer till f\u00f6retag, har produktionen fallit tre \u00e5r i rad men utvecklingen har v\u00e4nt i \u00e5r. Det fj\u00e4rde kvartalet var produktionen 3,3 procent h\u00f6gre \u00e4n samma kvartal f\u00f6rra \u00e5ret. Transportsektorn forts\u00e4tter att utvecklas svagt. Det fj\u00e4rde kvartalet var produktionen i sektorn 0,1 procent l\u00e4gre \u00e4n ett \u00e5r tidigare.<sup>11<\/sup><\/p>\n\n\n\n<p><mark class=\"has-inline-color has-primary-color\"><strong>Tabell 1:<\/strong><\/mark><strong> <strong><strong><strong><strong><strong>Efterfr\u00e5gan i tj\u00e4nstebranscher som fr\u00e4mst s\u00e4ljer till f\u00f6retag. F\u00f6rv\u00e4ntningar tre m\u00e5nader fram\u00e5t, nov 2025 och feb 2026<\/strong><\/strong><\/strong><\/strong><\/strong><\/strong><\/p>\n\n\n\n<p>Nettotal, s\u00e4songsrensat<\/p>\n\n\n\n<figure class=\"wp-block-table is-style-stripes\"><table class=\"has-fixed-layout\"><tbody><tr><td><\/td><td><strong>F\u00f6rv\u00e4ntningar<\/strong><\/td><td><\/td><\/tr><tr><td><\/td><td><strong>Nov<\/strong><\/td><td><strong>Feb<\/strong><\/td><\/tr><tr><td>Landtransporter<\/td><td>27<\/td><td>24<\/td><\/tr><tr><td>Partihandel<\/td><td>49<\/td><td>51<\/td><\/tr><tr><td>Konsulter juridik och ekonomi<\/td><td>9<\/td><td>12<\/td><\/tr><tr><td>Konsulter f\u00f6retagsledning<\/td><td>50<\/td><td>42<\/td><\/tr><tr><td>Arkitekter<\/td><td>25<\/td><td>42<\/td><\/tr><tr><td>Tekniska konsulter<\/td><td>46<\/td><td>50<\/td><\/tr><tr><td>Datakonsulter<\/td><td>41<\/td><td>35<\/td><\/tr><tr><td>Arbetsf\u00f6rmedling, bemanning<\/td><td>27<\/td><td>46<\/td><\/tr><tr><td>\u00d6vriga f\u00f6retagstj\u00e4nster<\/td><td>9<\/td><td>-5<\/td><\/tr><tr><td><strong>Tj\u00e4nstesektorn, totalt<\/strong><\/td><td><strong>32<\/strong><\/td><td><strong>34<\/strong><\/td><\/tr><\/tbody><\/table><figcaption class=\"wp-element-caption\"><sup><strong>K\u00e4lla:<\/strong> Konjunkturinstitutet<br><strong>Anm: <\/strong>Nettotal \u00e4r andelen f\u00f6retag d\u00e4r efterfr\u00e5gan \u00f6kar minus andelen som rapporterar att den minskar. \u00d6vriga f\u00f6retagstj\u00e4nster (SNI 82) \u00e4r kontorstj\u00e4nster, callcenter samt arrang\u00f6rer av event.<\/sup><\/figcaption><\/figure>\n\n\n\n<h3 class=\"wp-block-heading\" id=\"h-2-3-hojd-konsumtion-lyfter-handel-och-besoksnaring\">2.3 <a><a>H\u00f6jd konsumtion lyfter handel och bes\u00f6ksn\u00e4ring<\/a><\/a><\/h3>\n\n\n\n<p>Hush\u00e5llens realinkomster har stigit tv\u00e5 \u00e5r i rad och v\u00e4ntas forts\u00e4tta att stiga i \u00e5r. Deras f\u00f6rtroende f\u00f6r ekonomin \u00f6kar men \u00e4r fortfarande l\u00e4gre \u00e4n normalt.<sup>12<\/sup> Hush\u00e5llens konsumtion har b\u00f6rjat ta fart och det fj\u00e4rde kvartalet var den 2,4 procent h\u00f6gre \u00e4n ett \u00e5r tidigare.<sup>13<\/sup><\/p>\n\n\n\n<p>Den \u00f6kande konsumtionen ger ordentlig draghj\u00e4lp till detaljhandeln vars oms\u00e4ttning \u00f6kat fem kvartal i rad. Det fj\u00e4rde kvartalet var oms\u00e4ttningen inom detaljhandeln 5,2 procent h\u00f6gre \u00e4n f\u00f6r ett \u00e5r sedan.<sup>14<\/sup> F\u00f6retagen inom detaljhandeln \u00e4r fortsatt opti\u00admistiska och en majoritet v\u00e4ntar sig \u00f6kad f\u00f6rs\u00e4ljning fram\u00f6ver. \u00c4ven motor\u00adhandeln utvecklas bra. Det fj\u00e4rde kvartalet var oms\u00e4tt\u00adningen 5,4 procent h\u00f6gre \u00e4n samma kvartal f\u00f6rra \u00e5ret.<\/p>\n\n\n\n<p>Hotell- och restaurangbranschen har de senaste tv\u00e5 \u00e5ren pressats av stigande kostnader och l\u00e5g efterfr\u00e5gan. \u00d6kningen av hush\u00e5llens konsumtion ger dock draghj\u00e4lp till branschen. &nbsp;Det fj\u00e4rde kvartalet var produktionen inom hotell- och restaurang 3,2 procent h\u00f6gre \u00e4n ett \u00e5r tidigare. Framtidsf\u00f6rv\u00e4ntningarna \u00e4r positiva i branschen och en stor del av f\u00f6retagen r\u00e4knar med \u00f6kande f\u00f6rs\u00e4ljning fram\u00f6ver.<\/p>\n\n\n\n<p><mark class=\"has-inline-color has-primary-color\"><strong>Tabell 2: <\/strong><\/mark><strong><strong><strong><strong><strong><strong>Efterfr\u00e5gan i tj\u00e4nstebranscher som fr\u00e4mst s\u00e4ljer till hush\u00e5ll. F\u00f6rv\u00e4ntningar tre m\u00e5nader fram\u00e5t, nov 2025 och feb 2026<\/strong><\/strong><\/strong><\/strong><\/strong><\/strong><\/p>\n\n\n\n<p>Nettotal, s\u00e4songsrensat<\/p>\n\n\n\n<figure class=\"wp-block-table is-style-stripes\"><table class=\"has-fixed-layout\"><tbody><tr><td><\/td><td><strong>F\u00f6rv\u00e4ntningar<\/strong><\/td><td><\/td><\/tr><tr><td><\/td><td><strong>Nov<\/strong><\/td><td><strong>Feb<\/strong><\/td><\/tr><tr><td>Detaljhandel<\/td><td>51<\/td><td>52<\/td><\/tr><tr><td>Motorhandel<\/td><td>38<\/td><td>44<\/td><\/tr><tr><td>Hotell och restaurang<\/td><td>45<\/td><td>38<\/td><\/tr><tr><td>Fastighetsf\u00f6rvaltning<\/td><td>25<\/td><td>21<\/td><\/tr><tr><td>Researrang\u00f6rer<\/td><td>64<\/td><td>36<\/td><\/tr><tr><td><strong>Tj\u00e4nstesektorn, totalt<\/strong><\/td><td><strong>32<\/strong><\/td><td><strong>34<\/strong><\/td><\/tr><\/tbody><\/table><figcaption class=\"wp-element-caption\"><sup><strong>K\u00e4lla:<\/strong> Konjunkturinstitutet<br><strong>Anm:<\/strong> Fastighetsf\u00f6rvaltning (SNI 68.2) och researrang\u00f6rer (SNI 79) s\u00e4ljer tj\u00e4nster b\u00e5de till hush\u00e5ll och f\u00f6retag.<\/sup><\/figcaption><\/figure>\n\n\n\n<p>Personliga tj\u00e4nster och kultur och n\u00f6jen har utvecklats svagt en l\u00e4ngre tid men \u00e4ven h\u00e4r har l\u00e4get f\u00f6rb\u00e4ttrats.<sup>15<\/sup> Det tredje kvartalet var produktionen 1,0 procent h\u00f6gre \u00e4n samma kvartal f\u00f6rra \u00e5ret.<\/p>\n\n\n\n<h3 class=\"wp-block-heading\" id=\"h-2-4-oforandrat-for-vard-och-omsorg\">2.4 <a><\/a><a>Of\u00f6r\u00e4ndrat f\u00f6r v\u00e5rd och omsorg<\/a><\/h3>\n\n\n\n<p>Privat produktion av offentligt finansierade v\u00e4lf\u00e4rdstj\u00e4nster f\u00f6ljer inte konjunkturen utan beror av demografi och politiska prioriteringar. Inom privat utf\u00f6rd utbildning steg produktionen det tredje kvartalet med 10,2 procent i \u00e5rstakt efter en lika kraftig nedg\u00e5ng f\u00f6rra \u00e5ret.<sup>16<\/sup><\/p>\n\n\n\n<p><mark class=\"has-inline-color has-primary-color\"><strong>Diagram 7:<\/strong><\/mark><strong> <strong><strong><strong>Produktion inom privat utf\u00f6rd sjukv\u00e5rd och omsorg, kvartal ett 2023 till kvartal fyra 2025<\/strong><\/strong><\/strong><\/strong><\/p>\n\n\n\n<p>F\u00f6r\u00e4ndring \u00e5rstakt, fasta priser kalenderkorrigerat, procent<\/p>\n\n\n\n<figure class=\"wp-block-image size-full\"><img loading=\"lazy\" decoding=\"async\" width=\"1082\" height=\"508\" src=\"https:\/\/www.almega.se\/app\/uploads\/2026\/03\/Skarmavbild-2026-03-18-kl.-2.25.23-em.png\" alt=\"\" class=\"wp-image-86431\" srcset=\"https:\/\/www.almega.se\/app\/uploads\/2026\/03\/Skarmavbild-2026-03-18-kl.-2.25.23-em.png 1082w, https:\/\/www.almega.se\/app\/uploads\/2026\/03\/Skarmavbild-2026-03-18-kl.-2.25.23-em-580x272.png 580w, https:\/\/www.almega.se\/app\/uploads\/2026\/03\/Skarmavbild-2026-03-18-kl.-2.25.23-em-380x178.png 380w, https:\/\/www.almega.se\/app\/uploads\/2026\/03\/Skarmavbild-2026-03-18-kl.-2.25.23-em-768x361.png 768w\" sizes=\"auto, (max-width: 1082px) 100vw, 1082px\" \/><figcaption class=\"wp-element-caption\"><strong>K\u00e4lla: <\/strong>SCB, tj\u00e4nste\u00adproduktions\u00adindex.<\/figcaption><\/figure>\n\n\n\n<p>Produktionen av privat utf\u00f6rd sjukv\u00e5rd och omsorg har slutat att v\u00e4xa. Det fj\u00e4rde kvartalet var produktionen 0,4 procent l\u00e4gre \u00e4n samma kvartal \u00e5ret innan.<sup>17<\/sup><\/p>\n\n\n\n<h3 class=\"wp-block-heading\" id=\"h-2-5-konkurserna-minskar-inte\">2.5 <a><\/a><a>Konkurserna minskar inte<\/a><\/h3>\n\n\n\n<p>Antalet konkurser i tj\u00e4nstesektorn har varit ovanligt h\u00f6gt de senaste tv\u00e5 \u00e5ren. Trots att konjunkturen v\u00e4nt upp\u00e5t har inte konkurserna blivit f\u00e4rre. Under 2025 gick 7&nbsp;378 tj\u00e4nstef\u00f6retag i konkurs, vilket var 94 fler \u00e4n \u00e5ret innan. De tj\u00e4nstef\u00f6retag som gick i konkurs 2025 hade dock f\u00e4rre anst\u00e4llda \u00e4n de f\u00f6retag som gick i konkurs \u00e5ret innan.<sup>18<\/sup><\/p>\n\n\n\n<p><mark class=\"has-inline-color has-primary-color\"><strong>Diagram 8:<\/strong><\/mark><strong> <strong><strong><strong><strong><strong>Konkurser i tj\u00e4nstebranscher, jan 2023 till feb 2026<\/strong><\/strong><\/strong><\/strong><\/strong><\/strong><\/p>\n\n\n\n<figure class=\"wp-block-image size-full\"><img loading=\"lazy\" decoding=\"async\" width=\"1136\" height=\"682\" src=\"https:\/\/www.almega.se\/app\/uploads\/2026\/03\/Skarmavbild-2026-03-18-kl.-2.25.52-em.png\" alt=\"\" class=\"wp-image-86432\" srcset=\"https:\/\/www.almega.se\/app\/uploads\/2026\/03\/Skarmavbild-2026-03-18-kl.-2.25.52-em.png 1136w, https:\/\/www.almega.se\/app\/uploads\/2026\/03\/Skarmavbild-2026-03-18-kl.-2.25.52-em-580x348.png 580w, https:\/\/www.almega.se\/app\/uploads\/2026\/03\/Skarmavbild-2026-03-18-kl.-2.25.52-em-380x228.png 380w, https:\/\/www.almega.se\/app\/uploads\/2026\/03\/Skarmavbild-2026-03-18-kl.-2.25.52-em-768x461.png 768w\" sizes=\"auto, (max-width: 1136px) 100vw, 1136px\" \/><figcaption class=\"wp-element-caption\"><strong>K\u00e4lla: <\/strong>UC via Macrobond.<\/figcaption><\/figure>\n\n\n<a class='Share__link Share__link--url copy-text' href='#' rel='nofollow' data-text='3.-jobbtillvaxten-fortsatter' title='Dela url' data-confirmation='L\u00e4nken kopierades till urklipp'><svg class='icon icon--link'  width='18' height='18' viewBox='0 0 18 18' fill='none' xmlns='http:\/\/www.w3.org\/2000\/svg'>\n            <path d='M10.4142 0.514721L6.87868 4.05025L8.29289 5.46447L11.1213 2.63604L15.364 6.87868L12.5355 9.70711L13.9497 11.1213L17.4853 7.58579C17.8763 7.19476 17.8763 6.5626 17.4853 6.17158L11.8284 0.514721C11.4374 0.123691 10.8052 0.123691 10.4142 0.514721Z' fill='black'\/>\n            <path d='M9.7071 12.5355L6.87868 15.364L2.63604 11.1213L5.46446 8.2929L4.05025 6.87868L0.514716 10.4142C0.123686 10.8052 0.123686 11.4374 0.514716 11.8284L6.17157 17.4853C6.5626 17.8763 7.19475 17.8763 7.58578 17.4853L11.1213 13.9497L9.7071 12.5355Z' fill='black'\/>\n            <path d='M6.17157 11.8284C6.5626 12.2195 7.19475 12.2195 7.58578 11.8284L11.8284 7.58579C12.2195 7.19476 12.2195 6.56261 11.8284 6.17158C11.4374 5.78055 10.8052 5.78055 10.4142 6.17158L6.17157 10.4142C5.78054 10.8052 5.78054 11.4374 6.17157 11.8284Z' fill='black'\/>\n            <\/svg> <\/a>\n<h2 class=\"wp-block-heading\" id=\"h-3-jobbtillvaxten-fortsatter\">3. <a><\/a><a>Jobbtillv\u00e4xten forts\u00e4tter<\/a><\/h2>\n\n\n\n<h3 class=\"wp-block-heading\" id=\"h-3-1-jobben-i-tjanstesektorn-blir-fler\">3.1 <a>Jobben i tj\u00e4nstesektorn blir fler<\/a><\/h3>\n\n\n\n<p>Arbetsmarknaden har denna g\u00e5ng svarat snabbare p\u00e5 v\u00e4ndningen i konjunkturen \u00e4n vanligt. Konjunkturen i tj\u00e4nstesektorn v\u00e4nde upp under det andra kvartalet 2025 och redan det tredje kvartalet b\u00f6rjade antalet jobb att \u00f6ka. Tillv\u00e4xten av jobb har fortsatt. Det fj\u00e4rde kvartalet var antalet jobb i den privata tj\u00e4nste\u00adsektorn 21 300 &#8211; eller 0,8 procent &#8211; fler \u00e4n ett \u00e5r tidigare. Mer \u00e4n hela netto\u00f6kningen av antalet anst\u00e4llda i n\u00e4ringslivet det senaste \u00e5ret har skett i tj\u00e4nstesektorn.<sup>19<\/sup><\/p>\n\n\n\n<p>Almegas arbets\u00admark\u00adnads\u00adindikator f\u00f6rutsp\u00e5r att jobben i tj\u00e4nstesektorn kommer att bli fler \u00e4ven n\u00e4sta kvartal.<\/p>\n\n\n\n<p><mark class=\"has-inline-color has-primary-color\"><strong>Diagram 9: <\/strong><\/mark><strong><strong><strong><strong>Almegas indikator f\u00f6r syssels\u00e4ttningstillv\u00e4xten i privat tj\u00e4nstesektor<\/strong><\/strong><\/strong><\/strong><\/p>\n\n\n\n<p>Kvartal ett 2010 till kvartal ett 2026<\/p>\n\n\n\n<figure class=\"wp-block-image size-full\"><img loading=\"lazy\" decoding=\"async\" width=\"1260\" height=\"772\" src=\"https:\/\/www.almega.se\/app\/uploads\/2026\/03\/Skarmavbild-2026-03-18-kl.-2.26.10-em.png\" alt=\"\" class=\"wp-image-86435\" srcset=\"https:\/\/www.almega.se\/app\/uploads\/2026\/03\/Skarmavbild-2026-03-18-kl.-2.26.10-em.png 1260w, https:\/\/www.almega.se\/app\/uploads\/2026\/03\/Skarmavbild-2026-03-18-kl.-2.26.10-em-580x355.png 580w, https:\/\/www.almega.se\/app\/uploads\/2026\/03\/Skarmavbild-2026-03-18-kl.-2.26.10-em-1180x723.png 1180w, https:\/\/www.almega.se\/app\/uploads\/2026\/03\/Skarmavbild-2026-03-18-kl.-2.26.10-em-380x233.png 380w, https:\/\/www.almega.se\/app\/uploads\/2026\/03\/Skarmavbild-2026-03-18-kl.-2.26.10-em-768x471.png 768w\" sizes=\"auto, (max-width: 1260px) 100vw, 1260px\" \/><figcaption class=\"wp-element-caption\"><strong>K\u00e4lla:<\/strong> Almega, SCB, Macrobond.<\/figcaption><\/figure>\n\n\n\n<p>Syssels\u00e4ttningen har \u00f6kat i n\u00e4stan alla tj\u00e4nstebranscher. Flest nya jobb har skapats inom personaluthyrning, fastighetsservice och andra st\u00f6dtj\u00e4nster till f\u00f6retag. P\u00e5 ett \u00e5r har antalet anst\u00e4llda \u00f6kat med 7 400 personer, eller 2,4 procent. Inom personal\u00aduthyrning och rekrytering har antalet anst\u00e4llda \u00f6kat med 4&nbsp;000, eller 3,4 procent, det senaste \u00e5ret efter att ha minskat under tv\u00e5 \u00e5rs tid. Inom bevakning och s\u00e4kerhet forts\u00e4tter antalet anst\u00e4llda att v\u00e4xa. P\u00e5 ett \u00e5r har de blivit drygt 1&nbsp;600 fler. En \u00f6kning med 5,4 procent.<\/p>\n\n\n\n<p>I de viktiga konsultbranscherna inom juridik, ekonomi, vetenskap och teknik har antalet anst\u00e4llda \u00f6kat med 3&nbsp;800 personer eller 1,1 procent. Huvuddelen av de nya jobben, 3&nbsp;100, har skapats bland tekniska konsulter och arkitekter.<\/p>\n\n\n\n<p><strong><mark class=\"has-inline-color has-primary-color\">Tabell 3:<\/mark> <strong><strong><strong><strong>Anst\u00e4llda inom privata tj\u00e4nstesektor fj\u00e4rde kvartalet 2025 j\u00e4mf\u00f6rt med tredje kvartalet 2024<\/strong><\/strong><\/strong><\/strong><\/strong><\/p>\n\n\n\n<p>F\u00f6r\u00e4ndring i antal och procent<\/p>\n\n\n\n<figure class=\"wp-block-image size-full\"><img loading=\"lazy\" decoding=\"async\" width=\"714\" height=\"492\" src=\"https:\/\/www.almega.se\/app\/uploads\/2026\/03\/Skarmavbild-2026-03-18-kl.-2.31.09-em.png\" alt=\"\" class=\"wp-image-86442\" srcset=\"https:\/\/www.almega.se\/app\/uploads\/2026\/03\/Skarmavbild-2026-03-18-kl.-2.31.09-em.png 714w, https:\/\/www.almega.se\/app\/uploads\/2026\/03\/Skarmavbild-2026-03-18-kl.-2.31.09-em-580x400.png 580w, https:\/\/www.almega.se\/app\/uploads\/2026\/03\/Skarmavbild-2026-03-18-kl.-2.31.09-em-380x262.png 380w\" sizes=\"auto, (max-width: 714px) 100vw, 714px\" \/><figcaption class=\"wp-element-caption\"><strong>K\u00e4lla: <\/strong>SCB, Anst\u00e4llningar, Antal p\u00e5g\u00e5ende anst\u00e4llningar efter n\u00e4ringsgren.<\/figcaption><\/figure>\n\n\n\n<p>Inom information och kommunikation forts\u00e4tter d\u00e4remot antalet jobb att minska trots en mycket god tillv\u00e4xt i sektorn. Det fj\u00e4rde kvartalet minskade antalet anst\u00e4llda med 4 100 personer, eller 1,7 procent, j\u00e4mf\u00f6rt med samma kvartal f\u00f6rra \u00e5ret. Den st\u00f6rsta minskningen skedde inom f\u00f6rlagsbranschen d\u00e4r antalet anst\u00e4llda minskade med 2&nbsp;900 personer, eller 7,4 procent, det senaste \u00e5ret. \u00c4ven bland datakonsulter minskade antalet anst\u00e4llda med 500 personer eller 0,3 procent. <\/p>\n\n\n\n<p>Minskningen av antalet jobb inom sektorn trots god produktionstillv\u00e4xt beror sannolikt p\u00e5 strukturella f\u00f6r\u00e4ndringar. Produktionen inom informations- och kommunikationssektorn har vuxit med sammanlagt 16 procent de senaste tv\u00e5 \u00e5ren men antalet anst\u00e4llda har minskat med fem procent under samma period.&nbsp; Den st\u00f6rsta nedg\u00e5ngen i antalet anst\u00e4llda har skett inom f\u00f6rlagsbranschen d\u00e4r \u00f6kad digitalisering och \u00f6verg\u00e5ng fr\u00e5n fysiska b\u00f6cker till ljudb\u00f6cker har minskat personalbehovet.<sup>20<\/sup>  Bland datakonsulter och programvaru\u00adutveckling har antalet anst\u00e4llda minskat med 2,4 procent p\u00e5 tv\u00e5 \u00e5r trots en god produktionstillv\u00e4xt. Orsakerna till detta \u00e4r inte tydliga men en stor del av arbetsuppgifterna inom branschen \u00e4r h\u00f6gt exponerade mot AI-teknik och n\u00e4stan alla f\u00f6retag anv\u00e4nder AI-verktyg i sin verksamhet.<sup>21<\/sup><\/p>\n\n\n\n<p>Den \u00f6kande hush\u00e5llskonsumtionen skapar nya jobb inom b\u00e5de bes\u00f6ksn\u00e4ringen och handeln. Inom hotell och restaurang var antalet jobb det fj\u00e4rde kvartalet 6 200, eller 2,8 procent, fler \u00e4n samma kvartal f\u00f6rra \u00e5ret. Antalet jobb i branschen har vuxit fyra kvartal i rad. Inom handeln har jobben slutat att minska. Det fj\u00e4rde kvartalet var antalet anst\u00e4llda drygt 1&nbsp;600 fler \u00e4n samma kvartal ett \u00e5r tidigare, en \u00f6kning med 0,3 procent.<\/p>\n\n\n\n<p>Inom privat utf\u00f6rd v\u00e5rd och omsorg har antalet anst\u00e4llda blivit 3 100 fler p\u00e5 ett \u00e5r medan antalet anst\u00e4llda inom utbildning minskat med 1&nbsp;100 personer.<br><\/p>\n\n\n\n<h3 class=\"wp-block-heading\" id=\"h-3-2-fler-tjansteforetag-vill-anstalla\">3.2 Fler tj\u00e4nstef\u00f6retag vill anst\u00e4lla<\/h3>\n\n\n\n<p>Det senaste halv\u00e5ret har tj\u00e4nstef\u00f6retagens anst\u00e4llnings\u00adplaner blivit mer positiva \u00e4ven om uppg\u00e5ngen sker fr\u00e5n en l\u00e5g niv\u00e5.<sup>22<\/sup><\/p>\n\n\n\n<p><mark class=\"has-inline-color has-primary-color\"><strong>Diagram 10:<\/strong><\/mark> <strong><strong><strong><strong><strong>Tj\u00e4nstef\u00f6retagens anst\u00e4llningsplaner tre m\u00e5nader fram\u00e5t, jan 2022 till feb 2026<\/strong><\/strong><\/strong><\/strong><\/strong><\/p>\n\n\n\n<p>Nettotal s\u00e4songrensat<\/p>\n\n\n\n<figure class=\"wp-block-image size-full is-resized\"><img loading=\"lazy\" decoding=\"async\" width=\"1202\" height=\"570\" src=\"https:\/\/www.almega.se\/app\/uploads\/2026\/03\/Skarmavbild-2026-03-18-kl.-2.26.35-em.png\" alt=\"\" class=\"wp-image-86436\" style=\"width:743px;height:auto\" srcset=\"https:\/\/www.almega.se\/app\/uploads\/2026\/03\/Skarmavbild-2026-03-18-kl.-2.26.35-em.png 1202w, https:\/\/www.almega.se\/app\/uploads\/2026\/03\/Skarmavbild-2026-03-18-kl.-2.26.35-em-580x275.png 580w, https:\/\/www.almega.se\/app\/uploads\/2026\/03\/Skarmavbild-2026-03-18-kl.-2.26.35-em-1180x560.png 1180w, https:\/\/www.almega.se\/app\/uploads\/2026\/03\/Skarmavbild-2026-03-18-kl.-2.26.35-em-380x180.png 380w, https:\/\/www.almega.se\/app\/uploads\/2026\/03\/Skarmavbild-2026-03-18-kl.-2.26.35-em-768x364.png 768w\" sizes=\"auto, (max-width: 1202px) 100vw, 1202px\" \/><figcaption class=\"wp-element-caption\"><strong>K\u00e4lla:<\/strong> Konjunkturinstitutet, Macrobond<br><strong>Anm: <\/strong>Nettotal \u00e4r andelen f\u00f6retag som planerar \u00f6ka sin personal\u00acstyrka minus andelen som planerar att minska den.<\/figcaption><\/figure>\n\n\n\n<p>Anst\u00e4llningsplanerna skiljer sig mellan tj\u00e4nstebranscherna. Tekniska konsulter har de mest positiva anst\u00e4llningsplanerna f\u00f6ljt av datakonsulter som dock inte \u00e4r lika optimistiska som tidigare. Inom arbets\u00adf\u00f6r\u00admedling och rekrytering r\u00e4knar betydligt fler f\u00f6retag \u00e4n tidigare med att nyanst\u00e4lla det n\u00e4rmaste kvartalet.&nbsp;<\/p>\n\n\n\n<p><mark class=\"has-inline-color has-primary-color\"><strong>Tabell 4:<\/strong><\/mark><strong> <strong><strong><strong>Antalet anst\u00e4llda i olika tj\u00e4nstebranscher. F\u00f6rv\u00e4ntningar tre m\u00e5nader fram\u00e5t, kvartal tre 2025 och kvartal fyra 2025<\/strong><\/strong><\/strong><\/strong><\/p>\n\n\n\n<p>Nettotal s\u00e4songsrensat, procent<\/p>\n\n\n\n<figure class=\"wp-block-table is-style-stripes\"><table class=\"has-fixed-layout\"><tbody><tr><td><strong>Bransch<\/strong><\/td><td><strong><strong><strong>Kvartal tre<\/strong><\/strong><\/strong><\/td><td><strong>Kvartal 4<\/strong><\/td><td><strong>Skillnad<\/strong><\/td><\/tr><tr><td>Tj\u00e4nstesektorn<\/td><td>9<\/td><td>11<\/td><td>2<\/td><\/tr><tr><td>Landtransporter<\/td><td>-7<\/td><td>7<\/td><td>14<\/td><\/tr><tr><td>Hotell och restauranger<\/td><td>13<\/td><td>14<\/td><td>1<\/td><\/tr><tr><td>Datakonsulter<\/td><td>51<\/td><td>28<\/td><td>-23<\/td><\/tr><tr><td>Finans- och f\u00f6rs\u00e4kringsverksamhet<\/td><td>-15<\/td><td>-30<\/td><td>-15<\/td><\/tr><tr><td>Fastighetsf\u00f6rvaltning<\/td><td>-6<\/td><td>-2<\/td><td>4<\/td><\/tr><tr><td>Juridiska och ekonomiska konsulter<\/td><td>13<\/td><td>-1<\/td><td>-14<\/td><\/tr><tr><td>Konsulter f\u00f6retagsledning<\/td><td>19<\/td><td>19<\/td><td>0<\/td><\/tr><tr><td>Arkitekter<\/td><td>13<\/td><td>12<\/td><td>-1<\/td><\/tr><tr><td>Tekniska konsulter<\/td><td>25<\/td><td>43<\/td><td>18<\/td><\/tr><tr><td>Arbetsf\u00f6rmedling, bemanning<\/td><td>17<\/td><td>27<\/td><td>10<\/td><\/tr><tr><td>Researrang\u00f6rer<\/td><td>6<\/td><td>18<\/td><td>12<\/td><\/tr><\/tbody><\/table><figcaption class=\"wp-element-caption\"><sup><strong>K\u00e4lla:<\/strong> Konjunkturinstitutet<br><strong>Anm: <\/strong>Nettotalet \u00e4r andelen f\u00f6retag som planerar \u00f6ka sin personalstyrka minus andelen som planerar att minska den.<\/sup><\/figcaption><\/figure>\n\n\n\n<h3 class=\"wp-block-heading\" id=\"h-3-3-annu-lag-brist-pa-arbetskraft\">3.3 <a><\/a><a>\u00c4nnu l\u00e5g brist p\u00e5 arbetskraft<\/a><\/h3>\n\n\n\n<p>\u00c5r 2023 hade h\u00e4lften av tj\u00e4nstef\u00f6retagen brist p\u00e5 arbetskraft. Bristen p\u00e5 arbets\u00adkraft minskade sedan kraftigt n\u00e4r arbetsmarknaden blev svagare. F\u00f6rb\u00e4ttringen p\u00e5 arbetsmarknaden har lett till att bristen p\u00e5 arbetskraft har b\u00f6rjat \u00f6ka n\u00e5got igen.<\/p>\n\n\n\n<p>Det fj\u00e4rde kvartalet hade 19 procent av tj\u00e4nstef\u00f6retag brist p\u00e5 arbetskraft, en \u00f6kning med tre procentenheter sedan f\u00f6rra kvartalet. Bristen p\u00e5 arbetskraft \u00e4r st\u00f6rst bland tekniska konsulter d\u00e4r h\u00e4lften av f\u00f6retagen upplever en brist. Bland arkitektf\u00f6retagen har bristen p\u00e5 arbetskraft f\u00f6rdubblats det senaste kvartalet<strong><\/strong><\/p>\n\n\n\n<p><mark class=\"has-inline-color has-primary-color\"><strong>Tabell 5:<\/strong><\/mark><strong> <strong><strong><strong> <strong><strong><strong>Andel f\u00f6retag med brist p\u00e5 personal, kvartal tre 2025 och kvartal fyra 2025<\/strong><\/strong><\/strong><\/strong><\/strong><\/strong><\/strong><\/p>\n\n\n\n<p>S\u00e4songrensat, procent<\/p>\n\n\n\n<figure class=\"wp-block-table is-style-stripes\"><table class=\"has-fixed-layout\"><tbody><tr><td><strong>Bransch<\/strong><\/td><td><strong><strong><strong>Kvartal tre<\/strong><\/strong><\/strong><\/td><td><strong>Kvartal 4<\/strong><\/td><td><strong>Skillnad<\/strong><\/td><\/tr><tr><td>Tj\u00e4nstesektorn<\/td><td>16<\/td><td>19<\/td><td>3<\/td><\/tr><tr><td>Landtransporter<\/td><td>19<\/td><td>21<\/td><td>2<\/td><\/tr><tr><td>Hotell och restauranger<\/td><td>4<\/td><td>11<\/td><td>7<\/td><\/tr><tr><td>Datakonsulter<\/td><td>31<\/td><td>31<\/td><td>0<\/td><\/tr><tr><td>Fastighetsf\u00f6rvaltning<\/td><td>13<\/td><td>15<\/td><td>2<\/td><\/tr><tr><td>Juridiska och ekonomiska konsulter<\/td><td>37<\/td><td>5<\/td><td>-32<\/td><\/tr><tr><td>Konsulter f\u00f6retagsledning<\/td><td>6<\/td><td>8<\/td><td>2<\/td><\/tr><tr><td>Arkitekter<\/td><td>16<\/td><td>33<\/td><td>17<\/td><\/tr><tr><td>Tekniska konsulter<\/td><td>47<\/td><td>50<\/td><td>3<\/td><\/tr><tr><td>Arbetsf\u00f6rmedling, bemanning<\/td><td>16<\/td><td>26<\/td><td>10<\/td><\/tr><tr><td>Researrang\u00f6rer<\/td><td>0<\/td><td>0<\/td><td>0<\/td><\/tr><\/tbody><\/table><figcaption class=\"wp-element-caption\"><sup><strong>K\u00e4lla:<\/strong> Konjunkturinstitutet<\/sup><\/figcaption><\/figure>\n\n\n\n<p>Trots att arbetsmarknaden blir b\u00e4ttre minskar antalet lediga jobb i tj\u00e4nstesektorn. Det fj\u00e4rde kvartalet var antalet lediga jobb 7 900 f\u00e4rre \u00e4n f\u00f6r ett \u00e5r sedan. De lediga jobben minskade mest inom information och kommunikation och handeln.<\/p>\n\n\n\n<p><strong><mark class=\"has-inline-color has-primary-color\">Tabell 6:<\/mark> <strong><strong><strong><strong>Lediga jobb med omg\u00e5ende tilltr\u00e4de i tj\u00e4nstesektorn kvartal fyra 2024 och 2025<\/strong><\/strong><\/strong><\/strong><\/strong><\/p>\n\n\n\n<p>Antal<\/p>\n\n\n\n<figure class=\"wp-block-table is-style-stripes\"><table class=\"has-fixed-layout\"><tbody><tr><td><strong>Bransch<\/strong><\/td><td><strong><strong><strong>Kvartal fyra 2024<\/strong><\/strong><\/strong><\/td><td><strong>Kvartal fyra 2025<\/strong><\/td><td><strong>Skillnad<\/strong><\/td><\/tr><tr><td>Tj\u00e4nstesektorn<\/td><td>59 100<\/td><td>51 200<\/td><td>-7 900<\/td><\/tr><tr><td>G Handel<\/td><td>11 800<\/td><td>9 000<\/td><td>-2 800<\/td><\/tr><tr><td>H Transport- och magasineringsf\u00f6retag<\/td><td>3 700<\/td><td>3 300<\/td><td>-400<\/td><\/tr><tr><td>I Hotell och restauranger<\/td><td>3 500<\/td><td>3 700<\/td><td>200<\/td><\/tr><tr><td>J Informations- och kommunikationsf\u00f6retag<\/td><td>9 100<\/td><td>5 200<\/td><td>-3 900<\/td><\/tr><tr><td>K+L Finans-, f\u00f6rs\u00e4kring- och fastighetsverk.<\/td><td>2 500<\/td><td>2 900<\/td><td>400<\/td><\/tr><tr><td>M Juridik, ekonomi, vetenskap och teknik<\/td><td>7 700<\/td><td>8 000<\/td><td>300<\/td><\/tr><tr><td>N Uthyrning, fastighetsservice och andra st\u00f6dtj\u00e4nster<\/td><td>12 600<\/td><td>11 000<\/td><td>-1 600<\/td><\/tr><tr><td>P+Q Utbildning, v\u00e5rd och omsorg<\/td><td>5 900<\/td><td>5 200<\/td><td>-700<\/td><\/tr><tr><td>R+S Personliga och kulturella tj\u00e4nster<\/td><td>2 300<\/td><td>2 900<\/td><td>600<\/td><\/tr><\/tbody><\/table><figcaption class=\"wp-element-caption\"><sup><strong>K\u00e4lla:<\/strong> SCB<\/sup><\/figcaption><\/figure>\n\n\n\n<h3 class=\"wp-block-heading\" id=\"h-3-4-arbetslosheten-borjar-sjunka\">3.4 <a><a>Arbetsl\u00f6sheten b\u00f6rjar sjunka<\/a><\/a><\/h3>\n\n\n\n<p>Den tillv\u00e4xt av jobb som p\u00e5g\u00e5tt under en tid b\u00f6rjar nu \u00e4ven synas p\u00e5 arbetsl\u00f6sheten som sjunker. I februari var 507 000 personer arbetsl\u00f6sa vilket var 26&nbsp;000 f\u00e4rre \u00e4n i februari 2025. Den s\u00e4songs\u00adrensade arbetsl\u00f6sheten i februari var 8,4 procent, en nedg\u00e5ng med 0,5 procentenheter p\u00e5 ett \u00e5r. \u00c4ven antalet l\u00e5ngtidsarbetsl\u00f6sa b\u00f6rjar att minska. I februari hade 219 300 personer varit arbets\u00adl\u00f6sa i minst sex m\u00e5nader, vilket var 3 300 f\u00e4rre \u00e4n ett \u00e5r tidigare.<sup>23<\/sup><\/p>\n\n\n\n<p><mark class=\"has-inline-color has-primary-color\"><strong>Diagram 11:<\/strong><\/mark><strong> <strong><strong><strong><strong><strong>Arbetsl\u00f6sheten jan 2021 till feb 2026<\/strong><\/strong><\/strong><\/strong><\/strong><\/strong><\/p>\n\n\n\n<p>Procent av arbetskraften (15 &#8211; 74 \u00e5r), s\u00e4songsrensat<\/p>\n\n\n\n<figure class=\"wp-block-image size-full\"><img loading=\"lazy\" decoding=\"async\" width=\"1202\" height=\"726\" src=\"https:\/\/www.almega.se\/app\/uploads\/2026\/03\/Skarmavbild-2026-03-18-kl.-2.26.55-em.png\" alt=\"\" class=\"wp-image-86437\" srcset=\"https:\/\/www.almega.se\/app\/uploads\/2026\/03\/Skarmavbild-2026-03-18-kl.-2.26.55-em.png 1202w, https:\/\/www.almega.se\/app\/uploads\/2026\/03\/Skarmavbild-2026-03-18-kl.-2.26.55-em-580x350.png 580w, https:\/\/www.almega.se\/app\/uploads\/2026\/03\/Skarmavbild-2026-03-18-kl.-2.26.55-em-1180x713.png 1180w, https:\/\/www.almega.se\/app\/uploads\/2026\/03\/Skarmavbild-2026-03-18-kl.-2.26.55-em-380x230.png 380w, https:\/\/www.almega.se\/app\/uploads\/2026\/03\/Skarmavbild-2026-03-18-kl.-2.26.55-em-768x464.png 768w\" sizes=\"auto, (max-width: 1202px) 100vw, 1202px\" \/><figcaption class=\"wp-element-caption\"><strong>K\u00e4lla:<\/strong> SCB, AKU och Macrobond.<\/figcaption><\/figure>\n\n\n\n<p>Antalet varsel om upps\u00e4gning i tj\u00e4nstesektorn forts\u00e4tter ocks\u00e5 att. De senaste tolv m\u00e5naderna har 38 100 personer varslats om upps\u00e4gning, vilket \u00e4r elva procent f\u00e4rre \u00e4n f\u00f6reg\u00e5ende tolv m\u00e5nader. Antalet varsel har minskat mest inom personal\u00aduthyr\u00adning och andra st\u00f6dtj\u00e4nster till f\u00f6retag.<sup>24<\/sup><\/p>\n\n\n\n<p>Almegajouren hj\u00e4lper medlemmar med en rad \u00e4renden inom arbetsgivarfr\u00e5gor. Under de senaste tre m\u00e5naderna har 13 procent av samtalen till jouren handlat om upps\u00e4g\u00adningar, vilket \u00e4r tre procentenheter mindre \u00e4n under samma period f\u00f6rra \u00e5ret. Antalet samtal till jouren har dock \u00f6kat n\u00e5got.<sup>25<\/sup><\/p>\n\n\n<a class='Share__link Share__link--url copy-text' href='#' rel='nofollow' data-text='4.-stabil-prisutveckling-pa-tjanster' title='Dela url' data-confirmation='L\u00e4nken kopierades till urklipp'><svg class='icon icon--link'  width='18' height='18' viewBox='0 0 18 18' fill='none' xmlns='http:\/\/www.w3.org\/2000\/svg'>\n            <path d='M10.4142 0.514721L6.87868 4.05025L8.29289 5.46447L11.1213 2.63604L15.364 6.87868L12.5355 9.70711L13.9497 11.1213L17.4853 7.58579C17.8763 7.19476 17.8763 6.5626 17.4853 6.17158L11.8284 0.514721C11.4374 0.123691 10.8052 0.123691 10.4142 0.514721Z' fill='black'\/>\n            <path d='M9.7071 12.5355L6.87868 15.364L2.63604 11.1213L5.46446 8.2929L4.05025 6.87868L0.514716 10.4142C0.123686 10.8052 0.123686 11.4374 0.514716 11.8284L6.17157 17.4853C6.5626 17.8763 7.19475 17.8763 7.58578 17.4853L11.1213 13.9497L9.7071 12.5355Z' fill='black'\/>\n            <path d='M6.17157 11.8284C6.5626 12.2195 7.19475 12.2195 7.58578 11.8284L11.8284 7.58579C12.2195 7.19476 12.2195 6.56261 11.8284 6.17158C11.4374 5.78055 10.8052 5.78055 10.4142 6.17158L6.17157 10.4142C5.78054 10.8052 5.78054 11.4374 6.17157 11.8284Z' fill='black'\/>\n            <\/svg> <\/a>\n<h2 class=\"wp-block-heading\" id=\"h-4-stabil-prisutveckling-pa-tjanster\">4. <a>Stabil prisutveckling p\u00e5 tj\u00e4nster<\/a><\/h2>\n\n\n\n<h3 class=\"wp-block-heading\" id=\"h-4-1-forsaljningspriserna-okar-med-1-4-procent\">4.1 <a><a>F\u00f6rs\u00e4ljningspriserna \u00f6kar med 1,4 procent<\/a><\/a><\/h3>\n\n\n\n<p>Priserna p\u00e5 tj\u00e4nster \u00f6kar l\u00e5ngsamt. Tj\u00e4nste\u00adf\u00f6retagens f\u00f6rs\u00e4ljningspriser (TPI) \u2013 som omfattar b\u00e5de tj\u00e4nster till f\u00f6retag och konsumenter \u2013 \u00f6kade det fj\u00e4rde kvartalet med 1,4 procent i \u00e5rstakt och med 0,3 procent j\u00e4mf\u00f6rt med kvartalet innan. Almegas prisindikator f\u00f6rutsp\u00e5r att priserna p\u00e5 tj\u00e4nster kommer \u00f6ka l\u00e5ngsammare n\u00e4sta kvartal.<\/p>\n\n\n\n<p><mark class=\"has-inline-color has-primary-color\"><strong>Diagram 12:<\/strong><\/mark><strong> <strong><strong><strong><strong>Almegas prisindikator f\u00f6r kommande f\u00f6r\u00e4ndring av tj\u00e4nstepriserna<\/strong><\/strong><\/strong><\/strong><\/strong><\/p>\n\n\n\n<p>Kvartal ett 2010 till kvartal ett 2026<\/p>\n\n\n\n<figure class=\"wp-block-image size-full\"><img loading=\"lazy\" decoding=\"async\" width=\"1164\" height=\"674\" src=\"https:\/\/www.almega.se\/app\/uploads\/2026\/03\/Skarmavbild-2026-03-18-kl.-2.27.20-em.png\" alt=\"\" class=\"wp-image-86438\" srcset=\"https:\/\/www.almega.se\/app\/uploads\/2026\/03\/Skarmavbild-2026-03-18-kl.-2.27.20-em.png 1164w, https:\/\/www.almega.se\/app\/uploads\/2026\/03\/Skarmavbild-2026-03-18-kl.-2.27.20-em-580x336.png 580w, https:\/\/www.almega.se\/app\/uploads\/2026\/03\/Skarmavbild-2026-03-18-kl.-2.27.20-em-380x220.png 380w, https:\/\/www.almega.se\/app\/uploads\/2026\/03\/Skarmavbild-2026-03-18-kl.-2.27.20-em-768x445.png 768w\" sizes=\"auto, (max-width: 1164px) 100vw, 1164px\" \/><figcaption class=\"wp-element-caption\"><strong>K\u00e4lla:&nbsp;<\/strong> Almega, Konjunktur\u00ad\u00adinsti\u00adtutet och SCB<br><strong>Anm.<\/strong>&nbsp; Bl\u00e5 linje visar \u00e5rlig f\u00f6r\u00e4ndring av tj\u00e4nstepriserna <\/figcaption><\/figure>\n\n\n\n<p>Pris\u00f6kningstakten d\u00e4mpas av fallande priser p\u00e5 informations- och kommunikations\u00adtj\u00e4nster. Priserna p\u00e5 information- och kommunikationstj\u00e4nster har fallit med 1,5 procent det senaste \u00e5ret. Nedg\u00e5ngen beror p\u00e5 att priserna p\u00e5 tele\u00adkommunikationer och f\u00f6rlagstj\u00e4nster fallit det senaste \u00e5ret. D\u00e4remot har priserna p\u00e5 datakonsult\u00adtj\u00e4nster och informationstj\u00e4nster stigit.<\/p>\n\n\n\n<p>Priserna p\u00e5 hotell- och restaurang\u00adtj\u00e4nster f\u00f6ll det senaste kvartalet efter att \u00f6kat snabbt tidigare kvartal. Det fj\u00e4rde kvartalet var priserna 3,3 procent h\u00f6gre \u00e4n ett \u00e5r tidigare.<\/p>\n\n\n\n<p>Priserna p\u00e5 konsulttj\u00e4nster inom juridik, ekonomi, vetenskap och teknik har \u00f6kat med 2,2 procent det senaste \u00e5ret. Priserna p\u00e5 arkitekttj\u00e4nster \u00f6kar igen efter en l\u00e5ng period med svag efterfr\u00e5gan.<strong><br><\/strong><\/p>\n\n\n\n<p><mark class=\"has-inline-color has-primary-color\"><strong>Diagram 13: <\/strong><\/mark><strong><strong><strong><strong><strong>Tj\u00e4nstebranschernas bidrag till \u00e5rsf\u00f6r\u00e4ndringen i tj\u00e4nsteprisindex<\/strong><\/strong><br><\/strong><\/strong><\/strong>Kvartal ett 2022 till kvartal fyra 2025<\/p>\n\n\n\n<figure class=\"wp-block-image size-full\"><img loading=\"lazy\" decoding=\"async\" width=\"1286\" height=\"674\" src=\"https:\/\/www.almega.se\/app\/uploads\/2026\/03\/Skarmavbild-2026-03-18-kl.-2.27.36-em.png\" alt=\"\" class=\"wp-image-86439\" srcset=\"https:\/\/www.almega.se\/app\/uploads\/2026\/03\/Skarmavbild-2026-03-18-kl.-2.27.36-em.png 1286w, https:\/\/www.almega.se\/app\/uploads\/2026\/03\/Skarmavbild-2026-03-18-kl.-2.27.36-em-580x304.png 580w, https:\/\/www.almega.se\/app\/uploads\/2026\/03\/Skarmavbild-2026-03-18-kl.-2.27.36-em-1180x618.png 1180w, https:\/\/www.almega.se\/app\/uploads\/2026\/03\/Skarmavbild-2026-03-18-kl.-2.27.36-em-380x199.png 380w, https:\/\/www.almega.se\/app\/uploads\/2026\/03\/Skarmavbild-2026-03-18-kl.-2.27.36-em-768x403.png 768w\" sizes=\"auto, (max-width: 1286px) 100vw, 1286px\" \/><figcaption class=\"wp-element-caption\"><strong>K\u00e4lla<\/strong>: SCB.<\/figcaption><\/figure>\n\n\n\n<p>Priserna inom personaluthyrning och andra st\u00f6d\u00adtj\u00e4nster till f\u00f6retag \u00f6kade det fj\u00e4rde kvartalet med 3,6 procent i \u00e5rstakt. Priserna har \u00f6kat mest f\u00f6r bevaknings- och s\u00e4kerhetstj\u00e4nster.<\/p>\n\n\n\n<p><mark class=\"has-inline-color has-primary-color\"><strong>Tabell 7:<\/strong><\/mark><strong> <strong><strong><strong><strong>Pris\u00f6kningstakten inom tj\u00e4nster samt deras bidrag till \u00e5rsf\u00f6r\u00e4ndringen i tj\u00e4nsteprisindex (TPI), kvartal fyra 2025<\/strong><\/strong><\/strong><\/strong><\/strong><\/p>\n\n\n\n<p>Procent<\/p>\n\n\n\n<figure class=\"wp-block-table is-style-stripes\"><table class=\"has-fixed-layout\"><tbody><tr><td><\/td><td><strong><strong><strong><strong>F\u00f6r\u00e4ndring senaste kvartalet<\/strong><\/strong><\/strong><\/strong><\/td><td><strong><strong>F\u00f6r\u00e4ndring \u00e5rstakt<\/strong><\/strong><\/td><td><strong><strong>Bidrag till TPI<\/strong><\/strong><\/td><\/tr><tr><td><strong>Tj\u00e4nsteprisindex (TPI)<\/strong><\/td><td>0,3<\/td><td>1,4<\/td><td>1,4<\/td><\/tr><tr><td>Transport och magasinering<\/td><td>2,3<\/td><td>1,7<\/td><td>0,3<\/td><\/tr><tr><td>Hotell och restaurang<\/td><td>-1,1<\/td><td>3,3<\/td><td>0,2<\/td><\/tr><tr><td>Information och kommunikation<\/td><td>-0,5<\/td><td>-1,5<\/td><td>-0,4<\/td><\/tr><tr><td>Fastighetstj\u00e4nster<\/td><td>-0,1<\/td><td>2,4<\/td><td>0,3<\/td><\/tr><tr><td>Juridik, ekonomi, vetenskap och teknik<\/td><td>0,5<\/td><td>2,2<\/td><td>0,5<\/td><\/tr><tr><td>Uthyrning och andra st\u00f6dtj\u00e4nster<\/td><td>-0,1<\/td><td>3,6<\/td><td>0,5<\/td><\/tr><tr><td>Andra tj\u00e4nster<\/td><td>0,8<\/td><td>3,0<\/td><td>0,0<\/td><\/tr><\/tbody><\/table><figcaption class=\"wp-element-caption\"><sup><strong>K\u00e4lla:<\/strong> Almega, SCB<\/sup><\/figcaption><\/figure>\n\n\n\n<p><mark class=\"has-inline-color has-primary-color\"><strong>Diagram 14:<\/strong><\/mark><strong> <strong><strong><strong>Prisf\u00f6rv\u00e4ntningar i tj\u00e4nstesektorn jan 2022 till feb 2026<\/strong><\/strong><\/strong><\/strong><\/p>\n\n\n\n<p>Nettotal s\u00e4songrensat, procent<\/p>\n\n\n\n<figure class=\"wp-block-image size-full\"><img loading=\"lazy\" decoding=\"async\" width=\"1108\" height=\"588\" src=\"https:\/\/www.almega.se\/app\/uploads\/2026\/03\/Skarmavbild-2026-03-18-kl.-2.27.55-em.png\" alt=\"\" class=\"wp-image-86440\" srcset=\"https:\/\/www.almega.se\/app\/uploads\/2026\/03\/Skarmavbild-2026-03-18-kl.-2.27.55-em.png 1108w, https:\/\/www.almega.se\/app\/uploads\/2026\/03\/Skarmavbild-2026-03-18-kl.-2.27.55-em-580x308.png 580w, https:\/\/www.almega.se\/app\/uploads\/2026\/03\/Skarmavbild-2026-03-18-kl.-2.27.55-em-380x202.png 380w, https:\/\/www.almega.se\/app\/uploads\/2026\/03\/Skarmavbild-2026-03-18-kl.-2.27.55-em-768x408.png 768w\" sizes=\"auto, (max-width: 1108px) 100vw, 1108px\" \/><figcaption class=\"wp-element-caption\"><strong>K\u00e4lla:<\/strong> Konjunkturinstitutet<br><strong>Anm: <\/strong>Privat tj\u00e4nstesektor exkl. handel. Nettotal \u00e4r andelen f\u00f6retag som r\u00e4knar med att h\u00f6ja f\u00f6rs\u00e4ljningspriserna de n\u00e4rmaste tre m\u00e5naderna minus andelen som r\u00e4knar med att s\u00e4nka dem.<\/figcaption><\/figure>\n\n\n\n<p>Tj\u00e4nstef\u00f6retagens prisf\u00f6rv\u00e4ntningar har stabiliserat sig p\u00e5 den niv\u00e5 som g\u00e4llde innan inflationen b\u00f6rjade stiga kraftigt 2022.&nbsp; Bland juridiska och ekonomiska konsulter och tekniska konsulter r\u00e4knar en stor del av f\u00f6retagen med att h\u00f6ja sina priser i n\u00e4rtid medan transportf\u00f6retagen inte g\u00f6r det. Bland arkitekter r\u00e4knar fler f\u00f6retag \u00e4n tidigare med att kunna h\u00f6ja sina priser fram\u00f6ver.<\/p>\n\n\n\n<p><strong><mark class=\"has-inline-color has-primary-color\">Tabell 8:<\/mark> <strong><strong><strong><strong>Tj\u00e4nstef\u00f6retagens prisf\u00f6rv\u00e4ntningar nov 2025 och feb 2026<\/strong><\/strong><\/strong><\/strong><\/strong><\/p>\n\n\n\n<p>Nettotal s\u00e4songsrensat<\/p>\n\n\n\n<figure class=\"wp-block-table is-style-stripes\"><table class=\"has-fixed-layout\"><tbody><tr><td><\/td><td><strong><strong><strong><strong>Nov<\/strong><\/strong><\/strong><\/strong><\/td><td><strong><strong>Feb<\/strong><\/strong><\/td><\/tr><tr><td><strong>Tj\u00e4nsteprisindex (TPI)<\/strong><\/td><td><strong>14<\/strong><\/td><td><strong>14<\/strong><\/td><\/tr><tr><td>Landtransporter<\/td><td>3<\/td><td>-5<\/td><\/tr><tr><td>Hotell och restauranger<\/td><td>22<\/td><td>22<\/td><\/tr><tr><td>Datakonsulter<\/td><td>1<\/td><td>16<\/td><\/tr><tr><td>Fastighetsf\u00f6rvaltning<\/td><td>19<\/td><td>8<\/td><\/tr><tr><td>Konsulter juridik, ekonomi<\/td><td>60<\/td><td>40<\/td><\/tr><tr><td>Arkitekter<\/td><td>11<\/td><td>16<\/td><\/tr><tr><td>Tekniska konsulter<\/td><td>-2<\/td><td>29<\/td><\/tr><tr><td>Arbetsf\u00f6rmedling, bemanning mm<\/td><td>9<\/td><td>23<\/td><\/tr><tr><td>Andra f\u00f6retagstj\u00e4nster<\/td><td>26<\/td><td>2<\/td><\/tr><\/tbody><\/table><figcaption class=\"wp-element-caption\"><sup><strong>K\u00e4lla:<\/strong> Konjunkturinstitutet<br><strong>Anm<\/strong>: Nettotal \u00e4r andelen f\u00f6retag som planerar att h\u00f6ja priserna minus andelen som planerar att s\u00e4nka dem.<\/sup><\/figcaption><\/figure>\n\n\n\n<h3 class=\"wp-block-heading\" id=\"h-4-2-konsumentpriser-pa-tjanster-okar-langsammare\">4.2 <a>\u00a0<a>Konsumentpriser p\u00e5 tj\u00e4nster \u00f6kar l\u00e5ngsammare<\/a><\/a><\/h3>\n\n\n\n<p>Priserna p\u00e5 tj\u00e4nster som s\u00e4ljs direkt till konsumenter i Sverige \u00f6kar snabbare \u00e4n priserna p\u00e5 alla tj\u00e4nster men pris\u00f6kningen har d\u00e4mpats. I december steg konsument\u00adpriserna p\u00e5 tj\u00e4nster med 3,0 procent, vilket var 0,6 procentenheter l\u00e5ngsammare \u00e4n i oktober. \u00d6kande boende\u00adkostnader och stigande priser p\u00e5 hotell- och restaurang\u00adtj\u00e4nster f\u00f6rklarar h\u00e4lften av pris\u00f6kningen p\u00e5 tj\u00e4nster.<\/p>\n\n\n\n<p><mark class=\"has-inline-color has-primary-color\"><strong>Tabell 9:<\/strong><\/mark><strong> <strong><strong><strong><strong><strong><strong>\u00d6kning av priserna p\u00e5 tj\u00e4nster i KPI okt till dec 2025, \u00e5rstakt<\/strong><\/strong><\/strong><\/strong><\/strong><\/strong><\/strong><\/p>\n\n\n\n<p>Procent<\/p>\n\n\n\n<figure class=\"wp-block-table is-style-stripes\"><table class=\"has-fixed-layout\"><tbody><tr><td><\/td><td><strong><strong><strong><strong>Okt<\/strong><\/strong><\/strong><\/strong><\/td><td><strong><strong>Nov<\/strong><\/strong><\/td><td><strong><strong>Dec<\/strong><\/strong><\/td><\/tr><tr><td><strong><strong>Tj\u00e4nstepriser totalt<\/strong><\/strong><\/td><td><strong>3,6<\/strong><\/td><td><strong>3,3<\/strong><\/td><td><strong>3,0<\/strong><\/td><\/tr><tr><td>Boende<\/td><td>1,0<\/td><td>0,9<\/td><td>0,9<\/td><\/tr><tr><td>Bil, transporter, post- och teletj\u00e4nster<\/td><td>0,8<\/td><td>0,8<\/td><td>0,5<\/td><\/tr><tr><td>N\u00f6jen, lotterier med mera<\/td><td>0,4<\/td><td>0,3<\/td><td>0,3<\/td><\/tr><tr><td>L\u00e4kare, tandl\u00e4kare och personlig hygien<\/td><td>0,3<\/td><td>0,3<\/td><td>0,3<\/td><\/tr><tr><td>Restaurang och logi<\/td><td>0,8<\/td><td>0,7<\/td><td>0,7<\/td><\/tr><tr><td>\u00d6vriga tj\u00e4nster<\/td><td>0,3<\/td><td>0,3<\/td><td>0,3<\/td><\/tr><\/tbody><\/table><figcaption class=\"wp-element-caption\"><sup><strong>K\u00e4lla: <\/strong>Almega, SCB<br><strong>Anm:<\/strong> Bland \u00f6vriga tj\u00e4nster ing\u00e5r; begravning, hemf\u00f6rs\u00e4kring, bank, utbildning, reparation och hush\u00e5llstj\u00e4nster.<\/sup><\/figcaption><\/figure>\n\n\n\n<p>De sammanv\u00e4gda pris\u00f6kningarna p\u00e5 b\u00e5de varor och tj\u00e4nster \u00e4r l\u00e4gre. R\u00e4knar man bort effekten av s\u00e4nkta r\u00e4ntor (KPIF) var inflations\u00adtakten 2,1 procent i december.<sup>26<\/sup><\/p>\n\n\n<a class='Share__link Share__link--url copy-text' href='#' rel='nofollow' data-text='5.-om-tjansteindikatorn' title='Dela url' data-confirmation='L\u00e4nken kopierades till urklipp'><svg class='icon icon--link'  width='18' height='18' viewBox='0 0 18 18' fill='none' xmlns='http:\/\/www.w3.org\/2000\/svg'>\n            <path d='M10.4142 0.514721L6.87868 4.05025L8.29289 5.46447L11.1213 2.63604L15.364 6.87868L12.5355 9.70711L13.9497 11.1213L17.4853 7.58579C17.8763 7.19476 17.8763 6.5626 17.4853 6.17158L11.8284 0.514721C11.4374 0.123691 10.8052 0.123691 10.4142 0.514721Z' fill='black'\/>\n            <path d='M9.7071 12.5355L6.87868 15.364L2.63604 11.1213L5.46446 8.2929L4.05025 6.87868L0.514716 10.4142C0.123686 10.8052 0.123686 11.4374 0.514716 11.8284L6.17157 17.4853C6.5626 17.8763 7.19475 17.8763 7.58578 17.4853L11.1213 13.9497L9.7071 12.5355Z' fill='black'\/>\n            <path d='M6.17157 11.8284C6.5626 12.2195 7.19475 12.2195 7.58578 11.8284L11.8284 7.58579C12.2195 7.19476 12.2195 6.56261 11.8284 6.17158C11.4374 5.78055 10.8052 5.78055 10.4142 6.17158L6.17157 10.4142C5.78054 10.8052 5.78054 11.4374 6.17157 11.8284Z' fill='black'\/>\n            <\/svg> <\/a>\n<h2 class=\"wp-block-heading\" id=\"h-5-om-tjansteindikatorn\">5. Om tj\u00e4nsteindikatorn<\/h2>\n\n\n\n<p>Almegas <em>tj\u00e4nsteindikator<\/em> har tagits fram av Almega fr\u00e5n och med \u00e5r 2001 f\u00f6r att ge en indikation om vart konjunkturen i den privata tj\u00e4nstesektorn \u00e4r p\u00e5 v\u00e4g p\u00e5 kort sikt.<sup>27<\/sup> Indikatorn ger information f\u00f6r att tidigt kunna f\u00f6rutsp\u00e5 v\u00e4ndpunkter i konjunkturen, inom b\u00e5de tj\u00e4nstesektorn och Sveriges ekonomi, eftersom den privata tj\u00e4nstesektorn svarar f\u00f6r 52 procent av Sveriges BNP.<\/p>\n\n\n\n<p>Almegas tj\u00e4nsteindikator t\u00e4cker in cirka 90 procent av den privata tj\u00e4nste\u00adsektorns f\u00f6r\u00e4d\u00adlings\u00adv\u00e4rde och drygt 80 procent av dess syssels\u00e4ttning.<sup>28<\/sup> Indikatorn bygger p\u00e5 en skattning av sambandet mellan tj\u00e4nstef\u00f6retagens svar i Konjunkturinstitutets konjunkturbarometer och utfallet f\u00f6r produk\u00adtionstillv\u00e4xten i den privata tj\u00e4nste\u00adsektorn enligt SCB:s tj\u00e4nste\u00adproduk\u00adtions\u00ad\u00adindex. Skattningen utg\u00e5r fr\u00e5n sambandet mellan bland annat f\u00f6retagens f\u00f6rv\u00e4ntningar om det kommande kvartalets efterfr\u00e5ge- och produktions\u00adutveckling och den faktiska utvecklingen av tj\u00e4nste\u00adproduktionen per kvartal enligt Statistiska Centralbyr\u00e5ns (SCB) tj\u00e4nsteproduktions\u00adindex.<\/p>\n\n\n\n<p>Tj\u00e4nsteindikatorn \u00e4r ber\u00e4knad i indexform d\u00e4r v\u00e4rdet 100 anger genomsnittet f\u00f6r den period som den bygger p\u00e5 (skattningen \u00e4r gjord p\u00e5 data fr\u00e5n och med \u00e5r 2005). Indexv\u00e4rden \u00f6ver 100 anger en h\u00f6gre tillv\u00e4xt \u00e4n det historiska genomsnittet och index under 100 p\u00e5 det motsatta. Indikatorn anger ocks\u00e5 om tillv\u00e4xten kan f\u00f6rv\u00e4ntas \u00f6ka, vara of\u00f6r\u00e4ndrad eller minska under det n\u00e4rmaste kvartalet. Indikatorn \u00e4r ledande och ligger tv\u00e5 till tre m\u00e5nader f\u00f6re publiceringen av det faktiska utfallet fr\u00e5n SCB.<\/p>\n\n\n\n<p>Almegas <em>arbetsmarknadsindikator<\/em> bygger p\u00e5 ett skattat samband mellan svar fr\u00e5n tj\u00e4nste\u00adf\u00f6retagen i Konjunkturinstitutets konjunkturbarometer och den privata tj\u00e4nstesektorns syssels\u00e4ttningsf\u00f6r\u00e4ndring enligt SCB:s statistik \u00f6ver anst\u00e4llningar. Arbetsmark\u00adnads\u00adindikatorn bygger dessutom p\u00e5 uppgifter om rekryteringsgraden i tj\u00e4nstesektorn, som h\u00e4mtas fr\u00e5n SCB och uppdateras kvartalsvis. Indexv\u00e4rdet 100 anger det historiska genom\u00adsnittet f\u00f6r indikatorn baserat p\u00e5 det skattade sambandet fr\u00e5n och med \u00e5r 2005.<\/p>\n\n\n\n<p><em>Prisindikatorn<\/em> bygger p\u00e5 ett skattat samband mellan svar fr\u00e5n tj\u00e4nste\u00adf\u00f6re\u00adtagen i Konjunkturinstitutets konjunkturbarometer och f\u00f6r\u00e4ndringen av f\u00f6rs\u00e4ljnings\u00adpriserna i den privata tj\u00e4nstesektorns enligt SCB:s tj\u00e4nste\u00adpris\u00adindex. V\u00e4rdet 100 anger den genomsnittliga pris\u00f6kningstakten sedan 2006.<\/p>\n\n\n<a class='Share__link Share__link--url copy-text' href='#' rel='nofollow' data-text='fotnoter' title='Dela url' data-confirmation='L\u00e4nken kopierades till urklipp'><svg class='icon icon--link'  width='18' height='18' viewBox='0 0 18 18' fill='none' xmlns='http:\/\/www.w3.org\/2000\/svg'>\n            <path d='M10.4142 0.514721L6.87868 4.05025L8.29289 5.46447L11.1213 2.63604L15.364 6.87868L12.5355 9.70711L13.9497 11.1213L17.4853 7.58579C17.8763 7.19476 17.8763 6.5626 17.4853 6.17158L11.8284 0.514721C11.4374 0.123691 10.8052 0.123691 10.4142 0.514721Z' fill='black'\/>\n            <path d='M9.7071 12.5355L6.87868 15.364L2.63604 11.1213L5.46446 8.2929L4.05025 6.87868L0.514716 10.4142C0.123686 10.8052 0.123686 11.4374 0.514716 11.8284L6.17157 17.4853C6.5626 17.8763 7.19475 17.8763 7.58578 17.4853L11.1213 13.9497L9.7071 12.5355Z' fill='black'\/>\n            <path d='M6.17157 11.8284C6.5626 12.2195 7.19475 12.2195 7.58578 11.8284L11.8284 7.58579C12.2195 7.19476 12.2195 6.56261 11.8284 6.17158C11.4374 5.78055 10.8052 5.78055 10.4142 6.17158L6.17157 10.4142C5.78054 10.8052 5.78054 11.4374 6.17157 11.8284Z' fill='black'\/>\n            <\/svg> <\/a>\n<h2 class=\"wp-block-heading\">Fotnoter<\/h2>\n\n\n\n<ol class=\"wp-block-list\">\n<li>SCB, nationalr\u00e4kenskaper. <a href=\"https:\/\/www.scb.se\/hitta-statistik\/statistik-efter-amne\/nationalrakenskaper\/nationalrakenskaper\/nationalrakenskaper-kvartals-och-arsberakningar\/pong\/statistiknyhet\/nationalrakenskaper-4e-kvartalet-2025\/\">BNP \u00f6kade fj\u00e4rde kvartalet 2025<\/a><\/li>\n\n\n\n<li>SCB, Tj\u00e4nsteproduktionsindex, kalenderkorrigerad. Privat tj\u00e4nstesektor minus finans och f\u00f6rs\u00e4kring.<\/li>\n\n\n\n<li>\u00c5r 2025 \u00f6kade kronan med 8,3 procent i v\u00e4rde mot KIX-index &#8211; ett v\u00e4gt genomsnitt av valutorna hos Sveriges viktigaste handelspartners.<\/li>\n\n\n\n<li>Utrikeshandel med tj\u00e4nster. <a href=\"https:\/\/www.scb.se\/hitta-statistik\/statistik-efter-amne\/naringsverksamhet-och-utrikeshandel\/utrikeshandel\/utrikeshandel-med-tjanster\/\">Utrikeshandel med tj\u00e4nster<\/a> Exportpriserna p\u00e5 tj\u00e4nster f\u00f6ll med 4,7 procent under samma period.<\/li>\n\n\n\n<li>Ink\u00f6pschefsindex privata tj\u00e4nstesektorn. <a href=\"https:\/\/www.silf.se\/medlem-i-silf\/pmi-inkopschefsindex\/\">PMI &#8211; Ink\u00f6pschefsindex &#8211; konjunkturm\u00e4tare<\/a><\/li>\n\n\n\n<li>SCB, utrikeshandel med tj\u00e4nster. <a href=\"https:\/\/www.statistikdatabasen.scb.se\/pxweb\/sv\/ssd\/START__HA__HA0202\/HA0202TjanstHKvN\/\">https:\/\/www.statistikdatabasen.scb.se\/pxweb\/sv\/ssd\/START__HA__HA0202\/HA0202TjanstHKvN\/<\/a><\/li>\n\n\n\n<li>F\u00f6r datatj\u00e4nster f\u00f6ll exportpriserna med 4,1 procent under perioden f\u00f6r telekommunikationer f\u00f6ll de med 11,8 procent. SCB, Exportprisindex. Informations- och kommunikations\u00adtj\u00e4nster. <a href=\"https:\/\/www.statistikdatabasen.scb.se\/pxweb\/sv\/ssd\/START__PR__PR0301__PR0301L\/TPI2020K\/table\/tableViewLayout1\/\">Exportprisindex (EXPI), 2020=100 efter produktgrupp SPIN 2015 och kvartal. PxWeb<\/a><\/li>\n\n\n\n<li>SCB, utrikeshandel med tj\u00e4nster. <a href=\"https:\/\/www.statistikdatabasen.scb.se\/pxweb\/sv\/ssd\/START__HA__HA0202\/HA0202TjanstHKvN\/\">https:\/\/www.statistikdatabasen.scb.se\/pxweb\/sv\/ssd\/START__HA__HA0202\/HA0202TjanstHKvN\/<\/a> Exportpriserna p\u00e5 tj\u00e4nster inom juridik, ekonomi, vetenskap och teknik \u00f6kade med 3,1 procent under perioden.<\/li>\n\n\n\n<li>Innovationsf\u00f6retagen, Investeringssignalen, februari 2026. <a href=\"https:\/\/www.innovationsforetagen.se\/2026\/02\/ny-rapport-sex-av-tio-foretag-raknar-med-okad-orderingang\/\">Ny rapport: Sex av tio f\u00f6retag r\u00e4knar med \u00f6kad ordering\u00e5ng &#8211; Innovations\u00adf\u00f6retagen<\/a><\/li>\n\n\n\n<li>Almega Kompetensf\u00f6retagen, kvartalsrapport Q4 2025. Priserna inom uthyrning och st\u00f6dtj\u00e4nster har \u00f6kat med 3,6 procent det senaste \u00e5ret (se tabell 7).<\/li>\n\n\n\n<li>SCB, tj\u00e4nsteproduktionsindex.<\/li>\n\n\n\n<li>Konjunkturinstitutet. <a href=\"https:\/\/statistik.konj.se\/PxWeb\/pxweb\/sv\/KonjBar\/KonjBar__hushall\/indikatorhus.px\/\">Hush\u00e5llsindikatorer &#8211; m\u00e5nad efter Indikator, Grupp och Period. Statistikdatabasen<\/a><\/li>\n\n\n\n<li>SCB, hush\u00e5llens konsumtionsutgifter efter \u00e4ndam\u00e5l. <a href=\"https:\/\/www.statistikdatabasen.scb.se\/pxweb\/sv\/ssd\/START__NR__NR0103__NR0103A\/NR0103ENS2010T02KvN\/\">https:\/\/www.statistikdatabasen.scb.se\/pxweb\/sv\/ssd\/START__NR__NR0103__NR0103A\/NR0103ENS2010T02KvN\/<\/a><\/li>\n\n\n\n<li>SCB, tj\u00e4nsteproduktionsindex.<\/li>\n\n\n\n<li>Inom kultur, n\u00f6je och fritid ing\u00e5r bland annat museer, teatrar, sport\u00adanl\u00e4ggningar och gym. I annan service ing\u00e5r bland annat reparationer, tv\u00e4tterier och fris\u00f6rer.&nbsp;<\/li>\n\n\n\n<li>SCB, Tj\u00e4nsteproduktionsindex.<\/li>\n\n\n\n<li>SCB, Tj\u00e4nsteproduktionsindex.<\/li>\n\n\n\n<li>Tillv\u00e4xtanalys. <a href=\"https:\/\/statistik.tillvaxtanalys.se\/PxWeb\/pxweb\/sv\/Tillv%c3%a4xtanalys%20statistikdatabas\/Tillv%c3%a4xtanalys%20statistikdatabas__Konkurser%20och%20offentliga%20ackord\/konk_ar_lan_bransch_2009.px\/table\/tableViewLayout2\/\">Konkurser och anst\u00e4llda ber\u00f6rda av konkurs 1996- efter \u00e5r, l\u00e4n, bransch och variabel. PxWeb (tillvaxtanalys.se)<\/a> \u00c5r 2026 ber\u00f6rdes 16&nbsp;000 anst\u00e4llda i tj\u00e4nstesektorn av konkurser j\u00e4mf\u00f6rt med 17&nbsp;300 personer \u00e5ret innan.<\/li>\n\n\n\n<li>Antalet anst\u00e4llda i hela n\u00e4ringslivet har \u00f6kat med 14&nbsp;900 det senaste \u00e5ret. SCB, anst\u00e4llningar. <a href=\"https:\/\/www.scb.se\/hitta-statistik\/statistik-efter-amne\/arbetsmarknad\/efterfragan-pa-arbetskraft\/anstallningar\/\">Anst\u00e4llningar<\/a><\/li>\n\n\n\n<li><a href=\"https:\/\/forlaggare.se\/wp-content\/uploads\/2025\/03\/Forlagsstatistik-2024.pdf\">Forlagsstatistik-2024.pdf<\/a><\/li>\n\n\n\n<li>\u00d6ver 90 procent av f\u00f6retagen inom informations- och kommunikationssektorn anv\u00e4nde AI-teknik i sin verksamhet 2025.<\/li>\n\n\n\n<li>Konjunkturinstitutets m\u00e5nadsbarometrar. <a href=\"https:\/\/statistik.konj.se\/PXWeb\/pxweb\/sv\/KonjBar\">Statistikdatabasen &#8211; v\u00e4lj tabell (konj.se)<\/a><\/li>\n\n\n\n<li>Arbetsf\u00f6rmedlingens, m\u00e5nadsstatistik. <a href=\"https:\/\/statistik.arbetsformedlingen.se\/extensions\/Manadsstatistik_sid1\/Manadsstatistik_sid1.html\">M\u00e5nadsstatistik (arbetsformedlingen.se)<\/a><\/li>\n\n\n\n<li>Arbetsf\u00f6rmedlingen, varselstatistik <a href=\"https:\/\/arbetsformedlingen.se\/statistik\/statistik-om-varsel\">Statistik &#8211; Arbetsf\u00f6rmedlingen (arbetsformedlingen.se)<\/a><\/li>\n\n\n\n<li>Almegajouren statistik, mars 2026.<\/li>\n\n\n\n<li><a href=\"https:\/\/www.scb.se\/hitta-statistik\/statistik-efter-amne\/priser-och-ekonomiska-tendenser\/priser\/konsumentprisindex-kpi\/pong\/statistiknyhet\/konsumentprisindex-kpi-december-2025\/\">Inflationstakten enligt KPI var 0,3 procent i december 2025<\/a><\/li>\n\n\n\n<li>Almegas tj\u00e4nsteindikator togs fram 2001 av Owe Danemar, Almegas d\u00e5varande chefekonom.<\/li>\n\n\n\n<li>De tj\u00e4nstebranscher som saknas i KI-barometern \u00e4r utbildning, h\u00e4lso- och sjukv\u00e5rd, kultur, n\u00f6je och fritid samt samh\u00e4lleliga och hush\u00e5llsn\u00e4ra tj\u00e4nster inom n\u00e4ringslivet.<\/li>\n<\/ol>\n\n\n\n<p><\/p>\n","protected":false},"excerpt":{"rendered":"<p>Almegas tj\u00e4nsteindikator, kvartal ett, 2026. <\/p>\n","protected":false},"author":16543,"featured_media":86445,"comment_status":"closed","ping_status":"closed","sticky":false,"template":"","format":"standard","meta":{"_acf_changed":false,"footnotes":""},"categories":[630,581],"tags":[392,50],"article_type":[56,42],"agreement":[],"class_list":["post-86418","post","type-post","status-publish","format-standard","has-post-thumbnail","hentry","category-konjunktur","category-tjanstesektorns-betydelse","tag-tjansteindikatorn","tag-tjanstesektorns-utveckling","type-nyheter","type-rapporter"],"acf":[],"yoast_head":"<!-- This site is optimized with the Yoast SEO Premium plugin v26.8 (Yoast SEO v26.8) - https:\/\/yoast.com\/product\/yoast-seo-premium-wordpress\/ -->\n<title>Almegas tj\u00e4nsteindikator f\u00f6r f\u00f6rsta kvartalet 2026 | Almega<\/title>\n<meta name=\"description\" content=\"Ta del av Almegas tj\u00e4nsteindikator f\u00f6r f\u00f6rsta kvartalet 2024, och l\u00e4s rapporten &quot;V\u00e4ndpunkt i sikte&quot; i sin helhet p\u00e5 almega.se.\" \/>\n<meta name=\"robots\" content=\"index, follow, max-snippet:-1, max-image-preview:large, max-video-preview:-1\" \/>\n<link rel=\"canonical\" href=\"https:\/\/www.almega.se\/2026\/03\/almegas-tjansteindikator-for-forsta-kvartalet-2026\/\" \/>\n<meta property=\"og:locale\" content=\"sv_SE\" \/>\n<meta property=\"og:type\" content=\"article\" \/>\n<meta property=\"og:title\" content=\"Almegas tj\u00e4nsteindikator f\u00f6r f\u00f6rsta kvartalet 2026\" \/>\n<meta property=\"og:description\" content=\"Ta del av Almegas tj\u00e4nsteindikator f\u00f6r f\u00f6rsta kvartalet 2024, och l\u00e4s rapporten &quot;V\u00e4ndpunkt i sikte&quot; i sin helhet p\u00e5 almega.se.\" \/>\n<meta property=\"og:url\" content=\"https:\/\/www.almega.se\/2026\/03\/almegas-tjansteindikator-for-forsta-kvartalet-2026\/\" \/>\n<meta property=\"og:site_name\" content=\"Almega\" \/>\n<meta property=\"article:published_time\" content=\"2026-03-19T05:00:00+00:00\" \/>\n<meta property=\"og:image\" content=\"https:\/\/www.almega.se\/app\/uploads\/2026\/03\/Skarmavbild-2026-03-18-kl.-2.54.15-em.png\" \/>\n\t<meta property=\"og:image:width\" content=\"544\" \/>\n\t<meta property=\"og:image:height\" content=\"472\" \/>\n\t<meta property=\"og:image:type\" content=\"image\/png\" \/>\n<meta name=\"author\" content=\"R\u00e9ka Tolnai\" \/>\n<meta name=\"twitter:card\" content=\"summary_large_image\" \/>\n<meta name=\"twitter:label1\" content=\"Skriven av\" \/>\n\t<meta name=\"twitter:data1\" content=\"R\u00e9ka Tolnai\" \/>\n\t<meta name=\"twitter:label2\" content=\"Ber\u00e4knad l\u00e4stid\" \/>\n\t<meta name=\"twitter:data2\" content=\"25 minuter\" \/>\n<!-- \/ Yoast SEO Premium plugin. -->","yoast_head_json":{"title":"Almegas tj\u00e4nsteindikator f\u00f6r f\u00f6rsta kvartalet 2026 | Almega","description":"Ta del av Almegas tj\u00e4nsteindikator f\u00f6r f\u00f6rsta kvartalet 2024, och l\u00e4s rapporten \"V\u00e4ndpunkt i sikte\" i sin helhet p\u00e5 almega.se.","robots":{"index":"index","follow":"follow","max-snippet":"max-snippet:-1","max-image-preview":"max-image-preview:large","max-video-preview":"max-video-preview:-1"},"canonical":"https:\/\/www.almega.se\/2026\/03\/almegas-tjansteindikator-for-forsta-kvartalet-2026\/","og_locale":"sv_SE","og_type":"article","og_title":"Almegas tj\u00e4nsteindikator f\u00f6r f\u00f6rsta kvartalet 2026","og_description":"Ta del av Almegas tj\u00e4nsteindikator f\u00f6r f\u00f6rsta kvartalet 2024, och l\u00e4s rapporten \"V\u00e4ndpunkt i sikte\" i sin helhet p\u00e5 almega.se.","og_url":"https:\/\/www.almega.se\/2026\/03\/almegas-tjansteindikator-for-forsta-kvartalet-2026\/","og_site_name":"Almega","article_published_time":"2026-03-19T05:00:00+00:00","og_image":[{"width":544,"height":472,"url":"https:\/\/www.almega.se\/app\/uploads\/2026\/03\/Skarmavbild-2026-03-18-kl.-2.54.15-em.png","type":"image\/png"}],"author":"R\u00e9ka Tolnai","twitter_card":"summary_large_image","twitter_misc":{"Skriven av":"R\u00e9ka Tolnai","Ber\u00e4knad l\u00e4stid":"25 minuter"},"schema":{"@context":"https:\/\/schema.org","@graph":[{"@type":"NewsArticle","@id":"https:\/\/www.almega.se\/2026\/03\/almegas-tjansteindikator-for-forsta-kvartalet-2026\/#article","isPartOf":{"@id":"https:\/\/www.almega.se\/2026\/03\/almegas-tjansteindikator-for-forsta-kvartalet-2026\/"},"author":{"name":"R\u00e9ka Tolnai","@id":"https:\/\/www.almega.se\/#\/schema\/person\/e54aa110880538cf5ceac0ac54bbecf7"},"headline":"Almegas tj\u00e4nsteindikator f\u00f6r f\u00f6rsta kvartalet 2026","datePublished":"2026-03-19T05:00:00+00:00","mainEntityOfPage":{"@id":"https:\/\/www.almega.se\/2026\/03\/almegas-tjansteindikator-for-forsta-kvartalet-2026\/"},"wordCount":4973,"image":{"@id":"https:\/\/www.almega.se\/2026\/03\/almegas-tjansteindikator-for-forsta-kvartalet-2026\/#primaryimage"},"thumbnailUrl":"https:\/\/www.almega.se\/app\/uploads\/2026\/03\/Skarmavbild-2026-03-18-kl.-2.54.15-em.png","keywords":["Tj\u00e4nsteindikatorn","Tj\u00e4nstesektorns utveckling"],"articleSection":["Konjunktur","Tj\u00e4nstesektorns betydelse"],"inLanguage":"sv-SE"},{"@type":"WebPage","@id":"https:\/\/www.almega.se\/2026\/03\/almegas-tjansteindikator-for-forsta-kvartalet-2026\/","url":"https:\/\/www.almega.se\/2026\/03\/almegas-tjansteindikator-for-forsta-kvartalet-2026\/","name":"Almegas tj\u00e4nsteindikator f\u00f6r f\u00f6rsta kvartalet 2026 | Almega","isPartOf":{"@id":"https:\/\/www.almega.se\/#website"},"primaryImageOfPage":{"@id":"https:\/\/www.almega.se\/2026\/03\/almegas-tjansteindikator-for-forsta-kvartalet-2026\/#primaryimage"},"image":{"@id":"https:\/\/www.almega.se\/2026\/03\/almegas-tjansteindikator-for-forsta-kvartalet-2026\/#primaryimage"},"thumbnailUrl":"https:\/\/www.almega.se\/app\/uploads\/2026\/03\/Skarmavbild-2026-03-18-kl.-2.54.15-em.png","datePublished":"2026-03-19T05:00:00+00:00","author":{"@id":"https:\/\/www.almega.se\/#\/schema\/person\/e54aa110880538cf5ceac0ac54bbecf7"},"description":"Ta del av Almegas tj\u00e4nsteindikator f\u00f6r f\u00f6rsta kvartalet 2024, och l\u00e4s rapporten \"V\u00e4ndpunkt i sikte\" i sin helhet p\u00e5 almega.se.","breadcrumb":{"@id":"https:\/\/www.almega.se\/2026\/03\/almegas-tjansteindikator-for-forsta-kvartalet-2026\/#breadcrumb"},"inLanguage":"sv-SE","potentialAction":[{"@type":"ReadAction","target":["https:\/\/www.almega.se\/2026\/03\/almegas-tjansteindikator-for-forsta-kvartalet-2026\/"]}]},{"@type":"ImageObject","inLanguage":"sv-SE","@id":"https:\/\/www.almega.se\/2026\/03\/almegas-tjansteindikator-for-forsta-kvartalet-2026\/#primaryimage","url":"https:\/\/www.almega.se\/app\/uploads\/2026\/03\/Skarmavbild-2026-03-18-kl.-2.54.15-em.png","contentUrl":"https:\/\/www.almega.se\/app\/uploads\/2026\/03\/Skarmavbild-2026-03-18-kl.-2.54.15-em.png","width":544,"height":472},{"@type":"BreadcrumbList","@id":"https:\/\/www.almega.se\/2026\/03\/almegas-tjansteindikator-for-forsta-kvartalet-2026\/#breadcrumb","itemListElement":[{"@type":"ListItem","position":1,"name":"Home","item":"https:\/\/www.almega.se\/"},{"@type":"ListItem","position":2,"name":"Almegas tj\u00e4nsteindikator f\u00f6r f\u00f6rsta kvartalet 2026"}]},{"@type":"WebSite","@id":"https:\/\/www.almega.se\/#website","url":"https:\/\/www.almega.se\/","name":"Almega","description":"","potentialAction":[{"@type":"SearchAction","target":{"@type":"EntryPoint","urlTemplate":"https:\/\/www.almega.se\/?s={search_term_string}"},"query-input":{"@type":"PropertyValueSpecification","valueRequired":true,"valueName":"search_term_string"}}],"inLanguage":"sv-SE"},{"@type":"Person","@id":"https:\/\/www.almega.se\/#\/schema\/person\/e54aa110880538cf5ceac0ac54bbecf7","name":"R\u00e9ka Tolnai","image":{"@type":"ImageObject","inLanguage":"sv-SE","@id":"https:\/\/www.almega.se\/#\/schema\/person\/image\/","url":"https:\/\/secure.gravatar.com\/avatar\/c722d4a4ee787603df9df499a683d681bd2c463bde248da25aabc45883d614d2?s=96&d=mm&r=g","contentUrl":"https:\/\/secure.gravatar.com\/avatar\/c722d4a4ee787603df9df499a683d681bd2c463bde248da25aabc45883d614d2?s=96&d=mm&r=g","caption":"R\u00e9ka Tolnai"},"url":"https:\/\/www.almega.se\/person\/rekatolnai\/"}]}},"_links":{"self":[{"href":"https:\/\/www.almega.se\/api\/wp\/v2\/posts\/86418","targetHints":{"allow":["GET"]}}],"collection":[{"href":"https:\/\/www.almega.se\/api\/wp\/v2\/posts"}],"about":[{"href":"https:\/\/www.almega.se\/api\/wp\/v2\/types\/post"}],"author":[{"embeddable":true,"href":"https:\/\/www.almega.se\/api\/wp\/v2\/users\/16543"}],"replies":[{"embeddable":true,"href":"https:\/\/www.almega.se\/api\/wp\/v2\/comments?post=86418"}],"version-history":[{"count":2,"href":"https:\/\/www.almega.se\/api\/wp\/v2\/posts\/86418\/revisions"}],"predecessor-version":[{"id":86454,"href":"https:\/\/www.almega.se\/api\/wp\/v2\/posts\/86418\/revisions\/86454"}],"wp:featuredmedia":[{"embeddable":true,"href":"https:\/\/www.almega.se\/api\/wp\/v2\/media\/86445"}],"wp:attachment":[{"href":"https:\/\/www.almega.se\/api\/wp\/v2\/media?parent=86418"}],"wp:term":[{"taxonomy":"category","embeddable":true,"href":"https:\/\/www.almega.se\/api\/wp\/v2\/categories?post=86418"},{"taxonomy":"post_tag","embeddable":true,"href":"https:\/\/www.almega.se\/api\/wp\/v2\/tags?post=86418"},{"taxonomy":"type","embeddable":true,"href":"https:\/\/www.almega.se\/api\/wp\/v2\/article_type?post=86418"},{"taxonomy":"agreement","embeddable":true,"href":"https:\/\/www.almega.se\/api\/wp\/v2\/agreement?post=86418"}],"curies":[{"name":"wp","href":"https:\/\/api.w.org\/{rel}","templated":true}]}}