{"id":86281,"date":"2026-03-16T09:24:53","date_gmt":"2026-03-16T08:24:53","guid":{"rendered":"https:\/\/www.almega.se\/?p=86281"},"modified":"2026-03-16T09:53:40","modified_gmt":"2026-03-16T08:53:40","slug":"debatt-ai-utvecklingen-kraver-riktade-insatser-for-fler-vagar-in-i-arbetslivet","status":"publish","type":"post","link":"https:\/\/www.almega.se\/2026\/03\/debatt-ai-utvecklingen-kraver-riktade-insatser-for-fler-vagar-in-i-arbetslivet\/","title":{"rendered":"Debatt: AI-utvecklingen kr\u00e4ver riktade insatser f\u00f6r fler v\u00e4gar in i arbetslivet"},"content":{"rendered":"<p class=\"intro\">Nya forskningsresultat visar att AI har en tydlig effekt p\u00e5 ungas syssels\u00e4ttning. Med riktade insatser kan utvecklingen v\u00e4ndas till n\u00e5got positivt. Det skriver forskare tillsammans med Arbetsmarknadens AI-r\u00e5d, d\u00e4r Almega ing\u00e5r, p\u00e5 DN Debatt.<\/p>\n\n<p><strong>Ann \u00d6berg,<\/strong> vd p\u00e5 Almega, skriver under debattartikeln tillsammans med fler representanter f\u00f6r Arbetsmarknadens AI-r\u00e5d samt forskare. <a href=\"https:\/\/www.dn.se\/debatt\/ja-ai-hotar-ungas-jobb-men-inte-som-vi-trott\/\">I artikeln<\/a> konstaterar de att AI i dagsl\u00e4get inte i f\u00f6rsta hand verkar p\u00e5verka antalet jobb, utan vem som f\u00e5r jobben.<\/p>\n\n\n\n<p>&#8221;Artificiell intelligens ser ut att ha negativa effekter p\u00e5 syssels\u00e4ttningen f\u00f6r unga men positiva eller obefintliga effekter p\u00e5 syssels\u00e4ttningen f\u00f6r \u00e4ldre&#8221;<\/p>\n\n\n\n<p>Man efterfr\u00e5gar ocks\u00e5 insatser.<\/p>\n\n\n\n<p>&#8221;Med utg\u00e5ngspunkt i&nbsp;den studie som presenteras nu ser vi ett stort behov av konkreta och riktade insatser. F\u00f6r att fler ska f\u00e5 m\u00f6jlighet att ta steget ut i yrkeslivet \u00e4r det avg\u00f6rande att vi AI-rustar dem. F\u00f6rm\u00e5gan att anv\u00e4nda AI beh\u00f6ver d\u00e4rf\u00f6r utvecklas genom hela utbildningssystemet, fr\u00e5n grundskola och gymnasium till universitet och vidareutbildning i arbetslivet&#8221;<\/p>\n\n\n\n<p>L\u00e4s hela debattartikeln p\u00e5 DN debatt:<\/p>\n\n\n\n      <a href=\"https:\/\/www.dn.se\/debatt\/ja-ai-hotar-ungas-jobb-men-inte-som-vi-trott\/\" target=\"\" class=\"Button is-text Button--external-link\">\n      \n        Ja, AI hotar ungas jobb \u2013 men inte som vi trott (DN debatt)\n      \n      \n                <svg class='icon icon--external-link'  width=\"16\" height=\"16\" viewBox=\"0 0 16 16\" fill=\"none\" xmlns=\"http:\/\/www.w3.org\/2000\/svg\">\n<path d=\"M9 1H15V7\" stroke=\"black\" stroke-width=\"2\" stroke-miterlimit=\"10\"\/>\n<path d=\"M5 2H1V15H14V11\" stroke=\"black\" stroke-width=\"2\" stroke-miterlimit=\"10\"\/>\n<path d=\"M15 1L6 10\" stroke=\"black\" stroke-width=\"2\" stroke-miterlimit=\"10\"\/>\n<\/svg>\n\n        \n    <\/a>\n  \n\n\n\n<p><\/p>\n","protected":false},"excerpt":{"rendered":"<p>Ann \u00d6berg, vd p\u00e5 Almega, skriver under debattartikeln tillsammans med fler representanter f\u00f6r Arbetsmarknadens AI-r\u00e5d samt forskare. I artikeln konstaterar de att AI i dagsl\u00e4get inte i f\u00f6rsta hand verkar p\u00e5verka antalet jobb, utan vem &hellip;<\/p>\n","protected":false},"author":21574,"featured_media":86289,"comment_status":"closed","ping_status":"closed","sticky":false,"template":"","format":"standard","meta":{"_acf_changed":false,"footnotes":""},"categories":[692,64],"tags":[],"article_type":[49],"agreement":[],"class_list":["post-86281","post","type-post","status-publish","format-standard","has-post-thumbnail","hentry","category-ai","category-arbetsmarknad","type-debattartiklar"],"acf":[],"yoast_head":"<!-- This site is optimized with the Yoast SEO Premium plugin v26.8 (Yoast SEO v26.8) - https:\/\/yoast.com\/product\/yoast-seo-premium-wordpress\/ -->\n<title>Debatt: AI-utvecklingen kr\u00e4ver riktade insatser f\u00f6r fler v\u00e4gar in i arbetslivet | Almega<\/title>\n<meta name=\"robots\" content=\"index, follow, max-snippet:-1, max-image-preview:large, max-video-preview:-1\" \/>\n<link rel=\"canonical\" href=\"https:\/\/www.almega.se\/2026\/03\/debatt-ai-utvecklingen-kraver-riktade-insatser-for-fler-vagar-in-i-arbetslivet\/\" \/>\n<meta property=\"og:locale\" content=\"sv_SE\" \/>\n<meta property=\"og:type\" content=\"article\" \/>\n<meta property=\"og:title\" content=\"Debatt: AI-utvecklingen kr\u00e4ver riktade insatser f\u00f6r fler v\u00e4gar in i arbetslivet\" \/>\n<meta property=\"og:description\" content=\"Ann \u00d6berg, vd p\u00e5 Almega, skriver under debattartikeln tillsammans med fler representanter f\u00f6r Arbetsmarknadens AI-r\u00e5d samt forskare. I artikeln konstaterar de att AI i dagsl\u00e4get inte i f\u00f6rsta hand verkar p\u00e5verka antalet jobb, utan vem &hellip;\" \/>\n<meta property=\"og:url\" content=\"https:\/\/www.almega.se\/2026\/03\/debatt-ai-utvecklingen-kraver-riktade-insatser-for-fler-vagar-in-i-arbetslivet\/\" \/>\n<meta property=\"og:site_name\" content=\"Almega\" \/>\n<meta property=\"article:published_time\" content=\"2026-03-16T08:24:53+00:00\" \/>\n<meta property=\"article:modified_time\" content=\"2026-03-16T08:53:40+00:00\" \/>\n<meta property=\"og:image\" content=\"https:\/\/www.almega.se\/app\/uploads\/2026\/03\/ima220042-1180x787.jpg\" \/>\n\t<meta property=\"og:image:width\" content=\"1180\" \/>\n\t<meta property=\"og:image:height\" content=\"787\" \/>\n\t<meta property=\"og:image:type\" content=\"image\/jpeg\" \/>\n<meta name=\"author\" content=\"Sandra Mildenberger\" \/>\n<meta name=\"twitter:card\" content=\"summary_large_image\" \/>\n<meta name=\"twitter:label1\" content=\"Skriven av\" \/>\n\t<meta name=\"twitter:data1\" content=\"Sandra Mildenberger\" \/>\n\t<meta name=\"twitter:label2\" content=\"Ber\u00e4knad l\u00e4stid\" \/>\n\t<meta name=\"twitter:data2\" content=\"1 minut\" \/>\n<!-- \/ Yoast SEO Premium plugin. -->","yoast_head_json":{"title":"Debatt: AI-utvecklingen kr\u00e4ver riktade insatser f\u00f6r fler v\u00e4gar in i arbetslivet | Almega","robots":{"index":"index","follow":"follow","max-snippet":"max-snippet:-1","max-image-preview":"max-image-preview:large","max-video-preview":"max-video-preview:-1"},"canonical":"https:\/\/www.almega.se\/2026\/03\/debatt-ai-utvecklingen-kraver-riktade-insatser-for-fler-vagar-in-i-arbetslivet\/","og_locale":"sv_SE","og_type":"article","og_title":"Debatt: AI-utvecklingen kr\u00e4ver riktade insatser f\u00f6r fler v\u00e4gar in i arbetslivet","og_description":"Ann \u00d6berg, vd p\u00e5 Almega, skriver under debattartikeln tillsammans med fler representanter f\u00f6r Arbetsmarknadens AI-r\u00e5d samt forskare. I artikeln konstaterar de att AI i dagsl\u00e4get inte i f\u00f6rsta hand verkar p\u00e5verka antalet jobb, utan vem &hellip;","og_url":"https:\/\/www.almega.se\/2026\/03\/debatt-ai-utvecklingen-kraver-riktade-insatser-for-fler-vagar-in-i-arbetslivet\/","og_site_name":"Almega","article_published_time":"2026-03-16T08:24:53+00:00","article_modified_time":"2026-03-16T08:53:40+00:00","og_image":[{"width":1180,"height":787,"url":"https:\/\/www.almega.se\/app\/uploads\/2026\/03\/ima220042-1180x787.jpg","type":"image\/jpeg"}],"author":"Sandra Mildenberger","twitter_card":"summary_large_image","twitter_misc":{"Skriven av":"Sandra Mildenberger","Ber\u00e4knad l\u00e4stid":"1 minut"},"schema":{"@context":"https:\/\/schema.org","@graph":[{"@type":"NewsArticle","@id":"https:\/\/www.almega.se\/2026\/03\/debatt-ai-utvecklingen-kraver-riktade-insatser-for-fler-vagar-in-i-arbetslivet\/#article","isPartOf":{"@id":"https:\/\/www.almega.se\/2026\/03\/debatt-ai-utvecklingen-kraver-riktade-insatser-for-fler-vagar-in-i-arbetslivet\/"},"author":{"name":"Sandra Mildenberger","@id":"https:\/\/www.almega.se\/#\/schema\/person\/432bf15cd5b8c34477366237d76e0e28"},"headline":"Debatt: AI-utvecklingen kr\u00e4ver riktade insatser f\u00f6r fler v\u00e4gar in i arbetslivet","datePublished":"2026-03-16T08:24:53+00:00","dateModified":"2026-03-16T08:53:40+00:00","mainEntityOfPage":{"@id":"https:\/\/www.almega.se\/2026\/03\/debatt-ai-utvecklingen-kraver-riktade-insatser-for-fler-vagar-in-i-arbetslivet\/"},"wordCount":164,"image":{"@id":"https:\/\/www.almega.se\/2026\/03\/debatt-ai-utvecklingen-kraver-riktade-insatser-for-fler-vagar-in-i-arbetslivet\/#primaryimage"},"thumbnailUrl":"https:\/\/www.almega.se\/app\/uploads\/2026\/03\/ima220042.jpg","articleSection":["AI","Arbetsmarknad"],"inLanguage":"sv-SE"},{"@type":"WebPage","@id":"https:\/\/www.almega.se\/2026\/03\/debatt-ai-utvecklingen-kraver-riktade-insatser-for-fler-vagar-in-i-arbetslivet\/","url":"https:\/\/www.almega.se\/2026\/03\/debatt-ai-utvecklingen-kraver-riktade-insatser-for-fler-vagar-in-i-arbetslivet\/","name":"Debatt: AI-utvecklingen kr\u00e4ver riktade insatser f\u00f6r fler v\u00e4gar in i arbetslivet | Almega","isPartOf":{"@id":"https:\/\/www.almega.se\/#website"},"primaryImageOfPage":{"@id":"https:\/\/www.almega.se\/2026\/03\/debatt-ai-utvecklingen-kraver-riktade-insatser-for-fler-vagar-in-i-arbetslivet\/#primaryimage"},"image":{"@id":"https:\/\/www.almega.se\/2026\/03\/debatt-ai-utvecklingen-kraver-riktade-insatser-for-fler-vagar-in-i-arbetslivet\/#primaryimage"},"thumbnailUrl":"https:\/\/www.almega.se\/app\/uploads\/2026\/03\/ima220042.jpg","datePublished":"2026-03-16T08:24:53+00:00","dateModified":"2026-03-16T08:53:40+00:00","author":{"@id":"https:\/\/www.almega.se\/#\/schema\/person\/432bf15cd5b8c34477366237d76e0e28"},"breadcrumb":{"@id":"https:\/\/www.almega.se\/2026\/03\/debatt-ai-utvecklingen-kraver-riktade-insatser-for-fler-vagar-in-i-arbetslivet\/#breadcrumb"},"inLanguage":"sv-SE","potentialAction":[{"@type":"ReadAction","target":["https:\/\/www.almega.se\/2026\/03\/debatt-ai-utvecklingen-kraver-riktade-insatser-for-fler-vagar-in-i-arbetslivet\/"]}]},{"@type":"ImageObject","inLanguage":"sv-SE","@id":"https:\/\/www.almega.se\/2026\/03\/debatt-ai-utvecklingen-kraver-riktade-insatser-for-fler-vagar-in-i-arbetslivet\/#primaryimage","url":"https:\/\/www.almega.se\/app\/uploads\/2026\/03\/ima220042.jpg","contentUrl":"https:\/\/www.almega.se\/app\/uploads\/2026\/03\/ima220042.jpg","width":2500,"height":1667},{"@type":"BreadcrumbList","@id":"https:\/\/www.almega.se\/2026\/03\/debatt-ai-utvecklingen-kraver-riktade-insatser-for-fler-vagar-in-i-arbetslivet\/#breadcrumb","itemListElement":[{"@type":"ListItem","position":1,"name":"Home","item":"https:\/\/www.almega.se\/"},{"@type":"ListItem","position":2,"name":"Debatt: AI-utvecklingen kr\u00e4ver riktade insatser f\u00f6r fler v\u00e4gar in i arbetslivet"}]},{"@type":"WebSite","@id":"https:\/\/www.almega.se\/#website","url":"https:\/\/www.almega.se\/","name":"Almega","description":"","potentialAction":[{"@type":"SearchAction","target":{"@type":"EntryPoint","urlTemplate":"https:\/\/www.almega.se\/?s={search_term_string}"},"query-input":{"@type":"PropertyValueSpecification","valueRequired":true,"valueName":"search_term_string"}}],"inLanguage":"sv-SE"},{"@type":"Person","@id":"https:\/\/www.almega.se\/#\/schema\/person\/432bf15cd5b8c34477366237d76e0e28","name":"Sandra Mildenberger","image":{"@type":"ImageObject","inLanguage":"sv-SE","@id":"https:\/\/www.almega.se\/#\/schema\/person\/image\/","url":"https:\/\/secure.gravatar.com\/avatar\/303ee6ef75fa0849b0b85e527659b8bf3457cd9509f76c13628965581b041b41?s=96&d=mm&r=g","contentUrl":"https:\/\/secure.gravatar.com\/avatar\/303ee6ef75fa0849b0b85e527659b8bf3457cd9509f76c13628965581b041b41?s=96&d=mm&r=g","caption":"Sandra Mildenberger"},"url":"https:\/\/www.almega.se\/person\/sandramildenberger\/"}]}},"_links":{"self":[{"href":"https:\/\/www.almega.se\/api\/wp\/v2\/posts\/86281","targetHints":{"allow":["GET"]}}],"collection":[{"href":"https:\/\/www.almega.se\/api\/wp\/v2\/posts"}],"about":[{"href":"https:\/\/www.almega.se\/api\/wp\/v2\/types\/post"}],"author":[{"embeddable":true,"href":"https:\/\/www.almega.se\/api\/wp\/v2\/users\/21574"}],"replies":[{"embeddable":true,"href":"https:\/\/www.almega.se\/api\/wp\/v2\/comments?post=86281"}],"version-history":[{"count":19,"href":"https:\/\/www.almega.se\/api\/wp\/v2\/posts\/86281\/revisions"}],"predecessor-version":[{"id":86308,"href":"https:\/\/www.almega.se\/api\/wp\/v2\/posts\/86281\/revisions\/86308"}],"wp:featuredmedia":[{"embeddable":true,"href":"https:\/\/www.almega.se\/api\/wp\/v2\/media\/86289"}],"wp:attachment":[{"href":"https:\/\/www.almega.se\/api\/wp\/v2\/media?parent=86281"}],"wp:term":[{"taxonomy":"category","embeddable":true,"href":"https:\/\/www.almega.se\/api\/wp\/v2\/categories?post=86281"},{"taxonomy":"post_tag","embeddable":true,"href":"https:\/\/www.almega.se\/api\/wp\/v2\/tags?post=86281"},{"taxonomy":"type","embeddable":true,"href":"https:\/\/www.almega.se\/api\/wp\/v2\/article_type?post=86281"},{"taxonomy":"agreement","embeddable":true,"href":"https:\/\/www.almega.se\/api\/wp\/v2\/agreement?post=86281"}],"curies":[{"name":"wp","href":"https:\/\/api.w.org\/{rel}","templated":true}]}}