{"id":86214,"date":"2026-03-12T11:45:20","date_gmt":"2026-03-12T10:45:20","guid":{"rendered":"https:\/\/www.almega.se\/?p=86214"},"modified":"2026-03-12T11:56:15","modified_gmt":"2026-03-12T10:56:15","slug":"reglerna-om-lonetransparens-skjuts-upp","status":"publish","type":"post","link":"https:\/\/www.almega.se\/2026\/03\/reglerna-om-lonetransparens-skjuts-upp\/","title":{"rendered":"Reglerna om l\u00f6netransparens skjuts upp"},"content":{"rendered":"<p class=\"intro\">Inf\u00f6randet av l\u00f6netransparensdirektivet skjuts upp med ett halv\u00e5r. N\u00e5got som ger arbetsgivare mer tid att f\u00f6rbereda sig f\u00f6r de nya reglerna.<\/p>\n\n<p>L\u00f6netransparensdirektivet beslutades av EU v\u00e5ren 2023. Syftet med direktivet \u00e4r att st\u00e4rka till\u00e4mpningen av principen om lika l\u00f6n f\u00f6r kvinnor och m\u00e4n f\u00f6r lika eller likv\u00e4rdigt arbete. Lag\u00e4ndringarna som regeringen f\u00f6rst planerat skulle tr\u00e4da i kraft i juli i \u00e5r, skjuts nu upp. <\/p>\n\n\n\n<p><strong>Sophie Th\u00f6rne<\/strong>, arbetsr\u00e4ttsjurist p\u00e5 Almega, ber\u00e4ttar mer.<\/p>\n\n\n<a class='Share__link Share__link--url copy-text' href='#' rel='nofollow' data-text='nar-infors-lonetransparensreglerna?' title='Dela url' data-confirmation='L\u00e4nken kopierades till urklipp'><svg class='icon icon--link'  width='18' height='18' viewBox='0 0 18 18' fill='none' xmlns='http:\/\/www.w3.org\/2000\/svg'>\n            <path d='M10.4142 0.514721L6.87868 4.05025L8.29289 5.46447L11.1213 2.63604L15.364 6.87868L12.5355 9.70711L13.9497 11.1213L17.4853 7.58579C17.8763 7.19476 17.8763 6.5626 17.4853 6.17158L11.8284 0.514721C11.4374 0.123691 10.8052 0.123691 10.4142 0.514721Z' fill='black'\/>\n            <path d='M9.7071 12.5355L6.87868 15.364L2.63604 11.1213L5.46446 8.2929L4.05025 6.87868L0.514716 10.4142C0.123686 10.8052 0.123686 11.4374 0.514716 11.8284L6.17157 17.4853C6.5626 17.8763 7.19475 17.8763 7.58578 17.4853L11.1213 13.9497L9.7071 12.5355Z' fill='black'\/>\n            <path d='M6.17157 11.8284C6.5626 12.2195 7.19475 12.2195 7.58578 11.8284L11.8284 7.58579C12.2195 7.19476 12.2195 6.56261 11.8284 6.17158C11.4374 5.78055 10.8052 5.78055 10.4142 6.17158L6.17157 10.4142C5.78054 10.8052 5.78054 11.4374 6.17157 11.8284Z' fill='black'\/>\n            <\/svg> <\/a>\n<h2 class=\"wp-block-heading\" id=\"h-nar-infors-lonetransparensreglerna\"><strong>N\u00e4r inf\u00f6rs l\u00f6netransparensreglerna?<\/strong><\/h2>\n\n\n\n<p>\u2013 Regeringen har beslutat att skjuta upp inf\u00f6randet av de nya reglerna i Sverige. De f\u00f6rv\u00e4ntas tr\u00e4da i kraft den 1 januari 2027, i st\u00e4llet f\u00f6r 1 juli 2026. Det inneb\u00e4r att f\u00f6rsta l\u00f6nerapport f\u00f6r f\u00f6retag 150 eller fler anst\u00e4llda ska l\u00e4mnas 20 maj 2028. Arbetsgivare med 100\u2013149 anst\u00e4llda ska l\u00e4mna in l\u00f6nerapport \u00e5r 2031.<\/p>\n\n\n\n      <blockquote class=\"Expert-comment__quote\">\n      <p>&#8221;V\u00e4lbeh\u00f6vligt att f\u00f6retagen f\u00e5r mer tid att f\u00f6rbereda sig p\u00e5 \u2013 och bra att regeringen lyssnat p\u00e5 oss arbetsgivarorganisationer&#8221;<\/p>\n\n      \n             <a href=\"https:\/\/www.almega.se\/person\/sophiethorne\/\">\n          <figure class=\"Contact-card__image\">\n            <img decoding=\"async\" src=\"https:\/\/www.almega.se\/app\/uploads\/2024\/10\/sophie-thorne-380x253.jpg\" alt=\"Sophie Th\u00f6rne\">\n          <\/figure>\n        <\/a>\n          \n      <h2 class=\"Contact-card__title\">Sophie Th\u00f6rne<\/h2>\n      <p class=\"mb-0\">Arbetsr\u00e4ttsjurist<\/p>\n      \n                  <a href=\"https:\/\/www.almega.se\/person\/sophiethorne\/\" class=\"Contact-card__link\">\n        \n          <p class=\"Contact-card__arrow__text\">L\u00e4s mer<\/p>\n          \n          <svg class='icon icon--arrow-tip'  width=\"11\" height=\"16\" viewBox=\"0 0 11 16\" fill=\"none\" xmlns=\"http:\/\/www.w3.org\/2000\/svg\">\n<path d=\"M0.858398 15L9.2304 7.99664L0.967732 1.00001\" stroke=\"black\" stroke-width=\"2\" stroke-miterlimit=\"10\"\/>\n<\/svg>\n\n          \n      <\/a>\n\n      \n    \n  \n    <\/blockquote>\n  \n\n\n<a class='Share__link Share__link--url copy-text' href='#' rel='nofollow' data-text='vad-innebar-detta-for-foretagen?' title='Dela url' data-confirmation='L\u00e4nken kopierades till urklipp'><svg class='icon icon--link'  width='18' height='18' viewBox='0 0 18 18' fill='none' xmlns='http:\/\/www.w3.org\/2000\/svg'>\n            <path d='M10.4142 0.514721L6.87868 4.05025L8.29289 5.46447L11.1213 2.63604L15.364 6.87868L12.5355 9.70711L13.9497 11.1213L17.4853 7.58579C17.8763 7.19476 17.8763 6.5626 17.4853 6.17158L11.8284 0.514721C11.4374 0.123691 10.8052 0.123691 10.4142 0.514721Z' fill='black'\/>\n            <path d='M9.7071 12.5355L6.87868 15.364L2.63604 11.1213L5.46446 8.2929L4.05025 6.87868L0.514716 10.4142C0.123686 10.8052 0.123686 11.4374 0.514716 11.8284L6.17157 17.4853C6.5626 17.8763 7.19475 17.8763 7.58578 17.4853L11.1213 13.9497L9.7071 12.5355Z' fill='black'\/>\n            <path d='M6.17157 11.8284C6.5626 12.2195 7.19475 12.2195 7.58578 11.8284L11.8284 7.58579C12.2195 7.19476 12.2195 6.56261 11.8284 6.17158C11.4374 5.78055 10.8052 5.78055 10.4142 6.17158L6.17157 10.4142C5.78054 10.8052 5.78054 11.4374 6.17157 11.8284Z' fill='black'\/>\n            <\/svg> <\/a>\n<h2 class=\"wp-block-heading\" id=\"h-vad-innebar-detta-for-foretagen\"><strong>Vad inneb\u00e4r detta f\u00f6r f\u00f6retagen?<\/strong><\/h2>\n\n\n\n<p>\u2013 Vi ser att det \u00e4r v\u00e4lbeh\u00f6vligt att f\u00f6retagen f\u00e5r mer tid att f\u00f6rbereda sig p\u00e5 \u2013 och bra att regeringen lyssnat p\u00e5 oss arbetsgivarorganisationer. Almega har tidigare konstaterat att \u00e4ven om syftet har st\u00f6d i EU:s grundl\u00e4ggande principer, s\u00e5 blir det nya administrativa b\u00f6rdor som l\u00e4ggs p\u00e5 arbetsgivare genom direktivet.<\/p>\n\n\n<a class='Share__link Share__link--url copy-text' href='#' rel='nofollow' data-text='\u00c4r-allt-klart-nu?' title='Dela url' data-confirmation='L\u00e4nken kopierades till urklipp'><svg class='icon icon--link'  width='18' height='18' viewBox='0 0 18 18' fill='none' xmlns='http:\/\/www.w3.org\/2000\/svg'>\n            <path d='M10.4142 0.514721L6.87868 4.05025L8.29289 5.46447L11.1213 2.63604L15.364 6.87868L12.5355 9.70711L13.9497 11.1213L17.4853 7.58579C17.8763 7.19476 17.8763 6.5626 17.4853 6.17158L11.8284 0.514721C11.4374 0.123691 10.8052 0.123691 10.4142 0.514721Z' fill='black'\/>\n            <path d='M9.7071 12.5355L6.87868 15.364L2.63604 11.1213L5.46446 8.2929L4.05025 6.87868L0.514716 10.4142C0.123686 10.8052 0.123686 11.4374 0.514716 11.8284L6.17157 17.4853C6.5626 17.8763 7.19475 17.8763 7.58578 17.4853L11.1213 13.9497L9.7071 12.5355Z' fill='black'\/>\n            <path d='M6.17157 11.8284C6.5626 12.2195 7.19475 12.2195 7.58578 11.8284L11.8284 7.58579C12.2195 7.19476 12.2195 6.56261 11.8284 6.17158C11.4374 5.78055 10.8052 5.78055 10.4142 6.17158L6.17157 10.4142C5.78054 10.8052 5.78054 11.4374 6.17157 11.8284Z' fill='black'\/>\n            <\/svg> <\/a>\n<h2 class=\"wp-block-heading\" id=\"h-ar-allt-klart-nu\"><strong>\u00c4r allt klart nu?<\/strong><\/h2>\n\n\n\n<p>\u2013 Det p\u00e5g\u00e5r fortfarande en lagstiftningsprocess om att inf\u00f6rliva EU-direktivet om l\u00f6netransparens i svensk lag. Regeringen har inte l\u00e4mnat n\u00e5gon proposition till Riksdagen \u00e4nnu, det f\u00f6rv\u00e4ntas ske 31 mars 2026, och med den kommer ytterligare information kring hur man t\u00e4nkt sig reglerna.&nbsp;Klart redan nu \u00e4r att nya regler kommer inf\u00f6ras i diskrimineringslagen och Diskrimineringsombudsmannen ska ut\u00f6va tillsyn \u00f6ver de nya reglerna.<\/p>\n\n\n<a class='Share__link Share__link--url copy-text' href='#' rel='nofollow' data-text='fordjupa-dig-om-direktivet' title='Dela url' data-confirmation='L\u00e4nken kopierades till urklipp'><svg class='icon icon--link'  width='18' height='18' viewBox='0 0 18 18' fill='none' xmlns='http:\/\/www.w3.org\/2000\/svg'>\n            <path d='M10.4142 0.514721L6.87868 4.05025L8.29289 5.46447L11.1213 2.63604L15.364 6.87868L12.5355 9.70711L13.9497 11.1213L17.4853 7.58579C17.8763 7.19476 17.8763 6.5626 17.4853 6.17158L11.8284 0.514721C11.4374 0.123691 10.8052 0.123691 10.4142 0.514721Z' fill='black'\/>\n            <path d='M9.7071 12.5355L6.87868 15.364L2.63604 11.1213L5.46446 8.2929L4.05025 6.87868L0.514716 10.4142C0.123686 10.8052 0.123686 11.4374 0.514716 11.8284L6.17157 17.4853C6.5626 17.8763 7.19475 17.8763 7.58578 17.4853L11.1213 13.9497L9.7071 12.5355Z' fill='black'\/>\n            <path d='M6.17157 11.8284C6.5626 12.2195 7.19475 12.2195 7.58578 11.8284L11.8284 7.58579C12.2195 7.19476 12.2195 6.56261 11.8284 6.17158C11.4374 5.78055 10.8052 5.78055 10.4142 6.17158L6.17157 10.4142C5.78054 10.8052 5.78054 11.4374 6.17157 11.8284Z' fill='black'\/>\n            <\/svg> <\/a>\n<h2 class=\"wp-block-heading\" id=\"h-fordjupa-dig-om-direktivet\">F\u00f6rdjupa dig om direktivet<\/h2>\n\n\n\n<p>L\u00e4s mer och f\u00f6rst\u00e5 hur l\u00f6netransparensdirektivet p\u00e5verkar dig som arbetsgivare.<\/p>\n\n\n\n      <a href=\"https:\/\/www.almega.se\/2025\/11\/direktivet-om-lonetransparens-vad-du-som-arbetsgivare-behover-veta\/\" target=\"\" class=\"Button is-text Button--arrow-tip\">\n      \n        Direktivet om l\u00f6netransparens: Vad du som arbetsgivare beh\u00f6ver veta\n      \n      \n                \n                <svg class='icon icon--arrow-tip'  width=\"11\" height=\"16\" viewBox=\"0 0 11 16\" fill=\"none\" xmlns=\"http:\/\/www.w3.org\/2000\/svg\">\n<path d=\"M0.858398 15L9.2304 7.99664L0.967732 1.00001\" stroke=\"black\" stroke-width=\"2\" stroke-miterlimit=\"10\"\/>\n<\/svg>\n\n        \n    <\/a>\n  \n\n\n\n      <a href=\"https:\/\/medlem.arbetsgivarguiden.se\/a-till-o\/lonetransparens#L\" target=\"\" class=\"Button is-button is-style-outline has-black-color is-style-outline Button--lock\">\n      \n        Arbetsgivarguiden: L\u00f6netransparens\n      \n      \n                <svg class='icon icon--lock'  width=\"16\" height=\"18\" viewBox=\"0 0 16 18\" fill=\"none\" xmlns=\"http:\/\/www.w3.org\/2000\/svg\">\n<path d=\"M13.5 16.5H2.5C2.23478 16.5 1.98043 16.3946 1.79289 16.2071C1.60536 16.0196 1.5 15.7652 1.5 15.5V8.5C1.5 8.23478 1.60536 7.98043 1.79289 7.79289C1.98043 7.60536 2.23478 7.5 2.5 7.5H13.5C13.7652 7.5 14.0196 7.60536 14.2071 7.79289C14.3946 7.98043 14.5 8.23478 14.5 8.5V15.5C14.5 15.7652 14.3946 16.0196 14.2071 16.2071C14.0196 16.3946 13.7652 16.5 13.5 16.5Z\" stroke=\"black\" stroke-width=\"2\" stroke-linecap=\"round\" stroke-linejoin=\"round\"\/>\n<path d=\"M4.5 7.5V5C4.5 4.07174 4.86875 3.1815 5.52513 2.52513C6.1815 1.86875 7.07174 1.5 8 1.5V1.5C8.92826 1.5 9.8185 1.86875 10.4749 2.52513C11.1313 3.1815 11.5 4.07174 11.5 5V7.5\" stroke=\"black\" stroke-width=\"2\" stroke-linecap=\"round\" stroke-linejoin=\"round\"\/>\n<path d=\"M8 13.5C8.82843 13.5 9.5 12.8284 9.5 12C9.5 11.1716 8.82843 10.5 8 10.5C7.17157 10.5 6.5 11.1716 6.5 12C6.5 12.8284 7.17157 13.5 8 13.5Z\" stroke=\"black\" stroke-width=\"2\" stroke-linecap=\"round\" stroke-linejoin=\"round\"\/>\n<\/svg>\n\n        \n    <\/a>\n  \n\n\n\n      <a href=\"https:\/\/www.almega.se\/bli-medlem\/\" target=\"\" class=\"Button is-text Button--squiggly-arrow-link white-space-nowrap\">\n      \n        Bli medlem\n      \n      \n                \n                <svg class='icon icon--squiggly-arrow-link'  width=\"114\" height=\"36\" viewBox=\"0 0 114 36\" fill=\"none\" xmlns=\"http:\/\/www.w3.org\/2000\/svg\">\n<path d=\"M0.591797 18.5C7.0918 18.5 11.5209 19.9081 13.4345 14.5C14.3308 11.9657 14.3461 11.9541 15.0839 9.38315C15.7735 6.97969 17.3449 4.54993 19.8345 3.93399C22.9224 3.16984 26.0805 5.67017 27.0204 8.62798C27.9603 11.5851 27.243 14.7829 26.3407 17.751C25.4378 20.719 24.34 23.7256 24.5322 26.8156C24.7244 29.9049 26.6162 33.154 29.7193 33.8559C33.0114 34.5995 36.3563 32.146 37.6741 29.1234C38.9912 26.0995 38.7745 22.6791 38.4839 19.4082C38.1926 16.1373 37.8656 12.7464 38.9918 9.65134C40.1187 6.55559 43.1657 3.84801 46.5259 4.19961C49.9434 4.55763 52.3227 7.90617 52.8134 11.2104C53.3042 14.5147 52.3993 17.8408 51.8259 21.1322C51.2526 24.4237 51.0624 28.0141 52.8029 30.8923C54.221 33.2393 56.8902 34.826 59.6869 34.9864C62.4836 35.1468 65.3259 33.8758 67.0188 31.7072C69.5136 28.5126 69.3227 24.0689 68.5255 20.1345C67.7289 16.1996 66.4369 12.2139 67.1225 8.2597C67.8081 4.30548 71.3849 0.426331 75.4597 1.0705C78.5034 1.55171 80.6627 4.37413 81.4078 7.28189C82.1528 10.189 81.8133 13.2366 81.7711 16.2323C81.7288 19.2279 82.0551 22.4052 83.8874 24.8144C86.657 28.4555 91.9762 29.2197 96.6072 28.7147C101.239 28.2098 105.813 25.7501 110.457 26.1383\" stroke=\"black\" stroke-width=\"2\" stroke-miterlimit=\"10\"\/>\n<path d=\"M105.097 35L111.68 25.3613L102.457 18.2063\" stroke=\"black\" stroke-width=\"2\" stroke-miterlimit=\"10\"\/>\n<\/svg>\n\n        \n    <\/a>\n  \n","protected":false},"excerpt":{"rendered":"<p>L\u00f6netransparensdirektivet beslutades av EU v\u00e5ren 2023. Syftet med direktivet \u00e4r att st\u00e4rka till\u00e4mpningen av principen om lika l\u00f6n f\u00f6r kvinnor och m\u00e4n f\u00f6r lika eller likv\u00e4rdigt arbete. Lag\u00e4ndringarna som regeringen f\u00f6rst planerat skulle tr\u00e4da i &hellip;<\/p>\n","protected":false},"author":14531,"featured_media":77951,"comment_status":"closed","ping_status":"closed","sticky":false,"template":"","format":"standard","meta":{"_acf_changed":false,"footnotes":""},"categories":[451,79,689],"tags":[803],"article_type":[56],"agreement":[],"class_list":["post-86214","post","type-post","status-publish","format-standard","has-post-thumbnail","hentry","category-arbetsgivarfragor","category-eu-och-internationellt","category-lon","tag-lonetransparens","type-nyheter"],"acf":[],"yoast_head":"<!-- This site is optimized with the Yoast SEO Premium plugin v26.8 (Yoast SEO v26.8) - https:\/\/yoast.com\/product\/yoast-seo-premium-wordpress\/ -->\n<title>Reglerna om l\u00f6netransparens skjuts upp | Almega<\/title>\n<meta name=\"robots\" content=\"index, follow, max-snippet:-1, max-image-preview:large, max-video-preview:-1\" \/>\n<link rel=\"canonical\" href=\"https:\/\/www.almega.se\/2026\/03\/reglerna-om-lonetransparens-skjuts-upp\/\" \/>\n<meta property=\"og:locale\" content=\"sv_SE\" \/>\n<meta property=\"og:type\" content=\"article\" \/>\n<meta property=\"og:title\" content=\"Reglerna om l\u00f6netransparens skjuts upp\" \/>\n<meta property=\"og:description\" content=\"L\u00f6netransparensdirektivet beslutades av EU v\u00e5ren 2023. Syftet med direktivet \u00e4r att st\u00e4rka till\u00e4mpningen av principen om lika l\u00f6n f\u00f6r kvinnor och m\u00e4n f\u00f6r lika eller likv\u00e4rdigt arbete. Lag\u00e4ndringarna som regeringen f\u00f6rst planerat skulle tr\u00e4da i &hellip;\" \/>\n<meta property=\"og:url\" content=\"https:\/\/www.almega.se\/2026\/03\/reglerna-om-lonetransparens-skjuts-upp\/\" \/>\n<meta property=\"og:site_name\" content=\"Almega\" \/>\n<meta property=\"article:published_time\" content=\"2026-03-12T10:45:20+00:00\" \/>\n<meta property=\"article:modified_time\" content=\"2026-03-12T10:56:15+00:00\" \/>\n<meta property=\"og:image\" content=\"https:\/\/www.almega.se\/app\/uploads\/2025\/03\/ima235837.jpg\" \/>\n\t<meta property=\"og:image:width\" content=\"2500\" \/>\n\t<meta property=\"og:image:height\" content=\"1668\" \/>\n\t<meta property=\"og:image:type\" content=\"image\/jpeg\" \/>\n<meta name=\"author\" content=\"Karin Nyg\u00e5rd\" \/>\n<meta name=\"twitter:card\" content=\"summary_large_image\" \/>\n<meta name=\"twitter:label1\" content=\"Skriven av\" \/>\n\t<meta name=\"twitter:data1\" content=\"Karin Nyg\u00e5rd\" \/>\n\t<meta name=\"twitter:label2\" content=\"Ber\u00e4knad l\u00e4stid\" \/>\n\t<meta name=\"twitter:data2\" content=\"2 minuter\" \/>\n<!-- \/ Yoast SEO Premium plugin. -->","yoast_head_json":{"title":"Reglerna om l\u00f6netransparens skjuts upp | Almega","robots":{"index":"index","follow":"follow","max-snippet":"max-snippet:-1","max-image-preview":"max-image-preview:large","max-video-preview":"max-video-preview:-1"},"canonical":"https:\/\/www.almega.se\/2026\/03\/reglerna-om-lonetransparens-skjuts-upp\/","og_locale":"sv_SE","og_type":"article","og_title":"Reglerna om l\u00f6netransparens skjuts upp","og_description":"L\u00f6netransparensdirektivet beslutades av EU v\u00e5ren 2023. Syftet med direktivet \u00e4r att st\u00e4rka till\u00e4mpningen av principen om lika l\u00f6n f\u00f6r kvinnor och m\u00e4n f\u00f6r lika eller likv\u00e4rdigt arbete. Lag\u00e4ndringarna som regeringen f\u00f6rst planerat skulle tr\u00e4da i &hellip;","og_url":"https:\/\/www.almega.se\/2026\/03\/reglerna-om-lonetransparens-skjuts-upp\/","og_site_name":"Almega","article_published_time":"2026-03-12T10:45:20+00:00","article_modified_time":"2026-03-12T10:56:15+00:00","og_image":[{"width":2500,"height":1668,"url":"https:\/\/www.almega.se\/app\/uploads\/2025\/03\/ima235837.jpg","type":"image\/jpeg"}],"author":"Karin Nyg\u00e5rd","twitter_card":"summary_large_image","twitter_misc":{"Skriven av":"Karin Nyg\u00e5rd","Ber\u00e4knad l\u00e4stid":"2 minuter"},"schema":{"@context":"https:\/\/schema.org","@graph":[{"@type":"NewsArticle","@id":"https:\/\/www.almega.se\/2026\/03\/reglerna-om-lonetransparens-skjuts-upp\/#article","isPartOf":{"@id":"https:\/\/www.almega.se\/2026\/03\/reglerna-om-lonetransparens-skjuts-upp\/"},"author":{"name":"Karin Nyg\u00e5rd","@id":"https:\/\/www.almega.se\/#\/schema\/person\/eae58f3a71d6b7aa9f71f3139a740a02"},"headline":"Reglerna om l\u00f6netransparens skjuts upp","datePublished":"2026-03-12T10:45:20+00:00","dateModified":"2026-03-12T10:56:15+00:00","mainEntityOfPage":{"@id":"https:\/\/www.almega.se\/2026\/03\/reglerna-om-lonetransparens-skjuts-upp\/"},"wordCount":298,"image":{"@id":"https:\/\/www.almega.se\/2026\/03\/reglerna-om-lonetransparens-skjuts-upp\/#primaryimage"},"thumbnailUrl":"https:\/\/www.almega.se\/app\/uploads\/2025\/03\/ima235837.jpg","keywords":["l\u00f6netransparens"],"articleSection":["Arbetsgivarfr\u00e5gor","EU och internationellt","L\u00f6n"],"inLanguage":"sv-SE"},{"@type":"WebPage","@id":"https:\/\/www.almega.se\/2026\/03\/reglerna-om-lonetransparens-skjuts-upp\/","url":"https:\/\/www.almega.se\/2026\/03\/reglerna-om-lonetransparens-skjuts-upp\/","name":"Reglerna om l\u00f6netransparens skjuts upp | Almega","isPartOf":{"@id":"https:\/\/www.almega.se\/#website"},"primaryImageOfPage":{"@id":"https:\/\/www.almega.se\/2026\/03\/reglerna-om-lonetransparens-skjuts-upp\/#primaryimage"},"image":{"@id":"https:\/\/www.almega.se\/2026\/03\/reglerna-om-lonetransparens-skjuts-upp\/#primaryimage"},"thumbnailUrl":"https:\/\/www.almega.se\/app\/uploads\/2025\/03\/ima235837.jpg","datePublished":"2026-03-12T10:45:20+00:00","dateModified":"2026-03-12T10:56:15+00:00","author":{"@id":"https:\/\/www.almega.se\/#\/schema\/person\/eae58f3a71d6b7aa9f71f3139a740a02"},"breadcrumb":{"@id":"https:\/\/www.almega.se\/2026\/03\/reglerna-om-lonetransparens-skjuts-upp\/#breadcrumb"},"inLanguage":"sv-SE","potentialAction":[{"@type":"ReadAction","target":["https:\/\/www.almega.se\/2026\/03\/reglerna-om-lonetransparens-skjuts-upp\/"]}]},{"@type":"ImageObject","inLanguage":"sv-SE","@id":"https:\/\/www.almega.se\/2026\/03\/reglerna-om-lonetransparens-skjuts-upp\/#primaryimage","url":"https:\/\/www.almega.se\/app\/uploads\/2025\/03\/ima235837.jpg","contentUrl":"https:\/\/www.almega.se\/app\/uploads\/2025\/03\/ima235837.jpg","width":2500,"height":1668,"caption":"Samtalande m\u00e4nniskor"},{"@type":"BreadcrumbList","@id":"https:\/\/www.almega.se\/2026\/03\/reglerna-om-lonetransparens-skjuts-upp\/#breadcrumb","itemListElement":[{"@type":"ListItem","position":1,"name":"Home","item":"https:\/\/www.almega.se\/"},{"@type":"ListItem","position":2,"name":"Reglerna om l\u00f6netransparens skjuts upp"}]},{"@type":"WebSite","@id":"https:\/\/www.almega.se\/#website","url":"https:\/\/www.almega.se\/","name":"Almega","description":"","potentialAction":[{"@type":"SearchAction","target":{"@type":"EntryPoint","urlTemplate":"https:\/\/www.almega.se\/?s={search_term_string}"},"query-input":{"@type":"PropertyValueSpecification","valueRequired":true,"valueName":"search_term_string"}}],"inLanguage":"sv-SE"},{"@type":"Person","@id":"https:\/\/www.almega.se\/#\/schema\/person\/eae58f3a71d6b7aa9f71f3139a740a02","name":"Karin Nyg\u00e5rd","image":{"@type":"ImageObject","inLanguage":"sv-SE","@id":"https:\/\/www.almega.se\/#\/schema\/person\/image\/","url":"https:\/\/secure.gravatar.com\/avatar\/09e5ec3d12974ae686ad90a0a4bf5404c8a4cfdca18f97124f166ab274023818?s=96&d=mm&r=g","contentUrl":"https:\/\/secure.gravatar.com\/avatar\/09e5ec3d12974ae686ad90a0a4bf5404c8a4cfdca18f97124f166ab274023818?s=96&d=mm&r=g","caption":"Karin Nyg\u00e5rd"},"description":"Produkt\u00e4gare Almega.se, samordnar webbutveckling och utveckling av Arbetsgivarguiden.se","url":"https:\/\/www.almega.se\/person\/karinnygard\/"}]}},"_links":{"self":[{"href":"https:\/\/www.almega.se\/api\/wp\/v2\/posts\/86214","targetHints":{"allow":["GET"]}}],"collection":[{"href":"https:\/\/www.almega.se\/api\/wp\/v2\/posts"}],"about":[{"href":"https:\/\/www.almega.se\/api\/wp\/v2\/types\/post"}],"author":[{"embeddable":true,"href":"https:\/\/www.almega.se\/api\/wp\/v2\/users\/14531"}],"replies":[{"embeddable":true,"href":"https:\/\/www.almega.se\/api\/wp\/v2\/comments?post=86214"}],"version-history":[{"count":11,"href":"https:\/\/www.almega.se\/api\/wp\/v2\/posts\/86214\/revisions"}],"predecessor-version":[{"id":86230,"href":"https:\/\/www.almega.se\/api\/wp\/v2\/posts\/86214\/revisions\/86230"}],"wp:featuredmedia":[{"embeddable":true,"href":"https:\/\/www.almega.se\/api\/wp\/v2\/media\/77951"}],"wp:attachment":[{"href":"https:\/\/www.almega.se\/api\/wp\/v2\/media?parent=86214"}],"wp:term":[{"taxonomy":"category","embeddable":true,"href":"https:\/\/www.almega.se\/api\/wp\/v2\/categories?post=86214"},{"taxonomy":"post_tag","embeddable":true,"href":"https:\/\/www.almega.se\/api\/wp\/v2\/tags?post=86214"},{"taxonomy":"type","embeddable":true,"href":"https:\/\/www.almega.se\/api\/wp\/v2\/article_type?post=86214"},{"taxonomy":"agreement","embeddable":true,"href":"https:\/\/www.almega.se\/api\/wp\/v2\/agreement?post=86214"}],"curies":[{"name":"wp","href":"https:\/\/api.w.org\/{rel}","templated":true}]}}