{"id":85947,"date":"2026-02-15T10:14:10","date_gmt":"2026-02-15T09:14:10","guid":{"rendered":"https:\/\/www.almega.se\/?p=85947"},"modified":"2026-02-20T10:23:10","modified_gmt":"2026-02-20T09:23:10","slug":"avprivatisering-slar-mot-kvinnors-foretagande","status":"publish","type":"post","link":"https:\/\/www.almega.se\/2026\/02\/avprivatisering-slar-mot-kvinnors-foretagande\/","title":{"rendered":"Avprivatisering sl\u00e5r mot kvinnors f\u00f6retagande"},"content":{"rendered":"<p class=\"intro\">En politik som g\u00f6r det enklare, ist\u00e4llet f\u00f6r sv\u00e5rare, att driva f\u00f6retag \u2013 inte minst i v\u00e4lf\u00e4rdssektorn \u2013 skulle ge oss fler kvinnor som v\u00e5gar och vill vara entrepren\u00f6rer. Det vore bra f\u00f6r Sverige \u2013 och f\u00f6r den svenska v\u00e4lf\u00e4rden, skriver M\u00e5rten Blix, ordf\u00f6rande f\u00f6r Almega FutureTech och Johanna M\u00f6llerstr\u00f6m, affilierad forskare, Institutet f\u00f6r N\u00e4ringslivsforskning i en debattartikel i Dagens Industri.<\/p>\n\n<p><\/p>\n\n\n\n      <a href=\"https:\/\/www.di.se\/debatt\/kvinnligt-entreprenorskap-drabbas-hart-av-vansterns-avprivatiseringar\/\" target=\"\" class=\"Button is-text Button--external-link\">\n      \n        L\u00e4s debattartikeln hos Dagens Industri (di.se)\n      \n      \n                <svg class='icon icon--external-link'  width=\"16\" height=\"16\" viewBox=\"0 0 16 16\" fill=\"none\" xmlns=\"http:\/\/www.w3.org\/2000\/svg\">\n<path d=\"M9 1H15V7\" stroke=\"black\" stroke-width=\"2\" stroke-miterlimit=\"10\"\/>\n<path d=\"M5 2H1V15H14V11\" stroke=\"black\" stroke-width=\"2\" stroke-miterlimit=\"10\"\/>\n<path d=\"M15 1L6 10\" stroke=\"black\" stroke-width=\"2\" stroke-miterlimit=\"10\"\/>\n<\/svg>\n\n        \n    <\/a>\n  \n\n\n\n<p>Sverige \u00e4r i EU:s absoluta bottenskikt n\u00e4r det g\u00e4ller kvinnligt entrepren\u00f6rskap. I de allra flesta l\u00e4nder runtomkring oss startar och driver en st\u00f6rre andel av kvinnorna bolag. Dessutom g\u00e5r utvecklingen \u00e5t fel h\u00e5ll \u2013 p\u00e5eldad av en rad politiska beslut, inte minst i Region Stockholm d\u00e4r en majoritet best\u00e5ende av S, C och MP (med st\u00f6d av V) g\u00f6r det sv\u00e5rare f\u00f6r kvinnor som driver f\u00f6retag i v\u00e4lf\u00e4rdssektorn.<\/p>\n\n\n\n<p>I EU \u00e4r det bara Malta och Slovakien som har en l\u00e4gre andel kvinnliga entrepren\u00f6rer med anst\u00e4llda \u00e4n Sverige. Det \u00e4r ett ordentligt underbetyg till v\u00e5rt land som g\u00e4rna sl\u00e5r sig f\u00f6r br\u00f6stet som ett f\u00f6reg\u00e5ngsland f\u00f6r ett j\u00e4mst\u00e4llt samh\u00e4lle.<\/p>\n\n\n\n      <blockquote class=\"Expert-comment__quote\">\n      <p>&#8221;N\u00e4r fler kvinnor startar och driver f\u00f6retag \u00f6kar ocks\u00e5 rekryteringsbasen till tunga vd- och styrelseuppdrag&#8221;<\/p>\n\n      \n             <a href=\"https:\/\/www.almega.se\/person\/martenblix\/\">\n          <figure class=\"Contact-card__image\">\n            <img decoding=\"async\" src=\"https:\/\/www.almega.se\/app\/uploads\/2025\/10\/Marten_Blix__DSF0104-1-scaled-e1759990888307-380x321.jpg\" alt=\"M\u00e5rten Blix\">\n          <\/figure>\n        <\/a>\n          \n      <h2 class=\"Contact-card__title\">M\u00e5rten Blix<\/h2>\n      <p class=\"mb-0\">Ordf\u00f6rande Almega FutureTech<\/p>\n      \n                  <a href=\"https:\/\/www.almega.se\/person\/martenblix\/\" class=\"Contact-card__link\">\n        \n          <p class=\"Contact-card__arrow__text\">L\u00e4s mer<\/p>\n          \n          <svg class='icon icon--arrow-tip'  width=\"11\" height=\"16\" viewBox=\"0 0 11 16\" fill=\"none\" xmlns=\"http:\/\/www.w3.org\/2000\/svg\">\n<path d=\"M0.858398 15L9.2304 7.99664L0.967732 1.00001\" stroke=\"black\" stroke-width=\"2\" stroke-miterlimit=\"10\"\/>\n<\/svg>\n\n          \n      <\/a>\n\n      \n    \n  \n    <\/blockquote>\n  \n\n\n\n<p>F\u00f6r det \u00e4r viktigt\u00a0f\u00f6r samh\u00e4llet att fler kvinnor driver och \u00e4ger f\u00f6retag. Det \u00e4r inte bara en r\u00e4ttvisefr\u00e5ga, utan med kvinnliga entrepren\u00f6rer tillkommer dessutom nya perspektiv, innovationer och kompetens. D\u00e4rtill utg\u00f6r de viktiga f\u00f6rebilder f\u00f6r n\u00e4sta generation. N\u00e4r fler kvinnor startar och driver f\u00f6retag \u00f6kar ocks\u00e5 rekryteringsbasen till tunga vd- och styrelseuppdrag.<\/p>\n\n\n<a class='Share__link Share__link--url copy-text' href='#' rel='nofollow' data-text='viljan-till-risk-skiljer-sig-at' title='Dela url' data-confirmation='L\u00e4nken kopierades till urklipp'><svg class='icon icon--link'  width='18' height='18' viewBox='0 0 18 18' fill='none' xmlns='http:\/\/www.w3.org\/2000\/svg'>\n            <path d='M10.4142 0.514721L6.87868 4.05025L8.29289 5.46447L11.1213 2.63604L15.364 6.87868L12.5355 9.70711L13.9497 11.1213L17.4853 7.58579C17.8763 7.19476 17.8763 6.5626 17.4853 6.17158L11.8284 0.514721C11.4374 0.123691 10.8052 0.123691 10.4142 0.514721Z' fill='black'\/>\n            <path d='M9.7071 12.5355L6.87868 15.364L2.63604 11.1213L5.46446 8.2929L4.05025 6.87868L0.514716 10.4142C0.123686 10.8052 0.123686 11.4374 0.514716 11.8284L6.17157 17.4853C6.5626 17.8763 7.19475 17.8763 7.58578 17.4853L11.1213 13.9497L9.7071 12.5355Z' fill='black'\/>\n            <path d='M6.17157 11.8284C6.5626 12.2195 7.19475 12.2195 7.58578 11.8284L11.8284 7.58579C12.2195 7.19476 12.2195 6.56261 11.8284 6.17158C11.4374 5.78055 10.8052 5.78055 10.4142 6.17158L6.17157 10.4142C5.78054 10.8052 5.78054 11.4374 6.17157 11.8284Z' fill='black'\/>\n            <\/svg> <\/a>\n<h2 class=\"wp-block-heading\" id=\"h-viljan-till-risk-skiljer-sig-at\">Viljan till risk skiljer sig \u00e5t<\/h2>\n\n\n\n<p>Ett arbetsliv som egenf\u00f6retagare \u00e4r f\u00f6rknippat med h\u00f6gre risk \u00e4n ett som anst\u00e4lld. Och forskning visar att kvinnor som grupp \u00e4r mindre ben\u00e4gna att ta dessa risker. Det leder ocks\u00e5 till att kvinnor som grupp \u00e4r mindre ben\u00e4gna \u00e4n m\u00e4n att t\u00e4vla och p\u00e5verkar sannolikt ocks\u00e5 viljan att vara egenf\u00f6retagare.<\/p>\n\n\n\n<p>Det finns inga bel\u00e4gg f\u00f6r att kvinnors och m\u00e4ns f\u00f6rm\u00e5ga att driva f\u00f6retag skulle skilja sig \u00e5t. Vad som finns \u00e4r forskning, inte minst fr\u00e5n experimentell ekonomi, kring deras olika preferenser. I vissa avseenden r\u00e5der samsyn mellan k\u00f6nen p\u00e5 f\u00f6retagande, men n\u00e4r det kommer till exempelvis riskvilja och tron p\u00e5 den egna f\u00f6rm\u00e5gan \u00e4r dessa starkare hos m\u00e4n. Det finns allts\u00e5 skillnader mellan k\u00f6nen som p\u00e5verkar vem som startar och driver f\u00f6retag eller ej.<\/p>\n\n\n<a class='Share__link Share__link--url copy-text' href='#' rel='nofollow' data-text='framgang-riskerar-omintetgoras' title='Dela url' data-confirmation='L\u00e4nken kopierades till urklipp'><svg class='icon icon--link'  width='18' height='18' viewBox='0 0 18 18' fill='none' xmlns='http:\/\/www.w3.org\/2000\/svg'>\n            <path d='M10.4142 0.514721L6.87868 4.05025L8.29289 5.46447L11.1213 2.63604L15.364 6.87868L12.5355 9.70711L13.9497 11.1213L17.4853 7.58579C17.8763 7.19476 17.8763 6.5626 17.4853 6.17158L11.8284 0.514721C11.4374 0.123691 10.8052 0.123691 10.4142 0.514721Z' fill='black'\/>\n            <path d='M9.7071 12.5355L6.87868 15.364L2.63604 11.1213L5.46446 8.2929L4.05025 6.87868L0.514716 10.4142C0.123686 10.8052 0.123686 11.4374 0.514716 11.8284L6.17157 17.4853C6.5626 17.8763 7.19475 17.8763 7.58578 17.4853L11.1213 13.9497L9.7071 12.5355Z' fill='black'\/>\n            <path d='M6.17157 11.8284C6.5626 12.2195 7.19475 12.2195 7.58578 11.8284L11.8284 7.58579C12.2195 7.19476 12.2195 6.56261 11.8284 6.17158C11.4374 5.78055 10.8052 5.78055 10.4142 6.17158L6.17157 10.4142C5.78054 10.8052 5.78054 11.4374 6.17157 11.8284Z' fill='black'\/>\n            <\/svg> <\/a>\n<h2 class=\"wp-block-heading\" id=\"h-framgang-riskerar-omintetgoras\">Framg\u00e5ng riskerar omintetg\u00f6ras<\/h2>\n\n\n\n<p>Men det finns ett<strong>\u00a0<\/strong>omr\u00e5de d\u00e4r svenska kvinnors entrepren\u00f6rskap ligger i paritet med resten av EU \u2013 inom v\u00e4lf\u00e4rdssektorn. H\u00e4r startar och driver svenska kvinnor framg\u00e5ngsrikt en stor m\u00e4ngd bolag. Men den framg\u00e5ngen riskerar att omintetg\u00f6ras. I Region Stockholm p\u00e5g\u00e5r nu en bred avprivatisering som drabbat allt ifr\u00e5n ambulanssjukv\u00e5rd och \u00e4tst\u00f6rningsv\u00e5rd till n\u00e4rakuter. Det \u00e4r en i grund ideologiskt driven avveckling \u2013 regionens majoritet tycker helt enkelt att det \u00e4r de sj\u00e4lva som ska driva verksamheter, \u00e4ven om det finns privata akt\u00f6rer, ofta startade och ledda av kvinnor, som kan g\u00f6ra det lika bra eller b\u00e4ttre.<\/p>\n\n\n\n<p>En konsekvens av detta, som dessutom underbl\u00e5ses av en retorik d\u00e4r privata v\u00e4lf\u00e4rdsbolag lastas f\u00f6r en stor del av samh\u00e4llets fel och brister, \u00e4r en \u00f6kad os\u00e4kerhet och svagare incitament att driva v\u00e4lf\u00e4rdf\u00e4rdsf\u00f6retag. I Stockholm har avprivatiseringen lett till fler och l\u00e4ngre v\u00e5rdk\u00f6er eftersom privata utf\u00f6rare f\u00f6rsvinner innan regionen byggt upp egen kapacitet. F\u00f6r kvinnors entrepren\u00f6rskap \u00e4r detta ett dr\u00e5pslag och riskerar att cementera Sveriges plats bland de s\u00e4msta i EU vad g\u00e4ller kvinnors f\u00f6retagande.<\/p>\n\n\n<a class='Share__link Share__link--url copy-text' href='#' rel='nofollow' data-text='efterlyser-mer-faktabaserad-debatt' title='Dela url' data-confirmation='L\u00e4nken kopierades till urklipp'><svg class='icon icon--link'  width='18' height='18' viewBox='0 0 18 18' fill='none' xmlns='http:\/\/www.w3.org\/2000\/svg'>\n            <path d='M10.4142 0.514721L6.87868 4.05025L8.29289 5.46447L11.1213 2.63604L15.364 6.87868L12.5355 9.70711L13.9497 11.1213L17.4853 7.58579C17.8763 7.19476 17.8763 6.5626 17.4853 6.17158L11.8284 0.514721C11.4374 0.123691 10.8052 0.123691 10.4142 0.514721Z' fill='black'\/>\n            <path d='M9.7071 12.5355L6.87868 15.364L2.63604 11.1213L5.46446 8.2929L4.05025 6.87868L0.514716 10.4142C0.123686 10.8052 0.123686 11.4374 0.514716 11.8284L6.17157 17.4853C6.5626 17.8763 7.19475 17.8763 7.58578 17.4853L11.1213 13.9497L9.7071 12.5355Z' fill='black'\/>\n            <path d='M6.17157 11.8284C6.5626 12.2195 7.19475 12.2195 7.58578 11.8284L11.8284 7.58579C12.2195 7.19476 12.2195 6.56261 11.8284 6.17158C11.4374 5.78055 10.8052 5.78055 10.4142 6.17158L6.17157 10.4142C5.78054 10.8052 5.78054 11.4374 6.17157 11.8284Z' fill='black'\/>\n            <\/svg> <\/a>\n<h2 class=\"wp-block-heading\" id=\"h-efterlyser-mer-faktabaserad-debatt\">Efterlyser mer faktabaserad debatt<\/h2>\n\n\n\n<p>Avsikten med p\u00e5g\u00e5ende avprivatisering \u00e4r s\u00e4kerligen inte att i f\u00f6rsta hand motverka kvinnliga entrepren\u00f6rer. Men det blir effekten. D\u00e4rf\u00f6r m\u00e5ste tonl\u00e4get i den svenska debatten s\u00e4nkas och bli mer faktabaserad \u2013 och alla konsekvenser av beslut om till exempel avprivatiseringar beh\u00f6ver lyftas fram och belysas. Vi ser dagligen exempel p\u00e5 politiska \u00f6verdrifter, inte minst vad g\u00e4ller f\u00f6retagande, som skapar ett verklighetsfr\u00e4mmande narrativ. Och oavsett fr\u00e5ga har samh\u00e4llet mycket att vinna p\u00e5 en mer saklig debatt.<\/p>\n\n\n\n<p>En lika enkel som\u00a0sj\u00e4lvklar policy\u00e5tg\u00e4rd \u00e4r att f\u00f6lja upp och granska kvaliteten i s\u00e5v\u00e4l privat som offentlig regi, g\u00e4rna med oannonserade bes\u00f6k. Mer \u00e4n 80 procent av dagens v\u00e4lf\u00e4rd levereras trots allt av offentliga akt\u00f6rer, \u00e4ven om det mediala och politiska intresset snarast antyder de omv\u00e4nda proportionerna. Och en politik som g\u00f6r det enklare, ist\u00e4llet f\u00f6r sv\u00e5rare, att driva f\u00f6retag \u2013 inte minst i v\u00e4lf\u00e4rdssektorn! \u2013 skulle ge oss fler kvinnor som v\u00e5gar och vill vara entrepren\u00f6rer. Det vore bra f\u00f6r Sverige \u2013 och f\u00f6r den svenska v\u00e4lf\u00e4rden.<\/p>\n\n\n\n<p><strong>M\u00e5rten Blix,<\/strong>\u00a0fil. dr i nationalekonomi och ordf\u00f6rande f\u00f6r Almega FutureTech<\/p>\n\n\n\n<p><strong>Johanna M\u00f6llerstr\u00f6m,<\/strong>\u00a0fil. dr i nationalekonomi, professor vid George Mason-<br>Universitetet och affilierad forskare IFN (Institutet f\u00f6r N\u00e4ringslivsforskning)<\/p>\n","protected":false},"excerpt":{"rendered":"<p>Sverige \u00e4r i EU:s absoluta bottenskikt n\u00e4r det g\u00e4ller kvinnligt entrepren\u00f6rskap. I de allra flesta l\u00e4nder runtomkring oss startar och driver en st\u00f6rre andel av kvinnorna bolag. Dessutom g\u00e5r utvecklingen \u00e5t fel h\u00e5ll \u2013 p\u00e5eldad &hellip;<\/p>\n","protected":false},"author":14531,"featured_media":83284,"comment_status":"closed","ping_status":"closed","sticky":false,"template":"","format":"standard","meta":{"_acf_changed":false,"footnotes":""},"categories":[46],"tags":[],"article_type":[49],"agreement":[],"class_list":["post-85947","post","type-post","status-publish","format-standard","has-post-thumbnail","hentry","category-valfard","type-debattartiklar"],"acf":[],"yoast_head":"<!-- This site is optimized with the Yoast SEO Premium plugin v26.8 (Yoast SEO v26.8) - https:\/\/yoast.com\/product\/yoast-seo-premium-wordpress\/ -->\n<title>Avprivatisering sl\u00e5r mot kvinnors f\u00f6retagande | Almega<\/title>\n<meta name=\"robots\" content=\"index, follow, max-snippet:-1, max-image-preview:large, max-video-preview:-1\" \/>\n<link rel=\"canonical\" href=\"https:\/\/www.almega.se\/2026\/02\/avprivatisering-slar-mot-kvinnors-foretagande\/\" \/>\n<meta property=\"og:locale\" content=\"sv_SE\" \/>\n<meta property=\"og:type\" content=\"article\" \/>\n<meta property=\"og:title\" content=\"Avprivatisering sl\u00e5r mot kvinnors f\u00f6retagande\" \/>\n<meta property=\"og:description\" content=\"Sverige \u00e4r i EU:s absoluta bottenskikt n\u00e4r det g\u00e4ller kvinnligt entrepren\u00f6rskap. I de allra flesta l\u00e4nder runtomkring oss startar och driver en st\u00f6rre andel av kvinnorna bolag. Dessutom g\u00e5r utvecklingen \u00e5t fel h\u00e5ll \u2013 p\u00e5eldad &hellip;\" \/>\n<meta property=\"og:url\" content=\"https:\/\/www.almega.se\/2026\/02\/avprivatisering-slar-mot-kvinnors-foretagande\/\" \/>\n<meta property=\"og:site_name\" content=\"Almega\" \/>\n<meta property=\"article:published_time\" content=\"2026-02-15T09:14:10+00:00\" \/>\n<meta property=\"article:modified_time\" content=\"2026-02-20T09:23:10+00:00\" \/>\n<meta property=\"og:image\" content=\"https:\/\/www.almega.se\/app\/uploads\/2025\/10\/Marten_Blix__DSF0089-scaled.jpg\" \/>\n\t<meta property=\"og:image:width\" content=\"2560\" \/>\n\t<meta property=\"og:image:height\" content=\"1920\" \/>\n\t<meta property=\"og:image:type\" content=\"image\/jpeg\" \/>\n<meta name=\"author\" content=\"Karin Nyg\u00e5rd\" \/>\n<meta name=\"twitter:card\" content=\"summary_large_image\" \/>\n<meta name=\"twitter:label1\" content=\"Skriven av\" \/>\n\t<meta name=\"twitter:data1\" content=\"Karin Nyg\u00e5rd\" \/>\n\t<meta name=\"twitter:label2\" content=\"Ber\u00e4knad l\u00e4stid\" \/>\n\t<meta name=\"twitter:data2\" content=\"4 minuter\" \/>\n<!-- \/ Yoast SEO Premium plugin. -->","yoast_head_json":{"title":"Avprivatisering sl\u00e5r mot kvinnors f\u00f6retagande | Almega","robots":{"index":"index","follow":"follow","max-snippet":"max-snippet:-1","max-image-preview":"max-image-preview:large","max-video-preview":"max-video-preview:-1"},"canonical":"https:\/\/www.almega.se\/2026\/02\/avprivatisering-slar-mot-kvinnors-foretagande\/","og_locale":"sv_SE","og_type":"article","og_title":"Avprivatisering sl\u00e5r mot kvinnors f\u00f6retagande","og_description":"Sverige \u00e4r i EU:s absoluta bottenskikt n\u00e4r det g\u00e4ller kvinnligt entrepren\u00f6rskap. I de allra flesta l\u00e4nder runtomkring oss startar och driver en st\u00f6rre andel av kvinnorna bolag. Dessutom g\u00e5r utvecklingen \u00e5t fel h\u00e5ll \u2013 p\u00e5eldad &hellip;","og_url":"https:\/\/www.almega.se\/2026\/02\/avprivatisering-slar-mot-kvinnors-foretagande\/","og_site_name":"Almega","article_published_time":"2026-02-15T09:14:10+00:00","article_modified_time":"2026-02-20T09:23:10+00:00","og_image":[{"width":2560,"height":1920,"url":"https:\/\/www.almega.se\/app\/uploads\/2025\/10\/Marten_Blix__DSF0089-scaled.jpg","type":"image\/jpeg"}],"author":"Karin Nyg\u00e5rd","twitter_card":"summary_large_image","twitter_misc":{"Skriven av":"Karin Nyg\u00e5rd","Ber\u00e4knad l\u00e4stid":"4 minuter"},"schema":{"@context":"https:\/\/schema.org","@graph":[{"@type":"NewsArticle","@id":"https:\/\/www.almega.se\/2026\/02\/avprivatisering-slar-mot-kvinnors-foretagande\/#article","isPartOf":{"@id":"https:\/\/www.almega.se\/2026\/02\/avprivatisering-slar-mot-kvinnors-foretagande\/"},"author":{"name":"Karin Nyg\u00e5rd","@id":"https:\/\/www.almega.se\/#\/schema\/person\/eae58f3a71d6b7aa9f71f3139a740a02"},"headline":"Avprivatisering sl\u00e5r mot kvinnors f\u00f6retagande","datePublished":"2026-02-15T09:14:10+00:00","dateModified":"2026-02-20T09:23:10+00:00","mainEntityOfPage":{"@id":"https:\/\/www.almega.se\/2026\/02\/avprivatisering-slar-mot-kvinnors-foretagande\/"},"wordCount":826,"image":{"@id":"https:\/\/www.almega.se\/2026\/02\/avprivatisering-slar-mot-kvinnors-foretagande\/#primaryimage"},"thumbnailUrl":"https:\/\/www.almega.se\/app\/uploads\/2025\/10\/Marten_Blix__DSF0089-scaled.jpg","articleSection":["V\u00e4lf\u00e4rd"],"inLanguage":"sv-SE"},{"@type":"WebPage","@id":"https:\/\/www.almega.se\/2026\/02\/avprivatisering-slar-mot-kvinnors-foretagande\/","url":"https:\/\/www.almega.se\/2026\/02\/avprivatisering-slar-mot-kvinnors-foretagande\/","name":"Avprivatisering sl\u00e5r mot kvinnors f\u00f6retagande | Almega","isPartOf":{"@id":"https:\/\/www.almega.se\/#website"},"primaryImageOfPage":{"@id":"https:\/\/www.almega.se\/2026\/02\/avprivatisering-slar-mot-kvinnors-foretagande\/#primaryimage"},"image":{"@id":"https:\/\/www.almega.se\/2026\/02\/avprivatisering-slar-mot-kvinnors-foretagande\/#primaryimage"},"thumbnailUrl":"https:\/\/www.almega.se\/app\/uploads\/2025\/10\/Marten_Blix__DSF0089-scaled.jpg","datePublished":"2026-02-15T09:14:10+00:00","dateModified":"2026-02-20T09:23:10+00:00","author":{"@id":"https:\/\/www.almega.se\/#\/schema\/person\/eae58f3a71d6b7aa9f71f3139a740a02"},"breadcrumb":{"@id":"https:\/\/www.almega.se\/2026\/02\/avprivatisering-slar-mot-kvinnors-foretagande\/#breadcrumb"},"inLanguage":"sv-SE","potentialAction":[{"@type":"ReadAction","target":["https:\/\/www.almega.se\/2026\/02\/avprivatisering-slar-mot-kvinnors-foretagande\/"]}]},{"@type":"ImageObject","inLanguage":"sv-SE","@id":"https:\/\/www.almega.se\/2026\/02\/avprivatisering-slar-mot-kvinnors-foretagande\/#primaryimage","url":"https:\/\/www.almega.se\/app\/uploads\/2025\/10\/Marten_Blix__DSF0089-scaled.jpg","contentUrl":"https:\/\/www.almega.se\/app\/uploads\/2025\/10\/Marten_Blix__DSF0089-scaled.jpg","width":2560,"height":1920,"caption":"M\u00e5rten Blix, ordf\u00f6rande Almega FutureTech."},{"@type":"BreadcrumbList","@id":"https:\/\/www.almega.se\/2026\/02\/avprivatisering-slar-mot-kvinnors-foretagande\/#breadcrumb","itemListElement":[{"@type":"ListItem","position":1,"name":"Home","item":"https:\/\/www.almega.se\/"},{"@type":"ListItem","position":2,"name":"Avprivatisering sl\u00e5r mot kvinnors f\u00f6retagande"}]},{"@type":"WebSite","@id":"https:\/\/www.almega.se\/#website","url":"https:\/\/www.almega.se\/","name":"Almega","description":"","potentialAction":[{"@type":"SearchAction","target":{"@type":"EntryPoint","urlTemplate":"https:\/\/www.almega.se\/?s={search_term_string}"},"query-input":{"@type":"PropertyValueSpecification","valueRequired":true,"valueName":"search_term_string"}}],"inLanguage":"sv-SE"},{"@type":"Person","@id":"https:\/\/www.almega.se\/#\/schema\/person\/eae58f3a71d6b7aa9f71f3139a740a02","name":"Karin Nyg\u00e5rd","image":{"@type":"ImageObject","inLanguage":"sv-SE","@id":"https:\/\/www.almega.se\/#\/schema\/person\/image\/","url":"https:\/\/secure.gravatar.com\/avatar\/09e5ec3d12974ae686ad90a0a4bf5404c8a4cfdca18f97124f166ab274023818?s=96&d=mm&r=g","contentUrl":"https:\/\/secure.gravatar.com\/avatar\/09e5ec3d12974ae686ad90a0a4bf5404c8a4cfdca18f97124f166ab274023818?s=96&d=mm&r=g","caption":"Karin Nyg\u00e5rd"},"description":"Produkt\u00e4gare Almega.se, samordnar webbutveckling och utveckling av Arbetsgivarguiden.se","url":"https:\/\/www.almega.se\/person\/karinnygard\/"}]}},"_links":{"self":[{"href":"https:\/\/www.almega.se\/api\/wp\/v2\/posts\/85947","targetHints":{"allow":["GET"]}}],"collection":[{"href":"https:\/\/www.almega.se\/api\/wp\/v2\/posts"}],"about":[{"href":"https:\/\/www.almega.se\/api\/wp\/v2\/types\/post"}],"author":[{"embeddable":true,"href":"https:\/\/www.almega.se\/api\/wp\/v2\/users\/14531"}],"replies":[{"embeddable":true,"href":"https:\/\/www.almega.se\/api\/wp\/v2\/comments?post=85947"}],"version-history":[{"count":2,"href":"https:\/\/www.almega.se\/api\/wp\/v2\/posts\/85947\/revisions"}],"predecessor-version":[{"id":85950,"href":"https:\/\/www.almega.se\/api\/wp\/v2\/posts\/85947\/revisions\/85950"}],"wp:featuredmedia":[{"embeddable":true,"href":"https:\/\/www.almega.se\/api\/wp\/v2\/media\/83284"}],"wp:attachment":[{"href":"https:\/\/www.almega.se\/api\/wp\/v2\/media?parent=85947"}],"wp:term":[{"taxonomy":"category","embeddable":true,"href":"https:\/\/www.almega.se\/api\/wp\/v2\/categories?post=85947"},{"taxonomy":"post_tag","embeddable":true,"href":"https:\/\/www.almega.se\/api\/wp\/v2\/tags?post=85947"},{"taxonomy":"type","embeddable":true,"href":"https:\/\/www.almega.se\/api\/wp\/v2\/article_type?post=85947"},{"taxonomy":"agreement","embeddable":true,"href":"https:\/\/www.almega.se\/api\/wp\/v2\/agreement?post=85947"}],"curies":[{"name":"wp","href":"https:\/\/api.w.org\/{rel}","templated":true}]}}