{"id":85428,"date":"2026-01-27T13:39:26","date_gmt":"2026-01-27T12:39:26","guid":{"rendered":"https:\/\/www.almega.se\/?p=85428"},"modified":"2026-01-27T13:39:27","modified_gmt":"2026-01-27T12:39:27","slug":"fullsatt-skatteseminarium","status":"publish","type":"post","link":"https:\/\/www.almega.se\/2026\/01\/fullsatt-skatteseminarium\/","title":{"rendered":"Fullsatt skatteseminarium"},"content":{"rendered":"<p class=\"intro\">Hur ska skattepolitiken reformeras? Det och mycket annat diskuterades under Almegas fullsatta seminarium den 27 januari. <\/p>\n\n<p>Sverige st\u00e5r inf\u00f6r betydande ekonomiska utmaningar. Tillv\u00e4xten \u00e4r svag, produktiviteten \u00e4r l\u00e5g och arbetsl\u00f6sheten ligger kvar p\u00e5 en h\u00f6g niv\u00e5. Samtidigt har det internationella konkurrenstrycket \u00f6kat, vilket st\u00e4ller h\u00f6ga krav p\u00e5 att Sverige har ett skattesystem som st\u00f6djer arbete, investeringar och f\u00f6retagande.<\/p>\n\n\n\n<p>Mot denna bakgrund har Almega bjudit in till ett samtal d\u00e4r forskare, f\u00f6retagare och politiker diskuterar hur framtidens skattepolitik b\u00f6r se ut f\u00f6r att st\u00e4rka tillv\u00e4xten, h\u00f6ja produktiviteten och minska arbetsl\u00f6sheten. Flera forskare har tidigare pratat om behovet av en skattereform. Beh\u00f6vs det eller kan vi l\u00f6sa utmaningarna genom gradvisa f\u00f6r\u00e4ndringar?<\/p>\n\n\n\n<p>Deltagare:<\/p>\n\n\n\n<ul class=\"wp-block-list\">\n<li><strong>Ann \u00d6berg<\/strong>, vd, Almega<\/li>\n\n\n\n<li><strong>Lars Calmfors<\/strong>, professor emeritus i internationell ekonomi, Stockholms universitet<\/li>\n\n\n\n<li><strong>\u00c5sa Hansson<\/strong>, docent i nationalekonomi, Lunds universitet<\/li>\n\n\n\n<li><strong>Daniel Waldenstr\u00f6m<\/strong>, professor i nationalekonomi &amp; programansvarig, IFN<\/li>\n\n\n\n<li><strong>Eric Westroth,<\/strong> Sverigedemokraterna<\/li>\n\n\n\n<li><strong>Martin \u00c5dahl,<\/strong> \u00a0Centerpartiet<\/li>\n\n\n\n<li><strong>Ida Gabrielsson<\/strong>, V\u00e4nsterpartiet<\/li>\n\n\n\n<li><strong>Cecilia R\u00f6nn<\/strong>, Liberalerna<\/li>\n\n\n\n<li><strong>Oliver Rosengren<\/strong>, Moderaterna<\/li>\n\n\n\n<li><strong>Niklas Karlsson,<\/strong> Socialdemokraterna<\/li>\n\n\n\n<li><strong>Fredrik Bromander<\/strong>, CEO, ConDesign<\/li>\n\n\n\n<li><strong>Jens Eriksson<\/strong>, vd, Aleris Sverige<\/li>\n\n\n\n<li><strong>Anders Eriksson<\/strong>, vd, Bonnier News och styrelseordf\u00f6rande Almega<\/li>\n<\/ul>\n\n\n\n<p>Moderator: Jan Wifstrand<\/p>\n\n\n\n<p>Stort tack till alla som lyssnade! Missade du seminariet? Ta det av det via inspelningen nedan:<\/p>\n\n\n<figure class=\"wp-block-embed is-type-video is-provider-youtube wp-block-embed-youtube wp-embed-aspect-16-9 wp-has-aspect-ratio\">\n<iframe loading=\"lazy\" title=\"Seminarium: \u00c4r tillv\u00e4xt och r\u00e4ttvisa skattepolitikens motpoler?\" width=\"500\" height=\"281\" src=\"https:\/\/www.youtube.com\/embed\/N6aF0VbK5FI?feature=oembed\" frameborder=\"0\" allow=\"accelerometer; autoplay; clipboard-write; encrypted-media; gyroscope; picture-in-picture; web-share\" referrerpolicy=\"strict-origin-when-cross-origin\" allowfullscreen><\/iframe>\n<\/figure>\n\n  ","protected":false},"excerpt":{"rendered":"<p>Hur ska skattepolitiken reformeras? Det och mycket annat diskuterades under Almegas fullsatta seminarium den 27 januari. <\/p>\n","protected":false},"author":16543,"featured_media":85429,"comment_status":"closed","ping_status":"closed","sticky":false,"template":"","format":"standard","meta":{"_acf_changed":false,"footnotes":""},"categories":[419,57,581],"tags":[],"article_type":[56],"agreement":[],"class_list":["post-85428","post","type-post","status-publish","format-standard","has-post-thumbnail","hentry","category-kompetensforsorjning","category-skatter","category-tjanstesektorns-betydelse","type-nyheter"],"acf":[],"yoast_head":"<!-- This site is optimized with the Yoast SEO Premium plugin v26.8 (Yoast SEO v26.8) - https:\/\/yoast.com\/product\/yoast-seo-premium-wordpress\/ -->\n<title>Fullsatt skatteseminarium | Almega<\/title>\n<meta name=\"robots\" content=\"index, follow, max-snippet:-1, max-image-preview:large, max-video-preview:-1\" \/>\n<link rel=\"canonical\" href=\"https:\/\/www.almega.se\/2026\/01\/fullsatt-skatteseminarium\/\" \/>\n<meta property=\"og:locale\" content=\"sv_SE\" \/>\n<meta property=\"og:type\" content=\"article\" \/>\n<meta property=\"og:title\" content=\"Fullsatt skatteseminarium\" \/>\n<meta property=\"og:description\" content=\"Hur ska skattepolitiken reformeras? Det och mycket annat diskuterades under Almegas fullsatta seminarium den 27 januari.\" \/>\n<meta property=\"og:url\" content=\"https:\/\/www.almega.se\/2026\/01\/fullsatt-skatteseminarium\/\" \/>\n<meta property=\"og:site_name\" content=\"Almega\" \/>\n<meta property=\"article:published_time\" content=\"2026-01-27T12:39:26+00:00\" \/>\n<meta property=\"article:modified_time\" content=\"2026-01-27T12:39:27+00:00\" \/>\n<meta property=\"og:image\" content=\"https:\/\/www.almega.se\/app\/uploads\/2026\/01\/Politiker-2.jpeg\" \/>\n\t<meta property=\"og:image:width\" content=\"2048\" \/>\n\t<meta property=\"og:image:height\" content=\"1536\" \/>\n\t<meta property=\"og:image:type\" content=\"image\/jpeg\" \/>\n<meta name=\"author\" content=\"R\u00e9ka Tolnai\" \/>\n<meta name=\"twitter:card\" content=\"summary_large_image\" \/>\n<meta name=\"twitter:label1\" content=\"Skriven av\" \/>\n\t<meta name=\"twitter:data1\" content=\"R\u00e9ka Tolnai\" \/>\n\t<meta name=\"twitter:label2\" content=\"Ber\u00e4knad l\u00e4stid\" \/>\n\t<meta name=\"twitter:data2\" content=\"2 minuter\" \/>\n<!-- \/ Yoast SEO Premium plugin. -->","yoast_head_json":{"title":"Fullsatt skatteseminarium | Almega","robots":{"index":"index","follow":"follow","max-snippet":"max-snippet:-1","max-image-preview":"max-image-preview:large","max-video-preview":"max-video-preview:-1"},"canonical":"https:\/\/www.almega.se\/2026\/01\/fullsatt-skatteseminarium\/","og_locale":"sv_SE","og_type":"article","og_title":"Fullsatt skatteseminarium","og_description":"Hur ska skattepolitiken reformeras? Det och mycket annat diskuterades under Almegas fullsatta seminarium den 27 januari.","og_url":"https:\/\/www.almega.se\/2026\/01\/fullsatt-skatteseminarium\/","og_site_name":"Almega","article_published_time":"2026-01-27T12:39:26+00:00","article_modified_time":"2026-01-27T12:39:27+00:00","og_image":[{"width":2048,"height":1536,"url":"https:\/\/www.almega.se\/app\/uploads\/2026\/01\/Politiker-2.jpeg","type":"image\/jpeg"}],"author":"R\u00e9ka Tolnai","twitter_card":"summary_large_image","twitter_misc":{"Skriven av":"R\u00e9ka Tolnai","Ber\u00e4knad l\u00e4stid":"2 minuter"},"schema":{"@context":"https:\/\/schema.org","@graph":[{"@type":"NewsArticle","@id":"https:\/\/www.almega.se\/2026\/01\/fullsatt-skatteseminarium\/#article","isPartOf":{"@id":"https:\/\/www.almega.se\/2026\/01\/fullsatt-skatteseminarium\/"},"author":{"name":"R\u00e9ka Tolnai","@id":"https:\/\/www.almega.se\/#\/schema\/person\/e54aa110880538cf5ceac0ac54bbecf7"},"headline":"Fullsatt skatteseminarium","datePublished":"2026-01-27T12:39:26+00:00","dateModified":"2026-01-27T12:39:27+00:00","mainEntityOfPage":{"@id":"https:\/\/www.almega.se\/2026\/01\/fullsatt-skatteseminarium\/"},"wordCount":214,"image":{"@id":"https:\/\/www.almega.se\/2026\/01\/fullsatt-skatteseminarium\/#primaryimage"},"thumbnailUrl":"https:\/\/www.almega.se\/app\/uploads\/2026\/01\/Politiker-2.jpeg","articleSection":["Kompetensf\u00f6rs\u00f6rjning","Skatter","Tj\u00e4nstesektorns betydelse"],"inLanguage":"sv-SE"},{"@type":"WebPage","@id":"https:\/\/www.almega.se\/2026\/01\/fullsatt-skatteseminarium\/","url":"https:\/\/www.almega.se\/2026\/01\/fullsatt-skatteseminarium\/","name":"Fullsatt skatteseminarium | Almega","isPartOf":{"@id":"https:\/\/www.almega.se\/#website"},"primaryImageOfPage":{"@id":"https:\/\/www.almega.se\/2026\/01\/fullsatt-skatteseminarium\/#primaryimage"},"image":{"@id":"https:\/\/www.almega.se\/2026\/01\/fullsatt-skatteseminarium\/#primaryimage"},"thumbnailUrl":"https:\/\/www.almega.se\/app\/uploads\/2026\/01\/Politiker-2.jpeg","datePublished":"2026-01-27T12:39:26+00:00","dateModified":"2026-01-27T12:39:27+00:00","author":{"@id":"https:\/\/www.almega.se\/#\/schema\/person\/e54aa110880538cf5ceac0ac54bbecf7"},"breadcrumb":{"@id":"https:\/\/www.almega.se\/2026\/01\/fullsatt-skatteseminarium\/#breadcrumb"},"inLanguage":"sv-SE","potentialAction":[{"@type":"ReadAction","target":["https:\/\/www.almega.se\/2026\/01\/fullsatt-skatteseminarium\/"]}]},{"@type":"ImageObject","inLanguage":"sv-SE","@id":"https:\/\/www.almega.se\/2026\/01\/fullsatt-skatteseminarium\/#primaryimage","url":"https:\/\/www.almega.se\/app\/uploads\/2026\/01\/Politiker-2.jpeg","contentUrl":"https:\/\/www.almega.se\/app\/uploads\/2026\/01\/Politiker-2.jpeg","width":2048,"height":1536},{"@type":"BreadcrumbList","@id":"https:\/\/www.almega.se\/2026\/01\/fullsatt-skatteseminarium\/#breadcrumb","itemListElement":[{"@type":"ListItem","position":1,"name":"Home","item":"https:\/\/www.almega.se\/"},{"@type":"ListItem","position":2,"name":"Fullsatt skatteseminarium"}]},{"@type":"WebSite","@id":"https:\/\/www.almega.se\/#website","url":"https:\/\/www.almega.se\/","name":"Almega","description":"","potentialAction":[{"@type":"SearchAction","target":{"@type":"EntryPoint","urlTemplate":"https:\/\/www.almega.se\/?s={search_term_string}"},"query-input":{"@type":"PropertyValueSpecification","valueRequired":true,"valueName":"search_term_string"}}],"inLanguage":"sv-SE"},{"@type":"Person","@id":"https:\/\/www.almega.se\/#\/schema\/person\/e54aa110880538cf5ceac0ac54bbecf7","name":"R\u00e9ka Tolnai","image":{"@type":"ImageObject","inLanguage":"sv-SE","@id":"https:\/\/www.almega.se\/#\/schema\/person\/image\/","url":"https:\/\/secure.gravatar.com\/avatar\/c722d4a4ee787603df9df499a683d681bd2c463bde248da25aabc45883d614d2?s=96&d=mm&r=g","contentUrl":"https:\/\/secure.gravatar.com\/avatar\/c722d4a4ee787603df9df499a683d681bd2c463bde248da25aabc45883d614d2?s=96&d=mm&r=g","caption":"R\u00e9ka Tolnai"},"url":"https:\/\/www.almega.se\/person\/rekatolnai\/"}]}},"_links":{"self":[{"href":"https:\/\/www.almega.se\/api\/wp\/v2\/posts\/85428","targetHints":{"allow":["GET"]}}],"collection":[{"href":"https:\/\/www.almega.se\/api\/wp\/v2\/posts"}],"about":[{"href":"https:\/\/www.almega.se\/api\/wp\/v2\/types\/post"}],"author":[{"embeddable":true,"href":"https:\/\/www.almega.se\/api\/wp\/v2\/users\/16543"}],"replies":[{"embeddable":true,"href":"https:\/\/www.almega.se\/api\/wp\/v2\/comments?post=85428"}],"version-history":[{"count":1,"href":"https:\/\/www.almega.se\/api\/wp\/v2\/posts\/85428\/revisions"}],"predecessor-version":[{"id":85430,"href":"https:\/\/www.almega.se\/api\/wp\/v2\/posts\/85428\/revisions\/85430"}],"wp:featuredmedia":[{"embeddable":true,"href":"https:\/\/www.almega.se\/api\/wp\/v2\/media\/85429"}],"wp:attachment":[{"href":"https:\/\/www.almega.se\/api\/wp\/v2\/media?parent=85428"}],"wp:term":[{"taxonomy":"category","embeddable":true,"href":"https:\/\/www.almega.se\/api\/wp\/v2\/categories?post=85428"},{"taxonomy":"post_tag","embeddable":true,"href":"https:\/\/www.almega.se\/api\/wp\/v2\/tags?post=85428"},{"taxonomy":"type","embeddable":true,"href":"https:\/\/www.almega.se\/api\/wp\/v2\/article_type?post=85428"},{"taxonomy":"agreement","embeddable":true,"href":"https:\/\/www.almega.se\/api\/wp\/v2\/agreement?post=85428"}],"curies":[{"name":"wp","href":"https:\/\/api.w.org\/{rel}","templated":true}]}}