{"id":85238,"date":"2026-01-15T13:47:15","date_gmt":"2026-01-15T12:47:15","guid":{"rendered":"https:\/\/www.almega.se\/?p=85238"},"modified":"2026-01-15T13:47:15","modified_gmt":"2026-01-15T12:47:15","slug":"debatt-sverige-behover-en-ny-arbetslinje-for-en-ny-tid","status":"publish","type":"post","link":"https:\/\/www.almega.se\/2026\/01\/debatt-sverige-behover-en-ny-arbetslinje-for-en-ny-tid\/","title":{"rendered":"Debatt: Sverige beh\u00f6ver en ny arbetslinje f\u00f6r en ny tid"},"content":{"rendered":"<p class=\"intro\">Antingen forts\u00e4tter vi med sm\u00e5justeringar och kortsiktiga l\u00f6sningar \u2013 eller s\u00e5 v\u00e4ljer vi en reformagenda som s\u00e4tter jobb och tillv\u00e4xt f\u00f6rst. Det skriver Patrick Joyce, chefekonom, och Jonas Jegers, n\u00e4ringspolitisk expert p\u00e5 Almega i Altinget.<\/p>\n\n<p>Sverige st\u00e5r inf\u00f6r flera allvarliga utmaningar. Tillv\u00e4xten har varit l\u00e5g under flera \u00e5r, produktiviteten utvecklas svagt och arbetsl\u00f6sheten \u00e4r fortsatt h\u00f6g. I november var 470 000 personer arbetsl\u00f6sa \u2013 motsvarande 9,0 procent av arbetskraften. Samtidigt vittnar f\u00f6retag \u00f6ver hela landet om att de inte kan v\u00e4xa eftersom r\u00e4tt kompetens saknas. Det \u00e4r siffror som borde oroa alla som vill se ett starkare Sverige.<\/p>\n\n\n<a class='Share__link Share__link--url copy-text' href='#' rel='nofollow' data-text='arbetslosheten-biter-sig-fast' title='Dela url' data-confirmation='L\u00e4nken kopierades till urklipp'><svg class='icon icon--link'  width='18' height='18' viewBox='0 0 18 18' fill='none' xmlns='http:\/\/www.w3.org\/2000\/svg'>\n            <path d='M10.4142 0.514721L6.87868 4.05025L8.29289 5.46447L11.1213 2.63604L15.364 6.87868L12.5355 9.70711L13.9497 11.1213L17.4853 7.58579C17.8763 7.19476 17.8763 6.5626 17.4853 6.17158L11.8284 0.514721C11.4374 0.123691 10.8052 0.123691 10.4142 0.514721Z' fill='black'\/>\n            <path d='M9.7071 12.5355L6.87868 15.364L2.63604 11.1213L5.46446 8.2929L4.05025 6.87868L0.514716 10.4142C0.123686 10.8052 0.123686 11.4374 0.514716 11.8284L6.17157 17.4853C6.5626 17.8763 7.19475 17.8763 7.58578 17.4853L11.1213 13.9497L9.7071 12.5355Z' fill='black'\/>\n            <path d='M6.17157 11.8284C6.5626 12.2195 7.19475 12.2195 7.58578 11.8284L11.8284 7.58579C12.2195 7.19476 12.2195 6.56261 11.8284 6.17158C11.4374 5.78055 10.8052 5.78055 10.4142 6.17158L6.17157 10.4142C5.78054 10.8052 5.78054 11.4374 6.17157 11.8284Z' fill='black'\/>\n            <\/svg> <\/a>\n<h2 class=\"wp-block-heading\" id=\"h-arbetslosheten-biter-sig-fast\">Arbetsl\u00f6sheten biter sig fast<\/h2>\n\n\n\n<p>F\u00f6rklaringen till den h\u00f6ga arbetsl\u00f6sheten, framf\u00f6rallt fr\u00e5n politiken, har l\u00e4nge varit den l\u00e5ga tillv\u00e4xten. Men nu finns det tydliga tecken p\u00e5 att ekonomin \u00e4r p\u00e5 v\u00e4g att v\u00e4nda. Enligt <a href=\"https:\/\/www.almega.se\/2025\/12\/tjansteindikatorn-jobben-blir-fler-i-tjanstesektorn\/\">Almegas senaste tj\u00e4nsteindikator<\/a> \u00f6kade produktionen i den privata tj\u00e4nstesektorn med 2,6 procent i \u00e5rstakt, och uppg\u00e5ngen v\u00e4ntas forts\u00e4tta. Jobben b\u00f6rjar ocks\u00e5 komma tillbaka. Under det senaste \u00e5ret har antalet anst\u00e4llda i den privata tj\u00e4nstesektorn \u00f6kat med \u00f6ver 12 000 personer.<\/p>\n\n\n\n<p>Detta \u00e4r ingen tillf\u00e4llighet. Den privata tj\u00e4nstesektorn \u00e4r Sveriges tillv\u00e4xtmotor. Sedan millennieskiftet har produktionen n\u00e4stan f\u00f6rdubblats och sektorn st\u00e5r i dag f\u00f6r \u00f6ver h\u00e4lften av BNP och n\u00e4stan vartannat jobb. Sedan \u00e5r 2000 har tre av fyra nya jobb skapats i tj\u00e4nstesektorn. Det \u00e4r h\u00e4r som instegsjobben finns, hit som topptalanger s\u00f6ker sig \u2013 och h\u00e4r som ny teknik och AI f\u00e5r st\u00f6rst genomslag p\u00e5 produktiviteten.<\/p>\n\n\n\n<p>Men trots att konjunkturen v\u00e4nt upp\u00e5t biter arbetsl\u00f6sheten sig fast. F\u00f6rklaringen \u00e4r inte brist p\u00e5 efterfr\u00e5gan \u2013 f\u00f6retagen vill och beh\u00f6ver anst\u00e4lla \u2013 utan bristande f\u00f6ruts\u00e4ttningar. F\u00f6r f\u00e5 arbetsl\u00f6sa f\u00e5r tillg\u00e5ng till effektiva insatser som leder till jobb. Kostnaden f\u00f6r att anst\u00e4lla \u00e4r fortsatt h\u00f6g och incitamenten f\u00f6r kompetensutveckling otillr\u00e4ckliga. Resultatet blir ett dubbelt misslyckande: m\u00e4nniskor fastnar i arbetsl\u00f6shet samtidigt som f\u00f6retag tvingas tacka nej till uppdrag, skjuta upp investeringar och avst\u00e5 fr\u00e5n att v\u00e4xa.<\/p>\n\n\n<a class='Share__link Share__link--url copy-text' href='#' rel='nofollow' data-text='for-fa-deltar-i-arbetsmarknadsutbildningar' title='Dela url' data-confirmation='L\u00e4nken kopierades till urklipp'><svg class='icon icon--link'  width='18' height='18' viewBox='0 0 18 18' fill='none' xmlns='http:\/\/www.w3.org\/2000\/svg'>\n            <path d='M10.4142 0.514721L6.87868 4.05025L8.29289 5.46447L11.1213 2.63604L15.364 6.87868L12.5355 9.70711L13.9497 11.1213L17.4853 7.58579C17.8763 7.19476 17.8763 6.5626 17.4853 6.17158L11.8284 0.514721C11.4374 0.123691 10.8052 0.123691 10.4142 0.514721Z' fill='black'\/>\n            <path d='M9.7071 12.5355L6.87868 15.364L2.63604 11.1213L5.46446 8.2929L4.05025 6.87868L0.514716 10.4142C0.123686 10.8052 0.123686 11.4374 0.514716 11.8284L6.17157 17.4853C6.5626 17.8763 7.19475 17.8763 7.58578 17.4853L11.1213 13.9497L9.7071 12.5355Z' fill='black'\/>\n            <path d='M6.17157 11.8284C6.5626 12.2195 7.19475 12.2195 7.58578 11.8284L11.8284 7.58579C12.2195 7.19476 12.2195 6.56261 11.8284 6.17158C11.4374 5.78055 10.8052 5.78055 10.4142 6.17158L6.17157 10.4142C5.78054 10.8052 5.78054 11.4374 6.17157 11.8284Z' fill='black'\/>\n            <\/svg> <\/a>\n<h2 class=\"wp-block-heading\" id=\"h-for-fa-deltar-i-arbetsmarknadsutbildningar\">F\u00f6r f\u00e5 deltar i arbetsmarknadsutbildningar<\/h2>\n\n\n\n<p>Om Sverige ska kunna dra full nytta av ekonomins \u00e5terh\u00e4mtning kr\u00e4vs en ny arbetslinje f\u00f6r en ny tid. F\u00f6r att s\u00e4kra kompetensf\u00f6rs\u00f6rjningen beh\u00f6vs reformer som rustar m\u00e4nniskor f\u00f6r de jobb som finns och ger f\u00f6retagen r\u00e4tt f\u00f6ruts\u00e4ttningar att v\u00e4xa.<\/p>\n\n\n\n<p>I dag deltar alldeles f\u00f6r f\u00e5 arbetsl\u00f6sa i arbetsmarknadsutbildningar. Utbildningarna beh\u00f6ver anpassas s\u00e5 att fler arbetsl\u00f6sa kan matchas mot en utbildning som ger dem r\u00e4tt kompetens f\u00f6r jobb. Resurserna f\u00f6r aktiva insatser f\u00f6r arbetsl\u00f6sa m\u00e5ste ut\u00f6kas. Samtidigt m\u00e5ste tr\u00f6sklarna till arbete s\u00e4nkas, s\u00e5v\u00e4l genom mor\u00f6tter som piskor.<\/p>\n\n\n\n<p>Arbetsgivaravgifterna b\u00f6r minskas, f\u00f6rslagsvis genom att s\u00e4nka den allm\u00e4nna l\u00f6neavgiften och jobbskatteavdraget m\u00e5ste ut\u00f6kas, framf\u00f6r allt f\u00f6r l\u00e5g- och medelinkomsttagare. Dessutom kr\u00e4vs en bidragsreform som g\u00f6r det entydigt: Det m\u00e5ste alltid l\u00f6na sig att g\u00e5 fr\u00e5n bidrag till arbete.<\/p>\n\n\n<a class='Share__link Share__link--url copy-text' href='#' rel='nofollow' data-text='halvera-den-statliga-inkomstskatten' title='Dela url' data-confirmation='L\u00e4nken kopierades till urklipp'><svg class='icon icon--link'  width='18' height='18' viewBox='0 0 18 18' fill='none' xmlns='http:\/\/www.w3.org\/2000\/svg'>\n            <path d='M10.4142 0.514721L6.87868 4.05025L8.29289 5.46447L11.1213 2.63604L15.364 6.87868L12.5355 9.70711L13.9497 11.1213L17.4853 7.58579C17.8763 7.19476 17.8763 6.5626 17.4853 6.17158L11.8284 0.514721C11.4374 0.123691 10.8052 0.123691 10.4142 0.514721Z' fill='black'\/>\n            <path d='M9.7071 12.5355L6.87868 15.364L2.63604 11.1213L5.46446 8.2929L4.05025 6.87868L0.514716 10.4142C0.123686 10.8052 0.123686 11.4374 0.514716 11.8284L6.17157 17.4853C6.5626 17.8763 7.19475 17.8763 7.58578 17.4853L11.1213 13.9497L9.7071 12.5355Z' fill='black'\/>\n            <path d='M6.17157 11.8284C6.5626 12.2195 7.19475 12.2195 7.58578 11.8284L11.8284 7.58579C12.2195 7.19476 12.2195 6.56261 11.8284 6.17158C11.4374 5.78055 10.8052 5.78055 10.4142 6.17158L6.17157 10.4142C5.78054 10.8052 5.78054 11.4374 6.17157 11.8284Z' fill='black'\/>\n            <\/svg> <\/a>\n<h2 class=\"wp-block-heading\" id=\"h-halvera-den-statliga-inkomstskatten\">Halvera den statliga inkomstskatten<\/h2>\n\n\n\n<p>F\u00f6r att bedriva en h\u00e5llbar arbetsmarknadspolitik f\u00f6r framtiden m\u00e5ste flera tankar h\u00e5llas i huvudet samtidigt. Det r\u00e4cker inte att bara satsa p\u00e5 dem som i dag st\u00e5r utanf\u00f6r arbetsmarknaden. Vi m\u00e5ste \u00e4ven rusta dem som i dag har ett arbete, s\u00e5 att \u00e4ven de kan utvecklas genom sina arbetsliv \u2013 n\u00e5got som \u00e4r s\u00e4rskilt betydelsefullt med tanke p\u00e5 digitaliseringen och AI. D\u00e4rf\u00f6r f\u00f6resl\u00e5r Almega att ett kompetensavdrag p\u00e5 50 procent av kostnaden inf\u00f6rs n\u00e4r f\u00f6retag investerar i l\u00e4rande. P\u00e5 samma s\u00e4tt b\u00f6r anstr\u00e4ngning och utbildning premieras genom en halvering av den statliga inkomstskatten.<\/p>\n\n\n\n<p>Sverige st\u00e5r vid ett v\u00e4gsk\u00e4l. Antingen forts\u00e4tter vi med sm\u00e5justeringar och kortsiktiga l\u00f6sningar \u2013 eller s\u00e5 v\u00e4ljer vi en reformagenda som s\u00e4tter jobb och tillv\u00e4xt f\u00f6rst. Tj\u00e4nstesektorn \u00e4r nyckeln till framtiden. H\u00e4r finns jobben, innovationskraften och m\u00f6jligheten att v\u00e4nda utvecklingen. Almega kommer att verka f\u00f6r att jobb och tillv\u00e4xt st\u00e5r i centrum i n\u00e4sta \u00e5rs valr\u00f6relse. Tj\u00e4nstesektorn kan inte v\u00e4nta \u2013 och Sverige kan inte v\u00e4nta.<\/p>\n\n\n\n<p><strong>Patrick Joyce<\/strong>, chefekonom, Almega<br><strong>Jonas Jegers<\/strong>, n\u00e4ringspolitisk expert, Almega<\/p>\n\n\n\n      <a href=\"https:\/\/www.altinget.se\/artikel\/sverige-behover-en-ny-arbetslinje-for-en-ny-tid\" target=\"_blank\" class=\"Button is-text Button--arrow-tip\">\n      \n        L\u00e4s debattartikeln i Altinget\n      \n      \n                \n                <svg class='icon icon--arrow-tip'  width=\"11\" height=\"16\" viewBox=\"0 0 11 16\" fill=\"none\" xmlns=\"http:\/\/www.w3.org\/2000\/svg\">\n<path d=\"M0.858398 15L9.2304 7.99664L0.967732 1.00001\" stroke=\"black\" stroke-width=\"2\" stroke-miterlimit=\"10\"\/>\n<\/svg>\n\n        \n    <\/a>\n  \n","protected":false},"excerpt":{"rendered":"<p>Sverige st\u00e5r inf\u00f6r flera allvarliga utmaningar. Tillv\u00e4xten har varit l\u00e5g under flera \u00e5r, produktiviteten utvecklas svagt och arbetsl\u00f6sheten \u00e4r fortsatt h\u00f6g. I november var 470 000 personer arbetsl\u00f6sa \u2013 motsvarande 9,0 procent av arbetskraften. Samtidigt &hellip;<\/p>\n","protected":false},"author":21574,"featured_media":85244,"comment_status":"closed","ping_status":"closed","sticky":false,"template":"","format":"standard","meta":{"_acf_changed":false,"footnotes":""},"categories":[64],"tags":[],"article_type":[49],"agreement":[],"class_list":["post-85238","post","type-post","status-publish","format-standard","has-post-thumbnail","hentry","category-arbetsmarknad","type-debattartiklar"],"acf":[],"yoast_head":"<!-- This site is optimized with the Yoast SEO Premium plugin v26.8 (Yoast SEO v26.8) - https:\/\/yoast.com\/product\/yoast-seo-premium-wordpress\/ -->\n<title>Debatt: Sverige beh\u00f6ver en ny arbetslinje f\u00f6r en ny tid | Almega<\/title>\n<meta name=\"robots\" content=\"index, follow, max-snippet:-1, max-image-preview:large, max-video-preview:-1\" \/>\n<link rel=\"canonical\" href=\"https:\/\/www.almega.se\/2026\/01\/debatt-sverige-behover-en-ny-arbetslinje-for-en-ny-tid\/\" \/>\n<meta property=\"og:locale\" content=\"sv_SE\" \/>\n<meta property=\"og:type\" content=\"article\" \/>\n<meta property=\"og:title\" content=\"Debatt: Sverige beh\u00f6ver en ny arbetslinje f\u00f6r en ny tid\" \/>\n<meta property=\"og:description\" content=\"Sverige st\u00e5r inf\u00f6r flera allvarliga utmaningar. Tillv\u00e4xten har varit l\u00e5g under flera \u00e5r, produktiviteten utvecklas svagt och arbetsl\u00f6sheten \u00e4r fortsatt h\u00f6g. I november var 470 000 personer arbetsl\u00f6sa \u2013 motsvarande 9,0 procent av arbetskraften. Samtidigt &hellip;\" \/>\n<meta property=\"og:url\" content=\"https:\/\/www.almega.se\/2026\/01\/debatt-sverige-behover-en-ny-arbetslinje-for-en-ny-tid\/\" \/>\n<meta property=\"og:site_name\" content=\"Almega\" \/>\n<meta property=\"article:published_time\" content=\"2026-01-15T12:47:15+00:00\" \/>\n<meta property=\"og:image\" content=\"https:\/\/www.almega.se\/app\/uploads\/2026\/01\/Case-1920x1080-7-1180x664.png\" \/>\n\t<meta property=\"og:image:width\" content=\"1180\" \/>\n\t<meta property=\"og:image:height\" content=\"664\" \/>\n\t<meta property=\"og:image:type\" content=\"image\/png\" \/>\n<meta name=\"author\" content=\"Sandra Mildenberger\" \/>\n<meta name=\"twitter:card\" content=\"summary_large_image\" \/>\n<meta name=\"twitter:label1\" content=\"Skriven av\" \/>\n\t<meta name=\"twitter:data1\" content=\"Sandra Mildenberger\" \/>\n\t<meta name=\"twitter:label2\" content=\"Ber\u00e4knad l\u00e4stid\" \/>\n\t<meta name=\"twitter:data2\" content=\"4 minuter\" \/>\n<!-- \/ Yoast SEO Premium plugin. -->","yoast_head_json":{"title":"Debatt: Sverige beh\u00f6ver en ny arbetslinje f\u00f6r en ny tid | Almega","robots":{"index":"index","follow":"follow","max-snippet":"max-snippet:-1","max-image-preview":"max-image-preview:large","max-video-preview":"max-video-preview:-1"},"canonical":"https:\/\/www.almega.se\/2026\/01\/debatt-sverige-behover-en-ny-arbetslinje-for-en-ny-tid\/","og_locale":"sv_SE","og_type":"article","og_title":"Debatt: Sverige beh\u00f6ver en ny arbetslinje f\u00f6r en ny tid","og_description":"Sverige st\u00e5r inf\u00f6r flera allvarliga utmaningar. Tillv\u00e4xten har varit l\u00e5g under flera \u00e5r, produktiviteten utvecklas svagt och arbetsl\u00f6sheten \u00e4r fortsatt h\u00f6g. I november var 470 000 personer arbetsl\u00f6sa \u2013 motsvarande 9,0 procent av arbetskraften. Samtidigt &hellip;","og_url":"https:\/\/www.almega.se\/2026\/01\/debatt-sverige-behover-en-ny-arbetslinje-for-en-ny-tid\/","og_site_name":"Almega","article_published_time":"2026-01-15T12:47:15+00:00","og_image":[{"width":1180,"height":664,"url":"https:\/\/www.almega.se\/app\/uploads\/2026\/01\/Case-1920x1080-7-1180x664.png","type":"image\/png"}],"author":"Sandra Mildenberger","twitter_card":"summary_large_image","twitter_misc":{"Skriven av":"Sandra Mildenberger","Ber\u00e4knad l\u00e4stid":"4 minuter"},"schema":{"@context":"https:\/\/schema.org","@graph":[{"@type":"NewsArticle","@id":"https:\/\/www.almega.se\/2026\/01\/debatt-sverige-behover-en-ny-arbetslinje-for-en-ny-tid\/#article","isPartOf":{"@id":"https:\/\/www.almega.se\/2026\/01\/debatt-sverige-behover-en-ny-arbetslinje-for-en-ny-tid\/"},"author":{"name":"Sandra Mildenberger","@id":"https:\/\/www.almega.se\/#\/schema\/person\/432bf15cd5b8c34477366237d76e0e28"},"headline":"Debatt: Sverige beh\u00f6ver en ny arbetslinje f\u00f6r en ny tid","datePublished":"2026-01-15T12:47:15+00:00","mainEntityOfPage":{"@id":"https:\/\/www.almega.se\/2026\/01\/debatt-sverige-behover-en-ny-arbetslinje-for-en-ny-tid\/"},"wordCount":737,"image":{"@id":"https:\/\/www.almega.se\/2026\/01\/debatt-sverige-behover-en-ny-arbetslinje-for-en-ny-tid\/#primaryimage"},"thumbnailUrl":"https:\/\/www.almega.se\/app\/uploads\/2026\/01\/Case-1920x1080-7-scaled.png","articleSection":["Arbetsmarknad"],"inLanguage":"sv-SE"},{"@type":"WebPage","@id":"https:\/\/www.almega.se\/2026\/01\/debatt-sverige-behover-en-ny-arbetslinje-for-en-ny-tid\/","url":"https:\/\/www.almega.se\/2026\/01\/debatt-sverige-behover-en-ny-arbetslinje-for-en-ny-tid\/","name":"Debatt: Sverige beh\u00f6ver en ny arbetslinje f\u00f6r en ny tid | Almega","isPartOf":{"@id":"https:\/\/www.almega.se\/#website"},"primaryImageOfPage":{"@id":"https:\/\/www.almega.se\/2026\/01\/debatt-sverige-behover-en-ny-arbetslinje-for-en-ny-tid\/#primaryimage"},"image":{"@id":"https:\/\/www.almega.se\/2026\/01\/debatt-sverige-behover-en-ny-arbetslinje-for-en-ny-tid\/#primaryimage"},"thumbnailUrl":"https:\/\/www.almega.se\/app\/uploads\/2026\/01\/Case-1920x1080-7-scaled.png","datePublished":"2026-01-15T12:47:15+00:00","author":{"@id":"https:\/\/www.almega.se\/#\/schema\/person\/432bf15cd5b8c34477366237d76e0e28"},"breadcrumb":{"@id":"https:\/\/www.almega.se\/2026\/01\/debatt-sverige-behover-en-ny-arbetslinje-for-en-ny-tid\/#breadcrumb"},"inLanguage":"sv-SE","potentialAction":[{"@type":"ReadAction","target":["https:\/\/www.almega.se\/2026\/01\/debatt-sverige-behover-en-ny-arbetslinje-for-en-ny-tid\/"]}]},{"@type":"ImageObject","inLanguage":"sv-SE","@id":"https:\/\/www.almega.se\/2026\/01\/debatt-sverige-behover-en-ny-arbetslinje-for-en-ny-tid\/#primaryimage","url":"https:\/\/www.almega.se\/app\/uploads\/2026\/01\/Case-1920x1080-7-scaled.png","contentUrl":"https:\/\/www.almega.se\/app\/uploads\/2026\/01\/Case-1920x1080-7-scaled.png","width":2560,"height":1440},{"@type":"BreadcrumbList","@id":"https:\/\/www.almega.se\/2026\/01\/debatt-sverige-behover-en-ny-arbetslinje-for-en-ny-tid\/#breadcrumb","itemListElement":[{"@type":"ListItem","position":1,"name":"Home","item":"https:\/\/www.almega.se\/"},{"@type":"ListItem","position":2,"name":"Debatt: Sverige beh\u00f6ver en ny arbetslinje f\u00f6r en ny tid"}]},{"@type":"WebSite","@id":"https:\/\/www.almega.se\/#website","url":"https:\/\/www.almega.se\/","name":"Almega","description":"","potentialAction":[{"@type":"SearchAction","target":{"@type":"EntryPoint","urlTemplate":"https:\/\/www.almega.se\/?s={search_term_string}"},"query-input":{"@type":"PropertyValueSpecification","valueRequired":true,"valueName":"search_term_string"}}],"inLanguage":"sv-SE"},{"@type":"Person","@id":"https:\/\/www.almega.se\/#\/schema\/person\/432bf15cd5b8c34477366237d76e0e28","name":"Sandra Mildenberger","image":{"@type":"ImageObject","inLanguage":"sv-SE","@id":"https:\/\/www.almega.se\/#\/schema\/person\/image\/","url":"https:\/\/secure.gravatar.com\/avatar\/303ee6ef75fa0849b0b85e527659b8bf3457cd9509f76c13628965581b041b41?s=96&d=mm&r=g","contentUrl":"https:\/\/secure.gravatar.com\/avatar\/303ee6ef75fa0849b0b85e527659b8bf3457cd9509f76c13628965581b041b41?s=96&d=mm&r=g","caption":"Sandra Mildenberger"},"url":"https:\/\/www.almega.se\/person\/sandramildenberger\/"}]}},"_links":{"self":[{"href":"https:\/\/www.almega.se\/api\/wp\/v2\/posts\/85238","targetHints":{"allow":["GET"]}}],"collection":[{"href":"https:\/\/www.almega.se\/api\/wp\/v2\/posts"}],"about":[{"href":"https:\/\/www.almega.se\/api\/wp\/v2\/types\/post"}],"author":[{"embeddable":true,"href":"https:\/\/www.almega.se\/api\/wp\/v2\/users\/21574"}],"replies":[{"embeddable":true,"href":"https:\/\/www.almega.se\/api\/wp\/v2\/comments?post=85238"}],"version-history":[{"count":3,"href":"https:\/\/www.almega.se\/api\/wp\/v2\/posts\/85238\/revisions"}],"predecessor-version":[{"id":85247,"href":"https:\/\/www.almega.se\/api\/wp\/v2\/posts\/85238\/revisions\/85247"}],"wp:featuredmedia":[{"embeddable":true,"href":"https:\/\/www.almega.se\/api\/wp\/v2\/media\/85244"}],"wp:attachment":[{"href":"https:\/\/www.almega.se\/api\/wp\/v2\/media?parent=85238"}],"wp:term":[{"taxonomy":"category","embeddable":true,"href":"https:\/\/www.almega.se\/api\/wp\/v2\/categories?post=85238"},{"taxonomy":"post_tag","embeddable":true,"href":"https:\/\/www.almega.se\/api\/wp\/v2\/tags?post=85238"},{"taxonomy":"type","embeddable":true,"href":"https:\/\/www.almega.se\/api\/wp\/v2\/article_type?post=85238"},{"taxonomy":"agreement","embeddable":true,"href":"https:\/\/www.almega.se\/api\/wp\/v2\/agreement?post=85238"}],"curies":[{"name":"wp","href":"https:\/\/api.w.org\/{rel}","templated":true}]}}