{"id":85107,"date":"2026-01-08T18:43:40","date_gmt":"2026-01-08T17:43:40","guid":{"rendered":"https:\/\/www.almega.se\/?p=85107"},"modified":"2026-01-14T11:04:32","modified_gmt":"2026-01-14T10:04:32","slug":"rattelse-ob-divisorer-med-vardforbundet-avseende-bransch-aldreomsorg-f","status":"publish","type":"post","link":"https:\/\/www.almega.se\/2026\/01\/rattelse-ob-divisorer-med-vardforbundet-avseende-bransch-aldreomsorg-f\/","title":{"rendered":"R\u00e4ttelse: Ob-divisorer med V\u00e5rd&shy;f\u00f6rbundet avseende Bransch \u00c4ldreomsorg (F)"},"content":{"rendered":"<p class=\"intro\">I utskicket Arbetsgivarnytt den 23 december 2025 angavs tyv\u00e4rr felaktiga krontal. Vi beklagar misstaget och har nu korrigerat uppgifterna. Nedan hittar ni de korrekta krontalen f\u00f6r Ob-ers\u00e4ttningen.<\/p>\n\n<p><\/p>\n\n\n\n<p><\/p>\n\n\n\n<figure class=\"wp-block-table\"><table class=\"has-fixed-layout\"><tbody><tr><td>O-till\u00e4ggstid<\/td><td>Kr\/tim fr&nbsp;o&nbsp;m 2025-07-01<\/td><td>Kr\/tim fr&nbsp;o&nbsp;m 2026-07-01<\/td><td>Kr\/tim fr\u00a0o\u00a0m 2027-01-01<\/td><\/tr><tr><td>1. 0-till\u00e4ggstid A<\/td><td><s>124:42<\/s>  121:61<\/td><td><s>128:15<\/s>  125:26<\/td><td><span style=\"text-decoration: underline;\">M\u00e5nadsl\u00f6n<\/span><br> 400<\/td><\/tr><tr><td>2. 0-till\u00e4ggstid B<\/td><td><s>63:56<\/s>  62:15<\/td><td><s>65:47<\/s>  64:02<\/td><td><span style=\"text-decoration: underline;\">M\u00e5nadsl\u00f6n<\/span><br> 800<\/td><\/tr><tr><td>3. 0-till\u00e4ggstid C<\/td><td><s>54:42<\/s>  53:24<\/td><td><s>56:05<\/s>  54:84<\/td><td><span style=\"text-decoration: underline;\">M\u00e5nadsl\u00f6n<\/span><br> 925<\/td><\/tr><tr><td>4. 0-till\u00e4ggstid D<\/td><td><s>25:80<\/s>  25:22<\/td><td><s>26:57<\/s>  25:98<\/td><td><span style=\"text-decoration: underline;\">M\u00e5nadsl\u00f6n<\/span><br> 1950<\/td><\/tr><\/tbody><\/table><\/figure>\n\n\n\n<p><\/p>\n\n\n\n<p><\/p>\n\n\n\n<p><\/p>\n","protected":false},"excerpt":{"rendered":"<p>O-till\u00e4ggstid Kr\/tim fr&nbsp;o&nbsp;m 2025-07-01 Kr\/tim fr&nbsp;o&nbsp;m 2026-07-01 Kr\/tim fr\u00a0o\u00a0m 2027-01-01 1. 0-till\u00e4ggstid A 124:42 121:61 128:15 125:26 M\u00e5nadsl\u00f6n 400 2. 0-till\u00e4ggstid B 63:56 62:15 65:47 64:02 M\u00e5nadsl\u00f6n 800 3. 0-till\u00e4ggstid C 54:42 53:24 56:05 54:84 &hellip;<\/p>\n","protected":false},"author":14836,"featured_media":0,"comment_status":"closed","ping_status":"closed","sticky":false,"template":"","format":"standard","meta":{"_acf_changed":false,"footnotes":""},"categories":[1],"tags":[],"article_type":[313,307],"agreement":[477],"class_list":["post-85107","post","type-post","status-publish","format-standard","hentry","category-okategoriserade","type-arbetsgivarnytt","type-medlemsnyheter","agreement-0c9dcc75-6a50-e911-812e-003dd8b71e47"],"acf":[],"yoast_head":"<!-- This site is optimized with the Yoast SEO Premium plugin v26.8 (Yoast SEO v26.8) - https:\/\/yoast.com\/product\/yoast-seo-premium-wordpress\/ -->\n<title>R\u00e4ttelse: Ob-divisorer med V\u00e5rdf\u00f6rbundet avseende Bransch \u00c4ldreomsorg (F) | Almega<\/title>\n<meta name=\"robots\" content=\"index, follow, max-snippet:-1, max-image-preview:large, max-video-preview:-1\" \/>\n<link rel=\"canonical\" href=\"https:\/\/www.almega.se\/2026\/01\/rattelse-ob-divisorer-med-vardforbundet-avseende-bransch-aldreomsorg-f\/\" \/>\n<meta property=\"og:locale\" content=\"sv_SE\" \/>\n<meta property=\"og:type\" content=\"article\" \/>\n<meta property=\"og:title\" content=\"R\u00e4ttelse: Ob-divisorer med V\u00e5rdf\u00f6rbundet avseende Bransch \u00c4ldreomsorg (F)\" \/>\n<meta property=\"og:description\" content=\"O-till\u00e4ggstid Kr\/tim fr&nbsp;o&nbsp;m 2025-07-01 Kr\/tim fr&nbsp;o&nbsp;m 2026-07-01 Kr\/tim fr\u00a0o\u00a0m 2027-01-01 1. 0-till\u00e4ggstid A 124:42 121:61 128:15 125:26 M\u00e5nadsl\u00f6n 400 2. 0-till\u00e4ggstid B 63:56 62:15 65:47 64:02 M\u00e5nadsl\u00f6n 800 3. 0-till\u00e4ggstid C 54:42 53:24 56:05 54:84 &hellip;\" \/>\n<meta property=\"og:url\" content=\"https:\/\/www.almega.se\/2026\/01\/rattelse-ob-divisorer-med-vardforbundet-avseende-bransch-aldreomsorg-f\/\" \/>\n<meta property=\"og:site_name\" content=\"Almega\" \/>\n<meta property=\"article:published_time\" content=\"2026-01-08T17:43:40+00:00\" \/>\n<meta property=\"article:modified_time\" content=\"2026-01-14T10:04:32+00:00\" \/>\n<meta property=\"og:image\" content=\"https:\/\/www.almega.se\/app\/uploads\/2020\/12\/almega-share-logo.png\" \/>\n\t<meta property=\"og:image:width\" content=\"1200\" \/>\n\t<meta property=\"og:image:height\" content=\"630\" \/>\n\t<meta property=\"og:image:type\" content=\"image\/png\" \/>\n<meta name=\"author\" content=\"Eva Pettersson\" \/>\n<meta name=\"twitter:card\" content=\"summary_large_image\" \/>\n<meta name=\"twitter:label1\" content=\"Skriven av\" \/>\n\t<meta name=\"twitter:data1\" content=\"Eva Pettersson\" \/>\n\t<meta name=\"twitter:label2\" content=\"Ber\u00e4knad l\u00e4stid\" \/>\n\t<meta name=\"twitter:data2\" content=\"1 minut\" \/>\n<!-- \/ Yoast SEO Premium plugin. -->","yoast_head_json":{"title":"R\u00e4ttelse: Ob-divisorer med V\u00e5rdf\u00f6rbundet avseende Bransch \u00c4ldreomsorg (F) | Almega","robots":{"index":"index","follow":"follow","max-snippet":"max-snippet:-1","max-image-preview":"max-image-preview:large","max-video-preview":"max-video-preview:-1"},"canonical":"https:\/\/www.almega.se\/2026\/01\/rattelse-ob-divisorer-med-vardforbundet-avseende-bransch-aldreomsorg-f\/","og_locale":"sv_SE","og_type":"article","og_title":"R\u00e4ttelse: Ob-divisorer med V\u00e5rdf\u00f6rbundet avseende Bransch \u00c4ldreomsorg (F)","og_description":"O-till\u00e4ggstid Kr\/tim fr&nbsp;o&nbsp;m 2025-07-01 Kr\/tim fr&nbsp;o&nbsp;m 2026-07-01 Kr\/tim fr\u00a0o\u00a0m 2027-01-01 1. 0-till\u00e4ggstid A 124:42 121:61 128:15 125:26 M\u00e5nadsl\u00f6n 400 2. 0-till\u00e4ggstid B 63:56 62:15 65:47 64:02 M\u00e5nadsl\u00f6n 800 3. 0-till\u00e4ggstid C 54:42 53:24 56:05 54:84 &hellip;","og_url":"https:\/\/www.almega.se\/2026\/01\/rattelse-ob-divisorer-med-vardforbundet-avseende-bransch-aldreomsorg-f\/","og_site_name":"Almega","article_published_time":"2026-01-08T17:43:40+00:00","article_modified_time":"2026-01-14T10:04:32+00:00","og_image":[{"width":1200,"height":630,"url":"https:\/\/www.almega.se\/app\/uploads\/2020\/12\/almega-share-logo.png","type":"image\/png"}],"author":"Eva Pettersson","twitter_card":"summary_large_image","twitter_misc":{"Skriven av":"Eva Pettersson","Ber\u00e4knad l\u00e4stid":"1 minut"},"schema":{"@context":"https:\/\/schema.org","@graph":[{"@type":"NewsArticle","@id":"https:\/\/www.almega.se\/2026\/01\/rattelse-ob-divisorer-med-vardforbundet-avseende-bransch-aldreomsorg-f\/#article","isPartOf":{"@id":"https:\/\/www.almega.se\/2026\/01\/rattelse-ob-divisorer-med-vardforbundet-avseende-bransch-aldreomsorg-f\/"},"author":{"name":"Eva Pettersson","@id":"https:\/\/www.almega.se\/#\/schema\/person\/50d695bb8f918c77bd2be177892f84b1"},"headline":"R\u00e4ttelse: Ob-divisorer med V\u00e5rd&shy;f\u00f6rbundet avseende Bransch \u00c4ldreomsorg (F)","datePublished":"2026-01-08T17:43:40+00:00","dateModified":"2026-01-14T10:04:32+00:00","mainEntityOfPage":{"@id":"https:\/\/www.almega.se\/2026\/01\/rattelse-ob-divisorer-med-vardforbundet-avseende-bransch-aldreomsorg-f\/"},"wordCount":62,"inLanguage":"sv-SE"},{"@type":"WebPage","@id":"https:\/\/www.almega.se\/2026\/01\/rattelse-ob-divisorer-med-vardforbundet-avseende-bransch-aldreomsorg-f\/","url":"https:\/\/www.almega.se\/2026\/01\/rattelse-ob-divisorer-med-vardforbundet-avseende-bransch-aldreomsorg-f\/","name":"R\u00e4ttelse: Ob-divisorer med V\u00e5rdf\u00f6rbundet avseende Bransch \u00c4ldreomsorg (F) | Almega","isPartOf":{"@id":"https:\/\/www.almega.se\/#website"},"datePublished":"2026-01-08T17:43:40+00:00","dateModified":"2026-01-14T10:04:32+00:00","author":{"@id":"https:\/\/www.almega.se\/#\/schema\/person\/50d695bb8f918c77bd2be177892f84b1"},"breadcrumb":{"@id":"https:\/\/www.almega.se\/2026\/01\/rattelse-ob-divisorer-med-vardforbundet-avseende-bransch-aldreomsorg-f\/#breadcrumb"},"inLanguage":"sv-SE","potentialAction":[{"@type":"ReadAction","target":["https:\/\/www.almega.se\/2026\/01\/rattelse-ob-divisorer-med-vardforbundet-avseende-bransch-aldreomsorg-f\/"]}]},{"@type":"BreadcrumbList","@id":"https:\/\/www.almega.se\/2026\/01\/rattelse-ob-divisorer-med-vardforbundet-avseende-bransch-aldreomsorg-f\/#breadcrumb","itemListElement":[{"@type":"ListItem","position":1,"name":"Home","item":"https:\/\/www.almega.se\/"},{"@type":"ListItem","position":2,"name":"R\u00e4ttelse: Ob-divisorer med V\u00e5rd&shy;f\u00f6rbundet avseende Bransch \u00c4ldreomsorg (F)"}]},{"@type":"WebSite","@id":"https:\/\/www.almega.se\/#website","url":"https:\/\/www.almega.se\/","name":"Almega","description":"","potentialAction":[{"@type":"SearchAction","target":{"@type":"EntryPoint","urlTemplate":"https:\/\/www.almega.se\/?s={search_term_string}"},"query-input":{"@type":"PropertyValueSpecification","valueRequired":true,"valueName":"search_term_string"}}],"inLanguage":"sv-SE"},{"@type":"Person","@id":"https:\/\/www.almega.se\/#\/schema\/person\/50d695bb8f918c77bd2be177892f84b1","name":"Eva Pettersson","image":{"@type":"ImageObject","inLanguage":"sv-SE","@id":"https:\/\/www.almega.se\/#\/schema\/person\/image\/","url":"https:\/\/secure.gravatar.com\/avatar\/c4811d04bd37924073d3b0ce1984d0651f0f37902ffb665f3ca439bb5b3e306f?s=96&d=mm&r=g","contentUrl":"https:\/\/secure.gravatar.com\/avatar\/c4811d04bd37924073d3b0ce1984d0651f0f37902ffb665f3ca439bb5b3e306f?s=96&d=mm&r=g","caption":"Eva Pettersson"},"url":"https:\/\/www.almega.se\/person\/evapettersson-2\/"}]}},"_links":{"self":[{"href":"https:\/\/www.almega.se\/api\/wp\/v2\/posts\/85107","targetHints":{"allow":["GET"]}}],"collection":[{"href":"https:\/\/www.almega.se\/api\/wp\/v2\/posts"}],"about":[{"href":"https:\/\/www.almega.se\/api\/wp\/v2\/types\/post"}],"author":[{"embeddable":true,"href":"https:\/\/www.almega.se\/api\/wp\/v2\/users\/14836"}],"replies":[{"embeddable":true,"href":"https:\/\/www.almega.se\/api\/wp\/v2\/comments?post=85107"}],"version-history":[{"count":6,"href":"https:\/\/www.almega.se\/api\/wp\/v2\/posts\/85107\/revisions"}],"predecessor-version":[{"id":85201,"href":"https:\/\/www.almega.se\/api\/wp\/v2\/posts\/85107\/revisions\/85201"}],"wp:attachment":[{"href":"https:\/\/www.almega.se\/api\/wp\/v2\/media?parent=85107"}],"wp:term":[{"taxonomy":"category","embeddable":true,"href":"https:\/\/www.almega.se\/api\/wp\/v2\/categories?post=85107"},{"taxonomy":"post_tag","embeddable":true,"href":"https:\/\/www.almega.se\/api\/wp\/v2\/tags?post=85107"},{"taxonomy":"type","embeddable":true,"href":"https:\/\/www.almega.se\/api\/wp\/v2\/article_type?post=85107"},{"taxonomy":"agreement","embeddable":true,"href":"https:\/\/www.almega.se\/api\/wp\/v2\/agreement?post=85107"}],"curies":[{"name":"wp","href":"https:\/\/api.w.org\/{rel}","templated":true}]}}