{"id":85076,"date":"2026-01-08T13:40:29","date_gmt":"2026-01-08T12:40:29","guid":{"rendered":"https:\/\/www.almega.se\/?p=85076"},"modified":"2026-01-09T13:33:33","modified_gmt":"2026-01-09T12:33:33","slug":"nytt-avtal-for-revision-och-konsultforetagen-med-unionen-och-akademikerforbunden-for-perioden-1-januari-2026-31-december-2027","status":"publish","type":"post","link":"https:\/\/www.almega.se\/2026\/01\/nytt-avtal-for-revision-och-konsultforetagen-med-unionen-och-akademikerforbunden-for-perioden-1-januari-2026-31-december-2027\/","title":{"rendered":"Nytt avtal f\u00f6r Revision- och konsult&shy;f\u00f6retagen med Unionen och Akademiker&shy;f\u00f6rbunden f\u00f6r perioden 1 januari 2026 \u2013 31 december 2027"},"content":{"rendered":"<p class=\"intro\">Den 8 januari 2026 tr\u00e4ffade Almega Tj\u00e4nstef\u00f6retagen nya avtal med Unionen respektive Akademikerf\u00f6rbunden f\u00f6r Revision- och konsultf\u00f6retagen f\u00f6r perioden 1 januari 2026 \u2013 31 december 2027.<\/p>\n\n<p>H\u00e4r anm\u00e4ler du dig till genomg\u00e5ng av det nya avtalet onsdagen den 21 januari kl. 13-14:<\/p>\n\n\n\n<p><a href=\"https:\/\/app.eduadmin.se\/form\/7f84c82598ca8210\/2245087?publicFormId=d8eba53b-d214-45d8-83ef-699e899fe72c\">Webbinarium om nya avtalet<\/a><\/p>\n\n\n\n<p><a href=\"https:\/\/www.almega.se\/app\/uploads\/2026\/01\/Overenskommelse-Revision-och-konsultforetagen-20260101-20271231-Unionen-Akadermikerforbunden.pdf\">\u00d6verenskommelse i sin helhet inklusive bilagor<\/a>&nbsp;(inloggning kr\u00e4vs)<\/p>\n\n\n\n<p><strong>Avtalet inneh\u00e5ller bl.a. f\u00f6ljande<\/strong><\/p>\n\n\n\n<p>Avtalsperiod 24 m\u00e5nader med ett totalt avtalsv\u00e4rde p\u00e5 6,4 %.<\/p>\n\n\n\n<ul class=\"wp-block-list\">\n<li>L\u00f6nerna h\u00f6js med 5,5 % och avs\u00e4ttningen till Flexpension i Tj\u00e4nstef\u00f6retag \u00f6kar med 0,4 % under perioden.<\/li>\n\n\n\n<li>L\u00e4gstl\u00f6n h\u00f6js som utg\u00e5ende l\u00f6n<\/li>\n\n\n\n<li>En dags arbetstidsf\u00f6rkortning inf\u00f6rs (kostnaden 0,5 % har avr\u00e4knats fr\u00e5n avtalsv\u00e4rdet)<\/li>\n\n\n\n<li>\u00d6vertidsers\u00e4ttning betalas vid beordrat mertidsarbete<\/li>\n\n\n\n<li>Ers\u00e4ttning f\u00f6r f\u00f6rskjuten arbetstid h\u00f6js p\u00e5 fredagskv\u00e4llar och s\u00e4nks p\u00e5 pingstafton som hanteras som vanlig l\u00f6rdag<\/li>\n\n\n\n<li>R\u00f6rlig l\u00f6n ensidigt best\u00e4md av arbetsgivaren som utbetalas vid h\u00f6gst fyra tillf\u00e4llen per \u00e5r inkluderar semesterl\u00f6n<\/li>\n\n\n\n<li>Beredskaps- och jourers\u00e4ttning inkluderar semesterl\u00f6n<\/li>\n\n\n\n<li>L\u00f6neavdraget per timme f\u00f6r ledighet under del av dag \u00e4ndras till m\u00e5nadsl\u00f6n\/167<\/li>\n\n\n\n<li>Tj\u00e4nstemannens egen upps\u00e4gningstid f\u00f6rl\u00e4ngs efter fyra \u00e5rs anst\u00e4llning fr\u00e5n tv\u00e5 till tre m\u00e5nader<\/li>\n\n\n\n<li>Unionens l\u00f6neavtal \u2013 f\u00f6rb\u00e4ttrad f\u00f6rhandlingsordning samt m\u00f6jlighet att f\u00f6rdela potten p\u00e5 fler enheter<\/li>\n<\/ul>\n\n\n\n<p><strong>Avtalsv\u00e4rde p\u00e5 24 m\u00e5nader 6,4 procent<\/strong><\/p>\n\n\n\n<p>L\u00f6ne\u00f6kningarna f\u00f6ljer det s\u00e5 kallade m\u00e4rket f\u00f6r kostnads\u00f6kningar p\u00e5 svensk arbetsmarknad som industrins parter enats om. M\u00e4rket \u00e4r 6,4 procent f\u00f6r en avtalsperiod om 24 m\u00e5nader. De 6,4 procenten f\u00f6rdelas enligt f\u00f6ljande;<\/p>\n\n\n\n<figure class=\"wp-block-table\"><table class=\"has-fixed-layout\"><tbody><tr><td>2026: 3,0 % i l\u00f6ne\u00f6kningar, flexpension 0,2 %, arbetstidsf\u00f6rkortning 0,2 %<\/td><\/tr><tr><td>2027: 2,5 % i l\u00f6ne\u00f6kningar, flexpension 0,2 %, arbetstidsf\u00f6rkortning 0,3 %<\/td><\/tr><\/tbody><\/table><\/figure>\n\n\n\n<p><strong>L\u00f6nerevision sker enligt f\u00f6ljande:<\/strong><\/p>\n\n\n\n<ul class=\"wp-block-list\">\n<li>1&nbsp;januari 2026: 3,0&nbsp;% och 1&nbsp;januari 2027: 2,5&nbsp;%,<\/li>\n\n\n\n<li>l\u00e4gstl\u00f6ner (Unionen) h\u00f6js som utg\u00e5ende l\u00f6n<\/li>\n<\/ul>\n\n\n\n<p><strong>Flexpension<\/strong><\/p>\n\n\n\n<ul class=\"wp-block-list\">\n<li>Avs\u00e4ttning till Flexpension sker med ytterligare 0,2&nbsp;% till 1,5&nbsp;% den 1&nbsp;januari 2026 och med ytterligare 0,2&nbsp;% till 1,7&nbsp;% den 1&nbsp;januari 2027.<\/li>\n<\/ul>\n\n\n\n<p>1.<a href=\"https:\/\/www.almega.se\/app\/uploads\/protected\/2026\/01\/Overenskommelse-Revision-och-konsultforetagen-20260101-20271231-Unionen-Akadermikerforbunden.pdf\">&nbsp;L\u00d6NER -UNIONEN (se \u00f6verenskommelsens bilaga 1 \u2013 3)<\/a><\/p>\n\n\n\n<p>Det finns tv\u00e5 alternativa m\u00f6jligheter, Centralt l\u00f6neavtal (huvudregel) bilaga 1 till uppg\u00f6relsen eller, lokalt l\u00f6neavtal (efter lokal \u00f6verenskommelse) bilaga 3 till uppg\u00f6relsen.<\/p>\n\n\n\n<p>L\u00f6neavtalet g\u00e4ller formellt endast tj\u00e4nstem\u00e4n som \u00e4r medlemmar i Unionen om avtalet \u00e4r inkopplat f\u00f6r dem. V\u00e5r rekommendation \u00e4r dock att avtalet b\u00f6r till\u00e4mpas ocks\u00e5 p\u00e5 \u00f6vriga tj\u00e4nstem\u00e4n f\u00f6rutsatt att annat kollektivavtal inte g\u00e4ller f\u00f6r dem.<\/p>\n\n\n\n<p><strong>Centralt l\u00f6neavtal \u2013 l\u00f6nerevision per den 1&nbsp;januari 2026 och den 1&nbsp;januari 2027<\/strong><\/p>\n\n\n\n<p>Ett allm\u00e4nt utrymme ber\u00e4knas som 3,0 % respektive 2,5&nbsp;% av summan av fasta kontanta l\u00f6nerna f\u00f6r tj\u00e4nstem\u00e4n den 31&nbsp;december 2025 respektive den 31&nbsp;december 2026.<\/p>\n\n\n\n<p>Det finns ingen individgaranti.<\/p>\n\n\n\n<p>Utg\u00e5ngspunkten i l\u00f6neavtalet \u00e4r att alla medverkar till f\u00f6retagets verksamhet och utveckling och d\u00e4rmed ska ha l\u00f6ne\u00f6kning i samband med l\u00f6nerevision. En tj\u00e4nsteman som inte uppvisar tillr\u00e4cklig prestation eller inte n\u00e5r uppsatta m\u00e5l kan f\u00e5 ingen eller m\u00e4rkbart l\u00e5g l\u00f6ne\u00f6kning. I de fallen ska en \u00e5tg\u00e4rdsplan uppr\u00e4ttas f\u00f6r ber\u00f6rda tj\u00e4nstem\u00e4n med tidplan och uppf\u00f6ljning av de planerade \u00e5tg\u00e4rderna.&nbsp;<\/p>\n\n\n\n<p><a href=\"https:\/\/www.almega.se\/app\/uploads\/2026\/01\/Stodmaterial-infor-lonerevision-Revision-o-Konsult-Unionen.pdf\">L\u00e4s mer om l\u00f6neprocessen<\/a> (inloggning kr\u00e4vs)<\/p>\n\n\n\n<p><strong>F\u00f6rdelning av l\u00f6neutrymmet\/pott vid fler arbetsplatser<\/strong><\/p>\n\n\n\n<p>Vid l\u00f6nerevision kan mindre enheter (med h\u00f6gst fem unionenmedlemmar) l\u00e4ggas ihop vid ber\u00e4kning och f\u00f6rdelning av l\u00f6neutrymmet\/potten. Exempel p\u00e5 f\u00f6rdelning av l\u00f6nepott med respektive utan Unionenklubb kommer att l\u00e4ggas ut p\u00e5 arbetsgivarguiden inom kort.<\/p>\n\n\n\n<p><strong>L\u00e4gsta l\u00f6ner<\/strong><\/p>\n\n\n\n<p><strong>Fr o m den 1 januari 2026<\/strong><\/p>\n\n\n\n<p>L\u00e4gsta l\u00f6n f\u00f6r 20-\u00e5ringar \u00e4r 21&nbsp;767 kr\/m\u00e5n<\/p>\n\n\n\n<p>L\u00e4gsta l\u00f6n f\u00f6r 24-\u00e5ringar \u00e4r 24&nbsp;995 kr\/m\u00e5n<\/p>\n\n\n\n<p><strong>Fr o m den 1 januari 2027<\/strong><\/p>\n\n\n\n<p>L\u00e4gsta l\u00f6n f\u00f6r 20-\u00e5ringar \u00e4r 22 311 kr\/m\u00e5n<\/p>\n\n\n\n<p>L\u00e4gsta l\u00f6n f\u00f6r 24-\u00e5ringar \u00e4r 25 620 kr\/m\u00e5n<\/p>\n\n\n\n<p>L\u00e4gsta l\u00f6nerna ska till\u00e4mpas fr\u00e5n och med den 1&nbsp;januari 2026 respektive 1&nbsp;januari 2027 under f\u00f6ruts\u00e4ttning att den anst\u00e4llde senast den 31&nbsp;december 2025 respektive 31&nbsp;december 2026 fyllt 20 respektive 24 \u00e5r.<\/p>\n\n\n\n<p><strong><a href=\"https:\/\/www.almega.se\/app\/uploads\/protected\/2026\/01\/Overenskommelse-Revision-och-konsultforetagen-20260101-20271231-Unionen-Akadermikerforbunden.pdf\">F\u00f6rhandlingsordning Unionen f\u00f6r revisionen 2026 (se \u00f6verenskommelsens bilaga 2)<\/a><\/strong><\/p>\n\n\n\n<p><strong>F\u00f6retag med klubb<\/strong><\/p>\n\n\n\n<p>Tj\u00e4nstem\u00e4nnen ska till f\u00f6retaget senast den 19&nbsp;januari 2026 l\u00e4mna skriftlig uppgift p\u00e5 ber\u00f6rda medlemmar och av dem utsedda representanter. F\u00f6retaget ska senast den 23&nbsp;februari 2026 skriftligen meddela f\u00f6rslag till nya l\u00f6ner till de utsedda representanterna. \u00d6nskar tj\u00e4nstem\u00e4nnen p\u00e5kalla lokal f\u00f6rhandling ska de meddela f\u00f6retaget senast den 8&nbsp;mars 2026. De lokala f\u00f6rhandlingarna ska vara avslutade senast den 22&nbsp;mars 2026 och eventuell central f\u00f6rhandling beg\u00e4ras senast den 5&nbsp;april 2026.<\/p>\n\n\n\n<p><strong>F\u00f6retag utan klubb<\/strong><\/p>\n\n\n\n<p>Saknas lokal facklig representation p\u00e5 arbetsplatsen ska f\u00f6retaget informera de anst\u00e4llda om sitt f\u00f6rslag p\u00e5 nya l\u00f6ner senast den 23&nbsp;februari 2026.<\/p>\n\n\n\n<p>F\u00f6retaget kan tidigare \u00e4n den 23 februari l\u00e4mna meddelande till samtliga medlemmar i Unionen som omfattas av l\u00f6neavtalet om t\u00e4nkta nya l\u00f6ner. Unionen har tv\u00e5 veckor p\u00e5 sig att beg\u00e4ra f\u00f6rhandling. G\u00f6r Unionen inte det kan arbetsgivaren fastst\u00e4lla l\u00f6neh\u00f6jningarna. Om Unionen beg\u00e4r f\u00f6rhandling g\u00e4ller f\u00f6rhandlingsordningen.<\/p>\n\n\n\n<p><strong>F\u00f6retag med flera arbetsplatser<\/strong><\/p>\n\n\n\n<p>F\u00f6retagsenheter med h\u00f6gst fem medlemmar i Unionen f\u00e5r sl\u00e5s samman med andra f\u00f6retagsenheter med h\u00f6gst fem medlemmar i Unionen vid ber\u00e4kning och f\u00f6rdelning av l\u00f6neutrymmet.<\/p>\n\n\n\n<p>Unionenklubb eller f\u00f6rtroendevald p\u00e5 f\u00f6retaget med mandat att f\u00f6rhandla l\u00f6n kan beg\u00e4ra att l\u00f6neutrymmet ska ber\u00e4knas och f\u00f6rdelas p\u00e5 den eller de f\u00f6retagsenheter d\u00e4r de har f\u00f6rhandlingsmandat. S\u00e5dan beg\u00e4ran ska framst\u00e4llas senast den 19&nbsp;januari 2026 respektive den 30 september 2026.<\/p>\n\n\n\n<p>Tidigare praxis kan bibeh\u00e5llas.<\/p>\n\n\n\n<p><strong><a href=\"https:\/\/www.almega.se\/app\/uploads\/protected\/2026\/01\/Overenskommelse-Revision-och-konsultforetagen-20260101-20271231-Unionen-Akadermikerforbunden.pdf\">Lokalt l\u00f6neavtal (se \u00f6verenskommelsens bilaga 3)<\/a><\/strong><\/p>\n\n\n\n<p>Lokalt l\u00f6neavtal anger inte hur l\u00f6ne\u00f6kningarna ska r\u00e4knas fram. Det \u00e4r arbetsgivaren och den lokala fackliga organisationen som tillsammans kommer \u00f6verens om hur f\u00f6rhandlingarna ska g\u00e5 till, l\u00f6neutrymme samt den individuella f\u00f6rdelningen.<\/p>\n\n\n\n<p>Lokalt l\u00f6neavtal f\u00f6ruts\u00e4tter lokal \u00f6verenskommelse och g\u00e4ller gentemot Unionen som en alternativ m\u00f6jlighet till det traditionella s\u00e4ttet att revidera l\u00f6nerna.<\/p>\n\n\n\n<p><a href=\"https:\/\/www.almega.se\/app\/uploads\/protected\/2026\/01\/Overenskommelse-Revision-och-konsultforetagen-20260101-20271231-Unionen-Akadermikerforbunden.pdf\">2.&nbsp;L\u00d6NER \u2013 AKADEMIKERF\u00d6RBUNDEN (se \u00f6verenskommelsens bilaga 4)<\/a><\/p>\n\n\n\n<p>L\u00f6ne\u00f6kningarna g\u00e4ller formellt endast tj\u00e4nstem\u00e4n som \u00e4r medlemmar i Akademikerf\u00f6rbund p\u00e5 f\u00f6retag d\u00e4r Akademikeravtalet \u00e4r inkopplat. V\u00e5r rekommendation \u00e4r dock att avtalet b\u00f6r till\u00e4mpas ocks\u00e5 p\u00e5 \u00f6vriga akademiker f\u00f6rutsatt att annat l\u00f6neavtal inte g\u00e4ller f\u00f6r dem.<\/p>\n\n\n\n<p>F\u00f6r f\u00f6retag d\u00e4r kollektivavtalet inte \u00e4r inkopplat, g\u00e4ller vad som \u00e4r individuellt \u00f6verenskommet. L\u00f6neavtalet med Akademikerf\u00f6rbunden \u00e4r ett sifferl\u00f6st l\u00f6ne\u00f6kningsavtal. L\u00f6nes\u00e4ttningen \u00e4r individuell och sker utifr\u00e5n f\u00f6retagets ekonomiska och marknadsm\u00e4ssiga f\u00f6ruts\u00e4ttningar samt medarbetarens prestation och bidrag till verksamheten. Det finns allts\u00e5 ingen siffra i l\u00f6neavtal att f\u00f6rh\u00e5lla sig till.<\/p>\n\n\n\n<p>L\u00f6nerevisionsdatum \u00e4r den 1 januari varje \u00e5r, om inte parterna lokalt kommit \u00f6verens om annan tidpunkt.<\/p>\n\n\n\n<p><strong>F\u00f6rhandlingsordning Akademikerf\u00f6rbunden<\/strong><\/p>\n\n\n\n<p>L\u00f6nen fastst\u00e4lls i individuellt l\u00f6nesamtal med arbetsgivaren. Uppst\u00e5r oenighet vid l\u00f6nesamtalet kan fr\u00e5gan f\u00f6ras till lokal f\u00f6rhandling. Lokal f\u00f6rhandling sker med akademikerf\u00f6rening eller den enskilde akademikern om det inte finns n\u00e5gon akademikerf\u00f6rening.<\/p>\n\n\n\n<p>Lokala f\u00f6rhandlingar ska f\u00f6r 2026 p\u00e5b\u00f6rjas i s\u00e5 n\u00e4ra anslutning till revisionsdatum som m\u00f6jligt och vara avslutade senast tv\u00e5 m\u00e5nader innan l\u00f6nerevisionsdatum. F\u00f6r f\u00f6retag som avvaktat avtalsf\u00f6rhandlingarna kommer det vara sv\u00e5rt att h\u00e5lla den tiden. Det \u00e4r d\u00e4rf\u00f6r angel\u00e4get att inleda arbetet med l\u00f6nerevisionen s\u00e5 snart som m\u00f6jligt. Lokala parter kan komma \u00f6verens om annan f\u00f6rhandlingsordning.<\/p>\n\n\n\n<p>Om den lokala f\u00f6rhandlingen inte leder till en uppg\u00f6relse, kan den h\u00e4nskjutas till central f\u00f6rhandling mellan arbetsgivarf\u00f6rbundet och Akademikerf\u00f6rbunden.<\/p>\n\n\n\n<p>Eventuell central f\u00f6rhandling ska p\u00e5kallas senast tv\u00e5 veckor efter avslutad lokal f\u00f6rhandling.<\/p>\n\n\n\n<p>Om varken lokala eller centrala parter enas om l\u00f6nerevisionen f\u00f6rdelar arbetsgivaren l\u00f6ne\u00f6kningarna vilka fastst\u00e4llts till en niv\u00e5 motsvarande industrim\u00e4rket.<\/p>\n\n\n\n<p>3. ALLM\u00c4NNA ANST\u00c4LLNINGSVILLKOR<\/p>\n\n\n\n<p>F\u00f6ljande f\u00f6r\u00e4ndringar har gjorts i allm\u00e4nna villkor:<\/p>\n\n\n\n<p><strong>Arbetstidsf\u00f6rkortning \u2013 r\u00e4tt till en ledig dag<\/strong><\/p>\n\n\n\n<p>Fr\u00e5n och med&nbsp;den 1&nbsp;januari 2027 inf\u00f6rs r\u00e4tt till en betald ledig dag. F\u00f6r inf\u00f6randet av den lediga dagen har avr\u00e4kning gjorts fr\u00e5n l\u00f6neutrymmet med 0,2&nbsp;procent fr\u00e5n och med den 1&nbsp;januari 2026 och 0,3&nbsp;procent fr\u00e5n och med den 1&nbsp;januari 2027, se ovan. R\u00e4tt till ledighet f\u00f6ruts\u00e4tter att tj\u00e4nstemannen \u00e4r kvar i anst\u00e4llningen vid ledighetstidpunkten. Tj\u00e4nsteman har inte r\u00e4tt till n\u00e5gon kompensation om han \u00e4r sjuk eller tj\u00e4nstledig eller har slutat eller anst\u00e4lls efter ledighetsdagen. Best\u00e4mmelsen finns i 11.1.2-11.1.3 i kollektivavtalet.<\/p>\n\n\n\n<p><strong>F\u00f6rl\u00e4ggning av ledighet<\/strong><\/p>\n\n\n\n<p>Den lediga dagen f\u00f6rl\u00e4ggs ensidigt av arbetsgivaren antingen som en hel dag eller i form av tv\u00e5 lediga halvdagar. Om arbetsgivaren v\u00e4ljer att l\u00e4gga ut ledigheten i form av halvdagar ska det ske i anslutning till helgdag eller veckoslut. Arbetsgivaren ska senast vid \u00e5rsskiftet underr\u00e4tta tj\u00e4nstem\u00e4nnen inom ber\u00f6rd arbetsgrupp om f\u00f6rl\u00e4ggningen f\u00f6r det kommande kalender\u00e5ret. Om arbetsgivaren inte underr\u00e4ttat tj\u00e4nstem\u00e4nnen senast vid \u00e5rsskiftet ska de f\u00e5 ledigt fredagen efter Kristi Himmelsf\u00e4rdsdag (den 6 maj 2027).<\/p>\n\n\n\n<p><strong>Tj\u00e4nsteman som m\u00e5ste arbeta den dag ledigheten lagts ut<\/strong><\/p>\n\n\n\n<p>Om en tj\u00e4nsteman m\u00e5ste arbeta under den dag som ledigheten lagts ut f\u00e5r arbetsgivaren l\u00e4gga ledigheten en annan dag.<br><br><strong>Tj\u00e4nsteman som inte \u00e4r schemalagd den dag ledigheten lagts ut<\/strong><\/p>\n\n\n\n<p>Om en tj\u00e4nsteman inte \u00e4r schemalagd den dag som ledigheten lagts ut f\u00e5r arbetsgivaren l\u00e4gga ledigheten en annan dag.<\/p>\n\n\n\n<p><strong>Individuell \u00f6verenskommelse<\/strong><\/p>\n\n\n\n<p>Arbetsgivare och tj\u00e4nsteman kan f\u00f6r ett kalender\u00e5r i taget komma \u00f6verens om annan f\u00f6rl\u00e4ggning av den lediga dagen. De kan ocks\u00e5 komma \u00f6verens om att ledighet byts ut mot kontant ers\u00e4ttning och d\u00e5 betalas fast kontant m\u00e5nadsl\u00f6n\/21 ut som en eng\u00e5ngsutbetalning i anslutning till det som annars skulle ha varit den lediga dagen. En f\u00f6ruts\u00e4ttning f\u00f6r en s\u00e5dan \u00f6verenskommelse \u00e4r att tj\u00e4nstemannen \u00e4r anst\u00e4lld p\u00e5 den av arbetsgivaren beslutade lediga dagen\/fredagen efter Kristi Himmelsf\u00e4rdsdag.<\/p>\n\n\n\n<p><strong>Deltidsanst\u00e4llda f\u00e5r \u00f6vertidsers\u00e4ttning vid arbete ut\u00f6ver avtalad arbetstid<\/strong><\/p>\n\n\n\n<ul class=\"wp-block-list\">\n<li>\u00d6verskjutande timmar vid deltid (tidigare mertid) tas bort ur avtalet. Det inneb\u00e4r att \u00f6vertidsers\u00e4ttning ska betalas n\u00e4r deltidsanst\u00e4lld utf\u00f6r beordrat arbete ut\u00f6ver sitt deltidsarbetstidsm\u00e5tt. F\u00f6r intermittent deltidsarbetande fastst\u00e4lls vilka dagar som motsvarar l\u00f6rdag och s\u00f6ndag. \u00d6vriga dagar betalas \u00f6vertidsers\u00e4ttning som p\u00e5 vardagar. Arbete upp till dagligt heltidsm\u00e5tt avr\u00e4knas inte fr\u00e5n \u00f6vertidsutrymmet.<\/li>\n<\/ul>\n\n\n\n<p><strong>Viss r\u00f6rlig l\u00f6n inkluderar semesterl\u00f6n<\/strong><\/p>\n\n\n\n<ul class=\"wp-block-list\">\n<li>R\u00f6rlig l\u00f6n ensidigt best\u00e4md av arbetsgivaren som utbetalas vid h\u00f6gst fyra tillf\u00e4llen per \u00e5r inkluderar semesterl\u00f6n.<\/li>\n\n\n\n<li>Beredskaps- och jourers\u00e4ttning inkluderar semesterl\u00f6n<\/li>\n\n\n\n<li>Efter lokal \u00f6verenskommelse kan r\u00f6rlig l\u00f6n \u00e4ven i \u00f6vrigt inkludera semesterl\u00f6n. Dessa best\u00e4mmelse finns i 9.4.1 i kollektivavtalet.<\/li>\n<\/ul>\n\n\n\n<p><strong>Tj\u00e4nstledighetsavdraget f\u00f6r del av dag \u00e4ndras<\/strong><\/p>\n\n\n\n<p>L\u00f6neavdraget per timme f\u00f6r ledighet under del av dag (11.3) \u00e4ndras fr\u00e5n m\u00e5nadsl\u00f6n\/175 till m\u00e5nadsl\u00f6n\/167.<\/p>\n\n\n\n<p><strong>Tj\u00e4nstemannens egen upps\u00e4gningstid f\u00f6rl\u00e4ngs efter fyra \u00e5r<\/strong><\/p>\n\n\n\n<p>Tj\u00e4nstemannens egen upps\u00e4gningstid f\u00f6rl\u00e4ngs efter fyra \u00e5rs anst\u00e4llning fr\u00e5n tv\u00e5 till tre m\u00e5nader. Se 13.1.1 i kollektivavtalet.<\/p>\n\n\n\n<p>4. Flexpension<\/p>\n\n\n\n<ul class=\"wp-block-list\">\n<li>Flexpensionspremien \u00f6kar fr\u00e5n och med den 1 januari 2026 med ytterligare 0,2&nbsp;%, vilket inneb\u00e4r att premien d\u00e5 totalt kommer uppg\u00e5 till 1,5&nbsp;%. Den 1 januari 2027 \u00f6kar premien ytterligare med 0,2&nbsp;%, vilket inneb\u00e4r att premien d\u00e5 totalt kommer uppg\u00e5 till 1,7&nbsp;%.<\/li>\n\n\n\n<li>F\u00f6r tj\u00e4nstem\u00e4n som har flexpension \u00e4r det viktigt att arbetsgivare p\u00e5minner om premiens v\u00e4rde, som kommer tj\u00e4nstem\u00e4nnen tillgodo ut\u00f6ver den vanliga l\u00f6ne\u00f6kningen.<\/li>\n\n\n\n<li>Premien faktureras av Collectum, utan n\u00e5gon s\u00e4rskild \u00e5tg\u00e4rd fr\u00e5n arbetsgivaren.<\/li>\n\n\n\n<li>F\u00f6r f\u00f6retag som till\u00e5ter att tj\u00e4nsteman avst\u00e5r flexpensionspremien g\u00e4ller f\u00f6ljande vid l\u00f6nerevision:<\/li>\n\n\n\n<li>De tj\u00e4nsteman som har flexpension f\u00e5r sin premie automatiskt h\u00f6jd med 0,2 respektive 0,2 procent. Motsvarande garanti g\u00e4ller inte f\u00f6r tj\u00e4nsteman som avst\u00e5tt fr\u00e5n flexpension. Arbetsgivaren kan dock ensidigt kompensera dem med motsvarande l\u00f6ne\u00f6kning. Den kompensationen ska i s\u00e5 fall ges ut\u00f6ver den ordinarie l\u00f6nerevisionen det vill s\u00e4ga de 3,0 respektive 2,5 procenten.<\/li>\n<\/ul>\n\n\n\n<p><a href=\"https:\/\/medlem.arbetsgivarguiden.se\/a-till-o\/21\" target=\"_blank\" rel=\"noreferrer noopener\">L\u00e4s mer om flexpension<\/a><\/p>\n\n\n\n<p>5. AVTALSTRYCK<\/p>\n\n\n\n<p>Kollektivavtalet kommer inte att tryckas i fysisk form. Uppdaterat kollektivavtal och l\u00f6neavtal i arbetsgivarguiden samt pdf kommer att finnas tillg\u00e4nglig i arbetsgivarguiden den 9 januari. Versionerna p\u00e5 engelska kommer att uppdateras kommande vecka. I arbetsgivarguiden finns de svenska versionerna med kommentarer h\u00e4r. Inloggning kr\u00e4vs.<\/p>\n\n\n\n<p>Har du fr\u00e5gor som r\u00f6r Revision- och konsultavtalet \u00e4r du alltid v\u00e4lkommen att kontakta oss.<\/p>\n","protected":false},"excerpt":{"rendered":"<p>H\u00e4r anm\u00e4ler du dig till genomg\u00e5ng av det nya avtalet onsdagen den 21 januari kl. 13-14: Webbinarium om nya avtalet \u00d6verenskommelse i sin helhet inklusive bilagor&nbsp;(inloggning kr\u00e4vs) Avtalet inneh\u00e5ller bl.a. f\u00f6ljande Avtalsperiod 24 m\u00e5nader med &hellip;<\/p>\n","protected":false},"author":163,"featured_media":0,"comment_status":"closed","ping_status":"closed","sticky":false,"template":"","format":"standard","meta":{"_acf_changed":false,"footnotes":""},"categories":[1],"tags":[],"article_type":[313],"agreement":[195,196],"class_list":["post-85076","post","type-post","status-publish","format-standard","hentry","category-okategoriserade","type-arbetsgivarnytt","agreement-5ace80f7-ff07-de11-b4e1-02bf9e69ca65","agreement-55ce80f7-ff07-de11-b4e1-02bf9e69ca65"],"acf":[],"yoast_head":"<!-- This site is optimized with the Yoast SEO Premium plugin v26.8 (Yoast SEO v26.8) - https:\/\/yoast.com\/product\/yoast-seo-premium-wordpress\/ -->\n<title>Nytt avtal f\u00f6r Revision- och konsultf\u00f6retagen med Unionen och Akademikerf\u00f6rbunden f\u00f6r perioden 1 januari 2026 \u2013 31 december 2027 | Almega<\/title>\n<meta name=\"robots\" content=\"index, follow, max-snippet:-1, max-image-preview:large, max-video-preview:-1\" \/>\n<link rel=\"canonical\" href=\"https:\/\/www.almega.se\/2026\/01\/nytt-avtal-for-revision-och-konsultforetagen-med-unionen-och-akademikerforbunden-for-perioden-1-januari-2026-31-december-2027\/\" \/>\n<meta property=\"og:locale\" content=\"sv_SE\" \/>\n<meta property=\"og:type\" content=\"article\" \/>\n<meta property=\"og:title\" content=\"Nytt avtal f\u00f6r Revision- och konsultf\u00f6retagen med Unionen och Akademikerf\u00f6rbunden f\u00f6r perioden 1 januari 2026 \u2013 31 december 2027\" \/>\n<meta property=\"og:description\" content=\"H\u00e4r anm\u00e4ler du dig till genomg\u00e5ng av det nya avtalet onsdagen den 21 januari kl. 13-14: Webbinarium om nya avtalet \u00d6verenskommelse i sin helhet inklusive bilagor&nbsp;(inloggning kr\u00e4vs) Avtalet inneh\u00e5ller bl.a. f\u00f6ljande Avtalsperiod 24 m\u00e5nader med &hellip;\" \/>\n<meta property=\"og:url\" content=\"https:\/\/www.almega.se\/2026\/01\/nytt-avtal-for-revision-och-konsultforetagen-med-unionen-och-akademikerforbunden-for-perioden-1-januari-2026-31-december-2027\/\" \/>\n<meta property=\"og:site_name\" content=\"Almega\" \/>\n<meta property=\"article:published_time\" content=\"2026-01-08T12:40:29+00:00\" \/>\n<meta property=\"article:modified_time\" content=\"2026-01-09T12:33:33+00:00\" \/>\n<meta property=\"og:image\" content=\"https:\/\/www.almega.se\/app\/uploads\/2020\/12\/almega-share-logo.png\" \/>\n\t<meta property=\"og:image:width\" content=\"1200\" \/>\n\t<meta property=\"og:image:height\" content=\"630\" \/>\n\t<meta property=\"og:image:type\" content=\"image\/png\" \/>\n<meta name=\"author\" content=\"Lena Ragell\" \/>\n<meta name=\"twitter:card\" content=\"summary_large_image\" \/>\n<meta name=\"twitter:label1\" content=\"Skriven av\" \/>\n\t<meta name=\"twitter:data1\" content=\"Lena Ragell\" \/>\n\t<meta name=\"twitter:label2\" content=\"Ber\u00e4knad l\u00e4stid\" \/>\n\t<meta name=\"twitter:data2\" content=\"9 minuter\" \/>\n<!-- \/ Yoast SEO Premium plugin. -->","yoast_head_json":{"title":"Nytt avtal f\u00f6r Revision- och konsultf\u00f6retagen med Unionen och Akademikerf\u00f6rbunden f\u00f6r perioden 1 januari 2026 \u2013 31 december 2027 | Almega","robots":{"index":"index","follow":"follow","max-snippet":"max-snippet:-1","max-image-preview":"max-image-preview:large","max-video-preview":"max-video-preview:-1"},"canonical":"https:\/\/www.almega.se\/2026\/01\/nytt-avtal-for-revision-och-konsultforetagen-med-unionen-och-akademikerforbunden-for-perioden-1-januari-2026-31-december-2027\/","og_locale":"sv_SE","og_type":"article","og_title":"Nytt avtal f\u00f6r Revision- och konsultf\u00f6retagen med Unionen och Akademikerf\u00f6rbunden f\u00f6r perioden 1 januari 2026 \u2013 31 december 2027","og_description":"H\u00e4r anm\u00e4ler du dig till genomg\u00e5ng av det nya avtalet onsdagen den 21 januari kl. 13-14: Webbinarium om nya avtalet \u00d6verenskommelse i sin helhet inklusive bilagor&nbsp;(inloggning kr\u00e4vs) Avtalet inneh\u00e5ller bl.a. f\u00f6ljande Avtalsperiod 24 m\u00e5nader med &hellip;","og_url":"https:\/\/www.almega.se\/2026\/01\/nytt-avtal-for-revision-och-konsultforetagen-med-unionen-och-akademikerforbunden-for-perioden-1-januari-2026-31-december-2027\/","og_site_name":"Almega","article_published_time":"2026-01-08T12:40:29+00:00","article_modified_time":"2026-01-09T12:33:33+00:00","og_image":[{"width":1200,"height":630,"url":"https:\/\/www.almega.se\/app\/uploads\/2020\/12\/almega-share-logo.png","type":"image\/png"}],"author":"Lena Ragell","twitter_card":"summary_large_image","twitter_misc":{"Skriven av":"Lena Ragell","Ber\u00e4knad l\u00e4stid":"9 minuter"},"schema":{"@context":"https:\/\/schema.org","@graph":[{"@type":"NewsArticle","@id":"https:\/\/www.almega.se\/2026\/01\/nytt-avtal-for-revision-och-konsultforetagen-med-unionen-och-akademikerforbunden-for-perioden-1-januari-2026-31-december-2027\/#article","isPartOf":{"@id":"https:\/\/www.almega.se\/2026\/01\/nytt-avtal-for-revision-och-konsultforetagen-med-unionen-och-akademikerforbunden-for-perioden-1-januari-2026-31-december-2027\/"},"author":{"name":"Lena Ragell","@id":"https:\/\/www.almega.se\/#\/schema\/person\/365a6d59b66a5989673b48ba4e584163"},"headline":"Nytt avtal f\u00f6r Revision- och konsult&shy;f\u00f6retagen med Unionen och Akademiker&shy;f\u00f6rbunden f\u00f6r perioden 1 januari 2026 \u2013 31 december 2027","datePublished":"2026-01-08T12:40:29+00:00","dateModified":"2026-01-09T12:33:33+00:00","mainEntityOfPage":{"@id":"https:\/\/www.almega.se\/2026\/01\/nytt-avtal-for-revision-och-konsultforetagen-med-unionen-och-akademikerforbunden-for-perioden-1-januari-2026-31-december-2027\/"},"wordCount":2198,"inLanguage":"sv-SE"},{"@type":"WebPage","@id":"https:\/\/www.almega.se\/2026\/01\/nytt-avtal-for-revision-och-konsultforetagen-med-unionen-och-akademikerforbunden-for-perioden-1-januari-2026-31-december-2027\/","url":"https:\/\/www.almega.se\/2026\/01\/nytt-avtal-for-revision-och-konsultforetagen-med-unionen-och-akademikerforbunden-for-perioden-1-januari-2026-31-december-2027\/","name":"Nytt avtal f\u00f6r Revision- och konsultf\u00f6retagen med Unionen och Akademikerf\u00f6rbunden f\u00f6r perioden 1 januari 2026 \u2013 31 december 2027 | Almega","isPartOf":{"@id":"https:\/\/www.almega.se\/#website"},"datePublished":"2026-01-08T12:40:29+00:00","dateModified":"2026-01-09T12:33:33+00:00","author":{"@id":"https:\/\/www.almega.se\/#\/schema\/person\/365a6d59b66a5989673b48ba4e584163"},"breadcrumb":{"@id":"https:\/\/www.almega.se\/2026\/01\/nytt-avtal-for-revision-och-konsultforetagen-med-unionen-och-akademikerforbunden-for-perioden-1-januari-2026-31-december-2027\/#breadcrumb"},"inLanguage":"sv-SE","potentialAction":[{"@type":"ReadAction","target":["https:\/\/www.almega.se\/2026\/01\/nytt-avtal-for-revision-och-konsultforetagen-med-unionen-och-akademikerforbunden-for-perioden-1-januari-2026-31-december-2027\/"]}]},{"@type":"BreadcrumbList","@id":"https:\/\/www.almega.se\/2026\/01\/nytt-avtal-for-revision-och-konsultforetagen-med-unionen-och-akademikerforbunden-for-perioden-1-januari-2026-31-december-2027\/#breadcrumb","itemListElement":[{"@type":"ListItem","position":1,"name":"Home","item":"https:\/\/www.almega.se\/"},{"@type":"ListItem","position":2,"name":"Nytt avtal f\u00f6r Revision- och konsult&shy;f\u00f6retagen med Unionen och Akademiker&shy;f\u00f6rbunden f\u00f6r perioden 1 januari 2026 \u2013 31 december 2027"}]},{"@type":"WebSite","@id":"https:\/\/www.almega.se\/#website","url":"https:\/\/www.almega.se\/","name":"Almega","description":"","potentialAction":[{"@type":"SearchAction","target":{"@type":"EntryPoint","urlTemplate":"https:\/\/www.almega.se\/?s={search_term_string}"},"query-input":{"@type":"PropertyValueSpecification","valueRequired":true,"valueName":"search_term_string"}}],"inLanguage":"sv-SE"},{"@type":"Person","@id":"https:\/\/www.almega.se\/#\/schema\/person\/365a6d59b66a5989673b48ba4e584163","name":"Lena Ragell","image":{"@type":"ImageObject","inLanguage":"sv-SE","@id":"https:\/\/www.almega.se\/#\/schema\/person\/image\/","url":"https:\/\/secure.gravatar.com\/avatar\/b08c10feead92fb4e24d6ce4a27fbce858bbeffdd343fbc8639cad850f2f7026?s=96&d=mm&r=g","contentUrl":"https:\/\/secure.gravatar.com\/avatar\/b08c10feead92fb4e24d6ce4a27fbce858bbeffdd343fbc8639cad850f2f7026?s=96&d=mm&r=g","caption":"Lena Ragell"},"description":"Lena arbetar som administrat\u00f6r p\u00e5 enheten Arbetsgivarservice.","url":"https:\/\/www.almega.se\/person\/lenaragell\/"}]}},"_links":{"self":[{"href":"https:\/\/www.almega.se\/api\/wp\/v2\/posts\/85076","targetHints":{"allow":["GET"]}}],"collection":[{"href":"https:\/\/www.almega.se\/api\/wp\/v2\/posts"}],"about":[{"href":"https:\/\/www.almega.se\/api\/wp\/v2\/types\/post"}],"author":[{"embeddable":true,"href":"https:\/\/www.almega.se\/api\/wp\/v2\/users\/163"}],"replies":[{"embeddable":true,"href":"https:\/\/www.almega.se\/api\/wp\/v2\/comments?post=85076"}],"version-history":[{"count":14,"href":"https:\/\/www.almega.se\/api\/wp\/v2\/posts\/85076\/revisions"}],"predecessor-version":[{"id":85105,"href":"https:\/\/www.almega.se\/api\/wp\/v2\/posts\/85076\/revisions\/85105"}],"wp:attachment":[{"href":"https:\/\/www.almega.se\/api\/wp\/v2\/media?parent=85076"}],"wp:term":[{"taxonomy":"category","embeddable":true,"href":"https:\/\/www.almega.se\/api\/wp\/v2\/categories?post=85076"},{"taxonomy":"post_tag","embeddable":true,"href":"https:\/\/www.almega.se\/api\/wp\/v2\/tags?post=85076"},{"taxonomy":"type","embeddable":true,"href":"https:\/\/www.almega.se\/api\/wp\/v2\/article_type?post=85076"},{"taxonomy":"agreement","embeddable":true,"href":"https:\/\/www.almega.se\/api\/wp\/v2\/agreement?post=85076"}],"curies":[{"name":"wp","href":"https:\/\/api.w.org\/{rel}","templated":true}]}}