{"id":84885,"date":"2025-12-16T06:00:00","date_gmt":"2025-12-16T05:00:00","guid":{"rendered":"https:\/\/www.almega.se\/2025\/12\/tjansteindikatorn-jobben-blir-fler-i-tjanstesektorn\/"},"modified":"2025-12-16T10:07:58","modified_gmt":"2025-12-16T09:07:58","slug":"tjansteindikatorn-jobben-blir-fler-i-tjanstesektorn","status":"publish","type":"post","link":"https:\/\/www.almega.se\/2025\/12\/tjansteindikatorn-jobben-blir-fler-i-tjanstesektorn\/","title":{"rendered":"Tj\u00e4nste&shy;indikatorn: Jobben blir fler i tj\u00e4nstesektorn"},"content":{"rendered":"\n<p class=\"intro\">Tillv\u00e4xten i tj\u00e4nstesektorn forts\u00e4tter att st\u00e4rkas. Under det tredje kvartalet \u00f6kade produktionen med 2,6 procent j\u00e4mf\u00f6rt med samma period i fjol, och Almegas tj\u00e4nsteindikator pekar p\u00e5 att uppg\u00e5ngen h\u00e5ller i sig \u00e4ven n\u00e4sta kvartal.<\/p>\n<p>\u2013 V\u00e4ndningen har ovanligt snabbt f\u00e5tt genomslag p\u00e5 arbetsmarknaden och tj\u00e4nste\u00adf\u00f6retagen har redan b\u00f6rjat nyanst\u00e4lla. P\u00e5 ett \u00e5r har det skapats \u00f6ver 12 000 nya jobb i den privata tj\u00e4nstesektorn. Det \u00e4r mycket gl\u00e4djande, s\u00e4ger Patrick Joyce, chefekonom p\u00e5 Almega.<\/p>\n<p>Almegas arbetsmarknadsindikator visar dessutom att jobbtillv\u00e4xten forts\u00e4tter \u00e4ven n\u00e4sta kvartal.<\/p>\n<p>L\u00e4get blir b\u00e4ttre i alla tj\u00e4nstebranscher men vissa leder v\u00e4gen. Informations- och kommunikations\u00adsektorn forts\u00e4tter att utvecklas starkt. Produktionen har \u00f6kat med 4,2 procent p\u00e5 ett \u00e5r. D\u00e4remot minskar syssels\u00e4ttningen n\u00e5got.<\/p>\n<p>Produktionen inom de viktiga konsulttj\u00e4nsterna inom juridik, ekonomi, vetenskap och teknik har vuxit med 3,3 procent det senaste \u00e5ret. Det har lett till 7 400 nya jobb i sektorn, varav 4 900 jobb har skapats hos tekniska konsulter och arkitekter.<\/p>\n<p>\u2013 Sektorn fr\u00e5n draghj\u00e4lp fr\u00e5n en god utveckling i industrin och en fortsatt stark tj\u00e4nsteexport, s\u00e4ger Patrick Joyce.<\/p>\n<p>\u00c5terh\u00e4mtningen har inte kommit lika l\u00e5ngt f\u00f6r personaluthyrning och andra st\u00f6dtj\u00e4nster till f\u00f6retag. Det tredje kvartalet var produktionen 2,8 procent l\u00e4gre \u00e4n f\u00f6r ett \u00e5r sedan men l\u00e4get har f\u00f6rb\u00e4ttrats markant under \u00e5ret och bemanningsf\u00f6retagen r\u00e4knar med att nyanst\u00e4lla n\u00e4sta kvartal.<\/p>\n<p>Hush\u00e5llen har \u00f6kat sin konsumtion och det har lyft syssels\u00e4ttningen inom hotell och restaurang d\u00e4r 4 300 nya jobb skapats det senaste \u00e5ret och inom kultur, evenemang och personlig service har antalet anst\u00e4llda blivit 2 100 fler.<\/p>\n<p>\u2013 N\u00e4r b\u00e5de f\u00f6retag och hush\u00e5ll \u00f6kar sin efterfr\u00e5gan f\u00e5r det snabbt effekt p\u00e5 syssels\u00e4ttningen. Det \u00e4r viktigt om arbetsl\u00f6sheten ska b\u00f6rja minska, s\u00e4ger Patrick Joyce.<\/p>\n<p><a href=\"https:\/\/www.almega.se\/2025\/12\/almegas-tjansteindikator-for-fjarde-kvartalet-2025\/\">L\u00e4s hela rapporten.<\/a>\n","protected":false},"excerpt":{"rendered":"<p>Tillv\u00e4xten i tj\u00e4nstesektorn forts\u00e4tter att st\u00e4rkas. Under det tredje kvartalet \u00f6kade produktionen med 2,6 procent j\u00e4mf\u00f6rt med samma period i fjol, och Almegas tj\u00e4nsteindikator pekar p\u00e5 att uppg\u00e5ngen h\u00e5ller i sig \u00e4ven n\u00e4sta kvartal.<\/p>\n","protected":false},"author":21574,"featured_media":84886,"comment_status":"closed","ping_status":"closed","sticky":false,"template":"","format":"standard","meta":{"_acf_changed":false,"footnotes":""},"categories":[64],"tags":[],"article_type":[93],"agreement":[],"class_list":["post-84885","post","type-post","status-publish","format-standard","has-post-thumbnail","hentry","category-arbetsmarknad","type-pressmeddelanden"],"acf":[],"yoast_head":"<!-- This site is optimized with the Yoast SEO Premium plugin v26.8 (Yoast SEO v26.8) - https:\/\/yoast.com\/product\/yoast-seo-premium-wordpress\/ -->\n<title>Tj\u00e4nsteindikatorn: Jobben blir fler i tj\u00e4nstesektorn | Almega<\/title>\n<meta name=\"robots\" content=\"index, follow, max-snippet:-1, max-image-preview:large, max-video-preview:-1\" \/>\n<link rel=\"canonical\" href=\"https:\/\/www.almega.se\/2025\/12\/tjansteindikatorn-jobben-blir-fler-i-tjanstesektorn\/\" \/>\n<meta property=\"og:locale\" content=\"sv_SE\" \/>\n<meta property=\"og:type\" content=\"article\" \/>\n<meta property=\"og:title\" content=\"Tj\u00e4nsteindikatorn: Jobben blir fler i tj\u00e4nstesektorn\" \/>\n<meta property=\"og:description\" content=\"Tillv\u00e4xten i tj\u00e4nstesektorn forts\u00e4tter att st\u00e4rkas. Under det tredje kvartalet \u00f6kade produktionen med 2,6 procent j\u00e4mf\u00f6rt med samma period i fjol, och Almegas tj\u00e4nsteindikator pekar p\u00e5 att uppg\u00e5ngen h\u00e5ller i sig \u00e4ven n\u00e4sta kvartal.\" \/>\n<meta property=\"og:url\" content=\"https:\/\/www.almega.se\/2025\/12\/tjansteindikatorn-jobben-blir-fler-i-tjanstesektorn\/\" \/>\n<meta property=\"og:site_name\" content=\"Almega\" \/>\n<meta property=\"article:published_time\" content=\"2025-12-16T05:00:00+00:00\" \/>\n<meta property=\"article:modified_time\" content=\"2025-12-16T09:07:58+00:00\" \/>\n<meta property=\"og:image\" content=\"https:\/\/www.almega.se\/app\/uploads\/2025\/12\/4d12dbc0-fe18-4834-9a79-3aa7f8f9c4bd-scaled.jpg\" \/>\n\t<meta property=\"og:image:width\" content=\"2560\" \/>\n\t<meta property=\"og:image:height\" content=\"1920\" \/>\n\t<meta property=\"og:image:type\" content=\"image\/jpeg\" \/>\n<meta name=\"author\" content=\"Sandra Mildenberger\" \/>\n<meta name=\"twitter:card\" content=\"summary_large_image\" \/>\n<meta name=\"twitter:label1\" content=\"Skriven av\" \/>\n\t<meta name=\"twitter:data1\" content=\"Sandra Mildenberger\" \/>\n\t<meta name=\"twitter:label2\" content=\"Ber\u00e4knad l\u00e4stid\" \/>\n\t<meta name=\"twitter:data2\" content=\"2 minuter\" \/>\n<!-- \/ Yoast SEO Premium plugin. -->","yoast_head_json":{"title":"Tj\u00e4nsteindikatorn: Jobben blir fler i tj\u00e4nstesektorn | Almega","robots":{"index":"index","follow":"follow","max-snippet":"max-snippet:-1","max-image-preview":"max-image-preview:large","max-video-preview":"max-video-preview:-1"},"canonical":"https:\/\/www.almega.se\/2025\/12\/tjansteindikatorn-jobben-blir-fler-i-tjanstesektorn\/","og_locale":"sv_SE","og_type":"article","og_title":"Tj\u00e4nsteindikatorn: Jobben blir fler i tj\u00e4nstesektorn","og_description":"Tillv\u00e4xten i tj\u00e4nstesektorn forts\u00e4tter att st\u00e4rkas. Under det tredje kvartalet \u00f6kade produktionen med 2,6 procent j\u00e4mf\u00f6rt med samma period i fjol, och Almegas tj\u00e4nsteindikator pekar p\u00e5 att uppg\u00e5ngen h\u00e5ller i sig \u00e4ven n\u00e4sta kvartal.","og_url":"https:\/\/www.almega.se\/2025\/12\/tjansteindikatorn-jobben-blir-fler-i-tjanstesektorn\/","og_site_name":"Almega","article_published_time":"2025-12-16T05:00:00+00:00","article_modified_time":"2025-12-16T09:07:58+00:00","og_image":[{"width":2560,"height":1920,"url":"https:\/\/www.almega.se\/app\/uploads\/2025\/12\/4d12dbc0-fe18-4834-9a79-3aa7f8f9c4bd-scaled.jpg","type":"image\/jpeg"}],"author":"Sandra Mildenberger","twitter_card":"summary_large_image","twitter_misc":{"Skriven av":"Sandra Mildenberger","Ber\u00e4knad l\u00e4stid":"2 minuter"},"schema":{"@context":"https:\/\/schema.org","@graph":[{"@type":"NewsArticle","@id":"https:\/\/www.almega.se\/2025\/12\/tjansteindikatorn-jobben-blir-fler-i-tjanstesektorn\/#article","isPartOf":{"@id":"https:\/\/www.almega.se\/2025\/12\/tjansteindikatorn-jobben-blir-fler-i-tjanstesektorn\/"},"author":{"name":"Sandra Mildenberger","@id":"https:\/\/www.almega.se\/#\/schema\/person\/432bf15cd5b8c34477366237d76e0e28"},"headline":"Tj\u00e4nste&shy;indikatorn: Jobben blir fler i tj\u00e4nstesektorn","datePublished":"2025-12-16T05:00:00+00:00","dateModified":"2025-12-16T09:07:58+00:00","mainEntityOfPage":{"@id":"https:\/\/www.almega.se\/2025\/12\/tjansteindikatorn-jobben-blir-fler-i-tjanstesektorn\/"},"wordCount":338,"image":{"@id":"https:\/\/www.almega.se\/2025\/12\/tjansteindikatorn-jobben-blir-fler-i-tjanstesektorn\/#primaryimage"},"thumbnailUrl":"https:\/\/www.almega.se\/app\/uploads\/2025\/12\/4d12dbc0-fe18-4834-9a79-3aa7f8f9c4bd-scaled.jpg","articleSection":["Arbetsmarknad"],"inLanguage":"sv-SE"},{"@type":"WebPage","@id":"https:\/\/www.almega.se\/2025\/12\/tjansteindikatorn-jobben-blir-fler-i-tjanstesektorn\/","url":"https:\/\/www.almega.se\/2025\/12\/tjansteindikatorn-jobben-blir-fler-i-tjanstesektorn\/","name":"Tj\u00e4nsteindikatorn: Jobben blir fler i tj\u00e4nstesektorn | Almega","isPartOf":{"@id":"https:\/\/www.almega.se\/#website"},"primaryImageOfPage":{"@id":"https:\/\/www.almega.se\/2025\/12\/tjansteindikatorn-jobben-blir-fler-i-tjanstesektorn\/#primaryimage"},"image":{"@id":"https:\/\/www.almega.se\/2025\/12\/tjansteindikatorn-jobben-blir-fler-i-tjanstesektorn\/#primaryimage"},"thumbnailUrl":"https:\/\/www.almega.se\/app\/uploads\/2025\/12\/4d12dbc0-fe18-4834-9a79-3aa7f8f9c4bd-scaled.jpg","datePublished":"2025-12-16T05:00:00+00:00","dateModified":"2025-12-16T09:07:58+00:00","author":{"@id":"https:\/\/www.almega.se\/#\/schema\/person\/432bf15cd5b8c34477366237d76e0e28"},"breadcrumb":{"@id":"https:\/\/www.almega.se\/2025\/12\/tjansteindikatorn-jobben-blir-fler-i-tjanstesektorn\/#breadcrumb"},"inLanguage":"sv-SE","potentialAction":[{"@type":"ReadAction","target":["https:\/\/www.almega.se\/2025\/12\/tjansteindikatorn-jobben-blir-fler-i-tjanstesektorn\/"]}]},{"@type":"ImageObject","inLanguage":"sv-SE","@id":"https:\/\/www.almega.se\/2025\/12\/tjansteindikatorn-jobben-blir-fler-i-tjanstesektorn\/#primaryimage","url":"https:\/\/www.almega.se\/app\/uploads\/2025\/12\/4d12dbc0-fe18-4834-9a79-3aa7f8f9c4bd-scaled.jpg","contentUrl":"https:\/\/www.almega.se\/app\/uploads\/2025\/12\/4d12dbc0-fe18-4834-9a79-3aa7f8f9c4bd-scaled.jpg","width":2560,"height":1920},{"@type":"BreadcrumbList","@id":"https:\/\/www.almega.se\/2025\/12\/tjansteindikatorn-jobben-blir-fler-i-tjanstesektorn\/#breadcrumb","itemListElement":[{"@type":"ListItem","position":1,"name":"Home","item":"https:\/\/www.almega.se\/"},{"@type":"ListItem","position":2,"name":"Tj\u00e4nste&shy;indikatorn: Jobben blir fler i tj\u00e4nstesektorn"}]},{"@type":"WebSite","@id":"https:\/\/www.almega.se\/#website","url":"https:\/\/www.almega.se\/","name":"Almega","description":"","potentialAction":[{"@type":"SearchAction","target":{"@type":"EntryPoint","urlTemplate":"https:\/\/www.almega.se\/?s={search_term_string}"},"query-input":{"@type":"PropertyValueSpecification","valueRequired":true,"valueName":"search_term_string"}}],"inLanguage":"sv-SE"},{"@type":"Person","@id":"https:\/\/www.almega.se\/#\/schema\/person\/432bf15cd5b8c34477366237d76e0e28","name":"Sandra Mildenberger","image":{"@type":"ImageObject","inLanguage":"sv-SE","@id":"https:\/\/www.almega.se\/#\/schema\/person\/image\/","url":"https:\/\/secure.gravatar.com\/avatar\/303ee6ef75fa0849b0b85e527659b8bf3457cd9509f76c13628965581b041b41?s=96&d=mm&r=g","contentUrl":"https:\/\/secure.gravatar.com\/avatar\/303ee6ef75fa0849b0b85e527659b8bf3457cd9509f76c13628965581b041b41?s=96&d=mm&r=g","caption":"Sandra Mildenberger"},"url":"https:\/\/www.almega.se\/person\/sandramildenberger\/"}]}},"_links":{"self":[{"href":"https:\/\/www.almega.se\/api\/wp\/v2\/posts\/84885","targetHints":{"allow":["GET"]}}],"collection":[{"href":"https:\/\/www.almega.se\/api\/wp\/v2\/posts"}],"about":[{"href":"https:\/\/www.almega.se\/api\/wp\/v2\/types\/post"}],"author":[{"embeddable":true,"href":"https:\/\/www.almega.se\/api\/wp\/v2\/users\/21574"}],"replies":[{"embeddable":true,"href":"https:\/\/www.almega.se\/api\/wp\/v2\/comments?post=84885"}],"version-history":[{"count":1,"href":"https:\/\/www.almega.se\/api\/wp\/v2\/posts\/84885\/revisions"}],"predecessor-version":[{"id":84896,"href":"https:\/\/www.almega.se\/api\/wp\/v2\/posts\/84885\/revisions\/84896"}],"wp:featuredmedia":[{"embeddable":true,"href":"https:\/\/www.almega.se\/api\/wp\/v2\/media\/84886"}],"wp:attachment":[{"href":"https:\/\/www.almega.se\/api\/wp\/v2\/media?parent=84885"}],"wp:term":[{"taxonomy":"category","embeddable":true,"href":"https:\/\/www.almega.se\/api\/wp\/v2\/categories?post=84885"},{"taxonomy":"post_tag","embeddable":true,"href":"https:\/\/www.almega.se\/api\/wp\/v2\/tags?post=84885"},{"taxonomy":"type","embeddable":true,"href":"https:\/\/www.almega.se\/api\/wp\/v2\/article_type?post=84885"},{"taxonomy":"agreement","embeddable":true,"href":"https:\/\/www.almega.se\/api\/wp\/v2\/agreement?post=84885"}],"curies":[{"name":"wp","href":"https:\/\/api.w.org\/{rel}","templated":true}]}}