{"id":84814,"date":"2025-12-11T09:47:44","date_gmt":"2025-12-11T08:47:44","guid":{"rendered":"https:\/\/www.almega.se\/?p=84814"},"modified":"2025-12-11T11:45:00","modified_gmt":"2025-12-11T10:45:00","slug":"kommun-brot-mot-foraldraledighetslagen-vad-kan-vi-lara-oss-av-domen","status":"publish","type":"post","link":"https:\/\/www.almega.se\/2025\/12\/kommun-brot-mot-foraldraledighetslagen-vad-kan-vi-lara-oss-av-domen\/","title":{"rendered":"Kommun br\u00f6t mot f\u00f6r\u00e4ldraledighetslagen \u2013 vad kan vi l\u00e4ra oss av domen?"},"content":{"rendered":"<p class=\"intro\">En kommun d\u00f6ms till skadest\u00e5nd efter att ha omplacerat en bist\u00e5ndshandl\u00e4ggare efter sin f\u00f6r\u00e4ldraledighet. Vad inneb\u00e4r domen f\u00f6r dig som arbetsgivare, och vad beh\u00f6ver du t\u00e4nka p\u00e5 fram\u00e5t? Lina Croneb\u00e4ck, arbetsr\u00e4ttsjurist p\u00e5 Almega, ger svar.<\/p>\n<a class='Share__link Share__link--url copy-text' href='#' rel='nofollow' data-text='omplacering-bedomdes-som-missgynnande' title='Dela url' data-confirmation='L\u00e4nken kopierades till urklipp'><svg class='icon icon--link'  width='18' height='18' viewBox='0 0 18 18' fill='none' xmlns='http:\/\/www.w3.org\/2000\/svg'>\n            <path d='M10.4142 0.514721L6.87868 4.05025L8.29289 5.46447L11.1213 2.63604L15.364 6.87868L12.5355 9.70711L13.9497 11.1213L17.4853 7.58579C17.8763 7.19476 17.8763 6.5626 17.4853 6.17158L11.8284 0.514721C11.4374 0.123691 10.8052 0.123691 10.4142 0.514721Z' fill='black'\/>\n            <path d='M9.7071 12.5355L6.87868 15.364L2.63604 11.1213L5.46446 8.2929L4.05025 6.87868L0.514716 10.4142C0.123686 10.8052 0.123686 11.4374 0.514716 11.8284L6.17157 17.4853C6.5626 17.8763 7.19475 17.8763 7.58578 17.4853L11.1213 13.9497L9.7071 12.5355Z' fill='black'\/>\n            <path d='M6.17157 11.8284C6.5626 12.2195 7.19475 12.2195 7.58578 11.8284L11.8284 7.58579C12.2195 7.19476 12.2195 6.56261 11.8284 6.17158C11.4374 5.78055 10.8052 5.78055 10.4142 6.17158L6.17157 10.4142C5.78054 10.8052 5.78054 11.4374 6.17157 11.8284Z' fill='black'\/>\n            <\/svg> <\/a>\n<h2 class=\"wp-block-heading\" id=\"h-omplacering-bedomdes-som-missgynnande\">Omplacering bed\u00f6mdes som missgynnande<\/h2>\n\n\n\n<p>En handl\u00e4ggare som f\u00f6re sin f\u00f6r\u00e4ldraledighet arbetade med \u00e4renden inom \u00e4ldreomsorgen, placerades n\u00e4r hon kom tillbaks p\u00e5 en vakant tj\u00e4nst d\u00e4r hon skulle arbeta med \u00e4renden enligt LSS och socialpsykiatri\u00e4renden. N\u00e5got hon inte ville, och som kommunen visste om.<\/p>\n\n\n\n<p>Diskrimineringsombudsmannen menade att detta var ett missgynnande kopplat till hennes f\u00f6r\u00e4ldraledighet, medan kommunen bestred. Arbetsdomstolen gav arbetstagaren r\u00e4tt, och kommunen \u00e5lades betala 50 000 kr i skadest\u00e5nd f\u00f6r brott mot missgynnandef\u00f6rbudet i F\u00f6r\u00e4ldraledighetslagen, samt ers\u00e4tta Diskrimineringsombudsmannens r\u00e4tteg\u00e5ngskostnader p\u00e5 drygt 230 000 kr.<\/p>\n\n\n\n<p>&#8211; Arbetsdomstolens dom f\u00f6rtydligar att en omplacering som sker inom ramen f\u00f6r anst\u00e4llningsavtalet, och som vid annat tillf\u00e4lle kan ske genom arbetsgivarens r\u00e4tt att leda och f\u00f6rdela arbetet, kan utg\u00f6ra ett missgynnande om den sker i direkt anslutning till att arbetstagaren \u00e5terg\u00e5r i tj\u00e4nst efter ledigheten.<\/p>\n\n\n\n<p>I det h\u00e4r specifika fallet hade arbetstagaren uttryckligen \u00f6nskat att f\u00e5 \u00e5terg\u00e5 till samma arbetsuppgifter och eftersom de fanns kvar menade domstolen att hon hade r\u00e4tt till dem, s\u00e4ger Lina Croneb\u00e4ck.<\/p>\n\n\n<a class='Share__link Share__link--url copy-text' href='#' rel='nofollow' data-text='bedomdes-att-det-fanns-ett-samband' title='Dela url' data-confirmation='L\u00e4nken kopierades till urklipp'><svg class='icon icon--link'  width='18' height='18' viewBox='0 0 18 18' fill='none' xmlns='http:\/\/www.w3.org\/2000\/svg'>\n            <path d='M10.4142 0.514721L6.87868 4.05025L8.29289 5.46447L11.1213 2.63604L15.364 6.87868L12.5355 9.70711L13.9497 11.1213L17.4853 7.58579C17.8763 7.19476 17.8763 6.5626 17.4853 6.17158L11.8284 0.514721C11.4374 0.123691 10.8052 0.123691 10.4142 0.514721Z' fill='black'\/>\n            <path d='M9.7071 12.5355L6.87868 15.364L2.63604 11.1213L5.46446 8.2929L4.05025 6.87868L0.514716 10.4142C0.123686 10.8052 0.123686 11.4374 0.514716 11.8284L6.17157 17.4853C6.5626 17.8763 7.19475 17.8763 7.58578 17.4853L11.1213 13.9497L9.7071 12.5355Z' fill='black'\/>\n            <path d='M6.17157 11.8284C6.5626 12.2195 7.19475 12.2195 7.58578 11.8284L11.8284 7.58579C12.2195 7.19476 12.2195 6.56261 11.8284 6.17158C11.4374 5.78055 10.8052 5.78055 10.4142 6.17158L6.17157 10.4142C5.78054 10.8052 5.78054 11.4374 6.17157 11.8284Z' fill='black'\/>\n            <\/svg> <\/a>\n<h2 class=\"wp-block-heading\" id=\"h-bedomdes-att-det-fanns-ett-samband\">Bed\u00f6mdes att det fanns ett samband<\/h2>\n\n\n\n<p>F\u00f6r att en arbetsgivare ska anses ha brutit mot f\u00f6r\u00e4ldraledighetslagen m\u00e5ste det finnas ett samband mellan missgynnandet och arbetstagarens f\u00f6r\u00e4ldraledighet. Det betyder inte att f\u00f6r\u00e4ldraledigheten m\u00e5ste vara den enda eller viktigaste orsaken, det r\u00e4cker att den \u00e4r en av orsakerna.<\/p>\n\n\n\n<p>&#8211; Arbetsgivaren \u00e4r fortsatt fri att omorganisera sin verksamhet b\u00e5de under och efter en f\u00f6r\u00e4ldraledighet men v\u00e5r bed\u00f6mning utifr\u00e5n domen \u00e4r att arbetsgivaren beh\u00f6ver iaktta en st\u00f6rre f\u00f6rsiktighet avseende f\u00f6r\u00e4ndringar f\u00f6r en arbetstagare om de sker i direkt anslutning till att denne \u00e5terkommer fr\u00e5n en ledighet. En f\u00f6r\u00e4ldraledig arbetstagare, eller en arbetstagare som \u00e5terkommer efter f\u00f6r\u00e4ldraledighet, ska behandlas som om ledigheten inte varit f\u00f6r handen.<\/p>\n\n\n\n      <a href=\"https:\/\/www.almega.se\/2025\/08\/omplacering-efter-foraldraledighet-stred-mot-lagen-kommunen-doms-till-skadestand\/\" target=\"_blank\" class=\"Button is-text Button--arrow-tip white-space-nowrap\">\n      \n        L\u00e4s hela domen\n      \n      \n                \n                <svg class='icon icon--arrow-tip'  width=\"11\" height=\"16\" viewBox=\"0 0 11 16\" fill=\"none\" xmlns=\"http:\/\/www.w3.org\/2000\/svg\">\n<path d=\"M0.858398 15L9.2304 7.99664L0.967732 1.00001\" stroke=\"black\" stroke-width=\"2\" stroke-miterlimit=\"10\"\/>\n<\/svg>\n\n        \n    <\/a>\n  \n","protected":false},"excerpt":{"rendered":"<p>Omplacering bed\u00f6mdes som missgynnande En handl\u00e4ggare som f\u00f6re sin f\u00f6r\u00e4ldraledighet arbetade med \u00e4renden inom \u00e4ldreomsorgen, placerades n\u00e4r hon kom tillbaks p\u00e5 en vakant tj\u00e4nst d\u00e4r hon skulle arbeta med \u00e4renden enligt LSS och socialpsykiatri\u00e4renden. N\u00e5got &hellip;<\/p>\n","protected":false},"author":21574,"featured_media":84819,"comment_status":"closed","ping_status":"closed","sticky":false,"template":"","format":"standard","meta":{"_acf_changed":false,"footnotes":""},"categories":[682,451],"tags":[],"article_type":[55],"agreement":[],"class_list":["post-84814","post","type-post","status-publish","format-standard","has-post-thumbnail","hentry","category-ad-dom","category-arbetsgivarfragor","type-artiklar"],"acf":[],"yoast_head":"<!-- This site is optimized with the Yoast SEO Premium plugin v26.8 (Yoast SEO v26.8) - https:\/\/yoast.com\/product\/yoast-seo-premium-wordpress\/ -->\n<title>Kommun br\u00f6t mot f\u00f6r\u00e4ldraledighetslagen \u2013 vad kan vi l\u00e4ra oss av domen? | Almega<\/title>\n<meta name=\"robots\" content=\"index, follow, max-snippet:-1, max-image-preview:large, max-video-preview:-1\" \/>\n<link rel=\"canonical\" href=\"https:\/\/www.almega.se\/2025\/12\/kommun-brot-mot-foraldraledighetslagen-vad-kan-vi-lara-oss-av-domen\/\" \/>\n<meta property=\"og:locale\" content=\"sv_SE\" \/>\n<meta property=\"og:type\" content=\"article\" \/>\n<meta property=\"og:title\" content=\"Kommun br\u00f6t mot f\u00f6r\u00e4ldraledighetslagen \u2013 vad kan vi l\u00e4ra oss av domen?\" \/>\n<meta property=\"og:description\" content=\"Omplacering bed\u00f6mdes som missgynnande En handl\u00e4ggare som f\u00f6re sin f\u00f6r\u00e4ldraledighet arbetade med \u00e4renden inom \u00e4ldreomsorgen, placerades n\u00e4r hon kom tillbaks p\u00e5 en vakant tj\u00e4nst d\u00e4r hon skulle arbeta med \u00e4renden enligt LSS och socialpsykiatri\u00e4renden. N\u00e5got &hellip;\" \/>\n<meta property=\"og:url\" content=\"https:\/\/www.almega.se\/2025\/12\/kommun-brot-mot-foraldraledighetslagen-vad-kan-vi-lara-oss-av-domen\/\" \/>\n<meta property=\"og:site_name\" content=\"Almega\" \/>\n<meta property=\"article:published_time\" content=\"2025-12-11T08:47:44+00:00\" \/>\n<meta property=\"article:modified_time\" content=\"2025-12-11T10:45:00+00:00\" \/>\n<meta property=\"og:image\" content=\"https:\/\/www.almega.se\/app\/uploads\/2025\/12\/Lina_Croneback__DSF9925-scaled.jpg\" \/>\n\t<meta property=\"og:image:width\" content=\"2560\" \/>\n\t<meta property=\"og:image:height\" content=\"1707\" \/>\n\t<meta property=\"og:image:type\" content=\"image\/jpeg\" \/>\n<meta name=\"author\" content=\"Sandra Mildenberger\" \/>\n<meta name=\"twitter:card\" content=\"summary_large_image\" \/>\n<meta name=\"twitter:label1\" content=\"Skriven av\" \/>\n\t<meta name=\"twitter:data1\" content=\"Sandra Mildenberger\" \/>\n\t<meta name=\"twitter:label2\" content=\"Ber\u00e4knad l\u00e4stid\" \/>\n\t<meta name=\"twitter:data2\" content=\"2 minuter\" \/>\n<!-- \/ Yoast SEO Premium plugin. -->","yoast_head_json":{"title":"Kommun br\u00f6t mot f\u00f6r\u00e4ldraledighetslagen \u2013 vad kan vi l\u00e4ra oss av domen? | Almega","robots":{"index":"index","follow":"follow","max-snippet":"max-snippet:-1","max-image-preview":"max-image-preview:large","max-video-preview":"max-video-preview:-1"},"canonical":"https:\/\/www.almega.se\/2025\/12\/kommun-brot-mot-foraldraledighetslagen-vad-kan-vi-lara-oss-av-domen\/","og_locale":"sv_SE","og_type":"article","og_title":"Kommun br\u00f6t mot f\u00f6r\u00e4ldraledighetslagen \u2013 vad kan vi l\u00e4ra oss av domen?","og_description":"Omplacering bed\u00f6mdes som missgynnande En handl\u00e4ggare som f\u00f6re sin f\u00f6r\u00e4ldraledighet arbetade med \u00e4renden inom \u00e4ldreomsorgen, placerades n\u00e4r hon kom tillbaks p\u00e5 en vakant tj\u00e4nst d\u00e4r hon skulle arbeta med \u00e4renden enligt LSS och socialpsykiatri\u00e4renden. N\u00e5got &hellip;","og_url":"https:\/\/www.almega.se\/2025\/12\/kommun-brot-mot-foraldraledighetslagen-vad-kan-vi-lara-oss-av-domen\/","og_site_name":"Almega","article_published_time":"2025-12-11T08:47:44+00:00","article_modified_time":"2025-12-11T10:45:00+00:00","og_image":[{"width":2560,"height":1707,"url":"https:\/\/www.almega.se\/app\/uploads\/2025\/12\/Lina_Croneback__DSF9925-scaled.jpg","type":"image\/jpeg"}],"author":"Sandra Mildenberger","twitter_card":"summary_large_image","twitter_misc":{"Skriven av":"Sandra Mildenberger","Ber\u00e4knad l\u00e4stid":"2 minuter"},"schema":{"@context":"https:\/\/schema.org","@graph":[{"@type":"NewsArticle","@id":"https:\/\/www.almega.se\/2025\/12\/kommun-brot-mot-foraldraledighetslagen-vad-kan-vi-lara-oss-av-domen\/#article","isPartOf":{"@id":"https:\/\/www.almega.se\/2025\/12\/kommun-brot-mot-foraldraledighetslagen-vad-kan-vi-lara-oss-av-domen\/"},"author":{"name":"Sandra Mildenberger","@id":"https:\/\/www.almega.se\/#\/schema\/person\/432bf15cd5b8c34477366237d76e0e28"},"headline":"Kommun br\u00f6t mot f\u00f6r\u00e4ldraledighetslagen \u2013 vad kan vi l\u00e4ra oss av domen?","datePublished":"2025-12-11T08:47:44+00:00","dateModified":"2025-12-11T10:45:00+00:00","mainEntityOfPage":{"@id":"https:\/\/www.almega.se\/2025\/12\/kommun-brot-mot-foraldraledighetslagen-vad-kan-vi-lara-oss-av-domen\/"},"wordCount":347,"image":{"@id":"https:\/\/www.almega.se\/2025\/12\/kommun-brot-mot-foraldraledighetslagen-vad-kan-vi-lara-oss-av-domen\/#primaryimage"},"thumbnailUrl":"https:\/\/www.almega.se\/app\/uploads\/2025\/12\/Lina_Croneback__DSF9925-scaled.jpg","articleSection":["AD-dom","Arbetsgivarfr\u00e5gor"],"inLanguage":"sv-SE"},{"@type":"WebPage","@id":"https:\/\/www.almega.se\/2025\/12\/kommun-brot-mot-foraldraledighetslagen-vad-kan-vi-lara-oss-av-domen\/","url":"https:\/\/www.almega.se\/2025\/12\/kommun-brot-mot-foraldraledighetslagen-vad-kan-vi-lara-oss-av-domen\/","name":"Kommun br\u00f6t mot f\u00f6r\u00e4ldraledighetslagen \u2013 vad kan vi l\u00e4ra oss av domen? | Almega","isPartOf":{"@id":"https:\/\/www.almega.se\/#website"},"primaryImageOfPage":{"@id":"https:\/\/www.almega.se\/2025\/12\/kommun-brot-mot-foraldraledighetslagen-vad-kan-vi-lara-oss-av-domen\/#primaryimage"},"image":{"@id":"https:\/\/www.almega.se\/2025\/12\/kommun-brot-mot-foraldraledighetslagen-vad-kan-vi-lara-oss-av-domen\/#primaryimage"},"thumbnailUrl":"https:\/\/www.almega.se\/app\/uploads\/2025\/12\/Lina_Croneback__DSF9925-scaled.jpg","datePublished":"2025-12-11T08:47:44+00:00","dateModified":"2025-12-11T10:45:00+00:00","author":{"@id":"https:\/\/www.almega.se\/#\/schema\/person\/432bf15cd5b8c34477366237d76e0e28"},"breadcrumb":{"@id":"https:\/\/www.almega.se\/2025\/12\/kommun-brot-mot-foraldraledighetslagen-vad-kan-vi-lara-oss-av-domen\/#breadcrumb"},"inLanguage":"sv-SE","potentialAction":[{"@type":"ReadAction","target":["https:\/\/www.almega.se\/2025\/12\/kommun-brot-mot-foraldraledighetslagen-vad-kan-vi-lara-oss-av-domen\/"]}]},{"@type":"ImageObject","inLanguage":"sv-SE","@id":"https:\/\/www.almega.se\/2025\/12\/kommun-brot-mot-foraldraledighetslagen-vad-kan-vi-lara-oss-av-domen\/#primaryimage","url":"https:\/\/www.almega.se\/app\/uploads\/2025\/12\/Lina_Croneback__DSF9925-scaled.jpg","contentUrl":"https:\/\/www.almega.se\/app\/uploads\/2025\/12\/Lina_Croneback__DSF9925-scaled.jpg","width":2560,"height":1707},{"@type":"BreadcrumbList","@id":"https:\/\/www.almega.se\/2025\/12\/kommun-brot-mot-foraldraledighetslagen-vad-kan-vi-lara-oss-av-domen\/#breadcrumb","itemListElement":[{"@type":"ListItem","position":1,"name":"Home","item":"https:\/\/www.almega.se\/"},{"@type":"ListItem","position":2,"name":"Kommun br\u00f6t mot f\u00f6r\u00e4ldraledighetslagen \u2013 vad kan vi l\u00e4ra oss av domen?"}]},{"@type":"WebSite","@id":"https:\/\/www.almega.se\/#website","url":"https:\/\/www.almega.se\/","name":"Almega","description":"","potentialAction":[{"@type":"SearchAction","target":{"@type":"EntryPoint","urlTemplate":"https:\/\/www.almega.se\/?s={search_term_string}"},"query-input":{"@type":"PropertyValueSpecification","valueRequired":true,"valueName":"search_term_string"}}],"inLanguage":"sv-SE"},{"@type":"Person","@id":"https:\/\/www.almega.se\/#\/schema\/person\/432bf15cd5b8c34477366237d76e0e28","name":"Sandra Mildenberger","image":{"@type":"ImageObject","inLanguage":"sv-SE","@id":"https:\/\/www.almega.se\/#\/schema\/person\/image\/","url":"https:\/\/secure.gravatar.com\/avatar\/303ee6ef75fa0849b0b85e527659b8bf3457cd9509f76c13628965581b041b41?s=96&d=mm&r=g","contentUrl":"https:\/\/secure.gravatar.com\/avatar\/303ee6ef75fa0849b0b85e527659b8bf3457cd9509f76c13628965581b041b41?s=96&d=mm&r=g","caption":"Sandra Mildenberger"},"url":"https:\/\/www.almega.se\/person\/sandramildenberger\/"}]}},"_links":{"self":[{"href":"https:\/\/www.almega.se\/api\/wp\/v2\/posts\/84814","targetHints":{"allow":["GET"]}}],"collection":[{"href":"https:\/\/www.almega.se\/api\/wp\/v2\/posts"}],"about":[{"href":"https:\/\/www.almega.se\/api\/wp\/v2\/types\/post"}],"author":[{"embeddable":true,"href":"https:\/\/www.almega.se\/api\/wp\/v2\/users\/21574"}],"replies":[{"embeddable":true,"href":"https:\/\/www.almega.se\/api\/wp\/v2\/comments?post=84814"}],"version-history":[{"count":4,"href":"https:\/\/www.almega.se\/api\/wp\/v2\/posts\/84814\/revisions"}],"predecessor-version":[{"id":84820,"href":"https:\/\/www.almega.se\/api\/wp\/v2\/posts\/84814\/revisions\/84820"}],"wp:featuredmedia":[{"embeddable":true,"href":"https:\/\/www.almega.se\/api\/wp\/v2\/media\/84819"}],"wp:attachment":[{"href":"https:\/\/www.almega.se\/api\/wp\/v2\/media?parent=84814"}],"wp:term":[{"taxonomy":"category","embeddable":true,"href":"https:\/\/www.almega.se\/api\/wp\/v2\/categories?post=84814"},{"taxonomy":"post_tag","embeddable":true,"href":"https:\/\/www.almega.se\/api\/wp\/v2\/tags?post=84814"},{"taxonomy":"type","embeddable":true,"href":"https:\/\/www.almega.se\/api\/wp\/v2\/article_type?post=84814"},{"taxonomy":"agreement","embeddable":true,"href":"https:\/\/www.almega.se\/api\/wp\/v2\/agreement?post=84814"}],"curies":[{"name":"wp","href":"https:\/\/api.w.org\/{rel}","templated":true}]}}