{"id":84784,"date":"2025-12-10T13:48:37","date_gmt":"2025-12-10T12:48:37","guid":{"rendered":"https:\/\/www.almega.se\/?p=84784"},"modified":"2025-12-10T13:48:38","modified_gmt":"2025-12-10T12:48:38","slug":"kompetensutveckling-for-tillvaxtforetag-i-stockholms-lan","status":"publish","type":"post","link":"https:\/\/www.almega.se\/2025\/12\/kompetensutveckling-for-tillvaxtforetag-i-stockholms-lan\/","title":{"rendered":"Kompetens&shy;utveckling f\u00f6r tillv\u00e4xt&shy;f\u00f6retag i Stockholms l\u00e4n"},"content":{"rendered":"<p class=\"intro\">Nu kan f\u00f6retag i Stockholms l\u00e4n med upp till 49 anst\u00e4llda ta del av en unik m\u00f6jlighet att utveckla sina medarbetare till minimal kostnad.<\/p>\n\n<p>P\u00e5 initiativ av Almega och i samverkan med Unionen har projektet Kompetensutveckling i Tillv\u00e4xtf\u00f6retag tagits fram. Det finansieras av Europeiska socialfonden och genomf\u00f6rs av F\u00f6retagsakademin.<\/p>\n\n\n<a class='Share__link Share__link--url copy-text' href='#' rel='nofollow' data-text='vem-kan-delta?' title='Dela url' data-confirmation='L\u00e4nken kopierades till urklipp'><svg class='icon icon--link'  width='18' height='18' viewBox='0 0 18 18' fill='none' xmlns='http:\/\/www.w3.org\/2000\/svg'>\n            <path d='M10.4142 0.514721L6.87868 4.05025L8.29289 5.46447L11.1213 2.63604L15.364 6.87868L12.5355 9.70711L13.9497 11.1213L17.4853 7.58579C17.8763 7.19476 17.8763 6.5626 17.4853 6.17158L11.8284 0.514721C11.4374 0.123691 10.8052 0.123691 10.4142 0.514721Z' fill='black'\/>\n            <path d='M9.7071 12.5355L6.87868 15.364L2.63604 11.1213L5.46446 8.2929L4.05025 6.87868L0.514716 10.4142C0.123686 10.8052 0.123686 11.4374 0.514716 11.8284L6.17157 17.4853C6.5626 17.8763 7.19475 17.8763 7.58578 17.4853L11.1213 13.9497L9.7071 12.5355Z' fill='black'\/>\n            <path d='M6.17157 11.8284C6.5626 12.2195 7.19475 12.2195 7.58578 11.8284L11.8284 7.58579C12.2195 7.19476 12.2195 6.56261 11.8284 6.17158C11.4374 5.78055 10.8052 5.78055 10.4142 6.17158L6.17157 10.4142C5.78054 10.8052 5.78054 11.4374 6.17157 11.8284Z' fill='black'\/>\n            <\/svg> <\/a>\n<h2 class=\"wp-block-heading\" id=\"h-vem-kan-delta\">Vem kan delta?<\/h2>\n\n\n\n<ul class=\"wp-block-list\">\n<li>F\u00f6retag med upp till 49 anst\u00e4llda.<\/li>\n\n\n\n<li>F\u00f6retag som har sin verksamhet i Stockholms l\u00e4n.<\/li>\n\n\n\n<li>F\u00f6retag som ej har mottagit mer \u00e4n 300 000 EURO (ca 3 msek) i statsst\u00f6d de senaste tre \u00e5ren.<\/li>\n<\/ul>\n\n\n<a class='Share__link Share__link--url copy-text' href='#' rel='nofollow' data-text='vad-ingar?' title='Dela url' data-confirmation='L\u00e4nken kopierades till urklipp'><svg class='icon icon--link'  width='18' height='18' viewBox='0 0 18 18' fill='none' xmlns='http:\/\/www.w3.org\/2000\/svg'>\n            <path d='M10.4142 0.514721L6.87868 4.05025L8.29289 5.46447L11.1213 2.63604L15.364 6.87868L12.5355 9.70711L13.9497 11.1213L17.4853 7.58579C17.8763 7.19476 17.8763 6.5626 17.4853 6.17158L11.8284 0.514721C11.4374 0.123691 10.8052 0.123691 10.4142 0.514721Z' fill='black'\/>\n            <path d='M9.7071 12.5355L6.87868 15.364L2.63604 11.1213L5.46446 8.2929L4.05025 6.87868L0.514716 10.4142C0.123686 10.8052 0.123686 11.4374 0.514716 11.8284L6.17157 17.4853C6.5626 17.8763 7.19475 17.8763 7.58578 17.4853L11.1213 13.9497L9.7071 12.5355Z' fill='black'\/>\n            <path d='M6.17157 11.8284C6.5626 12.2195 7.19475 12.2195 7.58578 11.8284L11.8284 7.58579C12.2195 7.19476 12.2195 6.56261 11.8284 6.17158C11.4374 5.78055 10.8052 5.78055 10.4142 6.17158L6.17157 10.4142C5.78054 10.8052 5.78054 11.4374 6.17157 11.8284Z' fill='black'\/>\n            <\/svg> <\/a>\n<h2 class=\"wp-block-heading\" id=\"h-vad-ingar\">Vad ing\u00e5r?<\/h2>\n\n\n\n<ul class=\"wp-block-list\">\n<li>I programmet ing\u00e5r tre f\u00f6retagsinterna utbildningar samt en utbildning per anst\u00e4lld.<\/li>\n<\/ul>\n\n\n<a class='Share__link Share__link--url copy-text' href='#' rel='nofollow' data-text='villkor:' title='Dela url' data-confirmation='L\u00e4nken kopierades till urklipp'><svg class='icon icon--link'  width='18' height='18' viewBox='0 0 18 18' fill='none' xmlns='http:\/\/www.w3.org\/2000\/svg'>\n            <path d='M10.4142 0.514721L6.87868 4.05025L8.29289 5.46447L11.1213 2.63604L15.364 6.87868L12.5355 9.70711L13.9497 11.1213L17.4853 7.58579C17.8763 7.19476 17.8763 6.5626 17.4853 6.17158L11.8284 0.514721C11.4374 0.123691 10.8052 0.123691 10.4142 0.514721Z' fill='black'\/>\n            <path d='M9.7071 12.5355L6.87868 15.364L2.63604 11.1213L5.46446 8.2929L4.05025 6.87868L0.514716 10.4142C0.123686 10.8052 0.123686 11.4374 0.514716 11.8284L6.17157 17.4853C6.5626 17.8763 7.19475 17.8763 7.58578 17.4853L11.1213 13.9497L9.7071 12.5355Z' fill='black'\/>\n            <path d='M6.17157 11.8284C6.5626 12.2195 7.19475 12.2195 7.58578 11.8284L11.8284 7.58579C12.2195 7.19476 12.2195 6.56261 11.8284 6.17158C11.4374 5.78055 10.8052 5.78055 10.4142 6.17158L6.17157 10.4142C5.78054 10.8052 5.78054 11.4374 6.17157 11.8284Z' fill='black'\/>\n            <\/svg> <\/a>\n<h2 class=\"wp-block-heading\" id=\"h-villkor\">Villkor:<\/h2>\n\n\n\n<ul class=\"wp-block-list\">\n<li>Platserna \u00e4r begr\u00e4nsade och bokning av kurs sker enligt &#8221;f\u00f6rst till kvarn&#8221; principen.<\/li>\n\n\n\n<li>Utbildningarna kan genomf\u00f6ras fram till 31 december 2027.<\/li>\n<\/ul>\n\n\n\n      <a href=\"https:\/\/kit.foretagsakademin.se\/om-projektet\/\" target=\"_blank\" class=\"Button is-text Button--arrow-tip\">\n      \n        L\u00e4s mer och ans\u00f6k hos F\u00f6retagsakademin\n      \n      \n                \n                <svg class='icon icon--arrow-tip'  width=\"11\" height=\"16\" viewBox=\"0 0 11 16\" fill=\"none\" xmlns=\"http:\/\/www.w3.org\/2000\/svg\">\n<path d=\"M0.858398 15L9.2304 7.99664L0.967732 1.00001\" stroke=\"black\" stroke-width=\"2\" stroke-miterlimit=\"10\"\/>\n<\/svg>\n\n        \n    <\/a>\n  \n","protected":false},"excerpt":{"rendered":"<p>P\u00e5 initiativ av Almega och i samverkan med Unionen har projektet Kompetensutveckling i Tillv\u00e4xtf\u00f6retag tagits fram. Det finansieras av Europeiska socialfonden och genomf\u00f6rs av F\u00f6retagsakademin. Vem kan delta? Vad ing\u00e5r? Villkor:<\/p>\n","protected":false},"author":21574,"featured_media":84788,"comment_status":"closed","ping_status":"closed","sticky":false,"template":"","format":"standard","meta":{"_acf_changed":false,"footnotes":""},"categories":[451],"tags":[],"article_type":[56],"agreement":[],"class_list":["post-84784","post","type-post","status-publish","format-standard","has-post-thumbnail","hentry","category-arbetsgivarfragor","type-nyheter"],"acf":[],"yoast_head":"<!-- This site is optimized with the Yoast SEO Premium plugin v26.8 (Yoast SEO v26.8) - https:\/\/yoast.com\/product\/yoast-seo-premium-wordpress\/ -->\n<title>Kompetensutveckling f\u00f6r tillv\u00e4xtf\u00f6retag i Stockholms l\u00e4n | Almega<\/title>\n<meta name=\"robots\" content=\"index, follow, max-snippet:-1, max-image-preview:large, max-video-preview:-1\" \/>\n<link rel=\"canonical\" href=\"https:\/\/www.almega.se\/2025\/12\/kompetensutveckling-for-tillvaxtforetag-i-stockholms-lan\/\" \/>\n<meta property=\"og:locale\" content=\"sv_SE\" \/>\n<meta property=\"og:type\" content=\"article\" \/>\n<meta property=\"og:title\" content=\"Kompetensutveckling f\u00f6r tillv\u00e4xtf\u00f6retag i Stockholms l\u00e4n\" \/>\n<meta property=\"og:description\" content=\"P\u00e5 initiativ av Almega och i samverkan med Unionen har projektet Kompetensutveckling i Tillv\u00e4xtf\u00f6retag tagits fram. Det finansieras av Europeiska socialfonden och genomf\u00f6rs av F\u00f6retagsakademin. Vem kan delta? Vad ing\u00e5r? Villkor:\" \/>\n<meta property=\"og:url\" content=\"https:\/\/www.almega.se\/2025\/12\/kompetensutveckling-for-tillvaxtforetag-i-stockholms-lan\/\" \/>\n<meta property=\"og:site_name\" content=\"Almega\" \/>\n<meta property=\"article:published_time\" content=\"2025-12-10T12:48:37+00:00\" \/>\n<meta property=\"article:modified_time\" content=\"2025-12-10T12:48:38+00:00\" \/>\n<meta property=\"og:image\" content=\"https:\/\/www.almega.se\/app\/uploads\/2025\/12\/masma67840.jpg\" \/>\n\t<meta property=\"og:image:width\" content=\"2499\" \/>\n\t<meta property=\"og:image:height\" content=\"1666\" \/>\n\t<meta property=\"og:image:type\" content=\"image\/jpeg\" \/>\n<meta name=\"author\" content=\"Sandra Mildenberger\" \/>\n<meta name=\"twitter:card\" content=\"summary_large_image\" \/>\n<meta name=\"twitter:label1\" content=\"Skriven av\" \/>\n\t<meta name=\"twitter:data1\" content=\"Sandra Mildenberger\" \/>\n\t<meta name=\"twitter:label2\" content=\"Ber\u00e4knad l\u00e4stid\" \/>\n\t<meta name=\"twitter:data2\" content=\"1 minut\" \/>\n<!-- \/ Yoast SEO Premium plugin. -->","yoast_head_json":{"title":"Kompetensutveckling f\u00f6r tillv\u00e4xtf\u00f6retag i Stockholms l\u00e4n | Almega","robots":{"index":"index","follow":"follow","max-snippet":"max-snippet:-1","max-image-preview":"max-image-preview:large","max-video-preview":"max-video-preview:-1"},"canonical":"https:\/\/www.almega.se\/2025\/12\/kompetensutveckling-for-tillvaxtforetag-i-stockholms-lan\/","og_locale":"sv_SE","og_type":"article","og_title":"Kompetensutveckling f\u00f6r tillv\u00e4xtf\u00f6retag i Stockholms l\u00e4n","og_description":"P\u00e5 initiativ av Almega och i samverkan med Unionen har projektet Kompetensutveckling i Tillv\u00e4xtf\u00f6retag tagits fram. Det finansieras av Europeiska socialfonden och genomf\u00f6rs av F\u00f6retagsakademin. Vem kan delta? Vad ing\u00e5r? Villkor:","og_url":"https:\/\/www.almega.se\/2025\/12\/kompetensutveckling-for-tillvaxtforetag-i-stockholms-lan\/","og_site_name":"Almega","article_published_time":"2025-12-10T12:48:37+00:00","article_modified_time":"2025-12-10T12:48:38+00:00","og_image":[{"width":2499,"height":1666,"url":"https:\/\/www.almega.se\/app\/uploads\/2025\/12\/masma67840.jpg","type":"image\/jpeg"}],"author":"Sandra Mildenberger","twitter_card":"summary_large_image","twitter_misc":{"Skriven av":"Sandra Mildenberger","Ber\u00e4knad l\u00e4stid":"1 minut"},"schema":{"@context":"https:\/\/schema.org","@graph":[{"@type":"NewsArticle","@id":"https:\/\/www.almega.se\/2025\/12\/kompetensutveckling-for-tillvaxtforetag-i-stockholms-lan\/#article","isPartOf":{"@id":"https:\/\/www.almega.se\/2025\/12\/kompetensutveckling-for-tillvaxtforetag-i-stockholms-lan\/"},"author":{"name":"Sandra Mildenberger","@id":"https:\/\/www.almega.se\/#\/schema\/person\/432bf15cd5b8c34477366237d76e0e28"},"headline":"Kompetens&shy;utveckling f\u00f6r tillv\u00e4xt&shy;f\u00f6retag i Stockholms l\u00e4n","datePublished":"2025-12-10T12:48:37+00:00","dateModified":"2025-12-10T12:48:38+00:00","mainEntityOfPage":{"@id":"https:\/\/www.almega.se\/2025\/12\/kompetensutveckling-for-tillvaxtforetag-i-stockholms-lan\/"},"wordCount":117,"image":{"@id":"https:\/\/www.almega.se\/2025\/12\/kompetensutveckling-for-tillvaxtforetag-i-stockholms-lan\/#primaryimage"},"thumbnailUrl":"https:\/\/www.almega.se\/app\/uploads\/2025\/12\/masma67840.jpg","articleSection":["Arbetsgivarfr\u00e5gor"],"inLanguage":"sv-SE"},{"@type":"WebPage","@id":"https:\/\/www.almega.se\/2025\/12\/kompetensutveckling-for-tillvaxtforetag-i-stockholms-lan\/","url":"https:\/\/www.almega.se\/2025\/12\/kompetensutveckling-for-tillvaxtforetag-i-stockholms-lan\/","name":"Kompetensutveckling f\u00f6r tillv\u00e4xtf\u00f6retag i Stockholms l\u00e4n | Almega","isPartOf":{"@id":"https:\/\/www.almega.se\/#website"},"primaryImageOfPage":{"@id":"https:\/\/www.almega.se\/2025\/12\/kompetensutveckling-for-tillvaxtforetag-i-stockholms-lan\/#primaryimage"},"image":{"@id":"https:\/\/www.almega.se\/2025\/12\/kompetensutveckling-for-tillvaxtforetag-i-stockholms-lan\/#primaryimage"},"thumbnailUrl":"https:\/\/www.almega.se\/app\/uploads\/2025\/12\/masma67840.jpg","datePublished":"2025-12-10T12:48:37+00:00","dateModified":"2025-12-10T12:48:38+00:00","author":{"@id":"https:\/\/www.almega.se\/#\/schema\/person\/432bf15cd5b8c34477366237d76e0e28"},"breadcrumb":{"@id":"https:\/\/www.almega.se\/2025\/12\/kompetensutveckling-for-tillvaxtforetag-i-stockholms-lan\/#breadcrumb"},"inLanguage":"sv-SE","potentialAction":[{"@type":"ReadAction","target":["https:\/\/www.almega.se\/2025\/12\/kompetensutveckling-for-tillvaxtforetag-i-stockholms-lan\/"]}]},{"@type":"ImageObject","inLanguage":"sv-SE","@id":"https:\/\/www.almega.se\/2025\/12\/kompetensutveckling-for-tillvaxtforetag-i-stockholms-lan\/#primaryimage","url":"https:\/\/www.almega.se\/app\/uploads\/2025\/12\/masma67840.jpg","contentUrl":"https:\/\/www.almega.se\/app\/uploads\/2025\/12\/masma67840.jpg","width":2499,"height":1666},{"@type":"BreadcrumbList","@id":"https:\/\/www.almega.se\/2025\/12\/kompetensutveckling-for-tillvaxtforetag-i-stockholms-lan\/#breadcrumb","itemListElement":[{"@type":"ListItem","position":1,"name":"Home","item":"https:\/\/www.almega.se\/"},{"@type":"ListItem","position":2,"name":"Kompetens&shy;utveckling f\u00f6r tillv\u00e4xt&shy;f\u00f6retag i Stockholms l\u00e4n"}]},{"@type":"WebSite","@id":"https:\/\/www.almega.se\/#website","url":"https:\/\/www.almega.se\/","name":"Almega","description":"","potentialAction":[{"@type":"SearchAction","target":{"@type":"EntryPoint","urlTemplate":"https:\/\/www.almega.se\/?s={search_term_string}"},"query-input":{"@type":"PropertyValueSpecification","valueRequired":true,"valueName":"search_term_string"}}],"inLanguage":"sv-SE"},{"@type":"Person","@id":"https:\/\/www.almega.se\/#\/schema\/person\/432bf15cd5b8c34477366237d76e0e28","name":"Sandra Mildenberger","image":{"@type":"ImageObject","inLanguage":"sv-SE","@id":"https:\/\/www.almega.se\/#\/schema\/person\/image\/","url":"https:\/\/secure.gravatar.com\/avatar\/303ee6ef75fa0849b0b85e527659b8bf3457cd9509f76c13628965581b041b41?s=96&d=mm&r=g","contentUrl":"https:\/\/secure.gravatar.com\/avatar\/303ee6ef75fa0849b0b85e527659b8bf3457cd9509f76c13628965581b041b41?s=96&d=mm&r=g","caption":"Sandra Mildenberger"},"url":"https:\/\/www.almega.se\/person\/sandramildenberger\/"}]}},"_links":{"self":[{"href":"https:\/\/www.almega.se\/api\/wp\/v2\/posts\/84784","targetHints":{"allow":["GET"]}}],"collection":[{"href":"https:\/\/www.almega.se\/api\/wp\/v2\/posts"}],"about":[{"href":"https:\/\/www.almega.se\/api\/wp\/v2\/types\/post"}],"author":[{"embeddable":true,"href":"https:\/\/www.almega.se\/api\/wp\/v2\/users\/21574"}],"replies":[{"embeddable":true,"href":"https:\/\/www.almega.se\/api\/wp\/v2\/comments?post=84784"}],"version-history":[{"count":2,"href":"https:\/\/www.almega.se\/api\/wp\/v2\/posts\/84784\/revisions"}],"predecessor-version":[{"id":84794,"href":"https:\/\/www.almega.se\/api\/wp\/v2\/posts\/84784\/revisions\/84794"}],"wp:featuredmedia":[{"embeddable":true,"href":"https:\/\/www.almega.se\/api\/wp\/v2\/media\/84788"}],"wp:attachment":[{"href":"https:\/\/www.almega.se\/api\/wp\/v2\/media?parent=84784"}],"wp:term":[{"taxonomy":"category","embeddable":true,"href":"https:\/\/www.almega.se\/api\/wp\/v2\/categories?post=84784"},{"taxonomy":"post_tag","embeddable":true,"href":"https:\/\/www.almega.se\/api\/wp\/v2\/tags?post=84784"},{"taxonomy":"type","embeddable":true,"href":"https:\/\/www.almega.se\/api\/wp\/v2\/article_type?post=84784"},{"taxonomy":"agreement","embeddable":true,"href":"https:\/\/www.almega.se\/api\/wp\/v2\/agreement?post=84784"}],"curies":[{"name":"wp","href":"https:\/\/api.w.org\/{rel}","templated":true}]}}