{"id":84742,"date":"2025-12-10T09:44:54","date_gmt":"2025-12-10T08:44:54","guid":{"rendered":"https:\/\/www.almega.se\/?p=84742"},"modified":"2025-12-10T10:08:49","modified_gmt":"2025-12-10T09:08:49","slug":"undersokning-hur-paverkar-sprak-jobbet","status":"publish","type":"post","link":"https:\/\/www.almega.se\/2025\/12\/undersokning-hur-paverkar-sprak-jobbet\/","title":{"rendered":"Unders\u00f6kning: Hur p\u00e5verkar spr\u00e5k jobbet?"},"content":{"rendered":"<p class=\"intro\">Varmt v\u00e4lkommen att delta i studien \u201cHur spr\u00e5k p\u00e5verkar jobbet \u2013 insikter fr\u00e5n arbetsgivare och anst\u00e4llda\u201d. Projektet genomf\u00f6rs av Ratio och unders\u00f6ker arbetsgivares och anst\u00e4lldas uppfattningar av spr\u00e5kkunskapers roll p\u00e5 arbetsplatsen, s\u00e4rskilt n\u00e4r det kommer till utrikes f\u00f6dda.<\/p>\n<a class='Share__link Share__link--url copy-text' href='#' rel='nofollow' data-text='det-svenska-spraket-pa-arbetsplatsen' title='Dela url' data-confirmation='L\u00e4nken kopierades till urklipp'><svg class='icon icon--link'  width='18' height='18' viewBox='0 0 18 18' fill='none' xmlns='http:\/\/www.w3.org\/2000\/svg'>\n            <path d='M10.4142 0.514721L6.87868 4.05025L8.29289 5.46447L11.1213 2.63604L15.364 6.87868L12.5355 9.70711L13.9497 11.1213L17.4853 7.58579C17.8763 7.19476 17.8763 6.5626 17.4853 6.17158L11.8284 0.514721C11.4374 0.123691 10.8052 0.123691 10.4142 0.514721Z' fill='black'\/>\n            <path d='M9.7071 12.5355L6.87868 15.364L2.63604 11.1213L5.46446 8.2929L4.05025 6.87868L0.514716 10.4142C0.123686 10.8052 0.123686 11.4374 0.514716 11.8284L6.17157 17.4853C6.5626 17.8763 7.19475 17.8763 7.58578 17.4853L11.1213 13.9497L9.7071 12.5355Z' fill='black'\/>\n            <path d='M6.17157 11.8284C6.5626 12.2195 7.19475 12.2195 7.58578 11.8284L11.8284 7.58579C12.2195 7.19476 12.2195 6.56261 11.8284 6.17158C11.4374 5.78055 10.8052 5.78055 10.4142 6.17158L6.17157 10.4142C5.78054 10.8052 5.78054 11.4374 6.17157 11.8284Z' fill='black'\/>\n            <\/svg> <\/a>\n<h2 class=\"wp-block-heading\" id=\"h-det-svenska-spraket-pa-arbetsplatsen\">Det svenska spr\u00e5ket p\u00e5 arbetsplatsen<\/h2>\n\n\n\n<p>Forskningen riktar sig mot en av Sveriges st\u00f6rsta utmaningar. Utrikes f\u00f6dda har idag en svag arbetsmarknadsposition i Sverige. 16,2% av alla utrikes f\u00f6dda \u00e4r arbetsl\u00f6sa, j\u00e4mf\u00f6rt med 5,7% f\u00f6r inrikes f\u00f6dda, och h\u00e4lften av alla l\u00e5ngtidsarbetsl\u00f6sa \u00e4r utomeuropeiskt f\u00f6dda. Samtidigt skriker flera branscher, till exempel v\u00e5rd och omsorg, efter arbetskraft. En av de orsaker som ofta n\u00e4mns \u00e4r bristande spr\u00e5kkunskaper. <\/p>\n\n\n\n<p>Ratio vill d\u00e4rf\u00f6r unders\u00f6ka hur spr\u00e5kkunskaper p\u00e5verkar individers arbetsmarknadsposition. Hur viktigt \u00e4r det egentligen att tala god svenska p\u00e5 en arbetsplats? Vad tycker arbetsgivare? Vad tycker kollegor och andra anst\u00e4llda? Hur f\u00f6rh\u00e5ller man sig till spr\u00e5kf\u00f6rbistringar? Vad anser man b\u00f6r g\u00f6ras f\u00f6r att \u00e5tg\u00e4rda problemen, om de ens finns? Genom enk\u00e4tstudien hoppas Ratio kunna komma n\u00e4rmare ett svar p\u00e5 dessa viktiga fr\u00e5gor.<\/p>\n\n\n\n<p>&#8211; Almega arbetar f\u00f6r att undanr\u00f6ja hinder p\u00e5 arbetsmarknaden och som en av m\u00e5nga delar i detta arbete undrar om vi du som medlem kan svara p\u00e5 fr\u00e5gorna om spr\u00e5k i Ratios forskningsprojekt som kommer att ge oss nya viktiga insikter, s\u00e4ger Jonas Jegers, n\u00e4ringspolitisk expert p\u00e5 Almega. <\/p>\n\n\n<a class='Share__link Share__link--url copy-text' href='#' rel='nofollow' data-text='bade-arbetsgivare-och-anstallda-med-i-studien' title='Dela url' data-confirmation='L\u00e4nken kopierades till urklipp'><svg class='icon icon--link'  width='18' height='18' viewBox='0 0 18 18' fill='none' xmlns='http:\/\/www.w3.org\/2000\/svg'>\n            <path d='M10.4142 0.514721L6.87868 4.05025L8.29289 5.46447L11.1213 2.63604L15.364 6.87868L12.5355 9.70711L13.9497 11.1213L17.4853 7.58579C17.8763 7.19476 17.8763 6.5626 17.4853 6.17158L11.8284 0.514721C11.4374 0.123691 10.8052 0.123691 10.4142 0.514721Z' fill='black'\/>\n            <path d='M9.7071 12.5355L6.87868 15.364L2.63604 11.1213L5.46446 8.2929L4.05025 6.87868L0.514716 10.4142C0.123686 10.8052 0.123686 11.4374 0.514716 11.8284L6.17157 17.4853C6.5626 17.8763 7.19475 17.8763 7.58578 17.4853L11.1213 13.9497L9.7071 12.5355Z' fill='black'\/>\n            <path d='M6.17157 11.8284C6.5626 12.2195 7.19475 12.2195 7.58578 11.8284L11.8284 7.58579C12.2195 7.19476 12.2195 6.56261 11.8284 6.17158C11.4374 5.78055 10.8052 5.78055 10.4142 6.17158L6.17157 10.4142C5.78054 10.8052 5.78054 11.4374 6.17157 11.8284Z' fill='black'\/>\n            <\/svg> <\/a>\n<h2 class=\"wp-block-heading\" id=\"h-bade-arbetsgivare-och-anstallda-med-i-studien\">B\u00e5de arbetsgivare och anst\u00e4llda med i studien<\/h2>\n\n\n\n<p>I situationer som denna, d\u00e4r det finns en stor utmaning som ocks\u00e5 \u00e4r h\u00f6gt p\u00e5 den politiska agendan, \u00e4r det av stor vikt att de som har mest insyn f\u00e5r dela med sig av sina erfarenheter och tankar. N\u00e4r det kommer till spr\u00e5ket p\u00e5 arbetsplatsen, \u00e4r det sj\u00e4lvklart att fr\u00e5ga de som faktiskt jobbar: arbetsgivare och anst\u00e4llda.<\/p>\n\n\n\n<p>\u00c4ven om tidigare forskning har behandlat fr\u00e5gor om spr\u00e5k och jobb, \u00e4r den f\u00f6r det mesta begr\u00e4nsad till sm\u00e5skaliga intervju- eller etnografistudier. Enk\u00e4tstudier med ett ordentligt underlag \u00e4r desto s\u00e4llsyntare.<\/p>\n\n\n\n<p>Almega och Ratio \u00e4r tacksamma f\u00f6r ditt deltagande. Enk\u00e4ten tar 5-10 minuter att svara p\u00e5.<\/p>\n\n\n\n      <a href=\"https:\/\/ratio.se\/hur-sprak-paverkar-jobbet-insikter-fran-arbetsgivare-och-anstallda\" target=\"_blank\" class=\"Button is-text Button--arrow-tip\">\n      \n        G\u00e5 till enk\u00e4ten\n      \n      \n                \n                <svg class='icon icon--arrow-tip'  width=\"11\" height=\"16\" viewBox=\"0 0 11 16\" fill=\"none\" xmlns=\"http:\/\/www.w3.org\/2000\/svg\">\n<path d=\"M0.858398 15L9.2304 7.99664L0.967732 1.00001\" stroke=\"black\" stroke-width=\"2\" stroke-miterlimit=\"10\"\/>\n<\/svg>\n\n        \n    <\/a>\n  \n\n\n\n<p>Ansvarig f\u00f6r studien \u00e4r <strong>Fanny Forsberg<\/strong> <strong>Lundell<\/strong>, forskare p\u00e5 Ratio. Vill du komma i kontakt med projektet kan du mejla sprakochjobb@ratio.se<\/p>\n","protected":false},"excerpt":{"rendered":"<p>Det svenska spr\u00e5ket p\u00e5 arbetsplatsen Forskningen riktar sig mot en av Sveriges st\u00f6rsta utmaningar. Utrikes f\u00f6dda har idag en svag arbetsmarknadsposition i Sverige. 16,2% av alla utrikes f\u00f6dda \u00e4r arbetsl\u00f6sa, j\u00e4mf\u00f6rt med 5,7% f\u00f6r inrikes &hellip;<\/p>\n","protected":false},"author":21574,"featured_media":84748,"comment_status":"closed","ping_status":"closed","sticky":false,"template":"","format":"standard","meta":{"_acf_changed":false,"footnotes":""},"categories":[451],"tags":[],"article_type":[56],"agreement":[],"class_list":["post-84742","post","type-post","status-publish","format-standard","has-post-thumbnail","hentry","category-arbetsgivarfragor","type-nyheter"],"acf":[],"yoast_head":"<!-- This site is optimized with the Yoast SEO Premium plugin v26.8 (Yoast SEO v26.8) - https:\/\/yoast.com\/product\/yoast-seo-premium-wordpress\/ -->\n<title>Unders\u00f6kning: Hur p\u00e5verkar spr\u00e5k jobbet? | Almega<\/title>\n<meta name=\"robots\" content=\"index, follow, max-snippet:-1, max-image-preview:large, max-video-preview:-1\" \/>\n<link rel=\"canonical\" href=\"https:\/\/www.almega.se\/2025\/12\/undersokning-hur-paverkar-sprak-jobbet\/\" \/>\n<meta property=\"og:locale\" content=\"sv_SE\" \/>\n<meta property=\"og:type\" content=\"article\" \/>\n<meta property=\"og:title\" content=\"Unders\u00f6kning: Hur p\u00e5verkar spr\u00e5k jobbet?\" \/>\n<meta property=\"og:description\" content=\"Det svenska spr\u00e5ket p\u00e5 arbetsplatsen Forskningen riktar sig mot en av Sveriges st\u00f6rsta utmaningar. Utrikes f\u00f6dda har idag en svag arbetsmarknadsposition i Sverige. 16,2% av alla utrikes f\u00f6dda \u00e4r arbetsl\u00f6sa, j\u00e4mf\u00f6rt med 5,7% f\u00f6r inrikes &hellip;\" \/>\n<meta property=\"og:url\" content=\"https:\/\/www.almega.se\/2025\/12\/undersokning-hur-paverkar-sprak-jobbet\/\" \/>\n<meta property=\"og:site_name\" content=\"Almega\" \/>\n<meta property=\"article:published_time\" content=\"2025-12-10T08:44:54+00:00\" \/>\n<meta property=\"article:modified_time\" content=\"2025-12-10T09:08:49+00:00\" \/>\n<meta property=\"og:image\" content=\"https:\/\/www.almega.se\/app\/uploads\/2025\/12\/ima220453.jpg\" \/>\n\t<meta property=\"og:image:width\" content=\"2499\" \/>\n\t<meta property=\"og:image:height\" content=\"1667\" \/>\n\t<meta property=\"og:image:type\" content=\"image\/jpeg\" \/>\n<meta name=\"author\" content=\"Sandra Mildenberger\" \/>\n<meta name=\"twitter:card\" content=\"summary_large_image\" \/>\n<meta name=\"twitter:label1\" content=\"Skriven av\" \/>\n\t<meta name=\"twitter:data1\" content=\"Sandra Mildenberger\" \/>\n\t<meta name=\"twitter:label2\" content=\"Ber\u00e4knad l\u00e4stid\" \/>\n\t<meta name=\"twitter:data2\" content=\"2 minuter\" \/>\n<!-- \/ Yoast SEO Premium plugin. -->","yoast_head_json":{"title":"Unders\u00f6kning: Hur p\u00e5verkar spr\u00e5k jobbet? | Almega","robots":{"index":"index","follow":"follow","max-snippet":"max-snippet:-1","max-image-preview":"max-image-preview:large","max-video-preview":"max-video-preview:-1"},"canonical":"https:\/\/www.almega.se\/2025\/12\/undersokning-hur-paverkar-sprak-jobbet\/","og_locale":"sv_SE","og_type":"article","og_title":"Unders\u00f6kning: Hur p\u00e5verkar spr\u00e5k jobbet?","og_description":"Det svenska spr\u00e5ket p\u00e5 arbetsplatsen Forskningen riktar sig mot en av Sveriges st\u00f6rsta utmaningar. Utrikes f\u00f6dda har idag en svag arbetsmarknadsposition i Sverige. 16,2% av alla utrikes f\u00f6dda \u00e4r arbetsl\u00f6sa, j\u00e4mf\u00f6rt med 5,7% f\u00f6r inrikes &hellip;","og_url":"https:\/\/www.almega.se\/2025\/12\/undersokning-hur-paverkar-sprak-jobbet\/","og_site_name":"Almega","article_published_time":"2025-12-10T08:44:54+00:00","article_modified_time":"2025-12-10T09:08:49+00:00","og_image":[{"width":2499,"height":1667,"url":"https:\/\/www.almega.se\/app\/uploads\/2025\/12\/ima220453.jpg","type":"image\/jpeg"}],"author":"Sandra Mildenberger","twitter_card":"summary_large_image","twitter_misc":{"Skriven av":"Sandra Mildenberger","Ber\u00e4knad l\u00e4stid":"2 minuter"},"schema":{"@context":"https:\/\/schema.org","@graph":[{"@type":"NewsArticle","@id":"https:\/\/www.almega.se\/2025\/12\/undersokning-hur-paverkar-sprak-jobbet\/#article","isPartOf":{"@id":"https:\/\/www.almega.se\/2025\/12\/undersokning-hur-paverkar-sprak-jobbet\/"},"author":{"name":"Sandra Mildenberger","@id":"https:\/\/www.almega.se\/#\/schema\/person\/432bf15cd5b8c34477366237d76e0e28"},"headline":"Unders\u00f6kning: Hur p\u00e5verkar spr\u00e5k jobbet?","datePublished":"2025-12-10T08:44:54+00:00","dateModified":"2025-12-10T09:08:49+00:00","mainEntityOfPage":{"@id":"https:\/\/www.almega.se\/2025\/12\/undersokning-hur-paverkar-sprak-jobbet\/"},"wordCount":373,"image":{"@id":"https:\/\/www.almega.se\/2025\/12\/undersokning-hur-paverkar-sprak-jobbet\/#primaryimage"},"thumbnailUrl":"https:\/\/www.almega.se\/app\/uploads\/2025\/12\/ima220453.jpg","articleSection":["Arbetsgivarfr\u00e5gor"],"inLanguage":"sv-SE"},{"@type":"WebPage","@id":"https:\/\/www.almega.se\/2025\/12\/undersokning-hur-paverkar-sprak-jobbet\/","url":"https:\/\/www.almega.se\/2025\/12\/undersokning-hur-paverkar-sprak-jobbet\/","name":"Unders\u00f6kning: Hur p\u00e5verkar spr\u00e5k jobbet? | Almega","isPartOf":{"@id":"https:\/\/www.almega.se\/#website"},"primaryImageOfPage":{"@id":"https:\/\/www.almega.se\/2025\/12\/undersokning-hur-paverkar-sprak-jobbet\/#primaryimage"},"image":{"@id":"https:\/\/www.almega.se\/2025\/12\/undersokning-hur-paverkar-sprak-jobbet\/#primaryimage"},"thumbnailUrl":"https:\/\/www.almega.se\/app\/uploads\/2025\/12\/ima220453.jpg","datePublished":"2025-12-10T08:44:54+00:00","dateModified":"2025-12-10T09:08:49+00:00","author":{"@id":"https:\/\/www.almega.se\/#\/schema\/person\/432bf15cd5b8c34477366237d76e0e28"},"breadcrumb":{"@id":"https:\/\/www.almega.se\/2025\/12\/undersokning-hur-paverkar-sprak-jobbet\/#breadcrumb"},"inLanguage":"sv-SE","potentialAction":[{"@type":"ReadAction","target":["https:\/\/www.almega.se\/2025\/12\/undersokning-hur-paverkar-sprak-jobbet\/"]}]},{"@type":"ImageObject","inLanguage":"sv-SE","@id":"https:\/\/www.almega.se\/2025\/12\/undersokning-hur-paverkar-sprak-jobbet\/#primaryimage","url":"https:\/\/www.almega.se\/app\/uploads\/2025\/12\/ima220453.jpg","contentUrl":"https:\/\/www.almega.se\/app\/uploads\/2025\/12\/ima220453.jpg","width":2499,"height":1667},{"@type":"BreadcrumbList","@id":"https:\/\/www.almega.se\/2025\/12\/undersokning-hur-paverkar-sprak-jobbet\/#breadcrumb","itemListElement":[{"@type":"ListItem","position":1,"name":"Home","item":"https:\/\/www.almega.se\/"},{"@type":"ListItem","position":2,"name":"Unders\u00f6kning: Hur p\u00e5verkar spr\u00e5k jobbet?"}]},{"@type":"WebSite","@id":"https:\/\/www.almega.se\/#website","url":"https:\/\/www.almega.se\/","name":"Almega","description":"","potentialAction":[{"@type":"SearchAction","target":{"@type":"EntryPoint","urlTemplate":"https:\/\/www.almega.se\/?s={search_term_string}"},"query-input":{"@type":"PropertyValueSpecification","valueRequired":true,"valueName":"search_term_string"}}],"inLanguage":"sv-SE"},{"@type":"Person","@id":"https:\/\/www.almega.se\/#\/schema\/person\/432bf15cd5b8c34477366237d76e0e28","name":"Sandra Mildenberger","image":{"@type":"ImageObject","inLanguage":"sv-SE","@id":"https:\/\/www.almega.se\/#\/schema\/person\/image\/","url":"https:\/\/secure.gravatar.com\/avatar\/303ee6ef75fa0849b0b85e527659b8bf3457cd9509f76c13628965581b041b41?s=96&d=mm&r=g","contentUrl":"https:\/\/secure.gravatar.com\/avatar\/303ee6ef75fa0849b0b85e527659b8bf3457cd9509f76c13628965581b041b41?s=96&d=mm&r=g","caption":"Sandra Mildenberger"},"url":"https:\/\/www.almega.se\/person\/sandramildenberger\/"}]}},"_links":{"self":[{"href":"https:\/\/www.almega.se\/api\/wp\/v2\/posts\/84742","targetHints":{"allow":["GET"]}}],"collection":[{"href":"https:\/\/www.almega.se\/api\/wp\/v2\/posts"}],"about":[{"href":"https:\/\/www.almega.se\/api\/wp\/v2\/types\/post"}],"author":[{"embeddable":true,"href":"https:\/\/www.almega.se\/api\/wp\/v2\/users\/21574"}],"replies":[{"embeddable":true,"href":"https:\/\/www.almega.se\/api\/wp\/v2\/comments?post=84742"}],"version-history":[{"count":10,"href":"https:\/\/www.almega.se\/api\/wp\/v2\/posts\/84742\/revisions"}],"predecessor-version":[{"id":84755,"href":"https:\/\/www.almega.se\/api\/wp\/v2\/posts\/84742\/revisions\/84755"}],"wp:featuredmedia":[{"embeddable":true,"href":"https:\/\/www.almega.se\/api\/wp\/v2\/media\/84748"}],"wp:attachment":[{"href":"https:\/\/www.almega.se\/api\/wp\/v2\/media?parent=84742"}],"wp:term":[{"taxonomy":"category","embeddable":true,"href":"https:\/\/www.almega.se\/api\/wp\/v2\/categories?post=84742"},{"taxonomy":"post_tag","embeddable":true,"href":"https:\/\/www.almega.se\/api\/wp\/v2\/tags?post=84742"},{"taxonomy":"type","embeddable":true,"href":"https:\/\/www.almega.se\/api\/wp\/v2\/article_type?post=84742"},{"taxonomy":"agreement","embeddable":true,"href":"https:\/\/www.almega.se\/api\/wp\/v2\/agreement?post=84742"}],"curies":[{"name":"wp","href":"https:\/\/api.w.org\/{rel}","templated":true}]}}