{"id":84597,"date":"2025-12-04T10:52:34","date_gmt":"2025-12-04T09:52:34","guid":{"rendered":"https:\/\/www.almega.se\/?p=84597"},"modified":"2025-12-04T14:34:40","modified_gmt":"2025-12-04T13:34:40","slug":"ai-ar-inte-framtiden-utan-har-och-nu","status":"publish","type":"post","link":"https:\/\/www.almega.se\/2025\/12\/ai-ar-inte-framtiden-utan-har-och-nu\/","title":{"rendered":"&#8221;AI \u00e4r inte framtiden utan h\u00e4r och nu&#8221;"},"content":{"rendered":"<p class=\"intro\">Vilka yrken p\u00e5verkas av AI:s int\u00e5g p\u00e5 arbetsmarknaden, springer medarbetarna f\u00f6re organisationerna och har vi missat starten f\u00f6r omst\u00e4llningen? Det var fr\u00e5gor som stod i fokus under seminariet &#8221;Hur p\u00e5verkar AI arbetsmarknaden?&#8221; p\u00e5 N\u00e4ringslivets hus i Stockholm.<\/p>\n\n<p><strong>Patrick Joyce<\/strong>,\u00a0chefekonom p\u00e5 Almega, inledde med att ber\u00e4tta om hur AI-teknikens framsteg p\u00e5verkar arbetsmarknaden. Arbetsmarknaden delas upp i yrken med h\u00f6gre eller l\u00e4gre exponering mot AI. En h\u00f6g exponering inneb\u00e4r att fler arbetsuppgifter inom yrket kan utf\u00f6ras mer eller mindre sj\u00e4lvst\u00e4ndigt av AI-teknik. Det \u00e4r ofta yrken som kr\u00e4ver akademisk utbildning, exempelvis med stora inslag av textbearbetning eller matematik och analys.<\/p>\n\n\n\n<p>\u2013 Den stora majoriteten av jobben kommer inte ers\u00e4ttas av AI, men de kommer att f\u00f6r\u00e4ndras och kr\u00e4ver kompetensutveckling. D\u00e4rf\u00f6r vill Almega se ett kompetensavdrag som underl\u00e4ttar omst\u00e4llningen, s\u00e4ger Patrick Joyce.<\/p>\n\n\n<a class='Share__link Share__link--url copy-text' href='#' rel='nofollow' data-text='juristyrket-i-fokus' title='Dela url' data-confirmation='L\u00e4nken kopierades till urklipp'><svg class='icon icon--link'  width='18' height='18' viewBox='0 0 18 18' fill='none' xmlns='http:\/\/www.w3.org\/2000\/svg'>\n            <path d='M10.4142 0.514721L6.87868 4.05025L8.29289 5.46447L11.1213 2.63604L15.364 6.87868L12.5355 9.70711L13.9497 11.1213L17.4853 7.58579C17.8763 7.19476 17.8763 6.5626 17.4853 6.17158L11.8284 0.514721C11.4374 0.123691 10.8052 0.123691 10.4142 0.514721Z' fill='black'\/>\n            <path d='M9.7071 12.5355L6.87868 15.364L2.63604 11.1213L5.46446 8.2929L4.05025 6.87868L0.514716 10.4142C0.123686 10.8052 0.123686 11.4374 0.514716 11.8284L6.17157 17.4853C6.5626 17.8763 7.19475 17.8763 7.58578 17.4853L11.1213 13.9497L9.7071 12.5355Z' fill='black'\/>\n            <path d='M6.17157 11.8284C6.5626 12.2195 7.19475 12.2195 7.58578 11.8284L11.8284 7.58579C12.2195 7.19476 12.2195 6.56261 11.8284 6.17158C11.4374 5.78055 10.8052 5.78055 10.4142 6.17158L6.17157 10.4142C5.78054 10.8052 5.78054 11.4374 6.17157 11.8284Z' fill='black'\/>\n            <\/svg> <\/a>\n<h2 class=\"wp-block-heading\" id=\"h-juristyrket-i-fokus\">Juristyrket i fokus<\/h2>\n\n\n\n<p>Ett yrke som p\u00e5verkas av AI-tekniken \u00e4r juristens. <strong>Mia Fransson<\/strong>,\u2028arbetsr\u00e4ttsjurist Almega, betonade m\u00f6jligheterna att anv\u00e4nda AI inom juristyrken.<\/p>\n\n\n\n<p>\u2013 Vi jurister har stor nytta av generativ AI, eftersom vi arbetar s\u00e5 mycket med texter, konstaterade Mia Fransson, som ser att yrkesgruppen har en kompetensresa framf\u00f6r sig.<\/p>\n\n\n\n<p>Men hon ser ocks\u00e5 f\u00e4llor. Vad \u00e4r exempelvis ursprunget till de k\u00e4llor som generativ AI anv\u00e4nder sig av inom juridiken och kan det p\u00e5verka resultatet?<\/p>\n\n\n\n<p>\u2013 \u00c4ven fram\u00f6ver \u00e4r det v\u00e4ldigt tydligt att det beh\u00f6vs en m\u00e4nniska i processen, s\u00e4ger Mia Fransson.<\/p>\n\n\n<a class='Share__link Share__link--url copy-text' href='#' rel='nofollow' data-text='teknikskifte-i-rekordfart' title='Dela url' data-confirmation='L\u00e4nken kopierades till urklipp'><svg class='icon icon--link'  width='18' height='18' viewBox='0 0 18 18' fill='none' xmlns='http:\/\/www.w3.org\/2000\/svg'>\n            <path d='M10.4142 0.514721L6.87868 4.05025L8.29289 5.46447L11.1213 2.63604L15.364 6.87868L12.5355 9.70711L13.9497 11.1213L17.4853 7.58579C17.8763 7.19476 17.8763 6.5626 17.4853 6.17158L11.8284 0.514721C11.4374 0.123691 10.8052 0.123691 10.4142 0.514721Z' fill='black'\/>\n            <path d='M9.7071 12.5355L6.87868 15.364L2.63604 11.1213L5.46446 8.2929L4.05025 6.87868L0.514716 10.4142C0.123686 10.8052 0.123686 11.4374 0.514716 11.8284L6.17157 17.4853C6.5626 17.8763 7.19475 17.8763 7.58578 17.4853L11.1213 13.9497L9.7071 12.5355Z' fill='black'\/>\n            <path d='M6.17157 11.8284C6.5626 12.2195 7.19475 12.2195 7.58578 11.8284L11.8284 7.58579C12.2195 7.19476 12.2195 6.56261 11.8284 6.17158C11.4374 5.78055 10.8052 5.78055 10.4142 6.17158L6.17157 10.4142C5.78054 10.8052 5.78054 11.4374 6.17157 11.8284Z' fill='black'\/>\n            <\/svg> <\/a>\n<h2 class=\"wp-block-heading\" id=\"h-teknikskifte-i-rekordfart\">Teknikskifte i rekordfart<\/h2>\n\n\n\n<p><strong>Maria Elinder<\/strong>, utvecklingschef p\u00e5 Almega, och&nbsp;<strong>Moa Tivell<\/strong>,\u2028senior public policy manager p\u00e5 AI Sweden, lyfte Arbetsmarknadens AI-r\u00e5d som samlar fackf\u00f6rbund, arbetsgivar- och omst\u00e4llningsorganisationer.<\/p>\n\n\n\n<p> \u2013 AI inneb\u00e4r att arbetsmarknaden m\u00f6ter ett teknikskifte som g\u00e5r i rekordfart.  I r\u00e5det ser vi ett stort behov av att f\u00f6rst\u00e5 vad omst\u00e4llningen inneb\u00e4r f\u00f6r svensk arbetsmarknad och vill skapa en gemensam nul\u00e4gesbild, s\u00e4ger Moa Tivell.<\/p>\n\n\n\n<p>Hon lyfte ocks\u00e5 behovet att ha en riktning och ett ledarskap f\u00f6r att h\u00e4mta hem de f\u00f6rm\u00e5gorna, den tillv\u00e4xt, som AI-utvecklingen p\u00e5 arbetsmarknaden m\u00f6jligg\u00f6r.<\/p>\n\n\n\n<p>\u2013 Vi beh\u00f6ver bygga en gemensam f\u00f6rst\u00e5else, politiken beh\u00f6ver lyssna in och f\u00f6ra ett samtal med arbetsmarknadens parter,  s\u00e4ger Moa Tivell.<\/p>\n\n\n<a class='Share__link Share__link--url copy-text' href='#' rel='nofollow' data-text='mindre-foretag-behover-stod' title='Dela url' data-confirmation='L\u00e4nken kopierades till urklipp'><svg class='icon icon--link'  width='18' height='18' viewBox='0 0 18 18' fill='none' xmlns='http:\/\/www.w3.org\/2000\/svg'>\n            <path d='M10.4142 0.514721L6.87868 4.05025L8.29289 5.46447L11.1213 2.63604L15.364 6.87868L12.5355 9.70711L13.9497 11.1213L17.4853 7.58579C17.8763 7.19476 17.8763 6.5626 17.4853 6.17158L11.8284 0.514721C11.4374 0.123691 10.8052 0.123691 10.4142 0.514721Z' fill='black'\/>\n            <path d='M9.7071 12.5355L6.87868 15.364L2.63604 11.1213L5.46446 8.2929L4.05025 6.87868L0.514716 10.4142C0.123686 10.8052 0.123686 11.4374 0.514716 11.8284L6.17157 17.4853C6.5626 17.8763 7.19475 17.8763 7.58578 17.4853L11.1213 13.9497L9.7071 12.5355Z' fill='black'\/>\n            <path d='M6.17157 11.8284C6.5626 12.2195 7.19475 12.2195 7.58578 11.8284L11.8284 7.58579C12.2195 7.19476 12.2195 6.56261 11.8284 6.17158C11.4374 5.78055 10.8052 5.78055 10.4142 6.17158L6.17157 10.4142C5.78054 10.8052 5.78054 11.4374 6.17157 11.8284Z' fill='black'\/>\n            <\/svg> <\/a>\n<h2 class=\"wp-block-heading\" id=\"h-mindre-foretag-behover-stod\">Mindre f\u00f6retag beh\u00f6ver st\u00f6d<\/h2>\n\n\n\n<p>Maria Elinder pekade p\u00e5 att det \u00e4r h\u00f6g tid f\u00f6r organisationer att ta sig an fr\u00e5gan, om man inte redan b\u00f6rjat. Mindre f\u00f6retag beh\u00f6ver mer st\u00f6d f\u00f6r att klara omst\u00e4llningen.<\/p>\n\n\n\n<p>\u2013 AI-omst\u00e4llningen \u00e4r inte framtiden, utan h\u00e4r och nu. Medarbetarna springer f\u00f6re organisationerna och b\u00f6rjar anv\u00e4nda AI-verktyg, och det beh\u00f6ver arbetsgivare vara medvetna om och agera p\u00e5. Vi beh\u00f6ver ocks\u00e5 minnas att Sverige \u00e4r ett sm\u00e5f\u00f6retagarland. 80 procent av Almegas medlemsf\u00f6retag har f\u00e4rre \u00e4n 49 anst\u00e4llda. Hur ska de ta sig an utvecklingen? L\u00f6sningen p\u00e5 den fr\u00e5gan \u00e4r v\u00e4ldigt viktig att arbeta med.<\/p>\n\n\n\n<p>Modererade samtalet gjorde <strong>R\u00e9ka Tolnai<\/strong>, opinionstrateg p\u00e5 Almega.<\/p>\n\n\n\n<figure class=\"wp-block-image size-large is-resized\"><img loading=\"lazy\" decoding=\"async\" width=\"1180\" height=\"820\" src=\"https:\/\/www.almega.se\/app\/uploads\/2025\/12\/DSC06670-1180x820.jpg\" alt=\"\" class=\"wp-image-84604\" style=\"width:969px;height:auto\" srcset=\"https:\/\/www.almega.se\/app\/uploads\/2025\/12\/DSC06670-1180x820.jpg 1180w, https:\/\/www.almega.se\/app\/uploads\/2025\/12\/DSC06670-580x403.jpg 580w, https:\/\/www.almega.se\/app\/uploads\/2025\/12\/DSC06670-380x264.jpg 380w, https:\/\/www.almega.se\/app\/uploads\/2025\/12\/DSC06670-768x534.jpg 768w, https:\/\/www.almega.se\/app\/uploads\/2025\/12\/DSC06670-1536x1067.jpg 1536w, https:\/\/www.almega.se\/app\/uploads\/2025\/12\/DSC06670-2048x1423.jpg 2048w\" sizes=\"auto, (max-width: 1180px) 100vw, 1180px\" \/><\/figure>\n\n\n\n<figure class=\"wp-block-image size-large is-resized\"><img loading=\"lazy\" decoding=\"async\" width=\"1180\" height=\"804\" src=\"https:\/\/www.almega.se\/app\/uploads\/2025\/12\/DSC06682-1180x804.jpg\" alt=\"\" class=\"wp-image-84605\" style=\"width:972px;height:auto\" srcset=\"https:\/\/www.almega.se\/app\/uploads\/2025\/12\/DSC06682-1180x804.jpg 1180w, https:\/\/www.almega.se\/app\/uploads\/2025\/12\/DSC06682-580x395.jpg 580w, https:\/\/www.almega.se\/app\/uploads\/2025\/12\/DSC06682-380x259.jpg 380w, https:\/\/www.almega.se\/app\/uploads\/2025\/12\/DSC06682-768x523.jpg 768w, https:\/\/www.almega.se\/app\/uploads\/2025\/12\/DSC06682-1536x1046.jpg 1536w, https:\/\/www.almega.se\/app\/uploads\/2025\/12\/DSC06682-2048x1395.jpg 2048w\" sizes=\"auto, (max-width: 1180px) 100vw, 1180px\" \/><\/figure>\n\n\n\n<figure class=\"wp-block-image size-large is-resized\"><img loading=\"lazy\" decoding=\"async\" width=\"1180\" height=\"888\" src=\"https:\/\/www.almega.se\/app\/uploads\/2025\/12\/DSC06665-1180x888.jpg\" alt=\"\" class=\"wp-image-84606\" style=\"width:972px;height:auto\" srcset=\"https:\/\/www.almega.se\/app\/uploads\/2025\/12\/DSC06665-1180x888.jpg 1180w, https:\/\/www.almega.se\/app\/uploads\/2025\/12\/DSC06665-580x436.jpg 580w, https:\/\/www.almega.se\/app\/uploads\/2025\/12\/DSC06665-380x286.jpg 380w, https:\/\/www.almega.se\/app\/uploads\/2025\/12\/DSC06665-768x578.jpg 768w, https:\/\/www.almega.se\/app\/uploads\/2025\/12\/DSC06665-1536x1156.jpg 1536w, https:\/\/www.almega.se\/app\/uploads\/2025\/12\/DSC06665-2048x1541.jpg 2048w\" sizes=\"auto, (max-width: 1180px) 100vw, 1180px\" \/><\/figure>\n\n\n\n<p><\/p>\n","protected":false},"excerpt":{"rendered":"<p>Patrick Joyce,\u00a0chefekonom p\u00e5 Almega, inledde med att ber\u00e4tta om hur AI-teknikens framsteg p\u00e5verkar arbetsmarknaden. Arbetsmarknaden delas upp i yrken med h\u00f6gre eller l\u00e4gre exponering mot AI. En h\u00f6g exponering inneb\u00e4r att fler arbetsuppgifter inom yrket &hellip;<\/p>\n","protected":false},"author":14531,"featured_media":84601,"comment_status":"closed","ping_status":"closed","sticky":false,"template":"","format":"standard","meta":{"_acf_changed":false,"footnotes":""},"categories":[692],"tags":[],"article_type":[55],"agreement":[],"class_list":["post-84597","post","type-post","status-publish","format-standard","has-post-thumbnail","hentry","category-ai","type-artiklar"],"acf":[],"yoast_head":"<!-- This site is optimized with the Yoast SEO Premium plugin v26.8 (Yoast SEO v26.8) - https:\/\/yoast.com\/product\/yoast-seo-premium-wordpress\/ -->\n<title>&quot;AI \u00e4r inte framtiden utan h\u00e4r och nu&quot; | Almega<\/title>\n<meta name=\"robots\" content=\"index, follow, max-snippet:-1, max-image-preview:large, max-video-preview:-1\" \/>\n<link rel=\"canonical\" href=\"https:\/\/www.almega.se\/2025\/12\/ai-ar-inte-framtiden-utan-har-och-nu\/\" \/>\n<meta property=\"og:locale\" content=\"sv_SE\" \/>\n<meta property=\"og:type\" content=\"article\" \/>\n<meta property=\"og:title\" content=\"&quot;AI \u00e4r inte framtiden utan h\u00e4r och nu&quot;\" \/>\n<meta property=\"og:description\" content=\"Patrick Joyce,\u00a0chefekonom p\u00e5 Almega, inledde med att ber\u00e4tta om hur AI-teknikens framsteg p\u00e5verkar arbetsmarknaden. Arbetsmarknaden delas upp i yrken med h\u00f6gre eller l\u00e4gre exponering mot AI. En h\u00f6g exponering inneb\u00e4r att fler arbetsuppgifter inom yrket &hellip;\" \/>\n<meta property=\"og:url\" content=\"https:\/\/www.almega.se\/2025\/12\/ai-ar-inte-framtiden-utan-har-och-nu\/\" \/>\n<meta property=\"og:site_name\" content=\"Almega\" \/>\n<meta property=\"article:published_time\" content=\"2025-12-04T09:52:34+00:00\" \/>\n<meta property=\"article:modified_time\" content=\"2025-12-04T13:34:40+00:00\" \/>\n<meta property=\"og:image\" content=\"https:\/\/www.almega.se\/app\/uploads\/2025\/12\/DSC06685-scaled.jpg\" \/>\n\t<meta property=\"og:image:width\" content=\"2560\" \/>\n\t<meta property=\"og:image:height\" content=\"1440\" \/>\n\t<meta property=\"og:image:type\" content=\"image\/jpeg\" \/>\n<meta name=\"author\" content=\"Karin Nyg\u00e5rd\" \/>\n<meta name=\"twitter:card\" content=\"summary_large_image\" \/>\n<meta name=\"twitter:label1\" content=\"Skriven av\" \/>\n\t<meta name=\"twitter:data1\" content=\"Karin Nyg\u00e5rd\" \/>\n\t<meta name=\"twitter:label2\" content=\"Ber\u00e4knad l\u00e4stid\" \/>\n\t<meta name=\"twitter:data2\" content=\"3 minuter\" \/>\n<!-- \/ Yoast SEO Premium plugin. -->","yoast_head_json":{"title":"\"AI \u00e4r inte framtiden utan h\u00e4r och nu\" | Almega","robots":{"index":"index","follow":"follow","max-snippet":"max-snippet:-1","max-image-preview":"max-image-preview:large","max-video-preview":"max-video-preview:-1"},"canonical":"https:\/\/www.almega.se\/2025\/12\/ai-ar-inte-framtiden-utan-har-och-nu\/","og_locale":"sv_SE","og_type":"article","og_title":"\"AI \u00e4r inte framtiden utan h\u00e4r och nu\"","og_description":"Patrick Joyce,\u00a0chefekonom p\u00e5 Almega, inledde med att ber\u00e4tta om hur AI-teknikens framsteg p\u00e5verkar arbetsmarknaden. Arbetsmarknaden delas upp i yrken med h\u00f6gre eller l\u00e4gre exponering mot AI. En h\u00f6g exponering inneb\u00e4r att fler arbetsuppgifter inom yrket &hellip;","og_url":"https:\/\/www.almega.se\/2025\/12\/ai-ar-inte-framtiden-utan-har-och-nu\/","og_site_name":"Almega","article_published_time":"2025-12-04T09:52:34+00:00","article_modified_time":"2025-12-04T13:34:40+00:00","og_image":[{"width":2560,"height":1440,"url":"https:\/\/www.almega.se\/app\/uploads\/2025\/12\/DSC06685-scaled.jpg","type":"image\/jpeg"}],"author":"Karin Nyg\u00e5rd","twitter_card":"summary_large_image","twitter_misc":{"Skriven av":"Karin Nyg\u00e5rd","Ber\u00e4knad l\u00e4stid":"3 minuter"},"schema":{"@context":"https:\/\/schema.org","@graph":[{"@type":"NewsArticle","@id":"https:\/\/www.almega.se\/2025\/12\/ai-ar-inte-framtiden-utan-har-och-nu\/#article","isPartOf":{"@id":"https:\/\/www.almega.se\/2025\/12\/ai-ar-inte-framtiden-utan-har-och-nu\/"},"author":{"name":"Karin Nyg\u00e5rd","@id":"https:\/\/www.almega.se\/#\/schema\/person\/eae58f3a71d6b7aa9f71f3139a740a02"},"headline":"&#8221;AI \u00e4r inte framtiden utan h\u00e4r och nu&#8221;","datePublished":"2025-12-04T09:52:34+00:00","dateModified":"2025-12-04T13:34:40+00:00","mainEntityOfPage":{"@id":"https:\/\/www.almega.se\/2025\/12\/ai-ar-inte-framtiden-utan-har-och-nu\/"},"wordCount":488,"image":{"@id":"https:\/\/www.almega.se\/2025\/12\/ai-ar-inte-framtiden-utan-har-och-nu\/#primaryimage"},"thumbnailUrl":"https:\/\/www.almega.se\/app\/uploads\/2025\/12\/DSC06685-scaled.jpg","articleSection":["AI"],"inLanguage":"sv-SE"},{"@type":"WebPage","@id":"https:\/\/www.almega.se\/2025\/12\/ai-ar-inte-framtiden-utan-har-och-nu\/","url":"https:\/\/www.almega.se\/2025\/12\/ai-ar-inte-framtiden-utan-har-och-nu\/","name":"\"AI \u00e4r inte framtiden utan h\u00e4r och nu\" | Almega","isPartOf":{"@id":"https:\/\/www.almega.se\/#website"},"primaryImageOfPage":{"@id":"https:\/\/www.almega.se\/2025\/12\/ai-ar-inte-framtiden-utan-har-och-nu\/#primaryimage"},"image":{"@id":"https:\/\/www.almega.se\/2025\/12\/ai-ar-inte-framtiden-utan-har-och-nu\/#primaryimage"},"thumbnailUrl":"https:\/\/www.almega.se\/app\/uploads\/2025\/12\/DSC06685-scaled.jpg","datePublished":"2025-12-04T09:52:34+00:00","dateModified":"2025-12-04T13:34:40+00:00","author":{"@id":"https:\/\/www.almega.se\/#\/schema\/person\/eae58f3a71d6b7aa9f71f3139a740a02"},"breadcrumb":{"@id":"https:\/\/www.almega.se\/2025\/12\/ai-ar-inte-framtiden-utan-har-och-nu\/#breadcrumb"},"inLanguage":"sv-SE","potentialAction":[{"@type":"ReadAction","target":["https:\/\/www.almega.se\/2025\/12\/ai-ar-inte-framtiden-utan-har-och-nu\/"]}]},{"@type":"ImageObject","inLanguage":"sv-SE","@id":"https:\/\/www.almega.se\/2025\/12\/ai-ar-inte-framtiden-utan-har-och-nu\/#primaryimage","url":"https:\/\/www.almega.se\/app\/uploads\/2025\/12\/DSC06685-scaled.jpg","contentUrl":"https:\/\/www.almega.se\/app\/uploads\/2025\/12\/DSC06685-scaled.jpg","width":2560,"height":1440,"caption":"Moa Tivell, Mia Fransson, Patrick Joyce, Maria Elinder och R\u00e9ka Tolnai. Foto: Sandra Mildenberger"},{"@type":"BreadcrumbList","@id":"https:\/\/www.almega.se\/2025\/12\/ai-ar-inte-framtiden-utan-har-och-nu\/#breadcrumb","itemListElement":[{"@type":"ListItem","position":1,"name":"Home","item":"https:\/\/www.almega.se\/"},{"@type":"ListItem","position":2,"name":"&#8221;AI \u00e4r inte framtiden utan h\u00e4r och nu&#8221;"}]},{"@type":"WebSite","@id":"https:\/\/www.almega.se\/#website","url":"https:\/\/www.almega.se\/","name":"Almega","description":"","potentialAction":[{"@type":"SearchAction","target":{"@type":"EntryPoint","urlTemplate":"https:\/\/www.almega.se\/?s={search_term_string}"},"query-input":{"@type":"PropertyValueSpecification","valueRequired":true,"valueName":"search_term_string"}}],"inLanguage":"sv-SE"},{"@type":"Person","@id":"https:\/\/www.almega.se\/#\/schema\/person\/eae58f3a71d6b7aa9f71f3139a740a02","name":"Karin Nyg\u00e5rd","image":{"@type":"ImageObject","inLanguage":"sv-SE","@id":"https:\/\/www.almega.se\/#\/schema\/person\/image\/","url":"https:\/\/secure.gravatar.com\/avatar\/09e5ec3d12974ae686ad90a0a4bf5404c8a4cfdca18f97124f166ab274023818?s=96&d=mm&r=g","contentUrl":"https:\/\/secure.gravatar.com\/avatar\/09e5ec3d12974ae686ad90a0a4bf5404c8a4cfdca18f97124f166ab274023818?s=96&d=mm&r=g","caption":"Karin Nyg\u00e5rd"},"description":"Produkt\u00e4gare Almega.se, samordnar webbutveckling och utveckling av Arbetsgivarguiden.se","url":"https:\/\/www.almega.se\/person\/karinnygard\/"}]}},"_links":{"self":[{"href":"https:\/\/www.almega.se\/api\/wp\/v2\/posts\/84597","targetHints":{"allow":["GET"]}}],"collection":[{"href":"https:\/\/www.almega.se\/api\/wp\/v2\/posts"}],"about":[{"href":"https:\/\/www.almega.se\/api\/wp\/v2\/types\/post"}],"author":[{"embeddable":true,"href":"https:\/\/www.almega.se\/api\/wp\/v2\/users\/14531"}],"replies":[{"embeddable":true,"href":"https:\/\/www.almega.se\/api\/wp\/v2\/comments?post=84597"}],"version-history":[{"count":8,"href":"https:\/\/www.almega.se\/api\/wp\/v2\/posts\/84597\/revisions"}],"predecessor-version":[{"id":84624,"href":"https:\/\/www.almega.se\/api\/wp\/v2\/posts\/84597\/revisions\/84624"}],"wp:featuredmedia":[{"embeddable":true,"href":"https:\/\/www.almega.se\/api\/wp\/v2\/media\/84601"}],"wp:attachment":[{"href":"https:\/\/www.almega.se\/api\/wp\/v2\/media?parent=84597"}],"wp:term":[{"taxonomy":"category","embeddable":true,"href":"https:\/\/www.almega.se\/api\/wp\/v2\/categories?post=84597"},{"taxonomy":"post_tag","embeddable":true,"href":"https:\/\/www.almega.se\/api\/wp\/v2\/tags?post=84597"},{"taxonomy":"type","embeddable":true,"href":"https:\/\/www.almega.se\/api\/wp\/v2\/article_type?post=84597"},{"taxonomy":"agreement","embeddable":true,"href":"https:\/\/www.almega.se\/api\/wp\/v2\/agreement?post=84597"}],"curies":[{"name":"wp","href":"https:\/\/api.w.org\/{rel}","templated":true}]}}