{"id":84531,"date":"2025-12-05T08:43:50","date_gmt":"2025-12-05T07:43:50","guid":{"rendered":"https:\/\/www.almega.se\/?p=84531"},"modified":"2025-12-05T08:47:08","modified_gmt":"2025-12-05T07:47:08","slug":"kan-jag-baka-in-semesterersattning-i-den-anstalldes-lon","status":"publish","type":"post","link":"https:\/\/www.almega.se\/2025\/12\/kan-jag-baka-in-semesterersattning-i-den-anstalldes-lon\/","title":{"rendered":"Kan jag baka in semesterers\u00e4ttning i den anst\u00e4lldes l\u00f6n?"},"content":{"rendered":"<p class=\"intro\">V\u00e5r arbetsr\u00e4ttsjurist Axel Hammar\u00e9n \u00e4r tillbaka och svarar p\u00e5 vanliga fr\u00e5gor som arbetsgivare brukar st\u00e4lla till Almegas experter. I det h\u00e4r avsnittet f\u00e5r du reda p\u00e5 om du kan baka in semesterers\u00e4ttningen i l\u00f6nen.<\/p>\n<figure class=\"wp-block-embed is-type-video is-provider-youtube wp-block-embed-youtube wp-embed-aspect-16-9 wp-has-aspect-ratio\">\n        \n          \n            <p style=\"margin: 0 0 10px 0; font-size: 14px; color: #6c757d;\">Till\u00e5t marknadsf\u00f6ringscookies f\u00f6r att visa den inb\u00e4ddade YouTube-videon<\/p>\n            <p style=\"margin: 0; font-size: 14px;\">\n              <a href=\"#\" class=\"ch2-open-settings-btn\" style=\"color: #e26a34; text-decoration: underline;\">Hantera mina cookie-val<\/a>\n            <\/p>\n          \n        \n<iframe data-consent=\"marketing\" title=\"Kan man baka in semesterers\u00e4ttningen i l\u00f6nen?\" width=\"500\" height=\"281\" data-src=\"https:\/\/www.youtube-nocookie.com\/embed\/aPBzLI3Ymig?feature=oembed\" frameborder=\"0\" allow=\"accelerometer; autoplay; clipboard-write; encrypted-media; gyroscope; picture-in-picture; web-share\" referrerpolicy=\"strict-origin-when-cross-origin\" allowfullscreen><\/iframe>\n<\/figure>\n\n\n\n\n<p>&#8211; Nej, man f\u00e5r inte baka in semesterers\u00e4ttningen i l\u00f6nen. Semesterlagen \u00e4r tydlig i att semester normalt sett \u00e4r betald ledighet, \u00e4r det en kortare anst\u00e4llning eller att man hinner sluta innan man tagit ut betald ledighet s\u00e5 f\u00e5r man det i st\u00e4llet som pengar. Men det ska aldrig bakas in i l\u00f6nen utan det ska alltid vara separat betald och redovisad semester. <\/p>\n\n\n<a class='Share__link Share__link--url copy-text' href='#' rel='nofollow' data-text='mer-om-semesterlagen-och-lon' title='Dela url' data-confirmation='L\u00e4nken kopierades till urklipp'><svg class='icon icon--link'  width='18' height='18' viewBox='0 0 18 18' fill='none' xmlns='http:\/\/www.w3.org\/2000\/svg'>\n            <path d='M10.4142 0.514721L6.87868 4.05025L8.29289 5.46447L11.1213 2.63604L15.364 6.87868L12.5355 9.70711L13.9497 11.1213L17.4853 7.58579C17.8763 7.19476 17.8763 6.5626 17.4853 6.17158L11.8284 0.514721C11.4374 0.123691 10.8052 0.123691 10.4142 0.514721Z' fill='black'\/>\n            <path d='M9.7071 12.5355L6.87868 15.364L2.63604 11.1213L5.46446 8.2929L4.05025 6.87868L0.514716 10.4142C0.123686 10.8052 0.123686 11.4374 0.514716 11.8284L6.17157 17.4853C6.5626 17.8763 7.19475 17.8763 7.58578 17.4853L11.1213 13.9497L9.7071 12.5355Z' fill='black'\/>\n            <path d='M6.17157 11.8284C6.5626 12.2195 7.19475 12.2195 7.58578 11.8284L11.8284 7.58579C12.2195 7.19476 12.2195 6.56261 11.8284 6.17158C11.4374 5.78055 10.8052 5.78055 10.4142 6.17158L6.17157 10.4142C5.78054 10.8052 5.78054 11.4374 6.17157 11.8284Z' fill='black'\/>\n            <\/svg> <\/a>\n<h2 class=\"wp-block-heading\" id=\"h-mer-om-semesterlagen-och-lon\">Mer om semesterlagen och l\u00f6n<\/h2>\n\n\n\n<p>\u00c4r du medlem i Almega kan du logga in Arbetsgivarguiden och f\u00f6rdjupa dig i semesterlagen, l\u00f6n och andra regelverk som p\u00e5verkar dig som arbetsgivare. Arbetsgivarguiden finns \u00f6ppen f\u00f6r dig dygnet runt, alla dagar i veckan.<\/p>\n\n\n\n<p>Du har ocks\u00e5 tillg\u00e5ng till personlig r\u00e5dgivning av Sveriges b\u00e4sta arbetsr\u00e4ttsexperter. Vill du komma i kontakt med n\u00e5gon som \u00e4r specialist p\u00e5 ditt f\u00f6retags avtal? D\u00e5 \u00e4r b\u00e4sta s\u00e4ttet att du v\u00e4nder dig direkt till dina kontaktpersoner, som du ocks\u00e5 hittar i Arbetsgivarguiden.<\/p>\n\n\n\n      <a href=\"https:\/\/www.almega.se\/om-arbetsgivarguiden\/\" target=\"_blank\" class=\"Button is-text Button--arrow-tip\">\n      \n        Mer om Arbetsgivarguiden\n      \n      \n                \n                <svg class='icon icon--arrow-tip'  width=\"11\" height=\"16\" viewBox=\"0 0 11 16\" fill=\"none\" xmlns=\"http:\/\/www.w3.org\/2000\/svg\">\n<path d=\"M0.858398 15L9.2304 7.99664L0.967732 1.00001\" stroke=\"black\" stroke-width=\"2\" stroke-miterlimit=\"10\"\/>\n<\/svg>\n\n        \n    <\/a>\n  \n\n\n\n      <a href=\"https:\/\/www.almega.se\/bli-medlem\/\" target=\"_blank\" class=\"Button is-text Button--squiggly-arrow-link white-space-nowrap\">\n      \n        Bli medlem\n      \n      \n                \n                <svg class='icon icon--squiggly-arrow-link'  width=\"114\" height=\"36\" viewBox=\"0 0 114 36\" fill=\"none\" xmlns=\"http:\/\/www.w3.org\/2000\/svg\">\n<path d=\"M0.591797 18.5C7.0918 18.5 11.5209 19.9081 13.4345 14.5C14.3308 11.9657 14.3461 11.9541 15.0839 9.38315C15.7735 6.97969 17.3449 4.54993 19.8345 3.93399C22.9224 3.16984 26.0805 5.67017 27.0204 8.62798C27.9603 11.5851 27.243 14.7829 26.3407 17.751C25.4378 20.719 24.34 23.7256 24.5322 26.8156C24.7244 29.9049 26.6162 33.154 29.7193 33.8559C33.0114 34.5995 36.3563 32.146 37.6741 29.1234C38.9912 26.0995 38.7745 22.6791 38.4839 19.4082C38.1926 16.1373 37.8656 12.7464 38.9918 9.65134C40.1187 6.55559 43.1657 3.84801 46.5259 4.19961C49.9434 4.55763 52.3227 7.90617 52.8134 11.2104C53.3042 14.5147 52.3993 17.8408 51.8259 21.1322C51.2526 24.4237 51.0624 28.0141 52.8029 30.8923C54.221 33.2393 56.8902 34.826 59.6869 34.9864C62.4836 35.1468 65.3259 33.8758 67.0188 31.7072C69.5136 28.5126 69.3227 24.0689 68.5255 20.1345C67.7289 16.1996 66.4369 12.2139 67.1225 8.2597C67.8081 4.30548 71.3849 0.426331 75.4597 1.0705C78.5034 1.55171 80.6627 4.37413 81.4078 7.28189C82.1528 10.189 81.8133 13.2366 81.7711 16.2323C81.7288 19.2279 82.0551 22.4052 83.8874 24.8144C86.657 28.4555 91.9762 29.2197 96.6072 28.7147C101.239 28.2098 105.813 25.7501 110.457 26.1383\" stroke=\"black\" stroke-width=\"2\" stroke-miterlimit=\"10\"\/>\n<path d=\"M105.097 35L111.68 25.3613L102.457 18.2063\" stroke=\"black\" stroke-width=\"2\" stroke-miterlimit=\"10\"\/>\n<\/svg>\n\n        \n    <\/a>\n  \n\n\n\n<a class='Share__link Share__link--url copy-text' href='#' rel='nofollow' data-text='fler-vanliga-fragor-fran-arbetsgivare-\u2013-och-svar!' title='Dela url' data-confirmation='L\u00e4nken kopierades till urklipp'><svg class='icon icon--link'  width='18' height='18' viewBox='0 0 18 18' fill='none' xmlns='http:\/\/www.w3.org\/2000\/svg'>\n            <path d='M10.4142 0.514721L6.87868 4.05025L8.29289 5.46447L11.1213 2.63604L15.364 6.87868L12.5355 9.70711L13.9497 11.1213L17.4853 7.58579C17.8763 7.19476 17.8763 6.5626 17.4853 6.17158L11.8284 0.514721C11.4374 0.123691 10.8052 0.123691 10.4142 0.514721Z' fill='black'\/>\n            <path d='M9.7071 12.5355L6.87868 15.364L2.63604 11.1213L5.46446 8.2929L4.05025 6.87868L0.514716 10.4142C0.123686 10.8052 0.123686 11.4374 0.514716 11.8284L6.17157 17.4853C6.5626 17.8763 7.19475 17.8763 7.58578 17.4853L11.1213 13.9497L9.7071 12.5355Z' fill='black'\/>\n            <path d='M6.17157 11.8284C6.5626 12.2195 7.19475 12.2195 7.58578 11.8284L11.8284 7.58579C12.2195 7.19476 12.2195 6.56261 11.8284 6.17158C11.4374 5.78055 10.8052 5.78055 10.4142 6.17158L6.17157 10.4142C5.78054 10.8052 5.78054 11.4374 6.17157 11.8284Z' fill='black'\/>\n            <\/svg> <\/a>\n<h2 class=\"wp-block-heading\" id=\"h-fler-vanliga-fragor-fran-arbetsgivare-och-svar\">Fler vanliga fr\u00e5gor fr\u00e5n arbetsgivare \u2013 och svar!<\/h2>\n\n\n\n<p>Missat de andra fr\u00e5gorna Axel Hammar\u00e9n, arbetsr\u00e4ttsjurist p\u00e5 Almega, har svarat p\u00e5? Du hittar dem h\u00e4r:<\/p>\n\n\n\n  \n    \n          \n    \n                            \n                      <article class=\"Blurb Blurb--sm Blurb--post Blurb--vertical has-thumbnail\">\n  <a href=\"https:\/\/www.almega.se\/2025\/11\/hur-manga-semesterdagar-har-mina-anstallda-ratt-till-per-ar\/\">\n          \n        <figure class=\"Blurb__thumbnail\">\n          <img loading=\"lazy\" decoding=\"async\" width=\"844\" height=\"567\" src=\"https:\/\/www.almega.se\/app\/uploads\/2025\/08\/axel-om-tjanstledighet.png\" class=\"attachment-small size-small wp-post-image\" alt=\"\" srcset=\"https:\/\/www.almega.se\/app\/uploads\/2025\/08\/axel-om-tjanstledighet.png 844w, https:\/\/www.almega.se\/app\/uploads\/2025\/08\/axel-om-tjanstledighet-580x390.png 580w, https:\/\/www.almega.se\/app\/uploads\/2025\/08\/axel-om-tjanstledighet-380x255.png 380w, https:\/\/www.almega.se\/app\/uploads\/2025\/08\/axel-om-tjanstledighet-768x516.png 768w\" sizes=\"auto, (max-width: 844px) 100vw, 844px\" \/>\n        <\/figure>\n      \n        \n      \n        \n                                \n      \n      Arbetsgivarfr\u00e5gor\n      <svg class='icon icon--triangle'  width=\"26\" height=\"32\" viewBox=\"0 0 26 32\" fill=\"none\" xmlns=\"http:\/\/www.w3.org\/2000\/svg\">\n<path fill-rule=\"evenodd\" clip-rule=\"evenodd\" d=\"M13.1315 0H0V32H13.1315L26 16L13.1315 0ZM9 18.581C10.6569 18.581 12 17.1946 12 15.4843C12 13.774 10.6569 12.3875 9 12.3875C7.34315 12.3875 6 13.774 6 15.4843C6 17.1946 7.34315 18.581 9 18.581Z\" fill=\"#FDDCC0\"\/>\n<\/svg>\n\n      \n    \n          \n        <svg class='icon icon--timestamp'  width=\"16\" height=\"16\" viewBox=\"0 0 16 16\" fill=\"none\" xmlns=\"http:\/\/www.w3.org\/2000\/svg\">\n<path fill-rule=\"evenodd\" clip-rule=\"evenodd\" d=\"M10.4833 10.5818C10.7278 10.8452 10.7278 11.2723 10.4833 11.5357C10.361 11.6674 10.2008 11.7333 10.0405 11.7333C9.88023 11.7333 9.72008 11.6674 9.59781 11.5357L7.65015 9.43814C7.53273 9.31167 7.46667 9.14001 7.46667 8.96109V4.94118C7.46667 4.56868 7.74705 4.26667 8.09288 4.26667C8.4387 4.26667 8.71908 4.56868 8.71908 4.94118V8.68168L10.4833 10.5818ZM8 14.9333C4.177 14.9333 1.06667 11.823 1.06667 8C1.06667 4.177 4.177 1.06667 8 1.06667C11.8232 1.06667 14.9333 4.177 14.9333 8C14.9333 11.823 11.8232 14.9333 8 14.9333ZM8 0C3.58887 0 0 3.58887 0 8C0 12.4111 3.58887 16 8 16C12.4113 16 16 12.4111 16 8C16 3.58887 12.4113 0 8 0Z\" fill=\"black\"\/>\n<\/svg>\n\n          <time datetime=\"2025-11-21T08:58:49+00:00\">21 november 2025<\/time>\n      \n              \n        Artiklar\n      \n      \n\n                  \n        <h2 class=\"Blurb__title\">\n          S\u00e5 m\u00e5nga semesterdagar har dina anst\u00e4llda r\u00e4tt till per \u00e5r\n        <\/h2>\n                  \n            V\u00e5r arbetsr\u00e4ttsjurist Axel Hammar\u00e9n \u00e4r tillbaka och svarar p\u00e5 vanliga fr\u00e5gor som arbetsgivare brukar st\u00e4lla till Almegas experter. I det h\u00e4r avsnittet f\u00e5r du reda p\u00e5 hur m\u00e5nga semesterdagar anst\u00e4llda normalt sett har r\u00e4tt till.\n\n          \n                \n                                \n              <svg class='icon icon--arrow-tip'  width=\"11\" height=\"16\" viewBox=\"0 0 11 16\" fill=\"none\" xmlns=\"http:\/\/www.w3.org\/2000\/svg\">\n<path d=\"M0.858398 15L9.2304 7.99664L0.967732 1.00001\" stroke=\"black\" stroke-width=\"2\" stroke-miterlimit=\"10\"\/>\n<\/svg>\n\n              \n                  \n      \n    \n  <\/a>\n<\/article>\n                  \n                              \n                      <article class=\"Blurb Blurb--sm Blurb--post Blurb--vertical has-thumbnail\">\n  <a href=\"https:\/\/www.almega.se\/2025\/10\/vad-innebar-mbl-for-dig-som-arbetsgivare\/\">\n          \n        <figure class=\"Blurb__thumbnail\">\n          <img loading=\"lazy\" decoding=\"async\" width=\"844\" height=\"567\" src=\"https:\/\/www.almega.se\/app\/uploads\/2025\/08\/axel-om-tjanstledighet.png\" class=\"attachment-small size-small wp-post-image\" alt=\"\" srcset=\"https:\/\/www.almega.se\/app\/uploads\/2025\/08\/axel-om-tjanstledighet.png 844w, https:\/\/www.almega.se\/app\/uploads\/2025\/08\/axel-om-tjanstledighet-580x390.png 580w, https:\/\/www.almega.se\/app\/uploads\/2025\/08\/axel-om-tjanstledighet-380x255.png 380w, https:\/\/www.almega.se\/app\/uploads\/2025\/08\/axel-om-tjanstledighet-768x516.png 768w\" sizes=\"auto, (max-width: 844px) 100vw, 844px\" \/>\n        <\/figure>\n      \n        \n      \n        \n                                \n      \n      Arbetsgivarfr\u00e5gor\n      <svg class='icon icon--triangle'  width=\"26\" height=\"32\" viewBox=\"0 0 26 32\" fill=\"none\" xmlns=\"http:\/\/www.w3.org\/2000\/svg\">\n<path fill-rule=\"evenodd\" clip-rule=\"evenodd\" d=\"M13.1315 0H0V32H13.1315L26 16L13.1315 0ZM9 18.581C10.6569 18.581 12 17.1946 12 15.4843C12 13.774 10.6569 12.3875 9 12.3875C7.34315 12.3875 6 13.774 6 15.4843C6 17.1946 7.34315 18.581 9 18.581Z\" fill=\"#FDDCC0\"\/>\n<\/svg>\n\n      \n    \n          \n        <svg class='icon icon--timestamp'  width=\"16\" height=\"16\" viewBox=\"0 0 16 16\" fill=\"none\" xmlns=\"http:\/\/www.w3.org\/2000\/svg\">\n<path fill-rule=\"evenodd\" clip-rule=\"evenodd\" d=\"M10.4833 10.5818C10.7278 10.8452 10.7278 11.2723 10.4833 11.5357C10.361 11.6674 10.2008 11.7333 10.0405 11.7333C9.88023 11.7333 9.72008 11.6674 9.59781 11.5357L7.65015 9.43814C7.53273 9.31167 7.46667 9.14001 7.46667 8.96109V4.94118C7.46667 4.56868 7.74705 4.26667 8.09288 4.26667C8.4387 4.26667 8.71908 4.56868 8.71908 4.94118V8.68168L10.4833 10.5818ZM8 14.9333C4.177 14.9333 1.06667 11.823 1.06667 8C1.06667 4.177 4.177 1.06667 8 1.06667C11.8232 1.06667 14.9333 4.177 14.9333 8C14.9333 11.823 11.8232 14.9333 8 14.9333ZM8 0C3.58887 0 0 3.58887 0 8C0 12.4111 3.58887 16 8 16C12.4113 16 16 12.4111 16 8C16 3.58887 12.4113 0 8 0Z\" fill=\"black\"\/>\n<\/svg>\n\n          <time datetime=\"2025-10-31T08:34:58+00:00\">31 oktober 2025<\/time>\n      \n              \n        Artiklar\n      \n      \n\n                  \n        <h2 class=\"Blurb__title\">\n          Vad inneb\u00e4r MBL f\u00f6r dig som arbetsgivare?\n        <\/h2>\n                  \n            Vad inneb\u00e4r MBL, eller Lag (1976:580) om medbest\u00e4mmande i arbetslivet, som den egentligen heter? Det \u00e4r en fr\u00e5ga som ibland kommer fr\u00e5n medlemsf\u00f6retagen till v\u00e5ra r\u00e5dgivare. Axel Hammar\u00e9n, arbetsr\u00e4ttsjurist p\u00e5 Almega, har svar.\n\n          \n                \n                                \n              <svg class='icon icon--arrow-tip'  width=\"11\" height=\"16\" viewBox=\"0 0 11 16\" fill=\"none\" xmlns=\"http:\/\/www.w3.org\/2000\/svg\">\n<path d=\"M0.858398 15L9.2304 7.99664L0.967732 1.00001\" stroke=\"black\" stroke-width=\"2\" stroke-miterlimit=\"10\"\/>\n<\/svg>\n\n              \n                  \n      \n    \n  <\/a>\n<\/article>\n                  \n                              \n                      <article class=\"Blurb Blurb--sm Blurb--post Blurb--vertical has-thumbnail\">\n  <a href=\"https:\/\/www.almega.se\/2025\/08\/da-har-du-ratt-att-saga-upp-en-tillsvidareanstalld\/\">\n          \n        <figure class=\"Blurb__thumbnail\">\n          <img loading=\"lazy\" decoding=\"async\" width=\"844\" height=\"567\" src=\"https:\/\/www.almega.se\/app\/uploads\/2025\/08\/axel-om-tjanstledighet.png\" class=\"attachment-small size-small wp-post-image\" alt=\"\" srcset=\"https:\/\/www.almega.se\/app\/uploads\/2025\/08\/axel-om-tjanstledighet.png 844w, https:\/\/www.almega.se\/app\/uploads\/2025\/08\/axel-om-tjanstledighet-580x390.png 580w, https:\/\/www.almega.se\/app\/uploads\/2025\/08\/axel-om-tjanstledighet-380x255.png 380w, https:\/\/www.almega.se\/app\/uploads\/2025\/08\/axel-om-tjanstledighet-768x516.png 768w\" sizes=\"auto, (max-width: 844px) 100vw, 844px\" \/>\n        <\/figure>\n      \n        \n      \n        \n                                \n      \n      Arbetsgivarfr\u00e5gor\n      <svg class='icon icon--triangle'  width=\"26\" height=\"32\" viewBox=\"0 0 26 32\" fill=\"none\" xmlns=\"http:\/\/www.w3.org\/2000\/svg\">\n<path fill-rule=\"evenodd\" clip-rule=\"evenodd\" d=\"M13.1315 0H0V32H13.1315L26 16L13.1315 0ZM9 18.581C10.6569 18.581 12 17.1946 12 15.4843C12 13.774 10.6569 12.3875 9 12.3875C7.34315 12.3875 6 13.774 6 15.4843C6 17.1946 7.34315 18.581 9 18.581Z\" fill=\"#FDDCC0\"\/>\n<\/svg>\n\n      \n    \n          \n        <svg class='icon icon--timestamp'  width=\"16\" height=\"16\" viewBox=\"0 0 16 16\" fill=\"none\" xmlns=\"http:\/\/www.w3.org\/2000\/svg\">\n<path fill-rule=\"evenodd\" clip-rule=\"evenodd\" d=\"M10.4833 10.5818C10.7278 10.8452 10.7278 11.2723 10.4833 11.5357C10.361 11.6674 10.2008 11.7333 10.0405 11.7333C9.88023 11.7333 9.72008 11.6674 9.59781 11.5357L7.65015 9.43814C7.53273 9.31167 7.46667 9.14001 7.46667 8.96109V4.94118C7.46667 4.56868 7.74705 4.26667 8.09288 4.26667C8.4387 4.26667 8.71908 4.56868 8.71908 4.94118V8.68168L10.4833 10.5818ZM8 14.9333C4.177 14.9333 1.06667 11.823 1.06667 8C1.06667 4.177 4.177 1.06667 8 1.06667C11.8232 1.06667 14.9333 4.177 14.9333 8C14.9333 11.823 11.8232 14.9333 8 14.9333ZM8 0C3.58887 0 0 3.58887 0 8C0 12.4111 3.58887 16 8 16C12.4113 16 16 12.4111 16 8C16 3.58887 12.4113 0 8 0Z\" fill=\"black\"\/>\n<\/svg>\n\n          <time datetime=\"2025-08-29T06:24:09+00:00\">29 augusti 2025<\/time>\n      \n              \n        Video\n      \n      \n\n                  \n        <h2 class=\"Blurb__title\">\n          D\u00e5 har du r\u00e4tt att s\u00e4ga upp en tillsvidareanst\u00e4lld\n        <\/h2>\n                  \n            Kan jag som arbetsgivare s\u00e4ga upp en tillsvidareanst\u00e4lld? Det \u00e4r en fr\u00e5ga som ibland kommer fr\u00e5n medlemsf\u00f6retagen till v\u00e5ra r\u00e5dgivare. Axel Hammar\u00e9n, arbetsr\u00e4ttsjurist p\u00e5 Almega, har svar.\n\n          \n                \n                                \n              <svg class='icon icon--arrow-tip'  width=\"11\" height=\"16\" viewBox=\"0 0 11 16\" fill=\"none\" xmlns=\"http:\/\/www.w3.org\/2000\/svg\">\n<path d=\"M0.858398 15L9.2304 7.99664L0.967732 1.00001\" stroke=\"black\" stroke-width=\"2\" stroke-miterlimit=\"10\"\/>\n<\/svg>\n\n              \n                  \n      \n    \n  <\/a>\n<\/article>\n                  \n                              \n                      <article class=\"Blurb Blurb--sm Blurb--post Blurb--vertical has-thumbnail\">\n  <a href=\"https:\/\/www.almega.se\/2025\/08\/da-har-en-anstalld-ratt-att-vara-ledig-for-att-prova-annat-arbete\/\">\n          \n        <figure class=\"Blurb__thumbnail\">\n          <img loading=\"lazy\" decoding=\"async\" width=\"844\" height=\"567\" src=\"https:\/\/www.almega.se\/app\/uploads\/2025\/08\/axel-om-tjanstledighet.png\" class=\"attachment-small size-small wp-post-image\" alt=\"\" srcset=\"https:\/\/www.almega.se\/app\/uploads\/2025\/08\/axel-om-tjanstledighet.png 844w, https:\/\/www.almega.se\/app\/uploads\/2025\/08\/axel-om-tjanstledighet-580x390.png 580w, https:\/\/www.almega.se\/app\/uploads\/2025\/08\/axel-om-tjanstledighet-380x255.png 380w, https:\/\/www.almega.se\/app\/uploads\/2025\/08\/axel-om-tjanstledighet-768x516.png 768w\" sizes=\"auto, (max-width: 844px) 100vw, 844px\" \/>\n        <\/figure>\n      \n        \n      \n        \n                                \n      \n      Arbetsgivarfr\u00e5gor\n      <svg class='icon icon--triangle'  width=\"26\" height=\"32\" viewBox=\"0 0 26 32\" fill=\"none\" xmlns=\"http:\/\/www.w3.org\/2000\/svg\">\n<path fill-rule=\"evenodd\" clip-rule=\"evenodd\" d=\"M13.1315 0H0V32H13.1315L26 16L13.1315 0ZM9 18.581C10.6569 18.581 12 17.1946 12 15.4843C12 13.774 10.6569 12.3875 9 12.3875C7.34315 12.3875 6 13.774 6 15.4843C6 17.1946 7.34315 18.581 9 18.581Z\" fill=\"#FDDCC0\"\/>\n<\/svg>\n\n      \n    \n          \n        <svg class='icon icon--timestamp'  width=\"16\" height=\"16\" viewBox=\"0 0 16 16\" fill=\"none\" xmlns=\"http:\/\/www.w3.org\/2000\/svg\">\n<path fill-rule=\"evenodd\" clip-rule=\"evenodd\" d=\"M10.4833 10.5818C10.7278 10.8452 10.7278 11.2723 10.4833 11.5357C10.361 11.6674 10.2008 11.7333 10.0405 11.7333C9.88023 11.7333 9.72008 11.6674 9.59781 11.5357L7.65015 9.43814C7.53273 9.31167 7.46667 9.14001 7.46667 8.96109V4.94118C7.46667 4.56868 7.74705 4.26667 8.09288 4.26667C8.4387 4.26667 8.71908 4.56868 8.71908 4.94118V8.68168L10.4833 10.5818ZM8 14.9333C4.177 14.9333 1.06667 11.823 1.06667 8C1.06667 4.177 4.177 1.06667 8 1.06667C11.8232 1.06667 14.9333 4.177 14.9333 8C14.9333 11.823 11.8232 14.9333 8 14.9333ZM8 0C3.58887 0 0 3.58887 0 8C0 12.4111 3.58887 16 8 16C12.4113 16 16 12.4111 16 8C16 3.58887 12.4113 0 8 0Z\" fill=\"black\"\/>\n<\/svg>\n\n          <time datetime=\"2025-08-15T08:50:33+00:00\">15 augusti 2025<\/time>\n      \n              \n        Video\n      \n      \n\n                  \n        <h2 class=\"Blurb__title\">\n          D\u00e5 har en anst\u00e4lld r\u00e4tt att vara ledig f\u00f6r att prova annat arbete\n        <\/h2>\n                  \n            Har en anst\u00e4lld r\u00e4tt att vara ledig f\u00f6r att prova p\u00e5 ett annat arbete? Det \u00e4r en fr\u00e5ga som ibland kommer fr\u00e5n medlemsf\u00f6retagen till v\u00e5ra r\u00e5dgivare. Axel Hammar\u00e9n, arbetsr\u00e4ttsjurist p\u00e5 Almega, har svar.\n\n          \n                \n                                \n              <svg class='icon icon--arrow-tip'  width=\"11\" height=\"16\" viewBox=\"0 0 11 16\" fill=\"none\" xmlns=\"http:\/\/www.w3.org\/2000\/svg\">\n<path d=\"M0.858398 15L9.2304 7.99664L0.967732 1.00001\" stroke=\"black\" stroke-width=\"2\" stroke-miterlimit=\"10\"\/>\n<\/svg>\n\n              \n                  \n      \n    \n  <\/a>\n<\/article>\n                  \n                              \n                      <article class=\"Blurb Blurb--sm Blurb--post Blurb--vertical has-thumbnail\">\n  <a href=\"https:\/\/www.almega.se\/2025\/10\/har-vikarier-ratt-till-sjuklon\/\">\n          \n        <figure class=\"Blurb__thumbnail\">\n          <img loading=\"lazy\" decoding=\"async\" width=\"844\" height=\"567\" src=\"https:\/\/www.almega.se\/app\/uploads\/2025\/08\/axel-om-tjanstledighet.png\" class=\"attachment-small size-small wp-post-image\" alt=\"\" srcset=\"https:\/\/www.almega.se\/app\/uploads\/2025\/08\/axel-om-tjanstledighet.png 844w, https:\/\/www.almega.se\/app\/uploads\/2025\/08\/axel-om-tjanstledighet-580x390.png 580w, https:\/\/www.almega.se\/app\/uploads\/2025\/08\/axel-om-tjanstledighet-380x255.png 380w, https:\/\/www.almega.se\/app\/uploads\/2025\/08\/axel-om-tjanstledighet-768x516.png 768w\" sizes=\"auto, (max-width: 844px) 100vw, 844px\" \/>\n        <\/figure>\n      \n        \n      \n        \n                                \n      \n      Arbetsgivarfr\u00e5gor\n      <svg class='icon icon--triangle'  width=\"26\" height=\"32\" viewBox=\"0 0 26 32\" fill=\"none\" xmlns=\"http:\/\/www.w3.org\/2000\/svg\">\n<path fill-rule=\"evenodd\" clip-rule=\"evenodd\" d=\"M13.1315 0H0V32H13.1315L26 16L13.1315 0ZM9 18.581C10.6569 18.581 12 17.1946 12 15.4843C12 13.774 10.6569 12.3875 9 12.3875C7.34315 12.3875 6 13.774 6 15.4843C6 17.1946 7.34315 18.581 9 18.581Z\" fill=\"#FDDCC0\"\/>\n<\/svg>\n\n      \n    \n          \n        <svg class='icon icon--timestamp'  width=\"16\" height=\"16\" viewBox=\"0 0 16 16\" fill=\"none\" xmlns=\"http:\/\/www.w3.org\/2000\/svg\">\n<path fill-rule=\"evenodd\" clip-rule=\"evenodd\" d=\"M10.4833 10.5818C10.7278 10.8452 10.7278 11.2723 10.4833 11.5357C10.361 11.6674 10.2008 11.7333 10.0405 11.7333C9.88023 11.7333 9.72008 11.6674 9.59781 11.5357L7.65015 9.43814C7.53273 9.31167 7.46667 9.14001 7.46667 8.96109V4.94118C7.46667 4.56868 7.74705 4.26667 8.09288 4.26667C8.4387 4.26667 8.71908 4.56868 8.71908 4.94118V8.68168L10.4833 10.5818ZM8 14.9333C4.177 14.9333 1.06667 11.823 1.06667 8C1.06667 4.177 4.177 1.06667 8 1.06667C11.8232 1.06667 14.9333 4.177 14.9333 8C14.9333 11.823 11.8232 14.9333 8 14.9333ZM8 0C3.58887 0 0 3.58887 0 8C0 12.4111 3.58887 16 8 16C12.4113 16 16 12.4111 16 8C16 3.58887 12.4113 0 8 0Z\" fill=\"black\"\/>\n<\/svg>\n\n          <time datetime=\"2025-10-13T07:37:37+00:00\">13 oktober 2025<\/time>\n      \n              \n        Artiklar\n      \n      \n\n                  \n        <h2 class=\"Blurb__title\">\n          Har vikarier r\u00e4tt till sjukl\u00f6n?\n        <\/h2>\n                  \n            I den h\u00e4r serien svarar vi p\u00e5 n\u00e5gra vanliga arbetsr\u00e4ttsliga fr\u00e5gor som v\u00e5ra r\u00e5dgivare f\u00e5r av v\u00e5ra medlemsf\u00f6retag. En av fr\u00e5ga som ofta dyker upp \u00e4r om vikarier har r\u00e4tt till sjukl\u00f6n. Axel Hammar\u00e9n, arbetsr\u00e4ttsjurist p\u00e5 Almega, har svar.\n&nbsp;\n\n          \n                \n                                \n              <svg class='icon icon--arrow-tip'  width=\"11\" height=\"16\" viewBox=\"0 0 11 16\" fill=\"none\" xmlns=\"http:\/\/www.w3.org\/2000\/svg\">\n<path d=\"M0.858398 15L9.2304 7.99664L0.967732 1.00001\" stroke=\"black\" stroke-width=\"2\" stroke-miterlimit=\"10\"\/>\n<\/svg>\n\n              \n                  \n      \n    \n  <\/a>\n<\/article>\n                  \n                              \n                      <article class=\"Blurb Blurb--sm Blurb--post Blurb--vertical has-thumbnail\">\n  <a href=\"https:\/\/www.almega.se\/2025\/09\/da-maste-du-betala-tjanstepension\/\">\n          \n        <figure class=\"Blurb__thumbnail\">\n          <img loading=\"lazy\" decoding=\"async\" width=\"844\" height=\"567\" src=\"https:\/\/www.almega.se\/app\/uploads\/2025\/08\/axel-om-tjanstledighet.png\" class=\"attachment-small size-small wp-post-image\" alt=\"\" srcset=\"https:\/\/www.almega.se\/app\/uploads\/2025\/08\/axel-om-tjanstledighet.png 844w, https:\/\/www.almega.se\/app\/uploads\/2025\/08\/axel-om-tjanstledighet-580x390.png 580w, https:\/\/www.almega.se\/app\/uploads\/2025\/08\/axel-om-tjanstledighet-380x255.png 380w, https:\/\/www.almega.se\/app\/uploads\/2025\/08\/axel-om-tjanstledighet-768x516.png 768w\" sizes=\"auto, (max-width: 844px) 100vw, 844px\" \/>\n        <\/figure>\n      \n        \n      \n        \n                                \n      \n      Arbetsgivarfr\u00e5gor\n      <svg class='icon icon--triangle'  width=\"26\" height=\"32\" viewBox=\"0 0 26 32\" fill=\"none\" xmlns=\"http:\/\/www.w3.org\/2000\/svg\">\n<path fill-rule=\"evenodd\" clip-rule=\"evenodd\" d=\"M13.1315 0H0V32H13.1315L26 16L13.1315 0ZM9 18.581C10.6569 18.581 12 17.1946 12 15.4843C12 13.774 10.6569 12.3875 9 12.3875C7.34315 12.3875 6 13.774 6 15.4843C6 17.1946 7.34315 18.581 9 18.581Z\" fill=\"#FDDCC0\"\/>\n<\/svg>\n\n      \n    \n          \n        <svg class='icon icon--timestamp'  width=\"16\" height=\"16\" viewBox=\"0 0 16 16\" fill=\"none\" xmlns=\"http:\/\/www.w3.org\/2000\/svg\">\n<path fill-rule=\"evenodd\" clip-rule=\"evenodd\" d=\"M10.4833 10.5818C10.7278 10.8452 10.7278 11.2723 10.4833 11.5357C10.361 11.6674 10.2008 11.7333 10.0405 11.7333C9.88023 11.7333 9.72008 11.6674 9.59781 11.5357L7.65015 9.43814C7.53273 9.31167 7.46667 9.14001 7.46667 8.96109V4.94118C7.46667 4.56868 7.74705 4.26667 8.09288 4.26667C8.4387 4.26667 8.71908 4.56868 8.71908 4.94118V8.68168L10.4833 10.5818ZM8 14.9333C4.177 14.9333 1.06667 11.823 1.06667 8C1.06667 4.177 4.177 1.06667 8 1.06667C11.8232 1.06667 14.9333 4.177 14.9333 8C14.9333 11.823 11.8232 14.9333 8 14.9333ZM8 0C3.58887 0 0 3.58887 0 8C0 12.4111 3.58887 16 8 16C12.4113 16 16 12.4111 16 8C16 3.58887 12.4113 0 8 0Z\" fill=\"black\"\/>\n<\/svg>\n\n          <time datetime=\"2025-09-11T11:29:18+00:00\">11 september 2025<\/time>\n      \n              \n        Video\n      \n      \n\n                  \n        <h2 class=\"Blurb__title\">\n          D\u00e5 m\u00e5ste du betala tj\u00e4nste&shy;pension\n        <\/h2>\n                  \n            Beh\u00f6ver jag betala tj\u00e4nstepension till mina anst\u00e4llda om jag har kollektivavtal? Det \u00e4r en fr\u00e5ga som ibland kommer fr\u00e5n medlemsf\u00f6retagen till v\u00e5ra r\u00e5dgivare. Axel Hammar\u00e9n, arbetsr\u00e4ttsjurist p\u00e5 Almega, har svar.\n\n          \n                \n                                \n              <svg class='icon icon--arrow-tip'  width=\"11\" height=\"16\" viewBox=\"0 0 11 16\" fill=\"none\" xmlns=\"http:\/\/www.w3.org\/2000\/svg\">\n<path d=\"M0.858398 15L9.2304 7.99664L0.967732 1.00001\" stroke=\"black\" stroke-width=\"2\" stroke-miterlimit=\"10\"\/>\n<\/svg>\n\n              \n                  \n      \n    \n  <\/a>\n<\/article>\n                  \n                              \n                      <article class=\"Blurb Blurb--sm Blurb--post Blurb--vertical has-thumbnail\">\n  <a href=\"https:\/\/www.almega.se\/2025\/09\/sa-lange-kan-en-anstalld-ha-provanstallning\/\">\n          \n        <figure class=\"Blurb__thumbnail\">\n          <img loading=\"lazy\" decoding=\"async\" width=\"844\" height=\"567\" src=\"https:\/\/www.almega.se\/app\/uploads\/2025\/08\/axel-om-tjanstledighet.png\" class=\"attachment-small size-small wp-post-image\" alt=\"\" srcset=\"https:\/\/www.almega.se\/app\/uploads\/2025\/08\/axel-om-tjanstledighet.png 844w, https:\/\/www.almega.se\/app\/uploads\/2025\/08\/axel-om-tjanstledighet-580x390.png 580w, https:\/\/www.almega.se\/app\/uploads\/2025\/08\/axel-om-tjanstledighet-380x255.png 380w, https:\/\/www.almega.se\/app\/uploads\/2025\/08\/axel-om-tjanstledighet-768x516.png 768w\" sizes=\"auto, (max-width: 844px) 100vw, 844px\" \/>\n        <\/figure>\n      \n        \n      \n        \n                                \n      \n      Arbetsgivarfr\u00e5gor\n      <svg class='icon icon--triangle'  width=\"26\" height=\"32\" viewBox=\"0 0 26 32\" fill=\"none\" xmlns=\"http:\/\/www.w3.org\/2000\/svg\">\n<path fill-rule=\"evenodd\" clip-rule=\"evenodd\" d=\"M13.1315 0H0V32H13.1315L26 16L13.1315 0ZM9 18.581C10.6569 18.581 12 17.1946 12 15.4843C12 13.774 10.6569 12.3875 9 12.3875C7.34315 12.3875 6 13.774 6 15.4843C6 17.1946 7.34315 18.581 9 18.581Z\" fill=\"#FDDCC0\"\/>\n<\/svg>\n\n      \n    \n          \n        <svg class='icon icon--timestamp'  width=\"16\" height=\"16\" viewBox=\"0 0 16 16\" fill=\"none\" xmlns=\"http:\/\/www.w3.org\/2000\/svg\">\n<path fill-rule=\"evenodd\" clip-rule=\"evenodd\" d=\"M10.4833 10.5818C10.7278 10.8452 10.7278 11.2723 10.4833 11.5357C10.361 11.6674 10.2008 11.7333 10.0405 11.7333C9.88023 11.7333 9.72008 11.6674 9.59781 11.5357L7.65015 9.43814C7.53273 9.31167 7.46667 9.14001 7.46667 8.96109V4.94118C7.46667 4.56868 7.74705 4.26667 8.09288 4.26667C8.4387 4.26667 8.71908 4.56868 8.71908 4.94118V8.68168L10.4833 10.5818ZM8 14.9333C4.177 14.9333 1.06667 11.823 1.06667 8C1.06667 4.177 4.177 1.06667 8 1.06667C11.8232 1.06667 14.9333 4.177 14.9333 8C14.9333 11.823 11.8232 14.9333 8 14.9333ZM8 0C3.58887 0 0 3.58887 0 8C0 12.4111 3.58887 16 8 16C12.4113 16 16 12.4111 16 8C16 3.58887 12.4113 0 8 0Z\" fill=\"black\"\/>\n<\/svg>\n\n          <time datetime=\"2025-09-24T12:11:51+00:00\">24 september 2025<\/time>\n      \n          \n\n                  \n        <h2 class=\"Blurb__title\">\n          S\u00e5 l\u00e5ng tid kan en anst\u00e4lld ha prov&shy;anst\u00e4llning\n        <\/h2>\n                  \n            Hur l\u00e5ng tid kan en anst\u00e4lld ha provanst\u00e4llning? Det \u00e4r en fr\u00e5ga som ibland kommer fr\u00e5n medlemsf\u00f6retagen till v\u00e5ra r\u00e5dgivare. Axel Hammar\u00e9n, arbetsr\u00e4ttsjurist p\u00e5 Almega, har svar.\n\n          \n                \n                                \n              <svg class='icon icon--arrow-tip'  width=\"11\" height=\"16\" viewBox=\"0 0 11 16\" fill=\"none\" xmlns=\"http:\/\/www.w3.org\/2000\/svg\">\n<path d=\"M0.858398 15L9.2304 7.99664L0.967732 1.00001\" stroke=\"black\" stroke-width=\"2\" stroke-miterlimit=\"10\"\/>\n<\/svg>\n\n              \n                  \n      \n    \n  <\/a>\n<\/article>\n                  \n                  \n  \n\n","protected":false},"excerpt":{"rendered":"<p>&#8211; Nej, man f\u00e5r inte baka in semesterers\u00e4ttningen i l\u00f6nen. Semesterlagen \u00e4r tydlig i att semester normalt sett \u00e4r betald ledighet, \u00e4r det en kortare anst\u00e4llning eller att man hinner sluta innan man tagit ut &hellip;<\/p>\n","protected":false},"author":21574,"featured_media":81950,"comment_status":"closed","ping_status":"closed","sticky":false,"template":"","format":"standard","meta":{"_acf_changed":false,"footnotes":""},"categories":[451],"tags":[],"article_type":[55],"agreement":[],"class_list":["post-84531","post","type-post","status-publish","format-standard","has-post-thumbnail","hentry","category-arbetsgivarfragor","type-artiklar"],"acf":[],"yoast_head":"<!-- This site is optimized with the Yoast SEO Premium plugin v26.8 (Yoast SEO v26.8) - https:\/\/yoast.com\/product\/yoast-seo-premium-wordpress\/ -->\n<title>Kan jag baka in semesterers\u00e4ttning i den anst\u00e4lldes l\u00f6n? | Almega<\/title>\n<meta name=\"robots\" content=\"index, follow, max-snippet:-1, max-image-preview:large, max-video-preview:-1\" \/>\n<link rel=\"canonical\" href=\"https:\/\/www.almega.se\/2025\/12\/kan-jag-baka-in-semesterersattning-i-den-anstalldes-lon\/\" \/>\n<meta property=\"og:locale\" content=\"sv_SE\" \/>\n<meta property=\"og:type\" content=\"article\" \/>\n<meta property=\"og:title\" content=\"Kan jag baka in semesterers\u00e4ttning i den anst\u00e4lldes l\u00f6n?\" \/>\n<meta property=\"og:description\" content=\"&#8211; Nej, man f\u00e5r inte baka in semesterers\u00e4ttningen i l\u00f6nen. Semesterlagen \u00e4r tydlig i att semester normalt sett \u00e4r betald ledighet, \u00e4r det en kortare anst\u00e4llning eller att man hinner sluta innan man tagit ut &hellip;\" \/>\n<meta property=\"og:url\" content=\"https:\/\/www.almega.se\/2025\/12\/kan-jag-baka-in-semesterersattning-i-den-anstalldes-lon\/\" \/>\n<meta property=\"og:site_name\" content=\"Almega\" \/>\n<meta property=\"article:published_time\" content=\"2025-12-05T07:43:50+00:00\" \/>\n<meta property=\"article:modified_time\" content=\"2025-12-05T07:47:08+00:00\" \/>\n<meta property=\"og:image\" content=\"https:\/\/www.almega.se\/app\/uploads\/2025\/08\/axel-om-tjanstledighet.png\" \/>\n\t<meta property=\"og:image:width\" content=\"844\" \/>\n\t<meta property=\"og:image:height\" content=\"567\" \/>\n\t<meta property=\"og:image:type\" content=\"image\/png\" \/>\n<meta name=\"author\" content=\"Sandra Mildenberger\" \/>\n<meta name=\"twitter:card\" content=\"summary_large_image\" \/>\n<meta name=\"twitter:label1\" content=\"Skriven av\" \/>\n\t<meta name=\"twitter:data1\" content=\"Sandra Mildenberger\" \/>\n\t<meta name=\"twitter:label2\" content=\"Ber\u00e4knad l\u00e4stid\" \/>\n\t<meta name=\"twitter:data2\" content=\"2 minuter\" \/>\n<!-- \/ Yoast SEO Premium plugin. -->","yoast_head_json":{"title":"Kan jag baka in semesterers\u00e4ttning i den anst\u00e4lldes l\u00f6n? | Almega","robots":{"index":"index","follow":"follow","max-snippet":"max-snippet:-1","max-image-preview":"max-image-preview:large","max-video-preview":"max-video-preview:-1"},"canonical":"https:\/\/www.almega.se\/2025\/12\/kan-jag-baka-in-semesterersattning-i-den-anstalldes-lon\/","og_locale":"sv_SE","og_type":"article","og_title":"Kan jag baka in semesterers\u00e4ttning i den anst\u00e4lldes l\u00f6n?","og_description":"&#8211; Nej, man f\u00e5r inte baka in semesterers\u00e4ttningen i l\u00f6nen. Semesterlagen \u00e4r tydlig i att semester normalt sett \u00e4r betald ledighet, \u00e4r det en kortare anst\u00e4llning eller att man hinner sluta innan man tagit ut &hellip;","og_url":"https:\/\/www.almega.se\/2025\/12\/kan-jag-baka-in-semesterersattning-i-den-anstalldes-lon\/","og_site_name":"Almega","article_published_time":"2025-12-05T07:43:50+00:00","article_modified_time":"2025-12-05T07:47:08+00:00","og_image":[{"width":844,"height":567,"url":"https:\/\/www.almega.se\/app\/uploads\/2025\/08\/axel-om-tjanstledighet.png","type":"image\/png"}],"author":"Sandra Mildenberger","twitter_card":"summary_large_image","twitter_misc":{"Skriven av":"Sandra Mildenberger","Ber\u00e4knad l\u00e4stid":"2 minuter"},"schema":{"@context":"https:\/\/schema.org","@graph":[{"@type":"NewsArticle","@id":"https:\/\/www.almega.se\/2025\/12\/kan-jag-baka-in-semesterersattning-i-den-anstalldes-lon\/#article","isPartOf":{"@id":"https:\/\/www.almega.se\/2025\/12\/kan-jag-baka-in-semesterersattning-i-den-anstalldes-lon\/"},"author":{"name":"Sandra Mildenberger","@id":"https:\/\/www.almega.se\/#\/schema\/person\/432bf15cd5b8c34477366237d76e0e28"},"headline":"Kan jag baka in semesterers\u00e4ttning i den anst\u00e4lldes l\u00f6n?","datePublished":"2025-12-05T07:43:50+00:00","dateModified":"2025-12-05T07:47:08+00:00","mainEntityOfPage":{"@id":"https:\/\/www.almega.se\/2025\/12\/kan-jag-baka-in-semesterersattning-i-den-anstalldes-lon\/"},"wordCount":213,"image":{"@id":"https:\/\/www.almega.se\/2025\/12\/kan-jag-baka-in-semesterersattning-i-den-anstalldes-lon\/#primaryimage"},"thumbnailUrl":"https:\/\/www.almega.se\/app\/uploads\/2025\/08\/axel-om-tjanstledighet.png","articleSection":["Arbetsgivarfr\u00e5gor"],"inLanguage":"sv-SE"},{"@type":"WebPage","@id":"https:\/\/www.almega.se\/2025\/12\/kan-jag-baka-in-semesterersattning-i-den-anstalldes-lon\/","url":"https:\/\/www.almega.se\/2025\/12\/kan-jag-baka-in-semesterersattning-i-den-anstalldes-lon\/","name":"Kan jag baka in semesterers\u00e4ttning i den anst\u00e4lldes l\u00f6n? | Almega","isPartOf":{"@id":"https:\/\/www.almega.se\/#website"},"primaryImageOfPage":{"@id":"https:\/\/www.almega.se\/2025\/12\/kan-jag-baka-in-semesterersattning-i-den-anstalldes-lon\/#primaryimage"},"image":{"@id":"https:\/\/www.almega.se\/2025\/12\/kan-jag-baka-in-semesterersattning-i-den-anstalldes-lon\/#primaryimage"},"thumbnailUrl":"https:\/\/www.almega.se\/app\/uploads\/2025\/08\/axel-om-tjanstledighet.png","datePublished":"2025-12-05T07:43:50+00:00","dateModified":"2025-12-05T07:47:08+00:00","author":{"@id":"https:\/\/www.almega.se\/#\/schema\/person\/432bf15cd5b8c34477366237d76e0e28"},"breadcrumb":{"@id":"https:\/\/www.almega.se\/2025\/12\/kan-jag-baka-in-semesterersattning-i-den-anstalldes-lon\/#breadcrumb"},"inLanguage":"sv-SE","potentialAction":[{"@type":"ReadAction","target":["https:\/\/www.almega.se\/2025\/12\/kan-jag-baka-in-semesterersattning-i-den-anstalldes-lon\/"]}]},{"@type":"ImageObject","inLanguage":"sv-SE","@id":"https:\/\/www.almega.se\/2025\/12\/kan-jag-baka-in-semesterersattning-i-den-anstalldes-lon\/#primaryimage","url":"https:\/\/www.almega.se\/app\/uploads\/2025\/08\/axel-om-tjanstledighet.png","contentUrl":"https:\/\/www.almega.se\/app\/uploads\/2025\/08\/axel-om-tjanstledighet.png","width":844,"height":567},{"@type":"BreadcrumbList","@id":"https:\/\/www.almega.se\/2025\/12\/kan-jag-baka-in-semesterersattning-i-den-anstalldes-lon\/#breadcrumb","itemListElement":[{"@type":"ListItem","position":1,"name":"Home","item":"https:\/\/www.almega.se\/"},{"@type":"ListItem","position":2,"name":"Kan jag baka in semesterers\u00e4ttning i den anst\u00e4lldes l\u00f6n?"}]},{"@type":"WebSite","@id":"https:\/\/www.almega.se\/#website","url":"https:\/\/www.almega.se\/","name":"Almega","description":"","potentialAction":[{"@type":"SearchAction","target":{"@type":"EntryPoint","urlTemplate":"https:\/\/www.almega.se\/?s={search_term_string}"},"query-input":{"@type":"PropertyValueSpecification","valueRequired":true,"valueName":"search_term_string"}}],"inLanguage":"sv-SE"},{"@type":"Person","@id":"https:\/\/www.almega.se\/#\/schema\/person\/432bf15cd5b8c34477366237d76e0e28","name":"Sandra Mildenberger","image":{"@type":"ImageObject","inLanguage":"sv-SE","@id":"https:\/\/www.almega.se\/#\/schema\/person\/image\/","url":"https:\/\/secure.gravatar.com\/avatar\/303ee6ef75fa0849b0b85e527659b8bf3457cd9509f76c13628965581b041b41?s=96&d=mm&r=g","contentUrl":"https:\/\/secure.gravatar.com\/avatar\/303ee6ef75fa0849b0b85e527659b8bf3457cd9509f76c13628965581b041b41?s=96&d=mm&r=g","caption":"Sandra Mildenberger"},"url":"https:\/\/www.almega.se\/person\/sandramildenberger\/"}]}},"_links":{"self":[{"href":"https:\/\/www.almega.se\/api\/wp\/v2\/posts\/84531","targetHints":{"allow":["GET"]}}],"collection":[{"href":"https:\/\/www.almega.se\/api\/wp\/v2\/posts"}],"about":[{"href":"https:\/\/www.almega.se\/api\/wp\/v2\/types\/post"}],"author":[{"embeddable":true,"href":"https:\/\/www.almega.se\/api\/wp\/v2\/users\/21574"}],"replies":[{"embeddable":true,"href":"https:\/\/www.almega.se\/api\/wp\/v2\/comments?post=84531"}],"version-history":[{"count":4,"href":"https:\/\/www.almega.se\/api\/wp\/v2\/posts\/84531\/revisions"}],"predecessor-version":[{"id":84633,"href":"https:\/\/www.almega.se\/api\/wp\/v2\/posts\/84531\/revisions\/84633"}],"wp:featuredmedia":[{"embeddable":true,"href":"https:\/\/www.almega.se\/api\/wp\/v2\/media\/81950"}],"wp:attachment":[{"href":"https:\/\/www.almega.se\/api\/wp\/v2\/media?parent=84531"}],"wp:term":[{"taxonomy":"category","embeddable":true,"href":"https:\/\/www.almega.se\/api\/wp\/v2\/categories?post=84531"},{"taxonomy":"post_tag","embeddable":true,"href":"https:\/\/www.almega.se\/api\/wp\/v2\/tags?post=84531"},{"taxonomy":"type","embeddable":true,"href":"https:\/\/www.almega.se\/api\/wp\/v2\/article_type?post=84531"},{"taxonomy":"agreement","embeddable":true,"href":"https:\/\/www.almega.se\/api\/wp\/v2\/agreement?post=84531"}],"curies":[{"name":"wp","href":"https:\/\/api.w.org\/{rel}","templated":true}]}}