{"id":84386,"date":"2025-11-27T15:38:03","date_gmt":"2025-11-27T14:38:03","guid":{"rendered":"https:\/\/www.almega.se\/?p=84386"},"modified":"2025-11-28T09:06:25","modified_gmt":"2025-11-28T08:06:25","slug":"assistansporten-med-individens-inflytande-och-goda-arbetsvillkor-i-centrum","status":"publish","type":"post","link":"https:\/\/www.almega.se\/2025\/11\/assistansporten-med-individens-inflytande-och-goda-arbetsvillkor-i-centrum\/","title":{"rendered":"Assistansporten \u2013 med individens inflytande och goda arbetsvillkor i centrum"},"content":{"rendered":"<p class=\"intro\">Assistansporten grundades 2013 i Haninge utanf\u00f6r Stockholm av tv\u00e5 kvinnor som ville skapa en trygg och positiv upplevelse f\u00f6r varje individ. Vi har intervjuat Martina Kern, grundare och operativ chef, som ber\u00e4ttar om visionen bakom verksamheten, tillv\u00e4xtresan och behovet av en arbetsgivarorganisation.<\/p>\n<a class='Share__link Share__link--url copy-text' href='#' rel='nofollow' data-text='hej-martina,-beratta-om-ert-foretag.' title='Dela url' data-confirmation='L\u00e4nken kopierades till urklipp'><svg class='icon icon--link'  width='18' height='18' viewBox='0 0 18 18' fill='none' xmlns='http:\/\/www.w3.org\/2000\/svg'>\n            <path d='M10.4142 0.514721L6.87868 4.05025L8.29289 5.46447L11.1213 2.63604L15.364 6.87868L12.5355 9.70711L13.9497 11.1213L17.4853 7.58579C17.8763 7.19476 17.8763 6.5626 17.4853 6.17158L11.8284 0.514721C11.4374 0.123691 10.8052 0.123691 10.4142 0.514721Z' fill='black'\/>\n            <path d='M9.7071 12.5355L6.87868 15.364L2.63604 11.1213L5.46446 8.2929L4.05025 6.87868L0.514716 10.4142C0.123686 10.8052 0.123686 11.4374 0.514716 11.8284L6.17157 17.4853C6.5626 17.8763 7.19475 17.8763 7.58578 17.4853L11.1213 13.9497L9.7071 12.5355Z' fill='black'\/>\n            <path d='M6.17157 11.8284C6.5626 12.2195 7.19475 12.2195 7.58578 11.8284L11.8284 7.58579C12.2195 7.19476 12.2195 6.56261 11.8284 6.17158C11.4374 5.78055 10.8052 5.78055 10.4142 6.17158L6.17157 10.4142C5.78054 10.8052 5.78054 11.4374 6.17157 11.8284Z' fill='black'\/>\n            <\/svg> <\/a>\n<h2 class=\"wp-block-heading\" id=\"h-hej-martina-beratta-om-ert-foretag\">Hej Martina, ber\u00e4tta om ert f\u00f6retag.<\/h2>\n\n\n\n<p>&#8211; Assistansporten grundades 2013 och erbjuder b\u00e5de personlig assistans och hemtj\u00e4nst. Jag och min kollega Susanne hade arbetat tillsammans i flera \u00e5r och best\u00e4mde oss f\u00f6r att starta ett f\u00f6retag d\u00e4r individens inflytande och kontinuitet stod i fokus. Vid den tiden rapporterades det mycket negativt om hemtj\u00e4nsten i media, bland annat om personer som m\u00f6tte 25\u201330 olika v\u00e5rdare under en vecka. Vi undrade: m\u00e5ste det verkligen vara s\u00e5? Eftersom jag var van vid schemal\u00e4ggning kunde jag inte f\u00f6rst\u00e5 varf\u00f6r man inte skulle kunna skapa mer kontinuitet. Vi ville bygga ett f\u00f6retag d\u00e4r kundens \u00f6nskem\u00e5l styr och d\u00e4r vi kan erbjuda trygghet och stabilitet i omsorgen. Samtidigt ville vi skapa en arbetsplats d\u00e4r personalen har bra arbetsvillkor och trivs.<\/p>\n\n\n\n<p>Det lyckades vi med, och eftersom jag \u00e4r ganska driven k\u00e4nde jag snart att vi beh\u00f6vde v\u00e4xa. Sedan dess har vi expanderat organiskt och har idag 230 anst\u00e4llda och har verksamhet i sex kommuner. Vi har inte gjort n\u00e5gra f\u00f6rv\u00e4rv, utan alla v\u00e5ra kunder har sj\u00e4lva valt oss.<\/p>\n\n\n<a class='Share__link Share__link--url copy-text' href='#' rel='nofollow' data-text='hur-sag-behoven-ut-nar-ni-tecknade-medlemskap-hos-vardforetagarna?' title='Dela url' data-confirmation='L\u00e4nken kopierades till urklipp'><svg class='icon icon--link'  width='18' height='18' viewBox='0 0 18 18' fill='none' xmlns='http:\/\/www.w3.org\/2000\/svg'>\n            <path d='M10.4142 0.514721L6.87868 4.05025L8.29289 5.46447L11.1213 2.63604L15.364 6.87868L12.5355 9.70711L13.9497 11.1213L17.4853 7.58579C17.8763 7.19476 17.8763 6.5626 17.4853 6.17158L11.8284 0.514721C11.4374 0.123691 10.8052 0.123691 10.4142 0.514721Z' fill='black'\/>\n            <path d='M9.7071 12.5355L6.87868 15.364L2.63604 11.1213L5.46446 8.2929L4.05025 6.87868L0.514716 10.4142C0.123686 10.8052 0.123686 11.4374 0.514716 11.8284L6.17157 17.4853C6.5626 17.8763 7.19475 17.8763 7.58578 17.4853L11.1213 13.9497L9.7071 12.5355Z' fill='black'\/>\n            <path d='M6.17157 11.8284C6.5626 12.2195 7.19475 12.2195 7.58578 11.8284L11.8284 7.58579C12.2195 7.19476 12.2195 6.56261 11.8284 6.17158C11.4374 5.78055 10.8052 5.78055 10.4142 6.17158L6.17157 10.4142C5.78054 10.8052 5.78054 11.4374 6.17157 11.8284Z' fill='black'\/>\n            <\/svg> <\/a>\n<h2 class=\"wp-block-heading\" id=\"h-hur-sag-behoven-ut-nar-ni-tecknade-medlemskap-hos-vardforetagarna\">Hur s\u00e5g behoven ut n\u00e4r ni tecknade medlemskap hos V\u00e5rdf\u00f6retagarna?<\/h2>\n\n\n\n<p>&#8211; Behovet v\u00e4xte i takt med att antalet anst\u00e4llda \u00f6kade. F\u00f6r oss var det sj\u00e4lvklart att vi ville ha kollektivavtal, det ger trygghet b\u00e5de f\u00f6r v\u00e5ra medarbetare och f\u00f6r oss som arbetsgivare. Vi gick f\u00f6rst med i en annan arbetsgivarorganisation, men i takt med att vi v\u00e4xte blev fr\u00e5gorna mer komplexa och vi upplevde inte att vi fick den hj\u00e4lp vi beh\u00f6vde.<\/p>\n\n\n\n<p>Vi s\u00e5g att alla st\u00f6rre akt\u00f6rer var medlemmar i V\u00e5rdf\u00f6retagarna och ins\u00e5g att det var d\u00e4r vi h\u00f6rde hemma. D\u00e5 b\u00f6rjade processen med att byta arbetsgivarorganisation.<\/p>\n\n\n<a class='Share__link Share__link--url copy-text' href='#' rel='nofollow' data-text='hur-ser-ni-pa-ert-medlemskap-idag?' title='Dela url' data-confirmation='L\u00e4nken kopierades till urklipp'><svg class='icon icon--link'  width='18' height='18' viewBox='0 0 18 18' fill='none' xmlns='http:\/\/www.w3.org\/2000\/svg'>\n            <path d='M10.4142 0.514721L6.87868 4.05025L8.29289 5.46447L11.1213 2.63604L15.364 6.87868L12.5355 9.70711L13.9497 11.1213L17.4853 7.58579C17.8763 7.19476 17.8763 6.5626 17.4853 6.17158L11.8284 0.514721C11.4374 0.123691 10.8052 0.123691 10.4142 0.514721Z' fill='black'\/>\n            <path d='M9.7071 12.5355L6.87868 15.364L2.63604 11.1213L5.46446 8.2929L4.05025 6.87868L0.514716 10.4142C0.123686 10.8052 0.123686 11.4374 0.514716 11.8284L6.17157 17.4853C6.5626 17.8763 7.19475 17.8763 7.58578 17.4853L11.1213 13.9497L9.7071 12.5355Z' fill='black'\/>\n            <path d='M6.17157 11.8284C6.5626 12.2195 7.19475 12.2195 7.58578 11.8284L11.8284 7.58579C12.2195 7.19476 12.2195 6.56261 11.8284 6.17158C11.4374 5.78055 10.8052 5.78055 10.4142 6.17158L6.17157 10.4142C5.78054 10.8052 5.78054 11.4374 6.17157 11.8284Z' fill='black'\/>\n            <\/svg> <\/a>\n<h2 class=\"wp-block-heading\" id=\"h-hur-ser-ni-pa-ert-medlemskap-idag\">Hur ser ni p\u00e5 ert medlemskap idag?<\/h2>\n\n\n\n<p>&#8211; Vi \u00e4r mycket n\u00f6jda. Vi f\u00e5r all arbetsr\u00e4ttslig r\u00e5dgivning vi beh\u00f6ver och medlemskapet i Svenskt N\u00e4ringsliv, med alla dess n\u00e4tverk, \u00e4r ocks\u00e5 en stor f\u00f6rdel. Men ut\u00f6ver det finns ett starkt engagemang i politiska fr\u00e5gor och p\u00e5verkansarbete, b\u00e5de nationellt och i dialogen med v\u00e5r kommun. V\u00e5rdf\u00f6retagarna har aldrig sagt nej till att hj\u00e4lpa till, och med deras st\u00f6d har vi f\u00e5tt igenom betydelsefulla f\u00f6r\u00e4ndringar. Det blir en helt annan tyngd n\u00e4r V\u00e5rdf\u00f6retagarna skickar ett mejl \u00e4n n\u00e4r vi som enskilt f\u00f6retag g\u00f6r det.<\/p>\n\n\n\n<p>En fr\u00e5ga som \u00e4r s\u00e4rskilt akut f\u00f6r oss \u00e4r att ers\u00e4ttningsniv\u00e5erna inte f\u00f6ljt l\u00f6neutvecklingen under flera \u00e5r. Ers\u00e4ttningen \u00f6kar med 1,5\u20132 % per \u00e5r, medan l\u00f6nerna m\u00e5ste h\u00f6jas med \u00f6ver 3 %. Det urholkar de privata akt\u00f6rerna, som till slut riskerar att inte kunna finnas kvar. Det \u00e4r en fr\u00e5ga som V\u00e5rdf\u00f6retagarna driver, och jag hoppas att \u00e4nnu fler r\u00f6ster h\u00f6js kring detta fram\u00f6ver.<\/p>\n\n\n\n      <a href=\"https:\/\/www.almega.se\/bli-medlem\/\" target=\"_blank\" class=\"Button is-text Button--squiggly-arrow-link\">\n      \n        Intresserad av att bli medlem?\n      \n      \n                \n                <svg class='icon icon--squiggly-arrow-link'  width=\"114\" height=\"36\" viewBox=\"0 0 114 36\" fill=\"none\" xmlns=\"http:\/\/www.w3.org\/2000\/svg\">\n<path d=\"M0.591797 18.5C7.0918 18.5 11.5209 19.9081 13.4345 14.5C14.3308 11.9657 14.3461 11.9541 15.0839 9.38315C15.7735 6.97969 17.3449 4.54993 19.8345 3.93399C22.9224 3.16984 26.0805 5.67017 27.0204 8.62798C27.9603 11.5851 27.243 14.7829 26.3407 17.751C25.4378 20.719 24.34 23.7256 24.5322 26.8156C24.7244 29.9049 26.6162 33.154 29.7193 33.8559C33.0114 34.5995 36.3563 32.146 37.6741 29.1234C38.9912 26.0995 38.7745 22.6791 38.4839 19.4082C38.1926 16.1373 37.8656 12.7464 38.9918 9.65134C40.1187 6.55559 43.1657 3.84801 46.5259 4.19961C49.9434 4.55763 52.3227 7.90617 52.8134 11.2104C53.3042 14.5147 52.3993 17.8408 51.8259 21.1322C51.2526 24.4237 51.0624 28.0141 52.8029 30.8923C54.221 33.2393 56.8902 34.826 59.6869 34.9864C62.4836 35.1468 65.3259 33.8758 67.0188 31.7072C69.5136 28.5126 69.3227 24.0689 68.5255 20.1345C67.7289 16.1996 66.4369 12.2139 67.1225 8.2597C67.8081 4.30548 71.3849 0.426331 75.4597 1.0705C78.5034 1.55171 80.6627 4.37413 81.4078 7.28189C82.1528 10.189 81.8133 13.2366 81.7711 16.2323C81.7288 19.2279 82.0551 22.4052 83.8874 24.8144C86.657 28.4555 91.9762 29.2197 96.6072 28.7147C101.239 28.2098 105.813 25.7501 110.457 26.1383\" stroke=\"black\" stroke-width=\"2\" stroke-miterlimit=\"10\"\/>\n<path d=\"M105.097 35L111.68 25.3613L102.457 18.2063\" stroke=\"black\" stroke-width=\"2\" stroke-miterlimit=\"10\"\/>\n<\/svg>\n\n        \n    <\/a>\n  \n","protected":false},"excerpt":{"rendered":"<p>Hej Martina, ber\u00e4tta om ert f\u00f6retag. &#8211; Assistansporten grundades 2013 och erbjuder b\u00e5de personlig assistans och hemtj\u00e4nst. Jag och min kollega Susanne hade arbetat tillsammans i flera \u00e5r och best\u00e4mde oss f\u00f6r att starta ett &hellip;<\/p>\n","protected":false},"author":21574,"featured_media":84387,"comment_status":"closed","ping_status":"closed","sticky":false,"template":"","format":"standard","meta":{"_acf_changed":false,"footnotes":""},"categories":[603],"tags":[],"article_type":[787],"agreement":[],"class_list":["post-84386","post","type-post","status-publish","format-standard","has-post-thumbnail","hentry","category-almega","type-hejmedlem"],"acf":[],"yoast_head":"<!-- This site is optimized with the Yoast SEO Premium plugin v26.8 (Yoast SEO v26.8) - https:\/\/yoast.com\/product\/yoast-seo-premium-wordpress\/ -->\n<title>Assistansporten \u2013 med individens inflytande och goda arbetsvillkor i centrum | Almega<\/title>\n<meta name=\"robots\" content=\"index, follow, max-snippet:-1, max-image-preview:large, max-video-preview:-1\" \/>\n<link rel=\"canonical\" href=\"https:\/\/www.almega.se\/2025\/11\/assistansporten-med-individens-inflytande-och-goda-arbetsvillkor-i-centrum\/\" \/>\n<meta property=\"og:locale\" content=\"sv_SE\" \/>\n<meta property=\"og:type\" content=\"article\" \/>\n<meta property=\"og:title\" content=\"Assistansporten \u2013 med individens inflytande och goda arbetsvillkor i centrum\" \/>\n<meta property=\"og:description\" content=\"Hej Martina, ber\u00e4tta om ert f\u00f6retag. &#8211; Assistansporten grundades 2013 och erbjuder b\u00e5de personlig assistans och hemtj\u00e4nst. Jag och min kollega Susanne hade arbetat tillsammans i flera \u00e5r och best\u00e4mde oss f\u00f6r att starta ett &hellip;\" \/>\n<meta property=\"og:url\" content=\"https:\/\/www.almega.se\/2025\/11\/assistansporten-med-individens-inflytande-och-goda-arbetsvillkor-i-centrum\/\" \/>\n<meta property=\"og:site_name\" content=\"Almega\" \/>\n<meta property=\"article:published_time\" content=\"2025-11-27T14:38:03+00:00\" \/>\n<meta property=\"article:modified_time\" content=\"2025-11-28T08:06:25+00:00\" \/>\n<meta property=\"og:image\" content=\"https:\/\/www.almega.se\/app\/uploads\/2025\/11\/Case-1920x1080-1-scaled.png\" \/>\n\t<meta property=\"og:image:width\" content=\"2560\" \/>\n\t<meta property=\"og:image:height\" content=\"1440\" \/>\n\t<meta property=\"og:image:type\" content=\"image\/png\" \/>\n<meta name=\"author\" content=\"Sandra Mildenberger\" \/>\n<meta name=\"twitter:card\" content=\"summary_large_image\" \/>\n<meta name=\"twitter:label1\" content=\"Skriven av\" \/>\n\t<meta name=\"twitter:data1\" content=\"Sandra Mildenberger\" \/>\n\t<meta name=\"twitter:label2\" content=\"Ber\u00e4knad l\u00e4stid\" \/>\n\t<meta name=\"twitter:data2\" content=\"3 minuter\" \/>\n<!-- \/ Yoast SEO Premium plugin. -->","yoast_head_json":{"title":"Assistansporten \u2013 med individens inflytande och goda arbetsvillkor i centrum | Almega","robots":{"index":"index","follow":"follow","max-snippet":"max-snippet:-1","max-image-preview":"max-image-preview:large","max-video-preview":"max-video-preview:-1"},"canonical":"https:\/\/www.almega.se\/2025\/11\/assistansporten-med-individens-inflytande-och-goda-arbetsvillkor-i-centrum\/","og_locale":"sv_SE","og_type":"article","og_title":"Assistansporten \u2013 med individens inflytande och goda arbetsvillkor i centrum","og_description":"Hej Martina, ber\u00e4tta om ert f\u00f6retag. &#8211; Assistansporten grundades 2013 och erbjuder b\u00e5de personlig assistans och hemtj\u00e4nst. Jag och min kollega Susanne hade arbetat tillsammans i flera \u00e5r och best\u00e4mde oss f\u00f6r att starta ett &hellip;","og_url":"https:\/\/www.almega.se\/2025\/11\/assistansporten-med-individens-inflytande-och-goda-arbetsvillkor-i-centrum\/","og_site_name":"Almega","article_published_time":"2025-11-27T14:38:03+00:00","article_modified_time":"2025-11-28T08:06:25+00:00","og_image":[{"width":2560,"height":1440,"url":"https:\/\/www.almega.se\/app\/uploads\/2025\/11\/Case-1920x1080-1-scaled.png","type":"image\/png"}],"author":"Sandra Mildenberger","twitter_card":"summary_large_image","twitter_misc":{"Skriven av":"Sandra Mildenberger","Ber\u00e4knad l\u00e4stid":"3 minuter"},"schema":{"@context":"https:\/\/schema.org","@graph":[{"@type":"NewsArticle","@id":"https:\/\/www.almega.se\/2025\/11\/assistansporten-med-individens-inflytande-och-goda-arbetsvillkor-i-centrum\/#article","isPartOf":{"@id":"https:\/\/www.almega.se\/2025\/11\/assistansporten-med-individens-inflytande-och-goda-arbetsvillkor-i-centrum\/"},"author":{"name":"Sandra Mildenberger","@id":"https:\/\/www.almega.se\/#\/schema\/person\/432bf15cd5b8c34477366237d76e0e28"},"headline":"Assistansporten \u2013 med individens inflytande och goda arbetsvillkor i centrum","datePublished":"2025-11-27T14:38:03+00:00","dateModified":"2025-11-28T08:06:25+00:00","mainEntityOfPage":{"@id":"https:\/\/www.almega.se\/2025\/11\/assistansporten-med-individens-inflytande-och-goda-arbetsvillkor-i-centrum\/"},"wordCount":526,"image":{"@id":"https:\/\/www.almega.se\/2025\/11\/assistansporten-med-individens-inflytande-och-goda-arbetsvillkor-i-centrum\/#primaryimage"},"thumbnailUrl":"https:\/\/www.almega.se\/app\/uploads\/2025\/11\/Case-1920x1080-1-scaled.png","articleSection":["Almega"],"inLanguage":"sv-SE"},{"@type":"WebPage","@id":"https:\/\/www.almega.se\/2025\/11\/assistansporten-med-individens-inflytande-och-goda-arbetsvillkor-i-centrum\/","url":"https:\/\/www.almega.se\/2025\/11\/assistansporten-med-individens-inflytande-och-goda-arbetsvillkor-i-centrum\/","name":"Assistansporten \u2013 med individens inflytande och goda arbetsvillkor i centrum | Almega","isPartOf":{"@id":"https:\/\/www.almega.se\/#website"},"primaryImageOfPage":{"@id":"https:\/\/www.almega.se\/2025\/11\/assistansporten-med-individens-inflytande-och-goda-arbetsvillkor-i-centrum\/#primaryimage"},"image":{"@id":"https:\/\/www.almega.se\/2025\/11\/assistansporten-med-individens-inflytande-och-goda-arbetsvillkor-i-centrum\/#primaryimage"},"thumbnailUrl":"https:\/\/www.almega.se\/app\/uploads\/2025\/11\/Case-1920x1080-1-scaled.png","datePublished":"2025-11-27T14:38:03+00:00","dateModified":"2025-11-28T08:06:25+00:00","author":{"@id":"https:\/\/www.almega.se\/#\/schema\/person\/432bf15cd5b8c34477366237d76e0e28"},"breadcrumb":{"@id":"https:\/\/www.almega.se\/2025\/11\/assistansporten-med-individens-inflytande-och-goda-arbetsvillkor-i-centrum\/#breadcrumb"},"inLanguage":"sv-SE","potentialAction":[{"@type":"ReadAction","target":["https:\/\/www.almega.se\/2025\/11\/assistansporten-med-individens-inflytande-och-goda-arbetsvillkor-i-centrum\/"]}]},{"@type":"ImageObject","inLanguage":"sv-SE","@id":"https:\/\/www.almega.se\/2025\/11\/assistansporten-med-individens-inflytande-och-goda-arbetsvillkor-i-centrum\/#primaryimage","url":"https:\/\/www.almega.se\/app\/uploads\/2025\/11\/Case-1920x1080-1-scaled.png","contentUrl":"https:\/\/www.almega.se\/app\/uploads\/2025\/11\/Case-1920x1080-1-scaled.png","width":2560,"height":1440},{"@type":"BreadcrumbList","@id":"https:\/\/www.almega.se\/2025\/11\/assistansporten-med-individens-inflytande-och-goda-arbetsvillkor-i-centrum\/#breadcrumb","itemListElement":[{"@type":"ListItem","position":1,"name":"Home","item":"https:\/\/www.almega.se\/"},{"@type":"ListItem","position":2,"name":"Assistansporten \u2013 med individens inflytande och goda arbetsvillkor i centrum"}]},{"@type":"WebSite","@id":"https:\/\/www.almega.se\/#website","url":"https:\/\/www.almega.se\/","name":"Almega","description":"","potentialAction":[{"@type":"SearchAction","target":{"@type":"EntryPoint","urlTemplate":"https:\/\/www.almega.se\/?s={search_term_string}"},"query-input":{"@type":"PropertyValueSpecification","valueRequired":true,"valueName":"search_term_string"}}],"inLanguage":"sv-SE"},{"@type":"Person","@id":"https:\/\/www.almega.se\/#\/schema\/person\/432bf15cd5b8c34477366237d76e0e28","name":"Sandra Mildenberger","image":{"@type":"ImageObject","inLanguage":"sv-SE","@id":"https:\/\/www.almega.se\/#\/schema\/person\/image\/","url":"https:\/\/secure.gravatar.com\/avatar\/303ee6ef75fa0849b0b85e527659b8bf3457cd9509f76c13628965581b041b41?s=96&d=mm&r=g","contentUrl":"https:\/\/secure.gravatar.com\/avatar\/303ee6ef75fa0849b0b85e527659b8bf3457cd9509f76c13628965581b041b41?s=96&d=mm&r=g","caption":"Sandra Mildenberger"},"url":"https:\/\/www.almega.se\/person\/sandramildenberger\/"}]}},"_links":{"self":[{"href":"https:\/\/www.almega.se\/api\/wp\/v2\/posts\/84386","targetHints":{"allow":["GET"]}}],"collection":[{"href":"https:\/\/www.almega.se\/api\/wp\/v2\/posts"}],"about":[{"href":"https:\/\/www.almega.se\/api\/wp\/v2\/types\/post"}],"author":[{"embeddable":true,"href":"https:\/\/www.almega.se\/api\/wp\/v2\/users\/21574"}],"replies":[{"embeddable":true,"href":"https:\/\/www.almega.se\/api\/wp\/v2\/comments?post=84386"}],"version-history":[{"count":3,"href":"https:\/\/www.almega.se\/api\/wp\/v2\/posts\/84386\/revisions"}],"predecessor-version":[{"id":84390,"href":"https:\/\/www.almega.se\/api\/wp\/v2\/posts\/84386\/revisions\/84390"}],"wp:featuredmedia":[{"embeddable":true,"href":"https:\/\/www.almega.se\/api\/wp\/v2\/media\/84387"}],"wp:attachment":[{"href":"https:\/\/www.almega.se\/api\/wp\/v2\/media?parent=84386"}],"wp:term":[{"taxonomy":"category","embeddable":true,"href":"https:\/\/www.almega.se\/api\/wp\/v2\/categories?post=84386"},{"taxonomy":"post_tag","embeddable":true,"href":"https:\/\/www.almega.se\/api\/wp\/v2\/tags?post=84386"},{"taxonomy":"type","embeddable":true,"href":"https:\/\/www.almega.se\/api\/wp\/v2\/article_type?post=84386"},{"taxonomy":"agreement","embeddable":true,"href":"https:\/\/www.almega.se\/api\/wp\/v2\/agreement?post=84386"}],"curies":[{"name":"wp","href":"https:\/\/api.w.org\/{rel}","templated":true}]}}