{"id":84127,"date":"2025-11-19T13:55:17","date_gmt":"2025-11-19T12:55:17","guid":{"rendered":"https:\/\/www.almega.se\/?p=84127"},"modified":"2025-11-20T17:43:09","modified_gmt":"2025-11-20T16:43:09","slug":"forandringar-i-det-kollektivavtalade-pensions-forsakrings-och-omstallningssystemen-fran-och-med-1-januari-2026","status":"publish","type":"post","link":"https:\/\/www.almega.se\/2025\/11\/forandringar-i-det-kollektivavtalade-pensions-forsakrings-och-omstallningssystemen-fran-och-med-1-januari-2026\/","title":{"rendered":"F\u00f6r\u00e4ndringar i de kollektiv&shy;avtalade pensions-, f\u00f6rs\u00e4krings- och omst\u00e4llningssystemen fr\u00e5n och med 1 januari 2026"},"content":{"rendered":"<p class=\"intro\"><span style=\"font-size: 13.5pt; color: black;\">Almega har tidigare informerat om dessa f\u00f6r\u00e4ndringar i Arbetsgivarnytt, daterat 28 maj 2024.<\/span><\/p>\n<p class=\"intro\"><span style=\"font-size: 13.5pt; color: black;\">Svenskt N\u00e4ringsliv, LO och PTK (parterna) har den 14 maj 2024 ing\u00e5tt \u00f6verenskommelse med i huvudsak f\u00f6ljande inneh\u00e5ll.<\/span><\/p>\n\n<ul class=\"wp-block-list\">\n<li>H\u00f6jda \u00e5ldersgr\u00e4nser fr\u00e5n 66 till 67 \u00e5r i TFA och AGS f\u00f6r arbetare fr\u00e5n och med 2026-01-01.<\/li>\n\n\n\n<li>H\u00f6jda \u00e5ldersgr\u00e4nser fr\u00e5n 66 till 67 \u00e5r i TFA, ITP sjukpension och Huvudavtalet f\u00f6r tj\u00e4nstem\u00e4n fr\u00e5n och med 2026-01-01.<\/li>\n\n\n\n<li>S\u00e4nkt avgift till AGB-f\u00f6rs\u00e4kringen f\u00f6r arbetsgivare under \u00e5r 2026.<\/li>\n\n\n\n<li>S\u00e4nkt avgift till TRR f\u00f6r arbetsgivare under \u00e5r 2026.<\/li>\n<\/ul>\n\n\n\n<p><\/p>\n\n\n\n<p><strong>1. H\u00f6jda \u00e5ldersgr\u00e4nser i Trygghetsf\u00f6rs\u00e4kring vid arbetsskada &#8211; TFA (LO och PTK)<\/strong><\/p>\n\n\n\n<p>Fr\u00e5n och med 2026-01-01 h\u00f6js \u00e5ldersgr\u00e4nsen fr\u00e5n 66 \u00e5r till 67 \u00e5r f\u00f6r hel livr\u00e4nta och f\u00f6r efterskyddet. Den h\u00f6jda \u00e5ldersgr\u00e4nsen g\u00e4ller \u00e4ven p\u00e5g\u00e5ende f\u00f6rs\u00e4krings\u00e4renden som beviljats ers\u00e4ttning f\u00f6re 2026-01-01. De \u00e4ndrade villkoren g\u00e4ller dock inte f\u00f6r f\u00f6rs\u00e4krade som fyllt 66 \u00e5r senast 2025-12-31.<\/p>\n\n\n\n<p><strong>2. H\u00f6jda \u00e5ldersgr\u00e4nser i Avtalsgruppsjukf\u00f6rs\u00e4kring \u2013 AGS (LO)<\/strong><\/p>\n\n\n\n<p>Fr\u00e5n och med 2026-01-01 h\u00f6js \u00e5ldersgr\u00e4nsen f\u00f6r AGS-ers\u00e4ttning fr\u00e5n 66 \u00e5r till 67 \u00e5r. \u00c4ndringen inneb\u00e4r att den f\u00f6rs\u00e4krade har r\u00e4tt till ers\u00e4ttning fr\u00e5n AGS till och med m\u00e5naden f\u00f6re den f\u00f6rs\u00e4krade fyller 67 \u00e5r. Den h\u00f6jda \u00e5ldersgr\u00e4nsen g\u00e4ller \u00e4ven p\u00e5g\u00e5ende f\u00f6rs\u00e4krings\u00e4renden som beviljats ers\u00e4ttning f\u00f6re 2026-01-01. De \u00e4ndrade villkoren g\u00e4ller dock inte f\u00f6r f\u00f6rs\u00e4krade som fyllt 66 \u00e5r senast 2025-12-31.<\/p>\n\n\n\n<p><strong>3. H\u00f6jda \u00e5ldersgr\u00e4nser i ITP sjukpension (PTK)<\/strong><\/p>\n\n\n\n<p>Fr\u00e5n och med 2026-01-01 h\u00f6js \u00e5ldersgr\u00e4nserna avseende ITP sjukpension fr\u00e5n 66 \u00e5r till 67 \u00e5r. \u00c4ndringen inneb\u00e4r att den f\u00f6rs\u00e4krade har r\u00e4tt till ITP sjukpension till och med m\u00e5naden f\u00f6re den f\u00f6rs\u00e4krade fyller 67 \u00e5r. Den h\u00f6jda \u00e5ldersgr\u00e4nsen g\u00e4ller \u00e4ven p\u00e5g\u00e5ende f\u00f6rs\u00e4krings\u00e4renden som beviljats ers\u00e4ttning f\u00f6re 2026-01-01. De \u00e4ndrade villkoren g\u00e4ller dock inte f\u00f6r f\u00f6rs\u00e4krade som fyllt 66 \u00e5r senast 2025-12-31.<\/p>\n\n\n\n<p><strong>4. H\u00f6jda \u00e5ldersgr\u00e4nser i Huvudavtalet om trygghet, omst\u00e4llning och anst\u00e4llningsskydd (PTK)<\/strong><\/p>\n\n\n\n<p>Fr\u00e5n och med 2026-01-01 h\u00f6js \u00e5ldersgr\u00e4nserna f\u00f6r tj\u00e4nstem\u00e4n avseende omst\u00e4llningsst\u00f6d och kompetensst\u00f6d, kompletterande arbetsl\u00f6shetsers\u00e4ttning samt AGE fr\u00e5n 66 \u00e5r till 67 \u00e5r. \u00c4ndringarna inneb\u00e4r att den tidigare anst\u00e4llde har r\u00e4tt till n\u00e4mnda f\u00f6rm\u00e5ner till och med m\u00e5naden f\u00f6re han eller hon fyller 67 \u00e5r. De h\u00f6jda \u00e5ldersgr\u00e4nserna g\u00e4ller \u00e4ven p\u00e5g\u00e5ende \u00e4renden som beviljats ers\u00e4ttning f\u00f6re 2026-01-01. De \u00e4ndrade villkoren g\u00e4ller dock inte f\u00f6r de som fyllt 66 \u00e5r senast 2025-12-31.\u00a0 <\/p>\n\n\n\n<p>Avgift till TRR kommer att tas ut f\u00f6r anst\u00e4llda upp till 67 \u00e5rs \u00e5lder fr\u00e5n och med 2026-01-01<\/p>\n\n\n\n<p><strong>5. S\u00e4nkta avgifter f\u00f6r arbetsgivare till AGB-f\u00f6rs\u00e4kringen (LO)<\/strong><\/p>\n\n\n\n<p>Avgiften till AGB-f\u00f6rs\u00e4kringen s\u00e4nks till 0,00 procent f\u00f6r f\u00f6retag som \u00e4r bundna av Huvudavtalet eller Omst\u00e4llningsf\u00f6rs\u00e4kring. S\u00e4nkningen g\u00e4ller under 2026. <\/p>\n\n\n\n<p>Detta inneb\u00e4r att den totala avgiften till TSL och AGB-f\u00f6rs\u00e4kringen i Huvudavtalet s\u00e4nks f\u00f6r \u00e5r 2026 fr\u00e5n 0,49 till 0,34 procent och att den totala avgiften till TSL och AGB-f\u00f6rs\u00e4kringen i Omst\u00e4llningsf\u00f6rs\u00e4kringen s\u00e4nks f\u00f6r \u00e5r 2026 fr\u00e5n 0,30 till 0,15 procent.<\/p>\n\n\n\n<p><strong>6. S\u00e4nkta avgifter f\u00f6r arbetsgivare till TRR (PTK)<\/strong><\/p>\n\n\n\n<p>Avgiften till TRR s\u00e4nks fr\u00e5n 0,55\u00a0procent till 0,4\u00a0procent. S\u00e4nkningen g\u00e4ller under 2026.<\/p>\n\n\n\n<p><strong>7. Mer information till f\u00f6retagen finns p\u00e5 Avtalat.se<\/strong><\/p>\n\n\n\n<p>P\u00e5 Avtalats hemsida finns mer information till f\u00f6retagen, bland annat om hur \u00e4ndrade \u00e5ldersgr\u00e4nser p\u00e5verkar rapporteringen till Collectum och Fora, se f\u00f6ljande l\u00e4nk:<\/p>\n\n\n\n<p><a href=\"https:\/\/www.avtalat.se\/arbetsgivare\/nyheter-for-arbetsgivare\/hojd-aldersgrans-kollektivavtalade-forsakringar\/\" target=\"_blank\" rel=\"noreferrer noopener\">H\u00f6jd \u00e5ldersgr\u00e4ns kollektivavtalade f\u00f6rs\u00e4kringar<\/a><\/p>\n\n\n\n<p><\/p>\n\n\n\n<p><\/p>\n","protected":false},"excerpt":{"rendered":"<p>1. H\u00f6jda \u00e5ldersgr\u00e4nser i Trygghetsf\u00f6rs\u00e4kring vid arbetsskada &#8211; TFA (LO och PTK) Fr\u00e5n och med 2026-01-01 h\u00f6js \u00e5ldersgr\u00e4nsen fr\u00e5n 66 \u00e5r till 67 \u00e5r f\u00f6r hel livr\u00e4nta och f\u00f6r efterskyddet. Den h\u00f6jda \u00e5ldersgr\u00e4nsen g\u00e4ller \u00e4ven &hellip;<\/p>\n","protected":false},"author":14836,"featured_media":0,"comment_status":"closed","ping_status":"closed","sticky":false,"template":"","format":"standard","meta":{"_acf_changed":false,"footnotes":""},"categories":[1],"tags":[],"article_type":[313],"agreement":[162,103,104,105,106,174,190,109,114,110,111,112,113,115,116,117,118,119,120,121,122,123,124,125,127,126,236,129,531,130,131,132,156,133,134,157,135,136,137,138,139,186,140,142,141,143,145,146,144,147,148,152,149,151,150,155,158,159,562,160,161,246,163,164,165,166,167,168,459,169,172,563,173,175,176,537,177,178,179,180,455,183,181,182,184,185,188,191,192,193,194,195,196,197,201,202,224,203,204,207,205,206,208,209,475,214,213,212,210,215,216,532,217,410,187,218,219,220,221,222,223,226,230,225,228,108,227,128,229,231,232,107,189,171,233,234,235,237,238,476,411,239,240,241,242,245,243,477,244],"class_list":["post-84127","post","type-post","status-publish","format-standard","hentry","category-okategoriserade","type-arbetsgivarnytt","agreement-79ce80f7-ff07-de11-b4e1-02bf9e69ca65","agreement-5cce80f7-ff07-de11-b4e1-02bf9e69ca65","agreement-cacd80f7-ff07-de11-b4e1-02bf9e69ca65","agreement-cbcd80f7-ff07-de11-b4e1-02bf9e69ca65","agreement-8dce80f7-ff07-de11-b4e1-02bf9e69ca65","agreement-a1c8f241-0761-e011-a194-02bf9e69ca65","agreement-a6e84646-06ab-e611-8108-003dd8b71e47","agreement-9cce80f7-ff07-de11-b4e1-02bf9e69ca65","agreement-a8ce80f7-ff07-de11-b4e1-02bf9e69ca65","agreement-a2ce80f7-ff07-de11-b4e1-02bf9e69ca65","agreement-a1ce80f7-ff07-de11-b4e1-02bf9e69ca65","agreement-9dce80f7-ff07-de11-b4e1-02bf9e69ca65","agreement-a3ce80f7-ff07-de11-b4e1-02bf9e69ca65","agreement-9ece80f7-ff07-de11-b4e1-02bf9e69ca65","agreement-a4ce80f7-ff07-de11-b4e1-02bf9e69ca65","agreement-20c6e08e-fe12-de11-b4e1-02bf9e69ca65","agreement-a7ce80f7-ff07-de11-b4e1-02bf9e69ca65","agreement-a5ce80f7-ff07-de11-b4e1-02bf9e69ca65","agreement-a6ce80f7-ff07-de11-b4e1-02bf9e69ca65","agreement-a0ce80f7-ff07-de11-b4e1-02bf9e69ca65","agreement-9fce80f7-ff07-de11-b4e1-02bf9e69ca65","agreement-aace80f7-ff07-de11-b4e1-02bf9e69ca65","agreement-a9ce80f7-ff07-de11-b4e1-02bf9e69ca65","agreement-705d8229-a064-de11-bdb9-02bf9e69ca65","agreement-875fe194-42a2-e411-95d0-005056b20fd6","agreement-2767ab55-42a2-e411-95d0-005056b20fd6","agreement-b0ce80f7-ff07-de11-b4e1-02bf9e69ca65","agreement-80801b30-bf59-de11-bdb9-02bf9e69ca65","agreement-a35d46a4-d045-e711-8108-003dd8b71e49","agreement-4ace80f7-ff07-de11-b4e1-02bf9e69ca65","agreement-5bd980a8-f612-de11-b4e1-02bf9e69ca65","agreement-12ce80f7-ff07-de11-b4e1-02bf9e69ca65","agreement-19ce80f7-ff07-de11-b4e1-02bf9e69ca65","agreement-91c18dfe-fd12-de11-b4e1-02bf9e69ca65","agreement-58ce80f7-ff07-de11-b4e1-02bf9e69ca65","agreement-dbc1f569-b5f1-e511-b8fc-005056b20fd8","agreement-a0dd9b4d-7a56-de11-bdb9-02bf9e69ca65","agreement-81ce80f7-ff07-de11-b4e1-02bf9e69ca65","agreement-bccd80f7-ff07-de11-b4e1-02bf9e69ca65","agreement-4bce80f7-ff07-de11-b4e1-02bf9e69ca65","agreement-22ce80f7-ff07-de11-b4e1-02bf9e69ca65","agreement-45ce80f7-ff07-de11-b4e1-02bf9e69ca65","agreement-6fce80f7-ff07-de11-b4e1-02bf9e69ca65","agreement-72ce80f7-ff07-de11-b4e1-02bf9e69ca65","agreement-6ece80f7-ff07-de11-b4e1-02bf9e69ca65","agreement-71ce80f7-ff07-de11-b4e1-02bf9e69ca65","agreement-74ce80f7-ff07-de11-b4e1-02bf9e69ca65","agreement-47ce80f7-ff07-de11-b4e1-02bf9e69ca65","agreement-70ce80f7-ff07-de11-b4e1-02bf9e69ca65","agreement-21ce80f7-ff07-de11-b4e1-02bf9e69ca65","agreement-4843d367-7a56-de11-bdb9-02bf9e69ca65","agreement-64ce80f7-ff07-de11-b4e1-02bf9e69ca65","agreement-62ce80f7-ff07-de11-b4e1-02bf9e69ca65","agreement-61ce80f7-ff07-de11-b4e1-02bf9e69ca65","agreement-63ce80f7-ff07-de11-b4e1-02bf9e69ca65","agreement-31055653-edd3-e511-afc2-005056b20fd8","agreement-c1cd80f7-ff07-de11-b4e1-02bf9e69ca65","agreement-c4cd80f7-ff07-de11-b4e1-02bf9e69ca65","agreement-6fcf0a02-1e5f-ec11-814c-003dd8b71e49","agreement-1cce80f7-ff07-de11-b4e1-02bf9e69ca65","agreement-5dce80f7-ff07-de11-b4e1-02bf9e69ca65","agreement-d7532451-e4a4-e711-810e-003dd8b71e49","agreement-4ece80f7-ff07-de11-b4e1-02bf9e69ca65","agreement-84ce80f7-ff07-de11-b4e1-02bf9e69ca65","agreement-10cec22e-2f50-de11-bdb9-02bf9e69ca65","agreement-57ce80f7-ff07-de11-b4e1-02bf9e69ca65","agreement-6bce80f7-ff07-de11-b4e1-02bf9e69ca65","agreement-24ce80f7-ff07-de11-b4e1-02bf9e69ca65","agreement-9de9353e-79fc-e811-811f-003dd8b71e49","agreement-9ace80f7-ff07-de11-b4e1-02bf9e69ca65","agreement-68ce80f7-ff07-de11-b4e1-02bf9e69ca65","agreement-1324f1b1-247d-ec11-815c-003dd8b71e47","agreement-8b353f92-eae2-e111-b718-005056b20fd6","agreement-65ce80f7-ff07-de11-b4e1-02bf9e69ca65","agreement-80ce80f7-ff07-de11-b4e1-02bf9e69ca65","agreement-kompetens","agreement-52ce80f7-ff07-de11-b4e1-02bf9e69ca65","agreement-1dce80f7-ff07-de11-b4e1-02bf9e69ca65","agreement-8bce80f7-ff07-de11-b4e1-02bf9e69ca65","agreement-8cce80f7-ff07-de11-b4e1-02bf9e69ca65","agreement-b16e46a5-f2eb-e811-811e-003dd8b71e49","agreement-5ece80f7-ff07-de11-b4e1-02bf9e69ca65","agreement-20ce80f7-ff07-de11-b4e1-02bf9e69ca65","agreement-50febb79-7a56-de11-bdb9-02bf9e69ca65","agreement-5fce80f7-ff07-de11-b4e1-02bf9e69ca65","agreement-7dce80f7-ff07-de11-b4e1-02bf9e69ca65","agreement-4bb0699c-fd12-de11-b4e1-02bf9e69ca65","agreement-c5cd80f7-ff07-de11-b4e1-02bf9e69ca65","agreement-d95c3e3a-0da2-de11-b057-02bf9e69ca65","agreement-2b2479db-06a2-de11-b057-02bf9e69ca65","agreement-89175bca-06a2-de11-b057-02bf9e69ca65","agreement-5ace80f7-ff07-de11-b4e1-02bf9e69ca65","agreement-55ce80f7-ff07-de11-b4e1-02bf9e69ca65","agreement-4dce80f7-ff07-de11-b4e1-02bf9e69ca65","agreement-86ce80f7-ff07-de11-b4e1-02bf9e69ca65","agreement-85ce80f7-ff07-de11-b4e1-02bf9e69ca65","agreement-88ce80f7-ff07-de11-b4e1-02bf9e69ca65","agreement-5bce80f7-ff07-de11-b4e1-02bf9e69ca65","agreement-9477b1e1-28ad-e011-8875-005056b20278","agreement-43ce80f7-ff07-de11-b4e1-02bf9e69ca65","agreement-44ce80f7-ff07-de11-b4e1-02bf9e69ca65","agreement-9277b1e1-28ad-e011-8875-005056b20278","agreement-87ce80f7-ff07-de11-b4e1-02bf9e69ca65","agreement-7ace80f7-ff07-de11-b4e1-02bf9e69ca65","agreement-f3ee7667-590c-ea11-8160-003dd8b71d64","agreement-46ce80f7-ff07-de11-b4e1-02bf9e69ca65","agreement-cccd80f7-ff07-de11-b4e1-02bf9e69ca65","agreement-18ce80f7-ff07-de11-b4e1-02bf9e69ca65","agreement-7bce80f7-ff07-de11-b4e1-02bf9e69ca65","agreement-7ece80f7-ff07-de11-b4e1-02bf9e69ca65","agreement-83ce80f7-ff07-de11-b4e1-02bf9e69ca65","agreement-912420e1-4718-e711-810c-003dd8b71e47","agreement-bbcd80f7-ff07-de11-b4e1-02bf9e69ca65","agreement-becd80f7-ff07-de11-b4e1-02bf9e69ca65","agreement-42ce80f7-ff07-de11-b4e1-02bf9e69ca65","agreement-99ce80f7-ff07-de11-b4e1-02bf9e69ca65","agreement-49ce80f7-ff07-de11-b4e1-02bf9e69ca65","agreement-284e69e0-7a56-de11-bdb9-02bf9e69ca65","agreement-587f7203-7b56-de11-bdb9-02bf9e69ca65","agreement-26ce80f7-ff07-de11-b4e1-02bf9e69ca65","agreement-68c1af9f-6b56-de11-bdb9-02bf9e69ca65","agreement-29ce80f7-ff07-de11-b4e1-02bf9e69ca65","agreement-1fce80f7-ff07-de11-b4e1-02bf9e69ca65","agreement-25ce80f7-ff07-de11-b4e1-02bf9e69ca65","agreement-1ece80f7-ff07-de11-b4e1-02bf9e69ca65","agreement-acce80f7-ff07-de11-b4e1-02bf9e69ca65","agreement-59ce80f7-ff07-de11-b4e1-02bf9e69ca65","agreement-abce80f7-ff07-de11-b4e1-02bf9e69ca65","agreement-53ce80f7-ff07-de11-b4e1-02bf9e69ca65","agreement-6ace80f7-ff07-de11-b4e1-02bf9e69ca65","agreement-69ce80f7-ff07-de11-b4e1-02bf9e69ca65","agreement-4cce80f7-ff07-de11-b4e1-02bf9e69ca65","agreement-4fce80f7-ff07-de11-b4e1-02bf9e69ca65","agreement-23ce80f7-ff07-de11-b4e1-02bf9e69ca65","agreement-7cce80f7-ff07-de11-b4e1-02bf9e69ca65","agreement-8ace80f7-ff07-de11-b4e1-02bf9e69ca65","agreement-67ce80f7-ff07-de11-b4e1-02bf9e69ca65","agreement-60ce80f7-ff07-de11-b4e1-02bf9e69ca65","agreement-bfcd80f7-ff07-de11-b4e1-02bf9e69ca65","agreement-c1aa62bf-6a50-e911-812e-003dd8b71e47","agreement-a438d278-7ccb-e711-810f-003dd8b71e49","agreement-c0cd80f7-ff07-de11-b4e1-02bf9e69ca65","agreement-adce80f7-ff07-de11-b4e1-02bf9e69ca65","agreement-66ce80f7-ff07-de11-b4e1-02bf9e69ca65","agreement-78ce80f7-ff07-de11-b4e1-02bf9e69ca65","agreement-d8372015-3f44-e211-be83-005056b20fd8","agreement-1ac6e1f5-3f44-e211-be83-005056b20fd8","agreement-0c9dcc75-6a50-e911-812e-003dd8b71e47","agreement-70ee1081-3f44-e211-be83-005056b20fd8"],"acf":[],"yoast_head":"<!-- This site is optimized with the Yoast SEO Premium plugin v26.8 (Yoast SEO v26.8) - https:\/\/yoast.com\/product\/yoast-seo-premium-wordpress\/ -->\n<title>F\u00f6r\u00e4ndringar i de kollektivavtalade pensions-, f\u00f6rs\u00e4krings- och omst\u00e4llningssystemen fr\u00e5n och med 1 januari 2026 | Almega<\/title>\n<meta name=\"robots\" content=\"index, follow, max-snippet:-1, max-image-preview:large, max-video-preview:-1\" \/>\n<link rel=\"canonical\" href=\"https:\/\/www.almega.se\/2025\/11\/forandringar-i-det-kollektivavtalade-pensions-forsakrings-och-omstallningssystemen-fran-och-med-1-januari-2026\/\" \/>\n<meta property=\"og:locale\" content=\"sv_SE\" \/>\n<meta property=\"og:type\" content=\"article\" \/>\n<meta property=\"og:title\" content=\"F\u00f6r\u00e4ndringar i de kollektivavtalade pensions-, f\u00f6rs\u00e4krings- och omst\u00e4llningssystemen fr\u00e5n och med 1 januari 2026\" \/>\n<meta property=\"og:description\" content=\"1. H\u00f6jda \u00e5ldersgr\u00e4nser i Trygghetsf\u00f6rs\u00e4kring vid arbetsskada &#8211; TFA (LO och PTK) Fr\u00e5n och med 2026-01-01 h\u00f6js \u00e5ldersgr\u00e4nsen fr\u00e5n 66 \u00e5r till 67 \u00e5r f\u00f6r hel livr\u00e4nta och f\u00f6r efterskyddet. Den h\u00f6jda \u00e5ldersgr\u00e4nsen g\u00e4ller \u00e4ven &hellip;\" \/>\n<meta property=\"og:url\" content=\"https:\/\/www.almega.se\/2025\/11\/forandringar-i-det-kollektivavtalade-pensions-forsakrings-och-omstallningssystemen-fran-och-med-1-januari-2026\/\" \/>\n<meta property=\"og:site_name\" content=\"Almega\" \/>\n<meta property=\"article:published_time\" content=\"2025-11-19T12:55:17+00:00\" \/>\n<meta property=\"article:modified_time\" content=\"2025-11-20T16:43:09+00:00\" \/>\n<meta property=\"og:image\" content=\"https:\/\/www.almega.se\/app\/uploads\/2020\/12\/almega-share-logo.png\" \/>\n\t<meta property=\"og:image:width\" content=\"1200\" \/>\n\t<meta property=\"og:image:height\" content=\"630\" \/>\n\t<meta property=\"og:image:type\" content=\"image\/png\" \/>\n<meta name=\"author\" content=\"Eva Pettersson\" \/>\n<meta name=\"twitter:card\" content=\"summary_large_image\" \/>\n<meta name=\"twitter:label1\" content=\"Skriven av\" \/>\n\t<meta name=\"twitter:data1\" content=\"Eva Pettersson\" \/>\n\t<meta name=\"twitter:label2\" content=\"Ber\u00e4knad l\u00e4stid\" \/>\n\t<meta name=\"twitter:data2\" content=\"3 minuter\" \/>\n<!-- \/ Yoast SEO Premium plugin. -->","yoast_head_json":{"title":"F\u00f6r\u00e4ndringar i de kollektivavtalade pensions-, f\u00f6rs\u00e4krings- och omst\u00e4llningssystemen fr\u00e5n och med 1 januari 2026 | Almega","robots":{"index":"index","follow":"follow","max-snippet":"max-snippet:-1","max-image-preview":"max-image-preview:large","max-video-preview":"max-video-preview:-1"},"canonical":"https:\/\/www.almega.se\/2025\/11\/forandringar-i-det-kollektivavtalade-pensions-forsakrings-och-omstallningssystemen-fran-och-med-1-januari-2026\/","og_locale":"sv_SE","og_type":"article","og_title":"F\u00f6r\u00e4ndringar i de kollektivavtalade pensions-, f\u00f6rs\u00e4krings- och omst\u00e4llningssystemen fr\u00e5n och med 1 januari 2026","og_description":"1. H\u00f6jda \u00e5ldersgr\u00e4nser i Trygghetsf\u00f6rs\u00e4kring vid arbetsskada &#8211; TFA (LO och PTK) Fr\u00e5n och med 2026-01-01 h\u00f6js \u00e5ldersgr\u00e4nsen fr\u00e5n 66 \u00e5r till 67 \u00e5r f\u00f6r hel livr\u00e4nta och f\u00f6r efterskyddet. Den h\u00f6jda \u00e5ldersgr\u00e4nsen g\u00e4ller \u00e4ven &hellip;","og_url":"https:\/\/www.almega.se\/2025\/11\/forandringar-i-det-kollektivavtalade-pensions-forsakrings-och-omstallningssystemen-fran-och-med-1-januari-2026\/","og_site_name":"Almega","article_published_time":"2025-11-19T12:55:17+00:00","article_modified_time":"2025-11-20T16:43:09+00:00","og_image":[{"width":1200,"height":630,"url":"https:\/\/www.almega.se\/app\/uploads\/2020\/12\/almega-share-logo.png","type":"image\/png"}],"author":"Eva Pettersson","twitter_card":"summary_large_image","twitter_misc":{"Skriven av":"Eva Pettersson","Ber\u00e4knad l\u00e4stid":"3 minuter"},"schema":{"@context":"https:\/\/schema.org","@graph":[{"@type":"NewsArticle","@id":"https:\/\/www.almega.se\/2025\/11\/forandringar-i-det-kollektivavtalade-pensions-forsakrings-och-omstallningssystemen-fran-och-med-1-januari-2026\/#article","isPartOf":{"@id":"https:\/\/www.almega.se\/2025\/11\/forandringar-i-det-kollektivavtalade-pensions-forsakrings-och-omstallningssystemen-fran-och-med-1-januari-2026\/"},"author":{"name":"Eva Pettersson","@id":"https:\/\/www.almega.se\/#\/schema\/person\/50d695bb8f918c77bd2be177892f84b1"},"headline":"F\u00f6r\u00e4ndringar i de kollektiv&shy;avtalade pensions-, f\u00f6rs\u00e4krings- och omst\u00e4llningssystemen fr\u00e5n och med 1 januari 2026","datePublished":"2025-11-19T12:55:17+00:00","dateModified":"2025-11-20T16:43:09+00:00","mainEntityOfPage":{"@id":"https:\/\/www.almega.se\/2025\/11\/forandringar-i-det-kollektivavtalade-pensions-forsakrings-och-omstallningssystemen-fran-och-med-1-januari-2026\/"},"wordCount":650,"inLanguage":"sv-SE"},{"@type":"WebPage","@id":"https:\/\/www.almega.se\/2025\/11\/forandringar-i-det-kollektivavtalade-pensions-forsakrings-och-omstallningssystemen-fran-och-med-1-januari-2026\/","url":"https:\/\/www.almega.se\/2025\/11\/forandringar-i-det-kollektivavtalade-pensions-forsakrings-och-omstallningssystemen-fran-och-med-1-januari-2026\/","name":"F\u00f6r\u00e4ndringar i de kollektivavtalade pensions-, f\u00f6rs\u00e4krings- och omst\u00e4llningssystemen fr\u00e5n och med 1 januari 2026 | Almega","isPartOf":{"@id":"https:\/\/www.almega.se\/#website"},"datePublished":"2025-11-19T12:55:17+00:00","dateModified":"2025-11-20T16:43:09+00:00","author":{"@id":"https:\/\/www.almega.se\/#\/schema\/person\/50d695bb8f918c77bd2be177892f84b1"},"breadcrumb":{"@id":"https:\/\/www.almega.se\/2025\/11\/forandringar-i-det-kollektivavtalade-pensions-forsakrings-och-omstallningssystemen-fran-och-med-1-januari-2026\/#breadcrumb"},"inLanguage":"sv-SE","potentialAction":[{"@type":"ReadAction","target":["https:\/\/www.almega.se\/2025\/11\/forandringar-i-det-kollektivavtalade-pensions-forsakrings-och-omstallningssystemen-fran-och-med-1-januari-2026\/"]}]},{"@type":"BreadcrumbList","@id":"https:\/\/www.almega.se\/2025\/11\/forandringar-i-det-kollektivavtalade-pensions-forsakrings-och-omstallningssystemen-fran-och-med-1-januari-2026\/#breadcrumb","itemListElement":[{"@type":"ListItem","position":1,"name":"Home","item":"https:\/\/www.almega.se\/"},{"@type":"ListItem","position":2,"name":"F\u00f6r\u00e4ndringar i de kollektiv&shy;avtalade pensions-, f\u00f6rs\u00e4krings- och omst\u00e4llningssystemen fr\u00e5n och med 1 januari 2026"}]},{"@type":"WebSite","@id":"https:\/\/www.almega.se\/#website","url":"https:\/\/www.almega.se\/","name":"Almega","description":"","potentialAction":[{"@type":"SearchAction","target":{"@type":"EntryPoint","urlTemplate":"https:\/\/www.almega.se\/?s={search_term_string}"},"query-input":{"@type":"PropertyValueSpecification","valueRequired":true,"valueName":"search_term_string"}}],"inLanguage":"sv-SE"},{"@type":"Person","@id":"https:\/\/www.almega.se\/#\/schema\/person\/50d695bb8f918c77bd2be177892f84b1","name":"Eva Pettersson","image":{"@type":"ImageObject","inLanguage":"sv-SE","@id":"https:\/\/www.almega.se\/#\/schema\/person\/image\/","url":"https:\/\/secure.gravatar.com\/avatar\/c4811d04bd37924073d3b0ce1984d0651f0f37902ffb665f3ca439bb5b3e306f?s=96&d=mm&r=g","contentUrl":"https:\/\/secure.gravatar.com\/avatar\/c4811d04bd37924073d3b0ce1984d0651f0f37902ffb665f3ca439bb5b3e306f?s=96&d=mm&r=g","caption":"Eva Pettersson"},"url":"https:\/\/www.almega.se\/person\/evapettersson-2\/"}]}},"_links":{"self":[{"href":"https:\/\/www.almega.se\/api\/wp\/v2\/posts\/84127","targetHints":{"allow":["GET"]}}],"collection":[{"href":"https:\/\/www.almega.se\/api\/wp\/v2\/posts"}],"about":[{"href":"https:\/\/www.almega.se\/api\/wp\/v2\/types\/post"}],"author":[{"embeddable":true,"href":"https:\/\/www.almega.se\/api\/wp\/v2\/users\/14836"}],"replies":[{"embeddable":true,"href":"https:\/\/www.almega.se\/api\/wp\/v2\/comments?post=84127"}],"version-history":[{"count":9,"href":"https:\/\/www.almega.se\/api\/wp\/v2\/posts\/84127\/revisions"}],"predecessor-version":[{"id":84171,"href":"https:\/\/www.almega.se\/api\/wp\/v2\/posts\/84127\/revisions\/84171"}],"wp:attachment":[{"href":"https:\/\/www.almega.se\/api\/wp\/v2\/media?parent=84127"}],"wp:term":[{"taxonomy":"category","embeddable":true,"href":"https:\/\/www.almega.se\/api\/wp\/v2\/categories?post=84127"},{"taxonomy":"post_tag","embeddable":true,"href":"https:\/\/www.almega.se\/api\/wp\/v2\/tags?post=84127"},{"taxonomy":"type","embeddable":true,"href":"https:\/\/www.almega.se\/api\/wp\/v2\/article_type?post=84127"},{"taxonomy":"agreement","embeddable":true,"href":"https:\/\/www.almega.se\/api\/wp\/v2\/agreement?post=84127"}],"curies":[{"name":"wp","href":"https:\/\/api.w.org\/{rel}","templated":true}]}}