{"id":84121,"date":"2025-11-19T10:01:00","date_gmt":"2025-11-19T09:01:00","guid":{"rendered":"https:\/\/www.almega.se\/2025\/11\/ny-forbundsdirektor-for-vardforetagarna-inom-almega\/"},"modified":"2025-11-20T08:36:25","modified_gmt":"2025-11-20T07:36:25","slug":"ny-forbundsdirektor-for-vardforetagarna-inom-almega","status":"publish","type":"post","link":"https:\/\/www.almega.se\/2025\/11\/ny-forbundsdirektor-for-vardforetagarna-inom-almega\/","title":{"rendered":"Ny f\u00f6rbundsdirekt\u00f6r f\u00f6r V\u00e5rd&shy;f\u00f6retagarna inom Almega"},"content":{"rendered":"<p class=\"intro\">Gunnar Caperius blir ny f\u00f6rbundsdirekt\u00f6r f\u00f6r V\u00e5rdf\u00f6retagarna. Han kommer n\u00e4rmast fr\u00e5n en tj\u00e4nst som bitr\u00e4dande partisekreterare och policychef f\u00f6r Centerpartiet och tilltr\u00e4der sin nya tj\u00e4nst vid \u00e5rsskiftet.<\/p>\n\n<p class=\"intro\">\u2013 Jag \u00e4r hedrad och glad \u00f6ver f\u00f6rtroendet att f\u00e5 leda V\u00e5rdf\u00f6retagarna. Det \u00e4r en sp\u00e4nnande tid med val\u00e5r, v\u00e4xande behov av v\u00e5rd och omsorg och en intensiv debatt om hur framtidens v\u00e4lf\u00e4rd ska organiseras. Privata v\u00e5rd- och omsorgsgivare spelar en enormt viktig roll, f\u00f6r en m\u00e5ngfald och m\u00f6jlighet f\u00f6r b\u00e5de medarbetare, patienter och omsorgstagare att v\u00e4lja mellan olika arbetsgivare. Den innovationskraft som f\u00f6retagen bidrar med beh\u00f6vs mer \u00e4n n\u00e5gonsin. Jag ser mycket fram emot att f\u00e5 s\u00e4tta mig in i de fr\u00e5gor som formar medlemsf\u00f6retagens vardag och verklighet, s\u00e4ger <strong>Gunnar Caperius.<\/strong><\/p>\n\n\n\n<p>Gunnar Caperius har en masterexamen i europeisk politik och policy fr\u00e5n London School of Economics och \u00f6ver 20 \u00e5rs erfarenhet av svensk politik, bland annat fr\u00e5n Centerpartiet, Regeringskansliet och som public affairs-r\u00e5dgivare.<\/p>\n\n\n\n<p>\u2013 Jag \u00e4r mycket glad \u00f6ver rekryteringen av Gunnar Caperius. Han har l\u00e5ng och gedigen erfarenhet av politik och p\u00e5verkansarbete och jag \u00e4r \u00f6vertygad om att hans djupa kunskaper blir v\u00e4rdefulla f\u00f6r oss. Vi f\u00e5r ocks\u00e5 en skicklig ledare som \u00e4r respekterad i breda kretsar. V\u00e5rdf\u00f6retagarna har tagit stora kliv som organisation och Gunnar har alla f\u00f6ruts\u00e4ttningar att ta arbetet vidare till gagn f\u00f6r patienter och omsorgstagare, s\u00e4ger<strong> Mark Jensen,<\/strong> Ambeas koncernchef och ordf\u00f6rande i V\u00e5rdf\u00f6retagarna.<\/p>\n\n\n\n<p>\u00c4ven Almegas vd, <strong>Ann \u00d6berg<\/strong>, \u00e4r n\u00f6jd med rekryteringen:<\/p>\n\n\n\n<p>\u2013 Givet Gunnar Caperius bakgrund och politiska f\u00f6rst\u00e5else kommer han bli ett viktigt och v\u00e4lkommet tillskott, inte bara f\u00f6r V\u00e5rdf\u00f6retagarna utan \u00e4ven f\u00f6r Almega och \u00f6vriga tj\u00e4nstesektorn. Jag ser fram emot att tillsammans kunna skapa \u00e4nnu b\u00e4ttre f\u00f6ruts\u00e4ttningar f\u00f6r alla v\u00e5ra medlemsf\u00f6retag, s\u00e4ger Ann \u00d6berg.<\/p>\n","protected":false},"excerpt":{"rendered":"<p>Gunnar Caperius blir ny f\u00f6rbundsdirekt\u00f6r f\u00f6r V\u00e5rdf\u00f6retagarna. Han kommer n\u00e4rmast fr\u00e5n en tj\u00e4nst som bitr\u00e4dande partisekreterare och policychef f\u00f6r Centerpartiet och tilltr\u00e4der sin nya tj\u00e4nst vid \u00e5rsskiftet.<\/p>\n","protected":false},"author":21574,"featured_media":84154,"comment_status":"closed","ping_status":"closed","sticky":false,"template":"","format":"standard","meta":{"_acf_changed":false,"footnotes":""},"categories":[603],"tags":[],"article_type":[93],"agreement":[],"class_list":["post-84121","post","type-post","status-publish","format-standard","has-post-thumbnail","hentry","category-almega","type-pressmeddelanden"],"acf":[],"yoast_head":"<!-- This site is optimized with the Yoast SEO Premium plugin v26.8 (Yoast SEO v26.8) - https:\/\/yoast.com\/product\/yoast-seo-premium-wordpress\/ -->\n<title>Ny f\u00f6rbundsdirekt\u00f6r f\u00f6r V\u00e5rdf\u00f6retagarna inom Almega | Almega<\/title>\n<meta name=\"robots\" content=\"index, follow, max-snippet:-1, max-image-preview:large, max-video-preview:-1\" \/>\n<link rel=\"canonical\" href=\"https:\/\/www.almega.se\/2025\/11\/ny-forbundsdirektor-for-vardforetagarna-inom-almega\/\" \/>\n<meta property=\"og:locale\" content=\"sv_SE\" \/>\n<meta property=\"og:type\" content=\"article\" \/>\n<meta property=\"og:title\" content=\"Ny f\u00f6rbundsdirekt\u00f6r f\u00f6r V\u00e5rdf\u00f6retagarna inom Almega\" \/>\n<meta property=\"og:description\" content=\"Gunnar Caperius blir ny f\u00f6rbundsdirekt\u00f6r f\u00f6r V\u00e5rdf\u00f6retagarna. Han kommer n\u00e4rmast fr\u00e5n en tj\u00e4nst som bitr\u00e4dande partisekreterare och policychef f\u00f6r Centerpartiet och tilltr\u00e4der sin nya tj\u00e4nst vid \u00e5rsskiftet.\" \/>\n<meta property=\"og:url\" content=\"https:\/\/www.almega.se\/2025\/11\/ny-forbundsdirektor-for-vardforetagarna-inom-almega\/\" \/>\n<meta property=\"og:site_name\" content=\"Almega\" \/>\n<meta property=\"article:published_time\" content=\"2025-11-19T09:01:00+00:00\" \/>\n<meta property=\"article:modified_time\" content=\"2025-11-20T07:36:25+00:00\" \/>\n<meta property=\"og:image\" content=\"https:\/\/www.almega.se\/app\/uploads\/2025\/11\/gunnar.png\" \/>\n\t<meta property=\"og:image:width\" content=\"1050\" \/>\n\t<meta property=\"og:image:height\" content=\"793\" \/>\n\t<meta property=\"og:image:type\" content=\"image\/png\" \/>\n<meta name=\"author\" content=\"Sandra Mildenberger\" \/>\n<meta name=\"twitter:card\" content=\"summary_large_image\" \/>\n<meta name=\"twitter:label1\" content=\"Skriven av\" \/>\n\t<meta name=\"twitter:data1\" content=\"Sandra Mildenberger\" \/>\n\t<meta name=\"twitter:label2\" content=\"Ber\u00e4knad l\u00e4stid\" \/>\n\t<meta name=\"twitter:data2\" content=\"2 minuter\" \/>\n<!-- \/ Yoast SEO Premium plugin. -->","yoast_head_json":{"title":"Ny f\u00f6rbundsdirekt\u00f6r f\u00f6r V\u00e5rdf\u00f6retagarna inom Almega | Almega","robots":{"index":"index","follow":"follow","max-snippet":"max-snippet:-1","max-image-preview":"max-image-preview:large","max-video-preview":"max-video-preview:-1"},"canonical":"https:\/\/www.almega.se\/2025\/11\/ny-forbundsdirektor-for-vardforetagarna-inom-almega\/","og_locale":"sv_SE","og_type":"article","og_title":"Ny f\u00f6rbundsdirekt\u00f6r f\u00f6r V\u00e5rdf\u00f6retagarna inom Almega","og_description":"Gunnar Caperius blir ny f\u00f6rbundsdirekt\u00f6r f\u00f6r V\u00e5rdf\u00f6retagarna. Han kommer n\u00e4rmast fr\u00e5n en tj\u00e4nst som bitr\u00e4dande partisekreterare och policychef f\u00f6r Centerpartiet och tilltr\u00e4der sin nya tj\u00e4nst vid \u00e5rsskiftet.","og_url":"https:\/\/www.almega.se\/2025\/11\/ny-forbundsdirektor-for-vardforetagarna-inom-almega\/","og_site_name":"Almega","article_published_time":"2025-11-19T09:01:00+00:00","article_modified_time":"2025-11-20T07:36:25+00:00","og_image":[{"width":1050,"height":793,"url":"https:\/\/www.almega.se\/app\/uploads\/2025\/11\/gunnar.png","type":"image\/png"}],"author":"Sandra Mildenberger","twitter_card":"summary_large_image","twitter_misc":{"Skriven av":"Sandra Mildenberger","Ber\u00e4knad l\u00e4stid":"2 minuter"},"schema":{"@context":"https:\/\/schema.org","@graph":[{"@type":"NewsArticle","@id":"https:\/\/www.almega.se\/2025\/11\/ny-forbundsdirektor-for-vardforetagarna-inom-almega\/#article","isPartOf":{"@id":"https:\/\/www.almega.se\/2025\/11\/ny-forbundsdirektor-for-vardforetagarna-inom-almega\/"},"author":{"name":"Sandra Mildenberger","@id":"https:\/\/www.almega.se\/#\/schema\/person\/432bf15cd5b8c34477366237d76e0e28"},"headline":"Ny f\u00f6rbundsdirekt\u00f6r f\u00f6r V\u00e5rd&shy;f\u00f6retagarna inom Almega","datePublished":"2025-11-19T09:01:00+00:00","dateModified":"2025-11-20T07:36:25+00:00","mainEntityOfPage":{"@id":"https:\/\/www.almega.se\/2025\/11\/ny-forbundsdirektor-for-vardforetagarna-inom-almega\/"},"wordCount":317,"image":{"@id":"https:\/\/www.almega.se\/2025\/11\/ny-forbundsdirektor-for-vardforetagarna-inom-almega\/#primaryimage"},"thumbnailUrl":"https:\/\/www.almega.se\/app\/uploads\/2025\/11\/gunnar.png","articleSection":["Almega"],"inLanguage":"sv-SE"},{"@type":"WebPage","@id":"https:\/\/www.almega.se\/2025\/11\/ny-forbundsdirektor-for-vardforetagarna-inom-almega\/","url":"https:\/\/www.almega.se\/2025\/11\/ny-forbundsdirektor-for-vardforetagarna-inom-almega\/","name":"Ny f\u00f6rbundsdirekt\u00f6r f\u00f6r V\u00e5rdf\u00f6retagarna inom Almega | Almega","isPartOf":{"@id":"https:\/\/www.almega.se\/#website"},"primaryImageOfPage":{"@id":"https:\/\/www.almega.se\/2025\/11\/ny-forbundsdirektor-for-vardforetagarna-inom-almega\/#primaryimage"},"image":{"@id":"https:\/\/www.almega.se\/2025\/11\/ny-forbundsdirektor-for-vardforetagarna-inom-almega\/#primaryimage"},"thumbnailUrl":"https:\/\/www.almega.se\/app\/uploads\/2025\/11\/gunnar.png","datePublished":"2025-11-19T09:01:00+00:00","dateModified":"2025-11-20T07:36:25+00:00","author":{"@id":"https:\/\/www.almega.se\/#\/schema\/person\/432bf15cd5b8c34477366237d76e0e28"},"breadcrumb":{"@id":"https:\/\/www.almega.se\/2025\/11\/ny-forbundsdirektor-for-vardforetagarna-inom-almega\/#breadcrumb"},"inLanguage":"sv-SE","potentialAction":[{"@type":"ReadAction","target":["https:\/\/www.almega.se\/2025\/11\/ny-forbundsdirektor-for-vardforetagarna-inom-almega\/"]}]},{"@type":"ImageObject","inLanguage":"sv-SE","@id":"https:\/\/www.almega.se\/2025\/11\/ny-forbundsdirektor-for-vardforetagarna-inom-almega\/#primaryimage","url":"https:\/\/www.almega.se\/app\/uploads\/2025\/11\/gunnar.png","contentUrl":"https:\/\/www.almega.se\/app\/uploads\/2025\/11\/gunnar.png","width":1050,"height":793,"caption":"Gunnar Caperius"},{"@type":"BreadcrumbList","@id":"https:\/\/www.almega.se\/2025\/11\/ny-forbundsdirektor-for-vardforetagarna-inom-almega\/#breadcrumb","itemListElement":[{"@type":"ListItem","position":1,"name":"Home","item":"https:\/\/www.almega.se\/"},{"@type":"ListItem","position":2,"name":"Ny f\u00f6rbundsdirekt\u00f6r f\u00f6r V\u00e5rd&shy;f\u00f6retagarna inom Almega"}]},{"@type":"WebSite","@id":"https:\/\/www.almega.se\/#website","url":"https:\/\/www.almega.se\/","name":"Almega","description":"","potentialAction":[{"@type":"SearchAction","target":{"@type":"EntryPoint","urlTemplate":"https:\/\/www.almega.se\/?s={search_term_string}"},"query-input":{"@type":"PropertyValueSpecification","valueRequired":true,"valueName":"search_term_string"}}],"inLanguage":"sv-SE"},{"@type":"Person","@id":"https:\/\/www.almega.se\/#\/schema\/person\/432bf15cd5b8c34477366237d76e0e28","name":"Sandra Mildenberger","image":{"@type":"ImageObject","inLanguage":"sv-SE","@id":"https:\/\/www.almega.se\/#\/schema\/person\/image\/","url":"https:\/\/secure.gravatar.com\/avatar\/303ee6ef75fa0849b0b85e527659b8bf3457cd9509f76c13628965581b041b41?s=96&d=mm&r=g","contentUrl":"https:\/\/secure.gravatar.com\/avatar\/303ee6ef75fa0849b0b85e527659b8bf3457cd9509f76c13628965581b041b41?s=96&d=mm&r=g","caption":"Sandra Mildenberger"},"url":"https:\/\/www.almega.se\/person\/sandramildenberger\/"}]}},"_links":{"self":[{"href":"https:\/\/www.almega.se\/api\/wp\/v2\/posts\/84121","targetHints":{"allow":["GET"]}}],"collection":[{"href":"https:\/\/www.almega.se\/api\/wp\/v2\/posts"}],"about":[{"href":"https:\/\/www.almega.se\/api\/wp\/v2\/types\/post"}],"author":[{"embeddable":true,"href":"https:\/\/www.almega.se\/api\/wp\/v2\/users\/21574"}],"replies":[{"embeddable":true,"href":"https:\/\/www.almega.se\/api\/wp\/v2\/comments?post=84121"}],"version-history":[{"count":4,"href":"https:\/\/www.almega.se\/api\/wp\/v2\/posts\/84121\/revisions"}],"predecessor-version":[{"id":84157,"href":"https:\/\/www.almega.se\/api\/wp\/v2\/posts\/84121\/revisions\/84157"}],"wp:featuredmedia":[{"embeddable":true,"href":"https:\/\/www.almega.se\/api\/wp\/v2\/media\/84154"}],"wp:attachment":[{"href":"https:\/\/www.almega.se\/api\/wp\/v2\/media?parent=84121"}],"wp:term":[{"taxonomy":"category","embeddable":true,"href":"https:\/\/www.almega.se\/api\/wp\/v2\/categories?post=84121"},{"taxonomy":"post_tag","embeddable":true,"href":"https:\/\/www.almega.se\/api\/wp\/v2\/tags?post=84121"},{"taxonomy":"type","embeddable":true,"href":"https:\/\/www.almega.se\/api\/wp\/v2\/article_type?post=84121"},{"taxonomy":"agreement","embeddable":true,"href":"https:\/\/www.almega.se\/api\/wp\/v2\/agreement?post=84121"}],"curies":[{"name":"wp","href":"https:\/\/api.w.org\/{rel}","templated":true}]}}