{"id":84071,"date":"2025-11-18T14:55:34","date_gmt":"2025-11-18T13:55:34","guid":{"rendered":"https:\/\/www.almega.se\/?p=84071"},"modified":"2025-11-20T12:53:57","modified_gmt":"2025-11-20T11:53:57","slug":"almegas-arbetsrattsliga-lagsamling-2025-ar-har","status":"publish","type":"post","link":"https:\/\/www.almega.se\/2025\/11\/almegas-arbetsrattsliga-lagsamling-2025-ar-har\/","title":{"rendered":"Nu \u00e4r Almegas arbetsr\u00e4ttsliga lagsamling 2026 h\u00e4r"},"content":{"rendered":"<p class=\"intro\">Varje \u00e5r sammanst\u00e4ller Almega en arbetsr\u00e4ttslig lagsamling med de viktigaste lagarna f\u00f6r dig som arbetar med arbetsr\u00e4tt i praktiken. \u00c5rets upplaga blev precis klar och finns nu p\u00e5 Arbetsgivarguiden. Vi har intervjuat Alva Palmqvist, arbetsr\u00e4ttsjurist p\u00e5 Almega, som ber\u00e4ttar mer om den nya upplagan.<\/p>\n<a class='Share__link Share__link--url copy-text' href='#' rel='nofollow' data-text='varfor-tar-almega-fram-en-lagsamling-varje-ar?' title='Dela url' data-confirmation='L\u00e4nken kopierades till urklipp'><svg class='icon icon--link'  width='18' height='18' viewBox='0 0 18 18' fill='none' xmlns='http:\/\/www.w3.org\/2000\/svg'>\n            <path d='M10.4142 0.514721L6.87868 4.05025L8.29289 5.46447L11.1213 2.63604L15.364 6.87868L12.5355 9.70711L13.9497 11.1213L17.4853 7.58579C17.8763 7.19476 17.8763 6.5626 17.4853 6.17158L11.8284 0.514721C11.4374 0.123691 10.8052 0.123691 10.4142 0.514721Z' fill='black'\/>\n            <path d='M9.7071 12.5355L6.87868 15.364L2.63604 11.1213L5.46446 8.2929L4.05025 6.87868L0.514716 10.4142C0.123686 10.8052 0.123686 11.4374 0.514716 11.8284L6.17157 17.4853C6.5626 17.8763 7.19475 17.8763 7.58578 17.4853L11.1213 13.9497L9.7071 12.5355Z' fill='black'\/>\n            <path d='M6.17157 11.8284C6.5626 12.2195 7.19475 12.2195 7.58578 11.8284L11.8284 7.58579C12.2195 7.19476 12.2195 6.56261 11.8284 6.17158C11.4374 5.78055 10.8052 5.78055 10.4142 6.17158L6.17157 10.4142C5.78054 10.8052 5.78054 11.4374 6.17157 11.8284Z' fill='black'\/>\n            <\/svg> <\/a>\n<h2 class=\"wp-block-heading\" id=\"h-varfor-tar-almega-fram-en-lagsamling-varje-ar\">Varf\u00f6r tar Almega fram en lagsamling varje \u00e5r?<\/h2>\n\n\n\n<p>&#8211; Vi tar fram den f\u00f6r att hj\u00e4lpa v\u00e5ra medlemmar med sitt dagliga arbetsr\u00e4ttsliga arbete, s\u00e5 att de enkelt kan sl\u00e5 i de vanligaste lagarna. Arbetsr\u00e4tten kan ju vara ett komplext regelverk, och genom att v\u00e4lja ut de lagar som till\u00e4mpas mest och h\u00e5lla lagsamlingen uppdaterad med eventuella f\u00f6r\u00e4ndringar hoppas vi att det ska underl\u00e4tta arbetet f\u00f6r v\u00e5ra medlemmar.<\/p>\n\n\n<a class='Share__link Share__link--url copy-text' href='#' rel='nofollow' data-text='vad-ar-nytt-i-arets-upplaga?' title='Dela url' data-confirmation='L\u00e4nken kopierades till urklipp'><svg class='icon icon--link'  width='18' height='18' viewBox='0 0 18 18' fill='none' xmlns='http:\/\/www.w3.org\/2000\/svg'>\n            <path d='M10.4142 0.514721L6.87868 4.05025L8.29289 5.46447L11.1213 2.63604L15.364 6.87868L12.5355 9.70711L13.9497 11.1213L17.4853 7.58579C17.8763 7.19476 17.8763 6.5626 17.4853 6.17158L11.8284 0.514721C11.4374 0.123691 10.8052 0.123691 10.4142 0.514721Z' fill='black'\/>\n            <path d='M9.7071 12.5355L6.87868 15.364L2.63604 11.1213L5.46446 8.2929L4.05025 6.87868L0.514716 10.4142C0.123686 10.8052 0.123686 11.4374 0.514716 11.8284L6.17157 17.4853C6.5626 17.8763 7.19475 17.8763 7.58578 17.4853L11.1213 13.9497L9.7071 12.5355Z' fill='black'\/>\n            <path d='M6.17157 11.8284C6.5626 12.2195 7.19475 12.2195 7.58578 11.8284L11.8284 7.58579C12.2195 7.19476 12.2195 6.56261 11.8284 6.17158C11.4374 5.78055 10.8052 5.78055 10.4142 6.17158L6.17157 10.4142C5.78054 10.8052 5.78054 11.4374 6.17157 11.8284Z' fill='black'\/>\n            <\/svg> <\/a>\n<h2 class=\"wp-block-heading\" id=\"h-vad-ar-nytt-i-arets-upplaga\">Vad \u00e4r nytt i \u00e5rets upplaga?<\/h2>\n\n\n\n<p>&#8211; En nyhet \u00e4r att vi har med en sida med tips kring hur man ska f\u00f6rst\u00e5 samspelet mellan lagstiftning och andra r\u00e4ttsk\u00e4llor. Arbetsgivare beh\u00f6ver ju \u00e4ven titta p\u00e5 andra r\u00e4ttsk\u00e4llor s\u00e5som anst\u00e4llningsavtal, kollektivavtal och domstolsavg\u00f6randen, ut\u00f6ver sj\u00e4lva lagstiftningen. D\u00e4rf\u00f6r har vi gjort ett till\u00e4gg kring hierarkin och samspelet mellan dessa k\u00e4llor som vi hoppas ska vara hj\u00e4lpsamt.<\/p>\n\n\n<a class='Share__link Share__link--url copy-text' href='#' rel='nofollow' data-text='kan-du-namna-nagra-forandringar-inom-arbetsratten?' title='Dela url' data-confirmation='L\u00e4nken kopierades till urklipp'><svg class='icon icon--link'  width='18' height='18' viewBox='0 0 18 18' fill='none' xmlns='http:\/\/www.w3.org\/2000\/svg'>\n            <path d='M10.4142 0.514721L6.87868 4.05025L8.29289 5.46447L11.1213 2.63604L15.364 6.87868L12.5355 9.70711L13.9497 11.1213L17.4853 7.58579C17.8763 7.19476 17.8763 6.5626 17.4853 6.17158L11.8284 0.514721C11.4374 0.123691 10.8052 0.123691 10.4142 0.514721Z' fill='black'\/>\n            <path d='M9.7071 12.5355L6.87868 15.364L2.63604 11.1213L5.46446 8.2929L4.05025 6.87868L0.514716 10.4142C0.123686 10.8052 0.123686 11.4374 0.514716 11.8284L6.17157 17.4853C6.5626 17.8763 7.19475 17.8763 7.58578 17.4853L11.1213 13.9497L9.7071 12.5355Z' fill='black'\/>\n            <path d='M6.17157 11.8284C6.5626 12.2195 7.19475 12.2195 7.58578 11.8284L11.8284 7.58579C12.2195 7.19476 12.2195 6.56261 11.8284 6.17158C11.4374 5.78055 10.8052 5.78055 10.4142 6.17158L6.17157 10.4142C5.78054 10.8052 5.78054 11.4374 6.17157 11.8284Z' fill='black'\/>\n            <\/svg> <\/a>\n<h2 class=\"wp-block-heading\" id=\"h-kan-du-namna-nagra-forandringar-inom-arbetsratten\">Kan du n\u00e4mna n\u00e5gra f\u00f6r\u00e4ndringar inom arbetsr\u00e4tten?<\/h2>\n\n\n\n<p>&#8211; Det senaste \u00e5ret har det skett vissa f\u00f6r\u00e4ndringar i bland annat arbetsmilj\u00f6lagen, dataskyddslagen och diskrimineringslagen. F\u00f6r\u00e4ndringen i diskrimineringslagen inneb\u00e4r att diskrimineringsgrunden k\u00f6n omfattar personer som ska \u00e4ndra\/har \u00e4ndrat k\u00f6n i folkbokf\u00f6ringen eller ska genomg\u00e5\/har genomg\u00e5tt k\u00f6nskorrigerande operation.<\/p>\n\n\n\n<p>Ta del av den nya lagsamlingen i Arbetsgivarguiden, som finns \u00f6ppen f\u00f6r dig dygnet runt \u2013 alla dagar i veckan.<\/p>\n\n\n\n      <a href=\"https:\/\/www.almega.se\/om-arbetsgivarguiden\/\" target=\"_blank\" class=\"Button is-text Button--arrow-tip\">\n      \n        G\u00e5 till Arbetsgivarguiden\n      \n      \n                \n                <svg class='icon icon--arrow-tip'  width=\"11\" height=\"16\" viewBox=\"0 0 11 16\" fill=\"none\" xmlns=\"http:\/\/www.w3.org\/2000\/svg\">\n<path d=\"M0.858398 15L9.2304 7.99664L0.967732 1.00001\" stroke=\"black\" stroke-width=\"2\" stroke-miterlimit=\"10\"\/>\n<\/svg>\n\n        \n    <\/a>\n  \n","protected":false},"excerpt":{"rendered":"<p>Varf\u00f6r tar Almega fram en lagsamling varje \u00e5r? &#8211; Vi tar fram den f\u00f6r att hj\u00e4lpa v\u00e5ra medlemmar med sitt dagliga arbetsr\u00e4ttsliga arbete, s\u00e5 att de enkelt kan sl\u00e5 i de vanligaste lagarna. Arbetsr\u00e4tten kan &hellip;<\/p>\n","protected":false},"author":21574,"featured_media":84074,"comment_status":"closed","ping_status":"closed","sticky":false,"template":"","format":"standard","meta":{"_acf_changed":false,"footnotes":""},"categories":[603,451],"tags":[],"article_type":[55,307],"agreement":[],"class_list":["post-84071","post","type-post","status-publish","format-standard","has-post-thumbnail","hentry","category-almega","category-arbetsgivarfragor","type-artiklar","type-medlemsnyheter"],"acf":[],"yoast_head":"<!-- This site is optimized with the Yoast SEO Premium plugin v26.8 (Yoast SEO v26.8) - https:\/\/yoast.com\/product\/yoast-seo-premium-wordpress\/ -->\n<title>Nu \u00e4r Almegas arbetsr\u00e4ttsliga lagsamling 2026 h\u00e4r | Almega<\/title>\n<meta name=\"robots\" content=\"index, follow, max-snippet:-1, max-image-preview:large, max-video-preview:-1\" \/>\n<link rel=\"canonical\" href=\"https:\/\/www.almega.se\/2025\/11\/almegas-arbetsrattsliga-lagsamling-2025-ar-har\/\" \/>\n<meta property=\"og:locale\" content=\"sv_SE\" \/>\n<meta property=\"og:type\" content=\"article\" \/>\n<meta property=\"og:title\" content=\"Nu \u00e4r Almegas arbetsr\u00e4ttsliga lagsamling 2026 h\u00e4r\" \/>\n<meta property=\"og:description\" content=\"Varf\u00f6r tar Almega fram en lagsamling varje \u00e5r? &#8211; Vi tar fram den f\u00f6r att hj\u00e4lpa v\u00e5ra medlemmar med sitt dagliga arbetsr\u00e4ttsliga arbete, s\u00e5 att de enkelt kan sl\u00e5 i de vanligaste lagarna. Arbetsr\u00e4tten kan &hellip;\" \/>\n<meta property=\"og:url\" content=\"https:\/\/www.almega.se\/2025\/11\/almegas-arbetsrattsliga-lagsamling-2025-ar-har\/\" \/>\n<meta property=\"og:site_name\" content=\"Almega\" \/>\n<meta property=\"article:published_time\" content=\"2025-11-18T13:55:34+00:00\" \/>\n<meta property=\"article:modified_time\" content=\"2025-11-20T11:53:57+00:00\" \/>\n<meta property=\"og:image\" content=\"https:\/\/www.almega.se\/app\/uploads\/2025\/11\/Alva_Palmqvist__DSF1064-scaled.jpg\" \/>\n\t<meta property=\"og:image:width\" content=\"2560\" \/>\n\t<meta property=\"og:image:height\" content=\"1920\" \/>\n\t<meta property=\"og:image:type\" content=\"image\/jpeg\" \/>\n<meta name=\"author\" content=\"Sandra Mildenberger\" \/>\n<meta name=\"twitter:card\" content=\"summary_large_image\" \/>\n<meta name=\"twitter:label1\" content=\"Skriven av\" \/>\n\t<meta name=\"twitter:data1\" content=\"Sandra Mildenberger\" \/>\n\t<meta name=\"twitter:label2\" content=\"Ber\u00e4knad l\u00e4stid\" \/>\n\t<meta name=\"twitter:data2\" content=\"2 minuter\" \/>\n<!-- \/ Yoast SEO Premium plugin. -->","yoast_head_json":{"title":"Nu \u00e4r Almegas arbetsr\u00e4ttsliga lagsamling 2026 h\u00e4r | Almega","robots":{"index":"index","follow":"follow","max-snippet":"max-snippet:-1","max-image-preview":"max-image-preview:large","max-video-preview":"max-video-preview:-1"},"canonical":"https:\/\/www.almega.se\/2025\/11\/almegas-arbetsrattsliga-lagsamling-2025-ar-har\/","og_locale":"sv_SE","og_type":"article","og_title":"Nu \u00e4r Almegas arbetsr\u00e4ttsliga lagsamling 2026 h\u00e4r","og_description":"Varf\u00f6r tar Almega fram en lagsamling varje \u00e5r? &#8211; Vi tar fram den f\u00f6r att hj\u00e4lpa v\u00e5ra medlemmar med sitt dagliga arbetsr\u00e4ttsliga arbete, s\u00e5 att de enkelt kan sl\u00e5 i de vanligaste lagarna. Arbetsr\u00e4tten kan &hellip;","og_url":"https:\/\/www.almega.se\/2025\/11\/almegas-arbetsrattsliga-lagsamling-2025-ar-har\/","og_site_name":"Almega","article_published_time":"2025-11-18T13:55:34+00:00","article_modified_time":"2025-11-20T11:53:57+00:00","og_image":[{"width":2560,"height":1920,"url":"https:\/\/www.almega.se\/app\/uploads\/2025\/11\/Alva_Palmqvist__DSF1064-scaled.jpg","type":"image\/jpeg"}],"author":"Sandra Mildenberger","twitter_card":"summary_large_image","twitter_misc":{"Skriven av":"Sandra Mildenberger","Ber\u00e4knad l\u00e4stid":"2 minuter"},"schema":{"@context":"https:\/\/schema.org","@graph":[{"@type":"NewsArticle","@id":"https:\/\/www.almega.se\/2025\/11\/almegas-arbetsrattsliga-lagsamling-2025-ar-har\/#article","isPartOf":{"@id":"https:\/\/www.almega.se\/2025\/11\/almegas-arbetsrattsliga-lagsamling-2025-ar-har\/"},"author":{"name":"Sandra Mildenberger","@id":"https:\/\/www.almega.se\/#\/schema\/person\/432bf15cd5b8c34477366237d76e0e28"},"headline":"Nu \u00e4r Almegas arbetsr\u00e4ttsliga lagsamling 2026 h\u00e4r","datePublished":"2025-11-18T13:55:34+00:00","dateModified":"2025-11-20T11:53:57+00:00","mainEntityOfPage":{"@id":"https:\/\/www.almega.se\/2025\/11\/almegas-arbetsrattsliga-lagsamling-2025-ar-har\/"},"wordCount":252,"image":{"@id":"https:\/\/www.almega.se\/2025\/11\/almegas-arbetsrattsliga-lagsamling-2025-ar-har\/#primaryimage"},"thumbnailUrl":"https:\/\/www.almega.se\/app\/uploads\/2025\/11\/Alva_Palmqvist__DSF1064-scaled.jpg","articleSection":["Almega","Arbetsgivarfr\u00e5gor"],"inLanguage":"sv-SE"},{"@type":"WebPage","@id":"https:\/\/www.almega.se\/2025\/11\/almegas-arbetsrattsliga-lagsamling-2025-ar-har\/","url":"https:\/\/www.almega.se\/2025\/11\/almegas-arbetsrattsliga-lagsamling-2025-ar-har\/","name":"Nu \u00e4r Almegas arbetsr\u00e4ttsliga lagsamling 2026 h\u00e4r | Almega","isPartOf":{"@id":"https:\/\/www.almega.se\/#website"},"primaryImageOfPage":{"@id":"https:\/\/www.almega.se\/2025\/11\/almegas-arbetsrattsliga-lagsamling-2025-ar-har\/#primaryimage"},"image":{"@id":"https:\/\/www.almega.se\/2025\/11\/almegas-arbetsrattsliga-lagsamling-2025-ar-har\/#primaryimage"},"thumbnailUrl":"https:\/\/www.almega.se\/app\/uploads\/2025\/11\/Alva_Palmqvist__DSF1064-scaled.jpg","datePublished":"2025-11-18T13:55:34+00:00","dateModified":"2025-11-20T11:53:57+00:00","author":{"@id":"https:\/\/www.almega.se\/#\/schema\/person\/432bf15cd5b8c34477366237d76e0e28"},"breadcrumb":{"@id":"https:\/\/www.almega.se\/2025\/11\/almegas-arbetsrattsliga-lagsamling-2025-ar-har\/#breadcrumb"},"inLanguage":"sv-SE","potentialAction":[{"@type":"ReadAction","target":["https:\/\/www.almega.se\/2025\/11\/almegas-arbetsrattsliga-lagsamling-2025-ar-har\/"]}]},{"@type":"ImageObject","inLanguage":"sv-SE","@id":"https:\/\/www.almega.se\/2025\/11\/almegas-arbetsrattsliga-lagsamling-2025-ar-har\/#primaryimage","url":"https:\/\/www.almega.se\/app\/uploads\/2025\/11\/Alva_Palmqvist__DSF1064-scaled.jpg","contentUrl":"https:\/\/www.almega.se\/app\/uploads\/2025\/11\/Alva_Palmqvist__DSF1064-scaled.jpg","width":2560,"height":1920},{"@type":"BreadcrumbList","@id":"https:\/\/www.almega.se\/2025\/11\/almegas-arbetsrattsliga-lagsamling-2025-ar-har\/#breadcrumb","itemListElement":[{"@type":"ListItem","position":1,"name":"Home","item":"https:\/\/www.almega.se\/"},{"@type":"ListItem","position":2,"name":"Nu \u00e4r Almegas arbetsr\u00e4ttsliga lagsamling 2026 h\u00e4r"}]},{"@type":"WebSite","@id":"https:\/\/www.almega.se\/#website","url":"https:\/\/www.almega.se\/","name":"Almega","description":"","potentialAction":[{"@type":"SearchAction","target":{"@type":"EntryPoint","urlTemplate":"https:\/\/www.almega.se\/?s={search_term_string}"},"query-input":{"@type":"PropertyValueSpecification","valueRequired":true,"valueName":"search_term_string"}}],"inLanguage":"sv-SE"},{"@type":"Person","@id":"https:\/\/www.almega.se\/#\/schema\/person\/432bf15cd5b8c34477366237d76e0e28","name":"Sandra Mildenberger","image":{"@type":"ImageObject","inLanguage":"sv-SE","@id":"https:\/\/www.almega.se\/#\/schema\/person\/image\/","url":"https:\/\/secure.gravatar.com\/avatar\/303ee6ef75fa0849b0b85e527659b8bf3457cd9509f76c13628965581b041b41?s=96&d=mm&r=g","contentUrl":"https:\/\/secure.gravatar.com\/avatar\/303ee6ef75fa0849b0b85e527659b8bf3457cd9509f76c13628965581b041b41?s=96&d=mm&r=g","caption":"Sandra Mildenberger"},"url":"https:\/\/www.almega.se\/person\/sandramildenberger\/"}]}},"_links":{"self":[{"href":"https:\/\/www.almega.se\/api\/wp\/v2\/posts\/84071","targetHints":{"allow":["GET"]}}],"collection":[{"href":"https:\/\/www.almega.se\/api\/wp\/v2\/posts"}],"about":[{"href":"https:\/\/www.almega.se\/api\/wp\/v2\/types\/post"}],"author":[{"embeddable":true,"href":"https:\/\/www.almega.se\/api\/wp\/v2\/users\/21574"}],"replies":[{"embeddable":true,"href":"https:\/\/www.almega.se\/api\/wp\/v2\/comments?post=84071"}],"version-history":[{"count":6,"href":"https:\/\/www.almega.se\/api\/wp\/v2\/posts\/84071\/revisions"}],"predecessor-version":[{"id":84164,"href":"https:\/\/www.almega.se\/api\/wp\/v2\/posts\/84071\/revisions\/84164"}],"wp:featuredmedia":[{"embeddable":true,"href":"https:\/\/www.almega.se\/api\/wp\/v2\/media\/84074"}],"wp:attachment":[{"href":"https:\/\/www.almega.se\/api\/wp\/v2\/media?parent=84071"}],"wp:term":[{"taxonomy":"category","embeddable":true,"href":"https:\/\/www.almega.se\/api\/wp\/v2\/categories?post=84071"},{"taxonomy":"post_tag","embeddable":true,"href":"https:\/\/www.almega.se\/api\/wp\/v2\/tags?post=84071"},{"taxonomy":"type","embeddable":true,"href":"https:\/\/www.almega.se\/api\/wp\/v2\/article_type?post=84071"},{"taxonomy":"agreement","embeddable":true,"href":"https:\/\/www.almega.se\/api\/wp\/v2\/agreement?post=84071"}],"curies":[{"name":"wp","href":"https:\/\/api.w.org\/{rel}","templated":true}]}}