{"id":83976,"date":"2025-11-13T13:25:24","date_gmt":"2025-11-13T12:25:24","guid":{"rendered":"https:\/\/www.almega.se\/?p=83976"},"modified":"2025-11-24T13:56:07","modified_gmt":"2025-11-24T12:56:07","slug":"sa-paverkar-ai-utvecklingen-svensk-arbetsmarknad","status":"publish","type":"post","link":"https:\/\/www.almega.se\/2025\/11\/sa-paverkar-ai-utvecklingen-svensk-arbetsmarknad\/","title":{"rendered":"S\u00e5 p\u00e5verkar AI-utvecklingen svensk arbetsmarknad"},"content":{"rendered":"<p class=\"intro\">Maria Elinder, Almegas utvecklingschef och representant i arbetsmarknadens AI-r\u00e5d, g\u00e4stade Studio Ett i P1 p\u00e5 temat &#8221;Hur p\u00e5verkar AI-utvecklingen den svenska arbetsmarknaden?&#8221;.<\/p>\n\n<p>\u2013 Det vi kan se \u00e4r att ungef\u00e4r 60-70 procent av arbetsuppgifterna kommer p\u00e5verkas fram till 2030. Yrken kan ha h\u00f6gre eller l\u00e4gre exponering mot AI, d\u00e4r AI kan utf\u00f6ra vissa av arbetsuppgifterna, s\u00e4ger <strong>Maria Elinder<\/strong> i <a href=\"https:\/\/www.sverigesradio.se\/artikel\/hur-paverkar-ai-utvecklingen-den-svenska-arbetsmarknaden\"><\/a><a href=\"https:\/\/www.sverigesradio.se\/artikel\/hur-paverkar-ai-utvecklingen-den-svenska-arbetsmarknaden\">inslaget i Sveriges Radios Studio Ett.<\/a><\/p>\n\n\n\n<p>De branscher som \u00e4r h\u00f6gst exponerade mot AI finns inom den privata tj\u00e4nstesektorn. Den st\u00f6rsta andelen h\u00f6gt exponerade yrken finns inom finans och f\u00f6rs\u00e4kring f\u00f6ljd information och kommunikation d\u00e4r IT-sektorn finns, visar <a href=\"https:\/\/www.almega.se\/2025\/04\/ny-rapport-jobb-som-ersatts-av-ai-och-jobb-som-kompletteras\/\">en rapport<\/a> fr\u00e5n Almega.\u00a0<\/p>\n\n\n\n      <blockquote class=\"Expert-comment__quote\">\n      <p>&#8221;Det kommer ocks\u00e5 nya yrken i och med AI-utvecklingen&#8221;<\/p>\n\n      \n             <a href=\"https:\/\/www.almega.se\/person\/mariaelinder\/\">\n          <figure class=\"Contact-card__image\">\n            <img decoding=\"async\" src=\"https:\/\/www.almega.se\/app\/uploads\/2025\/11\/Maria_Elinder_DSF2677-380x285.jpg\" alt=\"Maria Elinder\">\n          <\/figure>\n        <\/a>\n          \n      <h2 class=\"Contact-card__title\">Maria Elinder<\/h2>\n      <p class=\"mb-0\">F\u00f6rbundsdirekt\u00f6r S\u00e4kerhetsf\u00f6retagen<\/p>\n      \n                  <a href=\"https:\/\/www.almega.se\/person\/mariaelinder\/\" class=\"Contact-card__link\">\n        \n          <p class=\"Contact-card__arrow__text\">L\u00e4s mer<\/p>\n          \n          <svg class='icon icon--arrow-tip'  width=\"11\" height=\"16\" viewBox=\"0 0 11 16\" fill=\"none\" xmlns=\"http:\/\/www.w3.org\/2000\/svg\">\n<path d=\"M0.858398 15L9.2304 7.99664L0.967732 1.00001\" stroke=\"black\" stroke-width=\"2\" stroke-miterlimit=\"10\"\/>\n<\/svg>\n\n          \n      <\/a>\n\n      \n    \n  \n    <\/blockquote>\n  \n\n\n\n<p>Men det inneb\u00e4r inte att alla yrken som \u00e4r h\u00f6gt exponerade mot AI kommer att f\u00f6rsvinna i framtiden, betonar Maria Elinder.<\/p>\n\n\n\n<p>\u2013 Det man ser i forskningen nu \u00e4r att ungef\u00e4r 7 procent av yrkena kommer att f\u00f6rsvinna, d\u00e5 de \u00e4r h\u00f6gt exponerade. Men det kommer ocks\u00e5 nya yrken i och med AI-utvecklingen.<\/p>\n\n\n\n<p>Lyssna p\u00e5 inslaget, d\u00e4r ocks\u00e5 <strong>Tobias Br\u00e4nnemo<\/strong>,<strong>&nbsp;<\/strong>chefsekonom p\u00e5 Unionen, deltar:<\/p>\n\n\n\n      <a href=\"https:\/\/www.sverigesradio.se\/artikel\/hur-paverkar-ai-utvecklingen-den-svenska-arbetsmarknaden\" target=\"\" class=\"Button is-text Button--external-link\">\n      \n        Hur p\u00e5verkar AI-utvecklingen den svenska arbetsmarknaden? (sr.se)\n      \n      \n                <svg class='icon icon--external-link'  width=\"16\" height=\"16\" viewBox=\"0 0 16 16\" fill=\"none\" xmlns=\"http:\/\/www.w3.org\/2000\/svg\">\n<path d=\"M9 1H15V7\" stroke=\"black\" stroke-width=\"2\" stroke-miterlimit=\"10\"\/>\n<path d=\"M5 2H1V15H14V11\" stroke=\"black\" stroke-width=\"2\" stroke-miterlimit=\"10\"\/>\n<path d=\"M15 1L6 10\" stroke=\"black\" stroke-width=\"2\" stroke-miterlimit=\"10\"\/>\n<\/svg>\n\n        \n    <\/a>\n  \n\n\n\n      <a href=\"https:\/\/www.almega.se\/2025\/04\/ny-rapport-jobb-som-ersatts-av-ai-och-jobb-som-kompletteras\/\" target=\"\" class=\"Button is-text Button--arrow-tip\">\n      \n        Almegas rapport: Jobb som ers\u00e4tts av AI och jobb som kompletteras\n      \n      \n                \n                <svg class='icon icon--arrow-tip'  width=\"11\" height=\"16\" viewBox=\"0 0 11 16\" fill=\"none\" xmlns=\"http:\/\/www.w3.org\/2000\/svg\">\n<path d=\"M0.858398 15L9.2304 7.99664L0.967732 1.00001\" stroke=\"black\" stroke-width=\"2\" stroke-miterlimit=\"10\"\/>\n<\/svg>\n\n        \n    <\/a>\n  \n","protected":false},"excerpt":{"rendered":"<p>\u2013 Det vi kan se \u00e4r att ungef\u00e4r 60-70 procent av arbetsuppgifterna kommer p\u00e5verkas fram till 2030. Yrken kan ha h\u00f6gre eller l\u00e4gre exponering mot AI, d\u00e4r AI kan utf\u00f6ra vissa av arbetsuppgifterna, s\u00e4ger Maria &hellip;<\/p>\n","protected":false},"author":14531,"featured_media":83977,"comment_status":"closed","ping_status":"closed","sticky":false,"template":"","format":"standard","meta":{"_acf_changed":false,"footnotes":""},"categories":[692,603,64],"tags":[],"article_type":[56],"agreement":[],"class_list":["post-83976","post","type-post","status-publish","format-standard","has-post-thumbnail","hentry","category-ai","category-almega","category-arbetsmarknad","type-nyheter"],"acf":[],"yoast_head":"<!-- This site is optimized with the Yoast SEO Premium plugin v26.8 (Yoast SEO v26.8) - https:\/\/yoast.com\/product\/yoast-seo-premium-wordpress\/ -->\n<title>S\u00e5 p\u00e5verkar AI-utvecklingen svensk arbetsmarknad | Almega<\/title>\n<meta name=\"robots\" content=\"index, follow, max-snippet:-1, max-image-preview:large, max-video-preview:-1\" \/>\n<link rel=\"canonical\" href=\"https:\/\/www.almega.se\/2025\/11\/sa-paverkar-ai-utvecklingen-svensk-arbetsmarknad\/\" \/>\n<meta property=\"og:locale\" content=\"sv_SE\" \/>\n<meta property=\"og:type\" content=\"article\" \/>\n<meta property=\"og:title\" content=\"S\u00e5 p\u00e5verkar AI-utvecklingen svensk arbetsmarknad\" \/>\n<meta property=\"og:description\" content=\"\u2013 Det vi kan se \u00e4r att ungef\u00e4r 60-70 procent av arbetsuppgifterna kommer p\u00e5verkas fram till 2030. Yrken kan ha h\u00f6gre eller l\u00e4gre exponering mot AI, d\u00e4r AI kan utf\u00f6ra vissa av arbetsuppgifterna, s\u00e4ger Maria &hellip;\" \/>\n<meta property=\"og:url\" content=\"https:\/\/www.almega.se\/2025\/11\/sa-paverkar-ai-utvecklingen-svensk-arbetsmarknad\/\" \/>\n<meta property=\"og:site_name\" content=\"Almega\" \/>\n<meta property=\"article:published_time\" content=\"2025-11-13T12:25:24+00:00\" \/>\n<meta property=\"article:modified_time\" content=\"2025-11-24T12:56:07+00:00\" \/>\n<meta property=\"og:image\" content=\"https:\/\/www.almega.se\/app\/uploads\/2025\/11\/Maria_Elinder_DSF2677-scaled.jpg\" \/>\n\t<meta property=\"og:image:width\" content=\"2560\" \/>\n\t<meta property=\"og:image:height\" content=\"1920\" \/>\n\t<meta property=\"og:image:type\" content=\"image\/jpeg\" \/>\n<meta name=\"author\" content=\"Karin Nyg\u00e5rd\" \/>\n<meta name=\"twitter:card\" content=\"summary_large_image\" \/>\n<meta name=\"twitter:label1\" content=\"Skriven av\" \/>\n\t<meta name=\"twitter:data1\" content=\"Karin Nyg\u00e5rd\" \/>\n\t<meta name=\"twitter:label2\" content=\"Ber\u00e4knad l\u00e4stid\" \/>\n\t<meta name=\"twitter:data2\" content=\"1 minut\" \/>\n<!-- \/ Yoast SEO Premium plugin. -->","yoast_head_json":{"title":"S\u00e5 p\u00e5verkar AI-utvecklingen svensk arbetsmarknad | Almega","robots":{"index":"index","follow":"follow","max-snippet":"max-snippet:-1","max-image-preview":"max-image-preview:large","max-video-preview":"max-video-preview:-1"},"canonical":"https:\/\/www.almega.se\/2025\/11\/sa-paverkar-ai-utvecklingen-svensk-arbetsmarknad\/","og_locale":"sv_SE","og_type":"article","og_title":"S\u00e5 p\u00e5verkar AI-utvecklingen svensk arbetsmarknad","og_description":"\u2013 Det vi kan se \u00e4r att ungef\u00e4r 60-70 procent av arbetsuppgifterna kommer p\u00e5verkas fram till 2030. Yrken kan ha h\u00f6gre eller l\u00e4gre exponering mot AI, d\u00e4r AI kan utf\u00f6ra vissa av arbetsuppgifterna, s\u00e4ger Maria &hellip;","og_url":"https:\/\/www.almega.se\/2025\/11\/sa-paverkar-ai-utvecklingen-svensk-arbetsmarknad\/","og_site_name":"Almega","article_published_time":"2025-11-13T12:25:24+00:00","article_modified_time":"2025-11-24T12:56:07+00:00","og_image":[{"width":2560,"height":1920,"url":"https:\/\/www.almega.se\/app\/uploads\/2025\/11\/Maria_Elinder_DSF2677-scaled.jpg","type":"image\/jpeg"}],"author":"Karin Nyg\u00e5rd","twitter_card":"summary_large_image","twitter_misc":{"Skriven av":"Karin Nyg\u00e5rd","Ber\u00e4knad l\u00e4stid":"1 minut"},"schema":{"@context":"https:\/\/schema.org","@graph":[{"@type":"NewsArticle","@id":"https:\/\/www.almega.se\/2025\/11\/sa-paverkar-ai-utvecklingen-svensk-arbetsmarknad\/#article","isPartOf":{"@id":"https:\/\/www.almega.se\/2025\/11\/sa-paverkar-ai-utvecklingen-svensk-arbetsmarknad\/"},"author":{"name":"Karin Nyg\u00e5rd","@id":"https:\/\/www.almega.se\/#\/schema\/person\/eae58f3a71d6b7aa9f71f3139a740a02"},"headline":"S\u00e5 p\u00e5verkar AI-utvecklingen svensk arbetsmarknad","datePublished":"2025-11-13T12:25:24+00:00","dateModified":"2025-11-24T12:56:07+00:00","mainEntityOfPage":{"@id":"https:\/\/www.almega.se\/2025\/11\/sa-paverkar-ai-utvecklingen-svensk-arbetsmarknad\/"},"wordCount":170,"image":{"@id":"https:\/\/www.almega.se\/2025\/11\/sa-paverkar-ai-utvecklingen-svensk-arbetsmarknad\/#primaryimage"},"thumbnailUrl":"https:\/\/www.almega.se\/app\/uploads\/2025\/11\/Maria_Elinder_DSF2677-scaled.jpg","articleSection":["AI","Almega","Arbetsmarknad"],"inLanguage":"sv-SE"},{"@type":"WebPage","@id":"https:\/\/www.almega.se\/2025\/11\/sa-paverkar-ai-utvecklingen-svensk-arbetsmarknad\/","url":"https:\/\/www.almega.se\/2025\/11\/sa-paverkar-ai-utvecklingen-svensk-arbetsmarknad\/","name":"S\u00e5 p\u00e5verkar AI-utvecklingen svensk arbetsmarknad | Almega","isPartOf":{"@id":"https:\/\/www.almega.se\/#website"},"primaryImageOfPage":{"@id":"https:\/\/www.almega.se\/2025\/11\/sa-paverkar-ai-utvecklingen-svensk-arbetsmarknad\/#primaryimage"},"image":{"@id":"https:\/\/www.almega.se\/2025\/11\/sa-paverkar-ai-utvecklingen-svensk-arbetsmarknad\/#primaryimage"},"thumbnailUrl":"https:\/\/www.almega.se\/app\/uploads\/2025\/11\/Maria_Elinder_DSF2677-scaled.jpg","datePublished":"2025-11-13T12:25:24+00:00","dateModified":"2025-11-24T12:56:07+00:00","author":{"@id":"https:\/\/www.almega.se\/#\/schema\/person\/eae58f3a71d6b7aa9f71f3139a740a02"},"breadcrumb":{"@id":"https:\/\/www.almega.se\/2025\/11\/sa-paverkar-ai-utvecklingen-svensk-arbetsmarknad\/#breadcrumb"},"inLanguage":"sv-SE","potentialAction":[{"@type":"ReadAction","target":["https:\/\/www.almega.se\/2025\/11\/sa-paverkar-ai-utvecklingen-svensk-arbetsmarknad\/"]}]},{"@type":"ImageObject","inLanguage":"sv-SE","@id":"https:\/\/www.almega.se\/2025\/11\/sa-paverkar-ai-utvecklingen-svensk-arbetsmarknad\/#primaryimage","url":"https:\/\/www.almega.se\/app\/uploads\/2025\/11\/Maria_Elinder_DSF2677-scaled.jpg","contentUrl":"https:\/\/www.almega.se\/app\/uploads\/2025\/11\/Maria_Elinder_DSF2677-scaled.jpg","width":2560,"height":1920,"caption":"Maria Elinder, Almega."},{"@type":"BreadcrumbList","@id":"https:\/\/www.almega.se\/2025\/11\/sa-paverkar-ai-utvecklingen-svensk-arbetsmarknad\/#breadcrumb","itemListElement":[{"@type":"ListItem","position":1,"name":"Home","item":"https:\/\/www.almega.se\/"},{"@type":"ListItem","position":2,"name":"S\u00e5 p\u00e5verkar AI-utvecklingen svensk arbetsmarknad"}]},{"@type":"WebSite","@id":"https:\/\/www.almega.se\/#website","url":"https:\/\/www.almega.se\/","name":"Almega","description":"","potentialAction":[{"@type":"SearchAction","target":{"@type":"EntryPoint","urlTemplate":"https:\/\/www.almega.se\/?s={search_term_string}"},"query-input":{"@type":"PropertyValueSpecification","valueRequired":true,"valueName":"search_term_string"}}],"inLanguage":"sv-SE"},{"@type":"Person","@id":"https:\/\/www.almega.se\/#\/schema\/person\/eae58f3a71d6b7aa9f71f3139a740a02","name":"Karin Nyg\u00e5rd","image":{"@type":"ImageObject","inLanguage":"sv-SE","@id":"https:\/\/www.almega.se\/#\/schema\/person\/image\/","url":"https:\/\/secure.gravatar.com\/avatar\/09e5ec3d12974ae686ad90a0a4bf5404c8a4cfdca18f97124f166ab274023818?s=96&d=mm&r=g","contentUrl":"https:\/\/secure.gravatar.com\/avatar\/09e5ec3d12974ae686ad90a0a4bf5404c8a4cfdca18f97124f166ab274023818?s=96&d=mm&r=g","caption":"Karin Nyg\u00e5rd"},"description":"Produkt\u00e4gare Almega.se, samordnar webbutveckling och utveckling av Arbetsgivarguiden.se","url":"https:\/\/www.almega.se\/person\/karinnygard\/"}]}},"_links":{"self":[{"href":"https:\/\/www.almega.se\/api\/wp\/v2\/posts\/83976","targetHints":{"allow":["GET"]}}],"collection":[{"href":"https:\/\/www.almega.se\/api\/wp\/v2\/posts"}],"about":[{"href":"https:\/\/www.almega.se\/api\/wp\/v2\/types\/post"}],"author":[{"embeddable":true,"href":"https:\/\/www.almega.se\/api\/wp\/v2\/users\/14531"}],"replies":[{"embeddable":true,"href":"https:\/\/www.almega.se\/api\/wp\/v2\/comments?post=83976"}],"version-history":[{"count":6,"href":"https:\/\/www.almega.se\/api\/wp\/v2\/posts\/83976\/revisions"}],"predecessor-version":[{"id":84331,"href":"https:\/\/www.almega.se\/api\/wp\/v2\/posts\/83976\/revisions\/84331"}],"wp:featuredmedia":[{"embeddable":true,"href":"https:\/\/www.almega.se\/api\/wp\/v2\/media\/83977"}],"wp:attachment":[{"href":"https:\/\/www.almega.se\/api\/wp\/v2\/media?parent=83976"}],"wp:term":[{"taxonomy":"category","embeddable":true,"href":"https:\/\/www.almega.se\/api\/wp\/v2\/categories?post=83976"},{"taxonomy":"post_tag","embeddable":true,"href":"https:\/\/www.almega.se\/api\/wp\/v2\/tags?post=83976"},{"taxonomy":"type","embeddable":true,"href":"https:\/\/www.almega.se\/api\/wp\/v2\/article_type?post=83976"},{"taxonomy":"agreement","embeddable":true,"href":"https:\/\/www.almega.se\/api\/wp\/v2\/agreement?post=83976"}],"curies":[{"name":"wp","href":"https:\/\/api.w.org\/{rel}","templated":true}]}}