{"id":83948,"date":"2025-11-12T14:24:57","date_gmt":"2025-11-12T13:24:57","guid":{"rendered":"https:\/\/www.almega.se\/?p=83948"},"modified":"2025-11-12T14:26:03","modified_gmt":"2025-11-12T13:26:03","slug":"debatt-vi-behover-fler-arbetade-timmar-inte-farre","status":"publish","type":"post","link":"https:\/\/www.almega.se\/2025\/11\/debatt-vi-behover-fler-arbetade-timmar-inte-farre\/","title":{"rendered":"Debatt: Vi beh\u00f6ver fler arbetade timmar \u2013 inte f\u00e4rre"},"content":{"rendered":"<p class=\"intro\"><span data-teams=\"true\">&#8221;Vill LO verkligen ta ansvar f\u00f6r v\u00e4lf\u00e4rden handlar det om att st\u00e4rka produktiviteten \u2013 inte minska arbetstiden f\u00f6r alla. Det \u00e4r s\u00e5 vi skapar f\u00f6ruts\u00e4ttningar f\u00f6r ett h\u00e5llbart arbetsliv&#8221;, skriver Maria M\u00f6ller, arbetsgivarpolitisk chef och Jonas Stenmo, chefsjurist p\u00e5 Almega i en replik p\u00e5 Veli-Pekka S\u00e4ikk\u00e4l\u00e4s debattartikel i Arbetet.<\/span><\/p>\n\n<p><\/p>\n\n\n\n      <a href=\"https:\/\/arbetet.se\/2025\/11\/12\/arbetstidsforkortning-ar-inte-sa-enkelt-som-lo-vill-far-det-att-lata\/\" target=\"\" class=\"Button is-text Button--arrow-tip\">\n      \n        \u201dArbetstidsf\u00f6rkortning \u00e4r inte s\u00e5 enkelt som LO vill f\u00e5r det att l\u00e5ta\u201d (arbetet.se)\n      \n      \n                \n                <svg class='icon icon--arrow-tip'  width=\"11\" height=\"16\" viewBox=\"0 0 11 16\" fill=\"none\" xmlns=\"http:\/\/www.w3.org\/2000\/svg\">\n<path d=\"M0.858398 15L9.2304 7.99664L0.967732 1.00001\" stroke=\"black\" stroke-width=\"2\" stroke-miterlimit=\"10\"\/>\n<\/svg>\n\n        \n    <\/a>\n  \n\n\n\n<p>LO:s avtalssekreterare <strong>Veli-Pekka S\u00e4ikk\u00e4l\u00e4<\/strong> f\u00e5r det att l\u00e5ta enkelt: arbetstidsf\u00f6rkortning \u00e4r n\u00f6dv\u00e4ndig och kostnaderna hanterbara. Men verkligheten \u00e4r allt annat \u00e4n enkel. Att s\u00e4nka arbetstiden till 35 timmar inneb\u00e4r ett produktionsbortfall p\u00e5 509 miljarder kronor per \u00e5r \u2013 motsvarande \u00e5tta procent av BNP.\u00a0 Som j\u00e4mf\u00f6relse kostar samtliga l\u00e5ngtidssjukskrivningar omkring 71 miljarder kronor. LO:s reform \u00e4r allts\u00e5 sju g\u00e5nger dyrare \u2013 varje \u00e5r. De resterande 438 miljarderna m\u00e5ste kompenseras genom \u00f6kad effektivitet. Ingen kan p\u00e5 allvar tro att det \u00e4r realistiskt.<\/p>\n\n\n\n<p>F\u00f6r Sveriges kommuner och regioner skulle en arbetstidsf\u00f6rkortning p\u00e5 tv\u00e5 timmar kosta 24 miljarder kronor och kr\u00e4va 41\u202f000 nya medarbetare. Var ska dessa m\u00e4nniskor komma ifr\u00e5n? I den privata tj\u00e4nstesektorn, som st\u00e5r f\u00f6r mer \u00e4n h\u00e4lften av BNP, skulle en 35-timmarsvecka inneb\u00e4ra ett bortfall p\u00e5 260 miljoner arbetstimmar \u2013 124\u202f000 heltidstj\u00e4nster. Det \u00e4r inte bara dyrt \u2013 det \u00e4r oh\u00e5llbart.<\/p>\n\n\n<a class='Share__link Share__link--url copy-text' href='#' rel='nofollow' data-text='fel-att-minska-antalet-arbetade-timmar' title='Dela url' data-confirmation='L\u00e4nken kopierades till urklipp'><svg class='icon icon--link'  width='18' height='18' viewBox='0 0 18 18' fill='none' xmlns='http:\/\/www.w3.org\/2000\/svg'>\n            <path d='M10.4142 0.514721L6.87868 4.05025L8.29289 5.46447L11.1213 2.63604L15.364 6.87868L12.5355 9.70711L13.9497 11.1213L17.4853 7.58579C17.8763 7.19476 17.8763 6.5626 17.4853 6.17158L11.8284 0.514721C11.4374 0.123691 10.8052 0.123691 10.4142 0.514721Z' fill='black'\/>\n            <path d='M9.7071 12.5355L6.87868 15.364L2.63604 11.1213L5.46446 8.2929L4.05025 6.87868L0.514716 10.4142C0.123686 10.8052 0.123686 11.4374 0.514716 11.8284L6.17157 17.4853C6.5626 17.8763 7.19475 17.8763 7.58578 17.4853L11.1213 13.9497L9.7071 12.5355Z' fill='black'\/>\n            <path d='M6.17157 11.8284C6.5626 12.2195 7.19475 12.2195 7.58578 11.8284L11.8284 7.58579C12.2195 7.19476 12.2195 6.56261 11.8284 6.17158C11.4374 5.78055 10.8052 5.78055 10.4142 6.17158L6.17157 10.4142C5.78054 10.8052 5.78054 11.4374 6.17157 11.8284Z' fill='black'\/>\n            <\/svg> <\/a>\n<h2 class=\"wp-block-heading\" id=\"h-fel-att-minska-antalet-arbetade-timmar\">Fel att minska antalet arbetade timmar<\/h2>\n\n\n\n<p>Sverige st\u00e5r inf\u00f6r enorma utmaningar: kompetensbrist, \u00f6kade v\u00e4lf\u00e4rdsbehov och miljardinvesteringar i infrastruktur och f\u00f6rsvar. Att i detta l\u00e4ge minska antalet arbetade timmar \u00e4r helt fel v\u00e4g att g\u00e5. Vi beh\u00f6ver fler arbetade timmar \u2013 inte f\u00e4rre.<\/p>\n\n\n\n<p>N\u00e4r S\u00e4ikk\u00e4l\u00e4 n\u00e4mner Frankrike och Danmark som f\u00f6rebilder har han dessv\u00e4rre f\u00e5tt en del om bakfoten. I Frankrike ledde reformen till minskad produktivitet, s\u00e4mre konkurrenskraft och h\u00f6ga kostnader f\u00f6r staten. Fransm\u00e4nnen fortsatte att arbeta \u2013 \u00f6vertid \u2013 med \u00f6kade stressniv\u00e5er som f\u00f6ljd. I Danmark betraktas reformen mest som ett misslyckande, \u00e4ven fr\u00e5n fackligt h\u00e5ll. Landet arbetar nu f\u00f6r att \u00f6ka arbetstiden \u2013 bland annat avskaffades den officiella helgdagen Store Bededag i fjol.<\/p>\n\n\n\n<p>Svenskarnas totala ledighet \u00f6ver \u00e5ret \u00e4r redan st\u00f6rre \u00e4n i m\u00e5nga j\u00e4mf\u00f6rbara l\u00e4nder, tack vare en gener\u00f6s ledighetslagstiftning. Dessutom \u00e4r v\u00e5r v\u00e4lf\u00e4rd starkt beroende av skatteint\u00e4kter fr\u00e5n den privata tj\u00e4nstesektorn \u2013 den sektor som skulle drabbas h\u00e5rdast av en generell arbetstidsf\u00f6rkortning.<\/p>\n\n\n<a class='Share__link Share__link--url copy-text' href='#' rel='nofollow' data-text='detaljstyrning-urholkar-svenska-modellen' title='Dela url' data-confirmation='L\u00e4nken kopierades till urklipp'><svg class='icon icon--link'  width='18' height='18' viewBox='0 0 18 18' fill='none' xmlns='http:\/\/www.w3.org\/2000\/svg'>\n            <path d='M10.4142 0.514721L6.87868 4.05025L8.29289 5.46447L11.1213 2.63604L15.364 6.87868L12.5355 9.70711L13.9497 11.1213L17.4853 7.58579C17.8763 7.19476 17.8763 6.5626 17.4853 6.17158L11.8284 0.514721C11.4374 0.123691 10.8052 0.123691 10.4142 0.514721Z' fill='black'\/>\n            <path d='M9.7071 12.5355L6.87868 15.364L2.63604 11.1213L5.46446 8.2929L4.05025 6.87868L0.514716 10.4142C0.123686 10.8052 0.123686 11.4374 0.514716 11.8284L6.17157 17.4853C6.5626 17.8763 7.19475 17.8763 7.58578 17.4853L11.1213 13.9497L9.7071 12.5355Z' fill='black'\/>\n            <path d='M6.17157 11.8284C6.5626 12.2195 7.19475 12.2195 7.58578 11.8284L11.8284 7.58579C12.2195 7.19476 12.2195 6.56261 11.8284 6.17158C11.4374 5.78055 10.8052 5.78055 10.4142 6.17158L6.17157 10.4142C5.78054 10.8052 5.78054 11.4374 6.17157 11.8284Z' fill='black'\/>\n            <\/svg> <\/a>\n<h2 class=\"wp-block-heading\" id=\"h-detaljstyrning-urholkar-svenska-modellen\">Detaljstyrning urholkar svenska modellen<\/h2>\n\n\n\n<p>Almega har inget principiellt emot kortare arbetstid. M\u00e5nga f\u00f6retag erbjuder redan detta frivilligt exempelvis genom kortare arbetsveckotid, sommartid, kl\u00e4mdagar, halvdagar och extra ledighet. Men detta m\u00e5ste beslutas av f\u00f6retagen. Den dag som ekonomin dippar och f\u00f6retagen inte kan \u00f6ka arbetstiden, kommer annars jobb att g\u00e5 f\u00f6rlorade. F\u00f6r mycket detaljstyrning via centrala avtal eller lagstiftning urholkar dessutom den svenska modellen och minskar incitamenten att teckna kollektivavtal.<\/p>\n\n\n\n<p>Att LO vill ta ett \u201dhelhetsgrepp\u201d l\u00e5ter ansvarstagande. Men verkligheten \u00e4r att en generell arbetstidsf\u00f6rkortning med bibeh\u00e5llen l\u00f6n \u00e4r en extremt dyr reform som hotar b\u00e5de f\u00f6retagens konkurrenskraft och v\u00e4lf\u00e4rdens finansiering. Vill LO verkligen ta ansvar f\u00f6r v\u00e4lf\u00e4rden handlar det om att st\u00e4rka produktiviteten \u2013 inte minska arbetstiden f\u00f6r alla. Det \u00e4r s\u00e5 vi skapar f\u00f6ruts\u00e4ttningar f\u00f6r ett h\u00e5llbart arbetsliv.<\/p>\n\n\n\n<p><strong>Maria M\u00f6ller<\/strong>, arbetsgivarpolitisk chef, Almega<br><strong>Jonas Stenmo<\/strong>, chefsjurist, Almega<\/p>\n","protected":false},"excerpt":{"rendered":"<p>LO:s avtalssekreterare Veli-Pekka S\u00e4ikk\u00e4l\u00e4 f\u00e5r det att l\u00e5ta enkelt: arbetstidsf\u00f6rkortning \u00e4r n\u00f6dv\u00e4ndig och kostnaderna hanterbara. Men verkligheten \u00e4r allt annat \u00e4n enkel. Att s\u00e4nka arbetstiden till 35 timmar inneb\u00e4r ett produktionsbortfall p\u00e5 509 miljarder kronor &hellip;<\/p>\n","protected":false},"author":21574,"featured_media":83952,"comment_status":"closed","ping_status":"closed","sticky":false,"template":"","format":"standard","meta":{"_acf_changed":false,"footnotes":""},"categories":[64],"tags":[714],"article_type":[49],"agreement":[],"class_list":["post-83948","post","type-post","status-publish","format-standard","has-post-thumbnail","hentry","category-arbetsmarknad","tag-arbetstidsforkortning","type-debattartiklar"],"acf":[],"yoast_head":"<!-- This site is optimized with the Yoast SEO Premium plugin v26.8 (Yoast SEO v26.8) - https:\/\/yoast.com\/product\/yoast-seo-premium-wordpress\/ -->\n<title>Debatt: Vi beh\u00f6ver fler arbetade timmar \u2013 inte f\u00e4rre | Almega<\/title>\n<meta name=\"robots\" content=\"index, follow, max-snippet:-1, max-image-preview:large, max-video-preview:-1\" \/>\n<link rel=\"canonical\" href=\"https:\/\/www.almega.se\/2025\/11\/debatt-vi-behover-fler-arbetade-timmar-inte-farre\/\" \/>\n<meta property=\"og:locale\" content=\"sv_SE\" \/>\n<meta property=\"og:type\" content=\"article\" \/>\n<meta property=\"og:title\" content=\"Debatt: Vi beh\u00f6ver fler arbetade timmar \u2013 inte f\u00e4rre\" \/>\n<meta property=\"og:description\" content=\"LO:s avtalssekreterare Veli-Pekka S\u00e4ikk\u00e4l\u00e4 f\u00e5r det att l\u00e5ta enkelt: arbetstidsf\u00f6rkortning \u00e4r n\u00f6dv\u00e4ndig och kostnaderna hanterbara. Men verkligheten \u00e4r allt annat \u00e4n enkel. Att s\u00e4nka arbetstiden till 35 timmar inneb\u00e4r ett produktionsbortfall p\u00e5 509 miljarder kronor &hellip;\" \/>\n<meta property=\"og:url\" content=\"https:\/\/www.almega.se\/2025\/11\/debatt-vi-behover-fler-arbetade-timmar-inte-farre\/\" \/>\n<meta property=\"og:site_name\" content=\"Almega\" \/>\n<meta property=\"article:published_time\" content=\"2025-11-12T13:24:57+00:00\" \/>\n<meta property=\"article:modified_time\" content=\"2025-11-12T13:26:03+00:00\" \/>\n<meta property=\"og:image\" content=\"https:\/\/www.almega.se\/app\/uploads\/2025\/11\/Namnlos-design-3-scaled.jpg\" \/>\n\t<meta property=\"og:image:width\" content=\"2560\" \/>\n\t<meta property=\"og:image:height\" content=\"1440\" \/>\n\t<meta property=\"og:image:type\" content=\"image\/jpeg\" \/>\n<meta name=\"author\" content=\"Sandra Mildenberger\" \/>\n<meta name=\"twitter:card\" content=\"summary_large_image\" \/>\n<meta name=\"twitter:label1\" content=\"Skriven av\" \/>\n\t<meta name=\"twitter:data1\" content=\"Sandra Mildenberger\" \/>\n\t<meta name=\"twitter:label2\" content=\"Ber\u00e4knad l\u00e4stid\" \/>\n\t<meta name=\"twitter:data2\" content=\"3 minuter\" \/>\n<!-- \/ Yoast SEO Premium plugin. -->","yoast_head_json":{"title":"Debatt: Vi beh\u00f6ver fler arbetade timmar \u2013 inte f\u00e4rre | Almega","robots":{"index":"index","follow":"follow","max-snippet":"max-snippet:-1","max-image-preview":"max-image-preview:large","max-video-preview":"max-video-preview:-1"},"canonical":"https:\/\/www.almega.se\/2025\/11\/debatt-vi-behover-fler-arbetade-timmar-inte-farre\/","og_locale":"sv_SE","og_type":"article","og_title":"Debatt: Vi beh\u00f6ver fler arbetade timmar \u2013 inte f\u00e4rre","og_description":"LO:s avtalssekreterare Veli-Pekka S\u00e4ikk\u00e4l\u00e4 f\u00e5r det att l\u00e5ta enkelt: arbetstidsf\u00f6rkortning \u00e4r n\u00f6dv\u00e4ndig och kostnaderna hanterbara. Men verkligheten \u00e4r allt annat \u00e4n enkel. Att s\u00e4nka arbetstiden till 35 timmar inneb\u00e4r ett produktionsbortfall p\u00e5 509 miljarder kronor &hellip;","og_url":"https:\/\/www.almega.se\/2025\/11\/debatt-vi-behover-fler-arbetade-timmar-inte-farre\/","og_site_name":"Almega","article_published_time":"2025-11-12T13:24:57+00:00","article_modified_time":"2025-11-12T13:26:03+00:00","og_image":[{"width":2560,"height":1440,"url":"https:\/\/www.almega.se\/app\/uploads\/2025\/11\/Namnlos-design-3-scaled.jpg","type":"image\/jpeg"}],"author":"Sandra Mildenberger","twitter_card":"summary_large_image","twitter_misc":{"Skriven av":"Sandra Mildenberger","Ber\u00e4knad l\u00e4stid":"3 minuter"},"schema":{"@context":"https:\/\/schema.org","@graph":[{"@type":"NewsArticle","@id":"https:\/\/www.almega.se\/2025\/11\/debatt-vi-behover-fler-arbetade-timmar-inte-farre\/#article","isPartOf":{"@id":"https:\/\/www.almega.se\/2025\/11\/debatt-vi-behover-fler-arbetade-timmar-inte-farre\/"},"author":{"name":"Sandra Mildenberger","@id":"https:\/\/www.almega.se\/#\/schema\/person\/432bf15cd5b8c34477366237d76e0e28"},"headline":"Debatt: Vi beh\u00f6ver fler arbetade timmar \u2013 inte f\u00e4rre","datePublished":"2025-11-12T13:24:57+00:00","dateModified":"2025-11-12T13:26:03+00:00","mainEntityOfPage":{"@id":"https:\/\/www.almega.se\/2025\/11\/debatt-vi-behover-fler-arbetade-timmar-inte-farre\/"},"wordCount":518,"image":{"@id":"https:\/\/www.almega.se\/2025\/11\/debatt-vi-behover-fler-arbetade-timmar-inte-farre\/#primaryimage"},"thumbnailUrl":"https:\/\/www.almega.se\/app\/uploads\/2025\/11\/Namnlos-design-3-scaled.jpg","keywords":["arbetstidsf\u00f6rkortning"],"articleSection":["Arbetsmarknad"],"inLanguage":"sv-SE"},{"@type":"WebPage","@id":"https:\/\/www.almega.se\/2025\/11\/debatt-vi-behover-fler-arbetade-timmar-inte-farre\/","url":"https:\/\/www.almega.se\/2025\/11\/debatt-vi-behover-fler-arbetade-timmar-inte-farre\/","name":"Debatt: Vi beh\u00f6ver fler arbetade timmar \u2013 inte f\u00e4rre | Almega","isPartOf":{"@id":"https:\/\/www.almega.se\/#website"},"primaryImageOfPage":{"@id":"https:\/\/www.almega.se\/2025\/11\/debatt-vi-behover-fler-arbetade-timmar-inte-farre\/#primaryimage"},"image":{"@id":"https:\/\/www.almega.se\/2025\/11\/debatt-vi-behover-fler-arbetade-timmar-inte-farre\/#primaryimage"},"thumbnailUrl":"https:\/\/www.almega.se\/app\/uploads\/2025\/11\/Namnlos-design-3-scaled.jpg","datePublished":"2025-11-12T13:24:57+00:00","dateModified":"2025-11-12T13:26:03+00:00","author":{"@id":"https:\/\/www.almega.se\/#\/schema\/person\/432bf15cd5b8c34477366237d76e0e28"},"breadcrumb":{"@id":"https:\/\/www.almega.se\/2025\/11\/debatt-vi-behover-fler-arbetade-timmar-inte-farre\/#breadcrumb"},"inLanguage":"sv-SE","potentialAction":[{"@type":"ReadAction","target":["https:\/\/www.almega.se\/2025\/11\/debatt-vi-behover-fler-arbetade-timmar-inte-farre\/"]}]},{"@type":"ImageObject","inLanguage":"sv-SE","@id":"https:\/\/www.almega.se\/2025\/11\/debatt-vi-behover-fler-arbetade-timmar-inte-farre\/#primaryimage","url":"https:\/\/www.almega.se\/app\/uploads\/2025\/11\/Namnlos-design-3-scaled.jpg","contentUrl":"https:\/\/www.almega.se\/app\/uploads\/2025\/11\/Namnlos-design-3-scaled.jpg","width":2560,"height":1440},{"@type":"BreadcrumbList","@id":"https:\/\/www.almega.se\/2025\/11\/debatt-vi-behover-fler-arbetade-timmar-inte-farre\/#breadcrumb","itemListElement":[{"@type":"ListItem","position":1,"name":"Home","item":"https:\/\/www.almega.se\/"},{"@type":"ListItem","position":2,"name":"Debatt: Vi beh\u00f6ver fler arbetade timmar \u2013 inte f\u00e4rre"}]},{"@type":"WebSite","@id":"https:\/\/www.almega.se\/#website","url":"https:\/\/www.almega.se\/","name":"Almega","description":"","potentialAction":[{"@type":"SearchAction","target":{"@type":"EntryPoint","urlTemplate":"https:\/\/www.almega.se\/?s={search_term_string}"},"query-input":{"@type":"PropertyValueSpecification","valueRequired":true,"valueName":"search_term_string"}}],"inLanguage":"sv-SE"},{"@type":"Person","@id":"https:\/\/www.almega.se\/#\/schema\/person\/432bf15cd5b8c34477366237d76e0e28","name":"Sandra Mildenberger","image":{"@type":"ImageObject","inLanguage":"sv-SE","@id":"https:\/\/www.almega.se\/#\/schema\/person\/image\/","url":"https:\/\/secure.gravatar.com\/avatar\/303ee6ef75fa0849b0b85e527659b8bf3457cd9509f76c13628965581b041b41?s=96&d=mm&r=g","contentUrl":"https:\/\/secure.gravatar.com\/avatar\/303ee6ef75fa0849b0b85e527659b8bf3457cd9509f76c13628965581b041b41?s=96&d=mm&r=g","caption":"Sandra Mildenberger"},"url":"https:\/\/www.almega.se\/person\/sandramildenberger\/"}]}},"_links":{"self":[{"href":"https:\/\/www.almega.se\/api\/wp\/v2\/posts\/83948","targetHints":{"allow":["GET"]}}],"collection":[{"href":"https:\/\/www.almega.se\/api\/wp\/v2\/posts"}],"about":[{"href":"https:\/\/www.almega.se\/api\/wp\/v2\/types\/post"}],"author":[{"embeddable":true,"href":"https:\/\/www.almega.se\/api\/wp\/v2\/users\/21574"}],"replies":[{"embeddable":true,"href":"https:\/\/www.almega.se\/api\/wp\/v2\/comments?post=83948"}],"version-history":[{"count":7,"href":"https:\/\/www.almega.se\/api\/wp\/v2\/posts\/83948\/revisions"}],"predecessor-version":[{"id":83958,"href":"https:\/\/www.almega.se\/api\/wp\/v2\/posts\/83948\/revisions\/83958"}],"wp:featuredmedia":[{"embeddable":true,"href":"https:\/\/www.almega.se\/api\/wp\/v2\/media\/83952"}],"wp:attachment":[{"href":"https:\/\/www.almega.se\/api\/wp\/v2\/media?parent=83948"}],"wp:term":[{"taxonomy":"category","embeddable":true,"href":"https:\/\/www.almega.se\/api\/wp\/v2\/categories?post=83948"},{"taxonomy":"post_tag","embeddable":true,"href":"https:\/\/www.almega.se\/api\/wp\/v2\/tags?post=83948"},{"taxonomy":"type","embeddable":true,"href":"https:\/\/www.almega.se\/api\/wp\/v2\/article_type?post=83948"},{"taxonomy":"agreement","embeddable":true,"href":"https:\/\/www.almega.se\/api\/wp\/v2\/agreement?post=83948"}],"curies":[{"name":"wp","href":"https:\/\/api.w.org\/{rel}","templated":true}]}}