{"id":83706,"date":"2025-11-04T10:24:05","date_gmt":"2025-11-04T09:24:05","guid":{"rendered":"https:\/\/www.almega.se\/?p=83706"},"modified":"2025-11-04T12:20:00","modified_gmt":"2025-11-04T11:20:00","slug":"foretag-maste-rusta-for-ai-omstallningen","status":"publish","type":"post","link":"https:\/\/www.almega.se\/2025\/11\/foretag-maste-rusta-for-ai-omstallningen\/","title":{"rendered":"F\u00f6retag m\u00e5ste rusta f\u00f6r AI-omst\u00e4llningen"},"content":{"rendered":"<p class=\"intro\"><span class=\"TextRun SCXW184903991 BCX8\" lang=\"SV-SE\" xml:lang=\"SV-SE\" data-contrast=\"auto\"><span class=\"NormalTextRun SCXW184903991 BCX8\">AI f\u00f6r\u00e4ndrar arbetslivet i grunden, inom bara n\u00e5gra \u00e5r kommer en majoritet av arbetsuppgifterna i tj\u00e4nstesektorn att se annorlunda ut. \u00c4nd\u00e5 \u00e4r m\u00e5nga f\u00f6retag d\u00e5ligt f\u00f6rberedda. F\u00f6r att klara omst\u00e4llningen kr\u00e4vs b\u00e5de strategisk beredskap och satsningar p\u00e5 kompetensutveckling.<\/span><\/span><span class=\"EOP SCXW184903991 BCX8\" data-ccp-props=\"{}\">\u00a0<\/span><\/p>\n<a class='Share__link Share__link--url copy-text' href='#' rel='nofollow' data-text='en-arbetsmarknad-under-forandring' title='Dela url' data-confirmation='L\u00e4nken kopierades till urklipp'><svg class='icon icon--link'  width='18' height='18' viewBox='0 0 18 18' fill='none' xmlns='http:\/\/www.w3.org\/2000\/svg'>\n            <path d='M10.4142 0.514721L6.87868 4.05025L8.29289 5.46447L11.1213 2.63604L15.364 6.87868L12.5355 9.70711L13.9497 11.1213L17.4853 7.58579C17.8763 7.19476 17.8763 6.5626 17.4853 6.17158L11.8284 0.514721C11.4374 0.123691 10.8052 0.123691 10.4142 0.514721Z' fill='black'\/>\n            <path d='M9.7071 12.5355L6.87868 15.364L2.63604 11.1213L5.46446 8.2929L4.05025 6.87868L0.514716 10.4142C0.123686 10.8052 0.123686 11.4374 0.514716 11.8284L6.17157 17.4853C6.5626 17.8763 7.19475 17.8763 7.58578 17.4853L11.1213 13.9497L9.7071 12.5355Z' fill='black'\/>\n            <path d='M6.17157 11.8284C6.5626 12.2195 7.19475 12.2195 7.58578 11.8284L11.8284 7.58579C12.2195 7.19476 12.2195 6.56261 11.8284 6.17158C11.4374 5.78055 10.8052 5.78055 10.4142 6.17158L6.17157 10.4142C5.78054 10.8052 5.78054 11.4374 6.17157 11.8284Z' fill='black'\/>\n            <\/svg> <\/a>\n<h2 class=\"wp-block-heading\" id=\"h-en-arbetsmarknad-under-forandring\">En arbetsmarknad under f\u00f6r\u00e4ndring<\/h2>\n\n\n\n<p>En majoritet av dagens arbetsuppgifter kommer att f\u00f6r\u00e4ndras fram till \u00e5r 2030. Det betyder inte enbart att jobb f\u00f6rsvinner, utan \u00e4ven att inneh\u00e5llet i arbetsrollerna \u00e4ndras och att nya yrken v\u00e4xer fram. Den internationella rapporten The Future of Jobs Report 2025 pekar p\u00e5 att 170 miljoner nya jobb skapas globalt under de kommande fem \u00e5ren, samtidigt som 92 miljoner jobb kan f\u00f6rsvinna. Nettot blir \u00e4nd\u00e5 positivt \u2013 omkring 78 miljoner fler arbetstillf\u00e4llen.<\/p>\n\n\n\n<p>&#8211; F\u00f6retag beh\u00f6ver rusta f\u00f6r den h\u00e4r omst\u00e4llningen. Vi beh\u00f6ver utbilda v\u00e5ra medarbetare inte bara inom AI utan digitalisering i stort. Vad kan jag anv\u00e4nda verktygen till, hur kan jag effektivisera mitt arbete? Men \u00e4ven mer \u00f6vergripande, strategiskt arbete. Hur kommer verksamheten se ut p\u00e5 sikt? Vilken kompetens \u00e4r det vi kommer beh\u00f6va? Det \u00e4r ju fr\u00e5gor som g\u00f6r lite ont, f\u00f6r det \u00e4r alltid l\u00e4ttast att forts\u00e4tta i samma hjulsp\u00e5r. Men det kommer kr\u00e4va n\u00e5gonting av oss, det h\u00e4r paradigmskiftet, s\u00e4ger Mia Fransson, arbetsr\u00e4ttsjurist p\u00e5 Almega.<\/p>\n\n\n<a class='Share__link Share__link--url copy-text' href='#' rel='nofollow' data-text='halften-av-arbetsgivarna-planerar-att-stalla-om-sina-verksamheter' title='Dela url' data-confirmation='L\u00e4nken kopierades till urklipp'><svg class='icon icon--link'  width='18' height='18' viewBox='0 0 18 18' fill='none' xmlns='http:\/\/www.w3.org\/2000\/svg'>\n            <path d='M10.4142 0.514721L6.87868 4.05025L8.29289 5.46447L11.1213 2.63604L15.364 6.87868L12.5355 9.70711L13.9497 11.1213L17.4853 7.58579C17.8763 7.19476 17.8763 6.5626 17.4853 6.17158L11.8284 0.514721C11.4374 0.123691 10.8052 0.123691 10.4142 0.514721Z' fill='black'\/>\n            <path d='M9.7071 12.5355L6.87868 15.364L2.63604 11.1213L5.46446 8.2929L4.05025 6.87868L0.514716 10.4142C0.123686 10.8052 0.123686 11.4374 0.514716 11.8284L6.17157 17.4853C6.5626 17.8763 7.19475 17.8763 7.58578 17.4853L11.1213 13.9497L9.7071 12.5355Z' fill='black'\/>\n            <path d='M6.17157 11.8284C6.5626 12.2195 7.19475 12.2195 7.58578 11.8284L11.8284 7.58579C12.2195 7.19476 12.2195 6.56261 11.8284 6.17158C11.4374 5.78055 10.8052 5.78055 10.4142 6.17158L6.17157 10.4142C5.78054 10.8052 5.78054 11.4374 6.17157 11.8284Z' fill='black'\/>\n            <\/svg> <\/a>\n<h2 class=\"wp-block-heading\" id=\"h-halften-av-arbetsgivarna-planerar-att-stalla-om-sina-verksamheter\">H\u00e4lften av arbetsgivarna planerar att st\u00e4lla om sina verksamheter<\/h2>\n\n\n\n<p>Enligt rapporten planerar h\u00e4lften av arbetsgivarna att omorientera sina verksamheter som en f\u00f6ljd av AI. Tv\u00e5 tredjedelar planerar att rekrytera talanger med specifika AI-kunskaper, medan 40 % f\u00f6rutser att minska sin arbetsstyrka d\u00e4r AI kan automatisera uppgifter.<\/p>\n\n\n\n<p>Trots detta tydliga scenario dr\u00f6jer m\u00e5nga f\u00f6retag med att f\u00f6rbereda sig. Fr\u00e5gan fastnar ofta p\u00e5 IT-avdelningen, n\u00e4r den i sj\u00e4lva verket \u00e4r en strategisk verksamhetsfr\u00e5ga. Om ledningsgrupper inte lyfter AI p\u00e5 agendan riskerar de b\u00e5de kompetensflykt och minskad konkurrenskraft.<\/p>\n\n\n\n<p>&#8211; Alla f\u00f6rst\u00e5r och h\u00e5ller med om att beredskap f\u00f6r krig \u00e4r n\u00f6dv\u00e4ndigt. Vi satsar stort p\u00e5 f\u00f6rsvaret och ser till att hush\u00e5llen \u00e4r f\u00f6rberedda \u2013 trots att vi inte vet om en kris faktiskt kommer. Men n\u00e4r det g\u00e4ller AI-omst\u00e4llningen, som vi vet kommer att f\u00f6r\u00e4ndra b\u00e5de arbetsmarknaden och varje f\u00f6retag vi verkar i, saknar vi motsvarande beredskap. D\u00e4r \u00e4r vi helt enkelt inte p\u00e5 bollen, s\u00e4ger Maria Elinder, utvecklingschef p\u00e5 Almega.<\/p>\n\n\n\n      <a href=\"https:\/\/www.almega.se\/2025\/09\/ai-och-juristens-roll\/\" target=\"\" class=\"Button is-text Button--arrow-tip\">\n      \n        Lyssna p\u00e5 poddavsnittet AI och juristens roll \n      \n      \n                \n                <svg class='icon icon--arrow-tip'  width=\"11\" height=\"16\" viewBox=\"0 0 11 16\" fill=\"none\" xmlns=\"http:\/\/www.w3.org\/2000\/svg\">\n<path d=\"M0.858398 15L9.2304 7.99664L0.967732 1.00001\" stroke=\"black\" stroke-width=\"2\" stroke-miterlimit=\"10\"\/>\n<\/svg>\n\n        \n    <\/a>\n  \n","protected":false},"excerpt":{"rendered":"<p>En arbetsmarknad under f\u00f6r\u00e4ndring En majoritet av dagens arbetsuppgifter kommer att f\u00f6r\u00e4ndras fram till \u00e5r 2030. Det betyder inte enbart att jobb f\u00f6rsvinner, utan \u00e4ven att inneh\u00e5llet i arbetsrollerna \u00e4ndras och att nya yrken v\u00e4xer &hellip;<\/p>\n","protected":false},"author":21574,"featured_media":83708,"comment_status":"closed","ping_status":"closed","sticky":false,"template":"","format":"standard","meta":{"_acf_changed":false,"footnotes":""},"categories":[692,451],"tags":[],"article_type":[55],"agreement":[],"class_list":["post-83706","post","type-post","status-publish","format-standard","has-post-thumbnail","hentry","category-ai","category-arbetsgivarfragor","type-artiklar"],"acf":[],"yoast_head":"<!-- This site is optimized with the Yoast SEO Premium plugin v26.8 (Yoast SEO v26.8) - https:\/\/yoast.com\/product\/yoast-seo-premium-wordpress\/ -->\n<title>F\u00f6retag m\u00e5ste rusta f\u00f6r AI-omst\u00e4llningen | Almega<\/title>\n<meta name=\"robots\" content=\"index, follow, max-snippet:-1, max-image-preview:large, max-video-preview:-1\" \/>\n<link rel=\"canonical\" href=\"https:\/\/www.almega.se\/2025\/11\/foretag-maste-rusta-for-ai-omstallningen\/\" \/>\n<meta property=\"og:locale\" content=\"sv_SE\" \/>\n<meta property=\"og:type\" content=\"article\" \/>\n<meta property=\"og:title\" content=\"F\u00f6retag m\u00e5ste rusta f\u00f6r AI-omst\u00e4llningen\" \/>\n<meta property=\"og:description\" content=\"En arbetsmarknad under f\u00f6r\u00e4ndring En majoritet av dagens arbetsuppgifter kommer att f\u00f6r\u00e4ndras fram till \u00e5r 2030. Det betyder inte enbart att jobb f\u00f6rsvinner, utan \u00e4ven att inneh\u00e5llet i arbetsrollerna \u00e4ndras och att nya yrken v\u00e4xer &hellip;\" \/>\n<meta property=\"og:url\" content=\"https:\/\/www.almega.se\/2025\/11\/foretag-maste-rusta-for-ai-omstallningen\/\" \/>\n<meta property=\"og:site_name\" content=\"Almega\" \/>\n<meta property=\"article:published_time\" content=\"2025-11-04T09:24:05+00:00\" \/>\n<meta property=\"article:modified_time\" content=\"2025-11-04T11:20:00+00:00\" \/>\n<meta property=\"og:image\" content=\"https:\/\/www.almega.se\/app\/uploads\/2025\/11\/ima220638.jpg\" \/>\n\t<meta property=\"og:image:width\" content=\"2500\" \/>\n\t<meta property=\"og:image:height\" content=\"1668\" \/>\n\t<meta property=\"og:image:type\" content=\"image\/jpeg\" \/>\n<meta name=\"author\" content=\"Sandra Mildenberger\" \/>\n<meta name=\"twitter:card\" content=\"summary_large_image\" \/>\n<meta name=\"twitter:label1\" content=\"Skriven av\" \/>\n\t<meta name=\"twitter:data1\" content=\"Sandra Mildenberger\" \/>\n\t<meta name=\"twitter:label2\" content=\"Ber\u00e4knad l\u00e4stid\" \/>\n\t<meta name=\"twitter:data2\" content=\"2 minuter\" \/>\n<!-- \/ Yoast SEO Premium plugin. -->","yoast_head_json":{"title":"F\u00f6retag m\u00e5ste rusta f\u00f6r AI-omst\u00e4llningen | Almega","robots":{"index":"index","follow":"follow","max-snippet":"max-snippet:-1","max-image-preview":"max-image-preview:large","max-video-preview":"max-video-preview:-1"},"canonical":"https:\/\/www.almega.se\/2025\/11\/foretag-maste-rusta-for-ai-omstallningen\/","og_locale":"sv_SE","og_type":"article","og_title":"F\u00f6retag m\u00e5ste rusta f\u00f6r AI-omst\u00e4llningen","og_description":"En arbetsmarknad under f\u00f6r\u00e4ndring En majoritet av dagens arbetsuppgifter kommer att f\u00f6r\u00e4ndras fram till \u00e5r 2030. Det betyder inte enbart att jobb f\u00f6rsvinner, utan \u00e4ven att inneh\u00e5llet i arbetsrollerna \u00e4ndras och att nya yrken v\u00e4xer &hellip;","og_url":"https:\/\/www.almega.se\/2025\/11\/foretag-maste-rusta-for-ai-omstallningen\/","og_site_name":"Almega","article_published_time":"2025-11-04T09:24:05+00:00","article_modified_time":"2025-11-04T11:20:00+00:00","og_image":[{"width":2500,"height":1668,"url":"https:\/\/www.almega.se\/app\/uploads\/2025\/11\/ima220638.jpg","type":"image\/jpeg"}],"author":"Sandra Mildenberger","twitter_card":"summary_large_image","twitter_misc":{"Skriven av":"Sandra Mildenberger","Ber\u00e4knad l\u00e4stid":"2 minuter"},"schema":{"@context":"https:\/\/schema.org","@graph":[{"@type":"NewsArticle","@id":"https:\/\/www.almega.se\/2025\/11\/foretag-maste-rusta-for-ai-omstallningen\/#article","isPartOf":{"@id":"https:\/\/www.almega.se\/2025\/11\/foretag-maste-rusta-for-ai-omstallningen\/"},"author":{"name":"Sandra Mildenberger","@id":"https:\/\/www.almega.se\/#\/schema\/person\/432bf15cd5b8c34477366237d76e0e28"},"headline":"F\u00f6retag m\u00e5ste rusta f\u00f6r AI-omst\u00e4llningen","datePublished":"2025-11-04T09:24:05+00:00","dateModified":"2025-11-04T11:20:00+00:00","mainEntityOfPage":{"@id":"https:\/\/www.almega.se\/2025\/11\/foretag-maste-rusta-for-ai-omstallningen\/"},"wordCount":383,"image":{"@id":"https:\/\/www.almega.se\/2025\/11\/foretag-maste-rusta-for-ai-omstallningen\/#primaryimage"},"thumbnailUrl":"https:\/\/www.almega.se\/app\/uploads\/2025\/11\/ima220638.jpg","articleSection":["AI","Arbetsgivarfr\u00e5gor"],"inLanguage":"sv-SE"},{"@type":"WebPage","@id":"https:\/\/www.almega.se\/2025\/11\/foretag-maste-rusta-for-ai-omstallningen\/","url":"https:\/\/www.almega.se\/2025\/11\/foretag-maste-rusta-for-ai-omstallningen\/","name":"F\u00f6retag m\u00e5ste rusta f\u00f6r AI-omst\u00e4llningen | Almega","isPartOf":{"@id":"https:\/\/www.almega.se\/#website"},"primaryImageOfPage":{"@id":"https:\/\/www.almega.se\/2025\/11\/foretag-maste-rusta-for-ai-omstallningen\/#primaryimage"},"image":{"@id":"https:\/\/www.almega.se\/2025\/11\/foretag-maste-rusta-for-ai-omstallningen\/#primaryimage"},"thumbnailUrl":"https:\/\/www.almega.se\/app\/uploads\/2025\/11\/ima220638.jpg","datePublished":"2025-11-04T09:24:05+00:00","dateModified":"2025-11-04T11:20:00+00:00","author":{"@id":"https:\/\/www.almega.se\/#\/schema\/person\/432bf15cd5b8c34477366237d76e0e28"},"breadcrumb":{"@id":"https:\/\/www.almega.se\/2025\/11\/foretag-maste-rusta-for-ai-omstallningen\/#breadcrumb"},"inLanguage":"sv-SE","potentialAction":[{"@type":"ReadAction","target":["https:\/\/www.almega.se\/2025\/11\/foretag-maste-rusta-for-ai-omstallningen\/"]}]},{"@type":"ImageObject","inLanguage":"sv-SE","@id":"https:\/\/www.almega.se\/2025\/11\/foretag-maste-rusta-for-ai-omstallningen\/#primaryimage","url":"https:\/\/www.almega.se\/app\/uploads\/2025\/11\/ima220638.jpg","contentUrl":"https:\/\/www.almega.se\/app\/uploads\/2025\/11\/ima220638.jpg","width":2500,"height":1668},{"@type":"BreadcrumbList","@id":"https:\/\/www.almega.se\/2025\/11\/foretag-maste-rusta-for-ai-omstallningen\/#breadcrumb","itemListElement":[{"@type":"ListItem","position":1,"name":"Home","item":"https:\/\/www.almega.se\/"},{"@type":"ListItem","position":2,"name":"F\u00f6retag m\u00e5ste rusta f\u00f6r AI-omst\u00e4llningen"}]},{"@type":"WebSite","@id":"https:\/\/www.almega.se\/#website","url":"https:\/\/www.almega.se\/","name":"Almega","description":"","potentialAction":[{"@type":"SearchAction","target":{"@type":"EntryPoint","urlTemplate":"https:\/\/www.almega.se\/?s={search_term_string}"},"query-input":{"@type":"PropertyValueSpecification","valueRequired":true,"valueName":"search_term_string"}}],"inLanguage":"sv-SE"},{"@type":"Person","@id":"https:\/\/www.almega.se\/#\/schema\/person\/432bf15cd5b8c34477366237d76e0e28","name":"Sandra Mildenberger","image":{"@type":"ImageObject","inLanguage":"sv-SE","@id":"https:\/\/www.almega.se\/#\/schema\/person\/image\/","url":"https:\/\/secure.gravatar.com\/avatar\/303ee6ef75fa0849b0b85e527659b8bf3457cd9509f76c13628965581b041b41?s=96&d=mm&r=g","contentUrl":"https:\/\/secure.gravatar.com\/avatar\/303ee6ef75fa0849b0b85e527659b8bf3457cd9509f76c13628965581b041b41?s=96&d=mm&r=g","caption":"Sandra Mildenberger"},"url":"https:\/\/www.almega.se\/person\/sandramildenberger\/"}]}},"_links":{"self":[{"href":"https:\/\/www.almega.se\/api\/wp\/v2\/posts\/83706","targetHints":{"allow":["GET"]}}],"collection":[{"href":"https:\/\/www.almega.se\/api\/wp\/v2\/posts"}],"about":[{"href":"https:\/\/www.almega.se\/api\/wp\/v2\/types\/post"}],"author":[{"embeddable":true,"href":"https:\/\/www.almega.se\/api\/wp\/v2\/users\/21574"}],"replies":[{"embeddable":true,"href":"https:\/\/www.almega.se\/api\/wp\/v2\/comments?post=83706"}],"version-history":[{"count":4,"href":"https:\/\/www.almega.se\/api\/wp\/v2\/posts\/83706\/revisions"}],"predecessor-version":[{"id":83721,"href":"https:\/\/www.almega.se\/api\/wp\/v2\/posts\/83706\/revisions\/83721"}],"wp:featuredmedia":[{"embeddable":true,"href":"https:\/\/www.almega.se\/api\/wp\/v2\/media\/83708"}],"wp:attachment":[{"href":"https:\/\/www.almega.se\/api\/wp\/v2\/media?parent=83706"}],"wp:term":[{"taxonomy":"category","embeddable":true,"href":"https:\/\/www.almega.se\/api\/wp\/v2\/categories?post=83706"},{"taxonomy":"post_tag","embeddable":true,"href":"https:\/\/www.almega.se\/api\/wp\/v2\/tags?post=83706"},{"taxonomy":"type","embeddable":true,"href":"https:\/\/www.almega.se\/api\/wp\/v2\/article_type?post=83706"},{"taxonomy":"agreement","embeddable":true,"href":"https:\/\/www.almega.se\/api\/wp\/v2\/agreement?post=83706"}],"curies":[{"name":"wp","href":"https:\/\/api.w.org\/{rel}","templated":true}]}}