{"id":83668,"date":"2025-11-03T09:40:47","date_gmt":"2025-11-03T08:40:47","guid":{"rendered":"https:\/\/www.almega.se\/?p=83668"},"modified":"2025-11-06T10:06:07","modified_gmt":"2025-11-06T09:06:07","slug":"debatt-permanenta-och-bredda-de-sankta-arbetsgivaravgifterna","status":"publish","type":"post","link":"https:\/\/www.almega.se\/2025\/11\/debatt-permanenta-och-bredda-de-sankta-arbetsgivaravgifterna\/","title":{"rendered":"Debatt: Permanenta och bredda de s\u00e4nkta arbetsgivar&shy;avgifterna"},"content":{"rendered":"<p class=\"intro\">Regeringens beslut att s\u00e4nka arbetsgivaravgifterna f\u00f6r unga i h\u00f6stbudgeten \u00e4r ett steg i r\u00e4tt riktning. Men en tillf\u00e4llig och begr\u00e4nsad \u00e5tg\u00e4rd r\u00e4cker inte f\u00f6r att skapa fler jobb och f\u00e5 fart p\u00e5 tillv\u00e4xten \u2013 s\u00e4rskilt inte n\u00e4r Sverige fortfarande \u00e4r ett av Europas dyraste l\u00e4nder att anst\u00e4lla i. Det skriver Fredrik \u00d6stbom, n\u00e4ringspolitisk chef och Johannes Nathell, n\u00e4ringspolitisk expert p\u00e5 Almega i en debattartikel i Dagens industri.<\/p>\n\n<p>I regeringens h\u00f6stbudget presenterades en s\u00e4nkning av arbetsgivaravgifterna. \u00c5tg\u00e4rden \u00e4r dock tillf\u00e4llig och g\u00e4ller enbart unga mellan 19 och 23 \u00e5r. Det \u00e4r lovv\u00e4rt, absolut, men tyv\u00e4rr l\u00e5ngt ifr\u00e5n tillr\u00e4ckligt f\u00f6r att f\u00e5 fart p\u00e5 tillv\u00e4xten. Att g\u00f6ra s\u00e4nkningen permanent och d\u00e4refter successivt bredda den till att omfatta alla borde d\u00e4rf\u00f6r bli ett vall\u00f6fte fr\u00e5n regeringen.<br><br>Inom den privata tj\u00e4nstesektorn \u00e4r arbetskraftskostnaderna den i s\u00e4rklass st\u00f6rsta utgiften. F\u00f6ljaktligen \u00e4r det ocks\u00e5 dessa f\u00f6retag som drabbas h\u00e5rdast av h\u00f6ga kostnader f\u00f6r att anst\u00e4lla. F\u00f6r f\u00f6retag som levererar kunskapsintensiva f\u00f6retagstj\u00e4nster \u2013 exempelvis inom juridik, ekonomi eller teknik \u2013 motsvarar kostnaden f\u00f6r arbetskraft 80 procent av f\u00f6r\u00e4dlingsv\u00e4rdet. I vissa servicebranscher \u00e4r siffran \u00e4nnu h\u00f6gre.<\/p>\n\n\n<a class='Share__link Share__link--url copy-text' href='#' rel='nofollow' data-text='de-hoga-kostnaderna-hammar-investeringar,-expansion-och-jobbskapande' title='Dela url' data-confirmation='L\u00e4nken kopierades till urklipp'><svg class='icon icon--link'  width='18' height='18' viewBox='0 0 18 18' fill='none' xmlns='http:\/\/www.w3.org\/2000\/svg'>\n            <path d='M10.4142 0.514721L6.87868 4.05025L8.29289 5.46447L11.1213 2.63604L15.364 6.87868L12.5355 9.70711L13.9497 11.1213L17.4853 7.58579C17.8763 7.19476 17.8763 6.5626 17.4853 6.17158L11.8284 0.514721C11.4374 0.123691 10.8052 0.123691 10.4142 0.514721Z' fill='black'\/>\n            <path d='M9.7071 12.5355L6.87868 15.364L2.63604 11.1213L5.46446 8.2929L4.05025 6.87868L0.514716 10.4142C0.123686 10.8052 0.123686 11.4374 0.514716 11.8284L6.17157 17.4853C6.5626 17.8763 7.19475 17.8763 7.58578 17.4853L11.1213 13.9497L9.7071 12.5355Z' fill='black'\/>\n            <path d='M6.17157 11.8284C6.5626 12.2195 7.19475 12.2195 7.58578 11.8284L11.8284 7.58579C12.2195 7.19476 12.2195 6.56261 11.8284 6.17158C11.4374 5.78055 10.8052 5.78055 10.4142 6.17158L6.17157 10.4142C5.78054 10.8052 5.78054 11.4374 6.17157 11.8284Z' fill='black'\/>\n            <\/svg> <\/a>\n<h2 class=\"wp-block-heading\" id=\"h-de-hoga-kostnaderna-hammar-investeringar-expansion-och-jobbskapande\">De h\u00f6ga kostnaderna h\u00e4mmar investeringar, expansion och jobbskapande<\/h2>\n\n\n\n<p>I en ny rapport fr\u00e5n Almega j\u00e4mf\u00f6rs den svenska tj\u00e4nstesektorns anst\u00e4llningskostnader med situationen i andra europeiska l\u00e4nder. Dessv\u00e4rre visar sig Sverige vara ett av de l\u00e4nder i Europa d\u00e4r det \u00e4r som dyrast att anst\u00e4lla. Det som verkligen sticker ut \u00e4r orsaken till v\u00e5ra h\u00f6ga kostnader. Till skillnad fr\u00e5n exempelvis v\u00e5ra nordiska grannl\u00e4nder, d\u00e4r det fr\u00e4mst \u00e4r l\u00f6nerna som g\u00f6r det dyrt att anst\u00e4lla, beror v\u00e5ra h\u00f6ga anst\u00e4llningskostnader p\u00e5 arbetsgivaravgifterna, som \u00e4r de femte h\u00f6gsta i Europa.<br><br>I Sverige \u00e4r dessutom en tredjedel av arbetsgivaravgiften i praktiken en dold skatt genom den allm\u00e4nna l\u00f6neavgiften. Den saknar koppling till socialf\u00f6rs\u00e4kringssystemet och redovisas inte p\u00e5 l\u00f6nebeskedet.<br><br>De h\u00f6ga kostnaderna h\u00e4mmar investeringar, expansion och jobbskapande, men ocks\u00e5 Sveriges m\u00f6jligheter att konkurrera globalt. S\u00e4nkta arbetsgivaravgifter skulle medf\u00f6ra det motsatta: m\u00e5nga nya jobb och \u00f6kad tillv\u00e4xt. Enligt en f\u00e4rsk rapport fr\u00e5n Svenskt N\u00e4ringsliv skulle 38 000 heltidsjobb kunna skapas, enbart genom att slopa den allm\u00e4nna l\u00f6neavgiften f\u00f6r personer under 26 \u00e5r.<br><br>Liknande ber\u00e4kningar fr\u00e5n Almega har tidigare visat hur en generell s\u00e4nkning av arbetsgivaravgiften p\u00e5 tre procentenheter har potential att skapa n\u00e4rmare 100 000 nya jobb, medan en slopad allm\u00e4n l\u00f6neavgift f\u00f6r unga upp till 24 \u00e5r skulle kunna skapa n\u00e4stan 20\u202f000 jobb.<\/p>\n\n\n<a class='Share__link Share__link--url copy-text' href='#' rel='nofollow' data-text='sankta-arbetsgivaravgifter-skapar-fler-jobb-an-tidigare-antagits' title='Dela url' data-confirmation='L\u00e4nken kopierades till urklipp'><svg class='icon icon--link'  width='18' height='18' viewBox='0 0 18 18' fill='none' xmlns='http:\/\/www.w3.org\/2000\/svg'>\n            <path d='M10.4142 0.514721L6.87868 4.05025L8.29289 5.46447L11.1213 2.63604L15.364 6.87868L12.5355 9.70711L13.9497 11.1213L17.4853 7.58579C17.8763 7.19476 17.8763 6.5626 17.4853 6.17158L11.8284 0.514721C11.4374 0.123691 10.8052 0.123691 10.4142 0.514721Z' fill='black'\/>\n            <path d='M9.7071 12.5355L6.87868 15.364L2.63604 11.1213L5.46446 8.2929L4.05025 6.87868L0.514716 10.4142C0.123686 10.8052 0.123686 11.4374 0.514716 11.8284L6.17157 17.4853C6.5626 17.8763 7.19475 17.8763 7.58578 17.4853L11.1213 13.9497L9.7071 12.5355Z' fill='black'\/>\n            <path d='M6.17157 11.8284C6.5626 12.2195 7.19475 12.2195 7.58578 11.8284L11.8284 7.58579C12.2195 7.19476 12.2195 6.56261 11.8284 6.17158C11.4374 5.78055 10.8052 5.78055 10.4142 6.17158L6.17157 10.4142C5.78054 10.8052 5.78054 11.4374 6.17157 11.8284Z' fill='black'\/>\n            <\/svg> <\/a>\n<h2 class=\"wp-block-heading\" id=\"h-sankta-arbetsgivaravgifter-skapar-fler-jobb-an-tidigare-antagits\">S\u00e4nkta arbetsgivaravgifter skapar fler jobb \u00e4n tidigare antagits<\/h2>\n\n\n\n<p>En seglivad myt \u00e4r att s\u00e4nkta arbetsgivaravgifter skulle vara en kostsam reform som ger f\u00e5 nya jobb. Ibland h\u00e4nvisas det till en IFAU-rapport fr\u00e5n 00-talet. Nu har dock senare forskning visat p\u00e5 motsatsen. En studie fr\u00e5n Handelns Forskningsinstitut, publicerad i den vetenskapliga tidskriften Labour, visar att s\u00e4nkt arbetsgivaravgift f\u00f6r unga inte bara leder till fler nyanst\u00e4llningar, utan ocks\u00e5 till fler arbetade timmar f\u00f6r befintlig personal. Slutsatsen \u00e4r tydlig: S\u00e4nkta arbetsgivaravgifter skapar fler jobb \u00e4n tidigare antagits.<br><br>Regeringen beh\u00f6ver g\u00f6ra mer f\u00f6r att skapa fler jobb och \u00f6ka tillv\u00e4xten. I m\u00e5nga avseenden tillh\u00f6r Sverige Europas bottenskikt. Vi brottas med en utdragen l\u00e5gkonjunktur, rekordh\u00f6g arbetsl\u00f6shet, svag produktivitetsutveckling och l\u00e5g tillv\u00e4xt. Situationen \u00e4r akut.<br><br>Det r\u00e4cker inte med tillf\u00e4lligt s\u00e4nkta arbetsgivaravgifter f\u00f6r unga. F\u00f6r att minska arbetsl\u00f6sheten, st\u00e4rka Sveriges konkurrenskraft och f\u00e5 fart p\u00e5 tillv\u00e4xten kr\u00e4vs en bred s\u00e4nkning av arbetsgivaravgifterna. Ett l\u00e4mpligt f\u00f6rsta steg \u00e4r att g\u00f6ra den tillf\u00e4lliga s\u00e4nkningen f\u00f6r unga permanent.<br><strong><br>Fredrik \u00d6stbom<\/strong>, n\u00e4ringspolitisk chef, Almega<strong><br>Johannes Nathell<\/strong>, n\u00e4ringspolitisk expert, Almega<\/p>\n\n\n\n      <a href=\"https:\/\/www.di.se\/debatt\/permanenta-och-bredda-de-sankta-arbetsgivaravgifterna\/\" target=\"_blank\" class=\"Button is-text Button--arrow-tip\">\n      \n        L\u00e4s artikeln p\u00e5 di.se\n      \n      \n                \n                <svg class='icon icon--arrow-tip'  width=\"11\" height=\"16\" viewBox=\"0 0 11 16\" fill=\"none\" xmlns=\"http:\/\/www.w3.org\/2000\/svg\">\n<path d=\"M0.858398 15L9.2304 7.99664L0.967732 1.00001\" stroke=\"black\" stroke-width=\"2\" stroke-miterlimit=\"10\"\/>\n<\/svg>\n\n        \n    <\/a>\n  \n","protected":false},"excerpt":{"rendered":"<p>En tillf\u00e4llig och begr\u00e4nsad \u00e5tg\u00e4rd r\u00e4cker inte f\u00f6r att skapa fler jobb och f\u00e5 fart p\u00e5 tillv\u00e4xten, skriver Fredrik \u00d6stbom, n\u00e4ringspolitisk chef och Johannes Nathell, n\u00e4ringspolitisk expert p\u00e5 Almega i en debattartikel i Dagens industri.<\/p>\n","protected":false},"author":21574,"featured_media":83669,"comment_status":"closed","ping_status":"closed","sticky":false,"template":"","format":"standard","meta":{"_acf_changed":false,"footnotes":""},"categories":[451,64,57],"tags":[],"article_type":[55,49],"agreement":[],"class_list":["post-83668","post","type-post","status-publish","format-standard","has-post-thumbnail","hentry","category-arbetsgivarfragor","category-arbetsmarknad","category-skatter","type-artiklar","type-debattartiklar"],"acf":[],"yoast_head":"<!-- This site is optimized with the Yoast SEO Premium plugin v26.8 (Yoast SEO v26.8) - https:\/\/yoast.com\/product\/yoast-seo-premium-wordpress\/ -->\n<title>Debatt: Permanenta och bredda de s\u00e4nkta arbetsgivaravgifterna | Almega<\/title>\n<meta name=\"robots\" content=\"index, follow, max-snippet:-1, max-image-preview:large, max-video-preview:-1\" \/>\n<link rel=\"canonical\" href=\"https:\/\/www.almega.se\/2025\/11\/debatt-permanenta-och-bredda-de-sankta-arbetsgivaravgifterna\/\" \/>\n<meta property=\"og:locale\" content=\"sv_SE\" \/>\n<meta property=\"og:type\" content=\"article\" \/>\n<meta property=\"og:title\" content=\"Debatt: Permanenta och bredda de s\u00e4nkta arbetsgivaravgifterna\" \/>\n<meta property=\"og:description\" content=\"En tillf\u00e4llig och begr\u00e4nsad \u00e5tg\u00e4rd r\u00e4cker inte f\u00f6r att skapa fler jobb och f\u00e5 fart p\u00e5 tillv\u00e4xten, skriver Fredrik \u00d6stbom, n\u00e4ringspolitisk chef och Johannes Nathell, n\u00e4ringspolitisk expert p\u00e5 Almega i en debattartikel i Dagens industri.\" \/>\n<meta property=\"og:url\" content=\"https:\/\/www.almega.se\/2025\/11\/debatt-permanenta-och-bredda-de-sankta-arbetsgivaravgifterna\/\" \/>\n<meta property=\"og:site_name\" content=\"Almega\" \/>\n<meta property=\"article:published_time\" content=\"2025-11-03T08:40:47+00:00\" \/>\n<meta property=\"article:modified_time\" content=\"2025-11-06T09:06:07+00:00\" \/>\n<meta property=\"og:image\" content=\"https:\/\/www.almega.se\/app\/uploads\/2025\/11\/Namnlos-design-1-scaled.jpg\" \/>\n\t<meta property=\"og:image:width\" content=\"2560\" \/>\n\t<meta property=\"og:image:height\" content=\"1440\" \/>\n\t<meta property=\"og:image:type\" content=\"image\/jpeg\" \/>\n<meta name=\"author\" content=\"Sandra Mildenberger\" \/>\n<meta name=\"twitter:card\" content=\"summary_large_image\" \/>\n<meta name=\"twitter:label1\" content=\"Skriven av\" \/>\n\t<meta name=\"twitter:data1\" content=\"Sandra Mildenberger\" \/>\n\t<meta name=\"twitter:label2\" content=\"Ber\u00e4knad l\u00e4stid\" \/>\n\t<meta name=\"twitter:data2\" content=\"3 minuter\" \/>\n<!-- \/ Yoast SEO Premium plugin. -->","yoast_head_json":{"title":"Debatt: Permanenta och bredda de s\u00e4nkta arbetsgivaravgifterna | Almega","robots":{"index":"index","follow":"follow","max-snippet":"max-snippet:-1","max-image-preview":"max-image-preview:large","max-video-preview":"max-video-preview:-1"},"canonical":"https:\/\/www.almega.se\/2025\/11\/debatt-permanenta-och-bredda-de-sankta-arbetsgivaravgifterna\/","og_locale":"sv_SE","og_type":"article","og_title":"Debatt: Permanenta och bredda de s\u00e4nkta arbetsgivaravgifterna","og_description":"En tillf\u00e4llig och begr\u00e4nsad \u00e5tg\u00e4rd r\u00e4cker inte f\u00f6r att skapa fler jobb och f\u00e5 fart p\u00e5 tillv\u00e4xten, skriver Fredrik \u00d6stbom, n\u00e4ringspolitisk chef och Johannes Nathell, n\u00e4ringspolitisk expert p\u00e5 Almega i en debattartikel i Dagens industri.","og_url":"https:\/\/www.almega.se\/2025\/11\/debatt-permanenta-och-bredda-de-sankta-arbetsgivaravgifterna\/","og_site_name":"Almega","article_published_time":"2025-11-03T08:40:47+00:00","article_modified_time":"2025-11-06T09:06:07+00:00","og_image":[{"width":2560,"height":1440,"url":"https:\/\/www.almega.se\/app\/uploads\/2025\/11\/Namnlos-design-1-scaled.jpg","type":"image\/jpeg"}],"author":"Sandra Mildenberger","twitter_card":"summary_large_image","twitter_misc":{"Skriven av":"Sandra Mildenberger","Ber\u00e4knad l\u00e4stid":"3 minuter"},"schema":{"@context":"https:\/\/schema.org","@graph":[{"@type":"NewsArticle","@id":"https:\/\/www.almega.se\/2025\/11\/debatt-permanenta-och-bredda-de-sankta-arbetsgivaravgifterna\/#article","isPartOf":{"@id":"https:\/\/www.almega.se\/2025\/11\/debatt-permanenta-och-bredda-de-sankta-arbetsgivaravgifterna\/"},"author":{"name":"Sandra Mildenberger","@id":"https:\/\/www.almega.se\/#\/schema\/person\/432bf15cd5b8c34477366237d76e0e28"},"headline":"Debatt: Permanenta och bredda de s\u00e4nkta arbetsgivar&shy;avgifterna","datePublished":"2025-11-03T08:40:47+00:00","dateModified":"2025-11-06T09:06:07+00:00","mainEntityOfPage":{"@id":"https:\/\/www.almega.se\/2025\/11\/debatt-permanenta-och-bredda-de-sankta-arbetsgivaravgifterna\/"},"wordCount":610,"image":{"@id":"https:\/\/www.almega.se\/2025\/11\/debatt-permanenta-och-bredda-de-sankta-arbetsgivaravgifterna\/#primaryimage"},"thumbnailUrl":"https:\/\/www.almega.se\/app\/uploads\/2025\/11\/Namnlos-design-1-scaled.jpg","articleSection":["Arbetsgivarfr\u00e5gor","Arbetsmarknad","Skatter"],"inLanguage":"sv-SE"},{"@type":"WebPage","@id":"https:\/\/www.almega.se\/2025\/11\/debatt-permanenta-och-bredda-de-sankta-arbetsgivaravgifterna\/","url":"https:\/\/www.almega.se\/2025\/11\/debatt-permanenta-och-bredda-de-sankta-arbetsgivaravgifterna\/","name":"Debatt: Permanenta och bredda de s\u00e4nkta arbetsgivaravgifterna | Almega","isPartOf":{"@id":"https:\/\/www.almega.se\/#website"},"primaryImageOfPage":{"@id":"https:\/\/www.almega.se\/2025\/11\/debatt-permanenta-och-bredda-de-sankta-arbetsgivaravgifterna\/#primaryimage"},"image":{"@id":"https:\/\/www.almega.se\/2025\/11\/debatt-permanenta-och-bredda-de-sankta-arbetsgivaravgifterna\/#primaryimage"},"thumbnailUrl":"https:\/\/www.almega.se\/app\/uploads\/2025\/11\/Namnlos-design-1-scaled.jpg","datePublished":"2025-11-03T08:40:47+00:00","dateModified":"2025-11-06T09:06:07+00:00","author":{"@id":"https:\/\/www.almega.se\/#\/schema\/person\/432bf15cd5b8c34477366237d76e0e28"},"breadcrumb":{"@id":"https:\/\/www.almega.se\/2025\/11\/debatt-permanenta-och-bredda-de-sankta-arbetsgivaravgifterna\/#breadcrumb"},"inLanguage":"sv-SE","potentialAction":[{"@type":"ReadAction","target":["https:\/\/www.almega.se\/2025\/11\/debatt-permanenta-och-bredda-de-sankta-arbetsgivaravgifterna\/"]}]},{"@type":"ImageObject","inLanguage":"sv-SE","@id":"https:\/\/www.almega.se\/2025\/11\/debatt-permanenta-och-bredda-de-sankta-arbetsgivaravgifterna\/#primaryimage","url":"https:\/\/www.almega.se\/app\/uploads\/2025\/11\/Namnlos-design-1-scaled.jpg","contentUrl":"https:\/\/www.almega.se\/app\/uploads\/2025\/11\/Namnlos-design-1-scaled.jpg","width":2560,"height":1440},{"@type":"BreadcrumbList","@id":"https:\/\/www.almega.se\/2025\/11\/debatt-permanenta-och-bredda-de-sankta-arbetsgivaravgifterna\/#breadcrumb","itemListElement":[{"@type":"ListItem","position":1,"name":"Home","item":"https:\/\/www.almega.se\/"},{"@type":"ListItem","position":2,"name":"Debatt: Permanenta och bredda de s\u00e4nkta arbetsgivar&shy;avgifterna"}]},{"@type":"WebSite","@id":"https:\/\/www.almega.se\/#website","url":"https:\/\/www.almega.se\/","name":"Almega","description":"","potentialAction":[{"@type":"SearchAction","target":{"@type":"EntryPoint","urlTemplate":"https:\/\/www.almega.se\/?s={search_term_string}"},"query-input":{"@type":"PropertyValueSpecification","valueRequired":true,"valueName":"search_term_string"}}],"inLanguage":"sv-SE"},{"@type":"Person","@id":"https:\/\/www.almega.se\/#\/schema\/person\/432bf15cd5b8c34477366237d76e0e28","name":"Sandra Mildenberger","image":{"@type":"ImageObject","inLanguage":"sv-SE","@id":"https:\/\/www.almega.se\/#\/schema\/person\/image\/","url":"https:\/\/secure.gravatar.com\/avatar\/303ee6ef75fa0849b0b85e527659b8bf3457cd9509f76c13628965581b041b41?s=96&d=mm&r=g","contentUrl":"https:\/\/secure.gravatar.com\/avatar\/303ee6ef75fa0849b0b85e527659b8bf3457cd9509f76c13628965581b041b41?s=96&d=mm&r=g","caption":"Sandra Mildenberger"},"url":"https:\/\/www.almega.se\/person\/sandramildenberger\/"}]}},"_links":{"self":[{"href":"https:\/\/www.almega.se\/api\/wp\/v2\/posts\/83668","targetHints":{"allow":["GET"]}}],"collection":[{"href":"https:\/\/www.almega.se\/api\/wp\/v2\/posts"}],"about":[{"href":"https:\/\/www.almega.se\/api\/wp\/v2\/types\/post"}],"author":[{"embeddable":true,"href":"https:\/\/www.almega.se\/api\/wp\/v2\/users\/21574"}],"replies":[{"embeddable":true,"href":"https:\/\/www.almega.se\/api\/wp\/v2\/comments?post=83668"}],"version-history":[{"count":8,"href":"https:\/\/www.almega.se\/api\/wp\/v2\/posts\/83668\/revisions"}],"predecessor-version":[{"id":83787,"href":"https:\/\/www.almega.se\/api\/wp\/v2\/posts\/83668\/revisions\/83787"}],"wp:featuredmedia":[{"embeddable":true,"href":"https:\/\/www.almega.se\/api\/wp\/v2\/media\/83669"}],"wp:attachment":[{"href":"https:\/\/www.almega.se\/api\/wp\/v2\/media?parent=83668"}],"wp:term":[{"taxonomy":"category","embeddable":true,"href":"https:\/\/www.almega.se\/api\/wp\/v2\/categories?post=83668"},{"taxonomy":"post_tag","embeddable":true,"href":"https:\/\/www.almega.se\/api\/wp\/v2\/tags?post=83668"},{"taxonomy":"type","embeddable":true,"href":"https:\/\/www.almega.se\/api\/wp\/v2\/article_type?post=83668"},{"taxonomy":"agreement","embeddable":true,"href":"https:\/\/www.almega.se\/api\/wp\/v2\/agreement?post=83668"}],"curies":[{"name":"wp","href":"https:\/\/api.w.org\/{rel}","templated":true}]}}