{"id":83650,"date":"2025-10-31T12:00:00","date_gmt":"2025-10-31T11:00:00","guid":{"rendered":"https:\/\/www.almega.se\/2025\/10\/nytt-kollektivavtal-for-callcenterforetag\/"},"modified":"2025-10-31T12:06:21","modified_gmt":"2025-10-31T11:06:21","slug":"nytt-kollektivavtal-for-callcenterforetag","status":"publish","type":"post","link":"https:\/\/www.almega.se\/2025\/10\/nytt-kollektivavtal-for-callcenterforetag\/","title":{"rendered":"Nytt kollektivavtal f\u00f6r Callcenter&shy;f\u00f6retag"},"content":{"rendered":"\n<p class=\"intro\">Almega Tj\u00e4nstef\u00f6retagen har tecknat nytt kollektivavtal med Unionen f\u00f6r Call\/contactcenter- och marknadsunders\u00f6kningsf\u00f6retag. Det nya avtalet str\u00e4cker sig \u00f6ver 24 m\u00e5nader med ett avtalsv\u00e4rde p\u00e5 6,4 procent. Kostnaden f\u00f6rdelas med l\u00f6ne\u00f6kningar p\u00e5 5,5 procent, en arbetstidsf\u00f6rkortning p\u00e5 0,5 procent och avs\u00e4ttning till flexpension p\u00e5 0,4 procent.<\/p>\n<p>\u2013 Vi har tillsammans med Unionen haft tuffa, men konstruktiva f\u00f6rhandlingar och mot bakgrund av de sv\u00e5ra fr\u00e5gor som varit p\u00e5 f\u00f6rhandlingsbordet \u00e4r vi n\u00f6jda med resultatet. Tj\u00e4nstesektorn forts\u00e4tter att leverera kollektivavtal som g\u00f6r att f\u00f6retagen kan utvecklas efter sina f\u00f6ruts\u00e4ttningar, s\u00e4ger Margaretha Sandberg, Almega Tj\u00e4nstef\u00f6retagens f\u00f6rhandlingsledare p\u00e5 avtalsomr\u00e5det. \u00a0<\/p>\n<p>Avtalet omfattar ca\u00a08\u00a0000 tj\u00e4nstem\u00e4n i ett 80-tal f\u00f6retag.\u00a0<\/p>\n<\/p>\n<p><em>Attraktiva och branschanpassade villkor \u00e4r avg\u00f6rande f\u00f6r tj\u00e4nstesektorns framg\u00e5ng och Almega str\u00e4var alltid efter att skapa de b\u00e4sta f\u00f6ruts\u00e4ttningarna f\u00f6r b\u00e5de arbetsgivare och medarbetare. Under avtalsr\u00f6relsen 2025 tecknar Almega sammanlagt 125 avtal, flest av alla arbetsgivarorganisationer.<\/em><\/p>\n\n","protected":false},"excerpt":{"rendered":"<p>Almega Tj\u00e4nstef\u00f6retagen har tecknat nytt kollektivavtal med Unionen f\u00f6r Call\/contactcenter- och marknadsunders\u00f6kningsf\u00f6retag. Det nya avtalet str\u00e4cker sig \u00f6ver 24 m\u00e5nader med ett avtalsv\u00e4rde p\u00e5 6,4 procent. Kostnaden f\u00f6rdelas med l\u00f6ne\u00f6kningar p\u00e5 5,5 procent, en arbetstidsf\u00f6rkortning p\u00e5 0,5 procent och avs\u00e4ttning till flexpension p\u00e5 0,4 procent.<\/p>\n","protected":false},"author":3380,"featured_media":83651,"comment_status":"closed","ping_status":"closed","sticky":false,"template":"","format":"standard","meta":{"_acf_changed":false,"footnotes":""},"categories":[451,636,724],"tags":[780],"article_type":[93],"agreement":[],"class_list":["post-83650","post","type-post","status-publish","format-standard","has-post-thumbnail","hentry","category-arbetsgivarfragor","category-avtalsrorelse","category-kollektivavtal","tag-avtalsrorelsen-2025","type-pressmeddelanden"],"acf":[],"yoast_head":"<!-- This site is optimized with the Yoast SEO Premium plugin v26.8 (Yoast SEO v26.8) - https:\/\/yoast.com\/product\/yoast-seo-premium-wordpress\/ -->\n<title>Nytt kollektivavtal f\u00f6r Callcenterf\u00f6retag | Almega<\/title>\n<meta name=\"robots\" content=\"index, follow, max-snippet:-1, max-image-preview:large, max-video-preview:-1\" \/>\n<link rel=\"canonical\" href=\"https:\/\/www.almega.se\/2025\/10\/nytt-kollektivavtal-for-callcenterforetag\/\" \/>\n<meta property=\"og:locale\" content=\"sv_SE\" \/>\n<meta property=\"og:type\" content=\"article\" \/>\n<meta property=\"og:title\" content=\"Nytt kollektivavtal f\u00f6r Callcenterf\u00f6retag\" \/>\n<meta property=\"og:description\" content=\"Almega Tj\u00e4nstef\u00f6retagen har tecknat nytt kollektivavtal med Unionen f\u00f6r Call\/contactcenter- och marknadsunders\u00f6kningsf\u00f6retag. Det nya avtalet str\u00e4cker sig \u00f6ver 24 m\u00e5nader med ett avtalsv\u00e4rde p\u00e5 6,4 procent. Kostnaden f\u00f6rdelas med l\u00f6ne\u00f6kningar p\u00e5 5,5 procent, en arbetstidsf\u00f6rkortning p\u00e5 0,5 procent och avs\u00e4ttning till flexpension p\u00e5 0,4 procent.\" \/>\n<meta property=\"og:url\" content=\"https:\/\/www.almega.se\/2025\/10\/nytt-kollektivavtal-for-callcenterforetag\/\" \/>\n<meta property=\"og:site_name\" content=\"Almega\" \/>\n<meta property=\"article:published_time\" content=\"2025-10-31T11:00:00+00:00\" \/>\n<meta property=\"article:modified_time\" content=\"2025-10-31T11:06:21+00:00\" \/>\n<meta property=\"og:image\" content=\"https:\/\/www.almega.se\/app\/uploads\/2025\/10\/20bbe6aa-49ac-4783-9c32-cb4f9d8d418e-scaled.jpg\" \/>\n\t<meta property=\"og:image:width\" content=\"2560\" \/>\n\t<meta property=\"og:image:height\" content=\"1707\" \/>\n\t<meta property=\"og:image:type\" content=\"image\/jpeg\" \/>\n<meta name=\"author\" content=\"Marianne Ahlgren\" \/>\n<meta name=\"twitter:card\" content=\"summary_large_image\" \/>\n<meta name=\"twitter:label1\" content=\"Skriven av\" \/>\n\t<meta name=\"twitter:data1\" content=\"Marianne Ahlgren\" \/>\n\t<meta name=\"twitter:label2\" content=\"Ber\u00e4knad l\u00e4stid\" \/>\n\t<meta name=\"twitter:data2\" content=\"1 minut\" \/>\n<!-- \/ Yoast SEO Premium plugin. -->","yoast_head_json":{"title":"Nytt kollektivavtal f\u00f6r Callcenterf\u00f6retag | Almega","robots":{"index":"index","follow":"follow","max-snippet":"max-snippet:-1","max-image-preview":"max-image-preview:large","max-video-preview":"max-video-preview:-1"},"canonical":"https:\/\/www.almega.se\/2025\/10\/nytt-kollektivavtal-for-callcenterforetag\/","og_locale":"sv_SE","og_type":"article","og_title":"Nytt kollektivavtal f\u00f6r Callcenterf\u00f6retag","og_description":"Almega Tj\u00e4nstef\u00f6retagen har tecknat nytt kollektivavtal med Unionen f\u00f6r Call\/contactcenter- och marknadsunders\u00f6kningsf\u00f6retag. Det nya avtalet str\u00e4cker sig \u00f6ver 24 m\u00e5nader med ett avtalsv\u00e4rde p\u00e5 6,4 procent. Kostnaden f\u00f6rdelas med l\u00f6ne\u00f6kningar p\u00e5 5,5 procent, en arbetstidsf\u00f6rkortning p\u00e5 0,5 procent och avs\u00e4ttning till flexpension p\u00e5 0,4 procent.","og_url":"https:\/\/www.almega.se\/2025\/10\/nytt-kollektivavtal-for-callcenterforetag\/","og_site_name":"Almega","article_published_time":"2025-10-31T11:00:00+00:00","article_modified_time":"2025-10-31T11:06:21+00:00","og_image":[{"width":2560,"height":1707,"url":"https:\/\/www.almega.se\/app\/uploads\/2025\/10\/20bbe6aa-49ac-4783-9c32-cb4f9d8d418e-scaled.jpg","type":"image\/jpeg"}],"author":"Marianne Ahlgren","twitter_card":"summary_large_image","twitter_misc":{"Skriven av":"Marianne Ahlgren","Ber\u00e4knad l\u00e4stid":"1 minut"},"schema":{"@context":"https:\/\/schema.org","@graph":[{"@type":"NewsArticle","@id":"https:\/\/www.almega.se\/2025\/10\/nytt-kollektivavtal-for-callcenterforetag\/#article","isPartOf":{"@id":"https:\/\/www.almega.se\/2025\/10\/nytt-kollektivavtal-for-callcenterforetag\/"},"author":{"name":"Marianne Ahlgren","@id":"https:\/\/www.almega.se\/#\/schema\/person\/860599f2ded56005a909a04b92cf7035"},"headline":"Nytt kollektivavtal f\u00f6r Callcenter&shy;f\u00f6retag","datePublished":"2025-10-31T11:00:00+00:00","dateModified":"2025-10-31T11:06:21+00:00","mainEntityOfPage":{"@id":"https:\/\/www.almega.se\/2025\/10\/nytt-kollektivavtal-for-callcenterforetag\/"},"wordCount":180,"image":{"@id":"https:\/\/www.almega.se\/2025\/10\/nytt-kollektivavtal-for-callcenterforetag\/#primaryimage"},"thumbnailUrl":"https:\/\/www.almega.se\/app\/uploads\/2025\/10\/20bbe6aa-49ac-4783-9c32-cb4f9d8d418e-scaled.jpg","keywords":["avtalsr\u00f6relsen 2025"],"articleSection":["Arbetsgivarfr\u00e5gor","Avtalsr\u00f6relse","Kollektivavtal"],"inLanguage":"sv-SE"},{"@type":"WebPage","@id":"https:\/\/www.almega.se\/2025\/10\/nytt-kollektivavtal-for-callcenterforetag\/","url":"https:\/\/www.almega.se\/2025\/10\/nytt-kollektivavtal-for-callcenterforetag\/","name":"Nytt kollektivavtal f\u00f6r Callcenterf\u00f6retag | Almega","isPartOf":{"@id":"https:\/\/www.almega.se\/#website"},"primaryImageOfPage":{"@id":"https:\/\/www.almega.se\/2025\/10\/nytt-kollektivavtal-for-callcenterforetag\/#primaryimage"},"image":{"@id":"https:\/\/www.almega.se\/2025\/10\/nytt-kollektivavtal-for-callcenterforetag\/#primaryimage"},"thumbnailUrl":"https:\/\/www.almega.se\/app\/uploads\/2025\/10\/20bbe6aa-49ac-4783-9c32-cb4f9d8d418e-scaled.jpg","datePublished":"2025-10-31T11:00:00+00:00","dateModified":"2025-10-31T11:06:21+00:00","author":{"@id":"https:\/\/www.almega.se\/#\/schema\/person\/860599f2ded56005a909a04b92cf7035"},"breadcrumb":{"@id":"https:\/\/www.almega.se\/2025\/10\/nytt-kollektivavtal-for-callcenterforetag\/#breadcrumb"},"inLanguage":"sv-SE","potentialAction":[{"@type":"ReadAction","target":["https:\/\/www.almega.se\/2025\/10\/nytt-kollektivavtal-for-callcenterforetag\/"]}]},{"@type":"ImageObject","inLanguage":"sv-SE","@id":"https:\/\/www.almega.se\/2025\/10\/nytt-kollektivavtal-for-callcenterforetag\/#primaryimage","url":"https:\/\/www.almega.se\/app\/uploads\/2025\/10\/20bbe6aa-49ac-4783-9c32-cb4f9d8d418e-scaled.jpg","contentUrl":"https:\/\/www.almega.se\/app\/uploads\/2025\/10\/20bbe6aa-49ac-4783-9c32-cb4f9d8d418e-scaled.jpg","width":2560,"height":1707},{"@type":"BreadcrumbList","@id":"https:\/\/www.almega.se\/2025\/10\/nytt-kollektivavtal-for-callcenterforetag\/#breadcrumb","itemListElement":[{"@type":"ListItem","position":1,"name":"Home","item":"https:\/\/www.almega.se\/"},{"@type":"ListItem","position":2,"name":"Nytt kollektivavtal f\u00f6r Callcenter&shy;f\u00f6retag"}]},{"@type":"WebSite","@id":"https:\/\/www.almega.se\/#website","url":"https:\/\/www.almega.se\/","name":"Almega","description":"","potentialAction":[{"@type":"SearchAction","target":{"@type":"EntryPoint","urlTemplate":"https:\/\/www.almega.se\/?s={search_term_string}"},"query-input":{"@type":"PropertyValueSpecification","valueRequired":true,"valueName":"search_term_string"}}],"inLanguage":"sv-SE"},{"@type":"Person","@id":"https:\/\/www.almega.se\/#\/schema\/person\/860599f2ded56005a909a04b92cf7035","name":"Marianne Ahlgren","image":{"@type":"ImageObject","inLanguage":"sv-SE","@id":"https:\/\/www.almega.se\/#\/schema\/person\/image\/","url":"https:\/\/secure.gravatar.com\/avatar\/4c350e8b0dd656a6bbe04785780665ac53c7b373c038b1140ce3ae5e8cb21bef?s=96&d=mm&r=g","contentUrl":"https:\/\/secure.gravatar.com\/avatar\/4c350e8b0dd656a6bbe04785780665ac53c7b373c038b1140ce3ae5e8cb21bef?s=96&d=mm&r=g","caption":"Marianne Ahlgren"},"url":"https:\/\/www.almega.se\/person\/marianneahlgren\/"}]}},"_links":{"self":[{"href":"https:\/\/www.almega.se\/api\/wp\/v2\/posts\/83650","targetHints":{"allow":["GET"]}}],"collection":[{"href":"https:\/\/www.almega.se\/api\/wp\/v2\/posts"}],"about":[{"href":"https:\/\/www.almega.se\/api\/wp\/v2\/types\/post"}],"author":[{"embeddable":true,"href":"https:\/\/www.almega.se\/api\/wp\/v2\/users\/3380"}],"replies":[{"embeddable":true,"href":"https:\/\/www.almega.se\/api\/wp\/v2\/comments?post=83650"}],"version-history":[{"count":1,"href":"https:\/\/www.almega.se\/api\/wp\/v2\/posts\/83650\/revisions"}],"predecessor-version":[{"id":83652,"href":"https:\/\/www.almega.se\/api\/wp\/v2\/posts\/83650\/revisions\/83652"}],"wp:featuredmedia":[{"embeddable":true,"href":"https:\/\/www.almega.se\/api\/wp\/v2\/media\/83651"}],"wp:attachment":[{"href":"https:\/\/www.almega.se\/api\/wp\/v2\/media?parent=83650"}],"wp:term":[{"taxonomy":"category","embeddable":true,"href":"https:\/\/www.almega.se\/api\/wp\/v2\/categories?post=83650"},{"taxonomy":"post_tag","embeddable":true,"href":"https:\/\/www.almega.se\/api\/wp\/v2\/tags?post=83650"},{"taxonomy":"type","embeddable":true,"href":"https:\/\/www.almega.se\/api\/wp\/v2\/article_type?post=83650"},{"taxonomy":"agreement","embeddable":true,"href":"https:\/\/www.almega.se\/api\/wp\/v2\/agreement?post=83650"}],"curies":[{"name":"wp","href":"https:\/\/api.w.org\/{rel}","templated":true}]}}