{"id":83608,"date":"2025-10-31T11:09:06","date_gmt":"2025-10-31T10:09:06","guid":{"rendered":"https:\/\/www.almega.se\/2025\/10\/konflikthot-inom-personlig-assistans-avvarjt-hotet-mot-branschen-kvarstar\/"},"modified":"2025-10-31T11:15:01","modified_gmt":"2025-10-31T10:15:01","slug":"konflikthot-inom-personlig-assistans-avvarjt-hotet-mot-branschen-kvarstar","status":"publish","type":"post","link":"https:\/\/www.almega.se\/2025\/10\/konflikthot-inom-personlig-assistans-avvarjt-hotet-mot-branschen-kvarstar\/","title":{"rendered":"Konflikthot inom personlig assistans avv\u00e4rjt \u2013 hotet mot branschen kvarst\u00e5r"},"content":{"rendered":"\n<p class=\"intro\">V\u00e5rdf\u00f6retagarna inom Almega l\u00e4mnade idag besked avseende kollektivavtalet f\u00f6r personlig assistans: Ja till medlarnas bud. Ocks\u00e5 Kommunal har meddelat att de s\u00e4ger ja till budet. D\u00e4rmed \u00e4r hotet om konflikt inom personlig assistans avv\u00e4rjt. Avtalet l\u00f6per fram till 30 september 2027.<\/p>\n<p>\u2013 V\u00e5rdf\u00f6retagarna har idag sagt ja till medlarnas bud, medvetna om att avtalet inneb\u00e4r p\u00e5frestningar f\u00f6r redan anstr\u00e4ngda medlemsf\u00f6retag. Vi har noga analyserat l\u00e4get och kommit fram till att alternativet sannolikt skulle bli s\u00e4mre. Konflikt och os\u00e4kerhet kring utfallet av fortsatta f\u00f6rhandlingar \u00e4r riskfyllt, s\u00e4ger V\u00e5rdf\u00f6retagarnas f\u00f6rhandlingschef, Per \u00d6stlund.<\/p>\n<p>Avtalet som tecknats med Kommunal l\u00f6per fram till 30 september 2027 och inneb\u00e4r att l\u00f6ner och ers\u00e4ttningar h\u00f6js enligt m\u00e4rket och det har ocks\u00e5 skett anpassningar vad g\u00e4ller ers\u00e4ttning f\u00f6r mertid. V\u00e5rdf\u00f6retagarna bjuder i n\u00e4rtid in samtliga medlemsf\u00f6retag inom personlig assistans till informationstillf\u00e4llen om inneh\u00e5llet i avtalet.<\/p>\n<p>Den personliga assistansen, d\u00e4r timers\u00e4ttningen fastst\u00e4lls \u00e5rligen av regeringen, har under l\u00e5ng tid varit kraftigt underfinansierad. F\u00f6r 2026 meddelade regeringen i sin budget att ers\u00e4ttningen h\u00f6js med endast 1,5 procent \u2013 \u00e5terigen l\u00e5ngt under kostnads\u00f6kningarna. Branschen \u00e4r extremt h\u00e5rt pressad. En fj\u00e4rdedel av f\u00f6retagen hade 2023 en r\u00f6relsemarginal p\u00e5 under 0,3 procent och kommer d\u00e4rmed inte m\u00e4kta med \u00f6kade utgifter.<\/p>\n<p>\u2013 Att driva f\u00f6retag inom personlig assistans \u00e4r en st\u00e4ndig kamp f\u00f6r att f\u00e5 ekonomin att g\u00e5 runt. I synnerhet som v\u00e5ra medlemsf\u00f6retag \u00e4r m\u00e5na om att vara goda arbetsgivare med kollektivavtal. Regeringen m\u00e5ste komma till insikt om vad de l\u00e5ga uppr\u00e4kningarna leder till: En assistans d\u00e4r de goda f\u00f6retagen g\u00e5r under och d\u00f6rren \u00f6ppnas f\u00f6r oseri\u00f6sa akt\u00f6rer. Utvecklingen hotar hela assistansreformen och g\u00f6r livet os\u00e4kert f\u00f6r tusentals assistansanv\u00e4ndare, s\u00e4ger Antje Dedering, f\u00f6rbundsdirekt\u00f6r p\u00e5 V\u00e5rdf\u00f6retagarna.<\/p>\n\n","protected":false},"excerpt":{"rendered":"<p>V\u00e5rdf\u00f6retagarna inom Almega l\u00e4mnade idag besked avseende kollektivavtalet f\u00f6r personlig assistans: Ja till medlarnas bud. Ocks\u00e5 Kommunal har meddelat att de s\u00e4ger ja till budet. D\u00e4rmed \u00e4r hotet om konflikt inom personlig assistans avv\u00e4rjt. Avtalet l\u00f6per fram till 30 september 2027.<\/p>\n","protected":false},"author":6356,"featured_media":83609,"comment_status":"closed","ping_status":"closed","sticky":false,"template":"","format":"standard","meta":{"_acf_changed":false,"footnotes":""},"categories":[451,636,724],"tags":[780],"article_type":[93],"agreement":[],"class_list":["post-83608","post","type-post","status-publish","format-standard","has-post-thumbnail","hentry","category-arbetsgivarfragor","category-avtalsrorelse","category-kollektivavtal","tag-avtalsrorelsen-2025","type-pressmeddelanden"],"acf":[],"yoast_head":"<!-- This site is optimized with the Yoast SEO Premium plugin v26.8 (Yoast SEO v26.8) - https:\/\/yoast.com\/product\/yoast-seo-premium-wordpress\/ -->\n<title>Konflikthot inom personlig assistans avv\u00e4rjt \u2013 hotet mot branschen kvarst\u00e5r | Almega<\/title>\n<meta name=\"robots\" content=\"index, follow, max-snippet:-1, max-image-preview:large, max-video-preview:-1\" \/>\n<link rel=\"canonical\" href=\"https:\/\/www.almega.se\/2025\/10\/konflikthot-inom-personlig-assistans-avvarjt-hotet-mot-branschen-kvarstar\/\" \/>\n<meta property=\"og:locale\" content=\"sv_SE\" \/>\n<meta property=\"og:type\" content=\"article\" \/>\n<meta property=\"og:title\" content=\"Konflikthot inom personlig assistans avv\u00e4rjt \u2013 hotet mot branschen kvarst\u00e5r\" \/>\n<meta property=\"og:description\" content=\"V\u00e5rdf\u00f6retagarna inom Almega l\u00e4mnade idag besked avseende kollektivavtalet f\u00f6r personlig assistans: Ja till medlarnas bud. Ocks\u00e5 Kommunal har meddelat att de s\u00e4ger ja till budet. D\u00e4rmed \u00e4r hotet om konflikt inom personlig assistans avv\u00e4rjt. Avtalet l\u00f6per fram till 30 september 2027.\" \/>\n<meta property=\"og:url\" content=\"https:\/\/www.almega.se\/2025\/10\/konflikthot-inom-personlig-assistans-avvarjt-hotet-mot-branschen-kvarstar\/\" \/>\n<meta property=\"og:site_name\" content=\"Almega\" \/>\n<meta property=\"article:published_time\" content=\"2025-10-31T10:09:06+00:00\" \/>\n<meta property=\"article:modified_time\" content=\"2025-10-31T10:15:01+00:00\" \/>\n<meta property=\"og:image\" content=\"https:\/\/www.almega.se\/app\/uploads\/2025\/10\/c4f96f5c-0f86-4bf8-9acf-33b8c0e43160.jpg\" \/>\n\t<meta property=\"og:image:width\" content=\"1488\" \/>\n\t<meta property=\"og:image:height\" content=\"827\" \/>\n\t<meta property=\"og:image:type\" content=\"image\/jpeg\" \/>\n<meta name=\"author\" content=\"Erik Juhlin\" \/>\n<meta name=\"twitter:card\" content=\"summary_large_image\" \/>\n<meta name=\"twitter:label1\" content=\"Skriven av\" \/>\n\t<meta name=\"twitter:data1\" content=\"Erik Juhlin\" \/>\n\t<meta name=\"twitter:label2\" content=\"Ber\u00e4knad l\u00e4stid\" \/>\n\t<meta name=\"twitter:data2\" content=\"2 minuter\" \/>\n<!-- \/ Yoast SEO Premium plugin. -->","yoast_head_json":{"title":"Konflikthot inom personlig assistans avv\u00e4rjt \u2013 hotet mot branschen kvarst\u00e5r | Almega","robots":{"index":"index","follow":"follow","max-snippet":"max-snippet:-1","max-image-preview":"max-image-preview:large","max-video-preview":"max-video-preview:-1"},"canonical":"https:\/\/www.almega.se\/2025\/10\/konflikthot-inom-personlig-assistans-avvarjt-hotet-mot-branschen-kvarstar\/","og_locale":"sv_SE","og_type":"article","og_title":"Konflikthot inom personlig assistans avv\u00e4rjt \u2013 hotet mot branschen kvarst\u00e5r","og_description":"V\u00e5rdf\u00f6retagarna inom Almega l\u00e4mnade idag besked avseende kollektivavtalet f\u00f6r personlig assistans: Ja till medlarnas bud. Ocks\u00e5 Kommunal har meddelat att de s\u00e4ger ja till budet. D\u00e4rmed \u00e4r hotet om konflikt inom personlig assistans avv\u00e4rjt. Avtalet l\u00f6per fram till 30 september 2027.","og_url":"https:\/\/www.almega.se\/2025\/10\/konflikthot-inom-personlig-assistans-avvarjt-hotet-mot-branschen-kvarstar\/","og_site_name":"Almega","article_published_time":"2025-10-31T10:09:06+00:00","article_modified_time":"2025-10-31T10:15:01+00:00","og_image":[{"width":1488,"height":827,"url":"https:\/\/www.almega.se\/app\/uploads\/2025\/10\/c4f96f5c-0f86-4bf8-9acf-33b8c0e43160.jpg","type":"image\/jpeg"}],"author":"Erik Juhlin","twitter_card":"summary_large_image","twitter_misc":{"Skriven av":"Erik Juhlin","Ber\u00e4knad l\u00e4stid":"2 minuter"},"schema":{"@context":"https:\/\/schema.org","@graph":[{"@type":"NewsArticle","@id":"https:\/\/www.almega.se\/2025\/10\/konflikthot-inom-personlig-assistans-avvarjt-hotet-mot-branschen-kvarstar\/#article","isPartOf":{"@id":"https:\/\/www.almega.se\/2025\/10\/konflikthot-inom-personlig-assistans-avvarjt-hotet-mot-branschen-kvarstar\/"},"author":{"name":"Erik Juhlin","@id":"https:\/\/www.almega.se\/#\/schema\/person\/3c181ea7ead5ab7b14c61584637720f5"},"headline":"Konflikthot inom personlig assistans avv\u00e4rjt \u2013 hotet mot branschen kvarst\u00e5r","datePublished":"2025-10-31T10:09:06+00:00","dateModified":"2025-10-31T10:15:01+00:00","mainEntityOfPage":{"@id":"https:\/\/www.almega.se\/2025\/10\/konflikthot-inom-personlig-assistans-avvarjt-hotet-mot-branschen-kvarstar\/"},"wordCount":350,"image":{"@id":"https:\/\/www.almega.se\/2025\/10\/konflikthot-inom-personlig-assistans-avvarjt-hotet-mot-branschen-kvarstar\/#primaryimage"},"thumbnailUrl":"https:\/\/www.almega.se\/app\/uploads\/2025\/10\/c4f96f5c-0f86-4bf8-9acf-33b8c0e43160.jpg","keywords":["avtalsr\u00f6relsen 2025"],"articleSection":["Arbetsgivarfr\u00e5gor","Avtalsr\u00f6relse","Kollektivavtal"],"inLanguage":"sv-SE"},{"@type":"WebPage","@id":"https:\/\/www.almega.se\/2025\/10\/konflikthot-inom-personlig-assistans-avvarjt-hotet-mot-branschen-kvarstar\/","url":"https:\/\/www.almega.se\/2025\/10\/konflikthot-inom-personlig-assistans-avvarjt-hotet-mot-branschen-kvarstar\/","name":"Konflikthot inom personlig assistans avv\u00e4rjt \u2013 hotet mot branschen kvarst\u00e5r | Almega","isPartOf":{"@id":"https:\/\/www.almega.se\/#website"},"primaryImageOfPage":{"@id":"https:\/\/www.almega.se\/2025\/10\/konflikthot-inom-personlig-assistans-avvarjt-hotet-mot-branschen-kvarstar\/#primaryimage"},"image":{"@id":"https:\/\/www.almega.se\/2025\/10\/konflikthot-inom-personlig-assistans-avvarjt-hotet-mot-branschen-kvarstar\/#primaryimage"},"thumbnailUrl":"https:\/\/www.almega.se\/app\/uploads\/2025\/10\/c4f96f5c-0f86-4bf8-9acf-33b8c0e43160.jpg","datePublished":"2025-10-31T10:09:06+00:00","dateModified":"2025-10-31T10:15:01+00:00","author":{"@id":"https:\/\/www.almega.se\/#\/schema\/person\/3c181ea7ead5ab7b14c61584637720f5"},"breadcrumb":{"@id":"https:\/\/www.almega.se\/2025\/10\/konflikthot-inom-personlig-assistans-avvarjt-hotet-mot-branschen-kvarstar\/#breadcrumb"},"inLanguage":"sv-SE","potentialAction":[{"@type":"ReadAction","target":["https:\/\/www.almega.se\/2025\/10\/konflikthot-inom-personlig-assistans-avvarjt-hotet-mot-branschen-kvarstar\/"]}]},{"@type":"ImageObject","inLanguage":"sv-SE","@id":"https:\/\/www.almega.se\/2025\/10\/konflikthot-inom-personlig-assistans-avvarjt-hotet-mot-branschen-kvarstar\/#primaryimage","url":"https:\/\/www.almega.se\/app\/uploads\/2025\/10\/c4f96f5c-0f86-4bf8-9acf-33b8c0e43160.jpg","contentUrl":"https:\/\/www.almega.se\/app\/uploads\/2025\/10\/c4f96f5c-0f86-4bf8-9acf-33b8c0e43160.jpg","width":1488,"height":827,"caption":"Antje Dedering, f\u00f6rbundsdirekt\u00f6r p\u00e5 V\u00e5rdf\u00f6retagarna"},{"@type":"BreadcrumbList","@id":"https:\/\/www.almega.se\/2025\/10\/konflikthot-inom-personlig-assistans-avvarjt-hotet-mot-branschen-kvarstar\/#breadcrumb","itemListElement":[{"@type":"ListItem","position":1,"name":"Home","item":"https:\/\/www.almega.se\/"},{"@type":"ListItem","position":2,"name":"Konflikthot inom personlig assistans avv\u00e4rjt \u2013 hotet mot branschen kvarst\u00e5r"}]},{"@type":"WebSite","@id":"https:\/\/www.almega.se\/#website","url":"https:\/\/www.almega.se\/","name":"Almega","description":"","potentialAction":[{"@type":"SearchAction","target":{"@type":"EntryPoint","urlTemplate":"https:\/\/www.almega.se\/?s={search_term_string}"},"query-input":{"@type":"PropertyValueSpecification","valueRequired":true,"valueName":"search_term_string"}}],"inLanguage":"sv-SE"},{"@type":"Person","@id":"https:\/\/www.almega.se\/#\/schema\/person\/3c181ea7ead5ab7b14c61584637720f5","name":"Erik Juhlin","image":{"@type":"ImageObject","inLanguage":"sv-SE","@id":"https:\/\/www.almega.se\/#\/schema\/person\/image\/","url":"https:\/\/secure.gravatar.com\/avatar\/ef0e97454357041724f27ea1630fa5bf78b30eea6fc56998e6a03142ad5b1370?s=96&d=mm&r=g","contentUrl":"https:\/\/secure.gravatar.com\/avatar\/ef0e97454357041724f27ea1630fa5bf78b30eea6fc56998e6a03142ad5b1370?s=96&d=mm&r=g","caption":"Erik Juhlin"},"url":"https:\/\/www.almega.se\/person\/erikjuhlin\/"}]}},"_links":{"self":[{"href":"https:\/\/www.almega.se\/api\/wp\/v2\/posts\/83608","targetHints":{"allow":["GET"]}}],"collection":[{"href":"https:\/\/www.almega.se\/api\/wp\/v2\/posts"}],"about":[{"href":"https:\/\/www.almega.se\/api\/wp\/v2\/types\/post"}],"author":[{"embeddable":true,"href":"https:\/\/www.almega.se\/api\/wp\/v2\/users\/6356"}],"replies":[{"embeddable":true,"href":"https:\/\/www.almega.se\/api\/wp\/v2\/comments?post=83608"}],"version-history":[{"count":1,"href":"https:\/\/www.almega.se\/api\/wp\/v2\/posts\/83608\/revisions"}],"predecessor-version":[{"id":83613,"href":"https:\/\/www.almega.se\/api\/wp\/v2\/posts\/83608\/revisions\/83613"}],"wp:featuredmedia":[{"embeddable":true,"href":"https:\/\/www.almega.se\/api\/wp\/v2\/media\/83609"}],"wp:attachment":[{"href":"https:\/\/www.almega.se\/api\/wp\/v2\/media?parent=83608"}],"wp:term":[{"taxonomy":"category","embeddable":true,"href":"https:\/\/www.almega.se\/api\/wp\/v2\/categories?post=83608"},{"taxonomy":"post_tag","embeddable":true,"href":"https:\/\/www.almega.se\/api\/wp\/v2\/tags?post=83608"},{"taxonomy":"type","embeddable":true,"href":"https:\/\/www.almega.se\/api\/wp\/v2\/article_type?post=83608"},{"taxonomy":"agreement","embeddable":true,"href":"https:\/\/www.almega.se\/api\/wp\/v2\/agreement?post=83608"}],"curies":[{"name":"wp","href":"https:\/\/api.w.org\/{rel}","templated":true}]}}