{"id":83462,"date":"2025-11-03T05:00:00","date_gmt":"2025-11-03T04:00:00","guid":{"rendered":"https:\/\/www.almega.se\/?p=83462"},"modified":"2025-11-03T14:32:58","modified_gmt":"2025-11-03T13:32:58","slug":"ett-dyrt-jobb-sverige-i-toppen-av-europas-arbetskraftskostnader","status":"publish","type":"post","link":"https:\/\/www.almega.se\/2025\/11\/ett-dyrt-jobb-sverige-i-toppen-av-europas-arbetskraftskostnader\/","title":{"rendered":"Ett dyrt jobb: Sverige i toppen av Europas arbetskraftskostnader"},"content":{"rendered":"\n<p><em>Rapporten finns i sin helhet p\u00e5 denna sida men kan ocks\u00e5 h\u00e4mtas som pdf-fil.<\/em><\/p>\n\n\n<a class='Share__link Share__link--url copy-text' href='#' rel='nofollow' data-text='sammanfattning' title='Dela url' data-confirmation='L\u00e4nken kopierades till urklipp'><svg class='icon icon--link'  width='18' height='18' viewBox='0 0 18 18' fill='none' xmlns='http:\/\/www.w3.org\/2000\/svg'>\n            <path d='M10.4142 0.514721L6.87868 4.05025L8.29289 5.46447L11.1213 2.63604L15.364 6.87868L12.5355 9.70711L13.9497 11.1213L17.4853 7.58579C17.8763 7.19476 17.8763 6.5626 17.4853 6.17158L11.8284 0.514721C11.4374 0.123691 10.8052 0.123691 10.4142 0.514721Z' fill='black'\/>\n            <path d='M9.7071 12.5355L6.87868 15.364L2.63604 11.1213L5.46446 8.2929L4.05025 6.87868L0.514716 10.4142C0.123686 10.8052 0.123686 11.4374 0.514716 11.8284L6.17157 17.4853C6.5626 17.8763 7.19475 17.8763 7.58578 17.4853L11.1213 13.9497L9.7071 12.5355Z' fill='black'\/>\n            <path d='M6.17157 11.8284C6.5626 12.2195 7.19475 12.2195 7.58578 11.8284L11.8284 7.58579C12.2195 7.19476 12.2195 6.56261 11.8284 6.17158C11.4374 5.78055 10.8052 5.78055 10.4142 6.17158L6.17157 10.4142C5.78054 10.8052 5.78054 11.4374 6.17157 11.8284Z' fill='black'\/>\n            <\/svg> <\/a>\n<h2 class=\"wp-block-heading\" id=\"h-sammanfattning\">Sammanfattning<\/h2>\n\n\n\n<p>Tj\u00e4nstesektorns betydelse f\u00f6r jobb och tillv\u00e4xt v\u00e4xer f\u00f6r varje \u00e5r. \u00c5r 2024 producerade den privata tj\u00e4nstesektorn 52 procent av svensk BNP och stod f\u00f6r 48 procent av jobben.<sup>1<\/sup> Det \u00e4r \u00e4ven h\u00e4r som huvuddelen av nyf\u00f6retagandet sker. \u00c5r 2024 startades 59 000 nya f\u00f6retag inom tj\u00e4nstesektorn, och av alla nya f\u00f6retag som skapades var fem av sex tj\u00e4nstef\u00f6retag.<sup>2<\/sup><\/p>\n\n\n\n<p>Tj\u00e4nstesektorn \u00e4r personalintensiv och medarbetarnas kompetens \u00e4r den viktigaste produktionsfaktorn. D\u00e4rf\u00f6r \u00e4r arbetskraftskostnaden tj\u00e4nstef\u00f6retagens st\u00f6rsta kostnad. Bland vissa kunskapsintensiva f\u00f6retagstj\u00e4nster inom juridik, ekonomi, teknik med mera motsvarar kostnaden f\u00f6r arbetskraft 80 procent av f\u00f6r\u00e4dlingsv\u00e4rdet.<\/p>\n\n\n\n<p>Det \u00e4r d\u00e4rf\u00f6r en stor nackdel f\u00f6r tj\u00e4nstef\u00f6retagen att det \u00e4r dyrt att anst\u00e4lla i Sverige. Problemet var mindre n\u00e4r tj\u00e4nstef\u00f6retagen fr\u00e4mst producerade f\u00f6r den inhemska marknaden men produktionen av tj\u00e4nster blir alltmer utsatt f\u00f6r internationell konkurrens.<\/p>\n\n\n\n<p>Tj\u00e4nsternas betydelse f\u00f6r utrikeshandeln v\u00e4xer stadigt. Sedan \u00e5r 2000 har tj\u00e4nste\u00adhandelns andel av svensk export f\u00f6rdubblats. Den kraftigaste \u00f6kningen har skett inom branschkategorierna information och kommunikation samt tj\u00e4nster inom ekonomi, teknik, design och forskning. \u00c5r 2024 stod tj\u00e4nster f\u00f6r drygt 38 procent av den svenska exporten.<sup>3 <\/sup>R\u00e4knar man \u00e4ven in de tj\u00e4nster som ing\u00e5r i olika varor st\u00e5r tj\u00e4nster f\u00f6r tv\u00e5 av tre exportkronor.<sup>4<\/sup><\/p>\n\n\n\n<p>D\u00e4rf\u00f6r \u00e4r det relevant att unders\u00f6ka hur h\u00f6ga den svenska tj\u00e4nstesektorns arbetskrafts\u00adkostnader \u00e4r i relation till tj\u00e4nstesektorn i andra l\u00e4nder. I den h\u00e4r rapporten har vi j\u00e4mf\u00f6rt arbetskraftskostnaderna, l\u00f6nekostnaderna och arbetsgivaravgifterna i Sverige och 23 andra europeiska l\u00e4nder.<\/p>\n\n\n\n<p>Detta \u00e4r en uppf\u00f6ljning av rapporten \u201dSveriges arbetsgivaravgifter fortsatt i Europa\u00adtoppen\u201d. Den visade att de svenska arbetsgivaravgifterna 2022 l\u00e5g l\u00e5ngt \u00f6ver Europas genomsnitt och att de svenska arbetskraftskostnaderna i tj\u00e4nstesektorn var de femte h\u00f6gsta av 24 europeiska l\u00e4nder.<sup>5<\/sup><\/p>\n\n\n\n<p>Den bilden best\u00e5r \u00e4ven om Sverige fallit n\u00e5got p\u00e5 listan. Sverige \u00e4r fortfarande ett av de l\u00e4nder i Europa d\u00e4r det \u00e4r dyrast att anst\u00e4lla. De svenska arbetskraftskostnaderna inom den privata tj\u00e4nstesektorn var 2024 de sjunde h\u00f6gsta av de europeiska l\u00e4nderna i studien. Att Sveriges placering fallit n\u00e5got sedan 2022 beror p\u00e5 att de svenska arbets\u00adkraftskostnaderna i tj\u00e4nstesektorn m\u00e4tt i Euro har \u00f6kat betydligt l\u00e5ngsammare \u00e4n genomsnittet i de \u00f6vriga l\u00e4nderna i studien. Huvudf\u00f6rklaringen till detta \u00e4r f\u00f6rsvagningen av kronan gentemot Euron under perioden.<\/p>\n\n\n\n<p>Det \u00e4r fortfarande 15 procent dyrare att anst\u00e4lla i tj\u00e4nstesektorn i Sverige \u00e4n i Finland och 30 procent dyrare \u00e4n genomsnittet i Europa.<\/p>\n\n\n\n<p>De h\u00f6ga svenska arbetskraftskostnaderna i tj\u00e4nstesektorn i tj\u00e4nstesektorn beror delvis p\u00e5 h\u00f6gre l\u00f6ner i Sverige men \u00e4ven p\u00e5 att de svenska arbetsgivaravgifterna \u00e4r betydligt h\u00f6gre \u00e4n genomsnittet i Europa.<\/p>\n\n\n\n<p>\u00c5r 2024 var den genomsnittliga arbetskraftskostnaden i tj\u00e4nstesektorn i Sverige 43,3 Euro per timme. Det var 30 procent h\u00f6gre \u00e4n genomsnittet p\u00e5 33,3 Euro i de europeiska l\u00e4nderna i studien. L\u00f6nekostnaden f\u00f6re skatter och avdrag i tj\u00e4nstesektorn var 29,7 Euro per timme i Sverige &#8211; 13 procent h\u00f6gre \u00e4n genomsnittet p\u00e5 26,3 Euro i de europeiska l\u00e4nderna i studien.<\/p>\n\n\n\n<p>Sverige ligger p\u00e5 tolfte plats om man j\u00e4mf\u00f6r l\u00f6nerna i tj\u00e4nstesektorn men p\u00e5 femte plats om man j\u00e4mf\u00f6r arbetsgivaravgifterna. De svenska arbetsgivaravgifterna \u00e4r tio procent\u00adenheter h\u00f6gre \u00e4n genomsnittet i Europa. Endast Slovakien, Estland, Tjeckien och Italien har h\u00f6gre arbetsgivaravgifter.<\/p>\n\n\n\n<p>Sveriges h\u00f6ga arbetsgivaravgifter g\u00f6r det sv\u00e5rare f\u00f6r svenska f\u00f6retag att konkurrera globalt. Inget land i Europa har lika h\u00f6ga l\u00f6ner i tj\u00e4nstesektorn som i Sverige och \u00e4ven h\u00f6ga arbetsgivaravgifter. H\u00f6ga kostnader f\u00f6r arbetskraft \u00f6kar ocks\u00e5 risken f\u00f6r att jobb ers\u00e4tts av AI i snabb takt.<\/p>\n\n\n<a class='Share__link Share__link--url copy-text' href='#' rel='nofollow' data-text='sverige-\u2013-sjunde-dyrast-i-europa-att-anstalla-i' title='Dela url' data-confirmation='L\u00e4nken kopierades till urklipp'><svg class='icon icon--link'  width='18' height='18' viewBox='0 0 18 18' fill='none' xmlns='http:\/\/www.w3.org\/2000\/svg'>\n            <path d='M10.4142 0.514721L6.87868 4.05025L8.29289 5.46447L11.1213 2.63604L15.364 6.87868L12.5355 9.70711L13.9497 11.1213L17.4853 7.58579C17.8763 7.19476 17.8763 6.5626 17.4853 6.17158L11.8284 0.514721C11.4374 0.123691 10.8052 0.123691 10.4142 0.514721Z' fill='black'\/>\n            <path d='M9.7071 12.5355L6.87868 15.364L2.63604 11.1213L5.46446 8.2929L4.05025 6.87868L0.514716 10.4142C0.123686 10.8052 0.123686 11.4374 0.514716 11.8284L6.17157 17.4853C6.5626 17.8763 7.19475 17.8763 7.58578 17.4853L11.1213 13.9497L9.7071 12.5355Z' fill='black'\/>\n            <path d='M6.17157 11.8284C6.5626 12.2195 7.19475 12.2195 7.58578 11.8284L11.8284 7.58579C12.2195 7.19476 12.2195 6.56261 11.8284 6.17158C11.4374 5.78055 10.8052 5.78055 10.4142 6.17158L6.17157 10.4142C5.78054 10.8052 5.78054 11.4374 6.17157 11.8284Z' fill='black'\/>\n            <\/svg> <\/a>\n<h2 class=\"wp-block-heading\" id=\"h-sverige-sjunde-dyrast-i-europa-att-anstalla-i\">Sverige \u2013 sjunde dyrast i Europa att anst\u00e4lla i<\/h2>\n\n\n\n<p>Tj\u00e4nstesektorn \u00e4r en personalintensiv sektor och arbetskraften st\u00e5r f\u00f6r huvuddelen av produktionskostnaderna. F\u00f6r konsulter inom juridik, ekonomi, teknik, arkitekter med mera utg\u00f6r arbetskraftskostnaden 80 procent av f\u00f6retagens f\u00f6r\u00e4dlingsv\u00e4rde.<sup>6<\/sup><\/p>\n\n\n\n<p>I en j\u00e4mf\u00f6relse av de genomsnittliga arbetskraftskostnaderna i tj\u00e4nstesektorn i 24 l\u00e4nder i Europa 2024 l\u00e5g Sverige p\u00e5 plats sju, vilket \u00e4r tv\u00e5 placeringar l\u00e4ngre ner \u00e4n 2022. De senaste tv\u00e5 \u00e5ren har arbetskraftskostnaderna i tj\u00e4nstesektorn \u00f6kat snabbare i \u00f6vriga Europa \u00e4n i Sverige m\u00e4tt i Euro. Huvudf\u00f6rklaringen till detta \u00e4r f\u00f6rsvagningen av kronan gentemot Euron under perioden. Arbetskraftskostnaderna i tj\u00e4nstesektorn i de europeiska l\u00e4nderna i studien har i genomsnitt \u00f6kat 9,6 procent mer \u00e4n de svenska kostnaderna &#8211; m\u00e4tt i Euro &#8211; mellan 2022 och 2024. Under samma period steg Euron med 7,5 procent i v\u00e4rde mot svenska kronan.<sup>7<\/sup><\/p>\n\n\n\n<p>\u00c5r 2024 var den genomsnittliga arbetskraftskostnaden i den svenska tj\u00e4nstesektorn 43,3 Euro per timme. Det var exakt tio Euro mer per timme \u00e4n det europeiska genomsnittet p\u00e5 33,3 Euro per timme. Allra h\u00f6gst arbetskrafts\u00adkostnader hade Luxemburg f\u00f6ljt av Norge och Island.<\/p>\n\n\n\n<p>Sveriges h\u00f6ga arbetskraftskostnader i tj\u00e4nstesektorn beror bara delvis p\u00e5 att l\u00f6nerna \u00e4r h\u00f6gre \u00e4n i \u00f6vriga Europa. Den genomsnittliga svenska timl\u00f6nen i den privata tj\u00e4nste\u00adsektorn 2024 var 29,7 Euro j\u00e4mf\u00f6rt med Europagenomsnittet i unders\u00f6kningen p\u00e5 26,3 Euro. Sverige befinner sig p\u00e5 tolfte plats i j\u00e4mf\u00f6relsen, tre placeringar l\u00e4gre \u00e4n 2022.<\/p>\n\n\n\n<p>H\u00f6gst l\u00f6nekostnader i tj\u00e4nstesektorn har Luxemburg f\u00f6ljt av Danmark och Norge. Samma l\u00e4nder som ligger i topp fem i arbetskraftskostnader \u00e5terfinns \u00e4ven i topp fem f\u00f6r l\u00f6nekostnader.Sverige sticker dock ut med h\u00f6ga arbetskrafts\u00adkostnader relativt \u00f6vriga Europa medan l\u00f6nekostnaderna ligger strax \u00f6ver det europeiska genomsnittet.<\/p>\n\n\n\n<p><strong><strong><mark class=\"has-inline-color has-primary-color\">Tabell 1:<\/mark> De totala arbetskraftskostnaderna och totala l\u00f6nerna inom privata tj\u00e4nstesektorn 2024<\/strong><\/strong><\/p>\n\n\n\n<figure class=\"wp-block-image size-full\"><img loading=\"lazy\" decoding=\"async\" width=\"1058\" height=\"986\" src=\"https:\/\/www.almega.se\/app\/uploads\/2025\/10\/Skarmavbild-2025-10-29-kl.-1.21.41-em.png\" alt=\"\" class=\"wp-image-83464\" srcset=\"https:\/\/www.almega.se\/app\/uploads\/2025\/10\/Skarmavbild-2025-10-29-kl.-1.21.41-em.png 1058w, https:\/\/www.almega.se\/app\/uploads\/2025\/10\/Skarmavbild-2025-10-29-kl.-1.21.41-em-580x541.png 580w, https:\/\/www.almega.se\/app\/uploads\/2025\/10\/Skarmavbild-2025-10-29-kl.-1.21.41-em-380x354.png 380w, https:\/\/www.almega.se\/app\/uploads\/2025\/10\/Skarmavbild-2025-10-29-kl.-1.21.41-em-768x716.png 768w\" sizes=\"auto, (max-width: 1058px) 100vw, 1058px\" \/><figcaption class=\"wp-element-caption\"><strong>K\u00e4lla:<\/strong> Eurostat (2025). M\u00e4tt som Euro per timme.<\/figcaption><\/figure>\n\n\n<a class='Share__link Share__link--url copy-text' href='#' rel='nofollow' data-text='dyrt-att-anstalla-i-kunskapsintensiva-tjanstebranscher' title='Dela url' data-confirmation='L\u00e4nken kopierades till urklipp'><svg class='icon icon--link'  width='18' height='18' viewBox='0 0 18 18' fill='none' xmlns='http:\/\/www.w3.org\/2000\/svg'>\n            <path d='M10.4142 0.514721L6.87868 4.05025L8.29289 5.46447L11.1213 2.63604L15.364 6.87868L12.5355 9.70711L13.9497 11.1213L17.4853 7.58579C17.8763 7.19476 17.8763 6.5626 17.4853 6.17158L11.8284 0.514721C11.4374 0.123691 10.8052 0.123691 10.4142 0.514721Z' fill='black'\/>\n            <path d='M9.7071 12.5355L6.87868 15.364L2.63604 11.1213L5.46446 8.2929L4.05025 6.87868L0.514716 10.4142C0.123686 10.8052 0.123686 11.4374 0.514716 11.8284L6.17157 17.4853C6.5626 17.8763 7.19475 17.8763 7.58578 17.4853L11.1213 13.9497L9.7071 12.5355Z' fill='black'\/>\n            <path d='M6.17157 11.8284C6.5626 12.2195 7.19475 12.2195 7.58578 11.8284L11.8284 7.58579C12.2195 7.19476 12.2195 6.56261 11.8284 6.17158C11.4374 5.78055 10.8052 5.78055 10.4142 6.17158L6.17157 10.4142C5.78054 10.8052 5.78054 11.4374 6.17157 11.8284Z' fill='black'\/>\n            <\/svg> <\/a>\n<h2 class=\"wp-block-heading\" id=\"h-dyrt-att-anstalla-i-kunskapsintensiva-tjanstebranscher\">Dyrt att anst\u00e4lla i kunskapsintensiva tj\u00e4nstebranscher<\/h2>\n\n\n\n<p>En kunskapsintensiv del av tj\u00e4nstesektorn utg\u00f6rs av f\u00f6retagstj\u00e4nster inom juridik, ekonomi, vetenskap och teknik. D\u00e4r ligger de svenska arbetskraftskostnaderna p\u00e5 nionde plats, strax \u00f6ver Europagenomsnittet bland l\u00e4nderna som unders\u00f6kts och motsvarar 51,7 Euro per timme. \u00c4ven h\u00e4r har Luxemburg, Norge och Island de h\u00f6gsta arbetskraftskostnaderna. Avseende l\u00f6nekostnader l\u00e5g Sverige 2024 p\u00e5 plats tio med l\u00f6nekostnader p\u00e5 35,5 Euro per timme strax \u00f6ver Europagenomsnittet \u00e4r 32,9 Euro. \u00c4ven h\u00e4r \u00e4r Luxemburg, Danmark, Norge och Island i topp.<\/p>\n\n\n\n<p><strong><mark class=\"has-inline-color has-primary-color\">Tabell 2: <\/mark>Arbetskraftskostnader och l\u00f6nekostnader f\u00f6r f\u00f6retagstj\u00e4nster inom juridik, ekonomi, vetenskap och teknik (M) 2024<\/strong><\/p>\n\n\n\n<figure class=\"wp-block-image size-full\"><img loading=\"lazy\" decoding=\"async\" width=\"1060\" height=\"984\" src=\"https:\/\/www.almega.se\/app\/uploads\/2025\/10\/Skarmavbild-2025-10-29-kl.-1.24.16-em.png\" alt=\"\" class=\"wp-image-83465\" srcset=\"https:\/\/www.almega.se\/app\/uploads\/2025\/10\/Skarmavbild-2025-10-29-kl.-1.24.16-em.png 1060w, https:\/\/www.almega.se\/app\/uploads\/2025\/10\/Skarmavbild-2025-10-29-kl.-1.24.16-em-580x538.png 580w, https:\/\/www.almega.se\/app\/uploads\/2025\/10\/Skarmavbild-2025-10-29-kl.-1.24.16-em-380x353.png 380w, https:\/\/www.almega.se\/app\/uploads\/2025\/10\/Skarmavbild-2025-10-29-kl.-1.24.16-em-768x713.png 768w\" sizes=\"auto, (max-width: 1060px) 100vw, 1060px\" \/><figcaption class=\"wp-element-caption\"><strong>K\u00e4lla: <\/strong>Eurostat (2025): *Data p\u00e5 branschniv\u00e5 fanns inte att tillg\u00e5 i Nederl\u00e4nderna. M\u00e4tt som Euro per timme.<\/figcaption><\/figure>\n\n\n\n<p>F\u00f6r f\u00f6retagstj\u00e4nster inom uthyrning, fastighetsservice, resetj\u00e4nster och andra st\u00f6d\u00adtj\u00e4nster, branschkategori var de svenska arbetskraftskostnaderna 2024 de sjunde h\u00f6gsta i Europa. De svenska arbetskraftskostnaderna i branschen var i genomsnitt 32,8 Euro per timme, 31 procent h\u00f6gre \u00e4n Europagenomsnittet p\u00e5 25,1 Euro per timme. L\u00f6nekostnaderna l\u00e5g p\u00e5 tionde plats i Europa och motsvarade 2024 23,3 Euro per timme j\u00e4mf\u00f6rt med Europagenomsnittet p\u00e5 19,9 Euro.<\/p>\n\n\n\n<p><strong><mark class=\"has-inline-color has-primary-color\">Tabell 3: <\/mark>Arbetskraftskostnader och l\u00f6nekostnader f\u00f6r f\u00f6retagstj\u00e4nster inom uthyrning, fastighetsservice, resetj\u00e4nster och andra st\u00f6dtj\u00e4nster (N) 2024<\/strong><\/p>\n\n\n\n<figure class=\"wp-block-image size-full\"><img loading=\"lazy\" decoding=\"async\" width=\"1060\" height=\"984\" src=\"https:\/\/www.almega.se\/app\/uploads\/2025\/10\/Skarmavbild-2025-10-29-kl.-1.25.30-em.png\" alt=\"\" class=\"wp-image-83466\" srcset=\"https:\/\/www.almega.se\/app\/uploads\/2025\/10\/Skarmavbild-2025-10-29-kl.-1.25.30-em.png 1060w, https:\/\/www.almega.se\/app\/uploads\/2025\/10\/Skarmavbild-2025-10-29-kl.-1.25.30-em-580x538.png 580w, https:\/\/www.almega.se\/app\/uploads\/2025\/10\/Skarmavbild-2025-10-29-kl.-1.25.30-em-380x353.png 380w, https:\/\/www.almega.se\/app\/uploads\/2025\/10\/Skarmavbild-2025-10-29-kl.-1.25.30-em-768x713.png 768w\" sizes=\"auto, (max-width: 1060px) 100vw, 1060px\" \/><figcaption class=\"wp-element-caption\"><strong>K\u00e4lla:<\/strong> Eurostat (2025): *Data p\u00e5 branschniv\u00e5 fanns inte att tillg\u00e5 i Nederl\u00e4nderna. M\u00e4tt som Euro per timme.<\/figcaption><\/figure>\n\n\n\n<p>F\u00f6r verksamheter inom information och kommunikation, var de svenska arbetskrafts\u00adkostnaderna 2024 58,5 Euro per timme. Det var 31 procent h\u00f6gre \u00e4n Europagenomsnittet p\u00e5 44,7, Euro per timme. L\u00f6nekostnaderna inom information och kommunikation i Sverige l\u00e5g 2024 p\u00e5 plats elva i Europa. Den svenska genomsnittliga l\u00f6nen var 38,4 Euro per timme medan Europagenomsnittet var 35,5 Euro.<\/p>\n\n\n\n<p><strong><mark class=\"has-inline-color has-primary-color\">Tabell 4: <\/mark><strong>Totala arbetskraftskostnader och l\u00f6nekostnader inom information och kommunikation (J) 2024<\/strong><\/strong><\/p>\n\n\n\n<figure class=\"wp-block-image size-full\"><img loading=\"lazy\" decoding=\"async\" width=\"1060\" height=\"978\" src=\"https:\/\/www.almega.se\/app\/uploads\/2025\/10\/Skarmavbild-2025-10-29-kl.-1.26.29-em.png\" alt=\"\" class=\"wp-image-83467\" srcset=\"https:\/\/www.almega.se\/app\/uploads\/2025\/10\/Skarmavbild-2025-10-29-kl.-1.26.29-em.png 1060w, https:\/\/www.almega.se\/app\/uploads\/2025\/10\/Skarmavbild-2025-10-29-kl.-1.26.29-em-580x535.png 580w, https:\/\/www.almega.se\/app\/uploads\/2025\/10\/Skarmavbild-2025-10-29-kl.-1.26.29-em-380x351.png 380w, https:\/\/www.almega.se\/app\/uploads\/2025\/10\/Skarmavbild-2025-10-29-kl.-1.26.29-em-768x709.png 768w\" sizes=\"auto, (max-width: 1060px) 100vw, 1060px\" \/><figcaption class=\"wp-element-caption\"><strong>K\u00e4lla<\/strong>: Eurostat (2025): *Data p\u00e5 branschniv\u00e5 fanns inte att tillg\u00e5 i Nederl\u00e4nderna. M\u00e4tt som Euro per timme.<\/figcaption><\/figure>\n\n\n<a class='Share__link Share__link--url copy-text' href='#' rel='nofollow' data-text='sveriges-arbetsgivaravgifter-femte-hogst-i-europa' title='Dela url' data-confirmation='L\u00e4nken kopierades till urklipp'><svg class='icon icon--link'  width='18' height='18' viewBox='0 0 18 18' fill='none' xmlns='http:\/\/www.w3.org\/2000\/svg'>\n            <path d='M10.4142 0.514721L6.87868 4.05025L8.29289 5.46447L11.1213 2.63604L15.364 6.87868L12.5355 9.70711L13.9497 11.1213L17.4853 7.58579C17.8763 7.19476 17.8763 6.5626 17.4853 6.17158L11.8284 0.514721C11.4374 0.123691 10.8052 0.123691 10.4142 0.514721Z' fill='black'\/>\n            <path d='M9.7071 12.5355L6.87868 15.364L2.63604 11.1213L5.46446 8.2929L4.05025 6.87868L0.514716 10.4142C0.123686 10.8052 0.123686 11.4374 0.514716 11.8284L6.17157 17.4853C6.5626 17.8763 7.19475 17.8763 7.58578 17.4853L11.1213 13.9497L9.7071 12.5355Z' fill='black'\/>\n            <path d='M6.17157 11.8284C6.5626 12.2195 7.19475 12.2195 7.58578 11.8284L11.8284 7.58579C12.2195 7.19476 12.2195 6.56261 11.8284 6.17158C11.4374 5.78055 10.8052 5.78055 10.4142 6.17158L6.17157 10.4142C5.78054 10.8052 5.78054 11.4374 6.17157 11.8284Z' fill='black'\/>\n            <\/svg> <\/a>\n<h2 class=\"wp-block-heading\" id=\"h-sveriges-arbetsgivaravgifter-femte-hogst-i-europa\">Sveriges arbetsgivaravgifter femte h\u00f6gst i Europa<\/h2>\n\n\n\n<p>De h\u00f6ga svenska arbetskraftskostnaderna inom den privata tj\u00e4nstesektorn beror till stor del p\u00e5 v\u00e5ra h\u00f6ga arbetsgivaravgifter. \u00c5r 2024 hade Sverige de femte h\u00f6gsta arbetsgivar\u00adavgifterna i Europa. V\u00e5ra arbetsgivaravgifter var 31,42 procent av bruttol\u00f6nen, vilket \u00e4r tio procentenheter h\u00f6gre \u00e4n genomsnittet av de 24 l\u00e4nder i Europa som ing\u00e5r i studien.<\/p>\n\n\n\n<p>Vidare har Sverige h\u00f6gst arbetsgivaravgifter j\u00e4mf\u00f6rt med \u00f6vriga nordiska l\u00e4nder. N\u00e4rmast bakom ligger Finland, d\u00e4r arbetsgivaravgifterna ligger p\u00e5 19,95 procent. Arbetsgivar\u00adavgifterna i Norge, Danmark och Island ligger l\u00e5ngt under genomsnittet av l\u00e4nderna i studien. Inget land i Europa har lika h\u00f6ga l\u00f6ner i tj\u00e4nstesektorn som i Sverige och \u00e4ven h\u00f6ga arbetsgivaravgifter.<\/p>\n\n\n\n<p>H\u00f6gst arbetsgivaravgift har Slovakien med 36,2 procent av bruttol\u00f6nen, f\u00f6ljt av Estland och Tjeckien p\u00e5 33,8 procent. I dessa l\u00e4nder \u00e4r dock l\u00f6nerna i tj\u00e4nstesektorn betydligt l\u00e4gre \u00e4n i Sverige.<\/p>\n\n\n\n<p><strong><mark class=\"has-inline-color has-primary-color\">Diagram 1: <\/mark>Arbetsgivaravgifter i Sverige och 23 l\u00e4nder i Europa<\/strong><\/p>\n\n\n\n<p>Procent<\/p>\n\n\n\n<figure class=\"wp-block-image size-full\"><img loading=\"lazy\" decoding=\"async\" width=\"1060\" height=\"654\" src=\"https:\/\/www.almega.se\/app\/uploads\/2025\/10\/Skarmavbild-2025-10-29-kl.-1.28.18-em.png\" alt=\"\" class=\"wp-image-83468\" srcset=\"https:\/\/www.almega.se\/app\/uploads\/2025\/10\/Skarmavbild-2025-10-29-kl.-1.28.18-em.png 1060w, https:\/\/www.almega.se\/app\/uploads\/2025\/10\/Skarmavbild-2025-10-29-kl.-1.28.18-em-580x358.png 580w, https:\/\/www.almega.se\/app\/uploads\/2025\/10\/Skarmavbild-2025-10-29-kl.-1.28.18-em-380x234.png 380w, https:\/\/www.almega.se\/app\/uploads\/2025\/10\/Skarmavbild-2025-10-29-kl.-1.28.18-em-768x474.png 768w\" sizes=\"auto, (max-width: 1060px) 100vw, 1060px\" \/><figcaption class=\"wp-element-caption\"><strong>K\u00e4lla: <\/strong>OECD Taxing Wages (2025) och egna ber\u00e4kningar.<\/figcaption><\/figure>\n\n\n\n<p><\/p>\n\n\n\n<p><\/p>\n\n\n<a class='Share__link Share__link--url copy-text' href='#' rel='nofollow' data-text='appendix-1' title='Dela url' data-confirmation='L\u00e4nken kopierades till urklipp'><svg class='icon icon--link'  width='18' height='18' viewBox='0 0 18 18' fill='none' xmlns='http:\/\/www.w3.org\/2000\/svg'>\n            <path d='M10.4142 0.514721L6.87868 4.05025L8.29289 5.46447L11.1213 2.63604L15.364 6.87868L12.5355 9.70711L13.9497 11.1213L17.4853 7.58579C17.8763 7.19476 17.8763 6.5626 17.4853 6.17158L11.8284 0.514721C11.4374 0.123691 10.8052 0.123691 10.4142 0.514721Z' fill='black'\/>\n            <path d='M9.7071 12.5355L6.87868 15.364L2.63604 11.1213L5.46446 8.2929L4.05025 6.87868L0.514716 10.4142C0.123686 10.8052 0.123686 11.4374 0.514716 11.8284L6.17157 17.4853C6.5626 17.8763 7.19475 17.8763 7.58578 17.4853L11.1213 13.9497L9.7071 12.5355Z' fill='black'\/>\n            <path d='M6.17157 11.8284C6.5626 12.2195 7.19475 12.2195 7.58578 11.8284L11.8284 7.58579C12.2195 7.19476 12.2195 6.56261 11.8284 6.17158C11.4374 5.78055 10.8052 5.78055 10.4142 6.17158L6.17157 10.4142C5.78054 10.8052 5.78054 11.4374 6.17157 11.8284Z' fill='black'\/>\n            <\/svg> <\/a>\n<h2 class=\"wp-block-heading\" id=\"h-appendix-1\">Appendix 1<\/h2>\n\n\n\n<h4 class=\"wp-block-heading\" id=\"h-kallor-och-metod\">K\u00e4llor och metod<\/h4>\n\n\n\n<p>Den h\u00e4r unders\u00f6kningen har utf\u00f6rts med hj\u00e4lp av data fr\u00e5n dels Eurostat, dels fr\u00e5n OECD-rapporten Taxing Wages 2025.<sup>8<\/sup><\/p>\n\n\n\n<p>Uppgifter f\u00f6r respektive lands arbetsgivaravgifter har h\u00e4mtats fr\u00e5n Taxing Wages. Rapporten g\u00e5r bland annat igenom beskattningen av arbetsinkomster och hur stora inbetalningarna av sociala avgifter \u00e4r, f\u00f6r en rad olika OECD-l\u00e4nder. I rapporten delas dessa upp i tv\u00e5 kategorier; arbetsgivaravgifter och egenavgifter. I den h\u00e4r rapporten har vi bara j\u00e4mf\u00f6rt arbetsgivaravgifterna mellan l\u00e4nderna.<\/p>\n\n\n\n<p>I rapporten unders\u00f6ks de l\u00e4nder i Europa som ing\u00e5r i genomg\u00e5ngen i Taxing Wages. Data f\u00f6r l\u00f6nekostnaden har h\u00e4mtats f\u00f6r samma l\u00e4nder fr\u00e5n Eurostat. Eftersom aktuella data \u00f6ver arbetskraftskostnader och l\u00f6ner saknas f\u00f6r Schweiz och Storbritannien har vi inte inkluderat dessa tv\u00e5 l\u00e4nder. Arbetskrafts- samt l\u00f6nekostnaderna avser den privata tj\u00e4nstesektorn, vilket Eurostat kallar Services in the Business Economy.<\/p>\n\n\n\n<p>De totala arbetskraftskostnaderna definieras som ers\u00e4ttningar till anst\u00e4llda plus skatter minus avdrag, vilket i praktiken \u00e4r summan av l\u00f6nekostnaderna och arbetsgivar\u00adavgifterna. L\u00f6nekostnaderna syftar p\u00e5 den direkta l\u00f6nen och andra ers\u00e4ttningar som betalas ut till den anst\u00e4llde. Enheten f\u00f6r arbetskraftskostnaden s\u00e5v\u00e4l som f\u00f6r l\u00f6nekostnaden \u00e4r Euro per arbetad timme.<\/p>\n\n\n\n<p>Arbetsgivaravgifterna definieras som procentuell andel av bruttol\u00f6nen. Systemen f\u00f6r arbetsgivaravgifter ser olika ut runt om i Europa och kan vara komplicerade. Vissa l\u00e4nder, som Sverige, har relativt enkla system med proportionerliga skattesatser och f\u00e5 undantag. I Frankrike d\u00e4remot beror arbetsgivaravgiften i h\u00f6g grad av arbetstagarens inkomst och familjesituation, och det finns dessutom en m\u00e4ngd undantag och avdrag som f\u00f6retag kan f\u00e5 p\u00e5 arbetsgivaravgiftsinbetalningarna. I v\u00e5ra ber\u00e4kningar av arbetsgivaravgifterna har vi antagit att arbetstagaren i fr\u00e5ga tj\u00e4nar medell\u00f6nen i respektive land och har barn.<\/p>\n\n\n<a class='Share__link Share__link--url copy-text' href='#' rel='nofollow' data-text='appendix-2' title='Dela url' data-confirmation='L\u00e4nken kopierades till urklipp'><svg class='icon icon--link'  width='18' height='18' viewBox='0 0 18 18' fill='none' xmlns='http:\/\/www.w3.org\/2000\/svg'>\n            <path d='M10.4142 0.514721L6.87868 4.05025L8.29289 5.46447L11.1213 2.63604L15.364 6.87868L12.5355 9.70711L13.9497 11.1213L17.4853 7.58579C17.8763 7.19476 17.8763 6.5626 17.4853 6.17158L11.8284 0.514721C11.4374 0.123691 10.8052 0.123691 10.4142 0.514721Z' fill='black'\/>\n            <path d='M9.7071 12.5355L6.87868 15.364L2.63604 11.1213L5.46446 8.2929L4.05025 6.87868L0.514716 10.4142C0.123686 10.8052 0.123686 11.4374 0.514716 11.8284L6.17157 17.4853C6.5626 17.8763 7.19475 17.8763 7.58578 17.4853L11.1213 13.9497L9.7071 12.5355Z' fill='black'\/>\n            <path d='M6.17157 11.8284C6.5626 12.2195 7.19475 12.2195 7.58578 11.8284L11.8284 7.58579C12.2195 7.19476 12.2195 6.56261 11.8284 6.17158C11.4374 5.78055 10.8052 5.78055 10.4142 6.17158L6.17157 10.4142C5.78054 10.8052 5.78054 11.4374 6.17157 11.8284Z' fill='black'\/>\n            <\/svg> <\/a>\n<h2 class=\"wp-block-heading\" id=\"h-appendix-2\">Appendix 2<\/h2>\n\n\n\n<h4 class=\"wp-block-heading\" id=\"h-belgien\">Belgien<\/h4>\n\n\n\n<p>Arbetsgivaravgifterna f\u00f6r arbetsgivare med fler \u00e4n 20 anst\u00e4llda \u00e4r givna enligt lag och \u00e4r definierade enligt f\u00f6ljande:<\/p>\n\n\n\n<figure class=\"wp-block-image size-full\"><img loading=\"lazy\" decoding=\"async\" width=\"510\" height=\"566\" src=\"https:\/\/www.almega.se\/app\/uploads\/2025\/10\/Skarmavbild-2025-10-29-kl.-1.32.19-em.png\" alt=\"\" class=\"wp-image-83469\" srcset=\"https:\/\/www.almega.se\/app\/uploads\/2025\/10\/Skarmavbild-2025-10-29-kl.-1.32.19-em.png 510w, https:\/\/www.almega.se\/app\/uploads\/2025\/10\/Skarmavbild-2025-10-29-kl.-1.32.19-em-380x422.png 380w\" sizes=\"auto, (max-width: 510px) 100vw, 510px\" \/><\/figure>\n\n\n\n<h4 class=\"wp-block-heading\" id=\"h-danmark\">Danmark<\/h4>\n\n\n\n<p>Danmark har inte arbetsgivaravgifter utan frivilliga egenavgifter som de anst\u00e4llda betalar in. I genomsnitt betalade anst\u00e4llda i genomsnitt 12 311 DKK f\u00f6r arbetsl\u00f6shets\u00adf\u00f6rs\u00e4kringen. Denna avgift \u00e4r dock frivillig men brukar \u00e4nd\u00e5 r\u00e4knas som en egenavgift i r\u00e4kenskaperna. Procentsatsen i detta fall har ber\u00e4knat genom att dividera egenavgiften med medell\u00f6nen, allts\u00e5 (12 311\/509 093) vilket blir 2,42%<\/p>\n\n\n\n<h4 class=\"wp-block-heading\" id=\"h-estland\">Estland<\/h4>\n\n\n\n<p>Arbetsgivaravgifterna uppg\u00e5r till 33,80% och \u00e4r f\u00f6rdelade enligt f\u00f6ljande:<\/p>\n\n\n\n<figure class=\"wp-block-image size-full\"><img loading=\"lazy\" decoding=\"async\" width=\"506\" height=\"200\" src=\"https:\/\/www.almega.se\/app\/uploads\/2025\/10\/Skarmavbild-2025-10-29-kl.-1.33.59-em.png\" alt=\"\" class=\"wp-image-83470\" srcset=\"https:\/\/www.almega.se\/app\/uploads\/2025\/10\/Skarmavbild-2025-10-29-kl.-1.33.59-em.png 506w, https:\/\/www.almega.se\/app\/uploads\/2025\/10\/Skarmavbild-2025-10-29-kl.-1.33.59-em-380x150.png 380w\" sizes=\"auto, (max-width: 506px) 100vw, 506px\" \/><\/figure>\n\n\n\n<h4 class=\"wp-block-heading\" id=\"h-finland\">Finland<\/h4>\n\n\n\n<p>Arbetsgivaravgifterna uppg\u00e5r till 19,95% och \u00e4r f\u00f6rdelade enligt f\u00f6ljande:<\/p>\n\n\n\n<figure class=\"wp-block-image size-full\"><img loading=\"lazy\" decoding=\"async\" width=\"524\" height=\"270\" src=\"https:\/\/www.almega.se\/app\/uploads\/2025\/10\/Skarmavbild-2025-10-29-kl.-1.34.10-em.png\" alt=\"\" class=\"wp-image-83471\" srcset=\"https:\/\/www.almega.se\/app\/uploads\/2025\/10\/Skarmavbild-2025-10-29-kl.-1.34.10-em.png 524w, https:\/\/www.almega.se\/app\/uploads\/2025\/10\/Skarmavbild-2025-10-29-kl.-1.34.10-em-380x196.png 380w\" sizes=\"auto, (max-width: 524px) 100vw, 524px\" \/><\/figure>\n\n\n\n<h4 class=\"wp-block-heading\" id=\"h-franrike\">Franrike<\/h4>\n\n\n\n<p>I Frankrike stiger arbetsgivaravgifterna med arbetstagarens inkomst. Takniv\u00e5er och undantagen f\u00f6r de respektive avgifterna \u00e4r beskrivet i tabellen nedan. Den maximala niv\u00e5n \u00e4r 51,27% Ber\u00e4kningen nedan utg\u00e5r fr\u00e5n en anst\u00e4lld som tj\u00e4nar motsvarande medell\u00f6nen i Frankrike 44 968 Euro om \u00e5ret. I det fallet blir arbetsgivaravgiften 23,88%.<\/p>\n\n\n\n<figure class=\"wp-block-image size-full\"><img loading=\"lazy\" decoding=\"async\" width=\"1016\" height=\"1254\" src=\"https:\/\/www.almega.se\/app\/uploads\/2025\/10\/Skarmavbild-2025-10-29-kl.-1.35.49-em.png\" alt=\"\" class=\"wp-image-83472\" srcset=\"https:\/\/www.almega.se\/app\/uploads\/2025\/10\/Skarmavbild-2025-10-29-kl.-1.35.49-em.png 1016w, https:\/\/www.almega.se\/app\/uploads\/2025\/10\/Skarmavbild-2025-10-29-kl.-1.35.49-em-580x716.png 580w, https:\/\/www.almega.se\/app\/uploads\/2025\/10\/Skarmavbild-2025-10-29-kl.-1.35.49-em-380x469.png 380w, https:\/\/www.almega.se\/app\/uploads\/2025\/10\/Skarmavbild-2025-10-29-kl.-1.35.49-em-768x948.png 768w\" sizes=\"auto, (max-width: 1016px) 100vw, 1016px\" \/><\/figure>\n\n\n\n<h4 class=\"wp-block-heading\" id=\"h-grekland\">Grekland<\/h4>\n\n\n\n<p>F\u00f6r anst\u00e4llda tj\u00e4nstem\u00e4n betalar arbetsgivare en avgift p\u00e5 22,29% f\u00f6rdelat enligt f\u00f6ljande:<\/p>\n\n\n\n<figure class=\"wp-block-image size-full\"><img loading=\"lazy\" decoding=\"async\" width=\"520\" height=\"268\" src=\"https:\/\/www.almega.se\/app\/uploads\/2025\/10\/Skarmavbild-2025-10-29-kl.-1.36.31-em.png\" alt=\"\" class=\"wp-image-83473\" srcset=\"https:\/\/www.almega.se\/app\/uploads\/2025\/10\/Skarmavbild-2025-10-29-kl.-1.36.31-em.png 520w, https:\/\/www.almega.se\/app\/uploads\/2025\/10\/Skarmavbild-2025-10-29-kl.-1.36.31-em-380x196.png 380w\" sizes=\"auto, (max-width: 520px) 100vw, 520px\" \/><\/figure>\n\n\n\n<p>Ut\u00f6ver dessa finns det s\u00e4rskilda regler f\u00f6r vissa yrkesgrupper. F\u00f6r vissa yrken kan avgifterna vara h\u00f6gre. Se OECD (2025) sida 352 f\u00f6r mer information.<\/p>\n\n\n\n<h4 class=\"wp-block-heading\" id=\"h-irland\">Irland<\/h4>\n\n\n\n<p>Arbetsgivaravgifterna motsvarar totalt 11,05% och utg\u00f6rs av avgifter till pensions- och socialf\u00f6rs\u00e4kring och arbetsrelaterad skadef\u00f6rs\u00e4kring.<\/p>\n\n\n\n<h4 class=\"wp-block-heading\" id=\"h-island\">Island<\/h4>\n\n\n\n<p>Arbetsgivare betalar avgifter motsvarande 6,25% av bruttol\u00f6nen.<\/p>\n\n\n\n<h4 class=\"wp-block-heading\" id=\"h-italien\">Italien<\/h4>\n\n\n\n<p>F\u00f6r en l\u00f6ntagare med medell\u00f6n, som motsvarar 35 616 Euro betalar arbetsgivare avgifter motsvarande 31,58%.<\/p>\n\n\n\n<h4 class=\"wp-block-heading\" id=\"h-lettland\">Lettland<\/h4>\n\n\n\n<p>Arbetsgivaravgifterna motsvarar 23,59% av bruttol\u00f6nen. Den best\u00e5r av bland annat pensionsf\u00f6rs\u00e4kring, arbetsmarknadsf\u00f6rs\u00e4kring och olycksfalls- och arbetsrelaterad sjukdomsf\u00f6rs\u00e4kring.<\/p>\n\n\n\n<h4 class=\"wp-block-heading\" id=\"h-litauen\">Litauen<\/h4>\n\n\n\n<p>Arbetsgivaravgifterna motsvarar i regel 1,47% av bruttol\u00f6nen varav arbetsl\u00f6shetsf\u00f6rs\u00e4kring (1,31%) och olycksfallsf\u00f6rs\u00e4kring (0,16%).<\/p>\n\n\n\n<h4 class=\"wp-block-heading\" id=\"h-luxemburg\">Luxemburg<\/h4>\n\n\n\n<p>Arbetsgivaravgifterna motsvarar 11,89% f\u00f6rdelat enligt f\u00f6ljande:<\/p>\n\n\n\n<figure class=\"wp-block-image size-full is-resized\"><img loading=\"lazy\" decoding=\"async\" width=\"520\" height=\"234\" src=\"https:\/\/www.almega.se\/app\/uploads\/2025\/10\/Skarmavbild-2025-10-29-kl.-1.38.50-em.png\" alt=\"\" class=\"wp-image-83474\" style=\"width:520px;height:auto\" srcset=\"https:\/\/www.almega.se\/app\/uploads\/2025\/10\/Skarmavbild-2025-10-29-kl.-1.38.50-em.png 520w, https:\/\/www.almega.se\/app\/uploads\/2025\/10\/Skarmavbild-2025-10-29-kl.-1.38.50-em-380x171.png 380w\" sizes=\"auto, (max-width: 520px) 100vw, 520px\" \/><\/figure>\n\n\n\n<h4 class=\"wp-block-heading\" id=\"h-nederlanderna\">Nederl\u00e4nderna<\/h4>\n\n\n\n<p>F\u00f6r en person som tj\u00e4nar en genomsnittlig l\u00f6n betalar arbetsgivare avgifter motsvarande 19,65% f\u00f6rdelat enligt f\u00f6ljande:<\/p>\n\n\n\n<figure class=\"wp-block-image size-full\"><img loading=\"lazy\" decoding=\"async\" width=\"520\" height=\"194\" src=\"https:\/\/www.almega.se\/app\/uploads\/2025\/10\/Skarmavbild-2025-10-29-kl.-1.38.57-em.png\" alt=\"\" class=\"wp-image-83475\" srcset=\"https:\/\/www.almega.se\/app\/uploads\/2025\/10\/Skarmavbild-2025-10-29-kl.-1.38.57-em.png 520w, https:\/\/www.almega.se\/app\/uploads\/2025\/10\/Skarmavbild-2025-10-29-kl.-1.38.57-em-380x142.png 380w\" sizes=\"auto, (max-width: 520px) 100vw, 520px\" \/><\/figure>\n\n\n\n<h4 class=\"wp-block-heading\" id=\"h-polen\">Polen<\/h4>\n\n\n\n<p>Arbetsgivare betalar 20,01% i arbetsgivaravgifter och l\u00f6neskatter f\u00f6rdelat enligt f\u00f6ljande:<\/p>\n\n\n\n<figure class=\"wp-block-image size-full\"><img loading=\"lazy\" decoding=\"async\" width=\"516\" height=\"382\" src=\"https:\/\/www.almega.se\/app\/uploads\/2025\/10\/Skarmavbild-2025-10-29-kl.-1.39.08-em.png\" alt=\"\" class=\"wp-image-83476\" srcset=\"https:\/\/www.almega.se\/app\/uploads\/2025\/10\/Skarmavbild-2025-10-29-kl.-1.39.08-em.png 516w, https:\/\/www.almega.se\/app\/uploads\/2025\/10\/Skarmavbild-2025-10-29-kl.-1.39.08-em-380x281.png 380w\" sizes=\"auto, (max-width: 516px) 100vw, 516px\" \/><\/figure>\n\n\n\n<h4 class=\"wp-block-heading\" id=\"h-portugal\">Portugal<\/h4>\n\n\n\n<p>Arbetsgivare betalar 23,75% i arbetsgivaravgifter.<\/p>\n\n\n\n<h4 class=\"wp-block-heading\" id=\"h-slovakien\">Slovakien<\/h4>\n\n\n\n<p>Arbetsgivare betalar 36,2% procent i arbetsgivaravgifter varav 11% utg\u00f6rs av h\u00e4lsof\u00f6rs\u00e4kring och 25,2% utg\u00f6rs av socialf\u00f6rs\u00e4kringsinbetalningar f\u00f6r bland annat sjukdom, pension och arbetsl\u00f6shet. Skattesatsen \u00e4r tempor\u00e4rt h\u00f6jd sedan 2024 till och med 2027 och inneb\u00e4r en \u00f6kning fr\u00e5n 35,2 % som var f\u00f6reg\u00e5ende niv\u00e5.<\/p>\n\n\n\n<h4 class=\"wp-block-heading\" id=\"h-slovenien\">Slovenien<\/h4>\n\n\n\n<p>Arbetsgivare betalar 16,10% i arbetsgivaravgifter enligt f\u00f6ljande:<\/p>\n\n\n\n<figure class=\"wp-block-image size-full\"><img loading=\"lazy\" decoding=\"async\" width=\"520\" height=\"232\" src=\"https:\/\/www.almega.se\/app\/uploads\/2025\/10\/Skarmavbild-2025-10-29-kl.-1.42.16-em.png\" alt=\"\" class=\"wp-image-83477\" srcset=\"https:\/\/www.almega.se\/app\/uploads\/2025\/10\/Skarmavbild-2025-10-29-kl.-1.42.16-em.png 520w, https:\/\/www.almega.se\/app\/uploads\/2025\/10\/Skarmavbild-2025-10-29-kl.-1.42.16-em-380x170.png 380w\" sizes=\"auto, (max-width: 520px) 100vw, 520px\" \/><\/figure>\n\n\n\n<h4 class=\"wp-block-heading\" id=\"h-spanien\">Spanien<\/h4>\n\n\n\n<p>Arbetsgivare betalar totalt arbetsgivaravgifter motsvarande 30,48% enligt f\u00f6ljande:<\/p>\n\n\n\n<figure class=\"wp-block-image size-full\"><img loading=\"lazy\" decoding=\"async\" width=\"544\" height=\"272\" src=\"https:\/\/www.almega.se\/app\/uploads\/2025\/10\/Skarmavbild-2025-10-29-kl.-1.42.27-em.png\" alt=\"\" class=\"wp-image-83478\" srcset=\"https:\/\/www.almega.se\/app\/uploads\/2025\/10\/Skarmavbild-2025-10-29-kl.-1.42.27-em.png 544w, https:\/\/www.almega.se\/app\/uploads\/2025\/10\/Skarmavbild-2025-10-29-kl.-1.42.27-em-380x190.png 380w\" sizes=\"auto, (max-width: 544px) 100vw, 544px\" \/><\/figure>\n\n\n\n<h4 class=\"wp-block-heading\" id=\"h-sverige\">Sverige<\/h4>\n\n\n\n<p>Arbetsgivaravgifterna i Sverige uppg\u00e5r till 31,42% av bruttol\u00f6nen enligt f\u00f6ljande:<\/p>\n\n\n\n<figure class=\"wp-block-image size-full\"><img loading=\"lazy\" decoding=\"async\" width=\"524\" height=\"346\" src=\"https:\/\/www.almega.se\/app\/uploads\/2025\/10\/Skarmavbild-2025-10-29-kl.-1.43.29-em.png\" alt=\"\" class=\"wp-image-83479\" srcset=\"https:\/\/www.almega.se\/app\/uploads\/2025\/10\/Skarmavbild-2025-10-29-kl.-1.43.29-em.png 524w, https:\/\/www.almega.se\/app\/uploads\/2025\/10\/Skarmavbild-2025-10-29-kl.-1.43.29-em-380x251.png 380w\" sizes=\"auto, (max-width: 524px) 100vw, 524px\" \/><\/figure>\n\n\n\n<h4 class=\"wp-block-heading\" id=\"h-tjeckien\">Tjeckien<\/h4>\n\n\n\n<p>Arbetsgivare betalar 33,8% av bruttol\u00f6nen i arbetsgivaravgifter (varav 9% f\u00f6r h\u00e4lsof\u00f6rs\u00e4kring och 24,8 i socialf\u00f6rs\u00e4kring).<\/p>\n\n\n\n<h4 class=\"wp-block-heading\" id=\"h-tyskland\">Tyskland<\/h4>\n\n\n\n<p>Totalt betalar arbetsgivare 21,6% i arbetsgivaravgifter f\u00f6r en anst\u00e4lld som tj\u00e4nar en medell\u00f6n i Tyskland som 2024 motsvarade 63 288 Euro om \u00e5ret.<\/p>\n\n\n\n<figure class=\"wp-block-image size-full\"><img loading=\"lazy\" decoding=\"async\" width=\"1016\" height=\"592\" src=\"https:\/\/www.almega.se\/app\/uploads\/2025\/10\/Skarmavbild-2025-10-29-kl.-1.45.19-em.png\" alt=\"\" class=\"wp-image-83480\" srcset=\"https:\/\/www.almega.se\/app\/uploads\/2025\/10\/Skarmavbild-2025-10-29-kl.-1.45.19-em.png 1016w, https:\/\/www.almega.se\/app\/uploads\/2025\/10\/Skarmavbild-2025-10-29-kl.-1.45.19-em-580x338.png 580w, https:\/\/www.almega.se\/app\/uploads\/2025\/10\/Skarmavbild-2025-10-29-kl.-1.45.19-em-380x221.png 380w, https:\/\/www.almega.se\/app\/uploads\/2025\/10\/Skarmavbild-2025-10-29-kl.-1.45.19-em-768x447.png 768w\" sizes=\"auto, (max-width: 1016px) 100vw, 1016px\" \/><\/figure>\n\n\n\n<h4 class=\"wp-block-heading\" id=\"h-ungern\">Ungern<\/h4>\n\n\n\n<p>Arbetsgivare betalar sedan januari 2022 en s\u00e5 kallad \u201dsocial contribution tax\u201d p\u00e5 13,0%, som i praktiken \u00e4r en arbetsgivaravgift.<\/p>\n\n\n\n<h4 class=\"wp-block-heading\" id=\"h-osterrike\">\u00d6sterrike<\/h4>\n\n\n\n<p>F\u00f6r en medell\u00f6n motsvarande 61 699 Euro om \u00e5ret betalar arbetsgivare avgifter p\u00e5 totalt 20,98% av bruttol\u00f6nen enligt f\u00f6ljande:<\/p>\n\n\n\n<figure class=\"wp-block-image size-full\"><img loading=\"lazy\" decoding=\"async\" width=\"600\" height=\"310\" src=\"https:\/\/www.almega.se\/app\/uploads\/2025\/10\/Skarmavbild-2025-10-29-kl.-1.45.31-em.png\" alt=\"\" class=\"wp-image-83481\" srcset=\"https:\/\/www.almega.se\/app\/uploads\/2025\/10\/Skarmavbild-2025-10-29-kl.-1.45.31-em.png 600w, https:\/\/www.almega.se\/app\/uploads\/2025\/10\/Skarmavbild-2025-10-29-kl.-1.45.31-em-580x300.png 580w, https:\/\/www.almega.se\/app\/uploads\/2025\/10\/Skarmavbild-2025-10-29-kl.-1.45.31-em-380x196.png 380w\" sizes=\"auto, (max-width: 600px) 100vw, 600px\" \/><\/figure>\n","protected":false},"excerpt":{"rendered":"<p>I den h\u00e4r rapporten har Almega j\u00e4mf\u00f6rt arbetskraftskostnaderna, l\u00f6nekostnaderna och arbetsgivaravgifterna i Sverige och 23 andra europeiska l\u00e4nder.<\/p>\n","protected":false},"author":16543,"featured_media":47639,"comment_status":"closed","ping_status":"closed","sticky":false,"template":"","format":"standard","meta":{"_acf_changed":false,"footnotes":""},"categories":[1],"tags":[],"article_type":[42],"agreement":[],"class_list":["post-83462","post","type-post","status-publish","format-standard","has-post-thumbnail","hentry","category-okategoriserade","type-rapporter"],"acf":[],"yoast_head":"<!-- This site is optimized with the Yoast SEO Premium plugin v26.8 (Yoast SEO v26.8) - https:\/\/yoast.com\/product\/yoast-seo-premium-wordpress\/ -->\n<title>Ett dyrt jobb: Sverige i toppen av Europas arbetskraftskostnader | Almega<\/title>\n<meta name=\"robots\" content=\"index, follow, max-snippet:-1, max-image-preview:large, max-video-preview:-1\" \/>\n<link rel=\"canonical\" href=\"https:\/\/www.almega.se\/2025\/11\/ett-dyrt-jobb-sverige-i-toppen-av-europas-arbetskraftskostnader\/\" \/>\n<meta property=\"og:locale\" content=\"sv_SE\" \/>\n<meta property=\"og:type\" content=\"article\" \/>\n<meta property=\"og:title\" content=\"Ett dyrt jobb: Sverige i toppen av Europas arbetskraftskostnader\" \/>\n<meta property=\"og:description\" content=\"I den h\u00e4r rapporten har Almega j\u00e4mf\u00f6rt arbetskraftskostnaderna, l\u00f6nekostnaderna och arbetsgivaravgifterna i Sverige och 23 andra europeiska l\u00e4nder.\" \/>\n<meta property=\"og:url\" content=\"https:\/\/www.almega.se\/2025\/11\/ett-dyrt-jobb-sverige-i-toppen-av-europas-arbetskraftskostnader\/\" \/>\n<meta property=\"og:site_name\" content=\"Almega\" \/>\n<meta property=\"article:published_time\" content=\"2025-11-03T04:00:00+00:00\" \/>\n<meta property=\"article:modified_time\" content=\"2025-11-03T13:32:58+00:00\" \/>\n<meta property=\"og:image\" content=\"https:\/\/www.almega.se\/app\/uploads\/2022\/09\/gettyimages-1151982014-scaled.jpg\" \/>\n\t<meta property=\"og:image:width\" content=\"2560\" \/>\n\t<meta property=\"og:image:height\" content=\"1462\" \/>\n\t<meta property=\"og:image:type\" content=\"image\/jpeg\" \/>\n<meta name=\"author\" content=\"R\u00e9ka Tolnai\" \/>\n<meta name=\"twitter:card\" content=\"summary_large_image\" \/>\n<meta name=\"twitter:label1\" content=\"Skriven av\" \/>\n\t<meta name=\"twitter:data1\" content=\"R\u00e9ka Tolnai\" \/>\n\t<meta name=\"twitter:label2\" content=\"Ber\u00e4knad l\u00e4stid\" \/>\n\t<meta name=\"twitter:data2\" content=\"14 minuter\" \/>\n<!-- \/ Yoast SEO Premium plugin. -->","yoast_head_json":{"title":"Ett dyrt jobb: Sverige i toppen av Europas arbetskraftskostnader | Almega","robots":{"index":"index","follow":"follow","max-snippet":"max-snippet:-1","max-image-preview":"max-image-preview:large","max-video-preview":"max-video-preview:-1"},"canonical":"https:\/\/www.almega.se\/2025\/11\/ett-dyrt-jobb-sverige-i-toppen-av-europas-arbetskraftskostnader\/","og_locale":"sv_SE","og_type":"article","og_title":"Ett dyrt jobb: Sverige i toppen av Europas arbetskraftskostnader","og_description":"I den h\u00e4r rapporten har Almega j\u00e4mf\u00f6rt arbetskraftskostnaderna, l\u00f6nekostnaderna och arbetsgivaravgifterna i Sverige och 23 andra europeiska l\u00e4nder.","og_url":"https:\/\/www.almega.se\/2025\/11\/ett-dyrt-jobb-sverige-i-toppen-av-europas-arbetskraftskostnader\/","og_site_name":"Almega","article_published_time":"2025-11-03T04:00:00+00:00","article_modified_time":"2025-11-03T13:32:58+00:00","og_image":[{"width":2560,"height":1462,"url":"https:\/\/www.almega.se\/app\/uploads\/2022\/09\/gettyimages-1151982014-scaled.jpg","type":"image\/jpeg"}],"author":"R\u00e9ka Tolnai","twitter_card":"summary_large_image","twitter_misc":{"Skriven av":"R\u00e9ka Tolnai","Ber\u00e4knad l\u00e4stid":"14 minuter"},"schema":{"@context":"https:\/\/schema.org","@graph":[{"@type":"NewsArticle","@id":"https:\/\/www.almega.se\/2025\/11\/ett-dyrt-jobb-sverige-i-toppen-av-europas-arbetskraftskostnader\/#article","isPartOf":{"@id":"https:\/\/www.almega.se\/2025\/11\/ett-dyrt-jobb-sverige-i-toppen-av-europas-arbetskraftskostnader\/"},"author":{"name":"R\u00e9ka Tolnai","@id":"https:\/\/www.almega.se\/#\/schema\/person\/e54aa110880538cf5ceac0ac54bbecf7"},"headline":"Ett dyrt jobb: Sverige i toppen av Europas arbetskraftskostnader","datePublished":"2025-11-03T04:00:00+00:00","dateModified":"2025-11-03T13:32:58+00:00","mainEntityOfPage":{"@id":"https:\/\/www.almega.se\/2025\/11\/ett-dyrt-jobb-sverige-i-toppen-av-europas-arbetskraftskostnader\/"},"wordCount":2335,"image":{"@id":"https:\/\/www.almega.se\/2025\/11\/ett-dyrt-jobb-sverige-i-toppen-av-europas-arbetskraftskostnader\/#primaryimage"},"thumbnailUrl":"https:\/\/www.almega.se\/app\/uploads\/2022\/09\/gettyimages-1151982014-scaled.jpg","inLanguage":"sv-SE"},{"@type":"WebPage","@id":"https:\/\/www.almega.se\/2025\/11\/ett-dyrt-jobb-sverige-i-toppen-av-europas-arbetskraftskostnader\/","url":"https:\/\/www.almega.se\/2025\/11\/ett-dyrt-jobb-sverige-i-toppen-av-europas-arbetskraftskostnader\/","name":"Ett dyrt jobb: Sverige i toppen av Europas arbetskraftskostnader | Almega","isPartOf":{"@id":"https:\/\/www.almega.se\/#website"},"primaryImageOfPage":{"@id":"https:\/\/www.almega.se\/2025\/11\/ett-dyrt-jobb-sverige-i-toppen-av-europas-arbetskraftskostnader\/#primaryimage"},"image":{"@id":"https:\/\/www.almega.se\/2025\/11\/ett-dyrt-jobb-sverige-i-toppen-av-europas-arbetskraftskostnader\/#primaryimage"},"thumbnailUrl":"https:\/\/www.almega.se\/app\/uploads\/2022\/09\/gettyimages-1151982014-scaled.jpg","datePublished":"2025-11-03T04:00:00+00:00","dateModified":"2025-11-03T13:32:58+00:00","author":{"@id":"https:\/\/www.almega.se\/#\/schema\/person\/e54aa110880538cf5ceac0ac54bbecf7"},"breadcrumb":{"@id":"https:\/\/www.almega.se\/2025\/11\/ett-dyrt-jobb-sverige-i-toppen-av-europas-arbetskraftskostnader\/#breadcrumb"},"inLanguage":"sv-SE","potentialAction":[{"@type":"ReadAction","target":["https:\/\/www.almega.se\/2025\/11\/ett-dyrt-jobb-sverige-i-toppen-av-europas-arbetskraftskostnader\/"]}]},{"@type":"ImageObject","inLanguage":"sv-SE","@id":"https:\/\/www.almega.se\/2025\/11\/ett-dyrt-jobb-sverige-i-toppen-av-europas-arbetskraftskostnader\/#primaryimage","url":"https:\/\/www.almega.se\/app\/uploads\/2022\/09\/gettyimages-1151982014-scaled.jpg","contentUrl":"https:\/\/www.almega.se\/app\/uploads\/2022\/09\/gettyimages-1151982014-scaled.jpg","width":2560,"height":1462,"caption":"Efter \u00e5rsskiftet tar Sverige \u00f6ver som ordf\u00f6randeland i EU"},{"@type":"BreadcrumbList","@id":"https:\/\/www.almega.se\/2025\/11\/ett-dyrt-jobb-sverige-i-toppen-av-europas-arbetskraftskostnader\/#breadcrumb","itemListElement":[{"@type":"ListItem","position":1,"name":"Home","item":"https:\/\/www.almega.se\/"},{"@type":"ListItem","position":2,"name":"Ett dyrt jobb: Sverige i toppen av Europas arbetskraftskostnader"}]},{"@type":"WebSite","@id":"https:\/\/www.almega.se\/#website","url":"https:\/\/www.almega.se\/","name":"Almega","description":"","potentialAction":[{"@type":"SearchAction","target":{"@type":"EntryPoint","urlTemplate":"https:\/\/www.almega.se\/?s={search_term_string}"},"query-input":{"@type":"PropertyValueSpecification","valueRequired":true,"valueName":"search_term_string"}}],"inLanguage":"sv-SE"},{"@type":"Person","@id":"https:\/\/www.almega.se\/#\/schema\/person\/e54aa110880538cf5ceac0ac54bbecf7","name":"R\u00e9ka Tolnai","image":{"@type":"ImageObject","inLanguage":"sv-SE","@id":"https:\/\/www.almega.se\/#\/schema\/person\/image\/","url":"https:\/\/secure.gravatar.com\/avatar\/c722d4a4ee787603df9df499a683d681bd2c463bde248da25aabc45883d614d2?s=96&d=mm&r=g","contentUrl":"https:\/\/secure.gravatar.com\/avatar\/c722d4a4ee787603df9df499a683d681bd2c463bde248da25aabc45883d614d2?s=96&d=mm&r=g","caption":"R\u00e9ka Tolnai"},"url":"https:\/\/www.almega.se\/person\/rekatolnai\/"}]}},"_links":{"self":[{"href":"https:\/\/www.almega.se\/api\/wp\/v2\/posts\/83462","targetHints":{"allow":["GET"]}}],"collection":[{"href":"https:\/\/www.almega.se\/api\/wp\/v2\/posts"}],"about":[{"href":"https:\/\/www.almega.se\/api\/wp\/v2\/types\/post"}],"author":[{"embeddable":true,"href":"https:\/\/www.almega.se\/api\/wp\/v2\/users\/16543"}],"replies":[{"embeddable":true,"href":"https:\/\/www.almega.se\/api\/wp\/v2\/comments?post=83462"}],"version-history":[{"count":9,"href":"https:\/\/www.almega.se\/api\/wp\/v2\/posts\/83462\/revisions"}],"predecessor-version":[{"id":83690,"href":"https:\/\/www.almega.se\/api\/wp\/v2\/posts\/83462\/revisions\/83690"}],"wp:featuredmedia":[{"embeddable":true,"href":"https:\/\/www.almega.se\/api\/wp\/v2\/media\/47639"}],"wp:attachment":[{"href":"https:\/\/www.almega.se\/api\/wp\/v2\/media?parent=83462"}],"wp:term":[{"taxonomy":"category","embeddable":true,"href":"https:\/\/www.almega.se\/api\/wp\/v2\/categories?post=83462"},{"taxonomy":"post_tag","embeddable":true,"href":"https:\/\/www.almega.se\/api\/wp\/v2\/tags?post=83462"},{"taxonomy":"type","embeddable":true,"href":"https:\/\/www.almega.se\/api\/wp\/v2\/article_type?post=83462"},{"taxonomy":"agreement","embeddable":true,"href":"https:\/\/www.almega.se\/api\/wp\/v2\/agreement?post=83462"}],"curies":[{"name":"wp","href":"https:\/\/api.w.org\/{rel}","templated":true}]}}