{"id":83453,"date":"2025-10-29T08:57:42","date_gmt":"2025-10-29T07:57:42","guid":{"rendered":"https:\/\/www.almega.se\/?p=83453"},"modified":"2025-10-29T08:59:27","modified_gmt":"2025-10-29T07:59:27","slug":"los-arbetstidsforkortning-vore-forodande","status":"publish","type":"post","link":"https:\/\/www.almega.se\/2025\/10\/los-arbetstidsforkortning-vore-forodande\/","title":{"rendered":"\u201dLO:s arbetstidsf\u00f6rkortning vore f\u00f6r\u00f6dande\u201d"},"content":{"rendered":"<p class=\"intro\">&#8221;Kortare arbetstid \u00e4r ett direkt slag mot resultat och marginaler&#8221; Det skriver Maria M\u00f6ller, arbetsgivarpolitisk chef p\u00e5 Almega och Jonas Stenmo, chefsjurist p\u00e5 Almega i en debattartikel i Arbetet.<\/p>\n\n      <a href=\"https:\/\/arbetet.se\/2025\/10\/29\/los-arbetstidsforkortning-vore-forodande\/\" target=\"\" class=\"Button is-text Button--external-link\">\n      \n        L\u00e4s artikeln i Arbetet (arbetet.se)\n      \n      \n                <svg class='icon icon--external-link'  width=\"16\" height=\"16\" viewBox=\"0 0 16 16\" fill=\"none\" xmlns=\"http:\/\/www.w3.org\/2000\/svg\">\n<path d=\"M9 1H15V7\" stroke=\"black\" stroke-width=\"2\" stroke-miterlimit=\"10\"\/>\n<path d=\"M5 2H1V15H14V11\" stroke=\"black\" stroke-width=\"2\" stroke-miterlimit=\"10\"\/>\n<path d=\"M15 1L6 10\" stroke=\"black\" stroke-width=\"2\" stroke-miterlimit=\"10\"\/>\n<\/svg>\n\n        \n    <\/a>\n  \n\n\n\n<p>Arbetstidsf\u00f6rkortning har varit en stridsfr\u00e5ga i \u00e5rets avtalsr\u00f6relse. Och visst \u2013 vem skulle inte vilja ha mer ledig tid?<\/p>\n\n\n\n<p>Men n\u00e4r facken kr\u00e4ver kortare arbetstid med bibeh\u00e5llen l\u00f6n gl\u00f6mmer de ofta en viktig aspekt: kostnaden.<\/p>\n\n\n\n<p>F\u00f6r arbetsgivare inom den personalintensiva tj\u00e4nstesektorn, d\u00e4r medarbetarnas tid \u00e4r st\u00f6rsta insatsvaran, inneb\u00e4r arbetstidsf\u00f6rkortning ett direkt slag mot resultat och marginaler.<\/p>\n\n\n\n      <blockquote class=\"Expert-comment__quote\">\n      <p>&#8221;En arbetstidsf\u00f6rkortning i linje med LO:s \u00f6nskem\u00e5l skulle drabba svensk v\u00e4lf\u00e4rd och konkurrenskraft h\u00e5rt&#8221;<\/p>\n\n      \n             <a href=\"https:\/\/www.almega.se\/person\/mariamoller\/\">\n          <figure class=\"Contact-card__image\">\n            <img decoding=\"async\" src=\"https:\/\/www.almega.se\/app\/uploads\/2025\/04\/Maria-Moller-3-380x285.jpg\" alt=\"Maria M\u00f6ller\">\n          <\/figure>\n        <\/a>\n          \n      <h2 class=\"Contact-card__title\">Maria M\u00f6ller<\/h2>\n      <p class=\"mb-0\">F\u00f6rbundsdirekt\u00f6r, chef Arbetsgivarpolitik &amp; Samverkan<\/p>\n      \n                  <a href=\"https:\/\/www.almega.se\/person\/mariamoller\/\" class=\"Contact-card__link\">\n        \n          <p class=\"Contact-card__arrow__text\">L\u00e4s mer<\/p>\n          \n          <svg class='icon icon--arrow-tip'  width=\"11\" height=\"16\" viewBox=\"0 0 11 16\" fill=\"none\" xmlns=\"http:\/\/www.w3.org\/2000\/svg\">\n<path d=\"M0.858398 15L9.2304 7.99664L0.967732 1.00001\" stroke=\"black\" stroke-width=\"2\" stroke-miterlimit=\"10\"\/>\n<\/svg>\n\n          \n      <\/a>\n\n      \n    \n  \n    <\/blockquote>\n  \n\n\n<a class='Share__link Share__link--url copy-text' href='#' rel='nofollow' data-text='pressar-in-arbetstidsforkortning' title='Dela url' data-confirmation='L\u00e4nken kopierades till urklipp'><svg class='icon icon--link'  width='18' height='18' viewBox='0 0 18 18' fill='none' xmlns='http:\/\/www.w3.org\/2000\/svg'>\n            <path d='M10.4142 0.514721L6.87868 4.05025L8.29289 5.46447L11.1213 2.63604L15.364 6.87868L12.5355 9.70711L13.9497 11.1213L17.4853 7.58579C17.8763 7.19476 17.8763 6.5626 17.4853 6.17158L11.8284 0.514721C11.4374 0.123691 10.8052 0.123691 10.4142 0.514721Z' fill='black'\/>\n            <path d='M9.7071 12.5355L6.87868 15.364L2.63604 11.1213L5.46446 8.2929L4.05025 6.87868L0.514716 10.4142C0.123686 10.8052 0.123686 11.4374 0.514716 11.8284L6.17157 17.4853C6.5626 17.8763 7.19475 17.8763 7.58578 17.4853L11.1213 13.9497L9.7071 12.5355Z' fill='black'\/>\n            <path d='M6.17157 11.8284C6.5626 12.2195 7.19475 12.2195 7.58578 11.8284L11.8284 7.58579C12.2195 7.19476 12.2195 6.56261 11.8284 6.17158C11.4374 5.78055 10.8052 5.78055 10.4142 6.17158L6.17157 10.4142C5.78054 10.8052 5.78054 11.4374 6.17157 11.8284Z' fill='black'\/>\n            <\/svg> <\/a>\n<h2 class=\"wp-block-heading\" id=\"h-pressar-in-arbetstidsforkortning\">Pressar in arbetstidsf\u00f6rkortning<\/h2>\n\n\n\n<p>Trots detta har facken, ibland under konflikthot, pressat in arbetstidsf\u00f6rkortning i avtal efter avtal \u2013 \u00e4ven p\u00e5 tj\u00e4nstemannasidan.<\/p>\n\n\n\n<p>Att m\u00e5nga f\u00f6retag nu undrar \u00f6ver de nya regler som tr\u00e4der i kraft vid \u00e5rsskiftet \u00e4r, till skillnad fr\u00e5n vad facken antyder, varken suspekt eller avtalsrundande. V\u00e5ra medlemsf\u00f6retag vill g\u00f6ra r\u00e4tt. D\u00e4rf\u00f6r erbjuder vi dem r\u00e5dgivning och information.<\/p>\n\n\n\n<p>Det \u00e4r inte ovanligt att f\u00f6retag, helt frivilligt och utan facklig inblandning, v\u00e4ljer att erbjuda f\u00f6rm\u00e5ner till sina anst\u00e4llda, exempelvis ledighet med l\u00f6n under vissa halv- eller kl\u00e4mdagar. F\u00f6r att gl\u00e4dja medarbetarna och f\u00f6r att bli mer attraktiva som arbetsgivare, inte minst.<\/p>\n\n\n\n<p>Men att bjuda p\u00e5 ledighet \u00e4r inget de m\u00e5ste g\u00f6ra \u2013 och det medf\u00f6r alltid en ekonomisk belastning f\u00f6r f\u00f6retaget.<\/p>\n\n\n<a class='Share__link Share__link--url copy-text' href='#' rel='nofollow' data-text='rimligt-att-kvitta-mot-befintlig-arbetstidsforkortning' title='Dela url' data-confirmation='L\u00e4nken kopierades till urklipp'><svg class='icon icon--link'  width='18' height='18' viewBox='0 0 18 18' fill='none' xmlns='http:\/\/www.w3.org\/2000\/svg'>\n            <path d='M10.4142 0.514721L6.87868 4.05025L8.29289 5.46447L11.1213 2.63604L15.364 6.87868L12.5355 9.70711L13.9497 11.1213L17.4853 7.58579C17.8763 7.19476 17.8763 6.5626 17.4853 6.17158L11.8284 0.514721C11.4374 0.123691 10.8052 0.123691 10.4142 0.514721Z' fill='black'\/>\n            <path d='M9.7071 12.5355L6.87868 15.364L2.63604 11.1213L5.46446 8.2929L4.05025 6.87868L0.514716 10.4142C0.123686 10.8052 0.123686 11.4374 0.514716 11.8284L6.17157 17.4853C6.5626 17.8763 7.19475 17.8763 7.58578 17.4853L11.1213 13.9497L9.7071 12.5355Z' fill='black'\/>\n            <path d='M6.17157 11.8284C6.5626 12.2195 7.19475 12.2195 7.58578 11.8284L11.8284 7.58579C12.2195 7.19476 12.2195 6.56261 11.8284 6.17158C11.4374 5.78055 10.8052 5.78055 10.4142 6.17158L6.17157 10.4142C5.78054 10.8052 5.78054 11.4374 6.17157 11.8284Z' fill='black'\/>\n            <\/svg> <\/a>\n<h2 class=\"wp-block-heading\" id=\"h-rimligt-att-kvitta-mot-befintlig-arbetstidsforkortning\">Rimligt att kvitta mot befintlig arbetstidsf\u00f6rkortning<\/h2>\n\n\n\n<p>N\u00e4r nu centrala kollektivavtal inneh\u00e5ller skrivelser om arbetstidsf\u00f6rkortning uppst\u00e5r fr\u00e5gan hur dessa f\u00f6rh\u00e5ller sig till redan existerande, lokala l\u00f6sningar.<\/p>\n\n\n\n<p>Vad g\u00e4ller exempelvis ifall ett f\u00f6retag sedan tidigare bjudit medarbetarna p\u00e5 en ledig dag, och det nya centrala avtalet f\u00f6reskriver att just denna dag ska vara ledig?<\/p>\n\n\n\n<p>En logisk, tillika fullt legitim, \u00e5tg\u00e4rd \u00e4r att unders\u00f6ka m\u00f6jligheten att slopa den ensidigt utlagda lediga dagen n\u00e4r skyldighet uppst\u00e5tt i det centrala avtalet.<\/p>\n\n\n\n<p>Att b\u00e5de f\u00e5 ensidigt utf\u00e4sta&nbsp;<em>och<\/em>&nbsp;centralt f\u00f6rhandlade f\u00f6rm\u00e5ner \u00e4r ingen sj\u00e4lvklarhet. Detta k\u00e4nner givetvis alla med kunskap om spelreglerna p\u00e5 den svenska arbetsmarknaden till. \u00c4nd\u00e5 tycks det f\u00f6r vissa fack, utifr\u00e5n rapporteringen i deras egna medier, ha kommit som en nyhet.<\/p>\n\n\n<a class='Share__link Share__link--url copy-text' href='#' rel='nofollow' data-text='balans-mellan-frivillighet-och-masten' title='Dela url' data-confirmation='L\u00e4nken kopierades till urklipp'><svg class='icon icon--link'  width='18' height='18' viewBox='0 0 18 18' fill='none' xmlns='http:\/\/www.w3.org\/2000\/svg'>\n            <path d='M10.4142 0.514721L6.87868 4.05025L8.29289 5.46447L11.1213 2.63604L15.364 6.87868L12.5355 9.70711L13.9497 11.1213L17.4853 7.58579C17.8763 7.19476 17.8763 6.5626 17.4853 6.17158L11.8284 0.514721C11.4374 0.123691 10.8052 0.123691 10.4142 0.514721Z' fill='black'\/>\n            <path d='M9.7071 12.5355L6.87868 15.364L2.63604 11.1213L5.46446 8.2929L4.05025 6.87868L0.514716 10.4142C0.123686 10.8052 0.123686 11.4374 0.514716 11.8284L6.17157 17.4853C6.5626 17.8763 7.19475 17.8763 7.58578 17.4853L11.1213 13.9497L9.7071 12.5355Z' fill='black'\/>\n            <path d='M6.17157 11.8284C6.5626 12.2195 7.19475 12.2195 7.58578 11.8284L11.8284 7.58579C12.2195 7.19476 12.2195 6.56261 11.8284 6.17158C11.4374 5.78055 10.8052 5.78055 10.4142 6.17158L6.17157 10.4142C5.78054 10.8052 5.78054 11.4374 6.17157 11.8284Z' fill='black'\/>\n            <\/svg> <\/a>\n<h2 class=\"wp-block-heading\" id=\"h-balans-mellan-frivillighet-och-masten\">Balans mellan frivillighet och m\u00e5sten<\/h2>\n\n\n\n<p>Almega har inget principiellt emot arbetstidsf\u00f6rkortning. Men beslut om hur, n\u00e4r och i vilken omfattning det ska ske m\u00e5ste alltid fattas p\u00e5 verksamhetsniv\u00e5 \u2013 inte genom centrala avtal.<\/p>\n\n\n\n<p>F\u00f6r den svenska modellens legitimitet m\u00e5ste det r\u00e5da en balans mellan frivillighet och f\u00f6rpliktelser. F\u00f6r mycket av det senare riskerar att skr\u00e4mma arbetsgivare fr\u00e5n att teckna kollektivavtal. Dessutom, f\u00f6r varje ny f\u00f6rm\u00e5n som skrivs in centralt blir avtalen dyrare att till\u00e4mpa.<\/p>\n\n\n\n<p>N\u00e4r kostnaderna f\u00f6r att f\u00f6lja kollektivavtalen \u00f6kar, minskar ocks\u00e5 f\u00f6retagens incitament att teckna dem. Detta riskerar att urholka den svenska modellen, d\u00e4r kollektivavtal bygger p\u00e5 frivillighet och \u00f6msesidig nytta.<\/p>\n\n\n\n<p>Att arbetstidsf\u00f6rkortning fungerar i m\u00e5nga verksamheter \u00e4r oomtvistat. Det har m\u00e5nga arbetsgivare redan visat genom att, utan avtalskrav, ha bjudit p\u00e5 lediga dagar.<\/p>\n\n\n<a class='Share__link Share__link--url copy-text' href='#' rel='nofollow' data-text='drabbar-valfard-och-konkurrenskraft' title='Dela url' data-confirmation='L\u00e4nken kopierades till urklipp'><svg class='icon icon--link'  width='18' height='18' viewBox='0 0 18 18' fill='none' xmlns='http:\/\/www.w3.org\/2000\/svg'>\n            <path d='M10.4142 0.514721L6.87868 4.05025L8.29289 5.46447L11.1213 2.63604L15.364 6.87868L12.5355 9.70711L13.9497 11.1213L17.4853 7.58579C17.8763 7.19476 17.8763 6.5626 17.4853 6.17158L11.8284 0.514721C11.4374 0.123691 10.8052 0.123691 10.4142 0.514721Z' fill='black'\/>\n            <path d='M9.7071 12.5355L6.87868 15.364L2.63604 11.1213L5.46446 8.2929L4.05025 6.87868L0.514716 10.4142C0.123686 10.8052 0.123686 11.4374 0.514716 11.8284L6.17157 17.4853C6.5626 17.8763 7.19475 17.8763 7.58578 17.4853L11.1213 13.9497L9.7071 12.5355Z' fill='black'\/>\n            <path d='M6.17157 11.8284C6.5626 12.2195 7.19475 12.2195 7.58578 11.8284L11.8284 7.58579C12.2195 7.19476 12.2195 6.56261 11.8284 6.17158C11.4374 5.78055 10.8052 5.78055 10.4142 6.17158L6.17157 10.4142C5.78054 10.8052 5.78054 11.4374 6.17157 11.8284Z' fill='black'\/>\n            <\/svg> <\/a>\n<h2 class=\"wp-block-heading\" id=\"h-drabbar-valfard-och-konkurrenskraft\">Drabbar v\u00e4lf\u00e4rd och konkurrenskraft<\/h2>\n\n\n\n<p>Men po\u00e4ngen \u00e4r att det bara kan ske d\u00e4r det fungerar. En arbetstidsf\u00f6rkortning i linje med LO:s \u00f6nskem\u00e5l skulle drabba svensk v\u00e4lf\u00e4rd och konkurrenskraft h\u00e5rt.<\/p>\n\n\n\n<p>Ber\u00e4kningar visar att en 35-timmars arbetsvecka skulle kosta Sverige \u00f6ver 500 miljarder kronor i minskad BNP varje \u00e5r. F\u00f6r tj\u00e4nstesektorn, d\u00e4r personalkostnaderna utg\u00f6r upp till 80 procent av f\u00f6retagens kostnader, skulle konsekvenserna av en s\u00e5dan reform bli f\u00f6r\u00f6dande.<\/p>\n\n\n\n<p>Sedan fr\u00e5gan om arbetstidsf\u00f6rkortning v\u00e4cktes, har vi uppmanat v\u00e5ra fackliga motparter att t\u00e4nka l\u00e5ngsiktigt. L\u00e5t arbetsgivare och medarbetare tillsammans vara med och forma framtidens arbetsliv \u2013 lokalt, flexibelt och med respekt f\u00f6r de f\u00f6ruts\u00e4ttningar som g\u00e4ller en specifik verksamhet.<\/p>\n\n\n\n\n\n\n<figure class=\"wp-block-image size-large\"><img loading=\"lazy\" decoding=\"async\" width=\"1180\" height=\"885\" src=\"https:\/\/www.almega.se\/app\/uploads\/2025\/04\/Maria_Moller__DSF0764-1180x885.jpg\" alt=\"\" class=\"wp-image-78613\" srcset=\"https:\/\/www.almega.se\/app\/uploads\/2025\/04\/Maria_Moller__DSF0764-1180x885.jpg 1180w, https:\/\/www.almega.se\/app\/uploads\/2025\/04\/Maria_Moller__DSF0764-580x435.jpg 580w, https:\/\/www.almega.se\/app\/uploads\/2025\/04\/Maria_Moller__DSF0764-380x285.jpg 380w, https:\/\/www.almega.se\/app\/uploads\/2025\/04\/Maria_Moller__DSF0764-768x576.jpg 768w, https:\/\/www.almega.se\/app\/uploads\/2025\/04\/Maria_Moller__DSF0764-1536x1152.jpg 1536w, https:\/\/www.almega.se\/app\/uploads\/2025\/04\/Maria_Moller__DSF0764-2048x1536.jpg 2048w\" sizes=\"auto, (max-width: 1180px) 100vw, 1180px\" \/><\/figure>\n\n\n\n<p>Maria M\u00f6ller, arbetsgivarpolitisk chef<\/p>\n\n\n\n\n\n<figure class=\"wp-block-image size-large\"><img loading=\"lazy\" decoding=\"async\" width=\"1180\" height=\"885\" src=\"https:\/\/www.almega.se\/app\/uploads\/2025\/10\/Jonas_Stenmo__DSF0691-1180x885.jpg\" alt=\"Jonas Stenmo\" class=\"wp-image-83454\" srcset=\"https:\/\/www.almega.se\/app\/uploads\/2025\/10\/Jonas_Stenmo__DSF0691-1180x885.jpg 1180w, https:\/\/www.almega.se\/app\/uploads\/2025\/10\/Jonas_Stenmo__DSF0691-580x435.jpg 580w, https:\/\/www.almega.se\/app\/uploads\/2025\/10\/Jonas_Stenmo__DSF0691-380x285.jpg 380w, https:\/\/www.almega.se\/app\/uploads\/2025\/10\/Jonas_Stenmo__DSF0691-768x576.jpg 768w, https:\/\/www.almega.se\/app\/uploads\/2025\/10\/Jonas_Stenmo__DSF0691-1536x1152.jpg 1536w, https:\/\/www.almega.se\/app\/uploads\/2025\/10\/Jonas_Stenmo__DSF0691-2048x1536.jpg 2048w\" sizes=\"auto, (max-width: 1180px) 100vw, 1180px\" \/><\/figure>\n\n\n\n<p>Jonas Stenmo, chefsjurist<\/p>\n\n\n\n","protected":false},"excerpt":{"rendered":"<p>Arbetstidsf\u00f6rkortning har varit en stridsfr\u00e5ga i \u00e5rets avtalsr\u00f6relse. Och visst \u2013 vem skulle inte vilja ha mer ledig tid? Men n\u00e4r facken kr\u00e4ver kortare arbetstid med bibeh\u00e5llen l\u00f6n gl\u00f6mmer de ofta en viktig aspekt: kostnaden. &hellip;<\/p>\n","protected":false},"author":14531,"featured_media":83395,"comment_status":"closed","ping_status":"closed","sticky":false,"template":"","format":"standard","meta":{"_acf_changed":false,"footnotes":""},"categories":[603,751],"tags":[714],"article_type":[55,49,56],"agreement":[],"class_list":["post-83453","post","type-post","status-publish","format-standard","has-post-thumbnail","hentry","category-almega","category-arbetstid","tag-arbetstidsforkortning","type-artiklar","type-debattartiklar","type-nyheter"],"acf":[],"yoast_head":"<!-- This site is optimized with the Yoast SEO Premium plugin v26.8 (Yoast SEO v26.8) - https:\/\/yoast.com\/product\/yoast-seo-premium-wordpress\/ -->\n<title>\u201dLO:s arbetstidsf\u00f6rkortning vore f\u00f6r\u00f6dande\u201d | Almega<\/title>\n<meta name=\"robots\" content=\"index, follow, max-snippet:-1, max-image-preview:large, max-video-preview:-1\" \/>\n<link rel=\"canonical\" href=\"https:\/\/www.almega.se\/2025\/10\/los-arbetstidsforkortning-vore-forodande\/\" \/>\n<meta property=\"og:locale\" content=\"sv_SE\" \/>\n<meta property=\"og:type\" content=\"article\" \/>\n<meta property=\"og:title\" content=\"\u201dLO:s arbetstidsf\u00f6rkortning vore f\u00f6r\u00f6dande\u201d\" \/>\n<meta property=\"og:description\" content=\"Arbetstidsf\u00f6rkortning har varit en stridsfr\u00e5ga i \u00e5rets avtalsr\u00f6relse. Och visst \u2013 vem skulle inte vilja ha mer ledig tid? Men n\u00e4r facken kr\u00e4ver kortare arbetstid med bibeh\u00e5llen l\u00f6n gl\u00f6mmer de ofta en viktig aspekt: kostnaden. &hellip;\" \/>\n<meta property=\"og:url\" content=\"https:\/\/www.almega.se\/2025\/10\/los-arbetstidsforkortning-vore-forodande\/\" \/>\n<meta property=\"og:site_name\" content=\"Almega\" \/>\n<meta property=\"article:published_time\" content=\"2025-10-29T07:57:42+00:00\" \/>\n<meta property=\"article:modified_time\" content=\"2025-10-29T07:59:27+00:00\" \/>\n<meta property=\"og:image\" content=\"https:\/\/www.almega.se\/app\/uploads\/2025\/10\/ima247123.jpg\" \/>\n\t<meta property=\"og:image:width\" content=\"2499\" \/>\n\t<meta property=\"og:image:height\" content=\"1666\" \/>\n\t<meta property=\"og:image:type\" content=\"image\/jpeg\" \/>\n<meta name=\"author\" content=\"Karin Nyg\u00e5rd\" \/>\n<meta name=\"twitter:card\" content=\"summary_large_image\" \/>\n<meta name=\"twitter:label1\" content=\"Skriven av\" \/>\n\t<meta name=\"twitter:data1\" content=\"Karin Nyg\u00e5rd\" \/>\n\t<meta name=\"twitter:label2\" content=\"Ber\u00e4knad l\u00e4stid\" \/>\n\t<meta name=\"twitter:data2\" content=\"4 minuter\" \/>\n<!-- \/ Yoast SEO Premium plugin. -->","yoast_head_json":{"title":"\u201dLO:s arbetstidsf\u00f6rkortning vore f\u00f6r\u00f6dande\u201d | Almega","robots":{"index":"index","follow":"follow","max-snippet":"max-snippet:-1","max-image-preview":"max-image-preview:large","max-video-preview":"max-video-preview:-1"},"canonical":"https:\/\/www.almega.se\/2025\/10\/los-arbetstidsforkortning-vore-forodande\/","og_locale":"sv_SE","og_type":"article","og_title":"\u201dLO:s arbetstidsf\u00f6rkortning vore f\u00f6r\u00f6dande\u201d","og_description":"Arbetstidsf\u00f6rkortning har varit en stridsfr\u00e5ga i \u00e5rets avtalsr\u00f6relse. Och visst \u2013 vem skulle inte vilja ha mer ledig tid? Men n\u00e4r facken kr\u00e4ver kortare arbetstid med bibeh\u00e5llen l\u00f6n gl\u00f6mmer de ofta en viktig aspekt: kostnaden. &hellip;","og_url":"https:\/\/www.almega.se\/2025\/10\/los-arbetstidsforkortning-vore-forodande\/","og_site_name":"Almega","article_published_time":"2025-10-29T07:57:42+00:00","article_modified_time":"2025-10-29T07:59:27+00:00","og_image":[{"width":2499,"height":1666,"url":"https:\/\/www.almega.se\/app\/uploads\/2025\/10\/ima247123.jpg","type":"image\/jpeg"}],"author":"Karin Nyg\u00e5rd","twitter_card":"summary_large_image","twitter_misc":{"Skriven av":"Karin Nyg\u00e5rd","Ber\u00e4knad l\u00e4stid":"4 minuter"},"schema":{"@context":"https:\/\/schema.org","@graph":[{"@type":"NewsArticle","@id":"https:\/\/www.almega.se\/2025\/10\/los-arbetstidsforkortning-vore-forodande\/#article","isPartOf":{"@id":"https:\/\/www.almega.se\/2025\/10\/los-arbetstidsforkortning-vore-forodande\/"},"author":{"name":"Karin Nyg\u00e5rd","@id":"https:\/\/www.almega.se\/#\/schema\/person\/eae58f3a71d6b7aa9f71f3139a740a02"},"headline":"\u201dLO:s arbetstidsf\u00f6rkortning vore f\u00f6r\u00f6dande\u201d","datePublished":"2025-10-29T07:57:42+00:00","dateModified":"2025-10-29T07:59:27+00:00","mainEntityOfPage":{"@id":"https:\/\/www.almega.se\/2025\/10\/los-arbetstidsforkortning-vore-forodande\/"},"wordCount":660,"image":{"@id":"https:\/\/www.almega.se\/2025\/10\/los-arbetstidsforkortning-vore-forodande\/#primaryimage"},"thumbnailUrl":"https:\/\/www.almega.se\/app\/uploads\/2025\/10\/ima247123.jpg","keywords":["arbetstidsf\u00f6rkortning"],"articleSection":["Almega","Arbetstid"],"inLanguage":"sv-SE"},{"@type":"WebPage","@id":"https:\/\/www.almega.se\/2025\/10\/los-arbetstidsforkortning-vore-forodande\/","url":"https:\/\/www.almega.se\/2025\/10\/los-arbetstidsforkortning-vore-forodande\/","name":"\u201dLO:s arbetstidsf\u00f6rkortning vore f\u00f6r\u00f6dande\u201d | Almega","isPartOf":{"@id":"https:\/\/www.almega.se\/#website"},"primaryImageOfPage":{"@id":"https:\/\/www.almega.se\/2025\/10\/los-arbetstidsforkortning-vore-forodande\/#primaryimage"},"image":{"@id":"https:\/\/www.almega.se\/2025\/10\/los-arbetstidsforkortning-vore-forodande\/#primaryimage"},"thumbnailUrl":"https:\/\/www.almega.se\/app\/uploads\/2025\/10\/ima247123.jpg","datePublished":"2025-10-29T07:57:42+00:00","dateModified":"2025-10-29T07:59:27+00:00","author":{"@id":"https:\/\/www.almega.se\/#\/schema\/person\/eae58f3a71d6b7aa9f71f3139a740a02"},"breadcrumb":{"@id":"https:\/\/www.almega.se\/2025\/10\/los-arbetstidsforkortning-vore-forodande\/#breadcrumb"},"inLanguage":"sv-SE","potentialAction":[{"@type":"ReadAction","target":["https:\/\/www.almega.se\/2025\/10\/los-arbetstidsforkortning-vore-forodande\/"]}]},{"@type":"ImageObject","inLanguage":"sv-SE","@id":"https:\/\/www.almega.se\/2025\/10\/los-arbetstidsforkortning-vore-forodande\/#primaryimage","url":"https:\/\/www.almega.se\/app\/uploads\/2025\/10\/ima247123.jpg","contentUrl":"https:\/\/www.almega.se\/app\/uploads\/2025\/10\/ima247123.jpg","width":2499,"height":1666,"caption":"Kurs"},{"@type":"BreadcrumbList","@id":"https:\/\/www.almega.se\/2025\/10\/los-arbetstidsforkortning-vore-forodande\/#breadcrumb","itemListElement":[{"@type":"ListItem","position":1,"name":"Home","item":"https:\/\/www.almega.se\/"},{"@type":"ListItem","position":2,"name":"\u201dLO:s arbetstidsf\u00f6rkortning vore f\u00f6r\u00f6dande\u201d"}]},{"@type":"WebSite","@id":"https:\/\/www.almega.se\/#website","url":"https:\/\/www.almega.se\/","name":"Almega","description":"","potentialAction":[{"@type":"SearchAction","target":{"@type":"EntryPoint","urlTemplate":"https:\/\/www.almega.se\/?s={search_term_string}"},"query-input":{"@type":"PropertyValueSpecification","valueRequired":true,"valueName":"search_term_string"}}],"inLanguage":"sv-SE"},{"@type":"Person","@id":"https:\/\/www.almega.se\/#\/schema\/person\/eae58f3a71d6b7aa9f71f3139a740a02","name":"Karin Nyg\u00e5rd","image":{"@type":"ImageObject","inLanguage":"sv-SE","@id":"https:\/\/www.almega.se\/#\/schema\/person\/image\/","url":"https:\/\/secure.gravatar.com\/avatar\/09e5ec3d12974ae686ad90a0a4bf5404c8a4cfdca18f97124f166ab274023818?s=96&d=mm&r=g","contentUrl":"https:\/\/secure.gravatar.com\/avatar\/09e5ec3d12974ae686ad90a0a4bf5404c8a4cfdca18f97124f166ab274023818?s=96&d=mm&r=g","caption":"Karin Nyg\u00e5rd"},"description":"Produkt\u00e4gare Almega.se, samordnar webbutveckling och utveckling av Arbetsgivarguiden.se","url":"https:\/\/www.almega.se\/person\/karinnygard\/"}]}},"_links":{"self":[{"href":"https:\/\/www.almega.se\/api\/wp\/v2\/posts\/83453","targetHints":{"allow":["GET"]}}],"collection":[{"href":"https:\/\/www.almega.se\/api\/wp\/v2\/posts"}],"about":[{"href":"https:\/\/www.almega.se\/api\/wp\/v2\/types\/post"}],"author":[{"embeddable":true,"href":"https:\/\/www.almega.se\/api\/wp\/v2\/users\/14531"}],"replies":[{"embeddable":true,"href":"https:\/\/www.almega.se\/api\/wp\/v2\/comments?post=83453"}],"version-history":[{"count":4,"href":"https:\/\/www.almega.se\/api\/wp\/v2\/posts\/83453\/revisions"}],"predecessor-version":[{"id":83459,"href":"https:\/\/www.almega.se\/api\/wp\/v2\/posts\/83453\/revisions\/83459"}],"wp:featuredmedia":[{"embeddable":true,"href":"https:\/\/www.almega.se\/api\/wp\/v2\/media\/83395"}],"wp:attachment":[{"href":"https:\/\/www.almega.se\/api\/wp\/v2\/media?parent=83453"}],"wp:term":[{"taxonomy":"category","embeddable":true,"href":"https:\/\/www.almega.se\/api\/wp\/v2\/categories?post=83453"},{"taxonomy":"post_tag","embeddable":true,"href":"https:\/\/www.almega.se\/api\/wp\/v2\/tags?post=83453"},{"taxonomy":"type","embeddable":true,"href":"https:\/\/www.almega.se\/api\/wp\/v2\/article_type?post=83453"},{"taxonomy":"agreement","embeddable":true,"href":"https:\/\/www.almega.se\/api\/wp\/v2\/agreement?post=83453"}],"curies":[{"name":"wp","href":"https:\/\/api.w.org\/{rel}","templated":true}]}}