{"id":83321,"date":"2025-10-22T15:16:47","date_gmt":"2025-10-22T13:16:47","guid":{"rendered":"https:\/\/www.almega.se\/?p=83321"},"modified":"2025-10-22T15:16:48","modified_gmt":"2025-10-22T13:16:48","slug":"kommunals-varsel-hotar-personlig-assistans-2","status":"publish","type":"post","link":"https:\/\/www.almega.se\/2025\/10\/kommunals-varsel-hotar-personlig-assistans-2\/","title":{"rendered":"Kommunals varsel hotar personlig assistans"},"content":{"rendered":"<p class=\"intro\">Fackf\u00f6rbundet Kommunals varsel om konflikt inom personlig assistans drabbar inte bara utsatta personer. \u201dKommunals krav riskerar en hel bransch\u201d, s\u00e4ger V\u00e5rdf\u00f6retagarnas Per \u00d6stlund.<\/p>\n\n<p>Fackf\u00f6rbundet Kommunals varsel om konflikt inom personlig assistans drabbar inte bara utsatta personer. \u201dKommunals krav riskerar en hel bransch\u201d, s\u00e4ger V\u00e5rdf\u00f6retagarnas Per \u00d6stlund.<\/p>\n\n\n\n<p>V\u00e5rdf\u00f6retagarna och fackf\u00f6rbundet Kommunal har under en l\u00e4ngre tid f\u00f6rhandlat om ett nytt kollektivavtal f\u00f6r avtalsomr\u00e5de Personlig assistans. Men i st\u00e4llet f\u00f6r att, som brukligt \u00e4r, f\u00f6rs\u00f6ka hitta en kompromiss valde Kommunal i dag att varsla om konflikt. Ytterst riskerar varslet att drabba redan utsatta personer med stort hj\u00e4lpbehov.<\/p>\n\n\n\n<p>\u2013 Kommunals krav \u00e4r helt om\u00f6jliga och inneb\u00e4r att de ekonomiska f\u00f6ruts\u00e4ttningarna f\u00f6r att driva seri\u00f6s personlig assistans f\u00f6rsvinner, s\u00e4ger V\u00e5rdf\u00f6retagarnas f\u00f6rhandlingschef Per \u00d6stlund.<\/p>\n\n\n\n<p>V\u00e5rdf\u00f6retagarna har erbjudit Kommunal ett avtal som ligger v\u00e4l i linje med andra avtal som tecknats i den h\u00e4r avtalsr\u00f6relsen. Ett av Kommunals krav g\u00e4ller mertiden vid frivilliga extrapass. Denna uppst\u00e5r n\u00e4r brukarna vill g\u00f6ra n\u00e5got utanf\u00f6r assistentens schemalagda arbetstid. Kommunal kr\u00e4ver att tiden ska ers\u00e4ttas som \u00f6vertid enligt en modell som skulle f\u00f6rdyra assistansen kraftigt.<\/p>\n\n\n\n<p>Eftersom de statliga ers\u00e4ttningarna till personlig assistans endast r\u00e4knas upp med 1,5 procent f\u00f6r 2026 g\u00e5r det inte att finansiera en s\u00e5dan l\u00f6sning. Resultatet blir att hela assistansreformen \u00e4ventyras.<\/p>\n\n\n\n<p>\u2013 Detta klarar inte branschen. En grundf\u00f6ruts\u00e4ttning f\u00f6r att kunna erbjuda personlig assistans \u00e4r att den statliga schabloners\u00e4ttningen h\u00f6js, men i st\u00e4llet kommer Kommunal med ytterligare krav. Detta \u00e4r ett ekonomiskt dr\u00e5pslag f\u00f6r alla seri\u00f6sa f\u00f6retag i branschen, men i slut\u00e4nden \u00e4r det fr\u00e4mst personer med stora hj\u00e4lpbehov som blir lidande, s\u00e4ger Per \u00d6stlund.<\/p>\n","protected":false},"excerpt":{"rendered":"<p>Fackf\u00f6rbundet Kommunals varsel om konflikt inom personlig assistans drabbar inte bara utsatta personer. \u201dKommunals krav riskerar en hel bransch\u201d, s\u00e4ger V\u00e5rdf\u00f6retagarnas Per \u00d6stlund. V\u00e5rdf\u00f6retagarna och fackf\u00f6rbundet Kommunal har under en l\u00e4ngre tid f\u00f6rhandlat om ett &hellip;<\/p>\n","protected":false},"author":3380,"featured_media":83327,"comment_status":"closed","ping_status":"closed","sticky":false,"template":"","format":"standard","meta":{"_acf_changed":false,"footnotes":""},"categories":[451,636],"tags":[780],"article_type":[],"agreement":[],"class_list":["post-83321","post","type-post","status-publish","format-standard","has-post-thumbnail","hentry","category-arbetsgivarfragor","category-avtalsrorelse","tag-avtalsrorelsen-2025"],"acf":[],"yoast_head":"<!-- This site is optimized with the Yoast SEO Premium plugin v26.8 (Yoast SEO v26.8) - https:\/\/yoast.com\/product\/yoast-seo-premium-wordpress\/ -->\n<title>Kommunals varsel hotar personlig assistans | Almega<\/title>\n<meta name=\"robots\" content=\"index, follow, max-snippet:-1, max-image-preview:large, max-video-preview:-1\" \/>\n<link rel=\"canonical\" href=\"https:\/\/www.almega.se\/2025\/10\/kommunals-varsel-hotar-personlig-assistans-2\/\" \/>\n<meta property=\"og:locale\" content=\"sv_SE\" \/>\n<meta property=\"og:type\" content=\"article\" \/>\n<meta property=\"og:title\" content=\"Kommunals varsel hotar personlig assistans\" \/>\n<meta property=\"og:description\" content=\"Fackf\u00f6rbundet Kommunals varsel om konflikt inom personlig assistans drabbar inte bara utsatta personer. \u201dKommunals krav riskerar en hel bransch\u201d, s\u00e4ger V\u00e5rdf\u00f6retagarnas Per \u00d6stlund. V\u00e5rdf\u00f6retagarna och fackf\u00f6rbundet Kommunal har under en l\u00e4ngre tid f\u00f6rhandlat om ett &hellip;\" \/>\n<meta property=\"og:url\" content=\"https:\/\/www.almega.se\/2025\/10\/kommunals-varsel-hotar-personlig-assistans-2\/\" \/>\n<meta property=\"og:site_name\" content=\"Almega\" \/>\n<meta property=\"article:published_time\" content=\"2025-10-22T13:16:47+00:00\" \/>\n<meta property=\"article:modified_time\" content=\"2025-10-22T13:16:48+00:00\" \/>\n<meta property=\"og:image\" content=\"https:\/\/www.almega.se\/app\/uploads\/2025\/10\/666f3175-d2ee-42d3-804e-2245c1542400-w_960.jpg\" \/>\n\t<meta property=\"og:image:width\" content=\"576\" \/>\n\t<meta property=\"og:image:height\" content=\"375\" \/>\n\t<meta property=\"og:image:type\" content=\"image\/jpeg\" \/>\n<meta name=\"author\" content=\"Marianne Ahlgren\" \/>\n<meta name=\"twitter:card\" content=\"summary_large_image\" \/>\n<meta name=\"twitter:label1\" content=\"Skriven av\" \/>\n\t<meta name=\"twitter:data1\" content=\"Marianne Ahlgren\" \/>\n\t<meta name=\"twitter:label2\" content=\"Ber\u00e4knad l\u00e4stid\" \/>\n\t<meta name=\"twitter:data2\" content=\"2 minuter\" \/>\n<!-- \/ Yoast SEO Premium plugin. -->","yoast_head_json":{"title":"Kommunals varsel hotar personlig assistans | Almega","robots":{"index":"index","follow":"follow","max-snippet":"max-snippet:-1","max-image-preview":"max-image-preview:large","max-video-preview":"max-video-preview:-1"},"canonical":"https:\/\/www.almega.se\/2025\/10\/kommunals-varsel-hotar-personlig-assistans-2\/","og_locale":"sv_SE","og_type":"article","og_title":"Kommunals varsel hotar personlig assistans","og_description":"Fackf\u00f6rbundet Kommunals varsel om konflikt inom personlig assistans drabbar inte bara utsatta personer. \u201dKommunals krav riskerar en hel bransch\u201d, s\u00e4ger V\u00e5rdf\u00f6retagarnas Per \u00d6stlund. V\u00e5rdf\u00f6retagarna och fackf\u00f6rbundet Kommunal har under en l\u00e4ngre tid f\u00f6rhandlat om ett &hellip;","og_url":"https:\/\/www.almega.se\/2025\/10\/kommunals-varsel-hotar-personlig-assistans-2\/","og_site_name":"Almega","article_published_time":"2025-10-22T13:16:47+00:00","article_modified_time":"2025-10-22T13:16:48+00:00","og_image":[{"width":576,"height":375,"url":"https:\/\/www.almega.se\/app\/uploads\/2025\/10\/666f3175-d2ee-42d3-804e-2245c1542400-w_960.jpg","type":"image\/jpeg"}],"author":"Marianne Ahlgren","twitter_card":"summary_large_image","twitter_misc":{"Skriven av":"Marianne Ahlgren","Ber\u00e4knad l\u00e4stid":"2 minuter"},"schema":{"@context":"https:\/\/schema.org","@graph":[{"@type":"NewsArticle","@id":"https:\/\/www.almega.se\/2025\/10\/kommunals-varsel-hotar-personlig-assistans-2\/#article","isPartOf":{"@id":"https:\/\/www.almega.se\/2025\/10\/kommunals-varsel-hotar-personlig-assistans-2\/"},"author":{"name":"Marianne Ahlgren","@id":"https:\/\/www.almega.se\/#\/schema\/person\/860599f2ded56005a909a04b92cf7035"},"headline":"Kommunals varsel hotar personlig assistans","datePublished":"2025-10-22T13:16:47+00:00","dateModified":"2025-10-22T13:16:48+00:00","mainEntityOfPage":{"@id":"https:\/\/www.almega.se\/2025\/10\/kommunals-varsel-hotar-personlig-assistans-2\/"},"wordCount":297,"image":{"@id":"https:\/\/www.almega.se\/2025\/10\/kommunals-varsel-hotar-personlig-assistans-2\/#primaryimage"},"thumbnailUrl":"https:\/\/www.almega.se\/app\/uploads\/2025\/10\/666f3175-d2ee-42d3-804e-2245c1542400-w_960.jpg","keywords":["avtalsr\u00f6relsen 2025"],"articleSection":["Arbetsgivarfr\u00e5gor","Avtalsr\u00f6relse"],"inLanguage":"sv-SE"},{"@type":"WebPage","@id":"https:\/\/www.almega.se\/2025\/10\/kommunals-varsel-hotar-personlig-assistans-2\/","url":"https:\/\/www.almega.se\/2025\/10\/kommunals-varsel-hotar-personlig-assistans-2\/","name":"Kommunals varsel hotar personlig assistans | Almega","isPartOf":{"@id":"https:\/\/www.almega.se\/#website"},"primaryImageOfPage":{"@id":"https:\/\/www.almega.se\/2025\/10\/kommunals-varsel-hotar-personlig-assistans-2\/#primaryimage"},"image":{"@id":"https:\/\/www.almega.se\/2025\/10\/kommunals-varsel-hotar-personlig-assistans-2\/#primaryimage"},"thumbnailUrl":"https:\/\/www.almega.se\/app\/uploads\/2025\/10\/666f3175-d2ee-42d3-804e-2245c1542400-w_960.jpg","datePublished":"2025-10-22T13:16:47+00:00","dateModified":"2025-10-22T13:16:48+00:00","author":{"@id":"https:\/\/www.almega.se\/#\/schema\/person\/860599f2ded56005a909a04b92cf7035"},"breadcrumb":{"@id":"https:\/\/www.almega.se\/2025\/10\/kommunals-varsel-hotar-personlig-assistans-2\/#breadcrumb"},"inLanguage":"sv-SE","potentialAction":[{"@type":"ReadAction","target":["https:\/\/www.almega.se\/2025\/10\/kommunals-varsel-hotar-personlig-assistans-2\/"]}]},{"@type":"ImageObject","inLanguage":"sv-SE","@id":"https:\/\/www.almega.se\/2025\/10\/kommunals-varsel-hotar-personlig-assistans-2\/#primaryimage","url":"https:\/\/www.almega.se\/app\/uploads\/2025\/10\/666f3175-d2ee-42d3-804e-2245c1542400-w_960.jpg","contentUrl":"https:\/\/www.almega.se\/app\/uploads\/2025\/10\/666f3175-d2ee-42d3-804e-2245c1542400-w_960.jpg","width":576,"height":375},{"@type":"BreadcrumbList","@id":"https:\/\/www.almega.se\/2025\/10\/kommunals-varsel-hotar-personlig-assistans-2\/#breadcrumb","itemListElement":[{"@type":"ListItem","position":1,"name":"Home","item":"https:\/\/www.almega.se\/"},{"@type":"ListItem","position":2,"name":"Kommunals varsel hotar personlig assistans"}]},{"@type":"WebSite","@id":"https:\/\/www.almega.se\/#website","url":"https:\/\/www.almega.se\/","name":"Almega","description":"","potentialAction":[{"@type":"SearchAction","target":{"@type":"EntryPoint","urlTemplate":"https:\/\/www.almega.se\/?s={search_term_string}"},"query-input":{"@type":"PropertyValueSpecification","valueRequired":true,"valueName":"search_term_string"}}],"inLanguage":"sv-SE"},{"@type":"Person","@id":"https:\/\/www.almega.se\/#\/schema\/person\/860599f2ded56005a909a04b92cf7035","name":"Marianne Ahlgren","image":{"@type":"ImageObject","inLanguage":"sv-SE","@id":"https:\/\/www.almega.se\/#\/schema\/person\/image\/","url":"https:\/\/secure.gravatar.com\/avatar\/4c350e8b0dd656a6bbe04785780665ac53c7b373c038b1140ce3ae5e8cb21bef?s=96&d=mm&r=g","contentUrl":"https:\/\/secure.gravatar.com\/avatar\/4c350e8b0dd656a6bbe04785780665ac53c7b373c038b1140ce3ae5e8cb21bef?s=96&d=mm&r=g","caption":"Marianne Ahlgren"},"url":"https:\/\/www.almega.se\/person\/marianneahlgren\/"}]}},"_links":{"self":[{"href":"https:\/\/www.almega.se\/api\/wp\/v2\/posts\/83321","targetHints":{"allow":["GET"]}}],"collection":[{"href":"https:\/\/www.almega.se\/api\/wp\/v2\/posts"}],"about":[{"href":"https:\/\/www.almega.se\/api\/wp\/v2\/types\/post"}],"author":[{"embeddable":true,"href":"https:\/\/www.almega.se\/api\/wp\/v2\/users\/3380"}],"replies":[{"embeddable":true,"href":"https:\/\/www.almega.se\/api\/wp\/v2\/comments?post=83321"}],"version-history":[{"count":1,"href":"https:\/\/www.almega.se\/api\/wp\/v2\/posts\/83321\/revisions"}],"predecessor-version":[{"id":83326,"href":"https:\/\/www.almega.se\/api\/wp\/v2\/posts\/83321\/revisions\/83326"}],"wp:featuredmedia":[{"embeddable":true,"href":"https:\/\/www.almega.se\/api\/wp\/v2\/media\/83327"}],"wp:attachment":[{"href":"https:\/\/www.almega.se\/api\/wp\/v2\/media?parent=83321"}],"wp:term":[{"taxonomy":"category","embeddable":true,"href":"https:\/\/www.almega.se\/api\/wp\/v2\/categories?post=83321"},{"taxonomy":"post_tag","embeddable":true,"href":"https:\/\/www.almega.se\/api\/wp\/v2\/tags?post=83321"},{"taxonomy":"type","embeddable":true,"href":"https:\/\/www.almega.se\/api\/wp\/v2\/article_type?post=83321"},{"taxonomy":"agreement","embeddable":true,"href":"https:\/\/www.almega.se\/api\/wp\/v2\/agreement?post=83321"}],"curies":[{"name":"wp","href":"https:\/\/api.w.org\/{rel}","templated":true}]}}