{"id":83281,"date":"2025-10-20T10:00:18","date_gmt":"2025-10-20T08:00:18","guid":{"rendered":"https:\/\/www.almega.se\/?p=83281"},"modified":"2025-10-20T10:00:19","modified_gmt":"2025-10-20T08:00:19","slug":"debatt-sverige-samst-i-eu-pa-avreglering","status":"publish","type":"post","link":"https:\/\/www.almega.se\/2025\/10\/debatt-sverige-samst-i-eu-pa-avreglering\/","title":{"rendered":"Debatt: Sverige s\u00e4mst i EU p\u00e5 avreglering"},"content":{"rendered":"<p class=\"intro\">En huvudorsak till Europas svaga produktivitet \u00e4r den tvivelaktiga f\u00f6rm\u00e5gan att stapla nya regelverk ovanp\u00e5 en redan v\u00e4lfylld korg. Den svenska regeringen m\u00e5ste dels bli b\u00e4ttre p\u00e5 att leva som den l\u00e4r och dels i h\u00f6gre grad ligga p\u00e5 i EU f\u00f6r ett st\u00f6rre strategiskt grepp kring regelf\u00f6renkling. Det skriver M\u00e5rten Blix, fil. doktor i nationalekonomi och ordf\u00f6rande f\u00f6r Almega FutureTech, i en debattartikel i Dagens industri.<\/p>\n<a class='Share__link Share__link--url copy-text' href='#' rel='nofollow' data-text='de-nya-jobben-finns-i-tjanstesektorn' title='Dela url' data-confirmation='L\u00e4nken kopierades till urklipp'><svg class='icon icon--link'  width='18' height='18' viewBox='0 0 18 18' fill='none' xmlns='http:\/\/www.w3.org\/2000\/svg'>\n            <path d='M10.4142 0.514721L6.87868 4.05025L8.29289 5.46447L11.1213 2.63604L15.364 6.87868L12.5355 9.70711L13.9497 11.1213L17.4853 7.58579C17.8763 7.19476 17.8763 6.5626 17.4853 6.17158L11.8284 0.514721C11.4374 0.123691 10.8052 0.123691 10.4142 0.514721Z' fill='black'\/>\n            <path d='M9.7071 12.5355L6.87868 15.364L2.63604 11.1213L5.46446 8.2929L4.05025 6.87868L0.514716 10.4142C0.123686 10.8052 0.123686 11.4374 0.514716 11.8284L6.17157 17.4853C6.5626 17.8763 7.19475 17.8763 7.58578 17.4853L11.1213 13.9497L9.7071 12.5355Z' fill='black'\/>\n            <path d='M6.17157 11.8284C6.5626 12.2195 7.19475 12.2195 7.58578 11.8284L11.8284 7.58579C12.2195 7.19476 12.2195 6.56261 11.8284 6.17158C11.4374 5.78055 10.8052 5.78055 10.4142 6.17158L6.17157 10.4142C5.78054 10.8052 5.78054 11.4374 6.17157 11.8284Z' fill='black'\/>\n            <\/svg> <\/a>\n<h2 class=\"wp-block-heading\" id=\"h-de-nya-jobben-finns-i-tjanstesektorn\">De nya jobben finns i tj\u00e4nstesektorn<\/h2>\n\n\n\n<p>EU:s h\u00f6gsta ledare \u00e4r eniga: konkurrenskraften m\u00e5ste st\u00e4rkas. \u00c4nd\u00e5 h\u00e4nder n\u00e4stan ingenting. Om produktivitet vore ett resultat av l\u00e5nga utl\u00e4ggningar och stora ord, hade Europa f\u00f6r l\u00e4nge sedan varit en ekonomisk supermakt. Den krassa verkligheten \u00e4r att tillv\u00e4xten \u00e5r efter \u00e5r halkar efter USA och delar av Asien. F\u00f6r svensk del urholkas v\u00e4lst\u00e5ndet och de barn som f\u00f6ds idag kommer, allt annat lika, inte f\u00e5 uppleva en motsvarande f\u00f6rb\u00e4ttringsresa som tidigare generationer.<\/p>\n\n\n\n<p>En huvudorsak till Europas svaga produktivitet \u00e4r den tvivelaktiga f\u00f6rm\u00e5gan att stapla nya regelverk ovanp\u00e5 en redan v\u00e4lfylld korg. Inte minst p\u00e5 det digitala omr\u00e5det kr\u00e4vs ett lexikon \u00f6ver alla direktiv och bokstavskombinationer som f\u00f6retag och individer har att f\u00f6rh\u00e5lla sig till \u2013 s\u00e5som GDPR, DSA, DGA, DSM och AI-f\u00f6rordningen. Trots den v\u00e4xande insikten om problembilden har dessv\u00e4rre motsvarande f\u00f6renklingsarbete f\u00f6rsummats. En ny rapport fr\u00e5n Almega visar att det under de senaste tv\u00e5 \u00e5ren inte har skett n\u00e5gra v\u00e4sentliga f\u00f6rb\u00e4ttringar.<br><br>Samtidigt som Europas \u2013 och Sveriges \u2013 problem f\u00f6rst\u00e4rks av ogynnsamma vindar i form av s\u00e4kerhetshot och \u00e5ldrande befolkningar, kommer artificiell intelligens (AI) att ha en omfattande p\u00e5verkan p\u00e5 arbetsmarknaden. Vissa jobb kommer fasas ut, andra kommer att beh\u00f6va anpassas. Medan de senaste decenniernas automatisering i industrin fr\u00e4mst p\u00e5verkade l\u00e5gutbildade m\u00e4n, bed\u00f6ms AI f\u00e5 st\u00f6rst inverkan p\u00e5 personer med h\u00f6g utbildning och kvinnor i st\u00f6rre utstr\u00e4ckning \u00e4n m\u00e4n. F\u00f6r att mildra sp\u00e4nningarna p\u00e5 arbetsmarknaden st\u00e5r hoppet till tj\u00e4nstesektorn. Det \u00e4r d\u00e4r som de nya jobben m\u00e5ste, och kan, skapas.<\/p>\n\n\n<a class='Share__link Share__link--url copy-text' href='#' rel='nofollow' data-text='att-utvecklingen-gar-at-fel-hall-ar-ett-kraftigt-underbetyg' title='Dela url' data-confirmation='L\u00e4nken kopierades till urklipp'><svg class='icon icon--link'  width='18' height='18' viewBox='0 0 18 18' fill='none' xmlns='http:\/\/www.w3.org\/2000\/svg'>\n            <path d='M10.4142 0.514721L6.87868 4.05025L8.29289 5.46447L11.1213 2.63604L15.364 6.87868L12.5355 9.70711L13.9497 11.1213L17.4853 7.58579C17.8763 7.19476 17.8763 6.5626 17.4853 6.17158L11.8284 0.514721C11.4374 0.123691 10.8052 0.123691 10.4142 0.514721Z' fill='black'\/>\n            <path d='M9.7071 12.5355L6.87868 15.364L2.63604 11.1213L5.46446 8.2929L4.05025 6.87868L0.514716 10.4142C0.123686 10.8052 0.123686 11.4374 0.514716 11.8284L6.17157 17.4853C6.5626 17.8763 7.19475 17.8763 7.58578 17.4853L11.1213 13.9497L9.7071 12.5355Z' fill='black'\/>\n            <path d='M6.17157 11.8284C6.5626 12.2195 7.19475 12.2195 7.58578 11.8284L11.8284 7.58579C12.2195 7.19476 12.2195 6.56261 11.8284 6.17158C11.4374 5.78055 10.8052 5.78055 10.4142 6.17158L6.17157 10.4142C5.78054 10.8052 5.78054 11.4374 6.17157 11.8284Z' fill='black'\/>\n            <\/svg> <\/a>\n<h2 class=\"wp-block-heading\" id=\"h-att-utvecklingen-gar-at-fel-hall-ar-ett-kraftigt-underbetyg\">Att utvecklingen g\u00e5r \u00e5t fel h\u00e5ll \u00e4r ett kraftigt underbetyg<\/h2>\n\n\n\n<p>Almegas rapport belyser \u00e4ven alla de hinder som m\u00f6ter tj\u00e4nstef\u00f6retag som vill exportera tj\u00e4nster inom EU, d\u00e4ribland s\u00e5 kallade reglerade yrken. F\u00f6r att f\u00e5 jobba inom ett s\u00e5dant yrke kr\u00e4vs att dina kvalifikationer \u00e4r erk\u00e4nda i just det land d\u00e4r du vill arbeta. I teorin kanske detta l\u00e5ter enkelt, men i praktiken skapar det b\u00e5de barri\u00e4rer och stora kostnader. Idag uppg\u00e5r antalet reglerade yrken till 5 700 stycken \u2013 i stort sett lika m\u00e5nga som f\u00f6r tv\u00e5 \u00e5r sedan.<br><br>Givetvis finns det reglerade yrken som b\u00f6r finnas kvar. Framf\u00f6r allt inom sjukv\u00e5rden och inte minst f\u00f6r att uppr\u00e4tth\u00e5lla allm\u00e4nhetens f\u00f6rtroende. Men Almegas studie visar att merparten av de reglerade yrkena inte \u00e4r medicinska utan snarare resultat av skr\u00e5t\u00e4nk och of\u00f6rblommerad protektionism. Skulle det finnas ett samh\u00e4llsintresse i att reglera ett visst yrke, borde rimligen flera l\u00e4nder g\u00f6ra just detta. Dessv\u00e4rre \u00e4r det omkring 140 yrken i EU som \u00e4r reglerade i ett enda land. Ur ett kuri\u00f6st perspektiv kan listan \u00f6ver dessa yrken vara underh\u00e5llande att l\u00e4sa, men f\u00f6r jobb och tillv\u00e4xt \u00e4r den mest problematisk. Eller vad s\u00e4gs om vinprovare i Slovenien, tr\u00e4dg\u00e5rdsexpert p\u00e5 Cypern eller dansskole\u00e4gare i \u00d6sterrike? Som enda land i EU att reglera parfymtestare och forsr\u00e4nnarinstrukt\u00f6rer \u00e4r inte heller Sverige helt utan klander.<br><br>Med tanke p\u00e5 att Sverige \u00e4r ett land som g\u00e4rna predikar regelf\u00f6renkling f\u00f6r andra, \u00e4r det s\u00e4rskilt bekl\u00e4mmande att vi i ett visst avseende \u00e4r s\u00e4mst i hela EU. Sverige har idag 14 procent fler reglerade yrken j\u00e4mf\u00f6rt med f\u00f6r tv\u00e5 \u00e5r sedan. Detta \u00e4r den st\u00f6rsta \u00f6kningen i EU och kan j\u00e4mf\u00f6ras med exempelvis Luxemburg, som har lyckats minska sin lista med n\u00e4stan lika m\u00e5nga procent. Sverige har f\u00f6rvisso alltj\u00e4mt f\u00f6rh\u00e5llandevis f\u00e5 reglerade yrken, men att utvecklingen g\u00e5r \u00e5t fel h\u00e5ll \u00e4r ett kraftigt underbetyg.<\/p>\n\n\n<a class='Share__link Share__link--url copy-text' href='#' rel='nofollow' data-text='europas-situation-ar-allvarlig' title='Dela url' data-confirmation='L\u00e4nken kopierades till urklipp'><svg class='icon icon--link'  width='18' height='18' viewBox='0 0 18 18' fill='none' xmlns='http:\/\/www.w3.org\/2000\/svg'>\n            <path d='M10.4142 0.514721L6.87868 4.05025L8.29289 5.46447L11.1213 2.63604L15.364 6.87868L12.5355 9.70711L13.9497 11.1213L17.4853 7.58579C17.8763 7.19476 17.8763 6.5626 17.4853 6.17158L11.8284 0.514721C11.4374 0.123691 10.8052 0.123691 10.4142 0.514721Z' fill='black'\/>\n            <path d='M9.7071 12.5355L6.87868 15.364L2.63604 11.1213L5.46446 8.2929L4.05025 6.87868L0.514716 10.4142C0.123686 10.8052 0.123686 11.4374 0.514716 11.8284L6.17157 17.4853C6.5626 17.8763 7.19475 17.8763 7.58578 17.4853L11.1213 13.9497L9.7071 12.5355Z' fill='black'\/>\n            <path d='M6.17157 11.8284C6.5626 12.2195 7.19475 12.2195 7.58578 11.8284L11.8284 7.58579C12.2195 7.19476 12.2195 6.56261 11.8284 6.17158C11.4374 5.78055 10.8052 5.78055 10.4142 6.17158L6.17157 10.4142C5.78054 10.8052 5.78054 11.4374 6.17157 11.8284Z' fill='black'\/>\n            <\/svg> <\/a>\n<h2 class=\"wp-block-heading\" id=\"h-europas-situation-ar-allvarlig\">Europas situation \u00e4r allvarlig<\/h2>\n\n\n\n<p>Statistiken talar sitt tydliga spr\u00e5k n\u00e4r det g\u00e4ller handeln inom Europa. Varuhandeln har \u00f6kat stadigt sedan 1993 d\u00e5 den inre marknaden bildades. Dessutom har varuhandeln inom EU dragit ifr\u00e5n handeln med l\u00e4nder utanf\u00f6r unionen. S\u00e5 \u00e4r inte fallet avseende tj\u00e4nster. Inom tj\u00e4nstehandeln \u00e4r utvecklingen alltj\u00e4mt svag och den inre marknaden skiljer sig inte fr\u00e5n andra marknader.<br><br>Det r\u00e5der konsensus kring att Europas situation \u00e4r allvarlig, s\u00e5v\u00e4l s\u00e4kerhetspolitiskt som ekonomiskt. Men vad ska Europas ledare g\u00f6ra? Om strategin har varit att, genom avregleringar, klippa en snubbeltr\u00e5d i taget har det bevisligen inte fungerat. EU m\u00e5ste inf\u00f6ra principen om \u00f6msesidigt erk\u00e4nnande, som g\u00e4ller f\u00f6r varor, \u00e4ven f\u00f6r tj\u00e4nster: \u00c4r en tj\u00e4nst godk\u00e4nd i ett land b\u00f6r den vara godk\u00e4nd i hela EU. Det skulle sl\u00e4ppa alla yrken, utom de mediciniska, fria i EU. Kr\u00e5nglet skulle minska, tillv\u00e4xten \u00f6ka och svenska forsr\u00e4nnare kunna instruera \u00e4ven i europeiska floder. Bevisb\u00f6rdan skulle i praktiken flyttas \u2013 fr\u00e5n dagens ordning, d\u00e4r frihandelsv\u00e4nner tvingas f\u00f6rsvara varje avreglering, till en d\u00e4r regelivrare m\u00e5ste motivera sina undantag.<br><br>Den svenska regeringen m\u00e5ste dels bli b\u00e4ttre p\u00e5 att leva som den l\u00e4r, dels i h\u00f6gre grad ligga p\u00e5 i EU f\u00f6r ett st\u00f6rre strategiskt grepp kring regelf\u00f6renkling. Om en reform f\u00f6r att r\u00e4dda produktiviteten och jobben inte kan sj\u00f6s\u00e4ttas n\u00e4r Europas s\u00e4kerhet \u00e4r hotad och Trump spelar tombola med tullarna, n\u00e4r ska det i s\u00e5 fall kunna ske?<br><br><strong>M\u00e5rten Blix<\/strong>, fil. doktor i nationalekonomi, ordf\u00f6rande f\u00f6r Almega FutureTech och f\u00f6rfattare till studien \u201dUnshackling EU growth\u201d<\/p>\n\n\n\n      <a href=\"https:\/\/www.di.se\/debatt\/sverige-samst-i-eu-pa-avreglering\/\" target=\"_blank\" class=\"Button is-text Button--arrow-tip\">\n      \n        L\u00e4s artikeln i Di\n      \n      \n                \n                <svg class='icon icon--arrow-tip'  width=\"11\" height=\"16\" viewBox=\"0 0 11 16\" fill=\"none\" xmlns=\"http:\/\/www.w3.org\/2000\/svg\">\n<path d=\"M0.858398 15L9.2304 7.99664L0.967732 1.00001\" stroke=\"black\" stroke-width=\"2\" stroke-miterlimit=\"10\"\/>\n<\/svg>\n\n        \n    <\/a>\n  \n\n\n\n      <a href=\"https:\/\/www.almega.se\/2025\/10\/ny-rapport-unschackling-eu-growth\/\" target=\"_blank\" class=\"Button is-text Button--arrow-tip\">\n      \n        L\u00e4s rapporten Unschackling EU growth\n      \n      \n                \n                <svg class='icon icon--arrow-tip'  width=\"11\" height=\"16\" viewBox=\"0 0 11 16\" fill=\"none\" xmlns=\"http:\/\/www.w3.org\/2000\/svg\">\n<path d=\"M0.858398 15L9.2304 7.99664L0.967732 1.00001\" stroke=\"black\" stroke-width=\"2\" stroke-miterlimit=\"10\"\/>\n<\/svg>\n\n        \n    <\/a>\n  \n","protected":false},"excerpt":{"rendered":"<p>De nya jobben finns i tj\u00e4nstesektorn EU:s h\u00f6gsta ledare \u00e4r eniga: konkurrenskraften m\u00e5ste st\u00e4rkas. \u00c4nd\u00e5 h\u00e4nder n\u00e4stan ingenting. Om produktivitet vore ett resultat av l\u00e5nga utl\u00e4ggningar och stora ord, hade Europa f\u00f6r l\u00e4nge sedan varit &hellip;<\/p>\n","protected":false},"author":21574,"featured_media":83284,"comment_status":"closed","ping_status":"closed","sticky":false,"template":"","format":"standard","meta":{"_acf_changed":false,"footnotes":""},"categories":[79],"tags":[],"article_type":[55,49],"agreement":[],"class_list":["post-83281","post","type-post","status-publish","format-standard","has-post-thumbnail","hentry","category-eu-och-internationellt","type-artiklar","type-debattartiklar"],"acf":[],"yoast_head":"<!-- This site is optimized with the Yoast SEO Premium plugin v26.8 (Yoast SEO v26.8) - https:\/\/yoast.com\/product\/yoast-seo-premium-wordpress\/ -->\n<title>Debatt: Sverige s\u00e4mst i EU p\u00e5 avreglering | Almega<\/title>\n<meta name=\"robots\" content=\"index, follow, max-snippet:-1, max-image-preview:large, max-video-preview:-1\" \/>\n<link rel=\"canonical\" href=\"https:\/\/www.almega.se\/2025\/10\/debatt-sverige-samst-i-eu-pa-avreglering\/\" \/>\n<meta property=\"og:locale\" content=\"sv_SE\" \/>\n<meta property=\"og:type\" content=\"article\" \/>\n<meta property=\"og:title\" content=\"Debatt: Sverige s\u00e4mst i EU p\u00e5 avreglering\" \/>\n<meta property=\"og:description\" content=\"De nya jobben finns i tj\u00e4nstesektorn EU:s h\u00f6gsta ledare \u00e4r eniga: konkurrenskraften m\u00e5ste st\u00e4rkas. \u00c4nd\u00e5 h\u00e4nder n\u00e4stan ingenting. Om produktivitet vore ett resultat av l\u00e5nga utl\u00e4ggningar och stora ord, hade Europa f\u00f6r l\u00e4nge sedan varit &hellip;\" \/>\n<meta property=\"og:url\" content=\"https:\/\/www.almega.se\/2025\/10\/debatt-sverige-samst-i-eu-pa-avreglering\/\" \/>\n<meta property=\"og:site_name\" content=\"Almega\" \/>\n<meta property=\"article:published_time\" content=\"2025-10-20T08:00:18+00:00\" \/>\n<meta property=\"article:modified_time\" content=\"2025-10-20T08:00:19+00:00\" \/>\n<meta property=\"og:image\" content=\"https:\/\/www.almega.se\/app\/uploads\/2025\/10\/Marten_Blix__DSF0089-scaled.jpg\" \/>\n\t<meta property=\"og:image:width\" content=\"2560\" \/>\n\t<meta property=\"og:image:height\" content=\"1920\" \/>\n\t<meta property=\"og:image:type\" content=\"image\/jpeg\" \/>\n<meta name=\"author\" content=\"Sandra Mildenberger\" \/>\n<meta name=\"twitter:card\" content=\"summary_large_image\" \/>\n<meta name=\"twitter:label1\" content=\"Skriven av\" \/>\n\t<meta name=\"twitter:data1\" content=\"Sandra Mildenberger\" \/>\n\t<meta name=\"twitter:label2\" content=\"Ber\u00e4knad l\u00e4stid\" \/>\n\t<meta name=\"twitter:data2\" content=\"5 minuter\" \/>\n<!-- \/ Yoast SEO Premium plugin. -->","yoast_head_json":{"title":"Debatt: Sverige s\u00e4mst i EU p\u00e5 avreglering | Almega","robots":{"index":"index","follow":"follow","max-snippet":"max-snippet:-1","max-image-preview":"max-image-preview:large","max-video-preview":"max-video-preview:-1"},"canonical":"https:\/\/www.almega.se\/2025\/10\/debatt-sverige-samst-i-eu-pa-avreglering\/","og_locale":"sv_SE","og_type":"article","og_title":"Debatt: Sverige s\u00e4mst i EU p\u00e5 avreglering","og_description":"De nya jobben finns i tj\u00e4nstesektorn EU:s h\u00f6gsta ledare \u00e4r eniga: konkurrenskraften m\u00e5ste st\u00e4rkas. \u00c4nd\u00e5 h\u00e4nder n\u00e4stan ingenting. Om produktivitet vore ett resultat av l\u00e5nga utl\u00e4ggningar och stora ord, hade Europa f\u00f6r l\u00e4nge sedan varit &hellip;","og_url":"https:\/\/www.almega.se\/2025\/10\/debatt-sverige-samst-i-eu-pa-avreglering\/","og_site_name":"Almega","article_published_time":"2025-10-20T08:00:18+00:00","article_modified_time":"2025-10-20T08:00:19+00:00","og_image":[{"width":2560,"height":1920,"url":"https:\/\/www.almega.se\/app\/uploads\/2025\/10\/Marten_Blix__DSF0089-scaled.jpg","type":"image\/jpeg"}],"author":"Sandra Mildenberger","twitter_card":"summary_large_image","twitter_misc":{"Skriven av":"Sandra Mildenberger","Ber\u00e4knad l\u00e4stid":"5 minuter"},"schema":{"@context":"https:\/\/schema.org","@graph":[{"@type":"NewsArticle","@id":"https:\/\/www.almega.se\/2025\/10\/debatt-sverige-samst-i-eu-pa-avreglering\/#article","isPartOf":{"@id":"https:\/\/www.almega.se\/2025\/10\/debatt-sverige-samst-i-eu-pa-avreglering\/"},"author":{"name":"Sandra Mildenberger","@id":"https:\/\/www.almega.se\/#\/schema\/person\/432bf15cd5b8c34477366237d76e0e28"},"headline":"Debatt: Sverige s\u00e4mst i EU p\u00e5 avreglering","datePublished":"2025-10-20T08:00:18+00:00","dateModified":"2025-10-20T08:00:19+00:00","mainEntityOfPage":{"@id":"https:\/\/www.almega.se\/2025\/10\/debatt-sverige-samst-i-eu-pa-avreglering\/"},"wordCount":974,"image":{"@id":"https:\/\/www.almega.se\/2025\/10\/debatt-sverige-samst-i-eu-pa-avreglering\/#primaryimage"},"thumbnailUrl":"https:\/\/www.almega.se\/app\/uploads\/2025\/10\/Marten_Blix__DSF0089-scaled.jpg","articleSection":["EU och internationellt"],"inLanguage":"sv-SE"},{"@type":"WebPage","@id":"https:\/\/www.almega.se\/2025\/10\/debatt-sverige-samst-i-eu-pa-avreglering\/","url":"https:\/\/www.almega.se\/2025\/10\/debatt-sverige-samst-i-eu-pa-avreglering\/","name":"Debatt: Sverige s\u00e4mst i EU p\u00e5 avreglering | Almega","isPartOf":{"@id":"https:\/\/www.almega.se\/#website"},"primaryImageOfPage":{"@id":"https:\/\/www.almega.se\/2025\/10\/debatt-sverige-samst-i-eu-pa-avreglering\/#primaryimage"},"image":{"@id":"https:\/\/www.almega.se\/2025\/10\/debatt-sverige-samst-i-eu-pa-avreglering\/#primaryimage"},"thumbnailUrl":"https:\/\/www.almega.se\/app\/uploads\/2025\/10\/Marten_Blix__DSF0089-scaled.jpg","datePublished":"2025-10-20T08:00:18+00:00","dateModified":"2025-10-20T08:00:19+00:00","author":{"@id":"https:\/\/www.almega.se\/#\/schema\/person\/432bf15cd5b8c34477366237d76e0e28"},"breadcrumb":{"@id":"https:\/\/www.almega.se\/2025\/10\/debatt-sverige-samst-i-eu-pa-avreglering\/#breadcrumb"},"inLanguage":"sv-SE","potentialAction":[{"@type":"ReadAction","target":["https:\/\/www.almega.se\/2025\/10\/debatt-sverige-samst-i-eu-pa-avreglering\/"]}]},{"@type":"ImageObject","inLanguage":"sv-SE","@id":"https:\/\/www.almega.se\/2025\/10\/debatt-sverige-samst-i-eu-pa-avreglering\/#primaryimage","url":"https:\/\/www.almega.se\/app\/uploads\/2025\/10\/Marten_Blix__DSF0089-scaled.jpg","contentUrl":"https:\/\/www.almega.se\/app\/uploads\/2025\/10\/Marten_Blix__DSF0089-scaled.jpg","width":2560,"height":1920,"caption":"M\u00e5rten Blix, ordf\u00f6rande Almega FutureTech."},{"@type":"BreadcrumbList","@id":"https:\/\/www.almega.se\/2025\/10\/debatt-sverige-samst-i-eu-pa-avreglering\/#breadcrumb","itemListElement":[{"@type":"ListItem","position":1,"name":"Home","item":"https:\/\/www.almega.se\/"},{"@type":"ListItem","position":2,"name":"Debatt: Sverige s\u00e4mst i EU p\u00e5 avreglering"}]},{"@type":"WebSite","@id":"https:\/\/www.almega.se\/#website","url":"https:\/\/www.almega.se\/","name":"Almega","description":"","potentialAction":[{"@type":"SearchAction","target":{"@type":"EntryPoint","urlTemplate":"https:\/\/www.almega.se\/?s={search_term_string}"},"query-input":{"@type":"PropertyValueSpecification","valueRequired":true,"valueName":"search_term_string"}}],"inLanguage":"sv-SE"},{"@type":"Person","@id":"https:\/\/www.almega.se\/#\/schema\/person\/432bf15cd5b8c34477366237d76e0e28","name":"Sandra Mildenberger","image":{"@type":"ImageObject","inLanguage":"sv-SE","@id":"https:\/\/www.almega.se\/#\/schema\/person\/image\/","url":"https:\/\/secure.gravatar.com\/avatar\/303ee6ef75fa0849b0b85e527659b8bf3457cd9509f76c13628965581b041b41?s=96&d=mm&r=g","contentUrl":"https:\/\/secure.gravatar.com\/avatar\/303ee6ef75fa0849b0b85e527659b8bf3457cd9509f76c13628965581b041b41?s=96&d=mm&r=g","caption":"Sandra Mildenberger"},"url":"https:\/\/www.almega.se\/person\/sandramildenberger\/"}]}},"_links":{"self":[{"href":"https:\/\/www.almega.se\/api\/wp\/v2\/posts\/83281","targetHints":{"allow":["GET"]}}],"collection":[{"href":"https:\/\/www.almega.se\/api\/wp\/v2\/posts"}],"about":[{"href":"https:\/\/www.almega.se\/api\/wp\/v2\/types\/post"}],"author":[{"embeddable":true,"href":"https:\/\/www.almega.se\/api\/wp\/v2\/users\/21574"}],"replies":[{"embeddable":true,"href":"https:\/\/www.almega.se\/api\/wp\/v2\/comments?post=83281"}],"version-history":[{"count":5,"href":"https:\/\/www.almega.se\/api\/wp\/v2\/posts\/83281\/revisions"}],"predecessor-version":[{"id":83288,"href":"https:\/\/www.almega.se\/api\/wp\/v2\/posts\/83281\/revisions\/83288"}],"wp:featuredmedia":[{"embeddable":true,"href":"https:\/\/www.almega.se\/api\/wp\/v2\/media\/83284"}],"wp:attachment":[{"href":"https:\/\/www.almega.se\/api\/wp\/v2\/media?parent=83281"}],"wp:term":[{"taxonomy":"category","embeddable":true,"href":"https:\/\/www.almega.se\/api\/wp\/v2\/categories?post=83281"},{"taxonomy":"post_tag","embeddable":true,"href":"https:\/\/www.almega.se\/api\/wp\/v2\/tags?post=83281"},{"taxonomy":"type","embeddable":true,"href":"https:\/\/www.almega.se\/api\/wp\/v2\/article_type?post=83281"},{"taxonomy":"agreement","embeddable":true,"href":"https:\/\/www.almega.se\/api\/wp\/v2\/agreement?post=83281"}],"curies":[{"name":"wp","href":"https:\/\/api.w.org\/{rel}","templated":true}]}}