{"id":83127,"date":"2025-10-16T10:33:36","date_gmt":"2025-10-16T08:33:36","guid":{"rendered":"https:\/\/www.almega.se\/?p=83127"},"modified":"2025-10-16T10:33:38","modified_gmt":"2025-10-16T08:33:38","slug":"ett-valkommet-och-efterlangtat-besked","status":"publish","type":"post","link":"https:\/\/www.almega.se\/2025\/10\/ett-valkommet-och-efterlangtat-besked\/","title":{"rendered":"Ett v\u00e4lkommet och efterl\u00e4ngtat besked"},"content":{"rendered":"<p class=\"intro\"><span class=\"TextRun SCXW23879486 BCX8\" lang=\"SV-SE\" xml:lang=\"SV-SE\" data-contrast=\"auto\"><span class=\"NormalTextRun SCXW23879486 BCX8\">Almegas vd, Ann \u00d6berg, om <\/span><span class=\"NormalTextRun SCXW23879486 BCX8\">att det <\/span><span class=\"NormalTextRun SCXW23879486 BCX8\">ljusn<\/span><span class=\"NormalTextRun SCXW23879486 BCX8\">ar<\/span><span class=\"NormalTextRun SCXW23879486 BCX8\"> i tj\u00e4nstesektorn<\/span><span class=\"NormalTextRun SCXW23879486 BCX8\">,<\/span> <span class=\"NormalTextRun SCXW23879486 BCX8\">va<\/span><span class=\"NormalTextRun SCXW23879486 BCX8\">d Produktivitetskommissionens slutbet\u00e4nkande hade att bjuda p\u00e5<\/span><span class=\"NormalTextRun SCXW23879486 BCX8\"> samt att <\/span><span class=\"NormalTextRun SCXW23879486 BCX8\">Almegas <\/span><span class=\"NormalTextRun SCXW23879486 BCX8\">avtalsr\u00f6relse n\u00e4rmar sig slutet<\/span><span class=\"NormalTextRun SCXW23879486 BCX8\">.<\/span><\/span><span class=\"EOP SCXW23879486 BCX8\" data-ccp-props=\"{}\">\u00a0<\/span><\/p>\n<a class='Share__link Share__link--url copy-text' href='#' rel='nofollow' data-text='vad-hander?' title='Dela url' data-confirmation='L\u00e4nken kopierades till urklipp'><svg class='icon icon--link'  width='18' height='18' viewBox='0 0 18 18' fill='none' xmlns='http:\/\/www.w3.org\/2000\/svg'>\n            <path d='M10.4142 0.514721L6.87868 4.05025L8.29289 5.46447L11.1213 2.63604L15.364 6.87868L12.5355 9.70711L13.9497 11.1213L17.4853 7.58579C17.8763 7.19476 17.8763 6.5626 17.4853 6.17158L11.8284 0.514721C11.4374 0.123691 10.8052 0.123691 10.4142 0.514721Z' fill='black'\/>\n            <path d='M9.7071 12.5355L6.87868 15.364L2.63604 11.1213L5.46446 8.2929L4.05025 6.87868L0.514716 10.4142C0.123686 10.8052 0.123686 11.4374 0.514716 11.8284L6.17157 17.4853C6.5626 17.8763 7.19475 17.8763 7.58578 17.4853L11.1213 13.9497L9.7071 12.5355Z' fill='black'\/>\n            <path d='M6.17157 11.8284C6.5626 12.2195 7.19475 12.2195 7.58578 11.8284L11.8284 7.58579C12.2195 7.19476 12.2195 6.56261 11.8284 6.17158C11.4374 5.78055 10.8052 5.78055 10.4142 6.17158L6.17157 10.4142C5.78054 10.8052 5.78054 11.4374 6.17157 11.8284Z' fill='black'\/>\n            <\/svg> <\/a>\n<h2 class=\"wp-block-heading\" id=\"h-vad-hander\">Vad h\u00e4nder?<\/h2>\n\n\n\n<p>\u2013 Tillv\u00e4xten tar \u00e4ntligen fart inom tj\u00e4nstesektorn, det \u00e4r vad som h\u00e4nder! Och i v\u00e5r senaste tj\u00e4nsteindikator \u00e5terfanns en rad positiva tj\u00e4nstenyheter: Produktionen \u00f6kar, antalet konkurser minskar och arbetsmarknaden bottnar ut. Att antalet jobb inom tj\u00e4nstesektorn kan b\u00f6rja \u00f6ka redan i \u00e5r \u00e4r ett lika v\u00e4lkommet som efterl\u00e4ngtat besked.<\/p>\n\n\n<a class='Share__link Share__link--url copy-text' href='#' rel='nofollow' data-text='produktionen-okar-alltsa,-men-produktiviteten-da?' title='Dela url' data-confirmation='L\u00e4nken kopierades till urklipp'><svg class='icon icon--link'  width='18' height='18' viewBox='0 0 18 18' fill='none' xmlns='http:\/\/www.w3.org\/2000\/svg'>\n            <path d='M10.4142 0.514721L6.87868 4.05025L8.29289 5.46447L11.1213 2.63604L15.364 6.87868L12.5355 9.70711L13.9497 11.1213L17.4853 7.58579C17.8763 7.19476 17.8763 6.5626 17.4853 6.17158L11.8284 0.514721C11.4374 0.123691 10.8052 0.123691 10.4142 0.514721Z' fill='black'\/>\n            <path d='M9.7071 12.5355L6.87868 15.364L2.63604 11.1213L5.46446 8.2929L4.05025 6.87868L0.514716 10.4142C0.123686 10.8052 0.123686 11.4374 0.514716 11.8284L6.17157 17.4853C6.5626 17.8763 7.19475 17.8763 7.58578 17.4853L11.1213 13.9497L9.7071 12.5355Z' fill='black'\/>\n            <path d='M6.17157 11.8284C6.5626 12.2195 7.19475 12.2195 7.58578 11.8284L11.8284 7.58579C12.2195 7.19476 12.2195 6.56261 11.8284 6.17158C11.4374 5.78055 10.8052 5.78055 10.4142 6.17158L6.17157 10.4142C5.78054 10.8052 5.78054 11.4374 6.17157 11.8284Z' fill='black'\/>\n            <\/svg> <\/a>\n<h2 class=\"wp-block-heading\" id=\"h-produktionen-okar-alltsa-men-produktiviteten-da\">Produktionen \u00f6kar allts\u00e5, men produktiviteten d\u00e5?<\/h2>\n\n\n\n<p>\u2013 Kul att du fr\u00e5gar. I b\u00f6rjan av m\u00e5naden kom faktiskt Produktivitetskommissionens slutbet\u00e4nkande p\u00e5 \u00f6ver 600 sidor. Det mesta var bra, men ett par av de \u00e5tg\u00e4rder som f\u00f6resl\u00e5s skulle vara direkt skadliga f\u00f6r tillv\u00e4xten. Om dessa, och varf\u00f6r produktivitetens avg\u00f6rande betydelse, skrev jag i Dagens industri tillsammans med M\u00e5rten Blix, ordf\u00f6rande Almega FutureTech.<\/p>\n\n\n<a class='Share__link Share__link--url copy-text' href='#' rel='nofollow' data-text='och-avtalsrorelsen-da?\u202f' title='Dela url' data-confirmation='L\u00e4nken kopierades till urklipp'><svg class='icon icon--link'  width='18' height='18' viewBox='0 0 18 18' fill='none' xmlns='http:\/\/www.w3.org\/2000\/svg'>\n            <path d='M10.4142 0.514721L6.87868 4.05025L8.29289 5.46447L11.1213 2.63604L15.364 6.87868L12.5355 9.70711L13.9497 11.1213L17.4853 7.58579C17.8763 7.19476 17.8763 6.5626 17.4853 6.17158L11.8284 0.514721C11.4374 0.123691 10.8052 0.123691 10.4142 0.514721Z' fill='black'\/>\n            <path d='M9.7071 12.5355L6.87868 15.364L2.63604 11.1213L5.46446 8.2929L4.05025 6.87868L0.514716 10.4142C0.123686 10.8052 0.123686 11.4374 0.514716 11.8284L6.17157 17.4853C6.5626 17.8763 7.19475 17.8763 7.58578 17.4853L11.1213 13.9497L9.7071 12.5355Z' fill='black'\/>\n            <path d='M6.17157 11.8284C6.5626 12.2195 7.19475 12.2195 7.58578 11.8284L11.8284 7.58579C12.2195 7.19476 12.2195 6.56261 11.8284 6.17158C11.4374 5.78055 10.8052 5.78055 10.4142 6.17158L6.17157 10.4142C5.78054 10.8052 5.78054 11.4374 6.17157 11.8284Z' fill='black'\/>\n            <\/svg> <\/a>\n<h2 class=\"wp-block-heading\" id=\"h-och-avtalsrorelsen-da\">Och avtalsr\u00f6relsen d\u00e5?\u202f<\/h2>\n\n\n\n<p>\u2013 De flesta av Almegaf\u00f6rbundens kollektivavtal \u00e4r klara, men det \u00e4r inte f\u00e4rdigf\u00f6rhandlat f\u00f6rr\u00e4n det sista avtalet \u2013 Revision och konsult \u2013 \u00e4r tecknat. De sista avtalen \u00e4r precis lika betydelsefulla som de som tecknades f\u00f6r ett halv\u00e5r sedan, och jag \u00e4r djupt imponerad av alla som bidrar till att f\u00e5 125 nya avtal p\u00e5 plats. De senaste veckorna har vi tr\u00e4ffat avtal inom sk\u00e4rg\u00e5rdstrafiken, hemservice, media och p\u00e5 skolomr\u00e5det.<\/p>\n","protected":false},"excerpt":{"rendered":"<p>Vad h\u00e4nder? \u2013 Tillv\u00e4xten tar \u00e4ntligen fart inom tj\u00e4nstesektorn, det \u00e4r vad som h\u00e4nder! Och i v\u00e5r senaste tj\u00e4nsteindikator \u00e5terfanns en rad positiva tj\u00e4nstenyheter: Produktionen \u00f6kar, antalet konkurser minskar och arbetsmarknaden bottnar ut. Att antalet &hellip;<\/p>\n","protected":false},"author":21574,"featured_media":81996,"comment_status":"closed","ping_status":"closed","sticky":false,"template":"","format":"standard","meta":{"_acf_changed":false,"footnotes":""},"categories":[603],"tags":[],"article_type":[55,557],"agreement":[],"class_list":["post-83127","post","type-post","status-publish","format-standard","has-post-thumbnail","hentry","category-almega","type-artiklar","type-vd-svarar"],"acf":[],"yoast_head":"<!-- This site is optimized with the Yoast SEO Premium plugin v26.8 (Yoast SEO v26.8) - https:\/\/yoast.com\/product\/yoast-seo-premium-wordpress\/ -->\n<title>Ett v\u00e4lkommet och efterl\u00e4ngtat besked | Almega<\/title>\n<meta name=\"robots\" content=\"index, follow, max-snippet:-1, max-image-preview:large, max-video-preview:-1\" \/>\n<link rel=\"canonical\" href=\"https:\/\/www.almega.se\/2025\/10\/ett-valkommet-och-efterlangtat-besked\/\" \/>\n<meta property=\"og:locale\" content=\"sv_SE\" \/>\n<meta property=\"og:type\" content=\"article\" \/>\n<meta property=\"og:title\" content=\"Ett v\u00e4lkommet och efterl\u00e4ngtat besked\" \/>\n<meta property=\"og:description\" content=\"Vad h\u00e4nder? \u2013 Tillv\u00e4xten tar \u00e4ntligen fart inom tj\u00e4nstesektorn, det \u00e4r vad som h\u00e4nder! Och i v\u00e5r senaste tj\u00e4nsteindikator \u00e5terfanns en rad positiva tj\u00e4nstenyheter: Produktionen \u00f6kar, antalet konkurser minskar och arbetsmarknaden bottnar ut. Att antalet &hellip;\" \/>\n<meta property=\"og:url\" content=\"https:\/\/www.almega.se\/2025\/10\/ett-valkommet-och-efterlangtat-besked\/\" \/>\n<meta property=\"og:site_name\" content=\"Almega\" \/>\n<meta property=\"article:published_time\" content=\"2025-10-16T08:33:36+00:00\" \/>\n<meta property=\"article:modified_time\" content=\"2025-10-16T08:33:38+00:00\" \/>\n<meta property=\"og:image\" content=\"https:\/\/www.almega.se\/app\/uploads\/2025\/08\/Ann-Oberg-2-1180x787.jpg\" \/>\n\t<meta property=\"og:image:width\" content=\"1180\" \/>\n\t<meta property=\"og:image:height\" content=\"787\" \/>\n\t<meta property=\"og:image:type\" content=\"image\/jpeg\" \/>\n<meta name=\"author\" content=\"Sandra Mildenberger\" \/>\n<meta name=\"twitter:card\" content=\"summary_large_image\" \/>\n<meta name=\"twitter:label1\" content=\"Skriven av\" \/>\n\t<meta name=\"twitter:data1\" content=\"Sandra Mildenberger\" \/>\n\t<meta name=\"twitter:label2\" content=\"Ber\u00e4knad l\u00e4stid\" \/>\n\t<meta name=\"twitter:data2\" content=\"2 minuter\" \/>\n<!-- \/ Yoast SEO Premium plugin. -->","yoast_head_json":{"title":"Ett v\u00e4lkommet och efterl\u00e4ngtat besked | Almega","robots":{"index":"index","follow":"follow","max-snippet":"max-snippet:-1","max-image-preview":"max-image-preview:large","max-video-preview":"max-video-preview:-1"},"canonical":"https:\/\/www.almega.se\/2025\/10\/ett-valkommet-och-efterlangtat-besked\/","og_locale":"sv_SE","og_type":"article","og_title":"Ett v\u00e4lkommet och efterl\u00e4ngtat besked","og_description":"Vad h\u00e4nder? \u2013 Tillv\u00e4xten tar \u00e4ntligen fart inom tj\u00e4nstesektorn, det \u00e4r vad som h\u00e4nder! Och i v\u00e5r senaste tj\u00e4nsteindikator \u00e5terfanns en rad positiva tj\u00e4nstenyheter: Produktionen \u00f6kar, antalet konkurser minskar och arbetsmarknaden bottnar ut. Att antalet &hellip;","og_url":"https:\/\/www.almega.se\/2025\/10\/ett-valkommet-och-efterlangtat-besked\/","og_site_name":"Almega","article_published_time":"2025-10-16T08:33:36+00:00","article_modified_time":"2025-10-16T08:33:38+00:00","og_image":[{"width":1180,"height":787,"url":"https:\/\/www.almega.se\/app\/uploads\/2025\/08\/Ann-Oberg-2-1180x787.jpg","type":"image\/jpeg"}],"author":"Sandra Mildenberger","twitter_card":"summary_large_image","twitter_misc":{"Skriven av":"Sandra Mildenberger","Ber\u00e4knad l\u00e4stid":"2 minuter"},"schema":{"@context":"https:\/\/schema.org","@graph":[{"@type":"NewsArticle","@id":"https:\/\/www.almega.se\/2025\/10\/ett-valkommet-och-efterlangtat-besked\/#article","isPartOf":{"@id":"https:\/\/www.almega.se\/2025\/10\/ett-valkommet-och-efterlangtat-besked\/"},"author":{"name":"Sandra Mildenberger","@id":"https:\/\/www.almega.se\/#\/schema\/person\/432bf15cd5b8c34477366237d76e0e28"},"headline":"Ett v\u00e4lkommet och efterl\u00e4ngtat besked","datePublished":"2025-10-16T08:33:36+00:00","dateModified":"2025-10-16T08:33:38+00:00","mainEntityOfPage":{"@id":"https:\/\/www.almega.se\/2025\/10\/ett-valkommet-och-efterlangtat-besked\/"},"wordCount":220,"image":{"@id":"https:\/\/www.almega.se\/2025\/10\/ett-valkommet-och-efterlangtat-besked\/#primaryimage"},"thumbnailUrl":"https:\/\/www.almega.se\/app\/uploads\/2025\/08\/Ann-Oberg-2.jpg","articleSection":["Almega"],"inLanguage":"sv-SE"},{"@type":"WebPage","@id":"https:\/\/www.almega.se\/2025\/10\/ett-valkommet-och-efterlangtat-besked\/","url":"https:\/\/www.almega.se\/2025\/10\/ett-valkommet-och-efterlangtat-besked\/","name":"Ett v\u00e4lkommet och efterl\u00e4ngtat besked | Almega","isPartOf":{"@id":"https:\/\/www.almega.se\/#website"},"primaryImageOfPage":{"@id":"https:\/\/www.almega.se\/2025\/10\/ett-valkommet-och-efterlangtat-besked\/#primaryimage"},"image":{"@id":"https:\/\/www.almega.se\/2025\/10\/ett-valkommet-och-efterlangtat-besked\/#primaryimage"},"thumbnailUrl":"https:\/\/www.almega.se\/app\/uploads\/2025\/08\/Ann-Oberg-2.jpg","datePublished":"2025-10-16T08:33:36+00:00","dateModified":"2025-10-16T08:33:38+00:00","author":{"@id":"https:\/\/www.almega.se\/#\/schema\/person\/432bf15cd5b8c34477366237d76e0e28"},"breadcrumb":{"@id":"https:\/\/www.almega.se\/2025\/10\/ett-valkommet-och-efterlangtat-besked\/#breadcrumb"},"inLanguage":"sv-SE","potentialAction":[{"@type":"ReadAction","target":["https:\/\/www.almega.se\/2025\/10\/ett-valkommet-och-efterlangtat-besked\/"]}]},{"@type":"ImageObject","inLanguage":"sv-SE","@id":"https:\/\/www.almega.se\/2025\/10\/ett-valkommet-och-efterlangtat-besked\/#primaryimage","url":"https:\/\/www.almega.se\/app\/uploads\/2025\/08\/Ann-Oberg-2.jpg","contentUrl":"https:\/\/www.almega.se\/app\/uploads\/2025\/08\/Ann-Oberg-2.jpg","width":8255,"height":5503,"caption":"Ann \u00d6berg, vd Almega"},{"@type":"BreadcrumbList","@id":"https:\/\/www.almega.se\/2025\/10\/ett-valkommet-och-efterlangtat-besked\/#breadcrumb","itemListElement":[{"@type":"ListItem","position":1,"name":"Home","item":"https:\/\/www.almega.se\/"},{"@type":"ListItem","position":2,"name":"Ett v\u00e4lkommet och efterl\u00e4ngtat besked"}]},{"@type":"WebSite","@id":"https:\/\/www.almega.se\/#website","url":"https:\/\/www.almega.se\/","name":"Almega","description":"","potentialAction":[{"@type":"SearchAction","target":{"@type":"EntryPoint","urlTemplate":"https:\/\/www.almega.se\/?s={search_term_string}"},"query-input":{"@type":"PropertyValueSpecification","valueRequired":true,"valueName":"search_term_string"}}],"inLanguage":"sv-SE"},{"@type":"Person","@id":"https:\/\/www.almega.se\/#\/schema\/person\/432bf15cd5b8c34477366237d76e0e28","name":"Sandra Mildenberger","image":{"@type":"ImageObject","inLanguage":"sv-SE","@id":"https:\/\/www.almega.se\/#\/schema\/person\/image\/","url":"https:\/\/secure.gravatar.com\/avatar\/303ee6ef75fa0849b0b85e527659b8bf3457cd9509f76c13628965581b041b41?s=96&d=mm&r=g","contentUrl":"https:\/\/secure.gravatar.com\/avatar\/303ee6ef75fa0849b0b85e527659b8bf3457cd9509f76c13628965581b041b41?s=96&d=mm&r=g","caption":"Sandra Mildenberger"},"url":"https:\/\/www.almega.se\/person\/sandramildenberger\/"}]}},"_links":{"self":[{"href":"https:\/\/www.almega.se\/api\/wp\/v2\/posts\/83127","targetHints":{"allow":["GET"]}}],"collection":[{"href":"https:\/\/www.almega.se\/api\/wp\/v2\/posts"}],"about":[{"href":"https:\/\/www.almega.se\/api\/wp\/v2\/types\/post"}],"author":[{"embeddable":true,"href":"https:\/\/www.almega.se\/api\/wp\/v2\/users\/21574"}],"replies":[{"embeddable":true,"href":"https:\/\/www.almega.se\/api\/wp\/v2\/comments?post=83127"}],"version-history":[{"count":1,"href":"https:\/\/www.almega.se\/api\/wp\/v2\/posts\/83127\/revisions"}],"predecessor-version":[{"id":83128,"href":"https:\/\/www.almega.se\/api\/wp\/v2\/posts\/83127\/revisions\/83128"}],"wp:featuredmedia":[{"embeddable":true,"href":"https:\/\/www.almega.se\/api\/wp\/v2\/media\/81996"}],"wp:attachment":[{"href":"https:\/\/www.almega.se\/api\/wp\/v2\/media?parent=83127"}],"wp:term":[{"taxonomy":"category","embeddable":true,"href":"https:\/\/www.almega.se\/api\/wp\/v2\/categories?post=83127"},{"taxonomy":"post_tag","embeddable":true,"href":"https:\/\/www.almega.se\/api\/wp\/v2\/tags?post=83127"},{"taxonomy":"type","embeddable":true,"href":"https:\/\/www.almega.se\/api\/wp\/v2\/article_type?post=83127"},{"taxonomy":"agreement","embeddable":true,"href":"https:\/\/www.almega.se\/api\/wp\/v2\/agreement?post=83127"}],"curies":[{"name":"wp","href":"https:\/\/api.w.org\/{rel}","templated":true}]}}