{"id":83107,"date":"2025-10-14T09:38:21","date_gmt":"2025-10-14T07:38:21","guid":{"rendered":"https:\/\/www.almega.se\/?p=83107"},"modified":"2025-10-15T13:46:09","modified_gmt":"2025-10-15T11:46:09","slug":"det-kravs-strukturella-reformer-som-underlattar-for-arbetsgivare-att-anstalla","status":"publish","type":"post","link":"https:\/\/www.almega.se\/2025\/10\/det-kravs-strukturella-reformer-som-underlattar-for-arbetsgivare-att-anstalla\/","title":{"rendered":"Det kr\u00e4vs strukturella reformer som underl\u00e4ttar f\u00f6r arbetsgivare att anst\u00e4lla"},"content":{"rendered":"<p class=\"intro\">Regeringen vill f\u00e5 fler i arbete, men v\u00e4gen dit g\u00e5r inte via \u00f6kade krav p\u00e5 f\u00f6retagen, replikerar Almegas Fredrik \u00d6stbom och Jonas Jegers p\u00e5 Arbetsf\u00f6rmedlingens debattartikel i SvD.<\/p>\n\n<p>N\u00e4r Arbetsf\u00f6rmedlingen uppmanar arbetsgivare att ta st\u00f6rre ansvar f\u00f6r att anst\u00e4lla personer som saknar r\u00e4tt kompetens, missar man k\u00e4rnproblemet. Det skriver <strong>Fredrik \u00d6stbom<\/strong>, n\u00e4ringspolitisk chef, och<strong> Jonas Jegers,<\/strong> n\u00e4ringspolitisk expert p\u00e5 Almega i en replik till Arbetsf\u00f6rmedlingens debattartikel i SvD som publicerades 7 oktober.<\/p>\n\n\n<a class='Share__link Share__link--url copy-text' href='#' rel='nofollow' data-text='foretagen-tar-redan-sitt-ansvar-som-yttersta-samhallsbarare' title='Dela url' data-confirmation='L\u00e4nken kopierades till urklipp'><svg class='icon icon--link'  width='18' height='18' viewBox='0 0 18 18' fill='none' xmlns='http:\/\/www.w3.org\/2000\/svg'>\n            <path d='M10.4142 0.514721L6.87868 4.05025L8.29289 5.46447L11.1213 2.63604L15.364 6.87868L12.5355 9.70711L13.9497 11.1213L17.4853 7.58579C17.8763 7.19476 17.8763 6.5626 17.4853 6.17158L11.8284 0.514721C11.4374 0.123691 10.8052 0.123691 10.4142 0.514721Z' fill='black'\/>\n            <path d='M9.7071 12.5355L6.87868 15.364L2.63604 11.1213L5.46446 8.2929L4.05025 6.87868L0.514716 10.4142C0.123686 10.8052 0.123686 11.4374 0.514716 11.8284L6.17157 17.4853C6.5626 17.8763 7.19475 17.8763 7.58578 17.4853L11.1213 13.9497L9.7071 12.5355Z' fill='black'\/>\n            <path d='M6.17157 11.8284C6.5626 12.2195 7.19475 12.2195 7.58578 11.8284L11.8284 7.58579C12.2195 7.19476 12.2195 6.56261 11.8284 6.17158C11.4374 5.78055 10.8052 5.78055 10.4142 6.17158L6.17157 10.4142C5.78054 10.8052 5.78054 11.4374 6.17157 11.8284Z' fill='black'\/>\n            <\/svg> <\/a>\n<h2 class=\"wp-block-heading\" id=\"h-foretagen-tar-redan-sitt-ansvar-som-yttersta-samhallsbarare\">F\u00f6retagen tar redan sitt ansvar som yttersta samh\u00e4llsb\u00e4rare<\/h2>\n\n\n\n<p>Regeringen vill att fler ska komma i arbete, bland annat genom subventionerade anst\u00e4llningar. Men att \u2013 som Arbetsf\u00f6rmedlingens generaldirekt\u00f6r<strong> Maria Hemstr\u00f6m Hemmingsson<\/strong> f\u00f6respr\u00e5kar \u2013 l\u00e4gga ett allt st\u00f6rre ansvar p\u00e5 f\u00f6retagen vore varken rimligt eller effektivt. Det som kr\u00e4vs \u00e4r strukturella reformer som faktiskt underl\u00e4ttar f\u00f6r arbetsgivare att anst\u00e4lla.<\/p>\n\n\n\n      <blockquote class=\"Expert-comment__quote\">\n      <p>&#8221;L\u00f6sningen \u00e4r inte fler tillf\u00e4lliga subventioner&#8221;<\/p>\n\n      \n             <a href=\"https:\/\/www.almega.se\/person\/fredrikostbom\/\">\n          <figure class=\"Contact-card__image\">\n            <img decoding=\"async\" src=\"https:\/\/www.almega.se\/app\/uploads\/2025\/05\/Fredrik-Ostbom-2-380x285.jpg\" alt=\"Fredrik \u00d6stbom\">\n          <\/figure>\n        <\/a>\n          \n      <h2 class=\"Contact-card__title\">Fredrik \u00d6stbom<\/h2>\n      <p class=\"mb-0\">Chef N\u00e4ringspolitik och Opinionsbildning<\/p>\n      \n                  <a href=\"https:\/\/www.almega.se\/person\/fredrikostbom\/\" class=\"Contact-card__link\">\n        \n          <p class=\"Contact-card__arrow__text\">L\u00e4s mer<\/p>\n          \n          <svg class='icon icon--arrow-tip'  width=\"11\" height=\"16\" viewBox=\"0 0 11 16\" fill=\"none\" xmlns=\"http:\/\/www.w3.org\/2000\/svg\">\n<path d=\"M0.858398 15L9.2304 7.99664L0.967732 1.00001\" stroke=\"black\" stroke-width=\"2\" stroke-miterlimit=\"10\"\/>\n<\/svg>\n\n          \n      <\/a>\n\n      \n    \n  \n    <\/blockquote>\n  \n\n\n\n<p>Enligt Hemstr\u00f6m Hemmingsson \u201dbeh\u00f6ver fler arbetsgivare se och ta vara p\u00e5 den kompetens som finns i grupper som saknar eller upplevs sakna den kompetens som efterfr\u00e5gas\u201d. Resonemanget \u00e4r m\u00e4rkligt. Det kan inte ligga p\u00e5 f\u00f6retagen att r\u00e4dda situationen och riskera verksamheten genom att satsa p\u00e5 os\u00e4ker kompetens. Dessutom kan man tycka att f\u00f6retagen redan tar sitt ansvar som yttersta samh\u00e4llsb\u00e4rare: De skapar jobb, genererar skatteint\u00e4kter, driver innovation och tillv\u00e4xt, och bidrar brett till samh\u00e4llsutvecklingen.<\/p>\n\n\n\n<p>Redan 2023 p\u00e5pekade Riksrevisionen att Arbetsf\u00f6rmedlingen beh\u00f6vde f\u00f6renkla processerna kring l\u00f6nebidrag och nystartsjobb. Dessv\u00e4rre kantas fortfarande ans\u00f6kningarna till subventionssystemen av kr\u00e5ngel och de f\u00f6retag som vill bidra avs\u00e4tter stora resurser p\u00e5 administration, handl\u00e4ggningstider och os\u00e4kerhet \u2013 resurser som i st\u00e4llet borde ha g\u00e5tt till verksamhetsutveckling och skapandet av fler arbetstillf\u00e4llen.<\/p>\n\n\n<a class='Share__link Share__link--url copy-text' href='#' rel='nofollow' data-text='dyrt-att-anstalla-i-sverige' title='Dela url' data-confirmation='L\u00e4nken kopierades till urklipp'><svg class='icon icon--link'  width='18' height='18' viewBox='0 0 18 18' fill='none' xmlns='http:\/\/www.w3.org\/2000\/svg'>\n            <path d='M10.4142 0.514721L6.87868 4.05025L8.29289 5.46447L11.1213 2.63604L15.364 6.87868L12.5355 9.70711L13.9497 11.1213L17.4853 7.58579C17.8763 7.19476 17.8763 6.5626 17.4853 6.17158L11.8284 0.514721C11.4374 0.123691 10.8052 0.123691 10.4142 0.514721Z' fill='black'\/>\n            <path d='M9.7071 12.5355L6.87868 15.364L2.63604 11.1213L5.46446 8.2929L4.05025 6.87868L0.514716 10.4142C0.123686 10.8052 0.123686 11.4374 0.514716 11.8284L6.17157 17.4853C6.5626 17.8763 7.19475 17.8763 7.58578 17.4853L11.1213 13.9497L9.7071 12.5355Z' fill='black'\/>\n            <path d='M6.17157 11.8284C6.5626 12.2195 7.19475 12.2195 7.58578 11.8284L11.8284 7.58579C12.2195 7.19476 12.2195 6.56261 11.8284 6.17158C11.4374 5.78055 10.8052 5.78055 10.4142 6.17158L6.17157 10.4142C5.78054 10.8052 5.78054 11.4374 6.17157 11.8284Z' fill='black'\/>\n            <\/svg> <\/a>\n<h2 class=\"wp-block-heading\" id=\"h-dyrt-att-anstalla-i-sverige\">Dyrt att anst\u00e4lla i Sverige<\/h2>\n\n\n\n<p>En starkt bidragande orsak till v\u00e5r h\u00f6ga arbetsl\u00f6shet \u00e4r att det \u00e4r dyrt att anst\u00e4lla i Sverige. Inte p\u00e5 grund av v\u00e5ra h\u00f6ga l\u00f6ner, utan p\u00e5 grund av att svenska f\u00f6retag betalar bland de h\u00f6gsta arbetsgivaravgifterna i v\u00e4rlden: 31,42 procent. Detta \u00e4r tio (10!) procentenheter h\u00f6gre \u00e4n genomsnittet i Europa och kan exempelvis j\u00e4mf\u00f6ras med Norges 13 procent. I Sverige \u00e4r dessutom en tredjedel av arbetsgivaravgiften i realiteten en dold skatt. Denna del, den allm\u00e4nna l\u00f6neavgiften, saknar n\u00e4mligen helt koppling till socialf\u00f6rs\u00e4kringarna.<\/p>\n\n\n\n<p>Av Sveriges l\u00e5ngtidsarbetss\u00f6kande saknar m\u00e5nga utbildning p\u00e5 gymnasie- eller till och med grundskoleniv\u00e5. En ansenlig del har begr\u00e4nsade kunskaper i det svenska spr\u00e5ket. Med s\u00e5dana utg\u00e5ngsv\u00e4rden blir arbetsmarknaden alltid mer begr\u00e4nsad. I Sverige f\u00f6rst\u00e4rks dessutom detta d\u00e5 vi har relativt f\u00e5 instegsjobb. Dessa, lite slarvigt kallade \u2019enkla jobb\u2019, st\u00e5r h\u00e4r f\u00f6r drygt 4 procent av syssels\u00e4ttningen. I EU \u00e4r de mer \u00e4n dubbelt s\u00e5 vanliga.<\/p>\n\n\n\n<p>Arbetsf\u00f6rmedlingens uppdrag \u00e4r viktigt och tilldelas d\u00e4rf\u00f6r stora resurser. I \u00e5r var f\u00f6rvaltningsanslaget \u00f6ver 7 miljarder kronor. Med dessa medel och \u00f6ver 10 000 medarbetare ska myndigheten bidra till en v\u00e4l fungerande arbetsmarknad. Samtidigt som allt fler blir arbetsl\u00f6sa f\u00e5r dessv\u00e4rre allt f\u00e4rre arbetss\u00f6kande tillg\u00e5ng till de insatser som g\u00f6r verklig skillnad \u2013 spr\u00e5ktr\u00e4ning, yrkesutbildning eller effektiv matchning. Under f\u00f6rra m\u00e5naden var det endast 42 procent som \u00f6verhuvudtaget fick n\u00e5gon insats, och d\u00e5 fr\u00e4mst inom jobb- och utvecklingsgarantin.<\/p>\n\n\n<a class='Share__link Share__link--url copy-text' href='#' rel='nofollow' data-text='arbetsformedlingen-kan-gora-mer' title='Dela url' data-confirmation='L\u00e4nken kopierades till urklipp'><svg class='icon icon--link'  width='18' height='18' viewBox='0 0 18 18' fill='none' xmlns='http:\/\/www.w3.org\/2000\/svg'>\n            <path d='M10.4142 0.514721L6.87868 4.05025L8.29289 5.46447L11.1213 2.63604L15.364 6.87868L12.5355 9.70711L13.9497 11.1213L17.4853 7.58579C17.8763 7.19476 17.8763 6.5626 17.4853 6.17158L11.8284 0.514721C11.4374 0.123691 10.8052 0.123691 10.4142 0.514721Z' fill='black'\/>\n            <path d='M9.7071 12.5355L6.87868 15.364L2.63604 11.1213L5.46446 8.2929L4.05025 6.87868L0.514716 10.4142C0.123686 10.8052 0.123686 11.4374 0.514716 11.8284L6.17157 17.4853C6.5626 17.8763 7.19475 17.8763 7.58578 17.4853L11.1213 13.9497L9.7071 12.5355Z' fill='black'\/>\n            <path d='M6.17157 11.8284C6.5626 12.2195 7.19475 12.2195 7.58578 11.8284L11.8284 7.58579C12.2195 7.19476 12.2195 6.56261 11.8284 6.17158C11.4374 5.78055 10.8052 5.78055 10.4142 6.17158L6.17157 10.4142C5.78054 10.8052 5.78054 11.4374 6.17157 11.8284Z' fill='black'\/>\n            <\/svg> <\/a>\n<h2 class=\"wp-block-heading\" id=\"h-arbetsformedlingen-kan-gora-mer\">Arbetsf\u00f6rmedlingen kan g\u00f6ra mer<\/h2>\n\n\n\n<p>Sett till detta blir det ocks\u00e5 m\u00e4rkligt att Arbetsf\u00f6rmedlingen, enligt myndighetens egna prognoser, i \u00e5r kommer att betala tillbaka 900 miljoner kronor som specifikt tilldelats olika program f\u00f6r arbetss\u00f6kande till staten. Att inte ens anv\u00e4nda dessa medel f\u00f6r att l\u00f6sa en sv\u00e5r situation talar sitt tydliga spr\u00e5k: Arbetsf\u00f6rmedlingen kan g\u00f6ra mer.<\/p>\n\n\n\n<p>L\u00f6sningen \u00e4r dock inte fler tillf\u00e4lliga subventioner. Dessa riskerar att skapa en arbetsmarknad d\u00e4r personer \u00e4r anst\u00e4llningsbara, bara om de kommer med ett bidrag. Vad som beh\u00f6vs \u00e4r fler platser i arbetsmarknadsutbildningar, matchningstj\u00e4nster och andra insatser som bygger kompetens och g\u00f6r m\u00e4nniskor anst\u00e4llningsbara \u2013 p\u00e5 egna meriter.<\/p>\n\n\n\n<p>Skulle det dessutom bli billigare och enklare att anst\u00e4lla, kommer fler jobb att skapas naturligt. Med m\u00e4nniskor rustade f\u00f6r arbetslivet beh\u00f6vs inga konstlade system och svenska f\u00f6retag kan ist\u00e4llet fokusera p\u00e5 att skapa jobb, generera skatteint\u00e4kter samt driva innovation och tillv\u00e4xt.<\/p>\n\n\n\n<p><strong>Fredrik \u00d6stbom<\/strong>, n\u00e4ringspolitisk chef, Almega<strong><br>Jonas Jegers<\/strong>, n\u00e4ringspolitisk expert, Almega<\/p>\n","protected":false},"excerpt":{"rendered":"<p>N\u00e4r Arbetsf\u00f6rmedlingen uppmanar arbetsgivare att ta st\u00f6rre ansvar f\u00f6r att anst\u00e4lla personer som saknar r\u00e4tt kompetens, missar man k\u00e4rnproblemet. Det skriver Fredrik \u00d6stbom, n\u00e4ringspolitisk chef, och Jonas Jegers, n\u00e4ringspolitisk expert p\u00e5 Almega i en replik &hellip;<\/p>\n","protected":false},"author":21574,"featured_media":83113,"comment_status":"closed","ping_status":"closed","sticky":false,"template":"","format":"standard","meta":{"_acf_changed":false,"footnotes":""},"categories":[64],"tags":[],"article_type":[55,49],"agreement":[],"class_list":["post-83107","post","type-post","status-publish","format-standard","has-post-thumbnail","hentry","category-arbetsmarknad","type-artiklar","type-debattartiklar"],"acf":[],"yoast_head":"<!-- This site is optimized with the Yoast SEO Premium plugin v26.8 (Yoast SEO v26.8) - https:\/\/yoast.com\/product\/yoast-seo-premium-wordpress\/ -->\n<title>Det kr\u00e4vs strukturella reformer som underl\u00e4ttar f\u00f6r arbetsgivare att anst\u00e4lla | Almega<\/title>\n<meta name=\"robots\" content=\"index, follow, max-snippet:-1, max-image-preview:large, max-video-preview:-1\" \/>\n<link rel=\"canonical\" href=\"https:\/\/www.almega.se\/2025\/10\/det-kravs-strukturella-reformer-som-underlattar-for-arbetsgivare-att-anstalla\/\" \/>\n<meta property=\"og:locale\" content=\"sv_SE\" \/>\n<meta property=\"og:type\" content=\"article\" \/>\n<meta property=\"og:title\" content=\"Det kr\u00e4vs strukturella reformer som underl\u00e4ttar f\u00f6r arbetsgivare att anst\u00e4lla\" \/>\n<meta property=\"og:description\" content=\"N\u00e4r Arbetsf\u00f6rmedlingen uppmanar arbetsgivare att ta st\u00f6rre ansvar f\u00f6r att anst\u00e4lla personer som saknar r\u00e4tt kompetens, missar man k\u00e4rnproblemet. Det skriver Fredrik \u00d6stbom, n\u00e4ringspolitisk chef, och Jonas Jegers, n\u00e4ringspolitisk expert p\u00e5 Almega i en replik &hellip;\" \/>\n<meta property=\"og:url\" content=\"https:\/\/www.almega.se\/2025\/10\/det-kravs-strukturella-reformer-som-underlattar-for-arbetsgivare-att-anstalla\/\" \/>\n<meta property=\"og:site_name\" content=\"Almega\" \/>\n<meta property=\"article:published_time\" content=\"2025-10-14T07:38:21+00:00\" \/>\n<meta property=\"article:modified_time\" content=\"2025-10-15T11:46:09+00:00\" \/>\n<meta property=\"og:image\" content=\"https:\/\/www.almega.se\/app\/uploads\/2025\/10\/Namnlos-design.jpg\" \/>\n\t<meta property=\"og:image:width\" content=\"2400\" \/>\n\t<meta property=\"og:image:height\" content=\"1350\" \/>\n\t<meta property=\"og:image:type\" content=\"image\/jpeg\" \/>\n<meta name=\"author\" content=\"Sandra Mildenberger\" \/>\n<meta name=\"twitter:card\" content=\"summary_large_image\" \/>\n<meta name=\"twitter:label1\" content=\"Skriven av\" \/>\n\t<meta name=\"twitter:data1\" content=\"Sandra Mildenberger\" \/>\n\t<meta name=\"twitter:label2\" content=\"Ber\u00e4knad l\u00e4stid\" \/>\n\t<meta name=\"twitter:data2\" content=\"4 minuter\" \/>\n<!-- \/ Yoast SEO Premium plugin. -->","yoast_head_json":{"title":"Det kr\u00e4vs strukturella reformer som underl\u00e4ttar f\u00f6r arbetsgivare att anst\u00e4lla | Almega","robots":{"index":"index","follow":"follow","max-snippet":"max-snippet:-1","max-image-preview":"max-image-preview:large","max-video-preview":"max-video-preview:-1"},"canonical":"https:\/\/www.almega.se\/2025\/10\/det-kravs-strukturella-reformer-som-underlattar-for-arbetsgivare-att-anstalla\/","og_locale":"sv_SE","og_type":"article","og_title":"Det kr\u00e4vs strukturella reformer som underl\u00e4ttar f\u00f6r arbetsgivare att anst\u00e4lla","og_description":"N\u00e4r Arbetsf\u00f6rmedlingen uppmanar arbetsgivare att ta st\u00f6rre ansvar f\u00f6r att anst\u00e4lla personer som saknar r\u00e4tt kompetens, missar man k\u00e4rnproblemet. Det skriver Fredrik \u00d6stbom, n\u00e4ringspolitisk chef, och Jonas Jegers, n\u00e4ringspolitisk expert p\u00e5 Almega i en replik &hellip;","og_url":"https:\/\/www.almega.se\/2025\/10\/det-kravs-strukturella-reformer-som-underlattar-for-arbetsgivare-att-anstalla\/","og_site_name":"Almega","article_published_time":"2025-10-14T07:38:21+00:00","article_modified_time":"2025-10-15T11:46:09+00:00","og_image":[{"width":2400,"height":1350,"url":"https:\/\/www.almega.se\/app\/uploads\/2025\/10\/Namnlos-design.jpg","type":"image\/jpeg"}],"author":"Sandra Mildenberger","twitter_card":"summary_large_image","twitter_misc":{"Skriven av":"Sandra Mildenberger","Ber\u00e4knad l\u00e4stid":"4 minuter"},"schema":{"@context":"https:\/\/schema.org","@graph":[{"@type":"NewsArticle","@id":"https:\/\/www.almega.se\/2025\/10\/det-kravs-strukturella-reformer-som-underlattar-for-arbetsgivare-att-anstalla\/#article","isPartOf":{"@id":"https:\/\/www.almega.se\/2025\/10\/det-kravs-strukturella-reformer-som-underlattar-for-arbetsgivare-att-anstalla\/"},"author":{"name":"Sandra Mildenberger","@id":"https:\/\/www.almega.se\/#\/schema\/person\/432bf15cd5b8c34477366237d76e0e28"},"headline":"Det kr\u00e4vs strukturella reformer som underl\u00e4ttar f\u00f6r arbetsgivare att anst\u00e4lla","datePublished":"2025-10-14T07:38:21+00:00","dateModified":"2025-10-15T11:46:09+00:00","mainEntityOfPage":{"@id":"https:\/\/www.almega.se\/2025\/10\/det-kravs-strukturella-reformer-som-underlattar-for-arbetsgivare-att-anstalla\/"},"wordCount":744,"image":{"@id":"https:\/\/www.almega.se\/2025\/10\/det-kravs-strukturella-reformer-som-underlattar-for-arbetsgivare-att-anstalla\/#primaryimage"},"thumbnailUrl":"https:\/\/www.almega.se\/app\/uploads\/2025\/10\/Namnlos-design.jpg","articleSection":["Arbetsmarknad"],"inLanguage":"sv-SE"},{"@type":"WebPage","@id":"https:\/\/www.almega.se\/2025\/10\/det-kravs-strukturella-reformer-som-underlattar-for-arbetsgivare-att-anstalla\/","url":"https:\/\/www.almega.se\/2025\/10\/det-kravs-strukturella-reformer-som-underlattar-for-arbetsgivare-att-anstalla\/","name":"Det kr\u00e4vs strukturella reformer som underl\u00e4ttar f\u00f6r arbetsgivare att anst\u00e4lla | Almega","isPartOf":{"@id":"https:\/\/www.almega.se\/#website"},"primaryImageOfPage":{"@id":"https:\/\/www.almega.se\/2025\/10\/det-kravs-strukturella-reformer-som-underlattar-for-arbetsgivare-att-anstalla\/#primaryimage"},"image":{"@id":"https:\/\/www.almega.se\/2025\/10\/det-kravs-strukturella-reformer-som-underlattar-for-arbetsgivare-att-anstalla\/#primaryimage"},"thumbnailUrl":"https:\/\/www.almega.se\/app\/uploads\/2025\/10\/Namnlos-design.jpg","datePublished":"2025-10-14T07:38:21+00:00","dateModified":"2025-10-15T11:46:09+00:00","author":{"@id":"https:\/\/www.almega.se\/#\/schema\/person\/432bf15cd5b8c34477366237d76e0e28"},"breadcrumb":{"@id":"https:\/\/www.almega.se\/2025\/10\/det-kravs-strukturella-reformer-som-underlattar-for-arbetsgivare-att-anstalla\/#breadcrumb"},"inLanguage":"sv-SE","potentialAction":[{"@type":"ReadAction","target":["https:\/\/www.almega.se\/2025\/10\/det-kravs-strukturella-reformer-som-underlattar-for-arbetsgivare-att-anstalla\/"]}]},{"@type":"ImageObject","inLanguage":"sv-SE","@id":"https:\/\/www.almega.se\/2025\/10\/det-kravs-strukturella-reformer-som-underlattar-for-arbetsgivare-att-anstalla\/#primaryimage","url":"https:\/\/www.almega.se\/app\/uploads\/2025\/10\/Namnlos-design.jpg","contentUrl":"https:\/\/www.almega.se\/app\/uploads\/2025\/10\/Namnlos-design.jpg","width":2400,"height":1350},{"@type":"BreadcrumbList","@id":"https:\/\/www.almega.se\/2025\/10\/det-kravs-strukturella-reformer-som-underlattar-for-arbetsgivare-att-anstalla\/#breadcrumb","itemListElement":[{"@type":"ListItem","position":1,"name":"Home","item":"https:\/\/www.almega.se\/"},{"@type":"ListItem","position":2,"name":"Det kr\u00e4vs strukturella reformer som underl\u00e4ttar f\u00f6r arbetsgivare att anst\u00e4lla"}]},{"@type":"WebSite","@id":"https:\/\/www.almega.se\/#website","url":"https:\/\/www.almega.se\/","name":"Almega","description":"","potentialAction":[{"@type":"SearchAction","target":{"@type":"EntryPoint","urlTemplate":"https:\/\/www.almega.se\/?s={search_term_string}"},"query-input":{"@type":"PropertyValueSpecification","valueRequired":true,"valueName":"search_term_string"}}],"inLanguage":"sv-SE"},{"@type":"Person","@id":"https:\/\/www.almega.se\/#\/schema\/person\/432bf15cd5b8c34477366237d76e0e28","name":"Sandra Mildenberger","image":{"@type":"ImageObject","inLanguage":"sv-SE","@id":"https:\/\/www.almega.se\/#\/schema\/person\/image\/","url":"https:\/\/secure.gravatar.com\/avatar\/303ee6ef75fa0849b0b85e527659b8bf3457cd9509f76c13628965581b041b41?s=96&d=mm&r=g","contentUrl":"https:\/\/secure.gravatar.com\/avatar\/303ee6ef75fa0849b0b85e527659b8bf3457cd9509f76c13628965581b041b41?s=96&d=mm&r=g","caption":"Sandra Mildenberger"},"url":"https:\/\/www.almega.se\/person\/sandramildenberger\/"}]}},"_links":{"self":[{"href":"https:\/\/www.almega.se\/api\/wp\/v2\/posts\/83107","targetHints":{"allow":["GET"]}}],"collection":[{"href":"https:\/\/www.almega.se\/api\/wp\/v2\/posts"}],"about":[{"href":"https:\/\/www.almega.se\/api\/wp\/v2\/types\/post"}],"author":[{"embeddable":true,"href":"https:\/\/www.almega.se\/api\/wp\/v2\/users\/21574"}],"replies":[{"embeddable":true,"href":"https:\/\/www.almega.se\/api\/wp\/v2\/comments?post=83107"}],"version-history":[{"count":6,"href":"https:\/\/www.almega.se\/api\/wp\/v2\/posts\/83107\/revisions"}],"predecessor-version":[{"id":83147,"href":"https:\/\/www.almega.se\/api\/wp\/v2\/posts\/83107\/revisions\/83147"}],"wp:featuredmedia":[{"embeddable":true,"href":"https:\/\/www.almega.se\/api\/wp\/v2\/media\/83113"}],"wp:attachment":[{"href":"https:\/\/www.almega.se\/api\/wp\/v2\/media?parent=83107"}],"wp:term":[{"taxonomy":"category","embeddable":true,"href":"https:\/\/www.almega.se\/api\/wp\/v2\/categories?post=83107"},{"taxonomy":"post_tag","embeddable":true,"href":"https:\/\/www.almega.se\/api\/wp\/v2\/tags?post=83107"},{"taxonomy":"type","embeddable":true,"href":"https:\/\/www.almega.se\/api\/wp\/v2\/article_type?post=83107"},{"taxonomy":"agreement","embeddable":true,"href":"https:\/\/www.almega.se\/api\/wp\/v2\/agreement?post=83107"}],"curies":[{"name":"wp","href":"https:\/\/api.w.org\/{rel}","templated":true}]}}