{"id":83049,"date":"2025-10-08T14:00:00","date_gmt":"2025-10-08T12:00:00","guid":{"rendered":"https:\/\/www.almega.se\/2025\/10\/nytt-kollektivavtal-bemanning-skolor\/"},"modified":"2025-10-08T14:03:44","modified_gmt":"2025-10-08T12:03:44","slug":"nytt-kollektivavtal-bemanning-skolor","status":"publish","type":"post","link":"https:\/\/www.almega.se\/2025\/10\/nytt-kollektivavtal-bemanning-skolor\/","title":{"rendered":"Nytt kollektivavtal: Bemanning Skolor"},"content":{"rendered":"\n<p class=\"intro\">Kompetensf\u00f6retagen har tecknat nytt kollektivavtal med Sveriges L\u00e4rare f\u00f6r Bemanning Skolor.\u00a0Det nya avtalet str\u00e4cker sig \u00f6ver 24 m\u00e5nader och den totala kostnadsramen ligger inom ramen f\u00f6r m\u00e4rket p\u00e5 svensk arbetsmarknad.<\/p>\n<p>\u2013 Tillsammans med facket har vi haft bra samtal och konstruktiva f\u00f6rhandlingar som resulterat i ett fortsatt konkurrenskraftigt kollektivavtal f\u00f6r branschen. Det s\u00e4ger Alva Palmqvist som \u00e4r ansvarig f\u00f6rhandlare p\u00e5 Kompetensf\u00f6retagen.<\/p>\n<p>Kollektivavtalet g\u00e4ller under perioden 1 september 2025 till 31 augusti 2027.<\/p>\n\n","protected":false},"excerpt":{"rendered":"<p>Kompetensf\u00f6retagen har tecknat nytt kollektivavtal med Sveriges L\u00e4rare f\u00f6r Bemanning Skolor.\u00a0Det nya avtalet str\u00e4cker sig \u00f6ver 24 m\u00e5nader och den totala kostnadsramen ligger inom ramen f\u00f6r m\u00e4rket p\u00e5 svensk arbetsmarknad.<\/p>\n","protected":false},"author":3380,"featured_media":83050,"comment_status":"closed","ping_status":"closed","sticky":false,"template":"","format":"standard","meta":{"_acf_changed":false,"footnotes":""},"categories":[636,724],"tags":[780],"article_type":[93],"agreement":[],"class_list":["post-83049","post","type-post","status-publish","format-standard","has-post-thumbnail","hentry","category-avtalsrorelse","category-kollektivavtal","tag-avtalsrorelsen-2025","type-pressmeddelanden"],"acf":[],"yoast_head":"<!-- This site is optimized with the Yoast SEO Premium plugin v26.8 (Yoast SEO v26.8) - https:\/\/yoast.com\/product\/yoast-seo-premium-wordpress\/ -->\n<title>Nytt kollektivavtal: Bemanning Skolor | Almega<\/title>\n<meta name=\"robots\" content=\"index, follow, max-snippet:-1, max-image-preview:large, max-video-preview:-1\" \/>\n<link rel=\"canonical\" href=\"https:\/\/www.almega.se\/2025\/10\/nytt-kollektivavtal-bemanning-skolor\/\" \/>\n<meta property=\"og:locale\" content=\"sv_SE\" \/>\n<meta property=\"og:type\" content=\"article\" \/>\n<meta property=\"og:title\" content=\"Nytt kollektivavtal: Bemanning Skolor\" \/>\n<meta property=\"og:description\" content=\"Kompetensf\u00f6retagen har tecknat nytt kollektivavtal med Sveriges L\u00e4rare f\u00f6r Bemanning Skolor.\u00a0Det nya avtalet str\u00e4cker sig \u00f6ver 24 m\u00e5nader och den totala kostnadsramen ligger inom ramen f\u00f6r m\u00e4rket p\u00e5 svensk arbetsmarknad.\" \/>\n<meta property=\"og:url\" content=\"https:\/\/www.almega.se\/2025\/10\/nytt-kollektivavtal-bemanning-skolor\/\" \/>\n<meta property=\"og:site_name\" content=\"Almega\" \/>\n<meta property=\"article:published_time\" content=\"2025-10-08T12:00:00+00:00\" \/>\n<meta property=\"article:modified_time\" content=\"2025-10-08T12:03:44+00:00\" \/>\n<meta property=\"og:image\" content=\"https:\/\/www.almega.se\/app\/uploads\/2025\/10\/11b23a86-025a-4939-94d3-b8b3cdd8e887.jpg\" \/>\n\t<meta property=\"og:image:width\" content=\"1180\" \/>\n\t<meta property=\"og:image:height\" content=\"885\" \/>\n\t<meta property=\"og:image:type\" content=\"image\/jpeg\" \/>\n<meta name=\"author\" content=\"Marianne Ahlgren\" \/>\n<meta name=\"twitter:card\" content=\"summary_large_image\" \/>\n<meta name=\"twitter:label1\" content=\"Skriven av\" \/>\n\t<meta name=\"twitter:data1\" content=\"Marianne Ahlgren\" \/>\n\t<meta name=\"twitter:label2\" content=\"Ber\u00e4knad l\u00e4stid\" \/>\n\t<meta name=\"twitter:data2\" content=\"1 minut\" \/>\n<!-- \/ Yoast SEO Premium plugin. -->","yoast_head_json":{"title":"Nytt kollektivavtal: Bemanning Skolor | Almega","robots":{"index":"index","follow":"follow","max-snippet":"max-snippet:-1","max-image-preview":"max-image-preview:large","max-video-preview":"max-video-preview:-1"},"canonical":"https:\/\/www.almega.se\/2025\/10\/nytt-kollektivavtal-bemanning-skolor\/","og_locale":"sv_SE","og_type":"article","og_title":"Nytt kollektivavtal: Bemanning Skolor","og_description":"Kompetensf\u00f6retagen har tecknat nytt kollektivavtal med Sveriges L\u00e4rare f\u00f6r Bemanning Skolor.\u00a0Det nya avtalet str\u00e4cker sig \u00f6ver 24 m\u00e5nader och den totala kostnadsramen ligger inom ramen f\u00f6r m\u00e4rket p\u00e5 svensk arbetsmarknad.","og_url":"https:\/\/www.almega.se\/2025\/10\/nytt-kollektivavtal-bemanning-skolor\/","og_site_name":"Almega","article_published_time":"2025-10-08T12:00:00+00:00","article_modified_time":"2025-10-08T12:03:44+00:00","og_image":[{"width":1180,"height":885,"url":"https:\/\/www.almega.se\/app\/uploads\/2025\/10\/11b23a86-025a-4939-94d3-b8b3cdd8e887.jpg","type":"image\/jpeg"}],"author":"Marianne Ahlgren","twitter_card":"summary_large_image","twitter_misc":{"Skriven av":"Marianne Ahlgren","Ber\u00e4knad l\u00e4stid":"1 minut"},"schema":{"@context":"https:\/\/schema.org","@graph":[{"@type":"NewsArticle","@id":"https:\/\/www.almega.se\/2025\/10\/nytt-kollektivavtal-bemanning-skolor\/#article","isPartOf":{"@id":"https:\/\/www.almega.se\/2025\/10\/nytt-kollektivavtal-bemanning-skolor\/"},"author":{"name":"Marianne Ahlgren","@id":"https:\/\/www.almega.se\/#\/schema\/person\/860599f2ded56005a909a04b92cf7035"},"headline":"Nytt kollektivavtal: Bemanning Skolor","datePublished":"2025-10-08T12:00:00+00:00","dateModified":"2025-10-08T12:03:44+00:00","mainEntityOfPage":{"@id":"https:\/\/www.almega.se\/2025\/10\/nytt-kollektivavtal-bemanning-skolor\/"},"wordCount":84,"image":{"@id":"https:\/\/www.almega.se\/2025\/10\/nytt-kollektivavtal-bemanning-skolor\/#primaryimage"},"thumbnailUrl":"https:\/\/www.almega.se\/app\/uploads\/2025\/10\/11b23a86-025a-4939-94d3-b8b3cdd8e887.jpg","keywords":["avtalsr\u00f6relsen 2025"],"articleSection":["Avtalsr\u00f6relse","Kollektivavtal"],"inLanguage":"sv-SE"},{"@type":"WebPage","@id":"https:\/\/www.almega.se\/2025\/10\/nytt-kollektivavtal-bemanning-skolor\/","url":"https:\/\/www.almega.se\/2025\/10\/nytt-kollektivavtal-bemanning-skolor\/","name":"Nytt kollektivavtal: Bemanning Skolor | Almega","isPartOf":{"@id":"https:\/\/www.almega.se\/#website"},"primaryImageOfPage":{"@id":"https:\/\/www.almega.se\/2025\/10\/nytt-kollektivavtal-bemanning-skolor\/#primaryimage"},"image":{"@id":"https:\/\/www.almega.se\/2025\/10\/nytt-kollektivavtal-bemanning-skolor\/#primaryimage"},"thumbnailUrl":"https:\/\/www.almega.se\/app\/uploads\/2025\/10\/11b23a86-025a-4939-94d3-b8b3cdd8e887.jpg","datePublished":"2025-10-08T12:00:00+00:00","dateModified":"2025-10-08T12:03:44+00:00","author":{"@id":"https:\/\/www.almega.se\/#\/schema\/person\/860599f2ded56005a909a04b92cf7035"},"breadcrumb":{"@id":"https:\/\/www.almega.se\/2025\/10\/nytt-kollektivavtal-bemanning-skolor\/#breadcrumb"},"inLanguage":"sv-SE","potentialAction":[{"@type":"ReadAction","target":["https:\/\/www.almega.se\/2025\/10\/nytt-kollektivavtal-bemanning-skolor\/"]}]},{"@type":"ImageObject","inLanguage":"sv-SE","@id":"https:\/\/www.almega.se\/2025\/10\/nytt-kollektivavtal-bemanning-skolor\/#primaryimage","url":"https:\/\/www.almega.se\/app\/uploads\/2025\/10\/11b23a86-025a-4939-94d3-b8b3cdd8e887.jpg","contentUrl":"https:\/\/www.almega.se\/app\/uploads\/2025\/10\/11b23a86-025a-4939-94d3-b8b3cdd8e887.jpg","width":1180,"height":885,"caption":"Alva Palmqvist"},{"@type":"BreadcrumbList","@id":"https:\/\/www.almega.se\/2025\/10\/nytt-kollektivavtal-bemanning-skolor\/#breadcrumb","itemListElement":[{"@type":"ListItem","position":1,"name":"Home","item":"https:\/\/www.almega.se\/"},{"@type":"ListItem","position":2,"name":"Nytt kollektivavtal: Bemanning Skolor"}]},{"@type":"WebSite","@id":"https:\/\/www.almega.se\/#website","url":"https:\/\/www.almega.se\/","name":"Almega","description":"","potentialAction":[{"@type":"SearchAction","target":{"@type":"EntryPoint","urlTemplate":"https:\/\/www.almega.se\/?s={search_term_string}"},"query-input":{"@type":"PropertyValueSpecification","valueRequired":true,"valueName":"search_term_string"}}],"inLanguage":"sv-SE"},{"@type":"Person","@id":"https:\/\/www.almega.se\/#\/schema\/person\/860599f2ded56005a909a04b92cf7035","name":"Marianne Ahlgren","image":{"@type":"ImageObject","inLanguage":"sv-SE","@id":"https:\/\/www.almega.se\/#\/schema\/person\/image\/","url":"https:\/\/secure.gravatar.com\/avatar\/4c350e8b0dd656a6bbe04785780665ac53c7b373c038b1140ce3ae5e8cb21bef?s=96&d=mm&r=g","contentUrl":"https:\/\/secure.gravatar.com\/avatar\/4c350e8b0dd656a6bbe04785780665ac53c7b373c038b1140ce3ae5e8cb21bef?s=96&d=mm&r=g","caption":"Marianne Ahlgren"},"url":"https:\/\/www.almega.se\/person\/marianneahlgren\/"}]}},"_links":{"self":[{"href":"https:\/\/www.almega.se\/api\/wp\/v2\/posts\/83049","targetHints":{"allow":["GET"]}}],"collection":[{"href":"https:\/\/www.almega.se\/api\/wp\/v2\/posts"}],"about":[{"href":"https:\/\/www.almega.se\/api\/wp\/v2\/types\/post"}],"author":[{"embeddable":true,"href":"https:\/\/www.almega.se\/api\/wp\/v2\/users\/3380"}],"replies":[{"embeddable":true,"href":"https:\/\/www.almega.se\/api\/wp\/v2\/comments?post=83049"}],"version-history":[{"count":1,"href":"https:\/\/www.almega.se\/api\/wp\/v2\/posts\/83049\/revisions"}],"predecessor-version":[{"id":83051,"href":"https:\/\/www.almega.se\/api\/wp\/v2\/posts\/83049\/revisions\/83051"}],"wp:featuredmedia":[{"embeddable":true,"href":"https:\/\/www.almega.se\/api\/wp\/v2\/media\/83050"}],"wp:attachment":[{"href":"https:\/\/www.almega.se\/api\/wp\/v2\/media?parent=83049"}],"wp:term":[{"taxonomy":"category","embeddable":true,"href":"https:\/\/www.almega.se\/api\/wp\/v2\/categories?post=83049"},{"taxonomy":"post_tag","embeddable":true,"href":"https:\/\/www.almega.se\/api\/wp\/v2\/tags?post=83049"},{"taxonomy":"type","embeddable":true,"href":"https:\/\/www.almega.se\/api\/wp\/v2\/article_type?post=83049"},{"taxonomy":"agreement","embeddable":true,"href":"https:\/\/www.almega.se\/api\/wp\/v2\/agreement?post=83049"}],"curies":[{"name":"wp","href":"https:\/\/api.w.org\/{rel}","templated":true}]}}