{"id":83041,"date":"2025-10-08T14:13:06","date_gmt":"2025-10-08T12:13:06","guid":{"rendered":"https:\/\/www.almega.se\/?p=83041"},"modified":"2025-11-11T13:14:15","modified_gmt":"2025-11-11T12:14:15","slug":"moderskeppet-fran-pionjar-till-sveriges-storsta-onlineutbildare","status":"publish","type":"post","link":"https:\/\/www.almega.se\/2025\/10\/moderskeppet-fran-pionjar-till-sveriges-storsta-onlineutbildare\/","title":{"rendered":"Moderskeppet \u2013 fr\u00e5n pionj\u00e4r till Sveriges st\u00f6rsta onlineutbildare"},"content":{"rendered":"<p class=\"intro\">Moderskeppet hj\u00e4lper tusentals m\u00e4nniskor att v\u00e4xa i sitt yrkesliv genom att g\u00f6ra l\u00e4rande b\u00e5de tillg\u00e4ngligt och inspirerande. Med ett starkt fokus p\u00e5 pedagogik, kvalitet och personlig kontakt har de byggt Sveriges st\u00f6rsta plattform f\u00f6r kompetensutveckling online.<\/p>\n\n<p>Vi har pratat med Josefina Sahlin, vd p\u00e5 Moderskeppet, om f\u00f6retagets resa, varf\u00f6r de valt att vara medlemmar i Almega \u2013 och vad de uppskattar mest med v\u00e5ra n\u00e4tverk och evenemang.<\/p>\n\n\n<a class='Share__link Share__link--url copy-text' href='#' rel='nofollow' data-text='hej-josefina!-beratta-om-ert-foretag.' title='Dela url' data-confirmation='L\u00e4nken kopierades till urklipp'><svg class='icon icon--link'  width='18' height='18' viewBox='0 0 18 18' fill='none' xmlns='http:\/\/www.w3.org\/2000\/svg'>\n            <path d='M10.4142 0.514721L6.87868 4.05025L8.29289 5.46447L11.1213 2.63604L15.364 6.87868L12.5355 9.70711L13.9497 11.1213L17.4853 7.58579C17.8763 7.19476 17.8763 6.5626 17.4853 6.17158L11.8284 0.514721C11.4374 0.123691 10.8052 0.123691 10.4142 0.514721Z' fill='black'\/>\n            <path d='M9.7071 12.5355L6.87868 15.364L2.63604 11.1213L5.46446 8.2929L4.05025 6.87868L0.514716 10.4142C0.123686 10.8052 0.123686 11.4374 0.514716 11.8284L6.17157 17.4853C6.5626 17.8763 7.19475 17.8763 7.58578 17.4853L11.1213 13.9497L9.7071 12.5355Z' fill='black'\/>\n            <path d='M6.17157 11.8284C6.5626 12.2195 7.19475 12.2195 7.58578 11.8284L11.8284 7.58579C12.2195 7.19476 12.2195 6.56261 11.8284 6.17158C11.4374 5.78055 10.8052 5.78055 10.4142 6.17158L6.17157 10.4142C5.78054 10.8052 5.78054 11.4374 6.17157 11.8284Z' fill='black'\/>\n            <\/svg> <\/a>\n<h2 class=\"wp-block-heading\" id=\"h-hej-josefina-beratta-om-ert-foretag\">Hej Josefina! Ber\u00e4tta om ert f\u00f6retag.<\/h2>\n\n\n\n<p>&#8211; Moderskeppet \u00e4r Sveriges st\u00f6rsta plattform f\u00f6r kompetensutveckling. Vi har \u00f6ver 20 000 aktiva anv\u00e4ndare som utforskar och ta del av ett bibliotek med \u00f6ver 500 kurser. Vi \u00e4r idag 21 medarbetare och ett 50-tal \u00e4mnesexperter. Vi hj\u00e4lper f\u00f6retag att h\u00e4nga med helt enkelt n\u00e4r arbetslivet f\u00f6r\u00e4ndras snabbt. Att f\u00f6rfina och utveckla l\u00e4randet \u00e4r en drivkraft som aldrig avtar, och att vara personliga och pedagogiska \u00e4r en kultur som genomsyrar v\u00e5r verksamhet. B\u00e5de internt och mot v\u00e5ra kunder.<\/p>\n\n\n<a class='Share__link Share__link--url copy-text' href='#' rel='nofollow' data-text='varfor-ar-ni-medlem-i-utbildningsforetagen?' title='Dela url' data-confirmation='L\u00e4nken kopierades till urklipp'><svg class='icon icon--link'  width='18' height='18' viewBox='0 0 18 18' fill='none' xmlns='http:\/\/www.w3.org\/2000\/svg'>\n            <path d='M10.4142 0.514721L6.87868 4.05025L8.29289 5.46447L11.1213 2.63604L15.364 6.87868L12.5355 9.70711L13.9497 11.1213L17.4853 7.58579C17.8763 7.19476 17.8763 6.5626 17.4853 6.17158L11.8284 0.514721C11.4374 0.123691 10.8052 0.123691 10.4142 0.514721Z' fill='black'\/>\n            <path d='M9.7071 12.5355L6.87868 15.364L2.63604 11.1213L5.46446 8.2929L4.05025 6.87868L0.514716 10.4142C0.123686 10.8052 0.123686 11.4374 0.514716 11.8284L6.17157 17.4853C6.5626 17.8763 7.19475 17.8763 7.58578 17.4853L11.1213 13.9497L9.7071 12.5355Z' fill='black'\/>\n            <path d='M6.17157 11.8284C6.5626 12.2195 7.19475 12.2195 7.58578 11.8284L11.8284 7.58579C12.2195 7.19476 12.2195 6.56261 11.8284 6.17158C11.4374 5.78055 10.8052 5.78055 10.4142 6.17158L6.17157 10.4142C5.78054 10.8052 5.78054 11.4374 6.17157 11.8284Z' fill='black'\/>\n            <\/svg> <\/a>\n<h2 class=\"wp-block-heading\" id=\"h-varfor-ar-ni-medlem-i-utbildningsforetagen\">Varf\u00f6r \u00e4r ni medlem i Utbildningsf\u00f6retagen?<\/h2>\n\n\n\n<p>&#8211; F\u00f6r att vi ska kunna fokusera p\u00e5 det som vi \u00e4r b\u00e4st p\u00e5 och kunna f\u00e5 st\u00f6d fr\u00e5n Almega i de fr\u00e5gor som ni \u00e4r b\u00e4st p\u00e5. Det \u00e4r en enorm trygghet att ha det branschanpassade kollektivavtalet som vi har genom er, och \u00e4ven den arbetsr\u00e4ttsliga r\u00e5dgivningen de g\u00e5nger vi haft behov av den. Det har fungerat alldeles utm\u00e4rkt b\u00e5de \u00f6ver telefon, mail och i dialog d\u00e4r en facklig part varit involverad.<\/p>\n\n\n<a class='Share__link Share__link--url copy-text' href='#' rel='nofollow' data-text='brukar-du-delta-i-nagra-evenemang-eller-natverk?' title='Dela url' data-confirmation='L\u00e4nken kopierades till urklipp'><svg class='icon icon--link'  width='18' height='18' viewBox='0 0 18 18' fill='none' xmlns='http:\/\/www.w3.org\/2000\/svg'>\n            <path d='M10.4142 0.514721L6.87868 4.05025L8.29289 5.46447L11.1213 2.63604L15.364 6.87868L12.5355 9.70711L13.9497 11.1213L17.4853 7.58579C17.8763 7.19476 17.8763 6.5626 17.4853 6.17158L11.8284 0.514721C11.4374 0.123691 10.8052 0.123691 10.4142 0.514721Z' fill='black'\/>\n            <path d='M9.7071 12.5355L6.87868 15.364L2.63604 11.1213L5.46446 8.2929L4.05025 6.87868L0.514716 10.4142C0.123686 10.8052 0.123686 11.4374 0.514716 11.8284L6.17157 17.4853C6.5626 17.8763 7.19475 17.8763 7.58578 17.4853L11.1213 13.9497L9.7071 12.5355Z' fill='black'\/>\n            <path d='M6.17157 11.8284C6.5626 12.2195 7.19475 12.2195 7.58578 11.8284L11.8284 7.58579C12.2195 7.19476 12.2195 6.56261 11.8284 6.17158C11.4374 5.78055 10.8052 5.78055 10.4142 6.17158L6.17157 10.4142C5.78054 10.8052 5.78054 11.4374 6.17157 11.8284Z' fill='black'\/>\n            <\/svg> <\/a>\n<h2 class=\"wp-block-heading\" id=\"h-brukar-du-delta-i-nagra-evenemang-eller-natverk\">Brukar du delta i n\u00e5gra evenemang eller n\u00e4tverk?<\/h2>\n\n\n\n<p>&#8211; Ja, vi deltar bland annat p\u00e5 Utbildningsf\u00f6retagens branschdag, och det \u00e4r alltid lika givande att f\u00e5 ta del av de intressanta f\u00f6rel\u00e4sningarna, men \u00e4ven att tr\u00e4ffa andra f\u00f6retag som arbetar med l\u00e4rande och kompetensutveckling. Det \u00e4r viktigt att ha den h\u00e4r formen av kommunikationsplattformar och m\u00f6jligheten att lyfta hela branschen. Ju fler f\u00f6retag som arbetar aktivt med l\u00e4rande och kompetensutveckling desto b\u00e4ttre f\u00f6r alla.<\/p>\n\n\n\n<p>Sedan missar jag aldrig Almegadagen. Det s\u00e5 lyxigt att bli serverad allt p\u00e5 samma dag &#8211; f\u00f6r\u00e4ndringar i lagar, aktuella tolkningar av lagar och intressanta \u00e4mnen. Det uppskattas verkligen att det g\u00e5r att vara med p\u00e5 distans.<\/p>\n\n\n\n      <a href=\"https:\/\/www.almega.se\/bli-medlem\/\" target=\"_blank\" class=\"Button is-text Button--squiggly-arrow-link\">\n      \n        Intresserad av att blir medlem? L\u00e4s mer om medlemskapet. \n      \n      \n                \n                <svg class='icon icon--squiggly-arrow-link'  width=\"114\" height=\"36\" viewBox=\"0 0 114 36\" fill=\"none\" xmlns=\"http:\/\/www.w3.org\/2000\/svg\">\n<path d=\"M0.591797 18.5C7.0918 18.5 11.5209 19.9081 13.4345 14.5C14.3308 11.9657 14.3461 11.9541 15.0839 9.38315C15.7735 6.97969 17.3449 4.54993 19.8345 3.93399C22.9224 3.16984 26.0805 5.67017 27.0204 8.62798C27.9603 11.5851 27.243 14.7829 26.3407 17.751C25.4378 20.719 24.34 23.7256 24.5322 26.8156C24.7244 29.9049 26.6162 33.154 29.7193 33.8559C33.0114 34.5995 36.3563 32.146 37.6741 29.1234C38.9912 26.0995 38.7745 22.6791 38.4839 19.4082C38.1926 16.1373 37.8656 12.7464 38.9918 9.65134C40.1187 6.55559 43.1657 3.84801 46.5259 4.19961C49.9434 4.55763 52.3227 7.90617 52.8134 11.2104C53.3042 14.5147 52.3993 17.8408 51.8259 21.1322C51.2526 24.4237 51.0624 28.0141 52.8029 30.8923C54.221 33.2393 56.8902 34.826 59.6869 34.9864C62.4836 35.1468 65.3259 33.8758 67.0188 31.7072C69.5136 28.5126 69.3227 24.0689 68.5255 20.1345C67.7289 16.1996 66.4369 12.2139 67.1225 8.2597C67.8081 4.30548 71.3849 0.426331 75.4597 1.0705C78.5034 1.55171 80.6627 4.37413 81.4078 7.28189C82.1528 10.189 81.8133 13.2366 81.7711 16.2323C81.7288 19.2279 82.0551 22.4052 83.8874 24.8144C86.657 28.4555 91.9762 29.2197 96.6072 28.7147C101.239 28.2098 105.813 25.7501 110.457 26.1383\" stroke=\"black\" stroke-width=\"2\" stroke-miterlimit=\"10\"\/>\n<path d=\"M105.097 35L111.68 25.3613L102.457 18.2063\" stroke=\"black\" stroke-width=\"2\" stroke-miterlimit=\"10\"\/>\n<\/svg>\n\n        \n    <\/a>\n  \n","protected":false},"excerpt":{"rendered":"<p>&#8221;Det \u00e4r en enorm trygghet att ha det branschanpassade kollektivavtalet som vi har genom Almega och \u00e4ven den arbetsr\u00e4ttsliga r\u00e5dgivningen de g\u00e5nger vi haft behov av den&#8221; s\u00e4ger Josefina Sahlin, vd p\u00e5 Moderskeppet<\/p>\n","protected":false},"author":21574,"featured_media":83043,"comment_status":"closed","ping_status":"closed","sticky":false,"template":"","format":"standard","meta":{"_acf_changed":false,"footnotes":""},"categories":[603],"tags":[],"article_type":[787],"agreement":[],"class_list":["post-83041","post","type-post","status-publish","format-standard","has-post-thumbnail","hentry","category-almega","type-hejmedlem"],"acf":[],"yoast_head":"<!-- This site is optimized with the Yoast SEO Premium plugin v26.8 (Yoast SEO v26.8) - https:\/\/yoast.com\/product\/yoast-seo-premium-wordpress\/ -->\n<title>Moderskeppet \u2013 fr\u00e5n pionj\u00e4r till Sveriges st\u00f6rsta onlineutbildare | Almega<\/title>\n<meta name=\"robots\" content=\"index, follow, max-snippet:-1, max-image-preview:large, max-video-preview:-1\" \/>\n<link rel=\"canonical\" href=\"https:\/\/www.almega.se\/2025\/10\/moderskeppet-fran-pionjar-till-sveriges-storsta-onlineutbildare\/\" \/>\n<meta property=\"og:locale\" content=\"sv_SE\" \/>\n<meta property=\"og:type\" content=\"article\" \/>\n<meta property=\"og:title\" content=\"Moderskeppet \u2013 fr\u00e5n pionj\u00e4r till Sveriges st\u00f6rsta onlineutbildare\" \/>\n<meta property=\"og:description\" content=\"&quot;Det \u00e4r en enorm trygghet att ha det branschanpassade kollektivavtalet som vi har genom Almega och \u00e4ven den arbetsr\u00e4ttsliga r\u00e5dgivningen de g\u00e5nger vi haft behov av den&quot; s\u00e4ger Josefina Sahlin, vd p\u00e5 Moderskeppet\" \/>\n<meta property=\"og:url\" content=\"https:\/\/www.almega.se\/2025\/10\/moderskeppet-fran-pionjar-till-sveriges-storsta-onlineutbildare\/\" \/>\n<meta property=\"og:site_name\" content=\"Almega\" \/>\n<meta property=\"article:published_time\" content=\"2025-10-08T12:13:06+00:00\" \/>\n<meta property=\"article:modified_time\" content=\"2025-11-11T12:14:15+00:00\" \/>\n<meta property=\"og:image\" content=\"https:\/\/www.almega.se\/app\/uploads\/2025\/10\/Case-1920x1080-9-scaled.png\" \/>\n\t<meta property=\"og:image:width\" content=\"2560\" \/>\n\t<meta property=\"og:image:height\" content=\"1440\" \/>\n\t<meta property=\"og:image:type\" content=\"image\/png\" \/>\n<meta name=\"author\" content=\"Sandra Mildenberger\" \/>\n<meta name=\"twitter:card\" content=\"summary_large_image\" \/>\n<meta name=\"twitter:label1\" content=\"Skriven av\" \/>\n\t<meta name=\"twitter:data1\" content=\"Sandra Mildenberger\" \/>\n\t<meta name=\"twitter:label2\" content=\"Ber\u00e4knad l\u00e4stid\" \/>\n\t<meta name=\"twitter:data2\" content=\"2 minuter\" \/>\n<!-- \/ Yoast SEO Premium plugin. -->","yoast_head_json":{"title":"Moderskeppet \u2013 fr\u00e5n pionj\u00e4r till Sveriges st\u00f6rsta onlineutbildare | Almega","robots":{"index":"index","follow":"follow","max-snippet":"max-snippet:-1","max-image-preview":"max-image-preview:large","max-video-preview":"max-video-preview:-1"},"canonical":"https:\/\/www.almega.se\/2025\/10\/moderskeppet-fran-pionjar-till-sveriges-storsta-onlineutbildare\/","og_locale":"sv_SE","og_type":"article","og_title":"Moderskeppet \u2013 fr\u00e5n pionj\u00e4r till Sveriges st\u00f6rsta onlineutbildare","og_description":"\"Det \u00e4r en enorm trygghet att ha det branschanpassade kollektivavtalet som vi har genom Almega och \u00e4ven den arbetsr\u00e4ttsliga r\u00e5dgivningen de g\u00e5nger vi haft behov av den\" s\u00e4ger Josefina Sahlin, vd p\u00e5 Moderskeppet","og_url":"https:\/\/www.almega.se\/2025\/10\/moderskeppet-fran-pionjar-till-sveriges-storsta-onlineutbildare\/","og_site_name":"Almega","article_published_time":"2025-10-08T12:13:06+00:00","article_modified_time":"2025-11-11T12:14:15+00:00","og_image":[{"width":2560,"height":1440,"url":"https:\/\/www.almega.se\/app\/uploads\/2025\/10\/Case-1920x1080-9-scaled.png","type":"image\/png"}],"author":"Sandra Mildenberger","twitter_card":"summary_large_image","twitter_misc":{"Skriven av":"Sandra Mildenberger","Ber\u00e4knad l\u00e4stid":"2 minuter"},"schema":{"@context":"https:\/\/schema.org","@graph":[{"@type":"NewsArticle","@id":"https:\/\/www.almega.se\/2025\/10\/moderskeppet-fran-pionjar-till-sveriges-storsta-onlineutbildare\/#article","isPartOf":{"@id":"https:\/\/www.almega.se\/2025\/10\/moderskeppet-fran-pionjar-till-sveriges-storsta-onlineutbildare\/"},"author":{"name":"Sandra Mildenberger","@id":"https:\/\/www.almega.se\/#\/schema\/person\/432bf15cd5b8c34477366237d76e0e28"},"headline":"Moderskeppet \u2013 fr\u00e5n pionj\u00e4r till Sveriges st\u00f6rsta onlineutbildare","datePublished":"2025-10-08T12:13:06+00:00","dateModified":"2025-11-11T12:14:15+00:00","mainEntityOfPage":{"@id":"https:\/\/www.almega.se\/2025\/10\/moderskeppet-fran-pionjar-till-sveriges-storsta-onlineutbildare\/"},"wordCount":360,"image":{"@id":"https:\/\/www.almega.se\/2025\/10\/moderskeppet-fran-pionjar-till-sveriges-storsta-onlineutbildare\/#primaryimage"},"thumbnailUrl":"https:\/\/www.almega.se\/app\/uploads\/2025\/10\/Case-1920x1080-9-scaled.png","articleSection":["Almega"],"inLanguage":"sv-SE"},{"@type":"WebPage","@id":"https:\/\/www.almega.se\/2025\/10\/moderskeppet-fran-pionjar-till-sveriges-storsta-onlineutbildare\/","url":"https:\/\/www.almega.se\/2025\/10\/moderskeppet-fran-pionjar-till-sveriges-storsta-onlineutbildare\/","name":"Moderskeppet \u2013 fr\u00e5n pionj\u00e4r till Sveriges st\u00f6rsta onlineutbildare | Almega","isPartOf":{"@id":"https:\/\/www.almega.se\/#website"},"primaryImageOfPage":{"@id":"https:\/\/www.almega.se\/2025\/10\/moderskeppet-fran-pionjar-till-sveriges-storsta-onlineutbildare\/#primaryimage"},"image":{"@id":"https:\/\/www.almega.se\/2025\/10\/moderskeppet-fran-pionjar-till-sveriges-storsta-onlineutbildare\/#primaryimage"},"thumbnailUrl":"https:\/\/www.almega.se\/app\/uploads\/2025\/10\/Case-1920x1080-9-scaled.png","datePublished":"2025-10-08T12:13:06+00:00","dateModified":"2025-11-11T12:14:15+00:00","author":{"@id":"https:\/\/www.almega.se\/#\/schema\/person\/432bf15cd5b8c34477366237d76e0e28"},"breadcrumb":{"@id":"https:\/\/www.almega.se\/2025\/10\/moderskeppet-fran-pionjar-till-sveriges-storsta-onlineutbildare\/#breadcrumb"},"inLanguage":"sv-SE","potentialAction":[{"@type":"ReadAction","target":["https:\/\/www.almega.se\/2025\/10\/moderskeppet-fran-pionjar-till-sveriges-storsta-onlineutbildare\/"]}]},{"@type":"ImageObject","inLanguage":"sv-SE","@id":"https:\/\/www.almega.se\/2025\/10\/moderskeppet-fran-pionjar-till-sveriges-storsta-onlineutbildare\/#primaryimage","url":"https:\/\/www.almega.se\/app\/uploads\/2025\/10\/Case-1920x1080-9-scaled.png","contentUrl":"https:\/\/www.almega.se\/app\/uploads\/2025\/10\/Case-1920x1080-9-scaled.png","width":2560,"height":1440},{"@type":"BreadcrumbList","@id":"https:\/\/www.almega.se\/2025\/10\/moderskeppet-fran-pionjar-till-sveriges-storsta-onlineutbildare\/#breadcrumb","itemListElement":[{"@type":"ListItem","position":1,"name":"Home","item":"https:\/\/www.almega.se\/"},{"@type":"ListItem","position":2,"name":"Moderskeppet \u2013 fr\u00e5n pionj\u00e4r till Sveriges st\u00f6rsta onlineutbildare"}]},{"@type":"WebSite","@id":"https:\/\/www.almega.se\/#website","url":"https:\/\/www.almega.se\/","name":"Almega","description":"","potentialAction":[{"@type":"SearchAction","target":{"@type":"EntryPoint","urlTemplate":"https:\/\/www.almega.se\/?s={search_term_string}"},"query-input":{"@type":"PropertyValueSpecification","valueRequired":true,"valueName":"search_term_string"}}],"inLanguage":"sv-SE"},{"@type":"Person","@id":"https:\/\/www.almega.se\/#\/schema\/person\/432bf15cd5b8c34477366237d76e0e28","name":"Sandra Mildenberger","image":{"@type":"ImageObject","inLanguage":"sv-SE","@id":"https:\/\/www.almega.se\/#\/schema\/person\/image\/","url":"https:\/\/secure.gravatar.com\/avatar\/303ee6ef75fa0849b0b85e527659b8bf3457cd9509f76c13628965581b041b41?s=96&d=mm&r=g","contentUrl":"https:\/\/secure.gravatar.com\/avatar\/303ee6ef75fa0849b0b85e527659b8bf3457cd9509f76c13628965581b041b41?s=96&d=mm&r=g","caption":"Sandra Mildenberger"},"url":"https:\/\/www.almega.se\/person\/sandramildenberger\/"}]}},"_links":{"self":[{"href":"https:\/\/www.almega.se\/api\/wp\/v2\/posts\/83041","targetHints":{"allow":["GET"]}}],"collection":[{"href":"https:\/\/www.almega.se\/api\/wp\/v2\/posts"}],"about":[{"href":"https:\/\/www.almega.se\/api\/wp\/v2\/types\/post"}],"author":[{"embeddable":true,"href":"https:\/\/www.almega.se\/api\/wp\/v2\/users\/21574"}],"replies":[{"embeddable":true,"href":"https:\/\/www.almega.se\/api\/wp\/v2\/comments?post=83041"}],"version-history":[{"count":3,"href":"https:\/\/www.almega.se\/api\/wp\/v2\/posts\/83041\/revisions"}],"predecessor-version":[{"id":83923,"href":"https:\/\/www.almega.se\/api\/wp\/v2\/posts\/83041\/revisions\/83923"}],"wp:featuredmedia":[{"embeddable":true,"href":"https:\/\/www.almega.se\/api\/wp\/v2\/media\/83043"}],"wp:attachment":[{"href":"https:\/\/www.almega.se\/api\/wp\/v2\/media?parent=83041"}],"wp:term":[{"taxonomy":"category","embeddable":true,"href":"https:\/\/www.almega.se\/api\/wp\/v2\/categories?post=83041"},{"taxonomy":"post_tag","embeddable":true,"href":"https:\/\/www.almega.se\/api\/wp\/v2\/tags?post=83041"},{"taxonomy":"type","embeddable":true,"href":"https:\/\/www.almega.se\/api\/wp\/v2\/article_type?post=83041"},{"taxonomy":"agreement","embeddable":true,"href":"https:\/\/www.almega.se\/api\/wp\/v2\/agreement?post=83041"}],"curies":[{"name":"wp","href":"https:\/\/api.w.org\/{rel}","templated":true}]}}