{"id":82983,"date":"2025-10-07T12:03:25","date_gmt":"2025-10-07T10:03:25","guid":{"rendered":"https:\/\/www.almega.se\/?p=82983"},"modified":"2025-10-07T14:53:21","modified_gmt":"2025-10-07T12:53:21","slug":"tranpenad-bemanningsforetaget-med-stark-kultur-och-langsiktiga-samarbeten","status":"publish","type":"post","link":"https:\/\/www.almega.se\/2025\/10\/tranpenad-bemanningsforetaget-med-stark-kultur-och-langsiktiga-samarbeten\/","title":{"rendered":"Tranpenad \u2013 bemannings&shy;f\u00f6retaget med stark kultur och l\u00e5ngsiktiga samarbeten"},"content":{"rendered":"<p class=\"intro\"><span class=\"TextRun SCXW261696134 BCX8\" lang=\"SV-SE\" xml:lang=\"SV-SE\" data-contrast=\"auto\"><span class=\"NormalTextRun SCXW261696134 BCX8\">Med r\u00f6tterna i G\u00f6teborg har <\/span><\/span><span class=\"TextRun SCXW261696134 BCX8\" lang=\"SV-SE\" xml:lang=\"SV-SE\" data-contrast=\"auto\"><span class=\"NormalTextRun SpellingErrorV2Themed SCXW261696134 BCX8\">Tranpenad<\/span> <span class=\"NormalTextRun SCXW261696134 BCX8\">utve<\/span><\/span><span class=\"TextRun SCXW261696134 BCX8\" lang=\"SV-SE\" xml:lang=\"SV-SE\" data-contrast=\"auto\"><span class=\"NormalTextRun SCXW261696134 BCX8\">cklats till ett f\u00f6retag med cirka 2 000 konsulter. <\/span><span class=\"NormalTextRun SCXW261696134 BCX8\">H\u00e4r ber\u00e4ttar HR-chefen Camilla Thulin om en f<\/span><span class=\"NormalTextRun SCXW261696134 BCX8\">\u00f6retags<\/span><span class=\"NormalTextRun SCXW261696134 BCX8\">k<\/span><span class=\"NormalTextRun SCXW261696134 BCX8\">ultur <\/span><span class=\"NormalTextRun SCXW261696134 BCX8\">som <\/span><span class=\"NormalTextRun SCXW261696134 BCX8\">pr\u00e4glas av n\u00e4rhet och ansvar, och<\/span><span class=\"NormalTextRun SCXW261696134 BCX8\"> hur de<\/span><span class=\"NormalTextRun SCXW261696134 BCX8\"> genom Almega f\u00e5r b\u00e5de r\u00e5dgivning och omv\u00e4rldsbevakning <\/span><span class=\"NormalTextRun SCXW261696134 BCX8\">i en regelintensiv bransch.<\/span><\/span><span class=\"EOP SCXW261696134 BCX8\" data-ccp-props=\"{}\">\u00a0<\/span><\/p>\n<a class='Share__link Share__link--url copy-text' href='#' rel='nofollow' data-text='hej-camilla!-beratta-om-ert-foretag.' title='Dela url' data-confirmation='L\u00e4nken kopierades till urklipp'><svg class='icon icon--link'  width='18' height='18' viewBox='0 0 18 18' fill='none' xmlns='http:\/\/www.w3.org\/2000\/svg'>\n            <path d='M10.4142 0.514721L6.87868 4.05025L8.29289 5.46447L11.1213 2.63604L15.364 6.87868L12.5355 9.70711L13.9497 11.1213L17.4853 7.58579C17.8763 7.19476 17.8763 6.5626 17.4853 6.17158L11.8284 0.514721C11.4374 0.123691 10.8052 0.123691 10.4142 0.514721Z' fill='black'\/>\n            <path d='M9.7071 12.5355L6.87868 15.364L2.63604 11.1213L5.46446 8.2929L4.05025 6.87868L0.514716 10.4142C0.123686 10.8052 0.123686 11.4374 0.514716 11.8284L6.17157 17.4853C6.5626 17.8763 7.19475 17.8763 7.58578 17.4853L11.1213 13.9497L9.7071 12.5355Z' fill='black'\/>\n            <path d='M6.17157 11.8284C6.5626 12.2195 7.19475 12.2195 7.58578 11.8284L11.8284 7.58579C12.2195 7.19476 12.2195 6.56261 11.8284 6.17158C11.4374 5.78055 10.8052 5.78055 10.4142 6.17158L6.17157 10.4142C5.78054 10.8052 5.78054 11.4374 6.17157 11.8284Z' fill='black'\/>\n            <\/svg> <\/a>\n<h2 class=\"wp-block-heading\" id=\"h-hej-camilla-beratta-om-ert-foretag\">Hej Camilla! Ber\u00e4tta om ert f\u00f6retag.<\/h2>\n\n\n\n<p>&#8211; Tranpenad \u00e4r ett privat\u00e4gt f\u00f6retag som startade i G\u00f6teborg 1999 och sedan dess har vi haft en stabil och h\u00e5llbar tillv\u00e4xt. Genom \u00e5ren har vi skapat l\u00e5ngsiktiga partnerskap med n\u00e5gra av Sveriges st\u00f6rsta f\u00f6retag, och idag best\u00e5r v\u00e5r verksamhet av omkring 2 000 konsulter.<\/p>\n\n\n\n<p>Vi har en stark f\u00f6retagskultur som sitter i v\u00e4ggarna, d\u00e4r vi kombinerar n\u00e4rhet och engagemang med ett tydligt ansvarstagande. Hos oss \u00e4r relationerna i fokus, och vi tror att det \u00e4r just den personliga n\u00e4rvaron som g\u00f6r skillnad. Det g\u00e5r alltid att lyfta luren och ringa direkt till v\u00e5r vd, mig eller n\u00e5gon annan i v\u00e5r ledning, och v\u00e5ra konsultchefer \u00e4r ofta ute hos v\u00e5ra kunder. Vi har m\u00e5nga konsulter som har varit med oss v\u00e4ldigt l\u00e4nge nu, och d\u00e4rmed ocks\u00e5 s\u00e5klart blivit v\u00e4ldigt duktiga.<\/p>\n\n\n\n<p>F\u00f6r oss p\u00e5 Tranpenad handlar det om att ta ansvar och verkligen vara en bra arbetsgivare. Vi vill k\u00e4nna oss trygga med att allt fungerar som det ska, b\u00e5de f\u00f6r v\u00e5ra medarbetare och f\u00f6r v\u00e5ra kunder. V\u00e5ra kvalitetsst\u00e4mplar \u2013 kollektivavtal, auktorisation, ISO-certifieringar och etiska riktlinjer \u2013 \u00e4r ett s\u00e4tt att visa det. Vi tror, precis som Almega, att ansvar och kvalitet g\u00e5r hand i hand med att driva ett l\u00f6nsamt f\u00f6retag.<\/p>\n\n\n<a class='Share__link Share__link--url copy-text' href='#' rel='nofollow' data-text='hur-hjalper-ert-medlemskap-i-kompetensforetagen-er?' title='Dela url' data-confirmation='L\u00e4nken kopierades till urklipp'><svg class='icon icon--link'  width='18' height='18' viewBox='0 0 18 18' fill='none' xmlns='http:\/\/www.w3.org\/2000\/svg'>\n            <path d='M10.4142 0.514721L6.87868 4.05025L8.29289 5.46447L11.1213 2.63604L15.364 6.87868L12.5355 9.70711L13.9497 11.1213L17.4853 7.58579C17.8763 7.19476 17.8763 6.5626 17.4853 6.17158L11.8284 0.514721C11.4374 0.123691 10.8052 0.123691 10.4142 0.514721Z' fill='black'\/>\n            <path d='M9.7071 12.5355L6.87868 15.364L2.63604 11.1213L5.46446 8.2929L4.05025 6.87868L0.514716 10.4142C0.123686 10.8052 0.123686 11.4374 0.514716 11.8284L6.17157 17.4853C6.5626 17.8763 7.19475 17.8763 7.58578 17.4853L11.1213 13.9497L9.7071 12.5355Z' fill='black'\/>\n            <path d='M6.17157 11.8284C6.5626 12.2195 7.19475 12.2195 7.58578 11.8284L11.8284 7.58579C12.2195 7.19476 12.2195 6.56261 11.8284 6.17158C11.4374 5.78055 10.8052 5.78055 10.4142 6.17158L6.17157 10.4142C5.78054 10.8052 5.78054 11.4374 6.17157 11.8284Z' fill='black'\/>\n            <\/svg> <\/a>\n<h2 class=\"wp-block-heading\" id=\"h-hur-hjalper-ert-medlemskap-i-kompetensforetagen-er\">Hur hj\u00e4lper ert medlemskap i Kompetensf\u00f6retagen er?<\/h2>\n\n\n\n<p>&#8211; Bemanningsbranschen utm\u00e4rker sig eftersom den omfattar m\u00e5nga anst\u00e4llda och d\u00e4rmed ocks\u00e5 en m\u00e4ngd regler kring bemanning och anst\u00e4llningsformer. F\u00f6r att s\u00e4kerst\u00e4lla att alla personal\u00e4renden sk\u00f6ts korrekt har vi regelbunden kontakt med Almegas arbetsr\u00e4ttsliga r\u00e5dgivning, vilket ger oss en trygghet i att alltid ha en personlig kontakt att v\u00e4nda oss till och st\u00f6d i relation till facken.<\/p>\n\n\n\n<p>Samtidigt kr\u00e4vs det st\u00e4ndig omv\u00e4rldsbevakning. Jag g\u00e5r ofta in p\u00e5 Arbetsgivarguiden f\u00f6r att f\u00f6lja nyheter, aktuella domar och uppdateringar kring kollektivavtalen under p\u00e5g\u00e5ende avtalsf\u00f6rhandlingar. Det \u00e4r en trygg och tillf\u00f6rlitlig k\u00e4lla d\u00e4r jag h\u00e5ller mig ajour med utvecklingen i branschen. F\u00f6r v\u00e5r del har exempelvis uthyrningslagen varit s\u00e4rskilt aktuell.<\/p>\n\n\n\n<p>Men \u00e4ven n\u00e4tverken \u00e4r v\u00e4ldigt uppskattade. Jag \u00e4r med i ett n\u00e4tverk med HR-chefer som tr\u00e4ffas n\u00e5gra g\u00e5nger per \u00e5r. Vi har alltid m\u00e5nga gemensamma fr\u00e5gor att diskutera, och m\u00e5nga som \u00e4r specifika f\u00f6r v\u00e5r bransch vilket g\u00f6r kontakten s\u00e4rskilt v\u00e4rdefull.<\/p>\n\n\n\n<p>Utan medlemskapet i Almegaf\u00f6rbundet Kompetensf\u00f6retagen hade vi inte haft samma m\u00f6jlighet att utvecklas som arbetsgivare. Det \u00e4r en viktig pusselbit i att vi kan erbjuda trygghet, kvalitet och h\u00e5llbarhet \u2013 f\u00f6r b\u00e5de medarbetare och kunder.<\/p>\n\n\n\n      <a href=\"https:\/\/www.almega.se\/bli-medlem\/\" target=\"_blank\" class=\"Button is-text Button--squiggly-arrow-link\">\n      \n        Intresserad av att blir medlem? L\u00e4s mer om medlemskapet. \n      \n      \n                \n                <svg class='icon icon--squiggly-arrow-link'  width=\"114\" height=\"36\" viewBox=\"0 0 114 36\" fill=\"none\" xmlns=\"http:\/\/www.w3.org\/2000\/svg\">\n<path d=\"M0.591797 18.5C7.0918 18.5 11.5209 19.9081 13.4345 14.5C14.3308 11.9657 14.3461 11.9541 15.0839 9.38315C15.7735 6.97969 17.3449 4.54993 19.8345 3.93399C22.9224 3.16984 26.0805 5.67017 27.0204 8.62798C27.9603 11.5851 27.243 14.7829 26.3407 17.751C25.4378 20.719 24.34 23.7256 24.5322 26.8156C24.7244 29.9049 26.6162 33.154 29.7193 33.8559C33.0114 34.5995 36.3563 32.146 37.6741 29.1234C38.9912 26.0995 38.7745 22.6791 38.4839 19.4082C38.1926 16.1373 37.8656 12.7464 38.9918 9.65134C40.1187 6.55559 43.1657 3.84801 46.5259 4.19961C49.9434 4.55763 52.3227 7.90617 52.8134 11.2104C53.3042 14.5147 52.3993 17.8408 51.8259 21.1322C51.2526 24.4237 51.0624 28.0141 52.8029 30.8923C54.221 33.2393 56.8902 34.826 59.6869 34.9864C62.4836 35.1468 65.3259 33.8758 67.0188 31.7072C69.5136 28.5126 69.3227 24.0689 68.5255 20.1345C67.7289 16.1996 66.4369 12.2139 67.1225 8.2597C67.8081 4.30548 71.3849 0.426331 75.4597 1.0705C78.5034 1.55171 80.6627 4.37413 81.4078 7.28189C82.1528 10.189 81.8133 13.2366 81.7711 16.2323C81.7288 19.2279 82.0551 22.4052 83.8874 24.8144C86.657 28.4555 91.9762 29.2197 96.6072 28.7147C101.239 28.2098 105.813 25.7501 110.457 26.1383\" stroke=\"black\" stroke-width=\"2\" stroke-miterlimit=\"10\"\/>\n<path d=\"M105.097 35L111.68 25.3613L102.457 18.2063\" stroke=\"black\" stroke-width=\"2\" stroke-miterlimit=\"10\"\/>\n<\/svg>\n\n        \n    <\/a>\n  \n","protected":false},"excerpt":{"rendered":"<p>Hej Camilla! Ber\u00e4tta om ert f\u00f6retag. &#8211; Tranpenad \u00e4r ett privat\u00e4gt f\u00f6retag som startade i G\u00f6teborg 1999 och sedan dess har vi haft en stabil och h\u00e5llbar tillv\u00e4xt. Genom \u00e5ren har vi skapat l\u00e5ngsiktiga partnerskap &hellip;<\/p>\n","protected":false},"author":21574,"featured_media":82984,"comment_status":"closed","ping_status":"closed","sticky":false,"template":"","format":"standard","meta":{"_acf_changed":false,"footnotes":""},"categories":[603],"tags":[],"article_type":[787],"agreement":[],"class_list":["post-82983","post","type-post","status-publish","format-standard","has-post-thumbnail","hentry","category-almega","type-hejmedlem"],"acf":[],"yoast_head":"<!-- This site is optimized with the Yoast SEO Premium plugin v26.8 (Yoast SEO v26.8) - https:\/\/yoast.com\/product\/yoast-seo-premium-wordpress\/ -->\n<title>Tranpenad \u2013 bemanningsf\u00f6retaget med stark kultur och l\u00e5ngsiktiga samarbeten | Almega<\/title>\n<meta name=\"robots\" content=\"index, follow, max-snippet:-1, max-image-preview:large, max-video-preview:-1\" \/>\n<link rel=\"canonical\" href=\"https:\/\/www.almega.se\/2025\/10\/tranpenad-bemanningsforetaget-med-stark-kultur-och-langsiktiga-samarbeten\/\" \/>\n<meta property=\"og:locale\" content=\"sv_SE\" \/>\n<meta property=\"og:type\" content=\"article\" \/>\n<meta property=\"og:title\" content=\"Tranpenad \u2013 bemanningsf\u00f6retaget med stark kultur och l\u00e5ngsiktiga samarbeten\" \/>\n<meta property=\"og:description\" content=\"Hej Camilla! Ber\u00e4tta om ert f\u00f6retag. &#8211; Tranpenad \u00e4r ett privat\u00e4gt f\u00f6retag som startade i G\u00f6teborg 1999 och sedan dess har vi haft en stabil och h\u00e5llbar tillv\u00e4xt. Genom \u00e5ren har vi skapat l\u00e5ngsiktiga partnerskap &hellip;\" \/>\n<meta property=\"og:url\" content=\"https:\/\/www.almega.se\/2025\/10\/tranpenad-bemanningsforetaget-med-stark-kultur-och-langsiktiga-samarbeten\/\" \/>\n<meta property=\"og:site_name\" content=\"Almega\" \/>\n<meta property=\"article:published_time\" content=\"2025-10-07T10:03:25+00:00\" \/>\n<meta property=\"article:modified_time\" content=\"2025-10-07T12:53:21+00:00\" \/>\n<meta property=\"og:image\" content=\"https:\/\/www.almega.se\/app\/uploads\/2025\/10\/Case-1920x1080-7-scaled.png\" \/>\n\t<meta property=\"og:image:width\" content=\"2560\" \/>\n\t<meta property=\"og:image:height\" content=\"1440\" \/>\n\t<meta property=\"og:image:type\" content=\"image\/png\" \/>\n<meta name=\"author\" content=\"Sandra Mildenberger\" \/>\n<meta name=\"twitter:card\" content=\"summary_large_image\" \/>\n<meta name=\"twitter:label1\" content=\"Skriven av\" \/>\n\t<meta name=\"twitter:data1\" content=\"Sandra Mildenberger\" \/>\n\t<meta name=\"twitter:label2\" content=\"Ber\u00e4knad l\u00e4stid\" \/>\n\t<meta name=\"twitter:data2\" content=\"3 minuter\" \/>\n<!-- \/ Yoast SEO Premium plugin. -->","yoast_head_json":{"title":"Tranpenad \u2013 bemanningsf\u00f6retaget med stark kultur och l\u00e5ngsiktiga samarbeten | Almega","robots":{"index":"index","follow":"follow","max-snippet":"max-snippet:-1","max-image-preview":"max-image-preview:large","max-video-preview":"max-video-preview:-1"},"canonical":"https:\/\/www.almega.se\/2025\/10\/tranpenad-bemanningsforetaget-med-stark-kultur-och-langsiktiga-samarbeten\/","og_locale":"sv_SE","og_type":"article","og_title":"Tranpenad \u2013 bemanningsf\u00f6retaget med stark kultur och l\u00e5ngsiktiga samarbeten","og_description":"Hej Camilla! Ber\u00e4tta om ert f\u00f6retag. &#8211; Tranpenad \u00e4r ett privat\u00e4gt f\u00f6retag som startade i G\u00f6teborg 1999 och sedan dess har vi haft en stabil och h\u00e5llbar tillv\u00e4xt. Genom \u00e5ren har vi skapat l\u00e5ngsiktiga partnerskap &hellip;","og_url":"https:\/\/www.almega.se\/2025\/10\/tranpenad-bemanningsforetaget-med-stark-kultur-och-langsiktiga-samarbeten\/","og_site_name":"Almega","article_published_time":"2025-10-07T10:03:25+00:00","article_modified_time":"2025-10-07T12:53:21+00:00","og_image":[{"width":2560,"height":1440,"url":"https:\/\/www.almega.se\/app\/uploads\/2025\/10\/Case-1920x1080-7-scaled.png","type":"image\/png"}],"author":"Sandra Mildenberger","twitter_card":"summary_large_image","twitter_misc":{"Skriven av":"Sandra Mildenberger","Ber\u00e4knad l\u00e4stid":"3 minuter"},"schema":{"@context":"https:\/\/schema.org","@graph":[{"@type":"NewsArticle","@id":"https:\/\/www.almega.se\/2025\/10\/tranpenad-bemanningsforetaget-med-stark-kultur-och-langsiktiga-samarbeten\/#article","isPartOf":{"@id":"https:\/\/www.almega.se\/2025\/10\/tranpenad-bemanningsforetaget-med-stark-kultur-och-langsiktiga-samarbeten\/"},"author":{"name":"Sandra Mildenberger","@id":"https:\/\/www.almega.se\/#\/schema\/person\/432bf15cd5b8c34477366237d76e0e28"},"headline":"Tranpenad \u2013 bemannings&shy;f\u00f6retaget med stark kultur och l\u00e5ngsiktiga samarbeten","datePublished":"2025-10-07T10:03:25+00:00","dateModified":"2025-10-07T12:53:21+00:00","mainEntityOfPage":{"@id":"https:\/\/www.almega.se\/2025\/10\/tranpenad-bemanningsforetaget-med-stark-kultur-och-langsiktiga-samarbeten\/"},"wordCount":497,"image":{"@id":"https:\/\/www.almega.se\/2025\/10\/tranpenad-bemanningsforetaget-med-stark-kultur-och-langsiktiga-samarbeten\/#primaryimage"},"thumbnailUrl":"https:\/\/www.almega.se\/app\/uploads\/2025\/10\/Case-1920x1080-7-scaled.png","articleSection":["Almega"],"inLanguage":"sv-SE"},{"@type":"WebPage","@id":"https:\/\/www.almega.se\/2025\/10\/tranpenad-bemanningsforetaget-med-stark-kultur-och-langsiktiga-samarbeten\/","url":"https:\/\/www.almega.se\/2025\/10\/tranpenad-bemanningsforetaget-med-stark-kultur-och-langsiktiga-samarbeten\/","name":"Tranpenad \u2013 bemanningsf\u00f6retaget med stark kultur och l\u00e5ngsiktiga samarbeten | Almega","isPartOf":{"@id":"https:\/\/www.almega.se\/#website"},"primaryImageOfPage":{"@id":"https:\/\/www.almega.se\/2025\/10\/tranpenad-bemanningsforetaget-med-stark-kultur-och-langsiktiga-samarbeten\/#primaryimage"},"image":{"@id":"https:\/\/www.almega.se\/2025\/10\/tranpenad-bemanningsforetaget-med-stark-kultur-och-langsiktiga-samarbeten\/#primaryimage"},"thumbnailUrl":"https:\/\/www.almega.se\/app\/uploads\/2025\/10\/Case-1920x1080-7-scaled.png","datePublished":"2025-10-07T10:03:25+00:00","dateModified":"2025-10-07T12:53:21+00:00","author":{"@id":"https:\/\/www.almega.se\/#\/schema\/person\/432bf15cd5b8c34477366237d76e0e28"},"breadcrumb":{"@id":"https:\/\/www.almega.se\/2025\/10\/tranpenad-bemanningsforetaget-med-stark-kultur-och-langsiktiga-samarbeten\/#breadcrumb"},"inLanguage":"sv-SE","potentialAction":[{"@type":"ReadAction","target":["https:\/\/www.almega.se\/2025\/10\/tranpenad-bemanningsforetaget-med-stark-kultur-och-langsiktiga-samarbeten\/"]}]},{"@type":"ImageObject","inLanguage":"sv-SE","@id":"https:\/\/www.almega.se\/2025\/10\/tranpenad-bemanningsforetaget-med-stark-kultur-och-langsiktiga-samarbeten\/#primaryimage","url":"https:\/\/www.almega.se\/app\/uploads\/2025\/10\/Case-1920x1080-7-scaled.png","contentUrl":"https:\/\/www.almega.se\/app\/uploads\/2025\/10\/Case-1920x1080-7-scaled.png","width":2560,"height":1440},{"@type":"BreadcrumbList","@id":"https:\/\/www.almega.se\/2025\/10\/tranpenad-bemanningsforetaget-med-stark-kultur-och-langsiktiga-samarbeten\/#breadcrumb","itemListElement":[{"@type":"ListItem","position":1,"name":"Home","item":"https:\/\/www.almega.se\/"},{"@type":"ListItem","position":2,"name":"Tranpenad \u2013 bemannings&shy;f\u00f6retaget med stark kultur och l\u00e5ngsiktiga samarbeten"}]},{"@type":"WebSite","@id":"https:\/\/www.almega.se\/#website","url":"https:\/\/www.almega.se\/","name":"Almega","description":"","potentialAction":[{"@type":"SearchAction","target":{"@type":"EntryPoint","urlTemplate":"https:\/\/www.almega.se\/?s={search_term_string}"},"query-input":{"@type":"PropertyValueSpecification","valueRequired":true,"valueName":"search_term_string"}}],"inLanguage":"sv-SE"},{"@type":"Person","@id":"https:\/\/www.almega.se\/#\/schema\/person\/432bf15cd5b8c34477366237d76e0e28","name":"Sandra Mildenberger","image":{"@type":"ImageObject","inLanguage":"sv-SE","@id":"https:\/\/www.almega.se\/#\/schema\/person\/image\/","url":"https:\/\/secure.gravatar.com\/avatar\/303ee6ef75fa0849b0b85e527659b8bf3457cd9509f76c13628965581b041b41?s=96&d=mm&r=g","contentUrl":"https:\/\/secure.gravatar.com\/avatar\/303ee6ef75fa0849b0b85e527659b8bf3457cd9509f76c13628965581b041b41?s=96&d=mm&r=g","caption":"Sandra Mildenberger"},"url":"https:\/\/www.almega.se\/person\/sandramildenberger\/"}]}},"_links":{"self":[{"href":"https:\/\/www.almega.se\/api\/wp\/v2\/posts\/82983","targetHints":{"allow":["GET"]}}],"collection":[{"href":"https:\/\/www.almega.se\/api\/wp\/v2\/posts"}],"about":[{"href":"https:\/\/www.almega.se\/api\/wp\/v2\/types\/post"}],"author":[{"embeddable":true,"href":"https:\/\/www.almega.se\/api\/wp\/v2\/users\/21574"}],"replies":[{"embeddable":true,"href":"https:\/\/www.almega.se\/api\/wp\/v2\/comments?post=82983"}],"version-history":[{"count":3,"href":"https:\/\/www.almega.se\/api\/wp\/v2\/posts\/82983\/revisions"}],"predecessor-version":[{"id":82992,"href":"https:\/\/www.almega.se\/api\/wp\/v2\/posts\/82983\/revisions\/82992"}],"wp:featuredmedia":[{"embeddable":true,"href":"https:\/\/www.almega.se\/api\/wp\/v2\/media\/82984"}],"wp:attachment":[{"href":"https:\/\/www.almega.se\/api\/wp\/v2\/media?parent=82983"}],"wp:term":[{"taxonomy":"category","embeddable":true,"href":"https:\/\/www.almega.se\/api\/wp\/v2\/categories?post=82983"},{"taxonomy":"post_tag","embeddable":true,"href":"https:\/\/www.almega.se\/api\/wp\/v2\/tags?post=82983"},{"taxonomy":"type","embeddable":true,"href":"https:\/\/www.almega.se\/api\/wp\/v2\/article_type?post=82983"},{"taxonomy":"agreement","embeddable":true,"href":"https:\/\/www.almega.se\/api\/wp\/v2\/agreement?post=82983"}],"curies":[{"name":"wp","href":"https:\/\/api.w.org\/{rel}","templated":true}]}}