{"id":82924,"date":"2025-10-06T13:30:00","date_gmt":"2025-10-06T11:30:00","guid":{"rendered":"https:\/\/www.almega.se\/2025\/10\/nytt-kollektivavtal-for-hemservice\/"},"modified":"2025-10-06T13:48:13","modified_gmt":"2025-10-06T11:48:13","slug":"nytt-kollektivavtal-for-hemservice","status":"publish","type":"post","link":"https:\/\/www.almega.se\/2025\/10\/nytt-kollektivavtal-for-hemservice\/","title":{"rendered":"Nytt kollektivavtal f\u00f6r Hemservice"},"content":{"rendered":"\n<p class=\"intro\">Servicef\u00f6retagen inom Almega\u00a0har, tillsammans med fackf\u00f6rbundet Kommunal, tecknat nytt kollektivavtal f\u00f6r Hemservice. Det nya avtalet\u00a0l\u00f6per p\u00e5 24 m\u00e5nader och har ett avtalsv\u00e4rde p\u00e5 6,4 procent.<\/p>\n<p>\u2013 Vi har haft intensiva och bitvis v\u00e4ldigt utmanande f\u00f6rhandlingar\u00a0med v\u00e5r fackliga motpart och \u00e4r glada att vi kommit fram till ett nytt kollektivavtal som ryms inom de ramar arbetsmarknadens parter \u00e4r \u00f6verens\u00a0om.\u00a0F\u00f6r oss p\u00e5 arbetsgivarsidan var det s\u00e4rskilt viktigt att l\u00e4gstal\u00f6nerna inte \u00f6kade mer \u00e4n n\u00f6dv\u00e4ndigt. Konkurrensen fr\u00e5n oseri\u00f6sa akt\u00f6rer utan kollektivavtal \u00e4r h\u00e5rd vilket g\u00f6r marginalerna mycket sm\u00e5 f\u00f6r dem som vill g\u00f6ra r\u00e4tt.\u00a0Det s\u00e4ger Martin Stenmo\u00a0som \u00e4r chef f\u00f6r Almega Servicef\u00f6retagen.<\/p>\n<p>Det\u00a0nya kollektivavtalet\u00a0f\u00f6r Hemservice g\u00e4ller fr\u00e5n och med den 1 oktober 2025 till och med den 30 september 2027.\u00a0<\/p>\n<p>Kollektivavtalet ber\u00f6r ca 5960\u00a0medarbetare vid\u00a0303\u00a0f\u00f6retag.\u00a0<\/p>\n<\/p>\n<p><em>Attraktiva och branschanpassade villkor \u00e4r avg\u00f6rande f\u00f6r tj\u00e4nstesektorns framg\u00e5ng och Almega str\u00e4var alltid efter att skapa de b\u00e4sta f\u00f6ruts\u00e4ttningarna f\u00f6r b\u00e5de arbetsgivare och medarbetare. Under avtalsr\u00f6relsen 2025 tecknar Almega sammanlagt 125 avtal, flest av alla arbetsgivarorganisationer.<\/em><\/p>\n\n","protected":false},"excerpt":{"rendered":"<p>Servicef\u00f6retagen inom Almega\u00a0har, tillsammans med fackf\u00f6rbundet Kommunal, tecknat nytt kollektivavtal f\u00f6r Hemservice. Det nya avtalet\u00a0l\u00f6per p\u00e5 24 m\u00e5nader och har ett avtalsv\u00e4rde p\u00e5 6,4 procent.<\/p>\n","protected":false},"author":3380,"featured_media":80846,"comment_status":"closed","ping_status":"closed","sticky":false,"template":"","format":"standard","meta":{"_acf_changed":false,"footnotes":""},"categories":[636],"tags":[780],"article_type":[93],"agreement":[],"class_list":["post-82924","post","type-post","status-publish","format-standard","has-post-thumbnail","hentry","category-avtalsrorelse","tag-avtalsrorelsen-2025","type-pressmeddelanden"],"acf":[],"yoast_head":"<!-- This site is optimized with the Yoast SEO Premium plugin v26.8 (Yoast SEO v26.8) - https:\/\/yoast.com\/product\/yoast-seo-premium-wordpress\/ -->\n<title>Nytt kollektivavtal f\u00f6r Hemservice | Almega<\/title>\n<meta name=\"robots\" content=\"index, follow, max-snippet:-1, max-image-preview:large, max-video-preview:-1\" \/>\n<link rel=\"canonical\" href=\"https:\/\/www.almega.se\/2025\/10\/nytt-kollektivavtal-for-hemservice\/\" \/>\n<meta property=\"og:locale\" content=\"sv_SE\" \/>\n<meta property=\"og:type\" content=\"article\" \/>\n<meta property=\"og:title\" content=\"Nytt kollektivavtal f\u00f6r Hemservice\" \/>\n<meta property=\"og:description\" content=\"Servicef\u00f6retagen inom Almega\u00a0har, tillsammans med fackf\u00f6rbundet Kommunal, tecknat nytt kollektivavtal f\u00f6r Hemservice. Det nya avtalet\u00a0l\u00f6per p\u00e5 24 m\u00e5nader och har ett avtalsv\u00e4rde p\u00e5 6,4 procent.\" \/>\n<meta property=\"og:url\" content=\"https:\/\/www.almega.se\/2025\/10\/nytt-kollektivavtal-for-hemservice\/\" \/>\n<meta property=\"og:site_name\" content=\"Almega\" \/>\n<meta property=\"article:published_time\" content=\"2025-10-06T11:30:00+00:00\" \/>\n<meta property=\"article:modified_time\" content=\"2025-10-06T11:48:13+00:00\" \/>\n<meta property=\"og:image\" content=\"https:\/\/www.almega.se\/app\/uploads\/2025\/06\/403b3ea5-3613-401e-a7a3-5780423b3c73-scaled.jpg\" \/>\n\t<meta property=\"og:image:width\" content=\"2560\" \/>\n\t<meta property=\"og:image:height\" content=\"1920\" \/>\n\t<meta property=\"og:image:type\" content=\"image\/jpeg\" \/>\n<meta name=\"author\" content=\"Marianne Ahlgren\" \/>\n<meta name=\"twitter:card\" content=\"summary_large_image\" \/>\n<meta name=\"twitter:label1\" content=\"Skriven av\" \/>\n\t<meta name=\"twitter:data1\" content=\"Marianne Ahlgren\" \/>\n\t<meta name=\"twitter:label2\" content=\"Ber\u00e4knad l\u00e4stid\" \/>\n\t<meta name=\"twitter:data2\" content=\"2 minuter\" \/>\n<!-- \/ Yoast SEO Premium plugin. -->","yoast_head_json":{"title":"Nytt kollektivavtal f\u00f6r Hemservice | Almega","robots":{"index":"index","follow":"follow","max-snippet":"max-snippet:-1","max-image-preview":"max-image-preview:large","max-video-preview":"max-video-preview:-1"},"canonical":"https:\/\/www.almega.se\/2025\/10\/nytt-kollektivavtal-for-hemservice\/","og_locale":"sv_SE","og_type":"article","og_title":"Nytt kollektivavtal f\u00f6r Hemservice","og_description":"Servicef\u00f6retagen inom Almega\u00a0har, tillsammans med fackf\u00f6rbundet Kommunal, tecknat nytt kollektivavtal f\u00f6r Hemservice. Det nya avtalet\u00a0l\u00f6per p\u00e5 24 m\u00e5nader och har ett avtalsv\u00e4rde p\u00e5 6,4 procent.","og_url":"https:\/\/www.almega.se\/2025\/10\/nytt-kollektivavtal-for-hemservice\/","og_site_name":"Almega","article_published_time":"2025-10-06T11:30:00+00:00","article_modified_time":"2025-10-06T11:48:13+00:00","og_image":[{"width":2560,"height":1920,"url":"https:\/\/www.almega.se\/app\/uploads\/2025\/06\/403b3ea5-3613-401e-a7a3-5780423b3c73-scaled.jpg","type":"image\/jpeg"}],"author":"Marianne Ahlgren","twitter_card":"summary_large_image","twitter_misc":{"Skriven av":"Marianne Ahlgren","Ber\u00e4knad l\u00e4stid":"2 minuter"},"schema":{"@context":"https:\/\/schema.org","@graph":[{"@type":"NewsArticle","@id":"https:\/\/www.almega.se\/2025\/10\/nytt-kollektivavtal-for-hemservice\/#article","isPartOf":{"@id":"https:\/\/www.almega.se\/2025\/10\/nytt-kollektivavtal-for-hemservice\/"},"author":{"name":"Marianne Ahlgren","@id":"https:\/\/www.almega.se\/#\/schema\/person\/860599f2ded56005a909a04b92cf7035"},"headline":"Nytt kollektivavtal f\u00f6r Hemservice","datePublished":"2025-10-06T11:30:00+00:00","dateModified":"2025-10-06T11:48:13+00:00","mainEntityOfPage":{"@id":"https:\/\/www.almega.se\/2025\/10\/nytt-kollektivavtal-for-hemservice\/"},"wordCount":206,"image":{"@id":"https:\/\/www.almega.se\/2025\/10\/nytt-kollektivavtal-for-hemservice\/#primaryimage"},"thumbnailUrl":"https:\/\/www.almega.se\/app\/uploads\/2025\/06\/403b3ea5-3613-401e-a7a3-5780423b3c73-scaled.jpg","keywords":["avtalsr\u00f6relsen 2025"],"articleSection":["Avtalsr\u00f6relse"],"inLanguage":"sv-SE"},{"@type":"WebPage","@id":"https:\/\/www.almega.se\/2025\/10\/nytt-kollektivavtal-for-hemservice\/","url":"https:\/\/www.almega.se\/2025\/10\/nytt-kollektivavtal-for-hemservice\/","name":"Nytt kollektivavtal f\u00f6r Hemservice | Almega","isPartOf":{"@id":"https:\/\/www.almega.se\/#website"},"primaryImageOfPage":{"@id":"https:\/\/www.almega.se\/2025\/10\/nytt-kollektivavtal-for-hemservice\/#primaryimage"},"image":{"@id":"https:\/\/www.almega.se\/2025\/10\/nytt-kollektivavtal-for-hemservice\/#primaryimage"},"thumbnailUrl":"https:\/\/www.almega.se\/app\/uploads\/2025\/06\/403b3ea5-3613-401e-a7a3-5780423b3c73-scaled.jpg","datePublished":"2025-10-06T11:30:00+00:00","dateModified":"2025-10-06T11:48:13+00:00","author":{"@id":"https:\/\/www.almega.se\/#\/schema\/person\/860599f2ded56005a909a04b92cf7035"},"breadcrumb":{"@id":"https:\/\/www.almega.se\/2025\/10\/nytt-kollektivavtal-for-hemservice\/#breadcrumb"},"inLanguage":"sv-SE","potentialAction":[{"@type":"ReadAction","target":["https:\/\/www.almega.se\/2025\/10\/nytt-kollektivavtal-for-hemservice\/"]}]},{"@type":"ImageObject","inLanguage":"sv-SE","@id":"https:\/\/www.almega.se\/2025\/10\/nytt-kollektivavtal-for-hemservice\/#primaryimage","url":"https:\/\/www.almega.se\/app\/uploads\/2025\/06\/403b3ea5-3613-401e-a7a3-5780423b3c73-scaled.jpg","contentUrl":"https:\/\/www.almega.se\/app\/uploads\/2025\/06\/403b3ea5-3613-401e-a7a3-5780423b3c73-scaled.jpg","width":2560,"height":1920,"caption":"403b3ea5-3613-401e-a7a3-5780423b3c73.jpg"},{"@type":"BreadcrumbList","@id":"https:\/\/www.almega.se\/2025\/10\/nytt-kollektivavtal-for-hemservice\/#breadcrumb","itemListElement":[{"@type":"ListItem","position":1,"name":"Home","item":"https:\/\/www.almega.se\/"},{"@type":"ListItem","position":2,"name":"Nytt kollektivavtal f\u00f6r Hemservice"}]},{"@type":"WebSite","@id":"https:\/\/www.almega.se\/#website","url":"https:\/\/www.almega.se\/","name":"Almega","description":"","potentialAction":[{"@type":"SearchAction","target":{"@type":"EntryPoint","urlTemplate":"https:\/\/www.almega.se\/?s={search_term_string}"},"query-input":{"@type":"PropertyValueSpecification","valueRequired":true,"valueName":"search_term_string"}}],"inLanguage":"sv-SE"},{"@type":"Person","@id":"https:\/\/www.almega.se\/#\/schema\/person\/860599f2ded56005a909a04b92cf7035","name":"Marianne Ahlgren","image":{"@type":"ImageObject","inLanguage":"sv-SE","@id":"https:\/\/www.almega.se\/#\/schema\/person\/image\/","url":"https:\/\/secure.gravatar.com\/avatar\/4c350e8b0dd656a6bbe04785780665ac53c7b373c038b1140ce3ae5e8cb21bef?s=96&d=mm&r=g","contentUrl":"https:\/\/secure.gravatar.com\/avatar\/4c350e8b0dd656a6bbe04785780665ac53c7b373c038b1140ce3ae5e8cb21bef?s=96&d=mm&r=g","caption":"Marianne Ahlgren"},"url":"https:\/\/www.almega.se\/person\/marianneahlgren\/"}]}},"_links":{"self":[{"href":"https:\/\/www.almega.se\/api\/wp\/v2\/posts\/82924","targetHints":{"allow":["GET"]}}],"collection":[{"href":"https:\/\/www.almega.se\/api\/wp\/v2\/posts"}],"about":[{"href":"https:\/\/www.almega.se\/api\/wp\/v2\/types\/post"}],"author":[{"embeddable":true,"href":"https:\/\/www.almega.se\/api\/wp\/v2\/users\/3380"}],"replies":[{"embeddable":true,"href":"https:\/\/www.almega.se\/api\/wp\/v2\/comments?post=82924"}],"version-history":[{"count":1,"href":"https:\/\/www.almega.se\/api\/wp\/v2\/posts\/82924\/revisions"}],"predecessor-version":[{"id":82926,"href":"https:\/\/www.almega.se\/api\/wp\/v2\/posts\/82924\/revisions\/82926"}],"wp:featuredmedia":[{"embeddable":true,"href":"https:\/\/www.almega.se\/api\/wp\/v2\/media\/80846"}],"wp:attachment":[{"href":"https:\/\/www.almega.se\/api\/wp\/v2\/media?parent=82924"}],"wp:term":[{"taxonomy":"category","embeddable":true,"href":"https:\/\/www.almega.se\/api\/wp\/v2\/categories?post=82924"},{"taxonomy":"post_tag","embeddable":true,"href":"https:\/\/www.almega.se\/api\/wp\/v2\/tags?post=82924"},{"taxonomy":"type","embeddable":true,"href":"https:\/\/www.almega.se\/api\/wp\/v2\/article_type?post=82924"},{"taxonomy":"agreement","embeddable":true,"href":"https:\/\/www.almega.se\/api\/wp\/v2\/agreement?post=82924"}],"curies":[{"name":"wp","href":"https:\/\/api.w.org\/{rel}","templated":true}]}}