{"id":82785,"date":"2025-10-02T09:34:53","date_gmt":"2025-10-02T07:34:53","guid":{"rendered":"https:\/\/www.almega.se\/?p=82785"},"modified":"2025-10-02T09:34:54","modified_gmt":"2025-10-02T07:34:54","slug":"debatt-produktivitetskommissionen-i-diket-om-valfriheten","status":"publish","type":"post","link":"https:\/\/www.almega.se\/2025\/10\/debatt-produktivitetskommissionen-i-diket-om-valfriheten\/","title":{"rendered":"Debatt: Produktivitetskommissionen i diket om valfriheten"},"content":{"rendered":"<p class=\"intro\">Den regering som tilltr\u00e4der efter valet 2026 m\u00e5ste p\u00e5 allvar ta itu med den svaga tillv\u00e4xten, skriver Ann \u00d6berg, vd f\u00f6r Almega och M\u00e5rten Blix, ordf\u00f6rande f\u00f6r Almega FutureTech, i en debattartikel i Dagens Industri.<\/p>\n\n      <a href=\"https:\/\/www.di.se\/debatt\/produktivitetskommissionen-i-diket-om-valfriheten\/\" target=\"\" class=\"Button is-text Button--external-link\">\n      \n        L\u00e4s artikeln hos Dagens Industri\n      \n      \n                <svg class='icon icon--external-link'  width=\"16\" height=\"16\" viewBox=\"0 0 16 16\" fill=\"none\" xmlns=\"http:\/\/www.w3.org\/2000\/svg\">\n<path d=\"M9 1H15V7\" stroke=\"black\" stroke-width=\"2\" stroke-miterlimit=\"10\"\/>\n<path d=\"M5 2H1V15H14V11\" stroke=\"black\" stroke-width=\"2\" stroke-miterlimit=\"10\"\/>\n<path d=\"M15 1L6 10\" stroke=\"black\" stroke-width=\"2\" stroke-miterlimit=\"10\"\/>\n<\/svg>\n\n        \n    <\/a>\n  \n\n\n\n<p>De flesta har nog n\u00e5gon g\u00e5ng g\u00e5tt in en butik d\u00e4r man k\u00e4nt sig lite sm\u00e5fattig eller med en vag k\u00e4nsla av otillh\u00f6righet. Kanske utstr\u00e5lar inredning och personal exklusivitet eller s\u00e5 har prislapparna n\u00e5gra nollor f\u00f6r mycket? Efter \u00e5r av l\u00e5g europeisk produktivitetstillv\u00e4xt st\u00e5r nu Europas medborgare inf\u00f6r ett snarlikt scenario.&nbsp;<\/p>\n\n\n\n<p>De dyra \u201dbutikerna\u201d f\u00f6r europ\u00e9erna \u00e4r USA och vissa l\u00e4nder i Asien som \u00e5r efter \u00e5r har en h\u00f6gre tillv\u00e4xt per capita. Och vad v\u00e4rre \u00e4r, Sveriges tillv\u00e4xt n\u00e5r inte ens upp till Europasnittet. F\u00f6r de barn som f\u00f6ds i dag i Sverige kan en god tillv\u00e4xt inneb\u00e4ra ett intr\u00e4de p\u00e5 arbetsmarknaden i en dubbelt s\u00e5 stor ekonomi som i dag, att de f\u00e5r uppleva ett h\u00f6gt v\u00e4lst\u00e5nd och en sjukv\u00e5rd i v\u00e4rldsklass \u2013 och vice versa. En l\u00e5g tillv\u00e4xt leder i st\u00e4llet till att europ\u00e9er och svenskar kommer vara relativt fattiga n\u00e4r de reser till eller handlar med andra l\u00e4nder.<\/p>\n\n\n<a class='Share__link Share__link--url copy-text' href='#' rel='nofollow' data-text='mork-bild-av-framtiden' title='Dela url' data-confirmation='L\u00e4nken kopierades till urklipp'><svg class='icon icon--link'  width='18' height='18' viewBox='0 0 18 18' fill='none' xmlns='http:\/\/www.w3.org\/2000\/svg'>\n            <path d='M10.4142 0.514721L6.87868 4.05025L8.29289 5.46447L11.1213 2.63604L15.364 6.87868L12.5355 9.70711L13.9497 11.1213L17.4853 7.58579C17.8763 7.19476 17.8763 6.5626 17.4853 6.17158L11.8284 0.514721C11.4374 0.123691 10.8052 0.123691 10.4142 0.514721Z' fill='black'\/>\n            <path d='M9.7071 12.5355L6.87868 15.364L2.63604 11.1213L5.46446 8.2929L4.05025 6.87868L0.514716 10.4142C0.123686 10.8052 0.123686 11.4374 0.514716 11.8284L6.17157 17.4853C6.5626 17.8763 7.19475 17.8763 7.58578 17.4853L11.1213 13.9497L9.7071 12.5355Z' fill='black'\/>\n            <path d='M6.17157 11.8284C6.5626 12.2195 7.19475 12.2195 7.58578 11.8284L11.8284 7.58579C12.2195 7.19476 12.2195 6.56261 11.8284 6.17158C11.4374 5.78055 10.8052 5.78055 10.4142 6.17158L6.17157 10.4142C5.78054 10.8052 5.78054 11.4374 6.17157 11.8284Z' fill='black'\/>\n            <\/svg> <\/a>\n<h2 class=\"wp-block-heading\" id=\"h-mork-bild-av-framtiden\">M\u00f6rk bild av framtiden<\/h2>\n\n\n\n<p>Ett Europa i\u00a0bakvatten \u00e4r en m\u00f6rk, men tyv\u00e4rr inte ot\u00e4nkbar, bild av framtiden. Italiens f\u00f6rre premi\u00e4rminister,<strong> Mario Draghi<\/strong>, skrev en uppm\u00e4rksammad rapport p\u00e5 uppdrag av EU- kommissionen d\u00e4r han varnade att Europa h\u00e5ller p\u00e5 att bli som ett museum: ett Olympos med fina regler men utan tillv\u00e4xt. Att Draghi till stor del har r\u00e4tt i sitt beska omd\u00f6me, r\u00e5der det europeisk konsensus kring. Konsekvenserna av l\u00e5g produktivitet \u00e4r n\u00e5got som ber\u00f6r \u2013 eller som borde ber\u00f6ra \u2013 hela samh\u00e4llet.<br><br>I snart 2,5 \u00e5r har produktivitetskommissionen analyserat vilka faktorer som p\u00e5verkar svenskt produktivitetstillv\u00e4xt samt vilka hinder och m\u00f6jligheter som finns. N\u00e4r nu deras \u00e5tg\u00e4rdsf\u00f6rslag \u00e4ntligen har presenterats \u00e4r det dags f\u00f6r politiken att agera.<\/p>\n\n\n\n<p>M\u00e5nga av kommissionens\u00a0slutsatser \u00e4r bra men i vissa fr\u00e5gor hamnar man rej\u00e4lt snett. Det \u00e4r en dikesk\u00f6rning att ifr\u00e5gas\u00e4tta lagen om valfrihet samt p\u00e5st\u00e5 att svensk arbetsmarknad \u201dfungerar relativt bra\u201d n\u00e4r vi har bland Europas h\u00f6gsta arbetsl\u00f6shet. Det finns\u00a0<a href=\"https:\/\/global.oup.com\/academic\/product\/privatizing-welfare-services-9780198867210?cc=se&amp;lang=en&amp;\">forskning<\/a>\u00a0som visar att konkurrensuts\u00e4ttningen av v\u00e4lf\u00e4rden har st\u00e4rkt s\u00e5v\u00e4l privata som offentliga utf\u00f6rare.<\/p>\n\n\n\n<p>Den centrala fr\u00e5gest\u00e4llningen \u00e4r varf\u00f6r produktivitetstillv\u00e4xten i Sverige och Europa har blivit s\u00e5 svag. I f\u00f6rklaringarna \u00e5terfinns ofta faktorer som \u00e5ldrande befolkningar, klimatp\u00e5verkan (som extremv\u00e4der) och kvalit\u00e9n p\u00e5 v\u00e5ra institutioner i bred bem\u00e4rkelse. I grunden handlar det fr\u00e4mst om det ekonomiska klimatet \u2013 att det ska vara enkelt att starta och driva f\u00f6retag. I l\u00e4nder med korruption, tr\u00f6ga tillst\u00e5ndsprocesser och godtycklighet v\u00e5gar inte f\u00f6retag investera i vare sig personal eller i nya teknologier. Och h\u00e4r har \u00e4ven USA slagit in p\u00e5 fel v\u00e4g. M\u00e5nga av president <strong>Trumps<\/strong> \u00e5tg\u00e4rder riskerar att underminera just de amerikanska institutioner som har lyft USA till att bli v\u00e4rldens rikaste land. Tyv\u00e4rr.<br><br>Europas framtidsf\u00f6rhoppningar om att komma ikapp USA kan inte bygga p\u00e5 att den amerikanska ekonomin gradvis eroderar eller kraschlandar. Framg\u00e5ngsstrategin ligger uteslutande i att Europa m\u00e5ste bli b\u00e4ttre.<\/p>\n\n\n\n<blockquote class=\"wp-block-quote is-layout-flow wp-block-quote-is-layout-flow\">\n<p>&#8221;Statsbudgeten m\u00e5 vara en styr\u00e5ra p\u00e5 kort sikt. Men ur ett l\u00e4ngre perspektiv \u00e4r det produktivitetstillv\u00e4xten som avg\u00f6r Sveriges framtid&#8221;<\/p>\n<\/blockquote>\n\n\n\n<p>Regeringens budget\u00a0f\u00f6r 2026 inneh\u00e5ller vissa delar som \u00e4r viktiga f\u00f6r n\u00e4ringslivet, d\u00e4ribland s\u00e4nkt skatt p\u00e5 arbete och en tillf\u00e4llig s\u00e4nkning av arbetsgivaravgifterna f\u00f6r unga. Men precis som i de senaste 15 \u00e5rens budgetar \u00e4r arbetet med avregleringar och regelf\u00f6renklingar alltf\u00f6r futtigt. De senaste genomgripande reformerna p\u00e5 dessa omr\u00e5den var 1990-talets konkurrensuts\u00e4ttning av v\u00e4lf\u00e4rden, d\u00e4ribland tuffare konkurrenslagstiftning (1993), avreglering av flyg och personaluthyrning (1992) samt telekom (1993). Det finns forskning fr\u00e5n\u00a0<a href=\"https:\/\/academic.oup.com\/wbro\/article-abstract\/34\/2\/274\/5522304?redirectedFrom=fulltext\">Institutet f\u00f6r N\u00e4ringslivsforskning\u00a0<\/a>som visar att dessa reformer ledde till ett rej\u00e4lt produktivitetsm\u00e4ssigt uppsving.<\/p>\n\n\n\n<p>Statsbudgeten m\u00e5 vara en styr\u00e5ra p\u00e5 kort sikt. Men ur ett l\u00e4ngre perspektiv \u00e4r det produktivitetstillv\u00e4xten som avg\u00f6r Sveriges framtid. Produktivitetskommissionens delbet\u00e4nkande, som publicerades v\u00e5ren 2024, hade flera viktiga f\u00f6rslag om regelf\u00f6renkling och b\u00e4ttre uppf\u00f6ljning. H\u00e4r har regeringen till viss del lyssnat, men tempot \u00e4r f\u00f6r l\u00e5gt. Det kr\u00e4vs betydligt mer beslutsamhet och ett \u00f6kat fokus p\u00e5 att st\u00e4rka ekonomins funktionss\u00e4tt. Vi uppmanar Regeringen att fokusera p\u00e5 regelf\u00f6renkling och s\u00e4nkta skatter.<\/p>\n\n\n<a class='Share__link Share__link--url copy-text' href='#' rel='nofollow' data-text='ny-teknologi-avgorande' title='Dela url' data-confirmation='L\u00e4nken kopierades till urklipp'><svg class='icon icon--link'  width='18' height='18' viewBox='0 0 18 18' fill='none' xmlns='http:\/\/www.w3.org\/2000\/svg'>\n            <path d='M10.4142 0.514721L6.87868 4.05025L8.29289 5.46447L11.1213 2.63604L15.364 6.87868L12.5355 9.70711L13.9497 11.1213L17.4853 7.58579C17.8763 7.19476 17.8763 6.5626 17.4853 6.17158L11.8284 0.514721C11.4374 0.123691 10.8052 0.123691 10.4142 0.514721Z' fill='black'\/>\n            <path d='M9.7071 12.5355L6.87868 15.364L2.63604 11.1213L5.46446 8.2929L4.05025 6.87868L0.514716 10.4142C0.123686 10.8052 0.123686 11.4374 0.514716 11.8284L6.17157 17.4853C6.5626 17.8763 7.19475 17.8763 7.58578 17.4853L11.1213 13.9497L9.7071 12.5355Z' fill='black'\/>\n            <path d='M6.17157 11.8284C6.5626 12.2195 7.19475 12.2195 7.58578 11.8284L11.8284 7.58579C12.2195 7.19476 12.2195 6.56261 11.8284 6.17158C11.4374 5.78055 10.8052 5.78055 10.4142 6.17158L6.17157 10.4142C5.78054 10.8052 5.78054 11.4374 6.17157 11.8284Z' fill='black'\/>\n            <\/svg> <\/a>\n<h2 class=\"wp-block-heading\" id=\"h-ny-teknologi-avgorande\">Ny teknologi avg\u00f6rande<\/h2>\n\n\n\n<p>F\u00f6r att lyfta produktiviteten i hela ekonomin \u00e4r det ocks\u00e5 helt avg\u00f6rande att b\u00e4ttre nyttja potentialen i ny teknologi och \u00f6kad digitalisering. Sveriges r\u00f6st i Europa m\u00e5ste bli mycket starkare. Dels f\u00f6r att \u00f6verr\u00f6sta de v\u00e4rsta regelivrarna i Bryssel, dels f\u00f6r att mildra de negativa konsekvenserna av redan beslutade bokstavskombinationer, exempelvis dataskyddsf\u00f6rordningen (GDPR).<\/p>\n\n\n\n<p>Finansminister <strong>Elisabeth Svantesson<\/strong>\u00a0genomf\u00f6rde nyligen den ber\u00f6mda budgetpromenaden fr\u00e5n finansdepartementet till Riksdagen. Vad Sverige skulle beh\u00f6va \u00e4r att produktivitetsfr\u00e5gorna ges samma tyngd och uppm\u00e4rksamhet som statsbudgeten och att v\u00e5ra politiska partier inte gl\u00f6mmer bort dessa \u2013 inte ens n\u00e4r valfebern s\u00e4tter in p\u00e5 allvar.\u00a0<\/p>\n\n\n\n<p>Om Sverige ska l\u00e4mna kategorin sm\u00e5fattiga l\u00e4nder \u2013 \u00e5t r\u00e4tt h\u00e5ll \u2013 g\u00e4ller en sak: Den regering som tilltr\u00e4der efter valet 2026 m\u00e5ste p\u00e5 allvar ta itu med den svaga tillv\u00e4xten.<\/p>\n\n\n\n<p><strong>Ann \u00d6berg,&nbsp;<\/strong>fil dr i nationalekonomi, vd f\u00f6r Almega<br><strong>M\u00e5rten Blix,<\/strong>&nbsp;fil dr i nationalekonomi, ordf\u00f6rande f\u00f6r Almega FutureTech<\/p>\n\n\n\n      <a href=\"https:\/\/www.di.se\/debatt\/produktivitetskommissionen-i-diket-om-valfriheten\/\" target=\"\" class=\"Button is-text Button--external-link\">\n      \n        L\u00e4s artikeln hos Dagens Industri\n      \n      \n                <svg class='icon icon--external-link'  width=\"16\" height=\"16\" viewBox=\"0 0 16 16\" fill=\"none\" xmlns=\"http:\/\/www.w3.org\/2000\/svg\">\n<path d=\"M9 1H15V7\" stroke=\"black\" stroke-width=\"2\" stroke-miterlimit=\"10\"\/>\n<path d=\"M5 2H1V15H14V11\" stroke=\"black\" stroke-width=\"2\" stroke-miterlimit=\"10\"\/>\n<path d=\"M15 1L6 10\" stroke=\"black\" stroke-width=\"2\" stroke-miterlimit=\"10\"\/>\n<\/svg>\n\n        \n    <\/a>\n  \n","protected":false},"excerpt":{"rendered":"<p>De flesta har nog n\u00e5gon g\u00e5ng g\u00e5tt in en butik d\u00e4r man k\u00e4nt sig lite sm\u00e5fattig eller med en vag k\u00e4nsla av otillh\u00f6righet. Kanske utstr\u00e5lar inredning och personal exklusivitet eller s\u00e5 har prislapparna n\u00e5gra nollor &hellip;<\/p>\n","protected":false},"author":14531,"featured_media":82786,"comment_status":"closed","ping_status":"closed","sticky":false,"template":"","format":"standard","meta":{"_acf_changed":false,"footnotes":""},"categories":[603,630],"tags":[],"article_type":[49],"agreement":[],"class_list":["post-82785","post","type-post","status-publish","format-standard","has-post-thumbnail","hentry","category-almega","category-konjunktur","type-debattartiklar"],"acf":[],"yoast_head":"<!-- This site is optimized with the Yoast SEO Premium plugin v26.8 (Yoast SEO v26.8) - https:\/\/yoast.com\/product\/yoast-seo-premium-wordpress\/ -->\n<title>Debatt: Produktivitetskommissionen i diket om valfriheten | Almega<\/title>\n<meta name=\"robots\" content=\"index, follow, max-snippet:-1, max-image-preview:large, max-video-preview:-1\" \/>\n<link rel=\"canonical\" href=\"https:\/\/www.almega.se\/2025\/10\/debatt-produktivitetskommissionen-i-diket-om-valfriheten\/\" \/>\n<meta property=\"og:locale\" content=\"sv_SE\" \/>\n<meta property=\"og:type\" content=\"article\" \/>\n<meta property=\"og:title\" content=\"Debatt: Produktivitetskommissionen i diket om valfriheten\" \/>\n<meta property=\"og:description\" content=\"De flesta har nog n\u00e5gon g\u00e5ng g\u00e5tt in en butik d\u00e4r man k\u00e4nt sig lite sm\u00e5fattig eller med en vag k\u00e4nsla av otillh\u00f6righet. Kanske utstr\u00e5lar inredning och personal exklusivitet eller s\u00e5 har prislapparna n\u00e5gra nollor &hellip;\" \/>\n<meta property=\"og:url\" content=\"https:\/\/www.almega.se\/2025\/10\/debatt-produktivitetskommissionen-i-diket-om-valfriheten\/\" \/>\n<meta property=\"og:site_name\" content=\"Almega\" \/>\n<meta property=\"article:published_time\" content=\"2025-10-02T07:34:53+00:00\" \/>\n<meta property=\"article:modified_time\" content=\"2025-10-02T07:34:54+00:00\" \/>\n<meta property=\"og:image\" content=\"https:\/\/www.almega.se\/app\/uploads\/2025\/10\/Skarmbild-2025-10-02-093022.png\" \/>\n\t<meta property=\"og:image:width\" content=\"1147\" \/>\n\t<meta property=\"og:image:height\" content=\"649\" \/>\n\t<meta property=\"og:image:type\" content=\"image\/png\" \/>\n<meta name=\"author\" content=\"Karin Nyg\u00e5rd\" \/>\n<meta name=\"twitter:card\" content=\"summary_large_image\" \/>\n<meta name=\"twitter:label1\" content=\"Skriven av\" \/>\n\t<meta name=\"twitter:data1\" content=\"Karin Nyg\u00e5rd\" \/>\n\t<meta name=\"twitter:label2\" content=\"Ber\u00e4knad l\u00e4stid\" \/>\n\t<meta name=\"twitter:data2\" content=\"5 minuter\" \/>\n<!-- \/ Yoast SEO Premium plugin. -->","yoast_head_json":{"title":"Debatt: Produktivitetskommissionen i diket om valfriheten | Almega","robots":{"index":"index","follow":"follow","max-snippet":"max-snippet:-1","max-image-preview":"max-image-preview:large","max-video-preview":"max-video-preview:-1"},"canonical":"https:\/\/www.almega.se\/2025\/10\/debatt-produktivitetskommissionen-i-diket-om-valfriheten\/","og_locale":"sv_SE","og_type":"article","og_title":"Debatt: Produktivitetskommissionen i diket om valfriheten","og_description":"De flesta har nog n\u00e5gon g\u00e5ng g\u00e5tt in en butik d\u00e4r man k\u00e4nt sig lite sm\u00e5fattig eller med en vag k\u00e4nsla av otillh\u00f6righet. Kanske utstr\u00e5lar inredning och personal exklusivitet eller s\u00e5 har prislapparna n\u00e5gra nollor &hellip;","og_url":"https:\/\/www.almega.se\/2025\/10\/debatt-produktivitetskommissionen-i-diket-om-valfriheten\/","og_site_name":"Almega","article_published_time":"2025-10-02T07:34:53+00:00","article_modified_time":"2025-10-02T07:34:54+00:00","og_image":[{"width":1147,"height":649,"url":"https:\/\/www.almega.se\/app\/uploads\/2025\/10\/Skarmbild-2025-10-02-093022.png","type":"image\/png"}],"author":"Karin Nyg\u00e5rd","twitter_card":"summary_large_image","twitter_misc":{"Skriven av":"Karin Nyg\u00e5rd","Ber\u00e4knad l\u00e4stid":"5 minuter"},"schema":{"@context":"https:\/\/schema.org","@graph":[{"@type":"NewsArticle","@id":"https:\/\/www.almega.se\/2025\/10\/debatt-produktivitetskommissionen-i-diket-om-valfriheten\/#article","isPartOf":{"@id":"https:\/\/www.almega.se\/2025\/10\/debatt-produktivitetskommissionen-i-diket-om-valfriheten\/"},"author":{"name":"Karin Nyg\u00e5rd","@id":"https:\/\/www.almega.se\/#\/schema\/person\/eae58f3a71d6b7aa9f71f3139a740a02"},"headline":"Debatt: Produktivitetskommissionen i diket om valfriheten","datePublished":"2025-10-02T07:34:53+00:00","dateModified":"2025-10-02T07:34:54+00:00","mainEntityOfPage":{"@id":"https:\/\/www.almega.se\/2025\/10\/debatt-produktivitetskommissionen-i-diket-om-valfriheten\/"},"wordCount":964,"image":{"@id":"https:\/\/www.almega.se\/2025\/10\/debatt-produktivitetskommissionen-i-diket-om-valfriheten\/#primaryimage"},"thumbnailUrl":"https:\/\/www.almega.se\/app\/uploads\/2025\/10\/Skarmbild-2025-10-02-093022.png","articleSection":["Almega","Konjunktur"],"inLanguage":"sv-SE"},{"@type":"WebPage","@id":"https:\/\/www.almega.se\/2025\/10\/debatt-produktivitetskommissionen-i-diket-om-valfriheten\/","url":"https:\/\/www.almega.se\/2025\/10\/debatt-produktivitetskommissionen-i-diket-om-valfriheten\/","name":"Debatt: Produktivitetskommissionen i diket om valfriheten | Almega","isPartOf":{"@id":"https:\/\/www.almega.se\/#website"},"primaryImageOfPage":{"@id":"https:\/\/www.almega.se\/2025\/10\/debatt-produktivitetskommissionen-i-diket-om-valfriheten\/#primaryimage"},"image":{"@id":"https:\/\/www.almega.se\/2025\/10\/debatt-produktivitetskommissionen-i-diket-om-valfriheten\/#primaryimage"},"thumbnailUrl":"https:\/\/www.almega.se\/app\/uploads\/2025\/10\/Skarmbild-2025-10-02-093022.png","datePublished":"2025-10-02T07:34:53+00:00","dateModified":"2025-10-02T07:34:54+00:00","author":{"@id":"https:\/\/www.almega.se\/#\/schema\/person\/eae58f3a71d6b7aa9f71f3139a740a02"},"breadcrumb":{"@id":"https:\/\/www.almega.se\/2025\/10\/debatt-produktivitetskommissionen-i-diket-om-valfriheten\/#breadcrumb"},"inLanguage":"sv-SE","potentialAction":[{"@type":"ReadAction","target":["https:\/\/www.almega.se\/2025\/10\/debatt-produktivitetskommissionen-i-diket-om-valfriheten\/"]}]},{"@type":"ImageObject","inLanguage":"sv-SE","@id":"https:\/\/www.almega.se\/2025\/10\/debatt-produktivitetskommissionen-i-diket-om-valfriheten\/#primaryimage","url":"https:\/\/www.almega.se\/app\/uploads\/2025\/10\/Skarmbild-2025-10-02-093022.png","contentUrl":"https:\/\/www.almega.se\/app\/uploads\/2025\/10\/Skarmbild-2025-10-02-093022.png","width":1147,"height":649,"caption":"Ann \u00d6berg M\u00e5rten Blix Almega"},{"@type":"BreadcrumbList","@id":"https:\/\/www.almega.se\/2025\/10\/debatt-produktivitetskommissionen-i-diket-om-valfriheten\/#breadcrumb","itemListElement":[{"@type":"ListItem","position":1,"name":"Home","item":"https:\/\/www.almega.se\/"},{"@type":"ListItem","position":2,"name":"Debatt: Produktivitetskommissionen i diket om valfriheten"}]},{"@type":"WebSite","@id":"https:\/\/www.almega.se\/#website","url":"https:\/\/www.almega.se\/","name":"Almega","description":"","potentialAction":[{"@type":"SearchAction","target":{"@type":"EntryPoint","urlTemplate":"https:\/\/www.almega.se\/?s={search_term_string}"},"query-input":{"@type":"PropertyValueSpecification","valueRequired":true,"valueName":"search_term_string"}}],"inLanguage":"sv-SE"},{"@type":"Person","@id":"https:\/\/www.almega.se\/#\/schema\/person\/eae58f3a71d6b7aa9f71f3139a740a02","name":"Karin Nyg\u00e5rd","image":{"@type":"ImageObject","inLanguage":"sv-SE","@id":"https:\/\/www.almega.se\/#\/schema\/person\/image\/","url":"https:\/\/secure.gravatar.com\/avatar\/09e5ec3d12974ae686ad90a0a4bf5404c8a4cfdca18f97124f166ab274023818?s=96&d=mm&r=g","contentUrl":"https:\/\/secure.gravatar.com\/avatar\/09e5ec3d12974ae686ad90a0a4bf5404c8a4cfdca18f97124f166ab274023818?s=96&d=mm&r=g","caption":"Karin Nyg\u00e5rd"},"description":"Produkt\u00e4gare Almega.se, samordnar webbutveckling och utveckling av Arbetsgivarguiden.se","url":"https:\/\/www.almega.se\/person\/karinnygard\/"}]}},"_links":{"self":[{"href":"https:\/\/www.almega.se\/api\/wp\/v2\/posts\/82785","targetHints":{"allow":["GET"]}}],"collection":[{"href":"https:\/\/www.almega.se\/api\/wp\/v2\/posts"}],"about":[{"href":"https:\/\/www.almega.se\/api\/wp\/v2\/types\/post"}],"author":[{"embeddable":true,"href":"https:\/\/www.almega.se\/api\/wp\/v2\/users\/14531"}],"replies":[{"embeddable":true,"href":"https:\/\/www.almega.se\/api\/wp\/v2\/comments?post=82785"}],"version-history":[{"count":1,"href":"https:\/\/www.almega.se\/api\/wp\/v2\/posts\/82785\/revisions"}],"predecessor-version":[{"id":82787,"href":"https:\/\/www.almega.se\/api\/wp\/v2\/posts\/82785\/revisions\/82787"}],"wp:featuredmedia":[{"embeddable":true,"href":"https:\/\/www.almega.se\/api\/wp\/v2\/media\/82786"}],"wp:attachment":[{"href":"https:\/\/www.almega.se\/api\/wp\/v2\/media?parent=82785"}],"wp:term":[{"taxonomy":"category","embeddable":true,"href":"https:\/\/www.almega.se\/api\/wp\/v2\/categories?post=82785"},{"taxonomy":"post_tag","embeddable":true,"href":"https:\/\/www.almega.se\/api\/wp\/v2\/tags?post=82785"},{"taxonomy":"type","embeddable":true,"href":"https:\/\/www.almega.se\/api\/wp\/v2\/article_type?post=82785"},{"taxonomy":"agreement","embeddable":true,"href":"https:\/\/www.almega.se\/api\/wp\/v2\/agreement?post=82785"}],"curies":[{"name":"wp","href":"https:\/\/api.w.org\/{rel}","templated":true}]}}