{"id":82721,"date":"2025-09-30T14:43:43","date_gmt":"2025-09-30T12:43:43","guid":{"rendered":"https:\/\/www.almega.se\/?p=82721"},"modified":"2025-09-30T16:20:45","modified_gmt":"2025-09-30T14:20:45","slug":"offentlig-upphandling-och-tjansteforetag-hur-star-det-egentligen-till","status":"publish","type":"post","link":"https:\/\/www.almega.se\/2025\/09\/offentlig-upphandling-och-tjansteforetag-hur-star-det-egentligen-till\/","title":{"rendered":"Offentlig upphandling och tj\u00e4nste&shy;f\u00f6retag \u2013 hur st\u00e5r det egentligen till?"},"content":{"rendered":"<p class=\"intro\">Under konferensen M\u00f6tesplats Offentliga Aff\u00e4rer h\u00f6lls ett seminarium d\u00e4r fokus l\u00e5g p\u00e5 tj\u00e4nstef\u00f6retagens erfarenheter och perspektiv p\u00e5 offentlig upphandling. I ett panelsamtal, d\u00e4r representanter fr\u00e5n flera olika branscher deltog, gavs insiktsfulla reflektioner om b\u00e5de utmaningar och m\u00f6jligheter.<\/p>\n\n<p>Trots olikheterna mellan branscherna framkom flera gemensamma n\u00e4mnare. F\u00f6retagen uttryckte en tydlig vilja att komma bort fr\u00e5n prisupphandlingar och \u00f6nskar i st\u00e4llet utv\u00e4rderingar som tydligare v\u00e4ger in kvalitet. De efterfr\u00e5gade \u00e4ven mer dialog inf\u00f6r upphandlingarna f\u00f6r utvecklat kravst\u00e4llande och balanserade kontraktsvillkor, samt \u00e4ndam\u00e5lsenlig uppf\u00f6ljning under kontraktstiden f\u00f6r att s\u00e4kra kvalitet och aff\u00e4rsm\u00e4ssighet.<\/p>\n\n\n\n<p>Samtalet utgick fr\u00e5n Almegas rapport <a href=\"https:\/\/www.almega.se\/2024\/10\/rapport-offentlig-upphandling-ur-tjansteforetagens-perspektiv\/\"><em>Offentlig upphandling \u2013 ur tj\u00e4nstef\u00f6retagens perspektiv.<\/em><\/a><\/p>\n\n\n\n<p>Medverkande:<br>Ulrica Dyrke, jurist och upphandlingsexpert, Almega<br>Jens Engstr\u00f6m, n\u00e4ringspolitisk export p\u00e5 Almega Servicef\u00f6retagen<br>Kristine Nilsson Wieslander, f\u00f6rbundsjurist p\u00e5 Innovationsf\u00f6retagen<br>Maria Bergstr\u00f6m, anbudschef p\u00e5 Humana<br>Anders Jonsson, bid manager p\u00e5 Avarn Security<\/p>\n\n\n\n<p>Tack till alla medverkande f\u00f6r givande samtal!<\/p>\n\n\n\n<figure class=\"wp-block-image size-large is-resized\"><img loading=\"lazy\" decoding=\"async\" width=\"1180\" height=\"885\" src=\"https:\/\/www.almega.se\/app\/uploads\/2025\/09\/1758808411376-1180x885.jpg\" alt=\"\" class=\"wp-image-82723\" style=\"width:837px;height:auto\" srcset=\"https:\/\/www.almega.se\/app\/uploads\/2025\/09\/1758808411376-1180x885.jpg 1180w, https:\/\/www.almega.se\/app\/uploads\/2025\/09\/1758808411376-580x435.jpg 580w, https:\/\/www.almega.se\/app\/uploads\/2025\/09\/1758808411376-380x285.jpg 380w, https:\/\/www.almega.se\/app\/uploads\/2025\/09\/1758808411376-768x576.jpg 768w, https:\/\/www.almega.se\/app\/uploads\/2025\/09\/1758808411376-1536x1152.jpg 1536w, https:\/\/www.almega.se\/app\/uploads\/2025\/09\/1758808411376.jpg 2048w\" sizes=\"auto, (max-width: 1180px) 100vw, 1180px\" \/><\/figure>\n","protected":false},"excerpt":{"rendered":"<p>Trots olikheterna mellan branscherna framkom flera gemensamma n\u00e4mnare. F\u00f6retagen uttryckte en tydlig vilja att komma bort fr\u00e5n prisupphandlingar och \u00f6nskar i st\u00e4llet utv\u00e4rderingar som tydligare v\u00e4ger in kvalitet. De efterfr\u00e5gade \u00e4ven mer dialog inf\u00f6r upphandlingarna &hellip;<\/p>\n","protected":false},"author":21574,"featured_media":82722,"comment_status":"closed","ping_status":"closed","sticky":false,"template":"","format":"standard","meta":{"_acf_changed":false,"footnotes":""},"categories":[572],"tags":[],"article_type":[55],"agreement":[],"class_list":["post-82721","post","type-post","status-publish","format-standard","has-post-thumbnail","hentry","category-offentlig-upphandling","type-artiklar"],"acf":[],"yoast_head":"<!-- This site is optimized with the Yoast SEO Premium plugin v26.8 (Yoast SEO v26.8) - https:\/\/yoast.com\/product\/yoast-seo-premium-wordpress\/ -->\n<title>Offentlig upphandling och tj\u00e4nstef\u00f6retag \u2013 hur st\u00e5r det egentligen till? | Almega<\/title>\n<meta name=\"robots\" content=\"index, follow, max-snippet:-1, max-image-preview:large, max-video-preview:-1\" \/>\n<link rel=\"canonical\" href=\"https:\/\/www.almega.se\/2025\/09\/offentlig-upphandling-och-tjansteforetag-hur-star-det-egentligen-till\/\" \/>\n<meta property=\"og:locale\" content=\"sv_SE\" \/>\n<meta property=\"og:type\" content=\"article\" \/>\n<meta property=\"og:title\" content=\"Offentlig upphandling och tj\u00e4nstef\u00f6retag \u2013 hur st\u00e5r det egentligen till?\" \/>\n<meta property=\"og:description\" content=\"Trots olikheterna mellan branscherna framkom flera gemensamma n\u00e4mnare. F\u00f6retagen uttryckte en tydlig vilja att komma bort fr\u00e5n prisupphandlingar och \u00f6nskar i st\u00e4llet utv\u00e4rderingar som tydligare v\u00e4ger in kvalitet. De efterfr\u00e5gade \u00e4ven mer dialog inf\u00f6r upphandlingarna &hellip;\" \/>\n<meta property=\"og:url\" content=\"https:\/\/www.almega.se\/2025\/09\/offentlig-upphandling-och-tjansteforetag-hur-star-det-egentligen-till\/\" \/>\n<meta property=\"og:site_name\" content=\"Almega\" \/>\n<meta property=\"article:published_time\" content=\"2025-09-30T12:43:43+00:00\" \/>\n<meta property=\"article:modified_time\" content=\"2025-09-30T14:20:45+00:00\" \/>\n<meta property=\"og:image\" content=\"https:\/\/www.almega.se\/app\/uploads\/2025\/09\/1758808406529.jpg\" \/>\n\t<meta property=\"og:image:width\" content=\"917\" \/>\n\t<meta property=\"og:image:height\" content=\"477\" \/>\n\t<meta property=\"og:image:type\" content=\"image\/jpeg\" \/>\n<meta name=\"author\" content=\"Sandra Mildenberger\" \/>\n<meta name=\"twitter:card\" content=\"summary_large_image\" \/>\n<meta name=\"twitter:label1\" content=\"Skriven av\" \/>\n\t<meta name=\"twitter:data1\" content=\"Sandra Mildenberger\" \/>\n\t<meta name=\"twitter:label2\" content=\"Ber\u00e4knad l\u00e4stid\" \/>\n\t<meta name=\"twitter:data2\" content=\"1 minut\" \/>\n<!-- \/ Yoast SEO Premium plugin. -->","yoast_head_json":{"title":"Offentlig upphandling och tj\u00e4nstef\u00f6retag \u2013 hur st\u00e5r det egentligen till? | Almega","robots":{"index":"index","follow":"follow","max-snippet":"max-snippet:-1","max-image-preview":"max-image-preview:large","max-video-preview":"max-video-preview:-1"},"canonical":"https:\/\/www.almega.se\/2025\/09\/offentlig-upphandling-och-tjansteforetag-hur-star-det-egentligen-till\/","og_locale":"sv_SE","og_type":"article","og_title":"Offentlig upphandling och tj\u00e4nstef\u00f6retag \u2013 hur st\u00e5r det egentligen till?","og_description":"Trots olikheterna mellan branscherna framkom flera gemensamma n\u00e4mnare. F\u00f6retagen uttryckte en tydlig vilja att komma bort fr\u00e5n prisupphandlingar och \u00f6nskar i st\u00e4llet utv\u00e4rderingar som tydligare v\u00e4ger in kvalitet. De efterfr\u00e5gade \u00e4ven mer dialog inf\u00f6r upphandlingarna &hellip;","og_url":"https:\/\/www.almega.se\/2025\/09\/offentlig-upphandling-och-tjansteforetag-hur-star-det-egentligen-till\/","og_site_name":"Almega","article_published_time":"2025-09-30T12:43:43+00:00","article_modified_time":"2025-09-30T14:20:45+00:00","og_image":[{"width":917,"height":477,"url":"https:\/\/www.almega.se\/app\/uploads\/2025\/09\/1758808406529.jpg","type":"image\/jpeg"}],"author":"Sandra Mildenberger","twitter_card":"summary_large_image","twitter_misc":{"Skriven av":"Sandra Mildenberger","Ber\u00e4knad l\u00e4stid":"1 minut"},"schema":{"@context":"https:\/\/schema.org","@graph":[{"@type":"NewsArticle","@id":"https:\/\/www.almega.se\/2025\/09\/offentlig-upphandling-och-tjansteforetag-hur-star-det-egentligen-till\/#article","isPartOf":{"@id":"https:\/\/www.almega.se\/2025\/09\/offentlig-upphandling-och-tjansteforetag-hur-star-det-egentligen-till\/"},"author":{"name":"Sandra Mildenberger","@id":"https:\/\/www.almega.se\/#\/schema\/person\/432bf15cd5b8c34477366237d76e0e28"},"headline":"Offentlig upphandling och tj\u00e4nste&shy;f\u00f6retag \u2013 hur st\u00e5r det egentligen till?","datePublished":"2025-09-30T12:43:43+00:00","dateModified":"2025-09-30T14:20:45+00:00","mainEntityOfPage":{"@id":"https:\/\/www.almega.se\/2025\/09\/offentlig-upphandling-och-tjansteforetag-hur-star-det-egentligen-till\/"},"wordCount":135,"image":{"@id":"https:\/\/www.almega.se\/2025\/09\/offentlig-upphandling-och-tjansteforetag-hur-star-det-egentligen-till\/#primaryimage"},"thumbnailUrl":"https:\/\/www.almega.se\/app\/uploads\/2025\/09\/1758808406529.jpg","articleSection":["Offentlig upphandling"],"inLanguage":"sv-SE"},{"@type":"WebPage","@id":"https:\/\/www.almega.se\/2025\/09\/offentlig-upphandling-och-tjansteforetag-hur-star-det-egentligen-till\/","url":"https:\/\/www.almega.se\/2025\/09\/offentlig-upphandling-och-tjansteforetag-hur-star-det-egentligen-till\/","name":"Offentlig upphandling och tj\u00e4nstef\u00f6retag \u2013 hur st\u00e5r det egentligen till? | Almega","isPartOf":{"@id":"https:\/\/www.almega.se\/#website"},"primaryImageOfPage":{"@id":"https:\/\/www.almega.se\/2025\/09\/offentlig-upphandling-och-tjansteforetag-hur-star-det-egentligen-till\/#primaryimage"},"image":{"@id":"https:\/\/www.almega.se\/2025\/09\/offentlig-upphandling-och-tjansteforetag-hur-star-det-egentligen-till\/#primaryimage"},"thumbnailUrl":"https:\/\/www.almega.se\/app\/uploads\/2025\/09\/1758808406529.jpg","datePublished":"2025-09-30T12:43:43+00:00","dateModified":"2025-09-30T14:20:45+00:00","author":{"@id":"https:\/\/www.almega.se\/#\/schema\/person\/432bf15cd5b8c34477366237d76e0e28"},"breadcrumb":{"@id":"https:\/\/www.almega.se\/2025\/09\/offentlig-upphandling-och-tjansteforetag-hur-star-det-egentligen-till\/#breadcrumb"},"inLanguage":"sv-SE","potentialAction":[{"@type":"ReadAction","target":["https:\/\/www.almega.se\/2025\/09\/offentlig-upphandling-och-tjansteforetag-hur-star-det-egentligen-till\/"]}]},{"@type":"ImageObject","inLanguage":"sv-SE","@id":"https:\/\/www.almega.se\/2025\/09\/offentlig-upphandling-och-tjansteforetag-hur-star-det-egentligen-till\/#primaryimage","url":"https:\/\/www.almega.se\/app\/uploads\/2025\/09\/1758808406529.jpg","contentUrl":"https:\/\/www.almega.se\/app\/uploads\/2025\/09\/1758808406529.jpg","width":917,"height":477},{"@type":"BreadcrumbList","@id":"https:\/\/www.almega.se\/2025\/09\/offentlig-upphandling-och-tjansteforetag-hur-star-det-egentligen-till\/#breadcrumb","itemListElement":[{"@type":"ListItem","position":1,"name":"Home","item":"https:\/\/www.almega.se\/"},{"@type":"ListItem","position":2,"name":"Offentlig upphandling och tj\u00e4nste&shy;f\u00f6retag \u2013 hur st\u00e5r det egentligen till?"}]},{"@type":"WebSite","@id":"https:\/\/www.almega.se\/#website","url":"https:\/\/www.almega.se\/","name":"Almega","description":"","potentialAction":[{"@type":"SearchAction","target":{"@type":"EntryPoint","urlTemplate":"https:\/\/www.almega.se\/?s={search_term_string}"},"query-input":{"@type":"PropertyValueSpecification","valueRequired":true,"valueName":"search_term_string"}}],"inLanguage":"sv-SE"},{"@type":"Person","@id":"https:\/\/www.almega.se\/#\/schema\/person\/432bf15cd5b8c34477366237d76e0e28","name":"Sandra Mildenberger","image":{"@type":"ImageObject","inLanguage":"sv-SE","@id":"https:\/\/www.almega.se\/#\/schema\/person\/image\/","url":"https:\/\/secure.gravatar.com\/avatar\/303ee6ef75fa0849b0b85e527659b8bf3457cd9509f76c13628965581b041b41?s=96&d=mm&r=g","contentUrl":"https:\/\/secure.gravatar.com\/avatar\/303ee6ef75fa0849b0b85e527659b8bf3457cd9509f76c13628965581b041b41?s=96&d=mm&r=g","caption":"Sandra Mildenberger"},"url":"https:\/\/www.almega.se\/person\/sandramildenberger\/"}]}},"_links":{"self":[{"href":"https:\/\/www.almega.se\/api\/wp\/v2\/posts\/82721","targetHints":{"allow":["GET"]}}],"collection":[{"href":"https:\/\/www.almega.se\/api\/wp\/v2\/posts"}],"about":[{"href":"https:\/\/www.almega.se\/api\/wp\/v2\/types\/post"}],"author":[{"embeddable":true,"href":"https:\/\/www.almega.se\/api\/wp\/v2\/users\/21574"}],"replies":[{"embeddable":true,"href":"https:\/\/www.almega.se\/api\/wp\/v2\/comments?post=82721"}],"version-history":[{"count":3,"href":"https:\/\/www.almega.se\/api\/wp\/v2\/posts\/82721\/revisions"}],"predecessor-version":[{"id":82727,"href":"https:\/\/www.almega.se\/api\/wp\/v2\/posts\/82721\/revisions\/82727"}],"wp:featuredmedia":[{"embeddable":true,"href":"https:\/\/www.almega.se\/api\/wp\/v2\/media\/82722"}],"wp:attachment":[{"href":"https:\/\/www.almega.se\/api\/wp\/v2\/media?parent=82721"}],"wp:term":[{"taxonomy":"category","embeddable":true,"href":"https:\/\/www.almega.se\/api\/wp\/v2\/categories?post=82721"},{"taxonomy":"post_tag","embeddable":true,"href":"https:\/\/www.almega.se\/api\/wp\/v2\/tags?post=82721"},{"taxonomy":"type","embeddable":true,"href":"https:\/\/www.almega.se\/api\/wp\/v2\/article_type?post=82721"},{"taxonomy":"agreement","embeddable":true,"href":"https:\/\/www.almega.se\/api\/wp\/v2\/agreement?post=82721"}],"curies":[{"name":"wp","href":"https:\/\/api.w.org\/{rel}","templated":true}]}}