{"id":82694,"date":"2025-09-26T16:00:00","date_gmt":"2025-09-26T14:00:00","guid":{"rendered":"https:\/\/www.almega.se\/2025\/09\/nytt-kollektivavtal-for-skargardstrafiken-2\/"},"modified":"2025-09-29T10:46:15","modified_gmt":"2025-09-29T08:46:15","slug":"nytt-kollektivavtal-for-skargardstrafiken-2","status":"publish","type":"post","link":"https:\/\/www.almega.se\/2025\/09\/nytt-kollektivavtal-for-skargardstrafiken-2\/","title":{"rendered":"Nytt kollektivavtal f\u00f6r Sk\u00e4rg\u00e5rds&shy;trafiken"},"content":{"rendered":"\n<p class=\"intro\">Almega Tj\u00e4nstef\u00f6retagen och fackf\u00f6rbundet Seko har tecknat nytt kollektivavtal f\u00f6r Sk\u00e4rg\u00e5rdstrafiken.<\/p>\n<p>\u2013 Tillsammans med Seko har intensiva f\u00f6rhandlingar som vi har haft i ett nytt kollektivavtal. Vi \u00e4r n\u00f6jda med att lyckas tr\u00e4ffa ett avtal p\u00e5 m\u00e4rket, allts\u00e5 inom de ramar arbetsmarknadens parter \u00e4r \u00f6verens om, s\u00e4ger Thomas Lansing, Almega Tj\u00e4nstef\u00f6retagens f\u00f6rhandlingsledare p\u00e5 avtalsomr\u00e5det.<\/p>\n<p>Almega Tj\u00e4nstef\u00f6retagens m\u00e5ls\u00e4ttning var ocks\u00e5 att, tillsammans med facken, f\u00f6renkla och utveckla avtalet.<\/p>\n<p>\u2013 Tyv\u00e4rr blev f\u00f6rhandlingarna fruktl\u00f6sa i detta avseende p\u00e5 grund av en bristande vilja fr\u00e5n motparten, s\u00e4ger Thomas Lansing.<\/p>\n<p>Det nya avtalet str\u00e4cker sig \u00f6ver 24 m\u00e5nader (1 oktober 2025 \u2013 30 september 2027) och den totala kostnadsramen \u00e4r 6,4 procent.<\/p>\n<\/p>\n<p><em>Attraktiva och branschanpassade villkor \u00e4r avg\u00f6rande f\u00f6r tj\u00e4nstesektorns framg\u00e5ng och Almega str\u00e4var alltid efter att skapa de b\u00e4sta f\u00f6ruts\u00e4ttningarna f\u00f6r b\u00e5de arbetsgivare och medarbetare. Under avtalsr\u00f6relsen 2025 tecknar Almega sammanlagt 125 avtal, flest av alla arbetsgivarorganisationer.<\/em><\/p>\n\n","protected":false},"excerpt":{"rendered":"<p>Almega Tj\u00e4nstef\u00f6retagen och fackf\u00f6rbundet Seko har tecknat nytt kollektivavtal f\u00f6r Sk\u00e4rg\u00e5rdstrafiken.<\/p>\n","protected":false},"author":3380,"featured_media":82695,"comment_status":"closed","ping_status":"closed","sticky":false,"template":"","format":"standard","meta":{"_acf_changed":false,"footnotes":""},"categories":[636,724],"tags":[],"article_type":[93],"agreement":[],"class_list":["post-82694","post","type-post","status-publish","format-standard","has-post-thumbnail","hentry","category-avtalsrorelse","category-kollektivavtal","type-pressmeddelanden"],"acf":[],"yoast_head":"<!-- This site is optimized with the Yoast SEO Premium plugin v26.8 (Yoast SEO v26.8) - https:\/\/yoast.com\/product\/yoast-seo-premium-wordpress\/ -->\n<title>Nytt kollektivavtal f\u00f6r Sk\u00e4rg\u00e5rdstrafiken | Almega<\/title>\n<meta name=\"robots\" content=\"index, follow, max-snippet:-1, max-image-preview:large, max-video-preview:-1\" \/>\n<link rel=\"canonical\" href=\"https:\/\/www.almega.se\/2025\/09\/nytt-kollektivavtal-for-skargardstrafiken-2\/\" \/>\n<meta property=\"og:locale\" content=\"sv_SE\" \/>\n<meta property=\"og:type\" content=\"article\" \/>\n<meta property=\"og:title\" content=\"Nytt kollektivavtal f\u00f6r Sk\u00e4rg\u00e5rdstrafiken\" \/>\n<meta property=\"og:description\" content=\"Almega Tj\u00e4nstef\u00f6retagen och fackf\u00f6rbundet Seko har tecknat nytt kollektivavtal f\u00f6r Sk\u00e4rg\u00e5rdstrafiken.\" \/>\n<meta property=\"og:url\" content=\"https:\/\/www.almega.se\/2025\/09\/nytt-kollektivavtal-for-skargardstrafiken-2\/\" \/>\n<meta property=\"og:site_name\" content=\"Almega\" \/>\n<meta property=\"article:published_time\" content=\"2025-09-26T14:00:00+00:00\" \/>\n<meta property=\"article:modified_time\" content=\"2025-09-29T08:46:15+00:00\" \/>\n<meta property=\"og:image\" content=\"https:\/\/www.almega.se\/app\/uploads\/2025\/09\/b0034898-7d9a-4515-b83e-096e53b29e95.jpg\" \/>\n\t<meta property=\"og:image:width\" content=\"960\" \/>\n\t<meta property=\"og:image:height\" content=\"636\" \/>\n\t<meta property=\"og:image:type\" content=\"image\/jpeg\" \/>\n<meta name=\"author\" content=\"Marianne Ahlgren\" \/>\n<meta name=\"twitter:card\" content=\"summary_large_image\" \/>\n<meta name=\"twitter:label1\" content=\"Skriven av\" \/>\n\t<meta name=\"twitter:data1\" content=\"Marianne Ahlgren\" \/>\n\t<meta name=\"twitter:label2\" content=\"Ber\u00e4knad l\u00e4stid\" \/>\n\t<meta name=\"twitter:data2\" content=\"1 minut\" \/>\n<!-- \/ Yoast SEO Premium plugin. -->","yoast_head_json":{"title":"Nytt kollektivavtal f\u00f6r Sk\u00e4rg\u00e5rdstrafiken | Almega","robots":{"index":"index","follow":"follow","max-snippet":"max-snippet:-1","max-image-preview":"max-image-preview:large","max-video-preview":"max-video-preview:-1"},"canonical":"https:\/\/www.almega.se\/2025\/09\/nytt-kollektivavtal-for-skargardstrafiken-2\/","og_locale":"sv_SE","og_type":"article","og_title":"Nytt kollektivavtal f\u00f6r Sk\u00e4rg\u00e5rdstrafiken","og_description":"Almega Tj\u00e4nstef\u00f6retagen och fackf\u00f6rbundet Seko har tecknat nytt kollektivavtal f\u00f6r Sk\u00e4rg\u00e5rdstrafiken.","og_url":"https:\/\/www.almega.se\/2025\/09\/nytt-kollektivavtal-for-skargardstrafiken-2\/","og_site_name":"Almega","article_published_time":"2025-09-26T14:00:00+00:00","article_modified_time":"2025-09-29T08:46:15+00:00","og_image":[{"width":960,"height":636,"url":"https:\/\/www.almega.se\/app\/uploads\/2025\/09\/b0034898-7d9a-4515-b83e-096e53b29e95.jpg","type":"image\/jpeg"}],"author":"Marianne Ahlgren","twitter_card":"summary_large_image","twitter_misc":{"Skriven av":"Marianne Ahlgren","Ber\u00e4knad l\u00e4stid":"1 minut"},"schema":{"@context":"https:\/\/schema.org","@graph":[{"@type":"NewsArticle","@id":"https:\/\/www.almega.se\/2025\/09\/nytt-kollektivavtal-for-skargardstrafiken-2\/#article","isPartOf":{"@id":"https:\/\/www.almega.se\/2025\/09\/nytt-kollektivavtal-for-skargardstrafiken-2\/"},"author":{"name":"Marianne Ahlgren","@id":"https:\/\/www.almega.se\/#\/schema\/person\/860599f2ded56005a909a04b92cf7035"},"headline":"Nytt kollektivavtal f\u00f6r Sk\u00e4rg\u00e5rds&shy;trafiken","datePublished":"2025-09-26T14:00:00+00:00","dateModified":"2025-09-29T08:46:15+00:00","mainEntityOfPage":{"@id":"https:\/\/www.almega.se\/2025\/09\/nytt-kollektivavtal-for-skargardstrafiken-2\/"},"wordCount":178,"image":{"@id":"https:\/\/www.almega.se\/2025\/09\/nytt-kollektivavtal-for-skargardstrafiken-2\/#primaryimage"},"thumbnailUrl":"https:\/\/www.almega.se\/app\/uploads\/2025\/09\/b0034898-7d9a-4515-b83e-096e53b29e95.jpg","articleSection":["Avtalsr\u00f6relse","Kollektivavtal"],"inLanguage":"sv-SE"},{"@type":"WebPage","@id":"https:\/\/www.almega.se\/2025\/09\/nytt-kollektivavtal-for-skargardstrafiken-2\/","url":"https:\/\/www.almega.se\/2025\/09\/nytt-kollektivavtal-for-skargardstrafiken-2\/","name":"Nytt kollektivavtal f\u00f6r Sk\u00e4rg\u00e5rdstrafiken | Almega","isPartOf":{"@id":"https:\/\/www.almega.se\/#website"},"primaryImageOfPage":{"@id":"https:\/\/www.almega.se\/2025\/09\/nytt-kollektivavtal-for-skargardstrafiken-2\/#primaryimage"},"image":{"@id":"https:\/\/www.almega.se\/2025\/09\/nytt-kollektivavtal-for-skargardstrafiken-2\/#primaryimage"},"thumbnailUrl":"https:\/\/www.almega.se\/app\/uploads\/2025\/09\/b0034898-7d9a-4515-b83e-096e53b29e95.jpg","datePublished":"2025-09-26T14:00:00+00:00","dateModified":"2025-09-29T08:46:15+00:00","author":{"@id":"https:\/\/www.almega.se\/#\/schema\/person\/860599f2ded56005a909a04b92cf7035"},"breadcrumb":{"@id":"https:\/\/www.almega.se\/2025\/09\/nytt-kollektivavtal-for-skargardstrafiken-2\/#breadcrumb"},"inLanguage":"sv-SE","potentialAction":[{"@type":"ReadAction","target":["https:\/\/www.almega.se\/2025\/09\/nytt-kollektivavtal-for-skargardstrafiken-2\/"]}]},{"@type":"ImageObject","inLanguage":"sv-SE","@id":"https:\/\/www.almega.se\/2025\/09\/nytt-kollektivavtal-for-skargardstrafiken-2\/#primaryimage","url":"https:\/\/www.almega.se\/app\/uploads\/2025\/09\/b0034898-7d9a-4515-b83e-096e53b29e95.jpg","contentUrl":"https:\/\/www.almega.se\/app\/uploads\/2025\/09\/b0034898-7d9a-4515-b83e-096e53b29e95.jpg","width":960,"height":636,"caption":"Thomas Lansing, f\u00f6rhandlingsledare inom Almega Tj\u00e4nstef\u00f6retagen"},{"@type":"BreadcrumbList","@id":"https:\/\/www.almega.se\/2025\/09\/nytt-kollektivavtal-for-skargardstrafiken-2\/#breadcrumb","itemListElement":[{"@type":"ListItem","position":1,"name":"Home","item":"https:\/\/www.almega.se\/"},{"@type":"ListItem","position":2,"name":"Nytt kollektivavtal f\u00f6r Sk\u00e4rg\u00e5rds&shy;trafiken"}]},{"@type":"WebSite","@id":"https:\/\/www.almega.se\/#website","url":"https:\/\/www.almega.se\/","name":"Almega","description":"","potentialAction":[{"@type":"SearchAction","target":{"@type":"EntryPoint","urlTemplate":"https:\/\/www.almega.se\/?s={search_term_string}"},"query-input":{"@type":"PropertyValueSpecification","valueRequired":true,"valueName":"search_term_string"}}],"inLanguage":"sv-SE"},{"@type":"Person","@id":"https:\/\/www.almega.se\/#\/schema\/person\/860599f2ded56005a909a04b92cf7035","name":"Marianne Ahlgren","image":{"@type":"ImageObject","inLanguage":"sv-SE","@id":"https:\/\/www.almega.se\/#\/schema\/person\/image\/","url":"https:\/\/secure.gravatar.com\/avatar\/4c350e8b0dd656a6bbe04785780665ac53c7b373c038b1140ce3ae5e8cb21bef?s=96&d=mm&r=g","contentUrl":"https:\/\/secure.gravatar.com\/avatar\/4c350e8b0dd656a6bbe04785780665ac53c7b373c038b1140ce3ae5e8cb21bef?s=96&d=mm&r=g","caption":"Marianne Ahlgren"},"url":"https:\/\/www.almega.se\/person\/marianneahlgren\/"}]}},"_links":{"self":[{"href":"https:\/\/www.almega.se\/api\/wp\/v2\/posts\/82694","targetHints":{"allow":["GET"]}}],"collection":[{"href":"https:\/\/www.almega.se\/api\/wp\/v2\/posts"}],"about":[{"href":"https:\/\/www.almega.se\/api\/wp\/v2\/types\/post"}],"author":[{"embeddable":true,"href":"https:\/\/www.almega.se\/api\/wp\/v2\/users\/3380"}],"replies":[{"embeddable":true,"href":"https:\/\/www.almega.se\/api\/wp\/v2\/comments?post=82694"}],"version-history":[{"count":1,"href":"https:\/\/www.almega.se\/api\/wp\/v2\/posts\/82694\/revisions"}],"predecessor-version":[{"id":82707,"href":"https:\/\/www.almega.se\/api\/wp\/v2\/posts\/82694\/revisions\/82707"}],"wp:featuredmedia":[{"embeddable":true,"href":"https:\/\/www.almega.se\/api\/wp\/v2\/media\/82695"}],"wp:attachment":[{"href":"https:\/\/www.almega.se\/api\/wp\/v2\/media?parent=82694"}],"wp:term":[{"taxonomy":"category","embeddable":true,"href":"https:\/\/www.almega.se\/api\/wp\/v2\/categories?post=82694"},{"taxonomy":"post_tag","embeddable":true,"href":"https:\/\/www.almega.se\/api\/wp\/v2\/tags?post=82694"},{"taxonomy":"type","embeddable":true,"href":"https:\/\/www.almega.se\/api\/wp\/v2\/article_type?post=82694"},{"taxonomy":"agreement","embeddable":true,"href":"https:\/\/www.almega.se\/api\/wp\/v2\/agreement?post=82694"}],"curies":[{"name":"wp","href":"https:\/\/api.w.org\/{rel}","templated":true}]}}