{"id":82633,"date":"2025-09-29T06:00:00","date_gmt":"2025-09-29T04:00:00","guid":{"rendered":"https:\/\/www.almega.se\/?p=82633"},"modified":"2026-01-21T08:55:38","modified_gmt":"2026-01-21T07:55:38","slug":"almegas-tjansteindikator-for-tredje-kvartalet-2025","status":"publish","type":"post","link":"https:\/\/www.almega.se\/2025\/09\/almegas-tjansteindikator-for-tredje-kvartalet-2025\/","title":{"rendered":"Almegas tj\u00e4nsteindikator f\u00f6r tredje kvartalet 2025"},"content":{"rendered":"<p class=\"intro\">Nu lyfter tj\u00e4nstesektorn. <\/p>\n<a class='Share__link Share__link--url copy-text' href='#' rel='nofollow' data-text='ladda-ner-rapporten' title='Dela url' data-confirmation='L\u00e4nken kopierades till urklipp'><svg class='icon icon--link'  width='18' height='18' viewBox='0 0 18 18' fill='none' xmlns='http:\/\/www.w3.org\/2000\/svg'>\n            <path d='M10.4142 0.514721L6.87868 4.05025L8.29289 5.46447L11.1213 2.63604L15.364 6.87868L12.5355 9.70711L13.9497 11.1213L17.4853 7.58579C17.8763 7.19476 17.8763 6.5626 17.4853 6.17158L11.8284 0.514721C11.4374 0.123691 10.8052 0.123691 10.4142 0.514721Z' fill='black'\/>\n            <path d='M9.7071 12.5355L6.87868 15.364L2.63604 11.1213L5.46446 8.2929L4.05025 6.87868L0.514716 10.4142C0.123686 10.8052 0.123686 11.4374 0.514716 11.8284L6.17157 17.4853C6.5626 17.8763 7.19475 17.8763 7.58578 17.4853L11.1213 13.9497L9.7071 12.5355Z' fill='black'\/>\n            <path d='M6.17157 11.8284C6.5626 12.2195 7.19475 12.2195 7.58578 11.8284L11.8284 7.58579C12.2195 7.19476 12.2195 6.56261 11.8284 6.17158C11.4374 5.78055 10.8052 5.78055 10.4142 6.17158L6.17157 10.4142C5.78054 10.8052 5.78054 11.4374 6.17157 11.8284Z' fill='black'\/>\n            <\/svg> <\/a>\n<h2 class=\"wp-block-heading\" id=\"h-ladda-ner-rapporten\">Ladda ner rapporten<\/h2>\n\n\n\n<p>Rapporten finns i sin helhet p\u00e5 denna sida men kan ocks\u00e5 h\u00e4mtas som pdf-fil.<\/p>\n\n\n\n      <a href=\"https:\/\/www.almega.se\/app\/uploads\/2025\/09\/Tjansteindikatorn-kvartal-Tre-2025-Slutversion.pdf\" target=\"_blank\" class=\"Button is-button is-style-fill has-black-background-color has-black-border-color has-white-color Button--arrow-tip\">\n      \n        Ladda ner rapporten h\u00e4r. \n      \n      \n                \n                <svg class='icon icon--arrow-tip'  width=\"11\" height=\"16\" viewBox=\"0 0 11 16\" fill=\"none\" xmlns=\"http:\/\/www.w3.org\/2000\/svg\">\n<path d=\"M0.858398 15L9.2304 7.99664L0.967732 1.00001\" stroke=\"black\" stroke-width=\"2\" stroke-miterlimit=\"10\"\/>\n<\/svg>\n\n        \n    <\/a>\n  \n\n\n<a class='Share__link Share__link--url copy-text' href='#' rel='nofollow' data-text='nu-lyfter-tjanstesektorn' title='Dela url' data-confirmation='L\u00e4nken kopierades till urklipp'><svg class='icon icon--link'  width='18' height='18' viewBox='0 0 18 18' fill='none' xmlns='http:\/\/www.w3.org\/2000\/svg'>\n            <path d='M10.4142 0.514721L6.87868 4.05025L8.29289 5.46447L11.1213 2.63604L15.364 6.87868L12.5355 9.70711L13.9497 11.1213L17.4853 7.58579C17.8763 7.19476 17.8763 6.5626 17.4853 6.17158L11.8284 0.514721C11.4374 0.123691 10.8052 0.123691 10.4142 0.514721Z' fill='black'\/>\n            <path d='M9.7071 12.5355L6.87868 15.364L2.63604 11.1213L5.46446 8.2929L4.05025 6.87868L0.514716 10.4142C0.123686 10.8052 0.123686 11.4374 0.514716 11.8284L6.17157 17.4853C6.5626 17.8763 7.19475 17.8763 7.58578 17.4853L11.1213 13.9497L9.7071 12.5355Z' fill='black'\/>\n            <path d='M6.17157 11.8284C6.5626 12.2195 7.19475 12.2195 7.58578 11.8284L11.8284 7.58579C12.2195 7.19476 12.2195 6.56261 11.8284 6.17158C11.4374 5.78055 10.8052 5.78055 10.4142 6.17158L6.17157 10.4142C5.78054 10.8052 5.78054 11.4374 6.17157 11.8284Z' fill='black'\/>\n            <\/svg> <\/a>\n<h2 class=\"wp-block-heading\" id=\"h-nu-lyfter-tjanstesektorn\">Nu lyfter tj\u00e4nstesektorn<\/h2>\n\n\n\n<p>Almegas tj\u00e4nsteindikator \u00e4r en kvartalsbaserad konjunkturindikator som belyser utvecklingen i den privata tj\u00e4nstesektorn. Den ligger tv\u00e5 m\u00e5nader f\u00f6re SCB:s publicering av den faktiska tj\u00e4nsteproduktionen och \u00e4r en aktuell spegel av konjunkturl\u00e4get i den privata tj\u00e4nstesektorn som svarar f\u00f6r 52 procent av Sveriges BNP och 48 procent av syssels\u00e4ttningen. Almega har publicerat tj\u00e4nsteindikatorn varje kvartal sedan 2001.<\/p>\n\n\n\n<p>Denna upplaga av tj\u00e4nsteindikatorn har arbetats fram p\u00e5 Almega av <strong>Patrick Joyce<\/strong> och <strong>Staffan Johansson<\/strong>. Insamlingen av data avslutades den 25 september 2025.<\/p>\n\n\n\n<p> F\u00f6r ytterligare upplysningar om det ekonomiska l\u00e4get i den privata tj\u00e4nstesektorn kontakta:<\/p>\n\n\n\n      \n      \n    \n    \n              \n          \n          \n      <h2 class=\"Contact-card__title\">Patrick Joyce<\/h2>\n      <p class=\"mb-0\">Chefekonom<\/p>\n      \n              <p class=\"mb-2\">Stockholm<\/p>\n                    <p>\n                      <a href=\"tel:+46 8 762 6967\">+46 8 762 6967<\/a>\n                                <a href=\"tel:+46 76 018 70 34\">+46 76 018 70 34<\/a>\n                                <a href=\"mailto:patrick.joyce@almega.se\">E-post<\/a>\n                  <\/p>\n            <a href=\"https:\/\/www.almega.se\/person\/patrickjoyce\/\" class=\"Contact-card__link\">\n        \n          <p class=\"Contact-card__arrow__text\">L\u00e4s mer<\/p>\n          \n          <svg class='icon icon--arrow-tip'  width=\"11\" height=\"16\" viewBox=\"0 0 11 16\" fill=\"none\" xmlns=\"http:\/\/www.w3.org\/2000\/svg\">\n<path d=\"M0.858398 15L9.2304 7.99664L0.967732 1.00001\" stroke=\"black\" stroke-width=\"2\" stroke-miterlimit=\"10\"\/>\n<\/svg>\n\n          \n      <\/a>\n\n      \n    \n  \n        \n              \n          \n          \n      <h2 class=\"Contact-card__title\">Staffan Johansson<\/h2>\n      <p class=\"mb-0\">Statistikexpert<\/p>\n      \n              <p class=\"mb-2\">Stockholm<\/p>\n                    <p>\n                      <a href=\"tel:+46 8 762 70 44\">+46 8 762 70 44<\/a>\n                                <a href=\"tel:+46 70 799 12 26\">+46 70 799 12 26<\/a>\n                                <a href=\"mailto:staffan.johansson@almega.se\">E-post<\/a>\n                  <\/p>\n            <a href=\"https:\/\/www.almega.se\/person\/staffanjohansson\/\" class=\"Contact-card__link\">\n        \n          <p class=\"Contact-card__arrow__text\">L\u00e4s mer<\/p>\n          \n          <svg class='icon icon--arrow-tip'  width=\"11\" height=\"16\" viewBox=\"0 0 11 16\" fill=\"none\" xmlns=\"http:\/\/www.w3.org\/2000\/svg\">\n<path d=\"M0.858398 15L9.2304 7.99664L0.967732 1.00001\" stroke=\"black\" stroke-width=\"2\" stroke-miterlimit=\"10\"\/>\n<\/svg>\n\n          \n      <\/a>\n\n      \n    \n  \n        \n          \n    \n\n\n<a class='Share__link Share__link--url copy-text' href='#' rel='nofollow' data-text='1.-sammanfattning' title='Dela url' data-confirmation='L\u00e4nken kopierades till urklipp'><svg class='icon icon--link'  width='18' height='18' viewBox='0 0 18 18' fill='none' xmlns='http:\/\/www.w3.org\/2000\/svg'>\n            <path d='M10.4142 0.514721L6.87868 4.05025L8.29289 5.46447L11.1213 2.63604L15.364 6.87868L12.5355 9.70711L13.9497 11.1213L17.4853 7.58579C17.8763 7.19476 17.8763 6.5626 17.4853 6.17158L11.8284 0.514721C11.4374 0.123691 10.8052 0.123691 10.4142 0.514721Z' fill='black'\/>\n            <path d='M9.7071 12.5355L6.87868 15.364L2.63604 11.1213L5.46446 8.2929L4.05025 6.87868L0.514716 10.4142C0.123686 10.8052 0.123686 11.4374 0.514716 11.8284L6.17157 17.4853C6.5626 17.8763 7.19475 17.8763 7.58578 17.4853L11.1213 13.9497L9.7071 12.5355Z' fill='black'\/>\n            <path d='M6.17157 11.8284C6.5626 12.2195 7.19475 12.2195 7.58578 11.8284L11.8284 7.58579C12.2195 7.19476 12.2195 6.56261 11.8284 6.17158C11.4374 5.78055 10.8052 5.78055 10.4142 6.17158L6.17157 10.4142C5.78054 10.8052 5.78054 11.4374 6.17157 11.8284Z' fill='black'\/>\n            <\/svg> <\/a>\n<h2 class=\"wp-block-heading\" id=\"h-1-sammanfattning\">1. <strong>Sammanfattning<\/strong><\/h2>\n\n\n\n<h3 class=\"wp-block-heading\" id=\"h-tjanstesektorn-lyfter\"><em><em>Tj\u00e4nstesektorn lyfter<\/em><\/em><\/h3>\n\n\n\n<p>Tillv\u00e4xten har till slut kommit i g\u00e5ng inom tj\u00e4nstesektorn. Det andra kvar\u00adtalet var tj\u00e4nste\u00adproduktionen 2,2 procent h\u00f6gre \u00e4n ett \u00e5r tidigare. Almegas tj\u00e4nsteindikator f\u00f6rutsp\u00e5r att produk\u00adtionen i tj\u00e4nstesektorn kommer att forts\u00e4tta att \u00f6ka det tredje kvartalet.<\/p>\n\n\n\n<p>Uppg\u00e5ngen sker b\u00e5de inom tj\u00e4nstebranscher som s\u00e4ljer till hush\u00e5ll och till f\u00f6retags\u00adtj\u00e4nster. F\u00f6retagstj\u00e4nsterna f\u00e5r draghj\u00e4lp av en stigande industriproduktion och en stark tj\u00e4nsteexport \u00e4ven om exporten inte v\u00e4xer lika snabbt som tidigare.<\/p>\n\n\n\n<p>Tillv\u00e4xten inom informations- och kommunikationssektorn h\u00e5ller i sig. Det andra kvartalet var produktionen 4,8 procent h\u00f6gre \u00e4n f\u00f6r ett \u00e5r sedan. Tillv\u00e4xten har varit starkast inom telekommunikationer och svagare bland datakonsulter.<\/p>\n\n\n\n<p>Produktionen av f\u00f6retagstj\u00e4nster inom juridik, ekonomi, vetenskap och teknik har minskat flera kvartal men nu b\u00f6rjar utvecklingen v\u00e4nda. Det andra kvartalet var produktionen 0,5 procent h\u00f6gre \u00e4n f\u00f6r ett \u00e5r sedan.<\/p>\n\n\n\n<p>Produktionen inom personaluthyrning och andra st\u00f6dtj\u00e4nster till f\u00f6re\u00adtag f\u00f6ll med 2,6 procent i \u00e5rstakt det andra kvartalet vilket var en betydligt mindre nedg\u00e5ng \u00e4n tidigare. Detta beror fr\u00e4mst p\u00e5 att l\u00e4get \u00e4r p\u00e5 v\u00e4g att stabiliseras f\u00f6r bemannings\u00adbranschen efter en kraftig nedg\u00e5ng f\u00f6rra \u00e5ret. &nbsp;Stabiliseringen f\u00f6r bemannings\u00adbranschen \u00e4r en viktig indikation p\u00e5 att l\u00e4get \u00e4r p\u00e5 v\u00e4g att f\u00f6rb\u00e4ttras p\u00e5 hela arbetsmarknaden.<\/p>\n\n\n\n<p>Under sommaren har antalet konkurser minskat kraftigt inom samtliga tj\u00e4nstebranscher vilket ocks\u00e5 \u00e4r ett tecken p\u00e5 att en \u00e5terh\u00e4mtning \u00e4r p\u00e5 v\u00e4g.<\/p>\n\n\n\n<h3 class=\"wp-block-heading\" id=\"h-vandning-pa-vag-for-jobben\"><em><em><em>V\u00e4ndning p\u00e5 v\u00e4g f\u00f6r jobben<\/em><\/em><\/em><\/h3>\n\n\n\n<p>Jobben i den privata tj\u00e4nstesektorn blir fortfarande f\u00e4rre men nedg\u00e5ngen planar ut. Antalet anst\u00e4llda i den privata tj\u00e4nstesektorn, minus finanssektorn, har minskat med 2 600 personer, eller 0,2 procent, p\u00e5 ett \u00e5r vilket \u00e4r mindre \u00e4n tidigare kvartal. Almegas arbets\u00admarknads\u00adindikator f\u00f6rutsp\u00e5r att antalet jobb i tj\u00e4nste\u00adsektorn kommer att b\u00f6rja \u00f6ka redan n\u00e4sta kvartal.<\/p>\n\n\n\n<p>I vissa tj\u00e4nstebranscher forts\u00e4tter jobben att bli f\u00e4rre. Flest jobb har f\u00f6rsvunnit inom personaluthyrning och rekrytering d\u00e4r antalet anst\u00e4llda har minskat med 7 700 personer p\u00e5 ett \u00e5r. Nedg\u00e5ngen \u00e4r trots allt mindre \u00e4n tidigare kvartal.<\/p>\n\n\n\n<p>Inom information och kommunikation har antalet anst\u00e4llda minskat med 1 400 personer det senaste \u00e5ret trots god tillv\u00e4xt i branschen. Det \u00e4r os\u00e4kert om det \u00e4r en kvardr\u00f6jande effekt av l\u00e5gkonjunkturen eller beror p\u00e5 andra faktorer. Information och kommunikation \u00e4r den sektor d\u00e4r inf\u00f6randet av AI-teknik kommit l\u00e4ngst.<\/p>\n\n\n\n<p>I andra tj\u00e4nstebranscher har redan antalet jobb b\u00f6rjat \u00f6ka. Bland konsulttj\u00e4nster inom juridik, ekonomi, vetenskap och teknik med mera har antalet anst\u00e4llda \u00f6kat med 1 900 personer det senaste \u00e5ret.<\/p>\n\n\n\n<p>Flest jobb har skapats inom hotell och restaurang d\u00e4r antalet anst\u00e4llda har \u00f6kat med 3&nbsp;600 personer p\u00e5 ett \u00e5r.<\/p>\n\n\n\n<h3 class=\"wp-block-heading\" id=\"h-stabil-prisutveckling-pa-tjanster\"><em><em><em>Stabil prisutveckling p\u00e5 tj\u00e4nster<\/em><\/em><\/em><\/h3>\n\n\n\n<p>Tj\u00e4nstef\u00f6retagens f\u00f6rs\u00e4ljningspriser f\u00f6r b\u00e5de inhemsk konsumtion och export \u00f6kade det andra kvartalet med 1,5 procent i \u00e5rstakt. Almegas prisindikator f\u00f6rutsp\u00e5r att tj\u00e4nstef\u00f6retagens f\u00f6rs\u00e4ljningspriser kommer att \u00f6ka i samma takt \u00e4ven n\u00e4sta kvartal. De tj\u00e4nster som enbart s\u00e4ljs till konsumenter i Sverige \u00f6kar dock med 3,0 procent i \u00e5rstakt vilket \u00e4r h\u00f6gre \u00e4n den allm\u00e4nna inflationen.\u00a0<\/p>\n\n\n<a class='Share__link Share__link--url copy-text' href='#' rel='nofollow' data-text='2.-tjanstesektorn-borjar-lyfta' title='Dela url' data-confirmation='L\u00e4nken kopierades till urklipp'><svg class='icon icon--link'  width='18' height='18' viewBox='0 0 18 18' fill='none' xmlns='http:\/\/www.w3.org\/2000\/svg'>\n            <path d='M10.4142 0.514721L6.87868 4.05025L8.29289 5.46447L11.1213 2.63604L15.364 6.87868L12.5355 9.70711L13.9497 11.1213L17.4853 7.58579C17.8763 7.19476 17.8763 6.5626 17.4853 6.17158L11.8284 0.514721C11.4374 0.123691 10.8052 0.123691 10.4142 0.514721Z' fill='black'\/>\n            <path d='M9.7071 12.5355L6.87868 15.364L2.63604 11.1213L5.46446 8.2929L4.05025 6.87868L0.514716 10.4142C0.123686 10.8052 0.123686 11.4374 0.514716 11.8284L6.17157 17.4853C6.5626 17.8763 7.19475 17.8763 7.58578 17.4853L11.1213 13.9497L9.7071 12.5355Z' fill='black'\/>\n            <path d='M6.17157 11.8284C6.5626 12.2195 7.19475 12.2195 7.58578 11.8284L11.8284 7.58579C12.2195 7.19476 12.2195 6.56261 11.8284 6.17158C11.4374 5.78055 10.8052 5.78055 10.4142 6.17158L6.17157 10.4142C5.78054 10.8052 5.78054 11.4374 6.17157 11.8284Z' fill='black'\/>\n            <\/svg> <\/a>\n<h2 class=\"wp-block-heading\" id=\"h-2-tjanstesektorn-borjar-lyfta\">2. <a>Tj\u00e4nstesektorn b\u00f6rjar lyfta<\/a><\/h2>\n\n\n\n<h3 class=\"wp-block-heading\" id=\"h-2-1-tjansteproduktionen-upp-over-tva-procent\">2.1 <a><a>Tj\u00e4nsteproduktionen upp \u00f6ver tv\u00e5 procent<\/a><\/a><\/h3>\n\n\n\n<p>Svensk ekonomi b\u00f6rjar f\u00e5 upp styrfarten igen. Det andra kvartalet \u00f6kade BNP med 0,9 procent i \u00e5rstakt och med 0,5 procent j\u00e4mf\u00f6rt med kvartalet innan. Uppg\u00e5ngen drivs fr\u00e4mst av \u00f6kade investeringar i f\u00f6retagen och av en stigande hush\u00e5llskonsumtion. \u00c4ven exporten forts\u00e4tter att utvecklas starkt, s\u00e4rskilt p\u00e5 tj\u00e4nster.<sup>1<\/sup><\/p>\n\n\n\n<p>Tillv\u00e4xten har kommit i g\u00e5ng inom tj\u00e4nstesektorn. Det andra kvar\u00adtalet var tj\u00e4nste\u00adproduktionen 2,2 procent h\u00f6gre \u00e4n ett \u00e5r tidigare. Almegas tj\u00e4nsteindikator f\u00f6rutsp\u00e5r att produk\u00adtionen i tj\u00e4nstesektorn kommer att \u00f6ka \u00e4ven det tredje kvartalet.<\/p>\n\n\n\n<p><strong><mark class=\"has-inline-color has-primary-color\">Diagram 1: <\/mark><strong><strong><strong>Almegas tj\u00e4nsteindikator f\u00f6r kommande produktionstillv\u00e4xt i privat tj\u00e4nstesektor<\/strong><\/strong><\/strong><\/strong><\/p>\n\n\n\n<p>Kvartal ett 2010 till kvartal tre 2025<\/p>\n\n\n\n<figure class=\"wp-block-image size-full\"><img loading=\"lazy\" decoding=\"async\" width=\"1042\" height=\"596\" src=\"https:\/\/www.almega.se\/app\/uploads\/2025\/09\/Skarmavbild-2025-09-25-kl.-10.29.27-fm.png\" alt=\"\" class=\"wp-image-82659\" srcset=\"https:\/\/www.almega.se\/app\/uploads\/2025\/09\/Skarmavbild-2025-09-25-kl.-10.29.27-fm.png 1042w, https:\/\/www.almega.se\/app\/uploads\/2025\/09\/Skarmavbild-2025-09-25-kl.-10.29.27-fm-580x332.png 580w, https:\/\/www.almega.se\/app\/uploads\/2025\/09\/Skarmavbild-2025-09-25-kl.-10.29.27-fm-380x217.png 380w, https:\/\/www.almega.se\/app\/uploads\/2025\/09\/Skarmavbild-2025-09-25-kl.-10.29.27-fm-768x439.png 768w\" sizes=\"auto, (max-width: 1042px) 100vw, 1042px\" \/><figcaption class=\"wp-element-caption\"><br><strong>K\u00e4lla:<\/strong> Almega, Konjunktur\u00adinstitutet, SCB, Macro\u00adbond.<br><strong>Anm:<\/strong> Orange linje visar indikator f\u00f6r kommande produktionstillv\u00e4xt. Bl\u00e5 linje visar \u00e5rlig produktionstillv\u00e4xt i privat tj\u00e4nstesektor.<\/figcaption><\/figure>\n\n\n\n<p>F\u00f6retagstj\u00e4nsterna f\u00e5r draghj\u00e4lp av en stigande industriproduktion och en stark tj\u00e4nsteexport \u00e4ven om exporten inte v\u00e4xer lika snabbt som tidigare.<sup>2<\/sup><\/p>\n\n\n\n<p>Industriproduktionen har stigit det senaste \u00e5ret men en fortsatt svag utveckling i Europa och tullar mot export till USA kan d\u00e4mpa varuexporten och p\u00e5verka efter\u00adfr\u00e5gan p\u00e5 vissa f\u00f6retagstj\u00e4nster. Bostadsbyggandet har b\u00f6rjat \u00f6ka och sjunkande r\u00e4ntor och \u00f6kad k\u00f6pkraft bland hush\u00e5llen kan ge mer fart till bostadsbyggandet fram\u00f6ver vilket \u00e4r viktigt f\u00f6r arkitekter och andra tekniska f\u00f6retagstj\u00e4nster.<\/p>\n\n\n\n<p><strong><mark class=\"has-inline-color has-primary-color\">Diagram 2:<\/mark> <strong><strong><strong>Produktion inom tj\u00e4nstesektor och industri, januari 2022 till juli 2025<\/strong><\/strong><\/strong><\/strong><\/p>\n\n\n\n<p>Trend index, jan 2022=100<\/p>\n\n\n\n<figure class=\"wp-block-image size-full\"><img loading=\"lazy\" decoding=\"async\" width=\"934\" height=\"464\" src=\"https:\/\/www.almega.se\/app\/uploads\/2025\/09\/Skarmavbild-2025-09-25-kl.-10.29.44-fm.png\" alt=\"\" class=\"wp-image-82660\" srcset=\"https:\/\/www.almega.se\/app\/uploads\/2025\/09\/Skarmavbild-2025-09-25-kl.-10.29.44-fm.png 934w, https:\/\/www.almega.se\/app\/uploads\/2025\/09\/Skarmavbild-2025-09-25-kl.-10.29.44-fm-580x288.png 580w, https:\/\/www.almega.se\/app\/uploads\/2025\/09\/Skarmavbild-2025-09-25-kl.-10.29.44-fm-380x189.png 380w, https:\/\/www.almega.se\/app\/uploads\/2025\/09\/Skarmavbild-2025-09-25-kl.-10.29.44-fm-768x382.png 768w\" sizes=\"auto, (max-width: 934px) 100vw, 934px\" \/><\/figure>\n\n\n\n<p>Tj\u00e4nstef\u00f6retagens f\u00f6rv\u00e4ntningar p\u00e5 framtiden \u00e4r f\u00f6rsiktigt positiva. Ink\u00f6ps\u00adchefs\u00adindex (PMI) f\u00f6r tj\u00e4nster ligger i tillv\u00e4xtzonen \u2013 \u00f6ver 50 \u2013 men bara n\u00e4tt och j\u00e4mnt.<sup>3<\/sup><\/p>\n\n\n\n<p><strong><mark class=\"has-inline-color has-primary-color\">Diagram 3:<\/mark> <strong><strong><strong>Ink\u00f6pschefsindex f\u00f6r privata tj\u00e4nster och industri, jan 2022 till aug 2025<\/strong><\/strong><\/strong><\/strong><\/p>\n\n\n\n<p>S\u00e4songsrensat<\/p>\n\n\n\n<figure class=\"wp-block-image size-full\"><img loading=\"lazy\" decoding=\"async\" width=\"940\" height=\"488\" src=\"https:\/\/www.almega.se\/app\/uploads\/2025\/09\/Skarmavbild-2025-09-25-kl.-10.30.24-fm.png\" alt=\"\" class=\"wp-image-82661\" srcset=\"https:\/\/www.almega.se\/app\/uploads\/2025\/09\/Skarmavbild-2025-09-25-kl.-10.30.24-fm.png 940w, https:\/\/www.almega.se\/app\/uploads\/2025\/09\/Skarmavbild-2025-09-25-kl.-10.30.24-fm-580x301.png 580w, https:\/\/www.almega.se\/app\/uploads\/2025\/09\/Skarmavbild-2025-09-25-kl.-10.30.24-fm-380x197.png 380w, https:\/\/www.almega.se\/app\/uploads\/2025\/09\/Skarmavbild-2025-09-25-kl.-10.30.24-fm-768x399.png 768w\" sizes=\"auto, (max-width: 940px) 100vw, 940px\" \/><figcaption class=\"wp-element-caption\"><strong>K\u00e4lla<\/strong>: Swedbank och Silf<\/figcaption><\/figure>\n\n\n\n<h3 class=\"wp-block-heading\" id=\"h-2-2-viss-aterhamtning-for-foretagstjanster\">2.2 <a>Viss \u00e5terh\u00e4mtning f\u00f6r f\u00f6retagstj\u00e4nster<\/a><\/h3>\n\n\n\n<p>Efterfr\u00e5gan p\u00e5 f\u00f6retagstj\u00e4nster har d\u00e4mpats av den svaga konjunk\u00adturen och minskad efterfr\u00e5gan fr\u00e5n b\u00e5de industrin och byggsektorn men l\u00e4get blir b\u00e4ttre.<\/p>\n\n\n\n<p><strong><mark class=\"has-inline-color has-primary-color\">Diagram 4: <\/mark><strong><strong><strong>Produktionen inom information och kommunikation, kvartal ett 2022 till kvartal tv\u00e5 2025<\/strong><\/strong><\/strong><\/strong><\/p>\n\n\n\n<p>F\u00f6r\u00e4ndring \u00e5rstakt, fasta priser och kalenderkorrigerat, procent<\/p>\n\n\n\n<figure class=\"wp-block-image size-full\"><img loading=\"lazy\" decoding=\"async\" width=\"1028\" height=\"542\" src=\"https:\/\/www.almega.se\/app\/uploads\/2025\/09\/Skarmavbild-2025-09-25-kl.-9.44.18-fm.png\" alt=\"\" class=\"wp-image-82637\" srcset=\"https:\/\/www.almega.se\/app\/uploads\/2025\/09\/Skarmavbild-2025-09-25-kl.-9.44.18-fm.png 1028w, https:\/\/www.almega.se\/app\/uploads\/2025\/09\/Skarmavbild-2025-09-25-kl.-9.44.18-fm-580x306.png 580w, https:\/\/www.almega.se\/app\/uploads\/2025\/09\/Skarmavbild-2025-09-25-kl.-9.44.18-fm-380x200.png 380w, https:\/\/www.almega.se\/app\/uploads\/2025\/09\/Skarmavbild-2025-09-25-kl.-9.44.18-fm-768x405.png 768w\" sizes=\"auto, (max-width: 1028px) 100vw, 1028px\" \/><figcaption class=\"wp-element-caption\"><strong>K\u00e4lla:<\/strong> SCB, tj\u00e4nsteproduktionsindex.<\/figcaption><\/figure>\n\n\n\n<p>Informations- och kommunikationssektorn har vuxit stadigt sedan b\u00f6rjan av 2024 och tillv\u00e4xten h\u00e5ller i sig. Det andra kvartalet var produktionen 4,8 procent h\u00f6gre \u00e4n f\u00f6r ett \u00e5r sedan. Tillv\u00e4xten har varit starkas inom telekommunikationer och svagare bland datakonsulter och informationstj\u00e4nstf\u00f6retag under det senaste \u00e5ret. Datakonsulterna \u00e4r \u00e5ter mycket optimistiska om framtiden. I augusti r\u00e4knade 52 procent av datakonsulterna med \u00f6kad efterfr\u00e5gan i n\u00e4rtid (se tabell 1). <\/p>\n\n\n\n<p>Exporten av telekommunikationer och datatj\u00e4nster forts\u00e4tter att \u00f6ka men l\u00e5ngsammare \u00e4n f\u00f6rut. Exporten har \u00f6kat med 4,4 procent i l\u00f6pande priser det senaste \u00e5ret samtidigt som exportpriserna p\u00e5 dessa tj\u00e4nster har fallit.<sup>4<\/sup><\/p>\n\n\n\n<p>Den svaga konjunkturen och l\u00e5g efterfr\u00e5gan fr\u00e5n industri och bygg har h\u00e5llit nere efterfr\u00e5gan p\u00e5 f\u00f6retagstj\u00e4nster inom juridik, ekonomi, vetenskap och teknik. Nu b\u00f6rjar dock l\u00e4get f\u00f6rb\u00e4ttras. Det andra kvartalet var produktionen inom sektorn 0,5 procent h\u00f6gre \u00e4n f\u00f6r ett \u00e5r sedan, delvis p\u00e5 grund av draghj\u00e4lp fr\u00e5n en \u00f6kande industriproduktion. Exporten av aff\u00e4rstj\u00e4nster forts\u00e4tter att \u00f6ka men n\u00e5got mindre \u00e4n tidigare. Det andra kvartalet var exporten av aff\u00e4rs\u00adtj\u00e4nster 6,3 procent h\u00f6gre, i l\u00f6pande priser, \u00e4n ett \u00e5r tidigare.<sup>5<\/sup><\/p>\n\n\n\n<p>F\u00f6rv\u00e4ntningarna p\u00e5 framtiden \u00e4r stabila. Tekniska konsulter \u00e4r fortfarande mycket optimistiska om den n\u00e4rmaste framtiden medan arkitekterna \u00e4r mer d\u00e4mpade (se tabell 1). <\/p>\n\n\n\n<p><strong><mark class=\"has-inline-color has-primary-color\">Diagram 5: <\/mark><strong><strong><strong>Produktion bland konsulter inom juridik, ekonomi, teknik med mera, kvartal ett 2022 till kvartal tv\u00e5 2025<\/strong><\/strong><\/strong><\/strong><\/p>\n\n\n\n<p>F\u00f6r\u00e4ndring \u00e5rstakt, fasta priser och kalenderkorrigerat, procent<\/p>\n\n\n\n<figure class=\"wp-block-image size-full\"><img loading=\"lazy\" decoding=\"async\" width=\"1004\" height=\"458\" src=\"https:\/\/www.almega.se\/app\/uploads\/2025\/09\/Skarmavbild-2025-09-25-kl.-9.46.00-fm.png\" alt=\"\" class=\"wp-image-82638\" srcset=\"https:\/\/www.almega.se\/app\/uploads\/2025\/09\/Skarmavbild-2025-09-25-kl.-9.46.00-fm.png 1004w, https:\/\/www.almega.se\/app\/uploads\/2025\/09\/Skarmavbild-2025-09-25-kl.-9.46.00-fm-580x265.png 580w, https:\/\/www.almega.se\/app\/uploads\/2025\/09\/Skarmavbild-2025-09-25-kl.-9.46.00-fm-380x173.png 380w, https:\/\/www.almega.se\/app\/uploads\/2025\/09\/Skarmavbild-2025-09-25-kl.-9.46.00-fm-768x350.png 768w\" sizes=\"auto, (max-width: 1004px) 100vw, 1004px\" \/><figcaption class=\"wp-element-caption\"><strong>K\u00e4lla:<\/strong> SCB, tj\u00e4nsteproduktionsindex.<\/figcaption><\/figure>\n\n\n\n<p>Produktionen inom personaluthyrning, fastighetsservice, st\u00e4dning och andra st\u00f6dtj\u00e4nster till f\u00f6re\u00adtag f\u00f6ll med 2,6 procent i \u00e5rstakt det andra kvartalet vilket var en betydligt mindre nedg\u00e5ng \u00e4n tidigare. <\/p>\n\n\n\n<p>Sektorn har tyngts av en mycket svag utveckling inom personaluthyrning men l\u00e4get h\u00e5ller p\u00e5 att stabiliseras i branschen. Enligt siffror fr\u00e5n Kompetensf\u00f6retagen \u2013 d\u00e4r de st\u00f6rsta bemannings\u00adf\u00f6retagen ing\u00e5r \u2013 var oms\u00e4ttningen det andra kvartalet 4,5 procent l\u00e4gre \u00e4n ett \u00e5r tidigare vilket var en betydligt mindre nedg\u00e5ng \u00e4n f\u00f6rsta kvartalet d\u00e5 oms\u00e4ttningen f\u00f6ll med 10,3 procent i \u00e5rstakt.<\/p>\n\n\n\n<p><strong><mark class=\"has-inline-color has-primary-color\">Diagram 6: <\/mark><strong><strong><strong>Produktion inom uthyrning och andra st\u00f6dtj\u00e4nster till f\u00f6retag, kvartal ett 2022 till kvartal tv\u00e5 2025<\/strong><\/strong><\/strong><\/strong><\/p>\n\n\n\n<p>F\u00f6r\u00e4ndring \u00e5rstakt, fasta priser och kalenderkorrigerat, procent<\/p>\n\n\n\n<figure class=\"wp-block-image size-full\"><img loading=\"lazy\" decoding=\"async\" width=\"942\" height=\"480\" src=\"https:\/\/www.almega.se\/app\/uploads\/2025\/09\/Skarmavbild-2025-09-25-kl.-9.46.50-fm.png\" alt=\"\" class=\"wp-image-82639\" srcset=\"https:\/\/www.almega.se\/app\/uploads\/2025\/09\/Skarmavbild-2025-09-25-kl.-9.46.50-fm.png 942w, https:\/\/www.almega.se\/app\/uploads\/2025\/09\/Skarmavbild-2025-09-25-kl.-9.46.50-fm-580x296.png 580w, https:\/\/www.almega.se\/app\/uploads\/2025\/09\/Skarmavbild-2025-09-25-kl.-9.46.50-fm-380x194.png 380w, https:\/\/www.almega.se\/app\/uploads\/2025\/09\/Skarmavbild-2025-09-25-kl.-9.46.50-fm-768x391.png 768w\" sizes=\"auto, (max-width: 942px) 100vw, 942px\" \/><figcaption class=\"wp-element-caption\"><strong>K\u00e4lla:<\/strong> SCB, tj\u00e4nsteproduktionsindex.<\/figcaption><\/figure>\n\n\n\n<p>F\u00f6rb\u00e4ttringen \u00e4r tydlig inom branschens tv\u00e5 st\u00f6rsta yrkesomr\u00e5den industri samt lager och logistik som st\u00e5r f\u00f6r \u00f6ver h\u00e4lften av inhyrningen av personal. Uthyrningen till industrin minskade med 21,9 procent i \u00e5rstakt det f\u00f6rsta kvartalet. Det andra kvartalet var nedg\u00e5ngen 7,2 procent i \u00e5rstakt. Uthyrningen till lager och logistik, f\u00f6ll med 6,9 procent i \u00e5rstakt det f\u00f6rsta kvartalet. Det andra kvartalet stannade nedg\u00e5ngen vid 0,6 procent i \u00e5rstakt.<sup>6<\/sup><\/p>\n\n\n\n<p>Bemanningsf\u00f6retagen \u00e4r betydligt mer optimistiska om framtiden \u00e4n tidigare. Stabiliseringen f\u00f6r bemanningsbranschen \u00e4r en viktig indikation p\u00e5 att l\u00e4get \u00e4r p\u00e5 v\u00e4g att bli b\u00e4ttre p\u00e5 resten av arbetsmarknaden. <\/p>\n\n\n\n<p>Inom partihandeln, som s\u00e4ljer till f\u00f6retag, har produktionen fallit tre \u00e5r i rad men en v\u00e4ndning har skett. Det andra kvartalet var produktionen 5,1 procent h\u00f6gre \u00e4n ett \u00e5r tidigare. Nedg\u00e5ngen f\u00f6r transportf\u00f6retagen b\u00f6rjar ocks\u00e5 d\u00e4mpas. Det andra kvartalet f\u00f6ll produktionen med 0,9 procent i \u00e5rstakt vilket var betydligt mindre \u00e4n tidigare.<sup>7<\/sup><\/p>\n\n\n\n<p><strong><mark class=\"has-inline-color has-primary-color\">Tabell 1:<\/mark> <strong><strong><strong>Efterfr\u00e5gan i tj\u00e4nstebranscher som fr\u00e4mst s\u00e4ljer till f\u00f6retag. F\u00f6rv\u00e4ntningar tre m\u00e5nader fram\u00e5t, maj och augusti 2025<\/strong><\/strong><\/strong><\/strong><\/p>\n\n\n\n<p>Nettotal, s\u00e4songsrensat<\/p>\n\n\n\n<figure class=\"wp-block-image size-full is-resized\"><img loading=\"lazy\" decoding=\"async\" width=\"974\" height=\"566\" src=\"https:\/\/www.almega.se\/app\/uploads\/2025\/09\/Skarmavbild-2025-09-25-kl.-9.49.09-fm.png\" alt=\"\" class=\"wp-image-82640\" style=\"width:1105px;height:663px\" srcset=\"https:\/\/www.almega.se\/app\/uploads\/2025\/09\/Skarmavbild-2025-09-25-kl.-9.49.09-fm.png 974w, https:\/\/www.almega.se\/app\/uploads\/2025\/09\/Skarmavbild-2025-09-25-kl.-9.49.09-fm-580x337.png 580w, https:\/\/www.almega.se\/app\/uploads\/2025\/09\/Skarmavbild-2025-09-25-kl.-9.49.09-fm-380x221.png 380w, https:\/\/www.almega.se\/app\/uploads\/2025\/09\/Skarmavbild-2025-09-25-kl.-9.49.09-fm-768x446.png 768w\" sizes=\"auto, (max-width: 974px) 100vw, 974px\" \/><figcaption class=\"wp-element-caption\"><strong>K\u00e4lla: <\/strong>Konjunkturinstitutet<br><strong>Anm:<\/strong> Nettotal \u00e4r andelen f\u00f6retag som rapporterar att efterfr\u00e5gan \u00f6kar minus andelen som rapporterar att den minskar. \u00d6vriga f\u00f6retagstj\u00e4nster (SNI 82) omfattar kontorstj\u00e4nster, callcenter samt arrang\u00f6rer av kongresser och m\u00e4ssor.<\/figcaption><\/figure>\n\n\n\n<h3 class=\"wp-block-heading\" id=\"h-2-3-battre-for-konsumenttjanster\">2.3 <a><a>B\u00e4ttre f\u00f6r konsumenttj\u00e4nster<\/a><\/a><\/h3>\n\n\n\n<p>Hush\u00e5llens realinkomster har stigit tv\u00e5 \u00e5r i rad \u00e4ven om man \u00e4nnu inte f\u00e5tt tillbaka hela den k\u00f6pkraft man f\u00f6rlorade under \u00e5ren med h\u00f6g inflation. Hush\u00e5llens f\u00f6rtroende f\u00f6r ekonomin har \u00f6kat efter sommaren \u00e4ven om det fortfarande \u00e4r l\u00e4gre \u00e4n normalt.<sup>8<\/sup> Hush\u00e5llens konsumtion b\u00f6rjar \u00f6ka och det andra kvartalet var den 1,5 procent h\u00f6gre \u00e4n ett \u00e5r tidigare.<sup>9<\/sup><\/p>\n\n\n\n<p>Den \u00f6kande konsumtionen ger draghj\u00e4lp till detaljhandeln vars oms\u00e4ttning \u00f6kat tre kvartal i rad. Det andra kvartalet var oms\u00e4ttningen inom detaljhandeln 2,6 procent h\u00f6gre \u00e4n f\u00f6r ett \u00e5r sedan.<sup>10<\/sup> F\u00f6retagen inom detaljhandeln \u00e4r fortsatt optimistiska och f\u00f6rv\u00e4ntar sig att f\u00f6rs\u00e4lj\u00adningen kommer att forts\u00e4tta att \u00f6ka fram\u00f6ver. \u00c4ven motor\u00adhandeln utvecklas mycket bra och det andra kvartalet var oms\u00e4ttningen 10,6 procent h\u00f6gre \u00e4n ett \u00e5r tidigare vilket beror p\u00e5 antalet nyregistrerade bilar forts\u00e4tter att \u00f6ka.<sup>11<\/sup><\/p>\n\n\n\n<p>Hotell- och restaurangbranschen har haft en svag utveckling de senaste tv\u00e5 \u00e5ren beroende p\u00e5 l\u00e5g hush\u00e5llskonsumtion, \u00f6kade kostnader och h\u00f6jda f\u00f6rs\u00e4ljnings\u00adpriser. Det andra kvartalet syntes dock en v\u00e4ndning och produktionen steg med 1,2 procent i \u00e5rstakt. Hotell och restauranger r\u00e4knar med stigande oms\u00e4ttning fram\u00f6ver.<\/p>\n\n\n\n<p><strong><mark class=\"has-inline-color has-primary-color\">Tabell 2: <\/mark><strong><strong><strong>Efterfr\u00e5gan i tj\u00e4nstebranscher som fr\u00e4mst s\u00e4ljer till hush\u00e5ll. F\u00f6rv\u00e4ntningar tre m\u00e5nader fram\u00e5t, maj och augusti 2025<\/strong><\/strong><\/strong><\/strong><\/p>\n\n\n\n<p>Nettotal, s\u00e4songsrensat<\/p>\n\n\n\n<figure class=\"wp-block-image size-full\"><img loading=\"lazy\" decoding=\"async\" width=\"1038\" height=\"374\" src=\"https:\/\/www.almega.se\/app\/uploads\/2025\/09\/Skarmavbild-2025-09-25-kl.-9.51.03-fm.png\" alt=\"\" class=\"wp-image-82641\" srcset=\"https:\/\/www.almega.se\/app\/uploads\/2025\/09\/Skarmavbild-2025-09-25-kl.-9.51.03-fm.png 1038w, https:\/\/www.almega.se\/app\/uploads\/2025\/09\/Skarmavbild-2025-09-25-kl.-9.51.03-fm-580x209.png 580w, https:\/\/www.almega.se\/app\/uploads\/2025\/09\/Skarmavbild-2025-09-25-kl.-9.51.03-fm-380x137.png 380w, https:\/\/www.almega.se\/app\/uploads\/2025\/09\/Skarmavbild-2025-09-25-kl.-9.51.03-fm-768x277.png 768w\" sizes=\"auto, (max-width: 1038px) 100vw, 1038px\" \/><figcaption class=\"wp-element-caption\"><strong>K\u00e4lla:<\/strong> Konjunkturinstitutet.<br><strong>Anm:<\/strong> Fastighetsf\u00f6rvaltning (SNI 68.2) och researrang\u00f6rer (SNI 79) s\u00e4ljer tj\u00e4nster b\u00e5de till hush\u00e5ll och f\u00f6retag.<\/figcaption><\/figure>\n\n\n\n<p>\u00c4ven personliga tj\u00e4nster och kultur och n\u00f6jen har utvecklats svagt en l\u00e4ngre tid men \u00e4ven h\u00e4r v\u00e4nde utvecklingen under v\u00e5ren.<sup>12<\/sup> Det andra kvartalet var produktionen 1,0 procent h\u00f6gre \u00e4n ett \u00e5r tidigare.<\/p>\n\n\n\n<h3 class=\"wp-block-heading\" id=\"h-2-4-vard-och-omsorg-bromsar-in\">2.4 <a>V\u00e5rd och omsorg bromsar in<\/a><\/h3>\n\n\n\n<p>Privat produktion av offentligt finansierade v\u00e4lf\u00e4rdstj\u00e4nster utvecklas f\u00f6r n\u00e4rvarande \u00e5t olika h\u00e5ll. Inom privat utf\u00f6rd utbildning steg produktionen det andra kvartalet med 1,4 procent i \u00e5rstakt efter en tydlig nedg\u00e5ng f\u00f6rra \u00e5ret.<sup>13<\/sup><\/p>\n\n\n\n<p>Produktionen av privat utf\u00f6rd sjukv\u00e5rd och omsorg utvecklades starkt f\u00f6rra \u00e5ret efter en svag period dessf\u00f6rinnan. Nu mattas dock tillv\u00e4xten av. Det andra kvartalet var produktionen 0,3 procent h\u00f6gre i fasta priser \u00e4n ett \u00e5r tidigare. Produktionen minskade inom h\u00e4lso- och sjukv\u00e5rd men steg inom v\u00e5rd och omsorg, fr\u00e4mst av \u00e4ldre.<sup>14<\/sup><\/p>\n\n\n\n<p><strong><mark class=\"has-inline-color has-primary-color\">Diagram 7:<\/mark> <strong>Produktionen inom privat utf\u00f6rd sjukv\u00e5rd och omsorg, kvartal ett 2022 till kvartal tv\u00e5 2025<\/strong><\/strong><\/p>\n\n\n\n<p>F\u00f6r\u00e4ndring \u00e5rstakt, fasta priser kalenderkorrigerat, procent<\/p>\n\n\n\n<figure class=\"wp-block-image size-full\"><img loading=\"lazy\" decoding=\"async\" width=\"850\" height=\"464\" src=\"https:\/\/www.almega.se\/app\/uploads\/2025\/09\/Skarmavbild-2025-09-25-kl.-9.52.52-fm.png\" alt=\"\" class=\"wp-image-82642\" srcset=\"https:\/\/www.almega.se\/app\/uploads\/2025\/09\/Skarmavbild-2025-09-25-kl.-9.52.52-fm.png 850w, https:\/\/www.almega.se\/app\/uploads\/2025\/09\/Skarmavbild-2025-09-25-kl.-9.52.52-fm-580x317.png 580w, https:\/\/www.almega.se\/app\/uploads\/2025\/09\/Skarmavbild-2025-09-25-kl.-9.52.52-fm-380x207.png 380w, https:\/\/www.almega.se\/app\/uploads\/2025\/09\/Skarmavbild-2025-09-25-kl.-9.52.52-fm-768x419.png 768w\" sizes=\"auto, (max-width: 850px) 100vw, 850px\" \/><figcaption class=\"wp-element-caption\"><strong>K\u00e4lla: <\/strong>SCB, tj\u00e4nste\u00adproduktions\u00adindex.<\/figcaption><\/figure>\n\n\n\n<h3 class=\"wp-block-heading\" id=\"h-2-5-betydligt-farre-konkurser\">2.5 <a>Betydligt f\u00e4rre konkurser<\/a><\/h3>\n\n\n\n<p>Antalet konkurser i tj\u00e4nstesektorn har fallit i \u00e5r. Under \u00e5rets f\u00f6rsta \u00e5tta m\u00e5nader gick 4 784 tj\u00e4nstef\u00f6retag i konkurs. Det var 2,9 procent f\u00e4rre \u00e4n samma period f\u00f6rra \u00e5ret. De senaste tre m\u00e5naderna har antalet konkurser minskat kraftig inom alla tj\u00e4nstebranscher.<sup>15<\/sup><\/p>\n\n\n\n<p><mark class=\"has-inline-color has-primary-color\"><strong>Diagram 8:<\/strong><\/mark><strong> <strong><strong><strong>Konkurser i tj\u00e4nstebranscher, januari 2022 till augusti 2025<\/strong><\/strong><\/strong><\/strong><\/p>\n\n\n\n<figure class=\"wp-block-image size-full\"><img loading=\"lazy\" decoding=\"async\" width=\"964\" height=\"606\" src=\"https:\/\/www.almega.se\/app\/uploads\/2025\/09\/Skarmavbild-2025-09-25-kl.-9.54.04-fm.png\" alt=\"\" class=\"wp-image-82643\" srcset=\"https:\/\/www.almega.se\/app\/uploads\/2025\/09\/Skarmavbild-2025-09-25-kl.-9.54.04-fm.png 964w, https:\/\/www.almega.se\/app\/uploads\/2025\/09\/Skarmavbild-2025-09-25-kl.-9.54.04-fm-580x365.png 580w, https:\/\/www.almega.se\/app\/uploads\/2025\/09\/Skarmavbild-2025-09-25-kl.-9.54.04-fm-380x239.png 380w, https:\/\/www.almega.se\/app\/uploads\/2025\/09\/Skarmavbild-2025-09-25-kl.-9.54.04-fm-768x483.png 768w\" sizes=\"auto, (max-width: 964px) 100vw, 964px\" \/><figcaption class=\"wp-element-caption\"><strong>K\u00e4lla: <\/strong>UC via Macrobond.<\/figcaption><\/figure>\n\n\n<a class='Share__link Share__link--url copy-text' href='#' rel='nofollow' data-text='3.-vandpunkt-nara-for-jobben' title='Dela url' data-confirmation='L\u00e4nken kopierades till urklipp'><svg class='icon icon--link'  width='18' height='18' viewBox='0 0 18 18' fill='none' xmlns='http:\/\/www.w3.org\/2000\/svg'>\n            <path d='M10.4142 0.514721L6.87868 4.05025L8.29289 5.46447L11.1213 2.63604L15.364 6.87868L12.5355 9.70711L13.9497 11.1213L17.4853 7.58579C17.8763 7.19476 17.8763 6.5626 17.4853 6.17158L11.8284 0.514721C11.4374 0.123691 10.8052 0.123691 10.4142 0.514721Z' fill='black'\/>\n            <path d='M9.7071 12.5355L6.87868 15.364L2.63604 11.1213L5.46446 8.2929L4.05025 6.87868L0.514716 10.4142C0.123686 10.8052 0.123686 11.4374 0.514716 11.8284L6.17157 17.4853C6.5626 17.8763 7.19475 17.8763 7.58578 17.4853L11.1213 13.9497L9.7071 12.5355Z' fill='black'\/>\n            <path d='M6.17157 11.8284C6.5626 12.2195 7.19475 12.2195 7.58578 11.8284L11.8284 7.58579C12.2195 7.19476 12.2195 6.56261 11.8284 6.17158C11.4374 5.78055 10.8052 5.78055 10.4142 6.17158L6.17157 10.4142C5.78054 10.8052 5.78054 11.4374 6.17157 11.8284Z' fill='black'\/>\n            <\/svg> <\/a>\n<h2 class=\"wp-block-heading\" id=\"h-3-vandpunkt-nara-for-jobben\">3. <a>V\u00e4ndpunkt n\u00e4ra f\u00f6r jobben<\/a><\/h2>\n\n\n\n<h3 class=\"wp-block-heading\" id=\"h-3-1-liten-minskning-av-antalet-jobb\">3.1 <a>Liten minskning av antalet jobb<\/a><\/h3>\n\n\n\n<p>Antalet jobb i den privata tj\u00e4nstesektorn minskar fortfarande men nedg\u00e5ngen planar ut. Det andra kvartalet var antalet anst\u00e4llda i den privata tj\u00e4nste\u00adsektorn 1 400 &#8211; eller 0,1 procent &#8211; f\u00e4rre \u00e4n ett \u00e5r tidigare. Om man r\u00e4knar bort finanssektorn har antalet anst\u00e4llda i tj\u00e4nstesektorn minskat med 2 600 personer \u2013 eller 0,2 procent &#8211; p\u00e5 ett \u00e5r. Det mesta tyder p\u00e5 att arbets\u00admarknaden \u00e4r p\u00e5 v\u00e4g att v\u00e4nda. Almegas arbets\u00admarknads\u00adindikator f\u00f6rutsp\u00e5r att jobben i tj\u00e4nstesektorn kommer att bli fler redan n\u00e4sta kvartal.<\/p>\n\n\n\n<p><strong><mark class=\"has-inline-color has-primary-color\">Diagram 9: <\/mark><strong>Almegas indikator f\u00f6r syssels\u00e4ttningstillv\u00e4xten i privat tj\u00e4nstesektor<\/strong><\/strong><\/p>\n\n\n\n<p>Kvartal ett 2010 till kvartal tre 2025<\/p>\n\n\n\n<figure class=\"wp-block-image size-full\"><img loading=\"lazy\" decoding=\"async\" width=\"1002\" height=\"674\" src=\"https:\/\/www.almega.se\/app\/uploads\/2025\/09\/Skarmavbild-2025-09-25-kl.-9.55.11-fm.png\" alt=\"\" class=\"wp-image-82645\" srcset=\"https:\/\/www.almega.se\/app\/uploads\/2025\/09\/Skarmavbild-2025-09-25-kl.-9.55.11-fm.png 1002w, https:\/\/www.almega.se\/app\/uploads\/2025\/09\/Skarmavbild-2025-09-25-kl.-9.55.11-fm-580x390.png 580w, https:\/\/www.almega.se\/app\/uploads\/2025\/09\/Skarmavbild-2025-09-25-kl.-9.55.11-fm-380x256.png 380w, https:\/\/www.almega.se\/app\/uploads\/2025\/09\/Skarmavbild-2025-09-25-kl.-9.55.11-fm-768x517.png 768w\" sizes=\"auto, (max-width: 1002px) 100vw, 1002px\" \/><figcaption class=\"wp-element-caption\"><strong>K\u00e4lla:<\/strong> Almega, SCB, Macrobond.<\/figcaption><\/figure>\n\n\n\n<p>I vissa tj\u00e4nstebranscher har jobben redan b\u00f6rjat bli fler medan nedg\u00e5ngen forts\u00e4tter i andra branscher.<\/p>\n\n\n\n<p>Flest jobb har f\u00f6rsvunnit inom personaluthyrning och rekrytering. P\u00e5 ett \u00e5r har antalet anst\u00e4llda minskat med 7 700 personer, eller drygt sex procent. Nedg\u00e5ngen \u00e4r mindre \u00e4n tidigare kvartal och beror fr\u00e4mst p\u00e5 den svaga konjunk\u00adturen.<\/p>\n\n\n\n<p>Inom handeln har antalet anst\u00e4llda minskat med 2 600 personer det senaste \u00e5ret vilket inte \u00e4r f\u00f6rv\u00e5nande eftersom handeln har tre sv\u00e5ra \u00e5r bakom sig. Oms\u00e4ttningen inom handeln har dock b\u00f6rjat \u00f6ka igen och det \u00e4r sannolikt att \u00e4ven jobben kommer att bli fler kommande kvartal.<\/p>\n\n\n\n<p>Inom information och kommunikation har antalet anst\u00e4llda minskat med 1 400 personer, eller 0,6 procent, det senaste \u00e5ret trots att branschen har haft en god tillv\u00e4xt det senaste \u00e5ret. Bland datakonsulter och programmerare har antalet anst\u00e4llda blivit 700 f\u00e4rre. <\/p>\n\n\n\n<p>P\u00e5 tv\u00e5 \u00e5r har antalet anst\u00e4llda inom information och kommunikation minskat med n\u00e4rmare 7\u00a0000 personer eller tre procent. Det \u00e4r os\u00e4kert om detta \u00e4r kvardr\u00f6jande effekt av l\u00e5gkonjunkturen eller om det beror p\u00e5 andra faktorer. Information och kommunikation \u00e4r den sektor d\u00e4r inf\u00f6randet av AI-teknik kommit l\u00e4ngst. Tv\u00e5 av tre f\u00f6retag anv\u00e4nde n\u00e5gon form av AI-teknik 2024.<sup>16<\/sup><\/p>\n\n\n\n<p><strong><mark class=\"has-inline-color has-primary-color\">Tabell 3:<\/mark> <strong><strong><strong>Anst\u00e4llda inom den privata tj\u00e4nstesektorn kvartal tv\u00e5 2025 j\u00e4mf\u00f6rt med kvartal tv\u00e5 2024<\/strong><\/strong><\/strong><\/strong><\/p>\n\n\n\n<p>F\u00f6r\u00e4ndring i antal och procent<\/p>\n\n\n\n<figure class=\"wp-block-image size-full\"><img loading=\"lazy\" decoding=\"async\" width=\"976\" height=\"874\" src=\"https:\/\/www.almega.se\/app\/uploads\/2025\/09\/Skarmavbild-2025-09-25-kl.-9.56.22-fm.png\" alt=\"\" class=\"wp-image-82646\" srcset=\"https:\/\/www.almega.se\/app\/uploads\/2025\/09\/Skarmavbild-2025-09-25-kl.-9.56.22-fm.png 976w, https:\/\/www.almega.se\/app\/uploads\/2025\/09\/Skarmavbild-2025-09-25-kl.-9.56.22-fm-580x519.png 580w, https:\/\/www.almega.se\/app\/uploads\/2025\/09\/Skarmavbild-2025-09-25-kl.-9.56.22-fm-380x340.png 380w, https:\/\/www.almega.se\/app\/uploads\/2025\/09\/Skarmavbild-2025-09-25-kl.-9.56.22-fm-768x688.png 768w\" sizes=\"auto, (max-width: 976px) 100vw, 976px\" \/><figcaption class=\"wp-element-caption\"><strong>K\u00e4lla: <\/strong>SCB, Anst\u00e4llningar, Antal p\u00e5g\u00e5ende anst\u00e4llningar efter n\u00e4ringsgren.<\/figcaption><\/figure>\n\n\n\n<p>Inom hotell och restaurang var antalet jobb det andra kvartalet 3 600 fler \u00e4n samma kvartal f\u00f6rra \u00e5ret. Jobben inom branschen blir fler f\u00f6r det andra kvartalet i rad.<\/p>\n\n\n\n<p>Bland konsulttj\u00e4nster inom juridik, ekonomi, vetenskap och teknik med mera har antalet anst\u00e4llda \u00f6kat med 1 900 personer det senaste \u00e5ret trots en svag tillv\u00e4xt. Bland tekniska konsulter och arkitekter har antalet jobb inte \u00f6kat.<\/p>\n\n\n\n<p>Inom bevakning och s\u00e4kerhet forts\u00e4tter jobben att bli fler. P\u00e5 ett \u00e5r har jobben blivit 1&nbsp;100, eller 3,7 procent, fler. Inom privat utf\u00f6rd v\u00e5rd och omsorg har antalet anst\u00e4llda blivit 900, eller 0,4 procent, fler p\u00e5 ett \u00e5r.<\/p>\n\n\n\n<p>Den minskade syssels\u00e4ttningen i tj\u00e4nstesektorn drabbade tidigare under l\u00e5gkonjunk\u00adturen personer med kortare anst\u00e4ll\u00adningar men det senaste kvartalet har utvecklingen f\u00f6r\u00e4ndrats. Nu \u00f6kar antalet kortare anst\u00e4llningar medan antalet l\u00e4ngre anst\u00e4llningar minskar. Detta beror sannolikt p\u00e5 att f\u00f6retagen har b\u00f6rjat anst\u00e4lla igen vilket f\u00f6rst syns p\u00e5 de korta anst\u00e4llningarna.<\/p>\n\n\n\n<p><strong><mark class=\"has-inline-color has-primary-color\">Diagram 10:<\/mark><\/strong> <strong><strong><strong>: F\u00f6r\u00e4ndring av korta och l\u00e4ngre anst\u00e4llningar i tj\u00e4nstesektorn<\/strong><\/strong><\/strong><\/p>\n\n\n\n<p>Kvartal tv\u00e5 2025 j\u00e4mf\u00f6rt med samma kvartal 2024<\/p>\n\n\n\n<figure class=\"wp-block-image size-full is-resized\"><img loading=\"lazy\" decoding=\"async\" width=\"920\" height=\"436\" src=\"https:\/\/www.almega.se\/app\/uploads\/2025\/09\/Skarmavbild-2025-09-25-kl.-9.58.47-fm.png\" alt=\"\" class=\"wp-image-82647\" style=\"width:743px;height:auto\" srcset=\"https:\/\/www.almega.se\/app\/uploads\/2025\/09\/Skarmavbild-2025-09-25-kl.-9.58.47-fm.png 920w, https:\/\/www.almega.se\/app\/uploads\/2025\/09\/Skarmavbild-2025-09-25-kl.-9.58.47-fm-580x275.png 580w, https:\/\/www.almega.se\/app\/uploads\/2025\/09\/Skarmavbild-2025-09-25-kl.-9.58.47-fm-380x180.png 380w, https:\/\/www.almega.se\/app\/uploads\/2025\/09\/Skarmavbild-2025-09-25-kl.-9.58.47-fm-768x364.png 768w\" sizes=\"auto, (max-width: 920px) 100vw, 920px\" \/><figcaption class=\"wp-element-caption\"><strong>K\u00e4lla:<\/strong> SCB, Anst\u00e4llningar.<\/figcaption><\/figure>\n\n\n\n<h3 class=\"wp-block-heading\" id=\"h-3-2-svagt-positiva-anstallningsplaner\">3.2 <a>Svagt positiva anst\u00e4llningsplaner<\/a><\/h3>\n\n\n\n<p>Tj\u00e4nstef\u00f6retagens anst\u00e4llningsplaner \u00e4r fortsatt svagt positiva. En mindre del av f\u00f6retagen att r\u00e4kna med att nyanst\u00e4lla inom det n\u00e4rmaste kvartalet.<sup>17<\/sup> <\/p>\n\n\n\n<p>Mest positiva till att nyanst\u00e4lla \u00e4r datakonsulter f\u00f6ljt av arkitekter som efter l\u00e5ng tid av l\u00e5g efterfr\u00e5gan verkar ha hamnat i ett b\u00e4ttre l\u00e4ge. Bland tekniska konsulter samt juridiska och ekonomiska konsulter har anst\u00e4llningsplanerna d\u00e4mpats rej\u00e4lt det senaste kvartalet.<\/p>\n\n\n\n<p><strong><mark class=\"has-inline-color has-primary-color\">Diagram 11:<\/mark> <strong><strong><strong>Tj\u00e4nstef\u00f6retagens anst\u00e4llningsplaner tre m\u00e5nader fram\u00e5t, januari 2022 till augusti 2025<\/strong><\/strong><\/strong><\/strong><\/p>\n\n\n\n<p>Nettotal s\u00e4songrensat, procent<\/p>\n\n\n\n<figure class=\"wp-block-image size-full is-resized\"><img loading=\"lazy\" decoding=\"async\" width=\"1014\" height=\"608\" src=\"https:\/\/www.almega.se\/app\/uploads\/2025\/09\/Skarmavbild-2025-09-25-kl.-10.02.22-fm.png\" alt=\"\" class=\"wp-image-82648\" style=\"width:1180px;height:670px\" srcset=\"https:\/\/www.almega.se\/app\/uploads\/2025\/09\/Skarmavbild-2025-09-25-kl.-10.02.22-fm.png 1014w, https:\/\/www.almega.se\/app\/uploads\/2025\/09\/Skarmavbild-2025-09-25-kl.-10.02.22-fm-580x348.png 580w, https:\/\/www.almega.se\/app\/uploads\/2025\/09\/Skarmavbild-2025-09-25-kl.-10.02.22-fm-380x228.png 380w, https:\/\/www.almega.se\/app\/uploads\/2025\/09\/Skarmavbild-2025-09-25-kl.-10.02.22-fm-768x460.png 768w\" sizes=\"auto, (max-width: 1014px) 100vw, 1014px\" \/><figcaption class=\"wp-element-caption\"><strong>K\u00e4lla: <\/strong>Konjukturinstitutet, Macrobond.<br><strong>Anm:<\/strong> Nettotal \u00e4r andelen f\u00f6retag som planerar \u00f6ka sin personal\u00adstyrka minus andelen som planerar att minska den.<\/figcaption><\/figure>\n\n\n\n<p>Anst\u00e4llningsplanerna skiljer sig kraftigt \u00e5t mellan tj\u00e4nstesektorns branscher. Mest positiva \u00e4r datakonsulter och tekniska konsulter. Bland juridiska och ekonomiska konsulter och konsulter inom f\u00f6retagsledning har f\u00f6rv\u00e4ntningarna p\u00e5 nyanst\u00e4llningar d\u00e4mpats m\u00e4rkbart det senaste kvartalet.<\/p>\n\n\n\n<p><strong><mark class=\"has-inline-color has-primary-color\">Tabell 4:<\/mark> <strong><strong>Antalet anst\u00e4llda i olika tj\u00e4nstebranscher. F\u00f6rv\u00e4ntningar tre m\u00e5nader fram\u00e5t, kvartal ett och kvartal tv\u00e5 2025<\/strong><\/strong><\/strong><\/p>\n\n\n\n<p>Nettotal s\u00e4songsrensat, procent<\/p>\n\n\n\n<figure class=\"wp-block-image size-full\"><img loading=\"lazy\" decoding=\"async\" width=\"1010\" height=\"646\" src=\"https:\/\/www.almega.se\/app\/uploads\/2025\/09\/Skarmavbild-2025-09-25-kl.-10.03.01-fm.png\" alt=\"\" class=\"wp-image-82649\" srcset=\"https:\/\/www.almega.se\/app\/uploads\/2025\/09\/Skarmavbild-2025-09-25-kl.-10.03.01-fm.png 1010w, https:\/\/www.almega.se\/app\/uploads\/2025\/09\/Skarmavbild-2025-09-25-kl.-10.03.01-fm-580x371.png 580w, https:\/\/www.almega.se\/app\/uploads\/2025\/09\/Skarmavbild-2025-09-25-kl.-10.03.01-fm-380x243.png 380w, https:\/\/www.almega.se\/app\/uploads\/2025\/09\/Skarmavbild-2025-09-25-kl.-10.03.01-fm-768x491.png 768w\" sizes=\"auto, (max-width: 1010px) 100vw, 1010px\" \/><figcaption class=\"wp-element-caption\"><strong>K\u00e4lla:<\/strong> Konjunkturinstitutet<br><strong>Anm:<\/strong> Nettotalet \u00e4r andelen f\u00f6retag som planerar att \u00f6ka sin personalstyrka minus andelen som planerar att minska den.<\/figcaption><\/figure>\n\n\n\n<h3 class=\"wp-block-heading\" id=\"h-3-3-lag-brist-pa-arbetskraft\">3.3 L\u00e5g brist p\u00e5 arbetskraft<\/h3>\n\n\n\n<p>Den svaga konjunkturen har minskat bristen p\u00e5 arbetskraft i tj\u00e4nstesektorn. Under \u00e5r 2023 hade mer \u00e4n h\u00e4lften av tj\u00e4nste\u00adf\u00f6retagen sv\u00e5rt att hitta personal. Det andra kvartalet i \u00e5r hade andelen sjunkit till 13 procent. Bristen p\u00e5 arbetskraft \u00e4r st\u00f6rst bland researrang\u00f6rer och datakonsulter. <\/p>\n\n\n\n<p><strong><mark class=\"has-inline-color has-primary-color\">Tabell 5:<\/mark> <strong><strong>Andel f\u00f6retag med brist p\u00e5 personal, kvartal ett 2025 och kvartal tv\u00e5 2025<\/strong><\/strong><\/strong><\/p>\n\n\n\n<p>S\u00e4songsrensat, procent<\/p>\n\n\n\n<figure class=\"wp-block-image size-full\"><img loading=\"lazy\" decoding=\"async\" width=\"906\" height=\"624\" src=\"https:\/\/www.almega.se\/app\/uploads\/2025\/09\/Skarmavbild-2025-09-25-kl.-10.04.40-fm.png\" alt=\"\" class=\"wp-image-82650\" srcset=\"https:\/\/www.almega.se\/app\/uploads\/2025\/09\/Skarmavbild-2025-09-25-kl.-10.04.40-fm.png 906w, https:\/\/www.almega.se\/app\/uploads\/2025\/09\/Skarmavbild-2025-09-25-kl.-10.04.40-fm-580x399.png 580w, https:\/\/www.almega.se\/app\/uploads\/2025\/09\/Skarmavbild-2025-09-25-kl.-10.04.40-fm-380x262.png 380w, https:\/\/www.almega.se\/app\/uploads\/2025\/09\/Skarmavbild-2025-09-25-kl.-10.04.40-fm-768x529.png 768w\" sizes=\"auto, (max-width: 906px) 100vw, 906px\" \/><figcaption class=\"wp-element-caption\"><strong>K\u00e4lla: <\/strong>Konjunkturinstitutet.<\/figcaption><\/figure>\n\n\n\n<p>Antalet lediga jobb som kunde tilltr\u00e4das omedelbart minskade f\u00f6rra \u00e5ret och nedg\u00e5ngen forts\u00e4tter. Det andra kvartalet var antalet lediga jobb i tj\u00e4nstesektorn 7\u00a0900 f\u00e4rre \u00e4n ett \u00e5r tidigare. Inom vissa branscher, fr\u00e4mst personliga och kulturella tj\u00e4nster, \u00f6kade dock antalet lediga jobb.<\/p>\n\n\n\n<p><mark class=\"has-inline-color has-primary-color\"><b>Tabell 6:<\/b><\/mark><strong><strong> <strong>Lediga jobb med omg\u00e5ende tilltr\u00e4de i tj\u00e4nstesektorn, kvartal tv\u00e5 2024 och 2025<\/strong><\/strong><\/strong><\/p>\n\n\n\n<p>Antal<\/p>\n\n\n\n<figure class=\"wp-block-image size-full\"><img loading=\"lazy\" decoding=\"async\" width=\"1252\" height=\"708\" src=\"https:\/\/www.almega.se\/app\/uploads\/2025\/09\/Skarmavbild-2025-09-25-kl.-10.05.22-fm.png\" alt=\"\" class=\"wp-image-82651\" srcset=\"https:\/\/www.almega.se\/app\/uploads\/2025\/09\/Skarmavbild-2025-09-25-kl.-10.05.22-fm.png 1252w, https:\/\/www.almega.se\/app\/uploads\/2025\/09\/Skarmavbild-2025-09-25-kl.-10.05.22-fm-580x328.png 580w, https:\/\/www.almega.se\/app\/uploads\/2025\/09\/Skarmavbild-2025-09-25-kl.-10.05.22-fm-1180x667.png 1180w, https:\/\/www.almega.se\/app\/uploads\/2025\/09\/Skarmavbild-2025-09-25-kl.-10.05.22-fm-380x215.png 380w, https:\/\/www.almega.se\/app\/uploads\/2025\/09\/Skarmavbild-2025-09-25-kl.-10.05.22-fm-768x434.png 768w\" sizes=\"auto, (max-width: 1252px) 100vw, 1252px\" \/><figcaption class=\"wp-element-caption\"><strong>K\u00e4lla: <\/strong> SCB.<br><strong>Anm:<\/strong> Denna tabell m\u00e4ter nu \u00e5rsvisa f\u00f6r\u00e4ndringar i st\u00e4llet f\u00f6r tidigare kvartalsvisa d\u00e5 nya data har m\u00f6jliggjort denna f\u00f6r\u00e4ndring<\/figcaption><\/figure>\n\n\n\n<p><\/p>\n\n\n\n<h3 class=\"wp-block-heading\" id=\"h-3-4-fortsatt-hog-arbetsloshet\">3.4 <a>Fortsatt h\u00f6g arbetsl\u00f6shet<\/a><\/h3>\n\n\n\n<p>Arbetsl\u00f6sheten har slutat att \u00f6ka men \u00e4r fortfarande h\u00f6g. I augusti var 486 000 personer arbetsl\u00f6sa vilket var 0,4 procent fler \u00e4n f\u00f6r ett \u00e5r sedan. Den s\u00e4songs\u00adrensade arbetsl\u00f6sheten var 8,7 procent. Syssel\u00ads\u00e4tt\u00adningen har \u00f6kat n\u00e5got det senaste \u00e5ret men antalet personer som s\u00f6ker arbete har \u00f6kat \u00e4nnu mer.<sup>18<\/sup><\/p>\n\n\n\n<p>Andelen l\u00e5ngtidsarbetsl\u00f6sa \u00f6kar ocks\u00e5. I augusti hade 230 000 personer varit arbets\u00adl\u00f6sa i minst sex m\u00e5nader, vilket var 11 000 fler \u00e4n ett \u00e5r tidigare.<sup>19<\/sup><\/p>\n\n\n\n<p>De senaste tolv m\u00e5naderna har 40 900 personer varslats om upps\u00e4gning i den privata tj\u00e4nstesektorn, vilket \u00e4r drygt fyra procent f\u00e4rre \u00e4n f\u00f6reg\u00e5ende tolv m\u00e5nader. Varslen har minskat mest inom information och kommunikation och inom handeln. Varslen har dock blivit fler inom utbildning, v\u00e5rd och omsorg och inom transport och magasinering under perioden augusti 2024 \u2013 juli 2025 j\u00e4mf\u00f6rt med samma period ett \u00e5r tidigare.<sup>20<\/sup><\/p>\n\n\n\n<p>Almegajouren hj\u00e4lper medlemmar med en rad \u00e4renden inom arbetsgivarfr\u00e5gor. Under den senaste tre m\u00e5naderna har 13 procent av samtalen till jouren handlat om upps\u00e4g\u00adningar, samma andel och antal som under samma period f\u00f6rra \u00e5ret.<sup>21<\/sup><\/p>\n\n\n\n<p><strong><mark class=\"has-inline-color has-primary-color\">Diagram 12:<\/mark> <strong><strong><strong>Arbetsl\u00f6sheten januari 2022 till augusti 2025<\/strong><\/strong><\/strong><\/strong><\/p>\n\n\n\n<p>Procent av arbetskraften (15 &#8211; 74 \u00e5r), s\u00e4songsrensat<\/p>\n\n\n\n<figure class=\"wp-block-image size-full\"><img loading=\"lazy\" decoding=\"async\" width=\"1072\" height=\"684\" src=\"https:\/\/www.almega.se\/app\/uploads\/2025\/09\/Skarmavbild-2025-09-25-kl.-10.07.02-fm.png\" alt=\"\" class=\"wp-image-82652\" srcset=\"https:\/\/www.almega.se\/app\/uploads\/2025\/09\/Skarmavbild-2025-09-25-kl.-10.07.02-fm.png 1072w, https:\/\/www.almega.se\/app\/uploads\/2025\/09\/Skarmavbild-2025-09-25-kl.-10.07.02-fm-580x370.png 580w, https:\/\/www.almega.se\/app\/uploads\/2025\/09\/Skarmavbild-2025-09-25-kl.-10.07.02-fm-380x242.png 380w, https:\/\/www.almega.se\/app\/uploads\/2025\/09\/Skarmavbild-2025-09-25-kl.-10.07.02-fm-768x490.png 768w\" sizes=\"auto, (max-width: 1072px) 100vw, 1072px\" \/><figcaption class=\"wp-element-caption\"><strong>K\u00e4lla:<\/strong> SCB, AKU och Macrobond.<\/figcaption><\/figure>\n\n\n<a class='Share__link Share__link--url copy-text' href='#' rel='nofollow' data-text='4.-stabil-prisutveckling-pa-tjanster' title='Dela url' data-confirmation='L\u00e4nken kopierades till urklipp'><svg class='icon icon--link'  width='18' height='18' viewBox='0 0 18 18' fill='none' xmlns='http:\/\/www.w3.org\/2000\/svg'>\n            <path d='M10.4142 0.514721L6.87868 4.05025L8.29289 5.46447L11.1213 2.63604L15.364 6.87868L12.5355 9.70711L13.9497 11.1213L17.4853 7.58579C17.8763 7.19476 17.8763 6.5626 17.4853 6.17158L11.8284 0.514721C11.4374 0.123691 10.8052 0.123691 10.4142 0.514721Z' fill='black'\/>\n            <path d='M9.7071 12.5355L6.87868 15.364L2.63604 11.1213L5.46446 8.2929L4.05025 6.87868L0.514716 10.4142C0.123686 10.8052 0.123686 11.4374 0.514716 11.8284L6.17157 17.4853C6.5626 17.8763 7.19475 17.8763 7.58578 17.4853L11.1213 13.9497L9.7071 12.5355Z' fill='black'\/>\n            <path d='M6.17157 11.8284C6.5626 12.2195 7.19475 12.2195 7.58578 11.8284L11.8284 7.58579C12.2195 7.19476 12.2195 6.56261 11.8284 6.17158C11.4374 5.78055 10.8052 5.78055 10.4142 6.17158L6.17157 10.4142C5.78054 10.8052 5.78054 11.4374 6.17157 11.8284Z' fill='black'\/>\n            <\/svg> <\/a>\n<h2 class=\"wp-block-heading\" id=\"h-4-stabil-prisutveckling-pa-tjanster\">4. <a>Stabil prisutveckling p\u00e5 tj\u00e4nster<\/a><\/h2>\n\n\n\n<h3 class=\"wp-block-heading\" id=\"h-4-1-forsaljningspriserna-okar-nagot-langsammare\">4.1 <a>F\u00f6rs\u00e4ljningspriserna \u00f6kar n\u00e5got l\u00e5ngsammare<\/a><\/h3>\n\n\n\n<p>Tj\u00e4nstef\u00f6retagens f\u00f6rs\u00e4ljningspriser (TPI) \u2013 som omfattar b\u00e5de tj\u00e4nster till f\u00f6retag och konsumenter \u2013 \u00f6kade det andra kvartalet med 1,5 procent i \u00e5rstakt, vilket var n\u00e5got mindre \u00e4n f\u00f6reg\u00e5ende kvartal. Tj\u00e4nstef\u00f6retagens pris\u00adf\u00f6rv\u00e4nt\u00adningar har dock stabiliserats under \u00e5ret och Almegas prisindikator f\u00f6rutsp\u00e5r att f\u00f6rs\u00e4ljningspriserna kommer att \u00f6ka i of\u00f6r\u00e4ndrad takt n\u00e4sta kvartal.<\/p>\n\n\n\n<p><strong><mark class=\"has-inline-color has-primary-color\">Diagram 13:<\/mark> <strong><strong><strong>Almegas prisindikator f\u00f6r kommande f\u00f6r\u00e4ndring av tj\u00e4nstepriserna<\/strong><\/strong><\/strong><\/strong><\/p>\n\n\n\n<p>Kvartal ett 2010 till kvartal tre 2025<\/p>\n\n\n\n<figure class=\"wp-block-image size-full\"><img loading=\"lazy\" decoding=\"async\" width=\"1078\" height=\"638\" src=\"https:\/\/www.almega.se\/app\/uploads\/2025\/09\/Skarmavbild-2025-09-25-kl.-10.08.07-fm.png\" alt=\"\" class=\"wp-image-82653\" srcset=\"https:\/\/www.almega.se\/app\/uploads\/2025\/09\/Skarmavbild-2025-09-25-kl.-10.08.07-fm.png 1078w, https:\/\/www.almega.se\/app\/uploads\/2025\/09\/Skarmavbild-2025-09-25-kl.-10.08.07-fm-580x343.png 580w, https:\/\/www.almega.se\/app\/uploads\/2025\/09\/Skarmavbild-2025-09-25-kl.-10.08.07-fm-380x225.png 380w, https:\/\/www.almega.se\/app\/uploads\/2025\/09\/Skarmavbild-2025-09-25-kl.-10.08.07-fm-768x455.png 768w\" sizes=\"auto, (max-width: 1078px) 100vw, 1078px\" \/><figcaption class=\"wp-element-caption\"><strong>K\u00e4lla:&nbsp;<\/strong> Almega, Konjunktur\u00ad\u00adinsti\u00adtutet och SCB<br><strong>Anm.<\/strong>&nbsp; Bl\u00e5 linje visar \u00e5rlig f\u00f6r\u00e4ndring av tj\u00e4nstepriserna <\/figcaption><\/figure>\n\n\n\n<p>Priserna p\u00e5 transporttj\u00e4nster, som f\u00f6ll tidigare under \u00e5ret, v\u00e4nde upp det andra kvartalet och \u00f6kade med 0,5 procent i \u00e5rstakt. Priserna p\u00e5 hotell- och restaurang\u00adtj\u00e4nster fortsatte att stiga i snabb takt. Det andra kvartalet var priserna 3,7 procent h\u00f6gre \u00e4n ett \u00e5r tidigare.<\/p>\n\n\n\n<p>Trots \u00f6kad efterfr\u00e5gan faller priserna p\u00e5 informations- och kommunikations\u00adtj\u00e4nster. Det andra kvartalet var priserna 0,7 procent l\u00e4gre \u00e4n ett \u00e5r tidigare. &nbsp;Bilden \u00e4r splittrad. Priserna har fallit markant f\u00f6r telekommunikations\u00adtj\u00e4nster men stigit f\u00f6r datakonsulttj\u00e4nster det senaste \u00e5ret.<\/p>\n\n\n\n<p><strong><mark class=\"has-inline-color has-primary-color\">Diagram 14: <\/mark><strong><strong><strong>Tj\u00e4nstebranschernas bidrag till \u00e5rsf\u00f6r\u00e4ndringen i tj\u00e4nsteprisindex<\/strong><br>\u00a0<\/strong><\/strong><\/strong><\/p>\n\n\n\n<p>Kvartal ett 2022 till kvartal tv\u00e5 2025<\/p>\n\n\n\n<figure class=\"wp-block-image size-full\"><img loading=\"lazy\" decoding=\"async\" width=\"1078\" height=\"628\" src=\"https:\/\/www.almega.se\/app\/uploads\/2025\/09\/Skarmavbild-2025-09-25-kl.-10.08.50-fm.png\" alt=\"\" class=\"wp-image-82654\" srcset=\"https:\/\/www.almega.se\/app\/uploads\/2025\/09\/Skarmavbild-2025-09-25-kl.-10.08.50-fm.png 1078w, https:\/\/www.almega.se\/app\/uploads\/2025\/09\/Skarmavbild-2025-09-25-kl.-10.08.50-fm-580x338.png 580w, https:\/\/www.almega.se\/app\/uploads\/2025\/09\/Skarmavbild-2025-09-25-kl.-10.08.50-fm-380x221.png 380w, https:\/\/www.almega.se\/app\/uploads\/2025\/09\/Skarmavbild-2025-09-25-kl.-10.08.50-fm-768x447.png 768w\" sizes=\"auto, (max-width: 1078px) 100vw, 1078px\" \/><figcaption class=\"wp-element-caption\"><strong>K\u00e4lla<\/strong>: SCB.<\/figcaption><\/figure>\n\n\n\n<p>Priserna p\u00e5 konsulttj\u00e4nster inom juridik, ekonomi, vetenskap och teknik har \u00f6kat med 2,2 procent det senaste \u00e5ret. Priserna \u00f6kade mest f\u00f6r tj\u00e4nster inom juridik och ekonomi och minst f\u00f6r arkitekter och reklam och marknadsf\u00f6ring. Trots en svag efterfr\u00e5gan har priserna inom personaluthyrning och andra st\u00f6dtj\u00e4nster till f\u00f6retag \u00f6kat med 3,7 procent det senaste \u00e5ret. Priserna har \u00f6kat mest f\u00f6r bevaknings- och s\u00e4kerhetstj\u00e4nster.<\/p>\n\n\n\n<p><strong><mark class=\"has-inline-color has-primary-color\">Tabell 7:<\/mark> <strong><strong>Pris\u00f6kningstakten inom tj\u00e4nster samt deras bidrag till \u00e5rsf\u00f6r\u00e4ndringen i tj\u00e4nsteprisindex (TPI), kvartal tv\u00e5 2025<\/strong><\/strong><\/strong><\/p>\n\n\n\n<p>Procent<\/p>\n\n\n\n<figure class=\"wp-block-image size-full\"><img loading=\"lazy\" decoding=\"async\" width=\"1130\" height=\"540\" src=\"https:\/\/www.almega.se\/app\/uploads\/2025\/09\/Skarmavbild-2025-09-25-kl.-10.09.28-fm.png\" alt=\"\" class=\"wp-image-82655\" srcset=\"https:\/\/www.almega.se\/app\/uploads\/2025\/09\/Skarmavbild-2025-09-25-kl.-10.09.28-fm.png 1130w, https:\/\/www.almega.se\/app\/uploads\/2025\/09\/Skarmavbild-2025-09-25-kl.-10.09.28-fm-580x277.png 580w, https:\/\/www.almega.se\/app\/uploads\/2025\/09\/Skarmavbild-2025-09-25-kl.-10.09.28-fm-380x182.png 380w, https:\/\/www.almega.se\/app\/uploads\/2025\/09\/Skarmavbild-2025-09-25-kl.-10.09.28-fm-768x367.png 768w\" sizes=\"auto, (max-width: 1130px) 100vw, 1130px\" \/><figcaption class=\"wp-element-caption\"><strong>K\u00e4lla<\/strong>: Almega, SCB.<\/figcaption><\/figure>\n\n\n\n<p>Tj\u00e4nstef\u00f6retagens prisf\u00f6rv\u00e4ntningar f\u00f6ll kraftigt fram under f\u00f6rra \u00e5ret men har stabiliserat sig i \u00e5r.\u00a0<\/p>\n\n\n\n<p><strong><mark class=\"has-inline-color has-primary-color\">Diagram 15:<\/mark> <strong>Prisf\u00f6rv\u00e4ntningarna i tj\u00e4nstesektorn januari 2021 till augusti 2025<\/strong><\/strong><\/p>\n\n\n\n<p>Nettotal s\u00e4songrensat, procent<\/p>\n\n\n\n<figure class=\"wp-block-image size-full\"><img loading=\"lazy\" decoding=\"async\" width=\"980\" height=\"526\" src=\"https:\/\/www.almega.se\/app\/uploads\/2025\/09\/Skarmavbild-2025-09-25-kl.-10.19.02-fm.png\" alt=\"\" class=\"wp-image-82656\" srcset=\"https:\/\/www.almega.se\/app\/uploads\/2025\/09\/Skarmavbild-2025-09-25-kl.-10.19.02-fm.png 980w, https:\/\/www.almega.se\/app\/uploads\/2025\/09\/Skarmavbild-2025-09-25-kl.-10.19.02-fm-580x311.png 580w, https:\/\/www.almega.se\/app\/uploads\/2025\/09\/Skarmavbild-2025-09-25-kl.-10.19.02-fm-380x204.png 380w, https:\/\/www.almega.se\/app\/uploads\/2025\/09\/Skarmavbild-2025-09-25-kl.-10.19.02-fm-768x412.png 768w\" sizes=\"auto, (max-width: 980px) 100vw, 980px\" \/><figcaption class=\"wp-element-caption\"><strong>K\u00e4lla:<\/strong> Konjunkturinstitutet<br><strong>Anm: <\/strong>Privat tj\u00e4nstesektor exkl. handel. Nettotal \u00e4r andelen f\u00f6retag som r\u00e4knar med att h\u00f6ja f\u00f6rs\u00e4ljningspriserna de n\u00e4rmaste tre m\u00e5naderna minus andelen som r\u00e4knar med att s\u00e4nka dem.<\/figcaption><\/figure>\n\n\n\n<p>Flest f\u00f6retag som r\u00e4knar med att h\u00f6ja sina priser finns bland tekniska konsulter och datakonsulter. Prisf\u00f6rv\u00e4ntningarna \u00e4r fortfarande l\u00e4gst bland arkitekter.<\/p>\n\n\n\n<p><strong><mark class=\"has-inline-color has-primary-color\">Tabell 8:<\/mark> <strong><strong>Tj\u00e4nstef\u00f6retagens prisf\u00f6rv\u00e4ntningar maj och augusti 2025<\/strong><\/strong><\/strong><\/p>\n\n\n\n<p>Nettotal s\u00e4songsrensat<\/p>\n\n\n\n<figure class=\"wp-block-image size-full\"><img loading=\"lazy\" decoding=\"async\" width=\"1026\" height=\"546\" src=\"https:\/\/www.almega.se\/app\/uploads\/2025\/09\/Skarmavbild-2025-09-25-kl.-10.19.59-fm.png\" alt=\"\" class=\"wp-image-82657\" srcset=\"https:\/\/www.almega.se\/app\/uploads\/2025\/09\/Skarmavbild-2025-09-25-kl.-10.19.59-fm.png 1026w, https:\/\/www.almega.se\/app\/uploads\/2025\/09\/Skarmavbild-2025-09-25-kl.-10.19.59-fm-580x309.png 580w, https:\/\/www.almega.se\/app\/uploads\/2025\/09\/Skarmavbild-2025-09-25-kl.-10.19.59-fm-380x202.png 380w, https:\/\/www.almega.se\/app\/uploads\/2025\/09\/Skarmavbild-2025-09-25-kl.-10.19.59-fm-768x409.png 768w\" sizes=\"auto, (max-width: 1026px) 100vw, 1026px\" \/><figcaption class=\"wp-element-caption\"><strong>K\u00e4lla:<\/strong> Konjunkturinstitutet.<br><strong>Anm:<\/strong> Nettotal \u00e4r andelen f\u00f6retag som planerar att h\u00f6ja sina priser minus andelen som planerar att s\u00e4nka dem.<\/figcaption><\/figure>\n\n\n\n<h3 class=\"wp-block-heading\" id=\"h-4-2-konsumentpriserna-okar-mer\">4.2 <a><a>Konsumentpriserna \u00f6kar mer<\/a><\/a><\/h3>\n\n\n\n<p>Pris\u00f6kningarna p\u00e5 de tj\u00e4nster som s\u00e4ljs direkt till konsumenter i Sverige har stabiliserat sig runt tre procent. I augusti steg konsumentpriserna p\u00e5 tj\u00e4nster med 3,0 procent vilket var 0,1 procent h\u00f6gre \u00e4n i juli. \u00d6kande boendekostnader f\u00f6rklarar en tredjedel av pris\u00f6kningarna p\u00e5 tj\u00e4nster.<\/p>\n\n\n\n<p><strong><mark class=\"has-inline-color has-primary-color\">Tabell 9:<\/mark> <strong><strong><strong><strong>\u00d6kning av priserna p\u00e5 tj\u00e4nster i KPI juni till augusti 2025, \u00e5rstak<\/strong><\/strong><\/strong><\/strong>t<\/strong><\/p>\n\n\n\n<p>Procent<\/p>\n\n\n\n<figure class=\"wp-block-image size-full is-resized\"><img loading=\"lazy\" decoding=\"async\" width=\"1126\" height=\"432\" src=\"https:\/\/www.almega.se\/app\/uploads\/2025\/09\/Skarmavbild-2025-09-25-kl.-10.22.17-fm.png\" alt=\"\" class=\"wp-image-82658\" style=\"width:1071px;height:auto\" srcset=\"https:\/\/www.almega.se\/app\/uploads\/2025\/09\/Skarmavbild-2025-09-25-kl.-10.22.17-fm.png 1126w, https:\/\/www.almega.se\/app\/uploads\/2025\/09\/Skarmavbild-2025-09-25-kl.-10.22.17-fm-580x223.png 580w, https:\/\/www.almega.se\/app\/uploads\/2025\/09\/Skarmavbild-2025-09-25-kl.-10.22.17-fm-380x146.png 380w, https:\/\/www.almega.se\/app\/uploads\/2025\/09\/Skarmavbild-2025-09-25-kl.-10.22.17-fm-768x295.png 768w\" sizes=\"auto, (max-width: 1126px) 100vw, 1126px\" \/><figcaption class=\"wp-element-caption\"><br><strong>K\u00e4lla:<\/strong> Almega, SCB<br><strong>Anm: <\/strong>Bland \u00f6vriga tj\u00e4nster ing\u00e5r; begravning, hemf\u00f6rs\u00e4kring, bank, utbildning, reparation och hush\u00e5llstj\u00e4nster.<\/figcaption><\/figure>\n\n\n\n<p>Den allm\u00e4nna inflationen har b\u00f6rjat stiga n\u00e5got. \u00a0I augusti \u00f6kade konsumentpriserna p\u00e5 b\u00e5de varor och tj\u00e4nster med 1,1 procent i \u00e5rstakt j\u00e4mf\u00f6rt med 0,8 procent i juli. \u00d6kningen berodde p\u00e5 h\u00f6jda priser p\u00e5 el, livsmedel och h\u00f6jda hyror. Inflations\u00adtakten exklusive r\u00e4ntor (KPIF) var 3,2 procent i augusti vilket var tydligt h\u00f6gre \u00e4n Riksbankens inflationsm\u00e5l.<sup>22<\/sup><\/p>\n\n\n<a class='Share__link Share__link--url copy-text' href='#' rel='nofollow' data-text='5.-om-tjansteindikatorn' title='Dela url' data-confirmation='L\u00e4nken kopierades till urklipp'><svg class='icon icon--link'  width='18' height='18' viewBox='0 0 18 18' fill='none' xmlns='http:\/\/www.w3.org\/2000\/svg'>\n            <path d='M10.4142 0.514721L6.87868 4.05025L8.29289 5.46447L11.1213 2.63604L15.364 6.87868L12.5355 9.70711L13.9497 11.1213L17.4853 7.58579C17.8763 7.19476 17.8763 6.5626 17.4853 6.17158L11.8284 0.514721C11.4374 0.123691 10.8052 0.123691 10.4142 0.514721Z' fill='black'\/>\n            <path d='M9.7071 12.5355L6.87868 15.364L2.63604 11.1213L5.46446 8.2929L4.05025 6.87868L0.514716 10.4142C0.123686 10.8052 0.123686 11.4374 0.514716 11.8284L6.17157 17.4853C6.5626 17.8763 7.19475 17.8763 7.58578 17.4853L11.1213 13.9497L9.7071 12.5355Z' fill='black'\/>\n            <path d='M6.17157 11.8284C6.5626 12.2195 7.19475 12.2195 7.58578 11.8284L11.8284 7.58579C12.2195 7.19476 12.2195 6.56261 11.8284 6.17158C11.4374 5.78055 10.8052 5.78055 10.4142 6.17158L6.17157 10.4142C5.78054 10.8052 5.78054 11.4374 6.17157 11.8284Z' fill='black'\/>\n            <\/svg> <\/a>\n<h2 class=\"wp-block-heading\" id=\"h-5-om-tjansteindikatorn\">5. Om tj\u00e4nsteindikatorn<\/h2>\n\n\n\n<p>Almegas <em>tj\u00e4nsteindikator<\/em> har tagits fram av Almega fr\u00e5n och med \u00e5r 2001 f\u00f6r att ge en indikation om vart konjunkturen i den privata tj\u00e4nstesektorn \u00e4r p\u00e5 v\u00e4g p\u00e5 kort sikt.<sup>23<\/sup> Indikatorn ger information f\u00f6r att tidigt kunna f\u00f6rutsp\u00e5 v\u00e4ndpunkter i konjunkturen, inom b\u00e5de tj\u00e4nstesektorn och Sveriges ekonomi, eftersom den privata tj\u00e4nstesektorn svarar f\u00f6r 52 procent av Sveriges BNP.<\/p>\n\n\n\n<p>Almegas tj\u00e4nsteindikator t\u00e4cker in cirka 90 procent av den privata tj\u00e4nste\u00adsektorns f\u00f6r\u00e4d\u00adlings\u00adv\u00e4rde och drygt 80 procent av dess syssels\u00e4ttning.<sup>24<\/sup> Indikatorn bygger p\u00e5 en skattning av sambandet mellan tj\u00e4nstef\u00f6retagens svar i Konjunkturinstitutets konjunkturbarometer och utfallet f\u00f6r produk\u00adtionstillv\u00e4xten i den privata tj\u00e4nste\u00adsektorn enligt SCB:s tj\u00e4nste\u00adproduk\u00adtions\u00ad\u00adindex. Skattningen utg\u00e5r fr\u00e5n sambandet mellan bland annat f\u00f6retagens f\u00f6rv\u00e4ntningar om det kommande kvartalets efterfr\u00e5ge- och produktions\u00adutveckling och den faktiska utvecklingen av tj\u00e4nste\u00adproduktionen per kvartal enligt Statistiska Centralbyr\u00e5ns (SCB) tj\u00e4nsteproduktions\u00adindex.<\/p>\n\n\n\n<p>Tj\u00e4nsteindikatorn \u00e4r ber\u00e4knad i indexform d\u00e4r v\u00e4rdet 100 anger genomsnittet f\u00f6r den period som den bygger p\u00e5 (skattningen \u00e4r gjord p\u00e5 data fr\u00e5n och med \u00e5r 2005). Indexv\u00e4rden \u00f6ver 100 anger en h\u00f6gre tillv\u00e4xt \u00e4n det historiska genomsnittet och index under 100 p\u00e5 det motsatta. Indikatorn anger ocks\u00e5 om tillv\u00e4xten kan f\u00f6rv\u00e4ntas \u00f6ka, vara of\u00f6r\u00e4ndrad eller minska under det n\u00e4rmaste kvartalet. Indikatorn \u00e4r ledande och ligger tv\u00e5 till tre m\u00e5nader f\u00f6re publiceringen av det faktiska utfallet fr\u00e5n SCB.<\/p>\n\n\n\n<p>Almegas <em>arbetsmarknadsindikator<\/em> bygger p\u00e5 ett skattat samband mellan svar fr\u00e5n tj\u00e4nste\u00adf\u00f6retagen i Konjunkturinstitutets konjunkturbarometer och den privata tj\u00e4nstesektorns syssels\u00e4ttningsf\u00f6r\u00e4ndring enligt SCB:s statistik \u00f6ver anst\u00e4llningar. Arbetsmark\u00adnads\u00adindikatorn bygger dessutom p\u00e5 uppgifter om rekryteringsgraden i tj\u00e4nstesektorn, som h\u00e4mtas fr\u00e5n SCB och uppdateras kvartalsvis. Indexv\u00e4rdet 100 anger det historiska genom\u00adsnittet f\u00f6r indikatorn baserat p\u00e5 det skattade sambandet fr\u00e5n och med \u00e5r 2005.<\/p>\n\n\n\n<p><em>Prisindikatorn<\/em> bygger p\u00e5 ett skattat samband mellan svar fr\u00e5n tj\u00e4nste\u00adf\u00f6re\u00adtagen i Konjunkturinstitutets konjunkturbarometer och f\u00f6r\u00e4ndringen av f\u00f6rs\u00e4ljnings\u00adpriserna i den privata tj\u00e4nstesektorns enligt SCB:s tj\u00e4nste\u00adpris\u00adindex. V\u00e4rdet 100 anger den genomsnittliga pris\u00f6kningstakten sedan 2006.<\/p>\n\n\n<a class='Share__link Share__link--url copy-text' href='#' rel='nofollow' data-text='fotnoter' title='Dela url' data-confirmation='L\u00e4nken kopierades till urklipp'><svg class='icon icon--link'  width='18' height='18' viewBox='0 0 18 18' fill='none' xmlns='http:\/\/www.w3.org\/2000\/svg'>\n            <path d='M10.4142 0.514721L6.87868 4.05025L8.29289 5.46447L11.1213 2.63604L15.364 6.87868L12.5355 9.70711L13.9497 11.1213L17.4853 7.58579C17.8763 7.19476 17.8763 6.5626 17.4853 6.17158L11.8284 0.514721C11.4374 0.123691 10.8052 0.123691 10.4142 0.514721Z' fill='black'\/>\n            <path d='M9.7071 12.5355L6.87868 15.364L2.63604 11.1213L5.46446 8.2929L4.05025 6.87868L0.514716 10.4142C0.123686 10.8052 0.123686 11.4374 0.514716 11.8284L6.17157 17.4853C6.5626 17.8763 7.19475 17.8763 7.58578 17.4853L11.1213 13.9497L9.7071 12.5355Z' fill='black'\/>\n            <path d='M6.17157 11.8284C6.5626 12.2195 7.19475 12.2195 7.58578 11.8284L11.8284 7.58579C12.2195 7.19476 12.2195 6.56261 11.8284 6.17158C11.4374 5.78055 10.8052 5.78055 10.4142 6.17158L6.17157 10.4142C5.78054 10.8052 5.78054 11.4374 6.17157 11.8284Z' fill='black'\/>\n            <\/svg> <\/a>\n<h2 class=\"wp-block-heading\">Fotnoter<\/h2>\n\n\n\n<ol class=\"wp-block-list\">\n<li>SCB, nationalr\u00e4kenskaper. <a href=\"https:\/\/www.scb.se\/hitta-statistik\/statistik-efter-amne\/nationalrakenskaper\/nationalrakenskaper\/nationalrakenskaper-kvartals-och-arsberakningar\/pong\/statistiknyhet\/nationalrakenskaper-2a-kvartalet-2025\/\">BNP \u00f6kade andra kvartalet 2025<\/a><\/li>\n\n\n\n<li>Det andra kvartalet \u00f6kade tj\u00e4nsteexporten med 2,6 procent i \u00e5rstakt j\u00e4mf\u00f6rt med 6,4 procent i \u00e5rstakt kvartalet innan. Utrikeshandel med tj\u00e4nster. <a href=\"https:\/\/www.statistikdatabasen.scb.se\/pxweb\/sv\/ssd\/START__HA__HA0202\/HA0202TjanstHKvN\/\">Tj\u00e4nstehandel i miljoner kronor, export och import efter tj\u00e4nsteslag. Kvartal 1982K1 &#8211; 2025K2. PxWeb<\/a><\/li>\n\n\n\n<li>Ink\u00f6pschefsindex privata tj\u00e4nstesektorn och industrin. <a href=\"https:\/\/www.silf.se\/medlem-i-silf\/pmi-inkopschefsindex\/\">PMI &#8211; Ink\u00f6pschefsindex &#8211; konjunkturm\u00e4tare<\/a><\/li>\n\n\n\n<li>Exportpriserna p\u00e5 informations- och kommunikationstj\u00e4nster har fallit med 4,9 procent under det senaste \u00e5ret delvis p\u00e5 grund av f\u00f6rst\u00e4rkningen av kronan. \u00a0SCB, utrikeshandel med tj\u00e4nster. <a href=\"https:\/\/www.statistikdatabasen.scb.se\/pxweb\/sv\/ssd\/START__HA__HA0202\/HA0202TjanstHKvN\/\">https:\/\/www.statistikdatabasen.scb.se\/pxweb\/sv\/ssd\/START__HA__HA0202\/HA0202TjanstHKvN\/<\/a> SCB, Exportprisindex. Informations- och kommunikationstj\u00e4nster. <a href=\"https:\/\/www.statistikdatabasen.scb.se\/pxweb\/sv\/ssd\/START__PR__PR0301__PR0301L\/TPI2020K\/table\/tableViewLayout1\/\">Exportprisindex (EXPI), 2020=100 efter produktgrupp SPIN 2015 och kvartal. PxWeb<\/a><\/li>\n\n\n\n<li>SCB, utrikeshandel med tj\u00e4nster. <a href=\"https:\/\/www.statistikdatabasen.scb.se\/pxweb\/sv\/ssd\/START__HA__HA0202\/HA0202TjanstHKvN\/\">https:\/\/www.statistikdatabasen.scb.se\/pxweb\/sv\/ssd\/START__HA__HA0202\/HA0202TjanstHKvN\/<\/a> Exportpriserna p\u00e5 tj\u00e4nster inom juridik, ekonomi, vetenskap, teknik med mera \u00f6kade med 0,7 procent i \u00e5rstakt det andra kvartalet. SCB, exportprisindex tj\u00e4nster. <a href=\"https:\/\/www.statistikdatabasen.scb.se\/pxweb\/sv\/ssd\/START__PR__PR0301__PR0301L\/TPI2020K\/table\/tableViewLayout1\/\">Exportprisindex (EXPI), 2020=100 efter produktgrupp SPIN 2015 och kvartal. PxWeb<\/a><\/li>\n\n\n\n<li>Almega Kompetensf\u00f6retagen, kvartalsrapport. <a href=\"https:\/\/www.kompetensforetagen.se\/app\/uploads\/sites\/5\/2025\/09\/Q2_2025.pdf\">Q2_2025.pdf<\/a><\/li>\n\n\n\n<li>SCB, tj\u00e4nsteproduktionsindex.<\/li>\n\n\n\n<li>Konjunkturinstitutet. <a href=\"https:\/\/statistik.konj.se\/PxWeb\/pxweb\/sv\/KonjBar\/KonjBar__hushall\/indikatorhus.px\/\">Hush\u00e5llsindikatorer &#8211; m\u00e5nad efter Indikator, Grupp och Period. Statistikdatabasen<\/a><\/li>\n\n\n\n<li>SCB, hush\u00e5llens konsumtionsutgifter efter \u00e4ndam\u00e5l. <a href=\"https:\/\/www.statistikdatabasen.scb.se\/pxweb\/sv\/ssd\/START__NR__NR0103__NR0103A\/NR0103ENS2010T02KvN\/\">https:\/\/www.statistikdatabasen.scb.se\/pxweb\/sv\/ssd\/START__NR__NR0103__NR0103A\/NR0103ENS2010T02KvN\/<\/a><\/li>\n\n\n\n<li>SCB, tj\u00e4nsteproduktionsindex.<\/li>\n\n\n\n<li>SCB, tj\u00e4nsteproduktionsindex samt Mobility Sweden, <a href=\"https:\/\/mobilitysweden.se\/statistik\/Tidsserier\">Tidsserier nyregistreringsstatistik Mobility Sweden<\/a>.<\/li>\n\n\n\n<li>Inom kultur, n\u00f6je och fritid ing\u00e5r bland annat museer, teatrar, sport\u00adanl\u00e4ggningar och gym. I annan service ing\u00e5r bland annat reparationer, tv\u00e4tterier och fris\u00f6rer.\u00a0<\/li>\n\n\n\n<li>SCB, Nationalr\u00e4kenskaper.<\/li>\n\n\n\n<li>SCB, Nationalr\u00e4kenskaper.\u00a0<\/li>\n\n\n\n<li>Tillv\u00e4xtanalys. <a href=\"https:\/\/statistik.tillvaxtanalys.se\/PxWeb\/pxweb\/sv\/Tillv%c3%a4xtanalys%20statistikdatabas\/Tillv%c3%a4xtanalys%20statistikdatabas__Konkurser%20och%20offentliga%20ackord\/konk_ar_lan_bransch_2009.px\/table\/tableViewLayout2\/\">Konkurser och anst\u00e4llda ber\u00f6rda av konkurs 1996- efter \u00e5r, l\u00e4n, bransch och variabel. PxWeb (tillvaxtanalys.se)<\/a><\/li>\n\n\n\n<li>Eurostat (2025).<\/li>\n\n\n\n<li>Konjunkturinstitutets m\u00e5nadsbarometrar. <a href=\"https:\/\/statistik.konj.se\/PXWeb\/pxweb\/sv\/KonjBar\">Statistikdatabasen &#8211; v\u00e4lj tabell (konj.se)<\/a><\/li>\n\n\n\n<li>SCB, AKU. <a href=\"https:\/\/www.scb.se\/hitta-statistik\/statistik-efter-amne\/arbetsmarknad\/utbud-av-arbetskraft\/arbetskraftsundersokningarna-aku\/pong\/statistiknyhet\/arbetskraftsundersokningarna-aku-augusti-2025\/\">Fortsatt svag arbetsmarknad<\/a><\/li>\n\n\n\n<li>Arbetsf\u00f6rmedlingens, m\u00e5nadsstatistik. <a href=\"https:\/\/statistik.arbetsformedlingen.se\/extensions\/Manadsstatistik_sid1\/Manadsstatistik_sid1.html\">M\u00e5nadsstatistik (arbetsformedlingen.se)<\/a><\/li>\n\n\n\n<li>Arbetsf\u00f6rmedlingen, varselstatistik <a href=\"https:\/\/arbetsformedlingen.se\/statistik\/statistik-om-varsel\">Statistik &#8211; Arbetsf\u00f6rmedlingen (arbetsformedlingen.se)<\/a> <\/li>\n\n\n\n<li>Almegajouren statistik, september 2025.<\/li>\n\n\n\n<li>\u00a0<a href=\"https:\/\/www.scb.se\/hitta-statistik\/statistik-efter-amne\/priser-och-ekonomiska-tendenser\/priser\/konsumentprisindex-kpi\/pong\/statistiknyhet\/konsumentprisindex-kpi-augusti-2025\/\">Inflationstakten enligt KPI var 1,1 procent i augusti 2025<\/a><\/li>\n\n\n\n<li>Almegas tj\u00e4nsteindikator togs fram 2001 av Owe Danemar, Almegas d\u00e5varande chefekonom.<\/li>\n\n\n\n<li>De tj\u00e4nstebranscher som saknas i KI-barometern \u00e4r utbildning, h\u00e4lso- och sjukv\u00e5rd, kultur, n\u00f6je och fritid samt samh\u00e4lleliga och hush\u00e5llsn\u00e4ra tj\u00e4nster inom n\u00e4ringslivet.<\/li>\n<\/ol>\n","protected":false},"excerpt":{"rendered":"<p>Almegas tj\u00e4nsteindikator, kvartal tre, 2025. <\/p>\n","protected":false},"author":16543,"featured_media":82662,"comment_status":"closed","ping_status":"closed","sticky":false,"template":"","format":"standard","meta":{"_acf_changed":false,"footnotes":""},"categories":[630,581],"tags":[392,50],"article_type":[56,42],"agreement":[],"class_list":["post-82633","post","type-post","status-publish","format-standard","has-post-thumbnail","hentry","category-konjunktur","category-tjanstesektorns-betydelse","tag-tjansteindikatorn","tag-tjanstesektorns-utveckling","type-nyheter","type-rapporter"],"acf":[],"yoast_head":"<!-- This site is optimized with the Yoast SEO Premium plugin v26.8 (Yoast SEO v26.8) - https:\/\/yoast.com\/product\/yoast-seo-premium-wordpress\/ -->\n<title>Almegas tj\u00e4nsteindikator f\u00f6r tredje kvartalet 2025 | Almega<\/title>\n<meta name=\"description\" content=\"Ta del av Almegas tj\u00e4nsteindikator f\u00f6r tredje kvartalet 2025, och l\u00e4s rapporten &quot;V\u00e4ndpunkt i sikte&quot; i sin helhet p\u00e5 almega.se.\" \/>\n<meta name=\"robots\" content=\"index, follow, max-snippet:-1, max-image-preview:large, max-video-preview:-1\" \/>\n<link rel=\"canonical\" href=\"https:\/\/www.almega.se\/2025\/09\/almegas-tjansteindikator-for-tredje-kvartalet-2025\/\" \/>\n<meta property=\"og:locale\" content=\"sv_SE\" \/>\n<meta property=\"og:type\" content=\"article\" \/>\n<meta property=\"og:title\" content=\"Almegas tj\u00e4nsteindikator f\u00f6r tredje kvartalet 2025\" \/>\n<meta property=\"og:description\" content=\"Ta del av Almegas tj\u00e4nsteindikator f\u00f6r tredje kvartalet 2025, och l\u00e4s rapporten &quot;V\u00e4ndpunkt i sikte&quot; i sin helhet p\u00e5 almega.se.\" \/>\n<meta property=\"og:url\" content=\"https:\/\/www.almega.se\/2025\/09\/almegas-tjansteindikator-for-tredje-kvartalet-2025\/\" \/>\n<meta property=\"og:site_name\" content=\"Almega\" \/>\n<meta property=\"article:published_time\" content=\"2025-09-29T04:00:00+00:00\" \/>\n<meta property=\"article:modified_time\" content=\"2026-01-21T07:55:38+00:00\" \/>\n<meta property=\"og:image\" content=\"https:\/\/www.almega.se\/app\/uploads\/2025\/09\/Skarmavbild-2025-09-25-kl.-10.31.33-fm.png\" \/>\n\t<meta property=\"og:image:width\" content=\"1014\" \/>\n\t<meta property=\"og:image:height\" content=\"486\" \/>\n\t<meta property=\"og:image:type\" content=\"image\/png\" \/>\n<meta name=\"author\" content=\"R\u00e9ka Tolnai\" \/>\n<meta name=\"twitter:card\" content=\"summary_large_image\" \/>\n<meta name=\"twitter:label1\" content=\"Skriven av\" \/>\n\t<meta name=\"twitter:data1\" content=\"R\u00e9ka Tolnai\" \/>\n\t<meta name=\"twitter:label2\" content=\"Ber\u00e4knad l\u00e4stid\" \/>\n\t<meta name=\"twitter:data2\" content=\"25 minuter\" \/>\n<!-- \/ Yoast SEO Premium plugin. -->","yoast_head_json":{"title":"Almegas tj\u00e4nsteindikator f\u00f6r tredje kvartalet 2025 | Almega","description":"Ta del av Almegas tj\u00e4nsteindikator f\u00f6r tredje kvartalet 2025, och l\u00e4s rapporten \"V\u00e4ndpunkt i sikte\" i sin helhet p\u00e5 almega.se.","robots":{"index":"index","follow":"follow","max-snippet":"max-snippet:-1","max-image-preview":"max-image-preview:large","max-video-preview":"max-video-preview:-1"},"canonical":"https:\/\/www.almega.se\/2025\/09\/almegas-tjansteindikator-for-tredje-kvartalet-2025\/","og_locale":"sv_SE","og_type":"article","og_title":"Almegas tj\u00e4nsteindikator f\u00f6r tredje kvartalet 2025","og_description":"Ta del av Almegas tj\u00e4nsteindikator f\u00f6r tredje kvartalet 2025, och l\u00e4s rapporten \"V\u00e4ndpunkt i sikte\" i sin helhet p\u00e5 almega.se.","og_url":"https:\/\/www.almega.se\/2025\/09\/almegas-tjansteindikator-for-tredje-kvartalet-2025\/","og_site_name":"Almega","article_published_time":"2025-09-29T04:00:00+00:00","article_modified_time":"2026-01-21T07:55:38+00:00","og_image":[{"width":1014,"height":486,"url":"https:\/\/www.almega.se\/app\/uploads\/2025\/09\/Skarmavbild-2025-09-25-kl.-10.31.33-fm.png","type":"image\/png"}],"author":"R\u00e9ka Tolnai","twitter_card":"summary_large_image","twitter_misc":{"Skriven av":"R\u00e9ka Tolnai","Ber\u00e4knad l\u00e4stid":"25 minuter"},"schema":{"@context":"https:\/\/schema.org","@graph":[{"@type":"NewsArticle","@id":"https:\/\/www.almega.se\/2025\/09\/almegas-tjansteindikator-for-tredje-kvartalet-2025\/#article","isPartOf":{"@id":"https:\/\/www.almega.se\/2025\/09\/almegas-tjansteindikator-for-tredje-kvartalet-2025\/"},"author":{"name":"R\u00e9ka Tolnai","@id":"https:\/\/www.almega.se\/#\/schema\/person\/e54aa110880538cf5ceac0ac54bbecf7"},"headline":"Almegas tj\u00e4nsteindikator f\u00f6r tredje kvartalet 2025","datePublished":"2025-09-29T04:00:00+00:00","dateModified":"2026-01-21T07:55:38+00:00","mainEntityOfPage":{"@id":"https:\/\/www.almega.se\/2025\/09\/almegas-tjansteindikator-for-tredje-kvartalet-2025\/"},"wordCount":4759,"image":{"@id":"https:\/\/www.almega.se\/2025\/09\/almegas-tjansteindikator-for-tredje-kvartalet-2025\/#primaryimage"},"thumbnailUrl":"https:\/\/www.almega.se\/app\/uploads\/2025\/09\/Skarmavbild-2025-09-25-kl.-10.31.33-fm.png","keywords":["Tj\u00e4nsteindikatorn","Tj\u00e4nstesektorns utveckling"],"articleSection":["Konjunktur","Tj\u00e4nstesektorns betydelse"],"inLanguage":"sv-SE"},{"@type":"WebPage","@id":"https:\/\/www.almega.se\/2025\/09\/almegas-tjansteindikator-for-tredje-kvartalet-2025\/","url":"https:\/\/www.almega.se\/2025\/09\/almegas-tjansteindikator-for-tredje-kvartalet-2025\/","name":"Almegas tj\u00e4nsteindikator f\u00f6r tredje kvartalet 2025 | Almega","isPartOf":{"@id":"https:\/\/www.almega.se\/#website"},"primaryImageOfPage":{"@id":"https:\/\/www.almega.se\/2025\/09\/almegas-tjansteindikator-for-tredje-kvartalet-2025\/#primaryimage"},"image":{"@id":"https:\/\/www.almega.se\/2025\/09\/almegas-tjansteindikator-for-tredje-kvartalet-2025\/#primaryimage"},"thumbnailUrl":"https:\/\/www.almega.se\/app\/uploads\/2025\/09\/Skarmavbild-2025-09-25-kl.-10.31.33-fm.png","datePublished":"2025-09-29T04:00:00+00:00","dateModified":"2026-01-21T07:55:38+00:00","author":{"@id":"https:\/\/www.almega.se\/#\/schema\/person\/e54aa110880538cf5ceac0ac54bbecf7"},"description":"Ta del av Almegas tj\u00e4nsteindikator f\u00f6r tredje kvartalet 2025, och l\u00e4s rapporten \"V\u00e4ndpunkt i sikte\" i sin helhet p\u00e5 almega.se.","breadcrumb":{"@id":"https:\/\/www.almega.se\/2025\/09\/almegas-tjansteindikator-for-tredje-kvartalet-2025\/#breadcrumb"},"inLanguage":"sv-SE","potentialAction":[{"@type":"ReadAction","target":["https:\/\/www.almega.se\/2025\/09\/almegas-tjansteindikator-for-tredje-kvartalet-2025\/"]}]},{"@type":"ImageObject","inLanguage":"sv-SE","@id":"https:\/\/www.almega.se\/2025\/09\/almegas-tjansteindikator-for-tredje-kvartalet-2025\/#primaryimage","url":"https:\/\/www.almega.se\/app\/uploads\/2025\/09\/Skarmavbild-2025-09-25-kl.-10.31.33-fm.png","contentUrl":"https:\/\/www.almega.se\/app\/uploads\/2025\/09\/Skarmavbild-2025-09-25-kl.-10.31.33-fm.png","width":1014,"height":486},{"@type":"BreadcrumbList","@id":"https:\/\/www.almega.se\/2025\/09\/almegas-tjansteindikator-for-tredje-kvartalet-2025\/#breadcrumb","itemListElement":[{"@type":"ListItem","position":1,"name":"Home","item":"https:\/\/www.almega.se\/"},{"@type":"ListItem","position":2,"name":"Almegas tj\u00e4nsteindikator f\u00f6r tredje kvartalet 2025"}]},{"@type":"WebSite","@id":"https:\/\/www.almega.se\/#website","url":"https:\/\/www.almega.se\/","name":"Almega","description":"","potentialAction":[{"@type":"SearchAction","target":{"@type":"EntryPoint","urlTemplate":"https:\/\/www.almega.se\/?s={search_term_string}"},"query-input":{"@type":"PropertyValueSpecification","valueRequired":true,"valueName":"search_term_string"}}],"inLanguage":"sv-SE"},{"@type":"Person","@id":"https:\/\/www.almega.se\/#\/schema\/person\/e54aa110880538cf5ceac0ac54bbecf7","name":"R\u00e9ka Tolnai","image":{"@type":"ImageObject","inLanguage":"sv-SE","@id":"https:\/\/www.almega.se\/#\/schema\/person\/image\/","url":"https:\/\/secure.gravatar.com\/avatar\/c722d4a4ee787603df9df499a683d681bd2c463bde248da25aabc45883d614d2?s=96&d=mm&r=g","contentUrl":"https:\/\/secure.gravatar.com\/avatar\/c722d4a4ee787603df9df499a683d681bd2c463bde248da25aabc45883d614d2?s=96&d=mm&r=g","caption":"R\u00e9ka Tolnai"},"url":"https:\/\/www.almega.se\/person\/rekatolnai\/"}]}},"_links":{"self":[{"href":"https:\/\/www.almega.se\/api\/wp\/v2\/posts\/82633","targetHints":{"allow":["GET"]}}],"collection":[{"href":"https:\/\/www.almega.se\/api\/wp\/v2\/posts"}],"about":[{"href":"https:\/\/www.almega.se\/api\/wp\/v2\/types\/post"}],"author":[{"embeddable":true,"href":"https:\/\/www.almega.se\/api\/wp\/v2\/users\/16543"}],"replies":[{"embeddable":true,"href":"https:\/\/www.almega.se\/api\/wp\/v2\/comments?post=82633"}],"version-history":[{"count":1,"href":"https:\/\/www.almega.se\/api\/wp\/v2\/posts\/82633\/revisions"}],"predecessor-version":[{"id":82664,"href":"https:\/\/www.almega.se\/api\/wp\/v2\/posts\/82633\/revisions\/82664"}],"wp:featuredmedia":[{"embeddable":true,"href":"https:\/\/www.almega.se\/api\/wp\/v2\/media\/82662"}],"wp:attachment":[{"href":"https:\/\/www.almega.se\/api\/wp\/v2\/media?parent=82633"}],"wp:term":[{"taxonomy":"category","embeddable":true,"href":"https:\/\/www.almega.se\/api\/wp\/v2\/categories?post=82633"},{"taxonomy":"post_tag","embeddable":true,"href":"https:\/\/www.almega.se\/api\/wp\/v2\/tags?post=82633"},{"taxonomy":"type","embeddable":true,"href":"https:\/\/www.almega.se\/api\/wp\/v2\/article_type?post=82633"},{"taxonomy":"agreement","embeddable":true,"href":"https:\/\/www.almega.se\/api\/wp\/v2\/agreement?post=82633"}],"curies":[{"name":"wp","href":"https:\/\/api.w.org\/{rel}","templated":true}]}}