{"id":82475,"date":"2025-09-16T15:30:00","date_gmt":"2025-09-16T13:30:00","guid":{"rendered":"https:\/\/www.almega.se\/?p=82475"},"modified":"2026-04-09T13:35:16","modified_gmt":"2026-04-09T11:35:16","slug":"arbetstidsforkortning-infors-2026-information-och-webbinarier","status":"publish","type":"post","link":"https:\/\/www.almega.se\/2025\/09\/arbetstidsforkortning-infors-2026-information-och-webbinarier\/","title":{"rendered":"Arbetstidsf\u00f6rkortning inf\u00f6rs 2026 &#8211; information och webbinarier"},"content":{"rendered":"<p class=\"intro\">\u00c5r 2026 f\u00e5r tj\u00e4nstem\u00e4n r\u00e4tt till en betald ledig dag per kalender\u00e5r enligt ditt kollektivavtal. Nedan kan du l\u00e4sa mera om detta och anm\u00e4la dig till n\u00e5got av v\u00e5ra kostnadsfria webbinarier. D\u00e5 g\u00e5r vi igenom hur det ska hanteras praktiskt och om vad arbetsgivare ska g\u00f6ra om de vill minska sina kostnader genom att dra in ensidigt utgivna kl\u00e4mdagar\/halvdagar\/lediga dagar eller vill \u00f6ka veckoarbetstidsm\u00e5ttet om det \u00e4r l\u00e4gre \u00e4n 40 timmar per helgfri vecka.<\/p>\n\n<p><\/p>\n\n\n\n<p><strong>R\u00e4tt till betald ledig dag:<\/strong> Heltidsarbetande tj\u00e4nstem\u00e4n f\u00e5r en betald ledig dag per \u00e5r fr\u00e5n och med 2026. Deltidsarbetande f\u00e5r f\u00f6rkortning i proportion till sin syssels\u00e4ttningsgrad. L\u00e4s mer <a href=\"https:\/\/medlem.arbetsgivarguiden.se\/a-till-o\/621\" target=\"_blank\" rel=\"noreferrer noopener\">Arbetstidsf\u00f6rkortning<\/a>. (Inloggning kr\u00e4vs).<\/p>\n\n\n\n<ul class=\"wp-block-list\">\n<li><strong>Arbetsgivarens best\u00e4mmer efter MBL-f\u00f6rhandling vilken dag som ska vara ledig:<\/strong> F\u00f6re beslutet ska arbetsgivaren MBL-f\u00f6rhandla. Det blir fredagen efter Kristi himmelsf\u00e4rdsdag om inget annat beslut fattas. Arbetsgivaren ska senast f\u00f6re \u00e5rsskiftet underr\u00e4tta medarbetarna om f\u00f6rl\u00e4ggningen av den lediga dagen f\u00f6r det kommande kalender\u00e5ret.<\/li>\n\n\n\n<li><strong>Arbetsgivare kan vilja minska ensidigt beslutad ledighet:<\/strong> Arbetsgivare som idag ger extra ledighet till exempel kl\u00e4mdagar eller kortare arbetstid \u00e4n 40 timmar i genomsnitt per helgfri vecka kan efter en MBL-f\u00f6rhandling \u00e4ndra p\u00e5 det. Du kan l\u00e4sa om det <a href=\"https:\/\/medlem.arbetsgivarguiden.se\/a-till-o\/623\" target=\"_blank\" rel=\"noreferrer noopener\">Ta bort ledig dag<\/a> och <a href=\"https:\/\/medlem.arbetsgivarguiden.se\/a-till-o\/624\" target=\"_blank\" rel=\"noreferrer noopener\">\u00d6ka arbetstidsm\u00e5ttet<\/a>.<\/li>\n<\/ul>\n\n\n<a class='Share__link Share__link--url copy-text' href='#' rel='nofollow' data-text='webbinarier' title='Dela url' data-confirmation='L\u00e4nken kopierades till urklipp'><svg class='icon icon--link'  width='18' height='18' viewBox='0 0 18 18' fill='none' xmlns='http:\/\/www.w3.org\/2000\/svg'>\n            <path d='M10.4142 0.514721L6.87868 4.05025L8.29289 5.46447L11.1213 2.63604L15.364 6.87868L12.5355 9.70711L13.9497 11.1213L17.4853 7.58579C17.8763 7.19476 17.8763 6.5626 17.4853 6.17158L11.8284 0.514721C11.4374 0.123691 10.8052 0.123691 10.4142 0.514721Z' fill='black'\/>\n            <path d='M9.7071 12.5355L6.87868 15.364L2.63604 11.1213L5.46446 8.2929L4.05025 6.87868L0.514716 10.4142C0.123686 10.8052 0.123686 11.4374 0.514716 11.8284L6.17157 17.4853C6.5626 17.8763 7.19475 17.8763 7.58578 17.4853L11.1213 13.9497L9.7071 12.5355Z' fill='black'\/>\n            <path d='M6.17157 11.8284C6.5626 12.2195 7.19475 12.2195 7.58578 11.8284L11.8284 7.58579C12.2195 7.19476 12.2195 6.56261 11.8284 6.17158C11.4374 5.78055 10.8052 5.78055 10.4142 6.17158L6.17157 10.4142C5.78054 10.8052 5.78054 11.4374 6.17157 11.8284Z' fill='black'\/>\n            <\/svg> <\/a>\n<h2 class=\"wp-block-heading\" id=\"h-webbinarier\">Webbinarier<\/h2>\n\n\n\n<p>P\u00e5 de kostnadsfria webbinarierna g\u00e5r vi igenom hur det g\u00e5r till i praktiken.<\/p>\n\n\n\n<p>Anm\u00e4l dig genom att klicka p\u00e5 l\u00e4nken till det datum du v\u00e4ljer. Fyll i ditt organisationsnummer och \u00f6vriga uppgifter. En bekr\u00e4ftelse kommer direkt till din inkorg och l\u00e4nk till tillf\u00e4llet samt kallelse skickas ut 3 dagar innan start.<\/p>\n\n\n\n<p><a href=\"https:\/\/app.eduadmin.se\/form\/7f84c82598ca8210\/2210001?publicFormId=d8eba53b-d214-45d8-83ef-699e899fe72c\" target=\"_blank\" rel=\"noreferrer noopener\">29 sep kl 12.00 &#8211; 12.45<\/a><\/p>\n\n\n\n<p><a href=\"https:\/\/app.eduadmin.se\/form\/7f84c82598ca8210\/2210002?publicFormId=d8eba53b-d214-45d8-83ef-699e899fe72c\" target=\"_blank\" rel=\"noreferrer noopener\">30 sep kl 08.30 &#8211; 09.15<\/a><\/p>\n\n\n\n<p><a href=\"https:\/\/app.eduadmin.se\/form\/7f84c82598ca8210\/2210003?publicFormId=d8eba53b-d214-45d8-83ef-699e899fe72c\" target=\"_blank\" rel=\"noreferrer noopener\">8 okt kl 11.30 &#8211; 12.15<\/a><\/p>\n\n\n\n<p><a href=\"https:\/\/app.eduadmin.se\/form\/7f84c82598ca8210\/2210004?publicFormId=d8eba53b-d214-45d8-83ef-699e899fe72c\" target=\"_blank\" rel=\"noreferrer noopener\">9 okt kl 11.30 &#8211; 12.15<\/a><\/p>\n\n\n\n<p><a href=\"https:\/\/app.eduadmin.se\/form\/7f84c82598ca8210\/2210005?publicFormId=d8eba53b-d214-45d8-83ef-699e899fe72c\" target=\"_blank\" rel=\"noreferrer noopener\">15 okt kl 15.00 &#8211; 15.45<\/a><\/p>\n\n\n\n<p><a href=\"https:\/\/app.eduadmin.se\/form\/7f84c82598ca8210\/2210006?publicFormId=d8eba53b-d214-45d8-83ef-699e899fe72c\" target=\"_blank\" rel=\"noreferrer noopener\">16 okt 08.30 &#8211; 09.15<\/a><\/p>\n\n\n\n<p><\/p>\n\n\n\n<p><\/p>\n","protected":false},"excerpt":{"rendered":"<p>R\u00e4tt till betald ledig dag: Heltidsarbetande tj\u00e4nstem\u00e4n f\u00e5r en betald ledig dag per \u00e5r fr\u00e5n och med 2026. Deltidsarbetande f\u00e5r f\u00f6rkortning i proportion till sin syssels\u00e4ttningsgrad. L\u00e4s mer Arbetstidsf\u00f6rkortning. (Inloggning kr\u00e4vs). Webbinarier P\u00e5 de kostnadsfria &hellip;<\/p>\n","protected":false},"author":14836,"featured_media":0,"comment_status":"closed","ping_status":"closed","sticky":false,"template":"","format":"standard","meta":{"_acf_changed":false,"footnotes":""},"categories":[751],"tags":[714],"article_type":[313,307],"agreement":[106,135,139,142,141,143,145,459,192,193,194,224,210,532,222,223,226,230,225,228,227,229,234],"class_list":["post-82475","post","type-post","status-publish","format-standard","hentry","category-arbetstid","tag-arbetstidsforkortning","type-arbetsgivarnytt","type-medlemsnyheter","agreement-8dce80f7-ff07-de11-b4e1-02bf9e69ca65","agreement-a0dd9b4d-7a56-de11-bdb9-02bf9e69ca65","agreement-22ce80f7-ff07-de11-b4e1-02bf9e69ca65","agreement-72ce80f7-ff07-de11-b4e1-02bf9e69ca65","agreement-6ece80f7-ff07-de11-b4e1-02bf9e69ca65","agreement-71ce80f7-ff07-de11-b4e1-02bf9e69ca65","agreement-74ce80f7-ff07-de11-b4e1-02bf9e69ca65","agreement-9de9353e-79fc-e811-811f-003dd8b71e49","agreement-d95c3e3a-0da2-de11-b057-02bf9e69ca65","agreement-2b2479db-06a2-de11-b057-02bf9e69ca65","agreement-89175bca-06a2-de11-b057-02bf9e69ca65","agreement-88ce80f7-ff07-de11-b4e1-02bf9e69ca65","agreement-7bce80f7-ff07-de11-b4e1-02bf9e69ca65","agreement-912420e1-4718-e711-810c-003dd8b71e47","agreement-26ce80f7-ff07-de11-b4e1-02bf9e69ca65","agreement-68c1af9f-6b56-de11-bdb9-02bf9e69ca65","agreement-29ce80f7-ff07-de11-b4e1-02bf9e69ca65","agreement-1fce80f7-ff07-de11-b4e1-02bf9e69ca65","agreement-25ce80f7-ff07-de11-b4e1-02bf9e69ca65","agreement-1ece80f7-ff07-de11-b4e1-02bf9e69ca65","agreement-59ce80f7-ff07-de11-b4e1-02bf9e69ca65","agreement-53ce80f7-ff07-de11-b4e1-02bf9e69ca65","agreement-8ace80f7-ff07-de11-b4e1-02bf9e69ca65"],"acf":[],"yoast_head":"<!-- This site is optimized with the Yoast SEO Premium plugin v26.8 (Yoast SEO v26.8) - https:\/\/yoast.com\/product\/yoast-seo-premium-wordpress\/ -->\n<title>Arbetstidsf\u00f6rkortning inf\u00f6rs 2026 - information och webbinarier | Almega<\/title>\n<meta name=\"robots\" content=\"index, follow, max-snippet:-1, max-image-preview:large, max-video-preview:-1\" \/>\n<link rel=\"canonical\" href=\"https:\/\/www.almega.se\/2025\/09\/arbetstidsforkortning-infors-2026-information-och-webbinarier\/\" \/>\n<meta property=\"og:locale\" content=\"sv_SE\" \/>\n<meta property=\"og:type\" content=\"article\" \/>\n<meta property=\"og:title\" content=\"Arbetstidsf\u00f6rkortning inf\u00f6rs 2026 - information och webbinarier\" \/>\n<meta property=\"og:description\" content=\"R\u00e4tt till betald ledig dag: Heltidsarbetande tj\u00e4nstem\u00e4n f\u00e5r en betald ledig dag per \u00e5r fr\u00e5n och med 2026. Deltidsarbetande f\u00e5r f\u00f6rkortning i proportion till sin syssels\u00e4ttningsgrad. L\u00e4s mer Arbetstidsf\u00f6rkortning. (Inloggning kr\u00e4vs). Webbinarier P\u00e5 de kostnadsfria &hellip;\" \/>\n<meta property=\"og:url\" content=\"https:\/\/www.almega.se\/2025\/09\/arbetstidsforkortning-infors-2026-information-och-webbinarier\/\" \/>\n<meta property=\"og:site_name\" content=\"Almega\" \/>\n<meta property=\"article:published_time\" content=\"2025-09-16T13:30:00+00:00\" \/>\n<meta property=\"article:modified_time\" content=\"2026-04-09T11:35:16+00:00\" \/>\n<meta property=\"og:image\" content=\"https:\/\/www.almega.se\/app\/uploads\/2020\/12\/almega-share-logo.png\" \/>\n\t<meta property=\"og:image:width\" content=\"1200\" \/>\n\t<meta property=\"og:image:height\" content=\"630\" \/>\n\t<meta property=\"og:image:type\" content=\"image\/png\" \/>\n<meta name=\"author\" content=\"Eva Pettersson\" \/>\n<meta name=\"twitter:card\" content=\"summary_large_image\" \/>\n<meta name=\"twitter:label1\" content=\"Skriven av\" \/>\n\t<meta name=\"twitter:data1\" content=\"Eva Pettersson\" \/>\n\t<meta name=\"twitter:label2\" content=\"Ber\u00e4knad l\u00e4stid\" \/>\n\t<meta name=\"twitter:data2\" content=\"2 minuter\" \/>\n<!-- \/ Yoast SEO Premium plugin. -->","yoast_head_json":{"title":"Arbetstidsf\u00f6rkortning inf\u00f6rs 2026 - information och webbinarier | Almega","robots":{"index":"index","follow":"follow","max-snippet":"max-snippet:-1","max-image-preview":"max-image-preview:large","max-video-preview":"max-video-preview:-1"},"canonical":"https:\/\/www.almega.se\/2025\/09\/arbetstidsforkortning-infors-2026-information-och-webbinarier\/","og_locale":"sv_SE","og_type":"article","og_title":"Arbetstidsf\u00f6rkortning inf\u00f6rs 2026 - information och webbinarier","og_description":"R\u00e4tt till betald ledig dag: Heltidsarbetande tj\u00e4nstem\u00e4n f\u00e5r en betald ledig dag per \u00e5r fr\u00e5n och med 2026. Deltidsarbetande f\u00e5r f\u00f6rkortning i proportion till sin syssels\u00e4ttningsgrad. L\u00e4s mer Arbetstidsf\u00f6rkortning. (Inloggning kr\u00e4vs). Webbinarier P\u00e5 de kostnadsfria &hellip;","og_url":"https:\/\/www.almega.se\/2025\/09\/arbetstidsforkortning-infors-2026-information-och-webbinarier\/","og_site_name":"Almega","article_published_time":"2025-09-16T13:30:00+00:00","article_modified_time":"2026-04-09T11:35:16+00:00","og_image":[{"width":1200,"height":630,"url":"https:\/\/www.almega.se\/app\/uploads\/2020\/12\/almega-share-logo.png","type":"image\/png"}],"author":"Eva Pettersson","twitter_card":"summary_large_image","twitter_misc":{"Skriven av":"Eva Pettersson","Ber\u00e4knad l\u00e4stid":"2 minuter"},"schema":{"@context":"https:\/\/schema.org","@graph":[{"@type":"NewsArticle","@id":"https:\/\/www.almega.se\/2025\/09\/arbetstidsforkortning-infors-2026-information-och-webbinarier\/#article","isPartOf":{"@id":"https:\/\/www.almega.se\/2025\/09\/arbetstidsforkortning-infors-2026-information-och-webbinarier\/"},"author":{"name":"Eva Pettersson","@id":"https:\/\/www.almega.se\/#\/schema\/person\/50d695bb8f918c77bd2be177892f84b1"},"headline":"Arbetstidsf\u00f6rkortning inf\u00f6rs 2026 &#8211; information och webbinarier","datePublished":"2025-09-16T13:30:00+00:00","dateModified":"2026-04-09T11:35:16+00:00","mainEntityOfPage":{"@id":"https:\/\/www.almega.se\/2025\/09\/arbetstidsforkortning-infors-2026-information-och-webbinarier\/"},"wordCount":228,"keywords":["arbetstidsf\u00f6rkortning"],"articleSection":["Arbetstid"],"inLanguage":"sv-SE"},{"@type":"WebPage","@id":"https:\/\/www.almega.se\/2025\/09\/arbetstidsforkortning-infors-2026-information-och-webbinarier\/","url":"https:\/\/www.almega.se\/2025\/09\/arbetstidsforkortning-infors-2026-information-och-webbinarier\/","name":"Arbetstidsf\u00f6rkortning inf\u00f6rs 2026 - information och webbinarier | Almega","isPartOf":{"@id":"https:\/\/www.almega.se\/#website"},"datePublished":"2025-09-16T13:30:00+00:00","dateModified":"2026-04-09T11:35:16+00:00","author":{"@id":"https:\/\/www.almega.se\/#\/schema\/person\/50d695bb8f918c77bd2be177892f84b1"},"breadcrumb":{"@id":"https:\/\/www.almega.se\/2025\/09\/arbetstidsforkortning-infors-2026-information-och-webbinarier\/#breadcrumb"},"inLanguage":"sv-SE","potentialAction":[{"@type":"ReadAction","target":["https:\/\/www.almega.se\/2025\/09\/arbetstidsforkortning-infors-2026-information-och-webbinarier\/"]}]},{"@type":"BreadcrumbList","@id":"https:\/\/www.almega.se\/2025\/09\/arbetstidsforkortning-infors-2026-information-och-webbinarier\/#breadcrumb","itemListElement":[{"@type":"ListItem","position":1,"name":"Home","item":"https:\/\/www.almega.se\/"},{"@type":"ListItem","position":2,"name":"Arbetstidsf\u00f6rkortning inf\u00f6rs 2026 &#8211; information och webbinarier"}]},{"@type":"WebSite","@id":"https:\/\/www.almega.se\/#website","url":"https:\/\/www.almega.se\/","name":"Almega","description":"","potentialAction":[{"@type":"SearchAction","target":{"@type":"EntryPoint","urlTemplate":"https:\/\/www.almega.se\/?s={search_term_string}"},"query-input":{"@type":"PropertyValueSpecification","valueRequired":true,"valueName":"search_term_string"}}],"inLanguage":"sv-SE"},{"@type":"Person","@id":"https:\/\/www.almega.se\/#\/schema\/person\/50d695bb8f918c77bd2be177892f84b1","name":"Eva Pettersson","image":{"@type":"ImageObject","inLanguage":"sv-SE","@id":"https:\/\/www.almega.se\/#\/schema\/person\/image\/","url":"https:\/\/secure.gravatar.com\/avatar\/c4811d04bd37924073d3b0ce1984d0651f0f37902ffb665f3ca439bb5b3e306f?s=96&d=mm&r=g","contentUrl":"https:\/\/secure.gravatar.com\/avatar\/c4811d04bd37924073d3b0ce1984d0651f0f37902ffb665f3ca439bb5b3e306f?s=96&d=mm&r=g","caption":"Eva Pettersson"},"url":"https:\/\/www.almega.se\/person\/evapettersson-2\/"}]}},"_links":{"self":[{"href":"https:\/\/www.almega.se\/api\/wp\/v2\/posts\/82475","targetHints":{"allow":["GET"]}}],"collection":[{"href":"https:\/\/www.almega.se\/api\/wp\/v2\/posts"}],"about":[{"href":"https:\/\/www.almega.se\/api\/wp\/v2\/types\/post"}],"author":[{"embeddable":true,"href":"https:\/\/www.almega.se\/api\/wp\/v2\/users\/14836"}],"replies":[{"embeddable":true,"href":"https:\/\/www.almega.se\/api\/wp\/v2\/comments?post=82475"}],"version-history":[{"count":8,"href":"https:\/\/www.almega.se\/api\/wp\/v2\/posts\/82475\/revisions"}],"predecessor-version":[{"id":82483,"href":"https:\/\/www.almega.se\/api\/wp\/v2\/posts\/82475\/revisions\/82483"}],"wp:attachment":[{"href":"https:\/\/www.almega.se\/api\/wp\/v2\/media?parent=82475"}],"wp:term":[{"taxonomy":"category","embeddable":true,"href":"https:\/\/www.almega.se\/api\/wp\/v2\/categories?post=82475"},{"taxonomy":"post_tag","embeddable":true,"href":"https:\/\/www.almega.se\/api\/wp\/v2\/tags?post=82475"},{"taxonomy":"type","embeddable":true,"href":"https:\/\/www.almega.se\/api\/wp\/v2\/article_type?post=82475"},{"taxonomy":"agreement","embeddable":true,"href":"https:\/\/www.almega.se\/api\/wp\/v2\/agreement?post=82475"}],"curies":[{"name":"wp","href":"https:\/\/api.w.org\/{rel}","templated":true}]}}