{"id":82389,"date":"2025-09-10T09:00:00","date_gmt":"2025-09-10T07:00:00","guid":{"rendered":"https:\/\/www.almega.se\/2025\/09\/nytt-kollektivavtal-for-larare-i-friskolor\/"},"modified":"2025-09-10T10:48:06","modified_gmt":"2025-09-10T08:48:06","slug":"nytt-kollektivavtal-for-larare-i-friskolor","status":"publish","type":"post","link":"https:\/\/www.almega.se\/2025\/09\/nytt-kollektivavtal-for-larare-i-friskolor\/","title":{"rendered":"Nytt kollektivavtal f\u00f6r l\u00e4rare i friskolor"},"content":{"rendered":"\n<p class=\"intro\">Almega Utbildning\u00a0har tillsammans med fackf\u00f6rbundet\u00a0Sveriges L\u00e4rare\u00a0tr\u00e4ffat ett nytt kollektivavtal f\u00f6r l\u00e4rare i friskolor. Det nya avtalet\u00a0l\u00f6per p\u00e5 24 m\u00e5nader och har ett avtalsv\u00e4rde p\u00e5 6,4 procent.<\/p>\n<p>\u2013 Vi har efter\u00a0intensiva men konstruktiva\u00a0f\u00f6rhandlingar\u00a0tecknat avtal inom de ramar, det s\u00e5 kallade m\u00e4rket, som arbetsmarknadens parter \u00e4r \u00f6verens om. Det s\u00e4ger Daniel Andersson som \u00e4r f\u00f6rhandlingschef p\u00e5 Almega Utbildning.<\/p>\n<p>Kollektivavtalet ber\u00f6r\u00a0ca.\u00a030 000\u00a0\u00e5rsanst\u00e4llda medarbetare i\u00a0drygt\u00a0800\u00a0f\u00f6retag.<\/p>\n<\/p>\n<p><em>Attraktiva och branschanpassade villkor \u00e4r avg\u00f6rande f\u00f6r tj\u00e4nstesektorns framg\u00e5ng och Almega str\u00e4var alltid efter att skapa de b\u00e4sta f\u00f6ruts\u00e4ttningarna f\u00f6r b\u00e5de arbetsgivare och medarbetare. Under avtalsr\u00f6relsen 2025 tecknar Almega sammanlagt 125 avtal, flest av alla arbetsgivarorganisationer.<\/em><\/p>\n<\/p>\n\n","protected":false},"excerpt":{"rendered":"<p>Almega Utbildning\u00a0har tillsammans med fackf\u00f6rbundet\u00a0Sveriges L\u00e4rare\u00a0tr\u00e4ffat ett nytt kollektivavtal f\u00f6r l\u00e4rare i friskolor. Det nya avtalet\u00a0l\u00f6per p\u00e5 24 m\u00e5nader och har ett avtalsv\u00e4rde p\u00e5 6,4 procent.<\/p>\n","protected":false},"author":3380,"featured_media":82390,"comment_status":"closed","ping_status":"closed","sticky":false,"template":"","format":"standard","meta":{"_acf_changed":false,"footnotes":""},"categories":[636],"tags":[780],"article_type":[93],"agreement":[],"class_list":["post-82389","post","type-post","status-publish","format-standard","has-post-thumbnail","hentry","category-avtalsrorelse","tag-avtalsrorelsen-2025","type-pressmeddelanden"],"acf":[],"yoast_head":"<!-- This site is optimized with the Yoast SEO Premium plugin v26.8 (Yoast SEO v26.8) - https:\/\/yoast.com\/product\/yoast-seo-premium-wordpress\/ -->\n<title>Nytt kollektivavtal f\u00f6r l\u00e4rare i friskolor | Almega<\/title>\n<meta name=\"robots\" content=\"index, follow, max-snippet:-1, max-image-preview:large, max-video-preview:-1\" \/>\n<link rel=\"canonical\" href=\"https:\/\/www.almega.se\/2025\/09\/nytt-kollektivavtal-for-larare-i-friskolor\/\" \/>\n<meta property=\"og:locale\" content=\"sv_SE\" \/>\n<meta property=\"og:type\" content=\"article\" \/>\n<meta property=\"og:title\" content=\"Nytt kollektivavtal f\u00f6r l\u00e4rare i friskolor\" \/>\n<meta property=\"og:description\" content=\"Almega Utbildning\u00a0har tillsammans med fackf\u00f6rbundet\u00a0Sveriges L\u00e4rare\u00a0tr\u00e4ffat ett nytt kollektivavtal f\u00f6r l\u00e4rare i friskolor. Det nya avtalet\u00a0l\u00f6per p\u00e5 24 m\u00e5nader och har ett avtalsv\u00e4rde p\u00e5 6,4 procent.\" \/>\n<meta property=\"og:url\" content=\"https:\/\/www.almega.se\/2025\/09\/nytt-kollektivavtal-for-larare-i-friskolor\/\" \/>\n<meta property=\"og:site_name\" content=\"Almega\" \/>\n<meta property=\"article:published_time\" content=\"2025-09-10T07:00:00+00:00\" \/>\n<meta property=\"article:modified_time\" content=\"2025-09-10T08:48:06+00:00\" \/>\n<meta property=\"og:image\" content=\"https:\/\/www.almega.se\/app\/uploads\/2025\/09\/cd30c0f4-3d0e-4e38-8e91-3faeb313d265-scaled.jpg\" \/>\n\t<meta property=\"og:image:width\" content=\"2560\" \/>\n\t<meta property=\"og:image:height\" content=\"1706\" \/>\n\t<meta property=\"og:image:type\" content=\"image\/jpeg\" \/>\n<meta name=\"author\" content=\"Marianne Ahlgren\" \/>\n<meta name=\"twitter:card\" content=\"summary_large_image\" \/>\n<meta name=\"twitter:label1\" content=\"Skriven av\" \/>\n\t<meta name=\"twitter:data1\" content=\"Marianne Ahlgren\" \/>\n\t<meta name=\"twitter:label2\" content=\"Ber\u00e4knad l\u00e4stid\" \/>\n\t<meta name=\"twitter:data2\" content=\"1 minut\" \/>\n<!-- \/ Yoast SEO Premium plugin. -->","yoast_head_json":{"title":"Nytt kollektivavtal f\u00f6r l\u00e4rare i friskolor | Almega","robots":{"index":"index","follow":"follow","max-snippet":"max-snippet:-1","max-image-preview":"max-image-preview:large","max-video-preview":"max-video-preview:-1"},"canonical":"https:\/\/www.almega.se\/2025\/09\/nytt-kollektivavtal-for-larare-i-friskolor\/","og_locale":"sv_SE","og_type":"article","og_title":"Nytt kollektivavtal f\u00f6r l\u00e4rare i friskolor","og_description":"Almega Utbildning\u00a0har tillsammans med fackf\u00f6rbundet\u00a0Sveriges L\u00e4rare\u00a0tr\u00e4ffat ett nytt kollektivavtal f\u00f6r l\u00e4rare i friskolor. Det nya avtalet\u00a0l\u00f6per p\u00e5 24 m\u00e5nader och har ett avtalsv\u00e4rde p\u00e5 6,4 procent.","og_url":"https:\/\/www.almega.se\/2025\/09\/nytt-kollektivavtal-for-larare-i-friskolor\/","og_site_name":"Almega","article_published_time":"2025-09-10T07:00:00+00:00","article_modified_time":"2025-09-10T08:48:06+00:00","og_image":[{"width":2560,"height":1706,"url":"https:\/\/www.almega.se\/app\/uploads\/2025\/09\/cd30c0f4-3d0e-4e38-8e91-3faeb313d265-scaled.jpg","type":"image\/jpeg"}],"author":"Marianne Ahlgren","twitter_card":"summary_large_image","twitter_misc":{"Skriven av":"Marianne Ahlgren","Ber\u00e4knad l\u00e4stid":"1 minut"},"schema":{"@context":"https:\/\/schema.org","@graph":[{"@type":"NewsArticle","@id":"https:\/\/www.almega.se\/2025\/09\/nytt-kollektivavtal-for-larare-i-friskolor\/#article","isPartOf":{"@id":"https:\/\/www.almega.se\/2025\/09\/nytt-kollektivavtal-for-larare-i-friskolor\/"},"author":{"name":"Marianne Ahlgren","@id":"https:\/\/www.almega.se\/#\/schema\/person\/860599f2ded56005a909a04b92cf7035"},"headline":"Nytt kollektivavtal f\u00f6r l\u00e4rare i friskolor","datePublished":"2025-09-10T07:00:00+00:00","dateModified":"2025-09-10T08:48:06+00:00","mainEntityOfPage":{"@id":"https:\/\/www.almega.se\/2025\/09\/nytt-kollektivavtal-for-larare-i-friskolor\/"},"wordCount":136,"image":{"@id":"https:\/\/www.almega.se\/2025\/09\/nytt-kollektivavtal-for-larare-i-friskolor\/#primaryimage"},"thumbnailUrl":"https:\/\/www.almega.se\/app\/uploads\/2025\/09\/cd30c0f4-3d0e-4e38-8e91-3faeb313d265-scaled.jpg","keywords":["avtalsr\u00f6relsen 2025"],"articleSection":["Avtalsr\u00f6relse"],"inLanguage":"sv-SE"},{"@type":"WebPage","@id":"https:\/\/www.almega.se\/2025\/09\/nytt-kollektivavtal-for-larare-i-friskolor\/","url":"https:\/\/www.almega.se\/2025\/09\/nytt-kollektivavtal-for-larare-i-friskolor\/","name":"Nytt kollektivavtal f\u00f6r l\u00e4rare i friskolor | Almega","isPartOf":{"@id":"https:\/\/www.almega.se\/#website"},"primaryImageOfPage":{"@id":"https:\/\/www.almega.se\/2025\/09\/nytt-kollektivavtal-for-larare-i-friskolor\/#primaryimage"},"image":{"@id":"https:\/\/www.almega.se\/2025\/09\/nytt-kollektivavtal-for-larare-i-friskolor\/#primaryimage"},"thumbnailUrl":"https:\/\/www.almega.se\/app\/uploads\/2025\/09\/cd30c0f4-3d0e-4e38-8e91-3faeb313d265-scaled.jpg","datePublished":"2025-09-10T07:00:00+00:00","dateModified":"2025-09-10T08:48:06+00:00","author":{"@id":"https:\/\/www.almega.se\/#\/schema\/person\/860599f2ded56005a909a04b92cf7035"},"breadcrumb":{"@id":"https:\/\/www.almega.se\/2025\/09\/nytt-kollektivavtal-for-larare-i-friskolor\/#breadcrumb"},"inLanguage":"sv-SE","potentialAction":[{"@type":"ReadAction","target":["https:\/\/www.almega.se\/2025\/09\/nytt-kollektivavtal-for-larare-i-friskolor\/"]}]},{"@type":"ImageObject","inLanguage":"sv-SE","@id":"https:\/\/www.almega.se\/2025\/09\/nytt-kollektivavtal-for-larare-i-friskolor\/#primaryimage","url":"https:\/\/www.almega.se\/app\/uploads\/2025\/09\/cd30c0f4-3d0e-4e38-8e91-3faeb313d265-scaled.jpg","contentUrl":"https:\/\/www.almega.se\/app\/uploads\/2025\/09\/cd30c0f4-3d0e-4e38-8e91-3faeb313d265-scaled.jpg","width":2560,"height":1706},{"@type":"BreadcrumbList","@id":"https:\/\/www.almega.se\/2025\/09\/nytt-kollektivavtal-for-larare-i-friskolor\/#breadcrumb","itemListElement":[{"@type":"ListItem","position":1,"name":"Home","item":"https:\/\/www.almega.se\/"},{"@type":"ListItem","position":2,"name":"Nytt kollektivavtal f\u00f6r l\u00e4rare i friskolor"}]},{"@type":"WebSite","@id":"https:\/\/www.almega.se\/#website","url":"https:\/\/www.almega.se\/","name":"Almega","description":"","potentialAction":[{"@type":"SearchAction","target":{"@type":"EntryPoint","urlTemplate":"https:\/\/www.almega.se\/?s={search_term_string}"},"query-input":{"@type":"PropertyValueSpecification","valueRequired":true,"valueName":"search_term_string"}}],"inLanguage":"sv-SE"},{"@type":"Person","@id":"https:\/\/www.almega.se\/#\/schema\/person\/860599f2ded56005a909a04b92cf7035","name":"Marianne Ahlgren","image":{"@type":"ImageObject","inLanguage":"sv-SE","@id":"https:\/\/www.almega.se\/#\/schema\/person\/image\/","url":"https:\/\/secure.gravatar.com\/avatar\/4c350e8b0dd656a6bbe04785780665ac53c7b373c038b1140ce3ae5e8cb21bef?s=96&d=mm&r=g","contentUrl":"https:\/\/secure.gravatar.com\/avatar\/4c350e8b0dd656a6bbe04785780665ac53c7b373c038b1140ce3ae5e8cb21bef?s=96&d=mm&r=g","caption":"Marianne Ahlgren"},"url":"https:\/\/www.almega.se\/person\/marianneahlgren\/"}]}},"_links":{"self":[{"href":"https:\/\/www.almega.se\/api\/wp\/v2\/posts\/82389","targetHints":{"allow":["GET"]}}],"collection":[{"href":"https:\/\/www.almega.se\/api\/wp\/v2\/posts"}],"about":[{"href":"https:\/\/www.almega.se\/api\/wp\/v2\/types\/post"}],"author":[{"embeddable":true,"href":"https:\/\/www.almega.se\/api\/wp\/v2\/users\/3380"}],"replies":[{"embeddable":true,"href":"https:\/\/www.almega.se\/api\/wp\/v2\/comments?post=82389"}],"version-history":[{"count":1,"href":"https:\/\/www.almega.se\/api\/wp\/v2\/posts\/82389\/revisions"}],"predecessor-version":[{"id":82402,"href":"https:\/\/www.almega.se\/api\/wp\/v2\/posts\/82389\/revisions\/82402"}],"wp:featuredmedia":[{"embeddable":true,"href":"https:\/\/www.almega.se\/api\/wp\/v2\/media\/82390"}],"wp:attachment":[{"href":"https:\/\/www.almega.se\/api\/wp\/v2\/media?parent=82389"}],"wp:term":[{"taxonomy":"category","embeddable":true,"href":"https:\/\/www.almega.se\/api\/wp\/v2\/categories?post=82389"},{"taxonomy":"post_tag","embeddable":true,"href":"https:\/\/www.almega.se\/api\/wp\/v2\/tags?post=82389"},{"taxonomy":"type","embeddable":true,"href":"https:\/\/www.almega.se\/api\/wp\/v2\/article_type?post=82389"},{"taxonomy":"agreement","embeddable":true,"href":"https:\/\/www.almega.se\/api\/wp\/v2\/agreement?post=82389"}],"curies":[{"name":"wp","href":"https:\/\/api.w.org\/{rel}","templated":true}]}}