{"id":82383,"date":"2025-09-10T09:59:42","date_gmt":"2025-09-10T07:59:42","guid":{"rendered":"https:\/\/www.almega.se\/?p=82383"},"modified":"2025-09-10T09:59:43","modified_gmt":"2025-09-10T07:59:43","slug":"debatt-sa-far-hostbudgeten-verkligen-fart-pa-sverige","status":"publish","type":"post","link":"https:\/\/www.almega.se\/2025\/09\/debatt-sa-far-hostbudgeten-verkligen-fart-pa-sverige\/","title":{"rendered":"Debatt: S\u00e5 f\u00e5r h\u00f6stbudgeten verkligen fart p\u00e5 Sverige"},"content":{"rendered":"<p class=\"intro\">Med s\u00e4nkt arbetsgivaravgift skulle h\u00f6stbudgeten verkligen kunna f\u00e5 fart p\u00e5 Sverige. Det skriver Fredrik \u00d6stbom, n\u00e4ringspolitisk chef och Johannes Nathell, n\u00e4ringspolitisk expert p\u00e5 Almega i Upsala Nya Tidning.<\/p>\n\n<p>Kostnaderna f\u00f6r att anst\u00e4lla i Sverige \u00e4r alltj\u00e4mt bland Europas absolut h\u00f6gsta. Det visar en kommande rapport fr\u00e5n Almega. Anledningen \u00e4r inte h\u00f6ga l\u00f6ner utan framf\u00f6r allt v\u00e5ra h\u00f6ga arbetsgivaravgifter. Om regeringen p\u00e5 allvar vill skapa nya jobb och st\u00e4rka Sveriges konkurrenskraft m\u00e5ste de prioritera en s\u00e4nkning av arbetsgivaravgiften i kommande h\u00f6stbudget.<\/p>\n\n\n\n<h3 class=\"wp-block-heading\" id=\"h-sverige-star-infor-en-rad-svara-utmaningar\">Sverige st\u00e5r inf\u00f6r en rad sv\u00e5ra utmaningar<\/h3>\n\n\n\n<p>Nyligen gick finansminister Elisabeth Svantesson ut med att reformutrymmet i kommande h\u00f6stbudget uppg\u00e5r till 80 miljarder kronor \u2013 det h\u00f6gsta p\u00e5 l\u00e4nge. Att regeringen d\u00e4rmed tar h\u00f6jd f\u00f6r reformer f\u00f6r \u00f6kad tillv\u00e4xt och konkurrenskraft \u00e4r ytterst v\u00e4lkommet.<\/p>\n\n\n\n<p>L\u00e4get \u00e4r kritiskt och Sverige st\u00e5r inf\u00f6r en rad sv\u00e5ra utmaningar. Den globala os\u00e4kerheten \u00e4r stor med krig i Europa, handelskonflikt och geopolitiska sp\u00e4nningar. P\u00e5 hemmaplan brottas vi med en utdragen l\u00e5gkonjunktur, rekordh\u00f6g arbetsl\u00f6shet, svag produktivitetsutveckling och l\u00e5g tillv\u00e4xt. I m\u00e5nga avseenden tillh\u00f6r Sverige Europas bottenskikt.<\/p>\n\n\n\n<p>Enligt PwC:s \u00e5rliga Skattebarometer toppar s\u00e4nkta arbetsgivaravgifter alltj\u00e4mt f\u00f6retagens lista \u00f6ver viktiga skattereformer. Varf\u00f6r \u00e4r inte sv\u00e5rt att f\u00f6rst\u00e5; Sveriges h\u00f6ga anst\u00e4llningskostnader h\u00e4mmar f\u00f6retagens m\u00f6jligheter att konkurrera globalt och de f\u00e5r sv\u00e5rare att rekrytera internationell spetskompetens. Dessutom, situationen blir alltmer akut i takt med att kompetensbristen i n\u00e4ringslivet v\u00e4xer och utvecklingen inom AI accelererar.<\/p>\n\n\n\n<h3 class=\"wp-block-heading\" id=\"h-arbetsgivaravgiften-den-storsta-kostnaden\">Arbetsgivaravgiften den st\u00f6rsta kostnaden<\/h3>\n\n\n\n<p>F\u00f6r de privata tj\u00e4nstef\u00f6retagen \u2013 som st\u00e5r f\u00f6r h\u00e4lften av Sveriges BNP och h\u00e4lften av alla jobb \u2013 \u00e4r arbetskraftskostnaderna den i s\u00e4rklass st\u00f6rsta utgiften. Inom vissa delar av tj\u00e4nstesektorn, till exempel sjukv\u00e5rd och omsorg, uppg\u00e5r arbetskraftskostnaderna till \u00f6ver 90 procent av f\u00f6retagens f\u00f6r\u00e4dlingsv\u00e4rde. Detta h\u00e4mmar investeringar, expansion och jobbskapande.<\/p>\n\n\n\n<p>Av Almegas kommande rapport (precis som regeringen v\u00e4ljer vi att pytsa ut i inneh\u00e5llet i omg\u00e5ngar) framg\u00e5r tydligt att Sverige \u00e4r ett av de l\u00e4nder i Europa d\u00e4r det \u00e4r dyrast att anst\u00e4lla. Sverige sticker ut p\u00e5 s\u00e5 s\u00e4tt att v\u00e5ra h\u00f6ga anst\u00e4llningskostnader inte fr\u00e4mst beror p\u00e5 l\u00f6nerna, som exempelvis i Luxemburg eller i v\u00e5ra nordiska grannl\u00e4nder, utan just p\u00e5 de h\u00f6ga arbetsgivaravgifterna. Av 24 europeiska l\u00e4nder som unders\u00f6kts har bara fyra h\u00f6gre arbetsgivaravgifter. Nitton, d\u00e4ribland direkt konkurrerande l\u00e4nder som Finland, Nederl\u00e4nderna och Tyskland, har l\u00e4gre.<\/p>\n\n\n\n<p>Motst\u00e5ndare till s\u00e4nkta arbetsgivaravgifter brukar h\u00e4vda att detta skulle skapa f\u00e5 nya jobb och vara dyrt i f\u00f6rh\u00e5llande till andra skattes\u00e4nkningar. Inte s\u00e4llen h\u00e4nvisas det till en rapport fr\u00e5n IFAU som utv\u00e4rderade s\u00e4nkta arbetsgivaravgifter f\u00f6r unga 2007 och drog slutsatsen att kostnaden per jobb var mycket h\u00f6g.<\/p>\n\n\n\n<blockquote class=\"wp-block-quote is-layout-flow wp-block-quote-is-layout-flow\">\n<p>&#8221;S\u00e4nkta arbetsgivaravgifter skapar fler jobb \u00e4n vad tidigare trott.&#8221;<\/p>\n<\/blockquote>\n\n\n\n<p>Men detta argument h\u00e5ller inte. Nyare forskning visar att IFAU underskattat effekterna p\u00e5 jobben. En studie fr\u00e5n <a href=\"https:\/\/hfi.se\/wp-content\/uploads\/2021\/10\/forskningsoversikt211021final.pdf\">Handelns Forskningsinstitut<\/a>, publicerad i den vetenskapliga tidskriften <em>Labour<\/em>, visar att den s\u00e4nkta arbetsgivaravgiften f\u00f6r unga inte bara ledde till fler nyanst\u00e4llningar, utan ocks\u00e5 till fler arbetade timmar f\u00f6r befintlig personal \u2013 en effekt som IFAU inte beaktade. Slutsatsen \u00e4r tydlig: S\u00e4nkta arbetsgivaravgifter skapar fler jobb \u00e4n vad tidigare trott.<\/p>\n\n\n\n<h3 class=\"wp-block-heading\" id=\"h-stark-sveriges-konkurrenskraft-och-hoj-tillvaxten\">St\u00e4rk Sveriges konkurrenskraft och h\u00f6j tillv\u00e4xten<\/h3>\n\n\n\n<p>Almega har tidigare satt siffror p\u00e5 hur s\u00e4nkta arbetsgivaravgifter skulle kunna r\u00e5da bot p\u00e5 arbetsl\u00f6sheten, men vi tar det igen: En generell s\u00e4nkning p\u00e5 tre procentenheter har potential att skapa n\u00e4rmare 100&nbsp;000 nya jobb, och en slopad allm\u00e4n l\u00f6neavgift f\u00f6r unga n\u00e4stan 20&nbsp;000.<\/p>\n\n\n\n<p>F\u00f6r Svantesson borde allts\u00e5 s\u00e4nkta arbetsgivaravgifter, f\u00f6rslagsvis genom en s\u00e4nkt allm\u00e4n l\u00f6neavgift, vara en sj\u00e4lvklarhet. F\u00f6r maximal effekt beh\u00f6vs en generell s\u00e4nkning, men givet situationen v\u00e4lkomnas \u00e4ven riktade s\u00e4nkningar, till exempel gentemot unga. Nu handlar det om att minska arbetsl\u00f6sheten, st\u00e4rka Sveriges konkurrenskraft och h\u00f6ja tillv\u00e4xten \u2013 Sverige kan inte v\u00e4nta.<\/p>\n\n\n\n<p>Fredrik \u00d6stbom, n\u00e4ringspolitisk chef, Almega<br>Johannes Nathell, n\u00e4ringspolitisk expert, Almega<\/p>\n\n\n\n      <a href=\"https:\/\/www.unt.se\/debatt\/artikel\/i-sverige-ar-det-dyrast-att-anstalla-i-hela-europa\/j8mym2ml\" target=\"_blank\" class=\"Button is-text Button--arrow-tip\">\n      \n        I Sverige \u00e4r det dyrast att anst\u00e4lla \u2013 i hela Europa (UNT) \n      \n      \n                \n                <svg class='icon icon--arrow-tip'  width=\"11\" height=\"16\" viewBox=\"0 0 11 16\" fill=\"none\" xmlns=\"http:\/\/www.w3.org\/2000\/svg\">\n<path d=\"M0.858398 15L9.2304 7.99664L0.967732 1.00001\" stroke=\"black\" stroke-width=\"2\" stroke-miterlimit=\"10\"\/>\n<\/svg>\n\n        \n    <\/a>\n  \n","protected":false},"excerpt":{"rendered":"<p>Kostnaderna f\u00f6r att anst\u00e4lla i Sverige \u00e4r alltj\u00e4mt bland Europas absolut h\u00f6gsta. Det visar en kommande rapport fr\u00e5n Almega. Anledningen \u00e4r inte h\u00f6ga l\u00f6ner utan framf\u00f6r allt v\u00e5ra h\u00f6ga arbetsgivaravgifter. Om regeringen p\u00e5 allvar vill &hellip;<\/p>\n","protected":false},"author":21574,"featured_media":82396,"comment_status":"closed","ping_status":"closed","sticky":false,"template":"","format":"standard","meta":{"_acf_changed":false,"footnotes":""},"categories":[64,57],"tags":[],"article_type":[49],"agreement":[],"class_list":["post-82383","post","type-post","status-publish","format-standard","has-post-thumbnail","hentry","category-arbetsmarknad","category-skatter","type-debattartiklar"],"acf":[],"yoast_head":"<!-- This site is optimized with the Yoast SEO Premium plugin v26.8 (Yoast SEO v26.8) - https:\/\/yoast.com\/product\/yoast-seo-premium-wordpress\/ -->\n<title>Debatt: S\u00e5 f\u00e5r h\u00f6stbudgeten verkligen fart p\u00e5 Sverige | Almega<\/title>\n<meta name=\"robots\" content=\"index, follow, max-snippet:-1, max-image-preview:large, max-video-preview:-1\" \/>\n<link rel=\"canonical\" href=\"https:\/\/www.almega.se\/2025\/09\/debatt-sa-far-hostbudgeten-verkligen-fart-pa-sverige\/\" \/>\n<meta property=\"og:locale\" content=\"sv_SE\" \/>\n<meta property=\"og:type\" content=\"article\" \/>\n<meta property=\"og:title\" content=\"Debatt: S\u00e5 f\u00e5r h\u00f6stbudgeten verkligen fart p\u00e5 Sverige\" \/>\n<meta property=\"og:description\" content=\"Kostnaderna f\u00f6r att anst\u00e4lla i Sverige \u00e4r alltj\u00e4mt bland Europas absolut h\u00f6gsta. Det visar en kommande rapport fr\u00e5n Almega. Anledningen \u00e4r inte h\u00f6ga l\u00f6ner utan framf\u00f6r allt v\u00e5ra h\u00f6ga arbetsgivaravgifter. Om regeringen p\u00e5 allvar vill &hellip;\" \/>\n<meta property=\"og:url\" content=\"https:\/\/www.almega.se\/2025\/09\/debatt-sa-far-hostbudgeten-verkligen-fart-pa-sverige\/\" \/>\n<meta property=\"og:site_name\" content=\"Almega\" \/>\n<meta property=\"article:published_time\" content=\"2025-09-10T07:59:42+00:00\" \/>\n<meta property=\"article:modified_time\" content=\"2025-09-10T07:59:43+00:00\" \/>\n<meta property=\"og:image\" content=\"https:\/\/www.almega.se\/app\/uploads\/2025\/09\/Namnlos-design-8-1180x664.png\" \/>\n\t<meta property=\"og:image:width\" content=\"1180\" \/>\n\t<meta property=\"og:image:height\" content=\"664\" \/>\n\t<meta property=\"og:image:type\" content=\"image\/png\" \/>\n<meta name=\"author\" content=\"Sandra Mildenberger\" \/>\n<meta name=\"twitter:card\" content=\"summary_large_image\" \/>\n<meta name=\"twitter:label1\" content=\"Skriven av\" \/>\n\t<meta name=\"twitter:data1\" content=\"Sandra Mildenberger\" \/>\n\t<meta name=\"twitter:label2\" content=\"Ber\u00e4knad l\u00e4stid\" \/>\n\t<meta name=\"twitter:data2\" content=\"3 minuter\" \/>\n<!-- \/ Yoast SEO Premium plugin. -->","yoast_head_json":{"title":"Debatt: S\u00e5 f\u00e5r h\u00f6stbudgeten verkligen fart p\u00e5 Sverige | Almega","robots":{"index":"index","follow":"follow","max-snippet":"max-snippet:-1","max-image-preview":"max-image-preview:large","max-video-preview":"max-video-preview:-1"},"canonical":"https:\/\/www.almega.se\/2025\/09\/debatt-sa-far-hostbudgeten-verkligen-fart-pa-sverige\/","og_locale":"sv_SE","og_type":"article","og_title":"Debatt: S\u00e5 f\u00e5r h\u00f6stbudgeten verkligen fart p\u00e5 Sverige","og_description":"Kostnaderna f\u00f6r att anst\u00e4lla i Sverige \u00e4r alltj\u00e4mt bland Europas absolut h\u00f6gsta. Det visar en kommande rapport fr\u00e5n Almega. Anledningen \u00e4r inte h\u00f6ga l\u00f6ner utan framf\u00f6r allt v\u00e5ra h\u00f6ga arbetsgivaravgifter. Om regeringen p\u00e5 allvar vill &hellip;","og_url":"https:\/\/www.almega.se\/2025\/09\/debatt-sa-far-hostbudgeten-verkligen-fart-pa-sverige\/","og_site_name":"Almega","article_published_time":"2025-09-10T07:59:42+00:00","article_modified_time":"2025-09-10T07:59:43+00:00","og_image":[{"width":1180,"height":664,"url":"https:\/\/www.almega.se\/app\/uploads\/2025\/09\/Namnlos-design-8-1180x664.png","type":"image\/png"}],"author":"Sandra Mildenberger","twitter_card":"summary_large_image","twitter_misc":{"Skriven av":"Sandra Mildenberger","Ber\u00e4knad l\u00e4stid":"3 minuter"},"schema":{"@context":"https:\/\/schema.org","@graph":[{"@type":"NewsArticle","@id":"https:\/\/www.almega.se\/2025\/09\/debatt-sa-far-hostbudgeten-verkligen-fart-pa-sverige\/#article","isPartOf":{"@id":"https:\/\/www.almega.se\/2025\/09\/debatt-sa-far-hostbudgeten-verkligen-fart-pa-sverige\/"},"author":{"name":"Sandra Mildenberger","@id":"https:\/\/www.almega.se\/#\/schema\/person\/432bf15cd5b8c34477366237d76e0e28"},"headline":"Debatt: S\u00e5 f\u00e5r h\u00f6stbudgeten verkligen fart p\u00e5 Sverige","datePublished":"2025-09-10T07:59:42+00:00","dateModified":"2025-09-10T07:59:43+00:00","mainEntityOfPage":{"@id":"https:\/\/www.almega.se\/2025\/09\/debatt-sa-far-hostbudgeten-verkligen-fart-pa-sverige\/"},"wordCount":717,"image":{"@id":"https:\/\/www.almega.se\/2025\/09\/debatt-sa-far-hostbudgeten-verkligen-fart-pa-sverige\/#primaryimage"},"thumbnailUrl":"https:\/\/www.almega.se\/app\/uploads\/2025\/09\/Namnlos-design-8-scaled.png","articleSection":["Arbetsmarknad","Skatter"],"inLanguage":"sv-SE"},{"@type":"WebPage","@id":"https:\/\/www.almega.se\/2025\/09\/debatt-sa-far-hostbudgeten-verkligen-fart-pa-sverige\/","url":"https:\/\/www.almega.se\/2025\/09\/debatt-sa-far-hostbudgeten-verkligen-fart-pa-sverige\/","name":"Debatt: S\u00e5 f\u00e5r h\u00f6stbudgeten verkligen fart p\u00e5 Sverige | Almega","isPartOf":{"@id":"https:\/\/www.almega.se\/#website"},"primaryImageOfPage":{"@id":"https:\/\/www.almega.se\/2025\/09\/debatt-sa-far-hostbudgeten-verkligen-fart-pa-sverige\/#primaryimage"},"image":{"@id":"https:\/\/www.almega.se\/2025\/09\/debatt-sa-far-hostbudgeten-verkligen-fart-pa-sverige\/#primaryimage"},"thumbnailUrl":"https:\/\/www.almega.se\/app\/uploads\/2025\/09\/Namnlos-design-8-scaled.png","datePublished":"2025-09-10T07:59:42+00:00","dateModified":"2025-09-10T07:59:43+00:00","author":{"@id":"https:\/\/www.almega.se\/#\/schema\/person\/432bf15cd5b8c34477366237d76e0e28"},"breadcrumb":{"@id":"https:\/\/www.almega.se\/2025\/09\/debatt-sa-far-hostbudgeten-verkligen-fart-pa-sverige\/#breadcrumb"},"inLanguage":"sv-SE","potentialAction":[{"@type":"ReadAction","target":["https:\/\/www.almega.se\/2025\/09\/debatt-sa-far-hostbudgeten-verkligen-fart-pa-sverige\/"]}]},{"@type":"ImageObject","inLanguage":"sv-SE","@id":"https:\/\/www.almega.se\/2025\/09\/debatt-sa-far-hostbudgeten-verkligen-fart-pa-sverige\/#primaryimage","url":"https:\/\/www.almega.se\/app\/uploads\/2025\/09\/Namnlos-design-8-scaled.png","contentUrl":"https:\/\/www.almega.se\/app\/uploads\/2025\/09\/Namnlos-design-8-scaled.png","width":2560,"height":1440},{"@type":"BreadcrumbList","@id":"https:\/\/www.almega.se\/2025\/09\/debatt-sa-far-hostbudgeten-verkligen-fart-pa-sverige\/#breadcrumb","itemListElement":[{"@type":"ListItem","position":1,"name":"Home","item":"https:\/\/www.almega.se\/"},{"@type":"ListItem","position":2,"name":"Debatt: S\u00e5 f\u00e5r h\u00f6stbudgeten verkligen fart p\u00e5 Sverige"}]},{"@type":"WebSite","@id":"https:\/\/www.almega.se\/#website","url":"https:\/\/www.almega.se\/","name":"Almega","description":"","potentialAction":[{"@type":"SearchAction","target":{"@type":"EntryPoint","urlTemplate":"https:\/\/www.almega.se\/?s={search_term_string}"},"query-input":{"@type":"PropertyValueSpecification","valueRequired":true,"valueName":"search_term_string"}}],"inLanguage":"sv-SE"},{"@type":"Person","@id":"https:\/\/www.almega.se\/#\/schema\/person\/432bf15cd5b8c34477366237d76e0e28","name":"Sandra Mildenberger","image":{"@type":"ImageObject","inLanguage":"sv-SE","@id":"https:\/\/www.almega.se\/#\/schema\/person\/image\/","url":"https:\/\/secure.gravatar.com\/avatar\/303ee6ef75fa0849b0b85e527659b8bf3457cd9509f76c13628965581b041b41?s=96&d=mm&r=g","contentUrl":"https:\/\/secure.gravatar.com\/avatar\/303ee6ef75fa0849b0b85e527659b8bf3457cd9509f76c13628965581b041b41?s=96&d=mm&r=g","caption":"Sandra Mildenberger"},"url":"https:\/\/www.almega.se\/person\/sandramildenberger\/"}]}},"_links":{"self":[{"href":"https:\/\/www.almega.se\/api\/wp\/v2\/posts\/82383","targetHints":{"allow":["GET"]}}],"collection":[{"href":"https:\/\/www.almega.se\/api\/wp\/v2\/posts"}],"about":[{"href":"https:\/\/www.almega.se\/api\/wp\/v2\/types\/post"}],"author":[{"embeddable":true,"href":"https:\/\/www.almega.se\/api\/wp\/v2\/users\/21574"}],"replies":[{"embeddable":true,"href":"https:\/\/www.almega.se\/api\/wp\/v2\/comments?post=82383"}],"version-history":[{"count":6,"href":"https:\/\/www.almega.se\/api\/wp\/v2\/posts\/82383\/revisions"}],"predecessor-version":[{"id":82398,"href":"https:\/\/www.almega.se\/api\/wp\/v2\/posts\/82383\/revisions\/82398"}],"wp:featuredmedia":[{"embeddable":true,"href":"https:\/\/www.almega.se\/api\/wp\/v2\/media\/82396"}],"wp:attachment":[{"href":"https:\/\/www.almega.se\/api\/wp\/v2\/media?parent=82383"}],"wp:term":[{"taxonomy":"category","embeddable":true,"href":"https:\/\/www.almega.se\/api\/wp\/v2\/categories?post=82383"},{"taxonomy":"post_tag","embeddable":true,"href":"https:\/\/www.almega.se\/api\/wp\/v2\/tags?post=82383"},{"taxonomy":"type","embeddable":true,"href":"https:\/\/www.almega.se\/api\/wp\/v2\/article_type?post=82383"},{"taxonomy":"agreement","embeddable":true,"href":"https:\/\/www.almega.se\/api\/wp\/v2\/agreement?post=82383"}],"curies":[{"name":"wp","href":"https:\/\/api.w.org\/{rel}","templated":true}]}}