{"id":82222,"date":"2025-09-04T13:45:57","date_gmt":"2025-09-04T11:45:57","guid":{"rendered":"https:\/\/www.almega.se\/?p=82222"},"modified":"2025-12-01T11:19:00","modified_gmt":"2025-12-01T10:19:00","slug":"podd-ai-och-juristens-roll-hela-avsnittet-transkriberat","status":"publish","type":"post","link":"https:\/\/www.almega.se\/2025\/09\/podd-ai-och-juristens-roll-hela-avsnittet-transkriberat\/","title":{"rendered":"Podd: AI och juristens roll &#8211; hela avsnittet transkriberat"},"content":{"rendered":"<p class=\"intro\">Juristyrket st\u00e5r inf\u00f6r stora f\u00f6r\u00e4ndringar. Generativ AI \u00e4r redan h\u00e4r \u2013 men hur l\u00e5ngt har jurister egentligen kommit i att anv\u00e4nda AI i vardagen, och vad v\u00e4ntar runt n\u00e4sta h\u00f6rn? Poddavsnittet AI och juristens roll spelades in 21 augusti 2025 av Maria Elinder, utvecklingschef och Mia Fransson, arbetsr\u00e4ttsjurist p\u00e5 Almega. Nedan f\u00f6ljer ett transkript av hela poddavsnittet.<\/p>\n<a class='Share__link Share__link--url copy-text' href='#' rel='nofollow' data-text='hur-manga-jobb-paverkas-av-ai?' title='Dela url' data-confirmation='L\u00e4nken kopierades till urklipp'><svg class='icon icon--link'  width='18' height='18' viewBox='0 0 18 18' fill='none' xmlns='http:\/\/www.w3.org\/2000\/svg'>\n            <path d='M10.4142 0.514721L6.87868 4.05025L8.29289 5.46447L11.1213 2.63604L15.364 6.87868L12.5355 9.70711L13.9497 11.1213L17.4853 7.58579C17.8763 7.19476 17.8763 6.5626 17.4853 6.17158L11.8284 0.514721C11.4374 0.123691 10.8052 0.123691 10.4142 0.514721Z' fill='black'\/>\n            <path d='M9.7071 12.5355L6.87868 15.364L2.63604 11.1213L5.46446 8.2929L4.05025 6.87868L0.514716 10.4142C0.123686 10.8052 0.123686 11.4374 0.514716 11.8284L6.17157 17.4853C6.5626 17.8763 7.19475 17.8763 7.58578 17.4853L11.1213 13.9497L9.7071 12.5355Z' fill='black'\/>\n            <path d='M6.17157 11.8284C6.5626 12.2195 7.19475 12.2195 7.58578 11.8284L11.8284 7.58579C12.2195 7.19476 12.2195 6.56261 11.8284 6.17158C11.4374 5.78055 10.8052 5.78055 10.4142 6.17158L6.17157 10.4142C5.78054 10.8052 5.78054 11.4374 6.17157 11.8284Z' fill='black'\/>\n            <\/svg> <\/a>\n<h2 class=\"wp-block-heading\" id=\"h-hur-manga-jobb-paverkas-av-ai\">Hur m\u00e5nga jobb p\u00e5verkas av AI?<\/h2>\n\n\n\n<p>Varmt v\u00e4lkomna till Almegas podd! Vi hoppas att den h\u00e4r podden ska ge dig snabba insikter och att vi kan bena ut vad som beh\u00f6ver g\u00f6ras i olika arbetsr\u00e4ttsliga fr\u00e5gor s\u00e5 att det blir l\u00e4tt f\u00f6r dig att g\u00f6ra r\u00e4tt.<\/p>\n\n\n\n<p>&#8211; Hej! Nu \u00e4r vi tillbaka igen och idag ska vi prata om AI och specifikt om juristens roll. Jag heter Maria Elinder, \u00e4r utvecklingschef p\u00e5 Almega och med mig idag har jag min vapendragare Mia Fransson. Hej Mia! <\/p>\n\n\n\n<p>&#8211; Ja men hej Maria, och hej alla lyssnare, vad trevligt att vara tillbaka! Mitt namn \u00e4r Mia Fransson och jag jobbar som arbetsr\u00e4ttsjurist och bevakar AI-fr\u00e5gorna h\u00e4r p\u00e5 Almega.<\/p>\n\n\n\n<p>&#8211; Precis, och varf\u00f6r kommer vi in p\u00e5 AI hela tiden Mia? <\/p>\n\n\n\n<p>&#8211; Ja, man kan v\u00e4l s\u00e4ga att vi har ju m\u00e4rkt att tj\u00e4nstesektorn kommer p\u00e5verkas v\u00e4ldigt mycket. S\u00e5 att arbetsuppgifterna, cirka 60-70% av arbetsuppgifterna kommer innan 2030 vara annorlunda p\u00e5 grund av ny teknik och AI. Och det h\u00e4r \u00e4r n\u00e5gonting som v\u00e5r chefsekonom Patrik Joy tog fram i en rapport h\u00e4r i v\u00e5ras.<\/p>\n\n\n\n<p>&#8211; Och det \u00e4r ju inte s\u00e5 att det \u00e4r 60-70% av jobben som f\u00f6rsvinner eller hur? <\/p>\n\n\n\n<p>&#8211; Nej, det \u00e4r ju inte det, utan det \u00e4r mer att det \u00e4r vissa moment i arbetsuppgifterna. Sen kan ju vissa befattningar s\u00e5klart f\u00f6rsvinna, men det kommer ju ocks\u00e5 nya arbetsuppgifter och nya jobb. <\/p>\n\n\n\n<p>&#8211; Precis, vi l\u00e4ste ju en rapport h\u00e4r nu i v\u00e5ras, World Job Report tror jag den hette, och d\u00e4r pratar man ju om att det skulle skapas 197 miljoner nya jobb. Men det skulle ocks\u00e5 f\u00f6rsvinna en del, men plusset var ju, det var ju plus 70 miljoner jobb.<\/p>\n\n\n\n<p>&#8211; Ja, lite ofattbart \u00e4r det ju, det \u00e4r sv\u00e5rt att f\u00f6rst\u00e5. Men det man kan s\u00e4ga utifr\u00e5n det h\u00e4r, det \u00e4r ju att vi m\u00e5ste ju skaffa oss p\u00e5 n\u00e5got s\u00e4tt n\u00e5gon slags beredskap h\u00e4r. <\/p>\n\n\n\n<p>&#8211; Exakt, f\u00f6r vad \u00e4r det som kommer komma? Vilken kompetens \u00e4r det som kommer vara viktig? Vi kanske till och med m\u00e5ste liksom i varje f\u00f6retag beskriva vad det \u00e4r som, hur p\u00e5verkar AI oss?<\/p>\n\n\n\n<p>&#8211; Ja, s\u00e5 att det \u00e4r v\u00e4ldigt viktigt och vi kommer komma tillbaka till det, lite tips h\u00e4r i slutet, hur man ska t\u00e4nka kring det h\u00e4r med beredskap. <\/p>\n\n\n<a class='Share__link Share__link--url copy-text' href='#' rel='nofollow' data-text='juristernas-installning-till-ai' title='Dela url' data-confirmation='L\u00e4nken kopierades till urklipp'><svg class='icon icon--link'  width='18' height='18' viewBox='0 0 18 18' fill='none' xmlns='http:\/\/www.w3.org\/2000\/svg'>\n            <path d='M10.4142 0.514721L6.87868 4.05025L8.29289 5.46447L11.1213 2.63604L15.364 6.87868L12.5355 9.70711L13.9497 11.1213L17.4853 7.58579C17.8763 7.19476 17.8763 6.5626 17.4853 6.17158L11.8284 0.514721C11.4374 0.123691 10.8052 0.123691 10.4142 0.514721Z' fill='black'\/>\n            <path d='M9.7071 12.5355L6.87868 15.364L2.63604 11.1213L5.46446 8.2929L4.05025 6.87868L0.514716 10.4142C0.123686 10.8052 0.123686 11.4374 0.514716 11.8284L6.17157 17.4853C6.5626 17.8763 7.19475 17.8763 7.58578 17.4853L11.1213 13.9497L9.7071 12.5355Z' fill='black'\/>\n            <path d='M6.17157 11.8284C6.5626 12.2195 7.19475 12.2195 7.58578 11.8284L11.8284 7.58579C12.2195 7.19476 12.2195 6.56261 11.8284 6.17158C11.4374 5.78055 10.8052 5.78055 10.4142 6.17158L6.17157 10.4142C5.78054 10.8052 5.78054 11.4374 6.17157 11.8284Z' fill='black'\/>\n            <\/svg> <\/a>\n<h2 class=\"wp-block-heading\" id=\"h-juristernas-installning-till-ai\">Juristernas inst\u00e4llning till AI<\/h2>\n\n\n\n<p>&#8211; Precis, men nu hade vi lite avstamp f\u00f6r att vi t\u00e4nkte just, vi \u00e4r ju juristunga hos oss s\u00e5klart, vi har ju m\u00e5nga arbetsr\u00e4ttsliga jurister hos oss som hj\u00e4lper v\u00e5ra medlemsf\u00f6retag att f\u00f6rhandla och att l\u00f6sa knivig arbetsr\u00e4ttslig r\u00e5dgivning. Men vi har ju ocks\u00e5 m\u00e5nga medlemmar som juristbyr\u00e5er och advokatbyr\u00e5er som \u00e4r tunga p\u00e5 jurister. Och sen vet vi att jurister finns ju \u00f6verallt. M\u00e5nga f\u00f6retag har ju egna jurister som ocks\u00e5 kommer p\u00e5verkas. S\u00e5 vi t\u00e4nkte att vi skulle djupa lite mer i juristens roll idag, och d\u00e5 har vi utg\u00e5tt ifr\u00e5n en ny f\u00e4rsk rapport fr\u00e5n Akavia. Och Akavia \u00e4r ju ett fackf\u00f6rbund som&#8230; Har medlemmar som \u00e4r jurister, ekonomer samh\u00e4llsvetare bland annat. Och de fr\u00e5gar kontinuerligt sina medlemmar om just AI-anv\u00e4ndandet. Och vad har de sett i sina rapporter? <\/p>\n\n\n\n<p>&#8211; Ja, n\u00e5got som var v\u00e4ldigt intressant \u00e4r att man kan se att jurister ligger efter i sj\u00e4lva anv\u00e4ndningen av AI. Att det \u00e4r cirka 20-22 procent d\u00e4r som anv\u00e4nder AI i arbetet och j\u00e4mf\u00f6rt med andra yrkesgrupper som ekonomer och civilingenj\u00f6rer och annat s\u00e5 \u00e4r det ju l\u00e5ngt efter i anv\u00e4ndningen. <\/p>\n\n\n\n<p>&#8211; Ja, och man s\u00e5g ocks\u00e5 en annan sak att juristerna var mer skeptiska. Till det som AI tog fram. Vad beror det p\u00e5 Mia? <\/p>\n\n\n\n<p>&#8211; Ja jag t\u00e4nker att det nog ligger i juristens roll att vara lite ifr\u00e5gas\u00e4ttande och skeptisk och det \u00e4r ju otroligt mycket som ska vara noggrant och korrekt. Men samtidigt s\u00e5 ser man ju att juristerna \u00e4r medvetna om det h\u00e4r f\u00f6r man vill ha utbildning, och kompetensh\u00f6jande \u00e5tg\u00e4rder kring AI. <\/p>\n\n\n\n<p>&#8211; Jag tror att n\u00e4stan 80 procent ville ha utbildning. Men att det var ungef\u00e4r 30 procent av f\u00f6retagen som faktiskt erbj\u00f6d regelr\u00e4tt AI-utbildning. Och vad t\u00e4nker vi om det? Det h\u00e4r \u00e4r ju siffror som vi har sett lite liknande eller hur, tidigare? <\/p>\n\n\n\n<p>&#8211; Ja, det \u00e4r ju s\u00e5 intressant f\u00f6r att n\u00e4r det finns en medvetenhet om att det h\u00e4r kommer p\u00e5verka arbetsuppgifterna s\u00e5 \u00e4r det ju ocks\u00e5 m\u00e5nga jurister i den h\u00e4r unders\u00f6kningen som Akavia gjorde som s\u00e4ger att jag \u00e4r faktiskt beredd att byta jobb om min arbetsgivare inte satsar p\u00e5 AI-fr\u00e5gor strategiskt fram\u00f6ver. Och det b\u00f6r man ju verkligen fundera \u00f6ver. <\/p>\n\n\n\n<p>&#8211; Om det var en viss \u00e5lderskategori, men det var upp till 30%. S\u00e5 det \u00e4r ju r\u00e4tt m\u00e5nga som d\u00e5 funderar \u00f6ver ett jobbbyte om inte f\u00f6retaget helt enkelt tar i fr\u00e5gorna p\u00e5 allvar. S\u00e5 d\u00e4r kan man ju kanske reflektera lite sj\u00e4lv d\u00e5 och fundera p\u00e5 hur ser det ut p\u00e5 arbetsplatsen, och hos mig som arbetsgivare till exempel? Tar vi AI-fr\u00e5gan p\u00e5 allvar, vad har vi f\u00f6r strategi och f\u00f6r t\u00e4nk kring utbildning och annat?<\/p>\n\n\n\n<p>&#8211; Ja, anv\u00e4nder vi n\u00e5gon verktyg? Har vi n\u00e5gon AI-policy? Och d\u00e4r kan vi ju tipsa d\u00e5 f\u00f6r de som inte har kommit ig\u00e5ng att p\u00e5 Arbetsgivarguiden som ju \u00e4r v\u00e5r arbetsr\u00e4ttsliga digitala plattform som v\u00e5ra medlemmar har tillg\u00e5ng till, d\u00e4r har vi ju byggt upp en hel del kunskap om AI, att skriva en AI-policy och vad \u00e4r AI egentligen. Hur ska man jobba med det? S\u00e5 d\u00e4r kan vi ju tipsa att g\u00e5 in och ta lite inspiration. <\/p>\n\n\n\n<p>&#8211; Ja, d\u00e4r har vi mycket bra l\u00e4nkar och vi har ju det h\u00e4r lite mer praktiska men ocks\u00e5 f\u00f6rst\u00e5s AI-f\u00f6rordningen som \u00e4r central. Och v\u00e4ldigt intressant f\u00f6r oss jurister ocks\u00e5 hur AI-f\u00f6rordningens regelverk ser ut. Men om vi d\u00e5 g\u00e5r in p\u00e5 juristens roll d\u00e5, vad \u00e4r det som kommer f\u00f6r\u00e4ndras om vi nu ska ta p\u00e5 n\u00e5got? Vad blir skillnaden i vardagen? <\/p>\n\n\n<a class='Share__link Share__link--url copy-text' href='#' rel='nofollow' data-text='hur-paverkas-instegsjobben?' title='Dela url' data-confirmation='L\u00e4nken kopierades till urklipp'><svg class='icon icon--link'  width='18' height='18' viewBox='0 0 18 18' fill='none' xmlns='http:\/\/www.w3.org\/2000\/svg'>\n            <path d='M10.4142 0.514721L6.87868 4.05025L8.29289 5.46447L11.1213 2.63604L15.364 6.87868L12.5355 9.70711L13.9497 11.1213L17.4853 7.58579C17.8763 7.19476 17.8763 6.5626 17.4853 6.17158L11.8284 0.514721C11.4374 0.123691 10.8052 0.123691 10.4142 0.514721Z' fill='black'\/>\n            <path d='M9.7071 12.5355L6.87868 15.364L2.63604 11.1213L5.46446 8.2929L4.05025 6.87868L0.514716 10.4142C0.123686 10.8052 0.123686 11.4374 0.514716 11.8284L6.17157 17.4853C6.5626 17.8763 7.19475 17.8763 7.58578 17.4853L11.1213 13.9497L9.7071 12.5355Z' fill='black'\/>\n            <path d='M6.17157 11.8284C6.5626 12.2195 7.19475 12.2195 7.58578 11.8284L11.8284 7.58579C12.2195 7.19476 12.2195 6.56261 11.8284 6.17158C11.4374 5.78055 10.8052 5.78055 10.4142 6.17158L6.17157 10.4142C5.78054 10.8052 5.78054 11.4374 6.17157 11.8284Z' fill='black'\/>\n            <\/svg> <\/a>\n<h2 class=\"wp-block-heading\" id=\"h-hur-paverkas-instegsjobben\">Hur p\u00e5verkas instegsjobben?<\/h2>\n\n\n\n<p>&#8211; Ja, det blir nog en ganska stor skillnad med tanke p\u00e5 att mycket automatiseras. Jag t\u00e4nker spontant p\u00e5 att det \u00e4r l\u00e4tt att granska dokument med hj\u00e4lp av AI. Det \u00e4r l\u00e4tt att sammanfatta. Det ocks\u00e5 v\u00e4ldigt l\u00e4tt att hitta bra dokumentation och g\u00f6ra research och annat, s\u00e5 m\u00e5nga det \u00e4r v\u00e4l klassiskt.. <\/p>\n\n\n\n<p>&#8211; Jag t\u00e4nker du n\u00e4r du sitter i domstol man l\u00e4ser ju m\u00e4ngder av material, sammanfattar m\u00e4ngder av material och det \u00e4r praxis och det \u00e4r lagar och det \u00e4r f\u00f6rarbeten eller hur, d\u00e4r m\u00e5ste man ju kunna f\u00e5 v\u00e4ldigt mycket hj\u00e4lp. <\/p>\n\n\n\n<p>&#8211; Det \u00e4r otroligt v\u00e4rdefullt med AI-verktygen f\u00f6r det underl\u00e4ttar att f\u00e5 saker sammanfattade v\u00e4ldigt snabbt, f\u00e5 fina powerpoints och annat. Och sen t\u00e4nker jag att det som vi ser \u00e4r ju att det h\u00e4r kan ju vara arbetsuppgifter som research och annat som yngre och oerfarna jurister gjorde tidigare som instegsjobb, och det \u00e4r ju n\u00e5gonting som kanske d\u00e5 inte beh\u00f6vs l\u00e4ngre eftersom AI ers\u00e4tter de arbetsuppgifterna och dessutom s\u00e5 klienter och andra&#8230; man kommer inte kunna ta betalt f\u00f6r den typen av arbete som g\u00f6rs. <\/p>\n\n\n\n<p>&#8211; Och hur t\u00e4nker vi d\u00e4r d\u00e5? F\u00f6r man kan ju inte ha ett f\u00f6retag som aldrig anst\u00e4ller unga. Eller ja, det kanske man kan. Men det blir ju lite sv\u00e5rt. <\/p>\n\n\n\n<p>&#8211; Ja, f\u00f6r det g\u00e4ller ju att ha en bra tillv\u00e4xt h\u00e4r f\u00f6r att bygga upp kunskap S\u00e5 h\u00e4r m\u00e5ste man ju t\u00e4nka p\u00e5. Jaha, ska man skugga erfarna? Hur ska man g\u00f6ra? Ska det bli mer l\u00e4rlingsprogram? Hur ska man bygga upp det fram\u00e5t f\u00f6r unga jurister? <\/p>\n\n\n\n<p>&#8211; Och jag vet n\u00e4r vi har pratat om det h\u00e4r tidigare ocks\u00e5 att man t\u00e4nker att p\u00e5 m\u00e5nga program p\u00e5 universitetet s\u00e5 tog man ju faktiskt bort praktik. Jag vet, ingenj\u00f6rerna var ju&#8230; d\u00e4r hade man ju praktik som man sen tog bort och den blev frivillig. Men nu kanske vi m\u00e5ste vara d\u00e4r. Man kanske m\u00e5ste ha&#8230; det praktiska insteget kanske m\u00e5ste komma redan i utbildningen. S\u00e5 det finns ju m\u00e5nga s\u00e4tt att se p\u00e5 det h\u00e4r, men som f\u00f6retag s\u00e5 m\u00e5ste man ju verkligen fundera \u00f6ver. Vad ska de h\u00e4r unga g\u00f6ra? Hur l\u00e4r vi upp en ung person? F\u00f6r det vi ocks\u00e5 ser i juristrollen det \u00e4r ju vilka egenskaper och vilka kunskaper \u00e4r det man verkligen&#8230; efterfr\u00e5gar. Och d\u00e5 \u00e4r det ju analytisk f\u00f6rm\u00e5ga, det \u00e4r aff\u00e4rskunskap, det \u00e4r mycket s\u00e5nt som \u00e4r erfarenhetsbaserat och det m\u00e5ste man ju f\u00e5 tillskansa sig. S\u00e5 hur g\u00f6r man d\u00e5 f\u00f6r att g\u00e5 fr\u00e5n junior till senior? Sen har vi ju sett m\u00e5nga unders\u00f6kningar inf\u00f6r sig d\u00e4r man som junior mycket snabbare kan ta sig till en seniorniv\u00e5 med hj\u00e4lp av AI. Men det g\u00e4ller ju att h\u00e4nga med \u00e4ven i huvudet s\u00e5 att s\u00e4ga. <\/p>\n\n\n\n<p>&#8211; Och det \u00e4r nog det som kommer ske. Att man g\u00f6r mer avancerade arbetsuppgifter tidigare kanske. I sin yrkesroll liksom. Och det \u00e4r sp\u00e4nnande, f\u00f6r det \u00e4r klart den analytiska f\u00f6rm\u00e5gan, strategier, det \u00e4r ju s\u00e5nt som kommer vara centralt forts\u00e4ttningsvis. S\u00e5 jag t\u00e4nker att, du brukar alltid beskriva det h\u00e4r T:et ocks\u00e5. Just det. F\u00f6r det \u00e4r viktigt att f\u00f6rst\u00e5. <\/p>\n\n\n\n<p>&#8211; Man ser mycket mer nu \u00e4n tidigare, att det \u00e4r viktigt med djupet, vilket \u00e4r liksom&#8230;pinnen i tet, att en jurist \u00e4r djup, viktigt men att man ocks\u00e5 har bredden och d\u00e5 oftast inom teknik att man kan f\u00f6rst\u00e5 teknik inte att man beh\u00f6ver vara tekniker men att man kan f\u00f6rst\u00e5 den och f\u00f6rst\u00e5 hur den p\u00e5verkar arbetet och det man faktiskt ska se framf\u00f6r sig. S\u00e5 just den h\u00e4r T-formad jurist \u00e4r ett begrepp att ha b\u00e5de bredden och djupet det tror jag ocks\u00e5 kommer bli v\u00e4ldigt viktigt. Och det s\u00e5g man ocks\u00e5 n\u00e4r jag jobbade med utbildningar f\u00f6r X antal \u00e5r sedan att det var m\u00e5nga som hade dubbelutbildningar, d\u00e5 var det mycket ekonomi och juridik eller ekonomi och teknik, men det kanske \u00e4r juridik och teknik nu som man verkligen letar efter. <\/p>\n\n\n\n<p>&#8211; Man kan se att man beh\u00f6ver samarbeta med andra yrkeskategorier och andra yrkesgrupper allt mer, och det g\u00e4ller ju oss alla att saker \u00e4r komplexa men det kr\u00e4vs att vi \u00e4r st\u00f6rre grupper och sammanhang med andra personer. <\/p>\n\n\n\n<p>&#8211; S\u00e5 det man kan se d\u00e5 som p\u00e5verkar juristerna det \u00e4r ju just den klassiska juristinstegsjobben som research och att man tar fram underlag och det kanske inte kommer bli p\u00e5 riktigt samma s\u00e4tt utan det kommer b\u00e5de kunderna kunna ta fram l\u00e4ttare sj\u00e4lva men ocks\u00e5 kommer ju juristbyr\u00e5erna att kunna leverera det f\u00f6r en ganska billig penning automatiskt. S\u00e5 d\u00e4r \u00e4r det en stor skillnad och det beh\u00f6ver vi fundera \u00f6ver. Men sen \u00e4r det ju ocks\u00e5 att man efterfr\u00e5gar mycket teknisk kunskap ocks\u00e5 ut\u00f6ver juridiken. <\/p>\n\n\n<a class='Share__link Share__link--url copy-text' href='#' rel='nofollow' data-text='beredskap-for-paradigmskiftet' title='Dela url' data-confirmation='L\u00e4nken kopierades till urklipp'><svg class='icon icon--link'  width='18' height='18' viewBox='0 0 18 18' fill='none' xmlns='http:\/\/www.w3.org\/2000\/svg'>\n            <path d='M10.4142 0.514721L6.87868 4.05025L8.29289 5.46447L11.1213 2.63604L15.364 6.87868L12.5355 9.70711L13.9497 11.1213L17.4853 7.58579C17.8763 7.19476 17.8763 6.5626 17.4853 6.17158L11.8284 0.514721C11.4374 0.123691 10.8052 0.123691 10.4142 0.514721Z' fill='black'\/>\n            <path d='M9.7071 12.5355L6.87868 15.364L2.63604 11.1213L5.46446 8.2929L4.05025 6.87868L0.514716 10.4142C0.123686 10.8052 0.123686 11.4374 0.514716 11.8284L6.17157 17.4853C6.5626 17.8763 7.19475 17.8763 7.58578 17.4853L11.1213 13.9497L9.7071 12.5355Z' fill='black'\/>\n            <path d='M6.17157 11.8284C6.5626 12.2195 7.19475 12.2195 7.58578 11.8284L11.8284 7.58579C12.2195 7.19476 12.2195 6.56261 11.8284 6.17158C11.4374 5.78055 10.8052 5.78055 10.4142 6.17158L6.17157 10.4142C5.78054 10.8052 5.78054 11.4374 6.17157 11.8284Z' fill='black'\/>\n            <\/svg> <\/a>\n<h2 class=\"wp-block-heading\" id=\"h-beredskap-for-paradigmskiftet\">Beredskap f\u00f6r paradigmskiftet<\/h2>\n\n\n\n<p>&#8211; S\u00e5 vad \u00e4r v\u00e5ra rekommendationer h\u00e4r d\u00e5? <\/p>\n\n\n\n<p>&#8211; Ja men v\u00e5ra rekommendationer.. det finns ju massor att t\u00e4nka p\u00e5. Men det f\u00f6rsta kanske d\u00e5 som VI ser, och det \u00e4r ju inte bara f\u00f6r just byr\u00e5er utan det \u00e4r ju f\u00f6r samtliga v\u00e5ra medlemsf\u00f6retag och alla f\u00f6retag i tj\u00e4nstesektorn.. och det \u00e4r ju att utbilda medarbetarna inom kanske inte bara AI utan digitalisering i stort. Att alla f\u00e5r en grundkunskap, en baskunskap i.. vad kan jag anv\u00e4nda verktygen till? Hur kan jag effektivisera mitt arbete? Kanske f\u00e5 nya tankar? Allts\u00e5, hur kan vi helt enkelt bli b\u00e4ttre med hj\u00e4lp av AI och digitalisering? Det tror jag \u00e4r superviktigt. Sen s\u00e5 pratar vi ju om verksamheten, eller hur? Hur kommer verksamheten se ut p\u00e5 sikt? Vilken kompetens \u00e4r det vi kommer beh\u00f6va? Hur kan man kartl\u00e4gga den h\u00e4r kompetensen som kommer komma till? \u00c4r det nya roller vi beh\u00f6ver? \u00c4r det nya arbetsuppgifter? Och det h\u00e4r \u00e4r ju s\u00e5dana saker som g\u00f6r lite ont. F\u00f6r det \u00e4r alltid l\u00e4ttast att forts\u00e4tta i samma hjulsp\u00e5r. Men det kommer ju kr\u00e4va n\u00e5gonting av oss. Det h\u00e4r paradigmskiftet. <\/p>\n\n\n\n<p>&#8211; Och man ser ju internationellt ocks\u00e5 m\u00e5nga f\u00f6retag som uppskillar sina anst\u00e4llda och \u00e4ven svenska f\u00f6retag naturligtvis men att det \u00e4r mycket p\u00e5 att utbilda i den roll man har och f\u00f6r\u00e4ndra. Men d\u00e5 g\u00e4ller det ju att man vet vart \u00e4r vi p\u00e5 v\u00e4g. <\/p>\n\n\n\n<p>&#8211; Exakt. Och sen en sista grej som vi alltid pratar om. Det \u00e4r ju att vi m\u00e4rker att p\u00e5 vissa f\u00f6retag s\u00e5 kommer fr\u00e5gan knappt upp till ledningsgruppen. Och den h\u00e4r \u00e4r ju s\u00e5 viktig. Allts\u00e5 var \u00e4r vi p\u00e5 v\u00e4g? Vi m\u00e5ste prata om det h\u00e4r hela tiden. Och har man ingen intern kompetens d\u00e5 beh\u00f6ver man skaffa sig det. Och det kan man g\u00f6ra p\u00e5 m\u00e5nga olika s\u00e4tt. Det finns ju m\u00e5nga konsulter d\u00e4r ute eller m\u00e5nga IT-f\u00f6retag som \u00e4r superduktiga p\u00e5 den h\u00e4r fr\u00e5gan. Men kanske bara att str\u00e4cka ut handen till n\u00e5got f\u00f6retag i n\u00e4rheten. Hur jobbar ni med AI? Vad har ni b\u00f6rjat? Vad har ni f\u00f6r verktyg? Hur anv\u00e4nder ni det? Och d\u00e5 har ju vi v\u00e5rt fantastiska AI-forum hos oss, Almegas AI-forum som s\u00e4tter ig\u00e5ng nu, som under ett \u00e5rs tid \u00e4r f\u00f6retag som faktiskt har str\u00e4ckt upp handen och sagt s\u00e5 h\u00e4r; jag vill diskutera AI med andra! Och d\u00e5 har vi f\u00f6retag fr\u00e5n alla Almegas nio f\u00f6rbund, s\u00e5 det \u00e4r ju helt brett Intressen fr\u00e5n alla branscher och d\u00e4r man s\u00e4tter sig i ett rum f\u00e5r inspiration och sen har runda bordsamtal och verkligen diskuterar, byter erfarenheter och kunskaper. Och s\u00e5 kan man ju g\u00f6ra sj\u00e4lv. Man kan ju ta s\u00e5dana initiativ sj\u00e4lv.<\/p>\n\n\n\n<p>&#8211; Ja. Och det d\u00e4r har ju varit s\u00e5 inspirerande att lyssna p\u00e5, och i diskussionen s\u00e5 kommer det upp s\u00e5 mycket fr\u00e5gor. Kanske mer fr\u00e5gor vad man ska st\u00e4lla f\u00f6r fr\u00e5gor hemma. Vad medarbetarna sj\u00e4lva ser till exempel f\u00f6r m\u00f6jligheter att anv\u00e4nda AI-arbetet. Mm. V\u00e4ldigt bra n\u00e4tverk. Ja, men vi kommer v\u00e4l tillbaka ocks\u00e5 lite till v\u00e5r k\u00e4pph\u00e4star som vi alltid n\u00e4mner. Att liksom AI och digitalisering och teknik det \u00e4r ingen teknikfr\u00e5ga. Det \u00e4r en verksamhetsfr\u00e5ga. <\/p>\n\n\n<a class='Share__link Share__link--url copy-text' href='#' rel='nofollow' data-text='nu-da?' title='Dela url' data-confirmation='L\u00e4nken kopierades till urklipp'><svg class='icon icon--link'  width='18' height='18' viewBox='0 0 18 18' fill='none' xmlns='http:\/\/www.w3.org\/2000\/svg'>\n            <path d='M10.4142 0.514721L6.87868 4.05025L8.29289 5.46447L11.1213 2.63604L15.364 6.87868L12.5355 9.70711L13.9497 11.1213L17.4853 7.58579C17.8763 7.19476 17.8763 6.5626 17.4853 6.17158L11.8284 0.514721C11.4374 0.123691 10.8052 0.123691 10.4142 0.514721Z' fill='black'\/>\n            <path d='M9.7071 12.5355L6.87868 15.364L2.63604 11.1213L5.46446 8.2929L4.05025 6.87868L0.514716 10.4142C0.123686 10.8052 0.123686 11.4374 0.514716 11.8284L6.17157 17.4853C6.5626 17.8763 7.19475 17.8763 7.58578 17.4853L11.1213 13.9497L9.7071 12.5355Z' fill='black'\/>\n            <path d='M6.17157 11.8284C6.5626 12.2195 7.19475 12.2195 7.58578 11.8284L11.8284 7.58579C12.2195 7.19476 12.2195 6.56261 11.8284 6.17158C11.4374 5.78055 10.8052 5.78055 10.4142 6.17158L6.17157 10.4142C5.78054 10.8052 5.78054 11.4374 6.17157 11.8284Z' fill='black'\/>\n            <\/svg> <\/a>\n<h2 class=\"wp-block-heading\" id=\"h-nu-da\">Nu d\u00e5?<\/h2>\n\n\n\n<p>&#8211; S\u00e5 l\u00e5t inte fastna p\u00e5 IT-avdelningen om man nu har en s\u00e5n, eller hos den IT-ansvariga. Utan det h\u00e4r \u00e4r en fr\u00e5ga f\u00f6r hela verksamheten f\u00f6r det handlar om utveckling. Och vi b\u00f6rjade ju det h\u00e4r avsnittet.. du b\u00f6rjade med att s\u00e4ga att vi beh\u00f6ver ha en beredskap f\u00f6r det h\u00e4r paradigmskiftet. Och jag h\u00f6rde en s\u00e5 intressant j\u00e4mf\u00f6relse ig\u00e5r n\u00e4r vi hade en diskussion, och det var att vi \u00e4r ju nu i ett ganska kritiskt l\u00e4ge n\u00e4r det g\u00e4ller krig och f\u00f6rsvar. Och d\u00e4r har vi ju valt att rusta upp. Vi satsar v\u00e4ldigt mycket p\u00e5 f\u00f6rsvaret. Vi ser till att hush\u00e5llen \u00e4r beredda n\u00e4r krisen kommer. D\u00e4r kan vi ju s\u00e4ga att vi vet faktiskt inte hundra procent att det kommer bli ett krig eller en kris. Men vi f\u00f6rbereder oss \u00e4nd\u00e5, och det \u00e4r alla med p\u00e5. Det vi d\u00e4remot vet \u00e4r att AI kommer f\u00f6r\u00e4ndra v\u00e5r arbetsmarknad och varenda f\u00f6retag som vi sitter p\u00e5. Men d\u00e4r \u00e4r vi inte lika p\u00e5 bollen. <\/p>\n\n\n\n<p>&#8211; Intressant f\u00f6r det \u00e4r ju b\u00e5de samh\u00e4llet i stort, f\u00f6retagen och individen som m\u00e5ste rustas med ny teknik och AI och vara beredda. F\u00f6r som vi sa, 60-70% av arbetsuppgifterna&#8230; kommer att f\u00f6rsvinna eller f\u00f6r\u00e4ndras. <\/p>\n\n\n\n<p>&#8211; Men det finns ju alla m\u00f6jligheter att ta tag i den h\u00e4r AI-fr\u00e5gan. S\u00e5 vi hoppas att vi har inspirerat lite till att komma ig\u00e5ng, fundera och reflektera. Var st\u00e5r vi i AI-fr\u00e5gan? Vad skulle vi kunna komma ig\u00e5ng med? Vem ska jag prata med f\u00f6r att f\u00e5 inspiration? Och v\u00e4nd dig g\u00e4rna till oss p\u00e5 Almega. B\u00e5de Arbetsgivarguiden eller v\u00e5ra kloka kollegor. F\u00f6r att helt enkelt f\u00e5 inspiration. Och med det s\u00e5 s\u00e4ger vi tack, och p\u00e5 \u00e5terh\u00f6rande! <\/p>\n\n\n\n<p>&#8211; Tack, tack!<\/p>\n\n\n\n      <a href=\"https:\/\/www.almega.se\/2025\/09\/ai-och-juristens-roll\/\" target=\"_blank\" class=\"Button is-text Button--arrow-tip\">\n      \n        Lyssna p\u00e5 poddavsnittet AI och juristens roll\n      \n      \n                \n                <svg class='icon icon--arrow-tip'  width=\"11\" height=\"16\" viewBox=\"0 0 11 16\" fill=\"none\" xmlns=\"http:\/\/www.w3.org\/2000\/svg\">\n<path d=\"M0.858398 15L9.2304 7.99664L0.967732 1.00001\" stroke=\"black\" stroke-width=\"2\" stroke-miterlimit=\"10\"\/>\n<\/svg>\n\n        \n    <\/a>\n  \n","protected":false},"excerpt":{"rendered":"<p>Hur m\u00e5nga jobb p\u00e5verkas av AI? Varmt v\u00e4lkomna till Almegas podd! Vi hoppas att den h\u00e4r podden ska ge dig snabba insikter och att vi kan bena ut vad som beh\u00f6ver g\u00f6ras i olika arbetsr\u00e4ttsliga &hellip;<\/p>\n","protected":false},"author":21574,"featured_media":82132,"comment_status":"closed","ping_status":"closed","sticky":false,"template":"","format":"standard","meta":{"_acf_changed":false,"footnotes":""},"categories":[692],"tags":[],"article_type":[],"agreement":[],"class_list":["post-82222","post","type-post","status-publish","format-standard","has-post-thumbnail","hentry","category-ai"],"acf":[],"yoast_head":"<!-- This site is optimized with the Yoast SEO Premium plugin v26.8 (Yoast SEO v26.8) - https:\/\/yoast.com\/product\/yoast-seo-premium-wordpress\/ -->\n<title>Podd: AI och juristens roll - hela avsnittet transkriberat | Almega<\/title>\n<meta name=\"robots\" content=\"index, follow, max-snippet:-1, max-image-preview:large, max-video-preview:-1\" \/>\n<link rel=\"canonical\" href=\"https:\/\/www.almega.se\/2025\/09\/podd-ai-och-juristens-roll-hela-avsnittet-transkriberat\/\" \/>\n<meta property=\"og:locale\" content=\"sv_SE\" \/>\n<meta property=\"og:type\" content=\"article\" \/>\n<meta property=\"og:title\" content=\"Podd: AI och juristens roll - hela avsnittet transkriberat\" \/>\n<meta property=\"og:description\" content=\"Hur m\u00e5nga jobb p\u00e5verkas av AI? Varmt v\u00e4lkomna till Almegas podd! Vi hoppas att den h\u00e4r podden ska ge dig snabba insikter och att vi kan bena ut vad som beh\u00f6ver g\u00f6ras i olika arbetsr\u00e4ttsliga &hellip;\" \/>\n<meta property=\"og:url\" content=\"https:\/\/www.almega.se\/2025\/09\/podd-ai-och-juristens-roll-hela-avsnittet-transkriberat\/\" \/>\n<meta property=\"og:site_name\" content=\"Almega\" \/>\n<meta property=\"article:published_time\" content=\"2025-09-04T11:45:57+00:00\" \/>\n<meta property=\"article:modified_time\" content=\"2025-12-01T10:19:00+00:00\" \/>\n<meta property=\"og:image\" content=\"https:\/\/www.almega.se\/app\/uploads\/2025\/09\/Avsnitt-23-2-1-1180x664.png\" \/>\n\t<meta property=\"og:image:width\" content=\"1180\" \/>\n\t<meta property=\"og:image:height\" content=\"664\" \/>\n\t<meta property=\"og:image:type\" content=\"image\/png\" \/>\n<meta name=\"author\" content=\"Sandra Mildenberger\" \/>\n<meta name=\"twitter:card\" content=\"summary_large_image\" \/>\n<meta name=\"twitter:label1\" content=\"Skriven av\" \/>\n\t<meta name=\"twitter:data1\" content=\"Sandra Mildenberger\" \/>\n\t<meta name=\"twitter:label2\" content=\"Ber\u00e4knad l\u00e4stid\" \/>\n\t<meta name=\"twitter:data2\" content=\"13 minuter\" \/>\n<!-- \/ Yoast SEO Premium plugin. -->","yoast_head_json":{"title":"Podd: AI och juristens roll - hela avsnittet transkriberat | Almega","robots":{"index":"index","follow":"follow","max-snippet":"max-snippet:-1","max-image-preview":"max-image-preview:large","max-video-preview":"max-video-preview:-1"},"canonical":"https:\/\/www.almega.se\/2025\/09\/podd-ai-och-juristens-roll-hela-avsnittet-transkriberat\/","og_locale":"sv_SE","og_type":"article","og_title":"Podd: AI och juristens roll - hela avsnittet transkriberat","og_description":"Hur m\u00e5nga jobb p\u00e5verkas av AI? Varmt v\u00e4lkomna till Almegas podd! Vi hoppas att den h\u00e4r podden ska ge dig snabba insikter och att vi kan bena ut vad som beh\u00f6ver g\u00f6ras i olika arbetsr\u00e4ttsliga &hellip;","og_url":"https:\/\/www.almega.se\/2025\/09\/podd-ai-och-juristens-roll-hela-avsnittet-transkriberat\/","og_site_name":"Almega","article_published_time":"2025-09-04T11:45:57+00:00","article_modified_time":"2025-12-01T10:19:00+00:00","og_image":[{"width":1180,"height":664,"url":"https:\/\/www.almega.se\/app\/uploads\/2025\/09\/Avsnitt-23-2-1-1180x664.png","type":"image\/png"}],"author":"Sandra Mildenberger","twitter_card":"summary_large_image","twitter_misc":{"Skriven av":"Sandra Mildenberger","Ber\u00e4knad l\u00e4stid":"13 minuter"},"schema":{"@context":"https:\/\/schema.org","@graph":[{"@type":"NewsArticle","@id":"https:\/\/www.almega.se\/2025\/09\/podd-ai-och-juristens-roll-hela-avsnittet-transkriberat\/#article","isPartOf":{"@id":"https:\/\/www.almega.se\/2025\/09\/podd-ai-och-juristens-roll-hela-avsnittet-transkriberat\/"},"author":{"name":"Sandra Mildenberger","@id":"https:\/\/www.almega.se\/#\/schema\/person\/432bf15cd5b8c34477366237d76e0e28"},"headline":"Podd: AI och juristens roll &#8211; hela avsnittet transkriberat","datePublished":"2025-09-04T11:45:57+00:00","dateModified":"2025-12-01T10:19:00+00:00","mainEntityOfPage":{"@id":"https:\/\/www.almega.se\/2025\/09\/podd-ai-och-juristens-roll-hela-avsnittet-transkriberat\/"},"wordCount":3021,"image":{"@id":"https:\/\/www.almega.se\/2025\/09\/podd-ai-och-juristens-roll-hela-avsnittet-transkriberat\/#primaryimage"},"thumbnailUrl":"https:\/\/www.almega.se\/app\/uploads\/2025\/09\/Avsnitt-23-2-1.png","articleSection":["AI"],"inLanguage":"sv-SE"},{"@type":"WebPage","@id":"https:\/\/www.almega.se\/2025\/09\/podd-ai-och-juristens-roll-hela-avsnittet-transkriberat\/","url":"https:\/\/www.almega.se\/2025\/09\/podd-ai-och-juristens-roll-hela-avsnittet-transkriberat\/","name":"Podd: AI och juristens roll - hela avsnittet transkriberat | Almega","isPartOf":{"@id":"https:\/\/www.almega.se\/#website"},"primaryImageOfPage":{"@id":"https:\/\/www.almega.se\/2025\/09\/podd-ai-och-juristens-roll-hela-avsnittet-transkriberat\/#primaryimage"},"image":{"@id":"https:\/\/www.almega.se\/2025\/09\/podd-ai-och-juristens-roll-hela-avsnittet-transkriberat\/#primaryimage"},"thumbnailUrl":"https:\/\/www.almega.se\/app\/uploads\/2025\/09\/Avsnitt-23-2-1.png","datePublished":"2025-09-04T11:45:57+00:00","dateModified":"2025-12-01T10:19:00+00:00","author":{"@id":"https:\/\/www.almega.se\/#\/schema\/person\/432bf15cd5b8c34477366237d76e0e28"},"breadcrumb":{"@id":"https:\/\/www.almega.se\/2025\/09\/podd-ai-och-juristens-roll-hela-avsnittet-transkriberat\/#breadcrumb"},"inLanguage":"sv-SE","potentialAction":[{"@type":"ReadAction","target":["https:\/\/www.almega.se\/2025\/09\/podd-ai-och-juristens-roll-hela-avsnittet-transkriberat\/"]}]},{"@type":"ImageObject","inLanguage":"sv-SE","@id":"https:\/\/www.almega.se\/2025\/09\/podd-ai-och-juristens-roll-hela-avsnittet-transkriberat\/#primaryimage","url":"https:\/\/www.almega.se\/app\/uploads\/2025\/09\/Avsnitt-23-2-1.png","contentUrl":"https:\/\/www.almega.se\/app\/uploads\/2025\/09\/Avsnitt-23-2-1.png","width":1920,"height":1080},{"@type":"BreadcrumbList","@id":"https:\/\/www.almega.se\/2025\/09\/podd-ai-och-juristens-roll-hela-avsnittet-transkriberat\/#breadcrumb","itemListElement":[{"@type":"ListItem","position":1,"name":"Home","item":"https:\/\/www.almega.se\/"},{"@type":"ListItem","position":2,"name":"Podd: AI och juristens roll &#8211; hela avsnittet transkriberat"}]},{"@type":"WebSite","@id":"https:\/\/www.almega.se\/#website","url":"https:\/\/www.almega.se\/","name":"Almega","description":"","potentialAction":[{"@type":"SearchAction","target":{"@type":"EntryPoint","urlTemplate":"https:\/\/www.almega.se\/?s={search_term_string}"},"query-input":{"@type":"PropertyValueSpecification","valueRequired":true,"valueName":"search_term_string"}}],"inLanguage":"sv-SE"},{"@type":"Person","@id":"https:\/\/www.almega.se\/#\/schema\/person\/432bf15cd5b8c34477366237d76e0e28","name":"Sandra Mildenberger","image":{"@type":"ImageObject","inLanguage":"sv-SE","@id":"https:\/\/www.almega.se\/#\/schema\/person\/image\/","url":"https:\/\/secure.gravatar.com\/avatar\/303ee6ef75fa0849b0b85e527659b8bf3457cd9509f76c13628965581b041b41?s=96&d=mm&r=g","contentUrl":"https:\/\/secure.gravatar.com\/avatar\/303ee6ef75fa0849b0b85e527659b8bf3457cd9509f76c13628965581b041b41?s=96&d=mm&r=g","caption":"Sandra Mildenberger"},"url":"https:\/\/www.almega.se\/person\/sandramildenberger\/"}]}},"_links":{"self":[{"href":"https:\/\/www.almega.se\/api\/wp\/v2\/posts\/82222","targetHints":{"allow":["GET"]}}],"collection":[{"href":"https:\/\/www.almega.se\/api\/wp\/v2\/posts"}],"about":[{"href":"https:\/\/www.almega.se\/api\/wp\/v2\/types\/post"}],"author":[{"embeddable":true,"href":"https:\/\/www.almega.se\/api\/wp\/v2\/users\/21574"}],"replies":[{"embeddable":true,"href":"https:\/\/www.almega.se\/api\/wp\/v2\/comments?post=82222"}],"version-history":[{"count":15,"href":"https:\/\/www.almega.se\/api\/wp\/v2\/posts\/82222\/revisions"}],"predecessor-version":[{"id":84454,"href":"https:\/\/www.almega.se\/api\/wp\/v2\/posts\/82222\/revisions\/84454"}],"wp:featuredmedia":[{"embeddable":true,"href":"https:\/\/www.almega.se\/api\/wp\/v2\/media\/82132"}],"wp:attachment":[{"href":"https:\/\/www.almega.se\/api\/wp\/v2\/media?parent=82222"}],"wp:term":[{"taxonomy":"category","embeddable":true,"href":"https:\/\/www.almega.se\/api\/wp\/v2\/categories?post=82222"},{"taxonomy":"post_tag","embeddable":true,"href":"https:\/\/www.almega.se\/api\/wp\/v2\/tags?post=82222"},{"taxonomy":"type","embeddable":true,"href":"https:\/\/www.almega.se\/api\/wp\/v2\/article_type?post=82222"},{"taxonomy":"agreement","embeddable":true,"href":"https:\/\/www.almega.se\/api\/wp\/v2\/agreement?post=82222"}],"curies":[{"name":"wp","href":"https:\/\/api.w.org\/{rel}","templated":true}]}}