{"id":82188,"date":"2025-09-03T14:11:40","date_gmt":"2025-09-03T12:11:40","guid":{"rendered":"https:\/\/www.almega.se\/2025\/09\/nytt-avtal-for-gym-och-friskvardsforetag\/"},"modified":"2025-09-03T14:56:05","modified_gmt":"2025-09-03T12:56:05","slug":"nytt-avtal-for-gym-och-friskvardsforetag","status":"publish","type":"post","link":"https:\/\/www.almega.se\/2025\/09\/nytt-avtal-for-gym-och-friskvardsforetag\/","title":{"rendered":"Nytt avtal f\u00f6r gym och friskv\u00e5rds&shy;f\u00f6retag"},"content":{"rendered":"\n<p class=\"intro\">Almega Tj\u00e4nstef\u00f6retagen \u00e4r \u00f6verens med fackf\u00f6rbunden SRAT och Unionen om ett nytt kollektivavtal p\u00e5 avtalsomr\u00e5det gym- och friskv\u00e5rdsf\u00f6retag.<\/p>\n<p>\u2013 F\u00f6rhandlingarna har varit tuffa men vi har lyckats f\u00e5 till branschanpassade villkor som fungerar f\u00f6r b\u00e5de arbetsgivare och arbetstagare inom de ramar som g\u00e4ller p\u00e5 arbetsmarknaden, s\u00e4ger Veronica de Bourgh, avtalsansvarig f\u00f6r gym och friskv\u00e5rdsf\u00f6retag.<\/p>\n<p>Avtalet har en l\u00e4ngd p\u00e5 24 m\u00e5nader, 1 september 2025 till 31 augusti 2027, och de totala kostnads\u00f6kningarna \u00e4r 6,4 procent.<\/p>\n<p><em>Attraktiva och branschanpassade villkor \u00e4r avg\u00f6rande f\u00f6r tj\u00e4nstesektorns framg\u00e5ng och Almega str\u00e4var alltid efter att skapa de b\u00e4sta f\u00f6ruts\u00e4ttningarna f\u00f6r b\u00e5de arbetsgivare och medarbetare. Under avtalsr\u00f6relsen 2025 tecknar Almega sammanlagt 125 avtal, flest av alla arbetsgivarorganisationer.<\/em><\/p>\n\n","protected":false},"excerpt":{"rendered":"<p>Almega Tj\u00e4nstef\u00f6retagen \u00e4r \u00f6verens med fackf\u00f6rbunden SRAT och Unionen om ett nytt kollektivavtal p\u00e5 avtalsomr\u00e5det gym- och friskv\u00e5rdsf\u00f6retag.<\/p>\n","protected":false},"author":3380,"featured_media":17300,"comment_status":"closed","ping_status":"closed","sticky":false,"template":"","format":"standard","meta":{"_acf_changed":false,"footnotes":""},"categories":[636,1],"tags":[780],"article_type":[93],"agreement":[],"class_list":["post-82188","post","type-post","status-publish","format-standard","has-post-thumbnail","hentry","category-avtalsrorelse","category-okategoriserade","tag-avtalsrorelsen-2025","type-pressmeddelanden"],"acf":[],"yoast_head":"<!-- This site is optimized with the Yoast SEO Premium plugin v26.8 (Yoast SEO v26.8) - https:\/\/yoast.com\/product\/yoast-seo-premium-wordpress\/ -->\n<title>Nytt avtal f\u00f6r gym och friskv\u00e5rdsf\u00f6retag | Almega<\/title>\n<meta name=\"robots\" content=\"index, follow, max-snippet:-1, max-image-preview:large, max-video-preview:-1\" \/>\n<link rel=\"canonical\" href=\"https:\/\/www.almega.se\/2025\/09\/nytt-avtal-for-gym-och-friskvardsforetag\/\" \/>\n<meta property=\"og:locale\" content=\"sv_SE\" \/>\n<meta property=\"og:type\" content=\"article\" \/>\n<meta property=\"og:title\" content=\"Nytt avtal f\u00f6r gym och friskv\u00e5rdsf\u00f6retag\" \/>\n<meta property=\"og:description\" content=\"Almega Tj\u00e4nstef\u00f6retagen \u00e4r \u00f6verens med fackf\u00f6rbunden SRAT och Unionen om ett nytt kollektivavtal p\u00e5 avtalsomr\u00e5det gym- och friskv\u00e5rdsf\u00f6retag.\" \/>\n<meta property=\"og:url\" content=\"https:\/\/www.almega.se\/2025\/09\/nytt-avtal-for-gym-och-friskvardsforetag\/\" \/>\n<meta property=\"og:site_name\" content=\"Almega\" \/>\n<meta property=\"article:published_time\" content=\"2025-09-03T12:11:40+00:00\" \/>\n<meta property=\"article:modified_time\" content=\"2025-09-03T12:56:05+00:00\" \/>\n<meta property=\"og:image\" content=\"https:\/\/www.almega.se\/app\/uploads\/2018\/05\/veronica-de-bourgh.jpg\" \/>\n\t<meta property=\"og:image:width\" content=\"2539\" \/>\n\t<meta property=\"og:image:height\" content=\"2539\" \/>\n\t<meta property=\"og:image:type\" content=\"image\/jpeg\" \/>\n<meta name=\"author\" content=\"Marianne Ahlgren\" \/>\n<meta name=\"twitter:card\" content=\"summary_large_image\" \/>\n<meta name=\"twitter:label1\" content=\"Skriven av\" \/>\n\t<meta name=\"twitter:data1\" content=\"Marianne Ahlgren\" \/>\n\t<meta name=\"twitter:label2\" content=\"Ber\u00e4knad l\u00e4stid\" \/>\n\t<meta name=\"twitter:data2\" content=\"1 minut\" \/>\n<!-- \/ Yoast SEO Premium plugin. -->","yoast_head_json":{"title":"Nytt avtal f\u00f6r gym och friskv\u00e5rdsf\u00f6retag | Almega","robots":{"index":"index","follow":"follow","max-snippet":"max-snippet:-1","max-image-preview":"max-image-preview:large","max-video-preview":"max-video-preview:-1"},"canonical":"https:\/\/www.almega.se\/2025\/09\/nytt-avtal-for-gym-och-friskvardsforetag\/","og_locale":"sv_SE","og_type":"article","og_title":"Nytt avtal f\u00f6r gym och friskv\u00e5rdsf\u00f6retag","og_description":"Almega Tj\u00e4nstef\u00f6retagen \u00e4r \u00f6verens med fackf\u00f6rbunden SRAT och Unionen om ett nytt kollektivavtal p\u00e5 avtalsomr\u00e5det gym- och friskv\u00e5rdsf\u00f6retag.","og_url":"https:\/\/www.almega.se\/2025\/09\/nytt-avtal-for-gym-och-friskvardsforetag\/","og_site_name":"Almega","article_published_time":"2025-09-03T12:11:40+00:00","article_modified_time":"2025-09-03T12:56:05+00:00","og_image":[{"width":2539,"height":2539,"url":"https:\/\/www.almega.se\/app\/uploads\/2018\/05\/veronica-de-bourgh.jpg","type":"image\/jpeg"}],"author":"Marianne Ahlgren","twitter_card":"summary_large_image","twitter_misc":{"Skriven av":"Marianne Ahlgren","Ber\u00e4knad l\u00e4stid":"1 minut"},"schema":{"@context":"https:\/\/schema.org","@graph":[{"@type":"NewsArticle","@id":"https:\/\/www.almega.se\/2025\/09\/nytt-avtal-for-gym-och-friskvardsforetag\/#article","isPartOf":{"@id":"https:\/\/www.almega.se\/2025\/09\/nytt-avtal-for-gym-och-friskvardsforetag\/"},"author":{"name":"Marianne Ahlgren","@id":"https:\/\/www.almega.se\/#\/schema\/person\/860599f2ded56005a909a04b92cf7035"},"headline":"Nytt avtal f\u00f6r gym och friskv\u00e5rds&shy;f\u00f6retag","datePublished":"2025-09-03T12:11:40+00:00","dateModified":"2025-09-03T12:56:05+00:00","mainEntityOfPage":{"@id":"https:\/\/www.almega.se\/2025\/09\/nytt-avtal-for-gym-och-friskvardsforetag\/"},"wordCount":139,"image":{"@id":"https:\/\/www.almega.se\/2025\/09\/nytt-avtal-for-gym-och-friskvardsforetag\/#primaryimage"},"thumbnailUrl":"https:\/\/www.almega.se\/app\/uploads\/2018\/05\/veronica-de-bourgh.jpg","keywords":["avtalsr\u00f6relsen 2025"],"articleSection":["Avtalsr\u00f6relse"],"inLanguage":"sv-SE"},{"@type":"WebPage","@id":"https:\/\/www.almega.se\/2025\/09\/nytt-avtal-for-gym-och-friskvardsforetag\/","url":"https:\/\/www.almega.se\/2025\/09\/nytt-avtal-for-gym-och-friskvardsforetag\/","name":"Nytt avtal f\u00f6r gym och friskv\u00e5rdsf\u00f6retag | Almega","isPartOf":{"@id":"https:\/\/www.almega.se\/#website"},"primaryImageOfPage":{"@id":"https:\/\/www.almega.se\/2025\/09\/nytt-avtal-for-gym-och-friskvardsforetag\/#primaryimage"},"image":{"@id":"https:\/\/www.almega.se\/2025\/09\/nytt-avtal-for-gym-och-friskvardsforetag\/#primaryimage"},"thumbnailUrl":"https:\/\/www.almega.se\/app\/uploads\/2018\/05\/veronica-de-bourgh.jpg","datePublished":"2025-09-03T12:11:40+00:00","dateModified":"2025-09-03T12:56:05+00:00","author":{"@id":"https:\/\/www.almega.se\/#\/schema\/person\/860599f2ded56005a909a04b92cf7035"},"breadcrumb":{"@id":"https:\/\/www.almega.se\/2025\/09\/nytt-avtal-for-gym-och-friskvardsforetag\/#breadcrumb"},"inLanguage":"sv-SE","potentialAction":[{"@type":"ReadAction","target":["https:\/\/www.almega.se\/2025\/09\/nytt-avtal-for-gym-och-friskvardsforetag\/"]}]},{"@type":"ImageObject","inLanguage":"sv-SE","@id":"https:\/\/www.almega.se\/2025\/09\/nytt-avtal-for-gym-och-friskvardsforetag\/#primaryimage","url":"https:\/\/www.almega.se\/app\/uploads\/2018\/05\/veronica-de-bourgh.jpg","contentUrl":"https:\/\/www.almega.se\/app\/uploads\/2018\/05\/veronica-de-bourgh.jpg","width":2539,"height":2539},{"@type":"BreadcrumbList","@id":"https:\/\/www.almega.se\/2025\/09\/nytt-avtal-for-gym-och-friskvardsforetag\/#breadcrumb","itemListElement":[{"@type":"ListItem","position":1,"name":"Home","item":"https:\/\/www.almega.se\/"},{"@type":"ListItem","position":2,"name":"Nytt avtal f\u00f6r gym och friskv\u00e5rds&shy;f\u00f6retag"}]},{"@type":"WebSite","@id":"https:\/\/www.almega.se\/#website","url":"https:\/\/www.almega.se\/","name":"Almega","description":"","potentialAction":[{"@type":"SearchAction","target":{"@type":"EntryPoint","urlTemplate":"https:\/\/www.almega.se\/?s={search_term_string}"},"query-input":{"@type":"PropertyValueSpecification","valueRequired":true,"valueName":"search_term_string"}}],"inLanguage":"sv-SE"},{"@type":"Person","@id":"https:\/\/www.almega.se\/#\/schema\/person\/860599f2ded56005a909a04b92cf7035","name":"Marianne Ahlgren","image":{"@type":"ImageObject","inLanguage":"sv-SE","@id":"https:\/\/www.almega.se\/#\/schema\/person\/image\/","url":"https:\/\/secure.gravatar.com\/avatar\/4c350e8b0dd656a6bbe04785780665ac53c7b373c038b1140ce3ae5e8cb21bef?s=96&d=mm&r=g","contentUrl":"https:\/\/secure.gravatar.com\/avatar\/4c350e8b0dd656a6bbe04785780665ac53c7b373c038b1140ce3ae5e8cb21bef?s=96&d=mm&r=g","caption":"Marianne Ahlgren"},"url":"https:\/\/www.almega.se\/person\/marianneahlgren\/"}]}},"_links":{"self":[{"href":"https:\/\/www.almega.se\/api\/wp\/v2\/posts\/82188","targetHints":{"allow":["GET"]}}],"collection":[{"href":"https:\/\/www.almega.se\/api\/wp\/v2\/posts"}],"about":[{"href":"https:\/\/www.almega.se\/api\/wp\/v2\/types\/post"}],"author":[{"embeddable":true,"href":"https:\/\/www.almega.se\/api\/wp\/v2\/users\/3380"}],"replies":[{"embeddable":true,"href":"https:\/\/www.almega.se\/api\/wp\/v2\/comments?post=82188"}],"version-history":[{"count":1,"href":"https:\/\/www.almega.se\/api\/wp\/v2\/posts\/82188\/revisions"}],"predecessor-version":[{"id":82191,"href":"https:\/\/www.almega.se\/api\/wp\/v2\/posts\/82188\/revisions\/82191"}],"wp:featuredmedia":[{"embeddable":true,"href":"https:\/\/www.almega.se\/api\/wp\/v2\/media\/17300"}],"wp:attachment":[{"href":"https:\/\/www.almega.se\/api\/wp\/v2\/media?parent=82188"}],"wp:term":[{"taxonomy":"category","embeddable":true,"href":"https:\/\/www.almega.se\/api\/wp\/v2\/categories?post=82188"},{"taxonomy":"post_tag","embeddable":true,"href":"https:\/\/www.almega.se\/api\/wp\/v2\/tags?post=82188"},{"taxonomy":"type","embeddable":true,"href":"https:\/\/www.almega.se\/api\/wp\/v2\/article_type?post=82188"},{"taxonomy":"agreement","embeddable":true,"href":"https:\/\/www.almega.se\/api\/wp\/v2\/agreement?post=82188"}],"curies":[{"name":"wp","href":"https:\/\/api.w.org\/{rel}","templated":true}]}}