{"id":82152,"date":"2025-09-01T12:01:46","date_gmt":"2025-09-01T10:01:46","guid":{"rendered":"https:\/\/www.almega.se\/?p=82152"},"modified":"2025-09-01T12:02:37","modified_gmt":"2025-09-01T10:02:37","slug":"debatt-en-tillvaxtpakt-for-sverige-raddar-jobben","status":"publish","type":"post","link":"https:\/\/www.almega.se\/2025\/09\/debatt-en-tillvaxtpakt-for-sverige-raddar-jobben\/","title":{"rendered":"Debatt: En tillv\u00e4xtpakt f\u00f6r Sverige r\u00e4ddar jobben"},"content":{"rendered":"<p class=\"intro\">De mest centrala reformerna f\u00f6r att lyfta ekonomin vore att avskaffa straffbeskattningen av m\u00e4nskligt arbete och kompetensutveckling, skriver M\u00e5rten Blix, fil dr i nationalekonomi och ordf\u00f6rande f\u00f6r Almega FutureTech och Maria M\u00f6ller, f\u00f6rbundsdirekt\u00f6r f\u00f6r Medief\u00f6retagen och arbetsgivarpolitisk chef p\u00e5 Almega i Dagens Industri.<\/p>\n\n<p>&#8221;Kommer AI ta ditt jobb? Kanske. Kommer AI f\u00f6r\u00e4ndra dina arbetsuppgifter? S\u00e4kert. B\u00f6r du vara orolig? Kanske, men det finns goda nyheter tack vare den svenska arbetsmarknadens uppbyggnad.<\/p>\n\n\n\n<p>Intresset, diskussionen och engagemanget kring artificiell intelligens, AI, har fullkomligt exploderat efter Open AI:s lansering av Chat GPT f\u00f6r snart tre \u00e5r sedan. Med all r\u00e4tta. AI kommer p\u00e5verka allt och alla. Och har du ett jobb d\u00e4r du anv\u00e4nder en dator kommer p\u00e5verkan bli p\u00e5taglig. Omvandlingen ber\u00f6r givetvis hela n\u00e4ringslivet, men framf\u00f6r allt den privata tj\u00e4nstesektorn.<\/p>\n\n\n\n<p><strong>Hur ska vi d\u00e5 t\u00e4nka\u00a0<\/strong>och agera n\u00e4r AI f\u00e5r alltmer inflytande? F\u00f6r arbetstagarna och facket blir modellen med kollektivavtal n\u00e5got som skyddar individen, inte jobbet. J\u00e4mf\u00f6rt med de flesta andra l\u00e4nder har Sverige d\u00e4rf\u00f6r ypperliga f\u00f6ruts\u00e4ttningar att klara omst\u00e4llningen fr\u00e5n AI, till l\u00e4gsta m\u00f6jliga sociala kostnad. Men omst\u00e4llningen f\u00f6rsv\u00e5ras av det som alltj\u00e4mt \u00e4r Sveriges samh\u00e4llsekonomiska akillesh\u00e4l \u2013 ett skattesystem uppbyggt f\u00f6r en svunnen tid, innan digitaliseringen fick genomslag. Skattesystemet skapar en brant uppf\u00f6rsbacke f\u00f6r m\u00e4nniskan j\u00e4mf\u00f6rt med arbete utf\u00f6rt av en AI. I klartext, Sveriges h\u00f6ga beskattning av arbete riskerar leda till att f\u00f6r f\u00e5 nya jobb skapas i f\u00f6rh\u00e5llande till de som f\u00f6rsvinner genom teknologiskiftet.&#8221;<\/p>\n\n\n\n<p>Det skriver<strong> Maria M\u00f6ller<\/strong>, arbetsgivarpolitisk chef, Almega och<strong> M\u00e5rten Blix,<\/strong>\u00a0ordf\u00f6rande, Almega FutureTech i en <a href=\"https:\/\/www.di.se\/debatt\/en-tillvaxtpakt-for-sverige-raddar-jobben\/\" target=\"_blank\" rel=\"noreferrer noopener\">debattartikel i Dagens Industri.<\/a><\/p>\n\n\n\n      <a href=\"https:\/\/www.almega.se\/fokus\/futuretech\/\" target=\"\" class=\"Button is-text Button--external-link\">\n      \n        L\u00e4s mer om Almega FutureTech h\u00e4r\n      \n      \n                <svg class='icon icon--external-link'  width=\"16\" height=\"16\" viewBox=\"0 0 16 16\" fill=\"none\" xmlns=\"http:\/\/www.w3.org\/2000\/svg\">\n<path d=\"M9 1H15V7\" stroke=\"black\" stroke-width=\"2\" stroke-miterlimit=\"10\"\/>\n<path d=\"M5 2H1V15H14V11\" stroke=\"black\" stroke-width=\"2\" stroke-miterlimit=\"10\"\/>\n<path d=\"M15 1L6 10\" stroke=\"black\" stroke-width=\"2\" stroke-miterlimit=\"10\"\/>\n<\/svg>\n\n        \n    <\/a>\n  \n\n\n\n      <a href=\"https:\/\/www.almega.se\/2025\/01\/rapport-generativ-ai-i-tjanstesektorn\/\" target=\"_blank\" class=\"Button is-text Button--arrow-tip\">\n      \n        Rapporten om hur AI kommer p\u00e5verka arbetsmarknaden hittar du h\u00e4r\n      \n      \n                \n                <svg class='icon icon--arrow-tip'  width=\"11\" height=\"16\" viewBox=\"0 0 11 16\" fill=\"none\" xmlns=\"http:\/\/www.w3.org\/2000\/svg\">\n<path d=\"M0.858398 15L9.2304 7.99664L0.967732 1.00001\" stroke=\"black\" stroke-width=\"2\" stroke-miterlimit=\"10\"\/>\n<\/svg>\n\n        \n    <\/a>\n  \n\n\n\n<p><\/p>\n","protected":false},"excerpt":{"rendered":"<p>De mest centrala reformerna f\u00f6r att lyfta ekonomin vore att avskaffa straffbeskattningen av m\u00e4nskligt arbete och kompetensutveckling, skriver M\u00e5rten Blix, fil dr i nationalekonomi och ordf\u00f6rande f\u00f6r Almega FutureTech och Maria M\u00f6ller, f\u00f6rbundsdirekt\u00f6r f\u00f6r Medief\u00f6retagen och arbetsgivarpolitisk chef p\u00e5 Almega i Dagens Industri.<\/p>\n","protected":false},"author":16543,"featured_media":77356,"comment_status":"closed","ping_status":"closed","sticky":false,"template":"","format":"standard","meta":{"_acf_changed":false,"footnotes":""},"categories":[603,451,64],"tags":[786,785,76,50],"article_type":[49],"agreement":[],"class_list":["post-82152","post","type-post","status-publish","format-standard","has-post-thumbnail","hentry","category-almega","category-arbetsgivarfragor","category-arbetsmarknad","tag-ai","tag-artificiell-intelligens","tag-kollektivavtal","tag-tjanstesektorns-utveckling","type-debattartiklar"],"acf":[],"yoast_head":"<!-- This site is optimized with the Yoast SEO Premium plugin v26.8 (Yoast SEO v26.8) - https:\/\/yoast.com\/product\/yoast-seo-premium-wordpress\/ -->\n<title>Debatt: En tillv\u00e4xtpakt f\u00f6r Sverige r\u00e4ddar jobben | Almega<\/title>\n<meta name=\"robots\" content=\"index, follow, max-snippet:-1, max-image-preview:large, max-video-preview:-1\" \/>\n<link rel=\"canonical\" href=\"https:\/\/www.almega.se\/2025\/09\/debatt-en-tillvaxtpakt-for-sverige-raddar-jobben\/\" \/>\n<meta property=\"og:locale\" content=\"sv_SE\" \/>\n<meta property=\"og:type\" content=\"article\" \/>\n<meta property=\"og:title\" content=\"Debatt: En tillv\u00e4xtpakt f\u00f6r Sverige r\u00e4ddar jobben\" \/>\n<meta property=\"og:description\" content=\"De mest centrala reformerna f\u00f6r att lyfta ekonomin vore att avskaffa straffbeskattningen av m\u00e4nskligt arbete och kompetensutveckling, skriver M\u00e5rten Blix, fil dr i nationalekonomi och ordf\u00f6rande f\u00f6r Almega FutureTech och Maria M\u00f6ller, f\u00f6rbundsdirekt\u00f6r f\u00f6r Medief\u00f6retagen och arbetsgivarpolitisk chef p\u00e5 Almega i Dagens Industri.\" \/>\n<meta property=\"og:url\" content=\"https:\/\/www.almega.se\/2025\/09\/debatt-en-tillvaxtpakt-for-sverige-raddar-jobben\/\" \/>\n<meta property=\"og:site_name\" content=\"Almega\" \/>\n<meta property=\"article:published_time\" content=\"2025-09-01T10:01:46+00:00\" \/>\n<meta property=\"article:modified_time\" content=\"2025-09-01T10:02:37+00:00\" \/>\n<meta property=\"og:image\" content=\"https:\/\/www.almega.se\/app\/uploads\/2025\/01\/ai_symbol.jpg\" \/>\n\t<meta property=\"og:image:width\" content=\"1280\" \/>\n\t<meta property=\"og:image:height\" content=\"720\" \/>\n\t<meta property=\"og:image:type\" content=\"image\/jpeg\" \/>\n<meta name=\"author\" content=\"R\u00e9ka Tolnai\" \/>\n<meta name=\"twitter:card\" content=\"summary_large_image\" \/>\n<meta name=\"twitter:label1\" content=\"Skriven av\" \/>\n\t<meta name=\"twitter:data1\" content=\"R\u00e9ka Tolnai\" \/>\n\t<meta name=\"twitter:label2\" content=\"Ber\u00e4knad l\u00e4stid\" \/>\n\t<meta name=\"twitter:data2\" content=\"2 minuter\" \/>\n<!-- \/ Yoast SEO Premium plugin. -->","yoast_head_json":{"title":"Debatt: En tillv\u00e4xtpakt f\u00f6r Sverige r\u00e4ddar jobben | Almega","robots":{"index":"index","follow":"follow","max-snippet":"max-snippet:-1","max-image-preview":"max-image-preview:large","max-video-preview":"max-video-preview:-1"},"canonical":"https:\/\/www.almega.se\/2025\/09\/debatt-en-tillvaxtpakt-for-sverige-raddar-jobben\/","og_locale":"sv_SE","og_type":"article","og_title":"Debatt: En tillv\u00e4xtpakt f\u00f6r Sverige r\u00e4ddar jobben","og_description":"De mest centrala reformerna f\u00f6r att lyfta ekonomin vore att avskaffa straffbeskattningen av m\u00e4nskligt arbete och kompetensutveckling, skriver M\u00e5rten Blix, fil dr i nationalekonomi och ordf\u00f6rande f\u00f6r Almega FutureTech och Maria M\u00f6ller, f\u00f6rbundsdirekt\u00f6r f\u00f6r Medief\u00f6retagen och arbetsgivarpolitisk chef p\u00e5 Almega i Dagens Industri.","og_url":"https:\/\/www.almega.se\/2025\/09\/debatt-en-tillvaxtpakt-for-sverige-raddar-jobben\/","og_site_name":"Almega","article_published_time":"2025-09-01T10:01:46+00:00","article_modified_time":"2025-09-01T10:02:37+00:00","og_image":[{"width":1280,"height":720,"url":"https:\/\/www.almega.se\/app\/uploads\/2025\/01\/ai_symbol.jpg","type":"image\/jpeg"}],"author":"R\u00e9ka Tolnai","twitter_card":"summary_large_image","twitter_misc":{"Skriven av":"R\u00e9ka Tolnai","Ber\u00e4knad l\u00e4stid":"2 minuter"},"schema":{"@context":"https:\/\/schema.org","@graph":[{"@type":"NewsArticle","@id":"https:\/\/www.almega.se\/2025\/09\/debatt-en-tillvaxtpakt-for-sverige-raddar-jobben\/#article","isPartOf":{"@id":"https:\/\/www.almega.se\/2025\/09\/debatt-en-tillvaxtpakt-for-sverige-raddar-jobben\/"},"author":{"name":"R\u00e9ka Tolnai","@id":"https:\/\/www.almega.se\/#\/schema\/person\/e54aa110880538cf5ceac0ac54bbecf7"},"headline":"Debatt: En tillv\u00e4xtpakt f\u00f6r Sverige r\u00e4ddar jobben","datePublished":"2025-09-01T10:01:46+00:00","dateModified":"2025-09-01T10:02:37+00:00","mainEntityOfPage":{"@id":"https:\/\/www.almega.se\/2025\/09\/debatt-en-tillvaxtpakt-for-sverige-raddar-jobben\/"},"wordCount":274,"image":{"@id":"https:\/\/www.almega.se\/2025\/09\/debatt-en-tillvaxtpakt-for-sverige-raddar-jobben\/#primaryimage"},"thumbnailUrl":"https:\/\/www.almega.se\/app\/uploads\/2025\/01\/ai_symbol.jpg","keywords":["ai","artificiell intelligens","Kollektivavtal","Tj\u00e4nstesektorns utveckling"],"articleSection":["Almega","Arbetsgivarfr\u00e5gor","Arbetsmarknad"],"inLanguage":"sv-SE"},{"@type":"WebPage","@id":"https:\/\/www.almega.se\/2025\/09\/debatt-en-tillvaxtpakt-for-sverige-raddar-jobben\/","url":"https:\/\/www.almega.se\/2025\/09\/debatt-en-tillvaxtpakt-for-sverige-raddar-jobben\/","name":"Debatt: En tillv\u00e4xtpakt f\u00f6r Sverige r\u00e4ddar jobben | Almega","isPartOf":{"@id":"https:\/\/www.almega.se\/#website"},"primaryImageOfPage":{"@id":"https:\/\/www.almega.se\/2025\/09\/debatt-en-tillvaxtpakt-for-sverige-raddar-jobben\/#primaryimage"},"image":{"@id":"https:\/\/www.almega.se\/2025\/09\/debatt-en-tillvaxtpakt-for-sverige-raddar-jobben\/#primaryimage"},"thumbnailUrl":"https:\/\/www.almega.se\/app\/uploads\/2025\/01\/ai_symbol.jpg","datePublished":"2025-09-01T10:01:46+00:00","dateModified":"2025-09-01T10:02:37+00:00","author":{"@id":"https:\/\/www.almega.se\/#\/schema\/person\/e54aa110880538cf5ceac0ac54bbecf7"},"breadcrumb":{"@id":"https:\/\/www.almega.se\/2025\/09\/debatt-en-tillvaxtpakt-for-sverige-raddar-jobben\/#breadcrumb"},"inLanguage":"sv-SE","potentialAction":[{"@type":"ReadAction","target":["https:\/\/www.almega.se\/2025\/09\/debatt-en-tillvaxtpakt-for-sverige-raddar-jobben\/"]}]},{"@type":"ImageObject","inLanguage":"sv-SE","@id":"https:\/\/www.almega.se\/2025\/09\/debatt-en-tillvaxtpakt-for-sverige-raddar-jobben\/#primaryimage","url":"https:\/\/www.almega.se\/app\/uploads\/2025\/01\/ai_symbol.jpg","contentUrl":"https:\/\/www.almega.se\/app\/uploads\/2025\/01\/ai_symbol.jpg","width":1280,"height":720,"caption":"AI"},{"@type":"BreadcrumbList","@id":"https:\/\/www.almega.se\/2025\/09\/debatt-en-tillvaxtpakt-for-sverige-raddar-jobben\/#breadcrumb","itemListElement":[{"@type":"ListItem","position":1,"name":"Home","item":"https:\/\/www.almega.se\/"},{"@type":"ListItem","position":2,"name":"Debatt: En tillv\u00e4xtpakt f\u00f6r Sverige r\u00e4ddar jobben"}]},{"@type":"WebSite","@id":"https:\/\/www.almega.se\/#website","url":"https:\/\/www.almega.se\/","name":"Almega","description":"","potentialAction":[{"@type":"SearchAction","target":{"@type":"EntryPoint","urlTemplate":"https:\/\/www.almega.se\/?s={search_term_string}"},"query-input":{"@type":"PropertyValueSpecification","valueRequired":true,"valueName":"search_term_string"}}],"inLanguage":"sv-SE"},{"@type":"Person","@id":"https:\/\/www.almega.se\/#\/schema\/person\/e54aa110880538cf5ceac0ac54bbecf7","name":"R\u00e9ka Tolnai","image":{"@type":"ImageObject","inLanguage":"sv-SE","@id":"https:\/\/www.almega.se\/#\/schema\/person\/image\/","url":"https:\/\/secure.gravatar.com\/avatar\/c722d4a4ee787603df9df499a683d681bd2c463bde248da25aabc45883d614d2?s=96&d=mm&r=g","contentUrl":"https:\/\/secure.gravatar.com\/avatar\/c722d4a4ee787603df9df499a683d681bd2c463bde248da25aabc45883d614d2?s=96&d=mm&r=g","caption":"R\u00e9ka Tolnai"},"url":"https:\/\/www.almega.se\/person\/rekatolnai\/"}]}},"_links":{"self":[{"href":"https:\/\/www.almega.se\/api\/wp\/v2\/posts\/82152","targetHints":{"allow":["GET"]}}],"collection":[{"href":"https:\/\/www.almega.se\/api\/wp\/v2\/posts"}],"about":[{"href":"https:\/\/www.almega.se\/api\/wp\/v2\/types\/post"}],"author":[{"embeddable":true,"href":"https:\/\/www.almega.se\/api\/wp\/v2\/users\/16543"}],"replies":[{"embeddable":true,"href":"https:\/\/www.almega.se\/api\/wp\/v2\/comments?post=82152"}],"version-history":[{"count":3,"href":"https:\/\/www.almega.se\/api\/wp\/v2\/posts\/82152\/revisions"}],"predecessor-version":[{"id":82155,"href":"https:\/\/www.almega.se\/api\/wp\/v2\/posts\/82152\/revisions\/82155"}],"wp:featuredmedia":[{"embeddable":true,"href":"https:\/\/www.almega.se\/api\/wp\/v2\/media\/77356"}],"wp:attachment":[{"href":"https:\/\/www.almega.se\/api\/wp\/v2\/media?parent=82152"}],"wp:term":[{"taxonomy":"category","embeddable":true,"href":"https:\/\/www.almega.se\/api\/wp\/v2\/categories?post=82152"},{"taxonomy":"post_tag","embeddable":true,"href":"https:\/\/www.almega.se\/api\/wp\/v2\/tags?post=82152"},{"taxonomy":"type","embeddable":true,"href":"https:\/\/www.almega.se\/api\/wp\/v2\/article_type?post=82152"},{"taxonomy":"agreement","embeddable":true,"href":"https:\/\/www.almega.se\/api\/wp\/v2\/agreement?post=82152"}],"curies":[{"name":"wp","href":"https:\/\/api.w.org\/{rel}","templated":true}]}}