{"id":81827,"date":"2025-08-01T09:46:26","date_gmt":"2025-08-01T07:46:26","guid":{"rendered":"https:\/\/www.almega.se\/?p=81827"},"modified":"2025-08-01T09:52:31","modified_gmt":"2025-08-01T07:52:31","slug":"det-behovs-en-jobbpolitik-som-starker-manniskors-vilja-att-arbeta","status":"publish","type":"post","link":"https:\/\/www.almega.se\/2025\/08\/det-behovs-en-jobbpolitik-som-starker-manniskors-vilja-att-arbeta\/","title":{"rendered":"&#8221;Det beh\u00f6vs en jobbpolitik som st\u00e4rker m\u00e4nniskors vilja att arbeta&#8221;"},"content":{"rendered":"<p class=\"intro\">&#8221;Om regeringen vill bryta utanf\u00f6rskapet och att fler ska f\u00e5 ett jobb att leva p\u00e5, m\u00e5ste tj\u00e4nstesektorn f\u00e5 b\u00e4ttre f\u00f6ruts\u00e4ttningar att skapa fler jobb&#8221; skriver Jonas Jegers, n\u00e4ringspolitisk expert, och Fredrik \u00d6stbom, n\u00e4ringspolitisk chef p\u00e5 Almega, i ett debattinl\u00e4gg i <a href=\"https:\/\/www.sydsvenskan.se\/2025-07-31\/det-racker-inte-att-ha-ett-jobb-man-behover-kunna-forsorja-sig\/\">Sydsvenskan<\/a>.<\/p>\n\n<p>H\u00f6g arbetsl\u00f6shet och socialt utanf\u00f6rskap \u00e4r Sveriges st\u00f6rsta samh\u00e4llsproblem. Situationen \u00e4r sv\u00e5rast i s\u00e4rskilt utsatta omr\u00e5den runt storst\u00e4derna. Bland dessa finns Nydala, Hermodsdal, Lind\u00e4ngen och Roseng\u00e5rd i Malm\u00f6.<\/p>\n\n\n\n<p>Att ha ett jobb \u00e4r den viktigaste faktorn f\u00f6r att bryta utanf\u00f6rskap.<\/p>\n\n\n\n<p>Almega har f\u00f6r femte g\u00e5ngen unders\u00f6kt hur m\u00e5nga som arbetar bland dem som bor i Sveriges s\u00e4rskilt utsatta omr\u00e5den. Rapporten \u201d<a href=\"https:\/\/www.almega.se\/2024\/05\/ny-rapport-jobben-som-bryter-arbetslosheten-i-sarskilt-utsatta-omraden\/#:~:text=Almegas%20nya%20rapport%20%E2%80%9DJobben%20som%20bryter%20arbetsl%C3%B6sheten%20i,som%20beh%C3%B6vs%20f%C3%B6r%20att%20st%C3%A4rka%20drivkrafterna%20till%20arbete.\">Jobben som bryter arbetsl\u00f6sheten i s\u00e4rskilt utsatta omr\u00e5den<\/a>\u201d bygger p\u00e5 statistik fr\u00e5n officiella register, fr\u00e4mst fr\u00e5n Statistiska centralbyr\u00e5n (SCB) och Arbetsf\u00f6rmedlingen fr\u00e5n 2023.<\/p>\n\n\n\n<p>N\u00e4r det g\u00e4ller Malm\u00f6 visar rapporten gl\u00e4djande nog att fler \u00e4n tidigare arbetar i stadens utsatta omr\u00e5den. Bland m\u00e4nnen arbetade 62 procent, vilket \u00e4r en liten \u00f6kning fr\u00e5n f\u00f6reg\u00e5ende \u00e5r och en \u00f6kning med \u00f6ver 14 procentenheter sedan 2017. Bland kvinnorna har en liten \u00f6kning fr\u00e5n f\u00f6reg\u00e5ende \u00e5r skett \u2013 51 procent \u00e4r sysselsatta \u2013 men sedan 2017 ligger \u00f6kningen p\u00e5 \u00f6ver 10 procentenheter.<\/p>\n\n\n\n<p>Bland de m\u00e4n som r\u00e4knas som nyanl\u00e4nda till Sverige har utvecklingen varit \u00e4nnu b\u00e4ttre: 66 procent har ett jobb. Det \u00e4r en \u00f6kning med n\u00e4ra 19 procentenheter sedan 2017. \u00d6kningen bland nyanl\u00e4nda kvinnor \u00e4r inte lika stor.<\/p>\n\n\n\n<blockquote class=\"wp-block-quote is-layout-flow wp-block-quote-is-layout-flow\">\n<p>&#8221;R\u00e4cker inte att ha ett jobb \u2013 man beh\u00f6ver ocks\u00e5 kunna f\u00f6rs\u00f6rja sig&#8221;<\/p>\n<\/blockquote>\n\n\n\n<p>Men f\u00f6r att k\u00e4nna sig delaktig och kunna bidra till samh\u00e4llet r\u00e4cker det inte att ha ett jobb \u2013 man beh\u00f6ver ocks\u00e5 kunna f\u00f6rs\u00f6rja sig sj\u00e4lv.<\/p>\n\n\n\n<p>Ny statistik fr\u00e5n SCB visar att allt fler i landets s\u00e4rskilt utsatta omr\u00e5den inte bara \u00e4r sysselsatta utan \u00e4ven sj\u00e4lvf\u00f6rs\u00f6rjande. I Malm\u00f6s s\u00e4rskilt utsatta omr\u00e5den var 47,6 procent av m\u00e4nnen och 36,3 procent av kvinnorna sj\u00e4lvf\u00f6rs\u00f6rjande 2023. Det \u00e4r en \u00f6kning med \u00f6ver 16 procentenheter f\u00f6r m\u00e4n och drygt 11 procentenheter f\u00f6r kvinnor sedan 2013. Trots den positiva utvecklingen \u00e4r andelen som inte kan f\u00f6rs\u00f6rja sig p\u00e5 sitt arbete dubbelt s\u00e5 h\u00f6g som i riket i \u00f6vrigt.<\/p>\n\n\n<a class='Share__link Share__link--url copy-text' href='#' rel='nofollow' data-text='ratt-kompetens-utmaning' title='Dela url' data-confirmation='L\u00e4nken kopierades till urklipp'><svg class='icon icon--link'  width='18' height='18' viewBox='0 0 18 18' fill='none' xmlns='http:\/\/www.w3.org\/2000\/svg'>\n            <path d='M10.4142 0.514721L6.87868 4.05025L8.29289 5.46447L11.1213 2.63604L15.364 6.87868L12.5355 9.70711L13.9497 11.1213L17.4853 7.58579C17.8763 7.19476 17.8763 6.5626 17.4853 6.17158L11.8284 0.514721C11.4374 0.123691 10.8052 0.123691 10.4142 0.514721Z' fill='black'\/>\n            <path d='M9.7071 12.5355L6.87868 15.364L2.63604 11.1213L5.46446 8.2929L4.05025 6.87868L0.514716 10.4142C0.123686 10.8052 0.123686 11.4374 0.514716 11.8284L6.17157 17.4853C6.5626 17.8763 7.19475 17.8763 7.58578 17.4853L11.1213 13.9497L9.7071 12.5355Z' fill='black'\/>\n            <path d='M6.17157 11.8284C6.5626 12.2195 7.19475 12.2195 7.58578 11.8284L11.8284 7.58579C12.2195 7.19476 12.2195 6.56261 11.8284 6.17158C11.4374 5.78055 10.8052 5.78055 10.4142 6.17158L6.17157 10.4142C5.78054 10.8052 5.78054 11.4374 6.17157 11.8284Z' fill='black'\/>\n            <\/svg> <\/a>\n<h2 class=\"wp-block-heading\" id=\"h-ratt-kompetens-utmaning\">R\u00e4tt kompetens utmaning<\/h2>\n\n\n\n<p>De flesta som bor i utsatta omr\u00e5den f\u00e5r sitt f\u00f6rsta jobb inom tj\u00e4nstesektorn. Det vanligaste jobbet bland b\u00e5de m\u00e4n och kvinnor i s\u00e5dana omr\u00e5den \u00e4r st\u00e4dare. Ett deltidsjobb kan vara f\u00f6rsta steget in p\u00e5 arbetsmarknaden. Det r\u00e4cker kanske inte f\u00f6r att f\u00f6rs\u00f6rja sig, men kan leda vidare till heltidsjobb.<\/p>\n\n\n\n<p>F\u00f6r att den goda utvecklingen i de utsatta omr\u00e5dena ska forts\u00e4tta m\u00e5ste fler m\u00e4nniskor f\u00e5 hj\u00e4lp att hitta sitt f\u00f6rsta jobb och m\u00f6jlighet att g\u00e5 upp i arbetstid.<\/p>\n\n\n\n<p>Tj\u00e4nstef\u00f6retagens st\u00f6rsta utmaning \u00e4r att hitta nya medarbetare med r\u00e4tt kompetens. Det g\u00e4ller b\u00e5de jobb med h\u00f6ga krav p\u00e5 utbildning och kvalifikationer och jobb d\u00e4r det r\u00e4cker med en gymnasieutbildning eller en kortare introduktionsutbildning.<\/p>\n\n\n\n<p>Trots en positiv utveckling \u00e4r arbetsl\u00f6sheten betydligt h\u00f6gre i s\u00e4rskilt utsatta omr\u00e5den \u00e4n i riket i genomsnitt. Det beh\u00f6vs en jobbpolitik som st\u00e4rker m\u00e4nniskors vilja att arbeta.<\/p>\n\n\n\n<p>Sverige kan inte v\u00e4nta p\u00e5 nya reformer som b\u00e5de g\u00f6r det l\u00e4ttare f\u00f6r arbetsgivare att hitta medarbetare med r\u00e4tt kompetens och som f\u00f6rb\u00e4ttrar integrationen.<\/p>\n\n\n<a class='Share__link Share__link--url copy-text' href='#' rel='nofollow' data-text='fyra-skarpa-forslag' title='Dela url' data-confirmation='L\u00e4nken kopierades till urklipp'><svg class='icon icon--link'  width='18' height='18' viewBox='0 0 18 18' fill='none' xmlns='http:\/\/www.w3.org\/2000\/svg'>\n            <path d='M10.4142 0.514721L6.87868 4.05025L8.29289 5.46447L11.1213 2.63604L15.364 6.87868L12.5355 9.70711L13.9497 11.1213L17.4853 7.58579C17.8763 7.19476 17.8763 6.5626 17.4853 6.17158L11.8284 0.514721C11.4374 0.123691 10.8052 0.123691 10.4142 0.514721Z' fill='black'\/>\n            <path d='M9.7071 12.5355L6.87868 15.364L2.63604 11.1213L5.46446 8.2929L4.05025 6.87868L0.514716 10.4142C0.123686 10.8052 0.123686 11.4374 0.514716 11.8284L6.17157 17.4853C6.5626 17.8763 7.19475 17.8763 7.58578 17.4853L11.1213 13.9497L9.7071 12.5355Z' fill='black'\/>\n            <path d='M6.17157 11.8284C6.5626 12.2195 7.19475 12.2195 7.58578 11.8284L11.8284 7.58579C12.2195 7.19476 12.2195 6.56261 11.8284 6.17158C11.4374 5.78055 10.8052 5.78055 10.4142 6.17158L6.17157 10.4142C5.78054 10.8052 5.78054 11.4374 6.17157 11.8284Z' fill='black'\/>\n            <\/svg> <\/a>\n<h2 class=\"wp-block-heading\" id=\"h-fyra-skarpa-forslag\">Fyra skarpa f\u00f6rslag<\/h2>\n\n\n\n<p>D\u00e4rf\u00f6r har Almega fyra skarpa f\u00f6rslag till regeringen och riksdagen:<\/p>\n\n\n\n<ul class=\"wp-block-list\">\n<li>Ut\u00f6ka insatser som fungerar \u2013 som matchningstj\u00e4nsten \u201dRusta och matcha\u201d \u2013 och satsa p\u00e5 fler arbetsmarknadsutbildningar inom bristyrken.<\/li>\n\n\n\n<li>Sk\u00e4rp aktivitetskraven i bidragssystemen \u2013 den som f\u00e5r bidrag m\u00e5ste s\u00f6ka arbete och ta erbjudna jobb.<\/li>\n\n\n\n<li>F\u00f6rst\u00e4rk de ekonomiska drivkrafterna till arbete \u2013 till exempel genom ett riktat jobbskatteavdrag f\u00f6r l\u00e5ginkomsttagare.<\/li>\n\n\n\n<li>S\u00e4nk arbetsgivaravgifterna \u2013 en s\u00e4nkning av den allm\u00e4nna l\u00f6neavgiften med tre procentenheter skulle skapa n\u00e4rmare 100 000 nya jobb.<\/li>\n<\/ul>\n\n\n\n<p>Att g\u00e5 till ett arbete kan vara skillnaden mellan utanf\u00f6rskap och integration. Om regeringen vill bryta utanf\u00f6rskapet och att fler ska f\u00e5 ett jobb att leva p\u00e5, m\u00e5ste tj\u00e4nstesektorn f\u00e5 b\u00e4ttre f\u00f6ruts\u00e4ttningar att skapa fler jobb. Det finns ingen anledning att dr\u00f6ja. Sverige kan inte v\u00e4nta.<\/p>\n\n\n\n      <a href=\"https:\/\/www.sydsvenskan.se\/2025-07-31\/det-racker-inte-att-ha-ett-jobb-man-behover-kunna-forsorja-sig\/\" target=\"\" class=\"Button is-text Button--external-link\">\n      \n        L\u00e4s debattinl\u00e4gget hos Sydsvenskan\n      \n      \n                <svg class='icon icon--external-link'  width=\"16\" height=\"16\" viewBox=\"0 0 16 16\" fill=\"none\" xmlns=\"http:\/\/www.w3.org\/2000\/svg\">\n<path d=\"M9 1H15V7\" stroke=\"black\" stroke-width=\"2\" stroke-miterlimit=\"10\"\/>\n<path d=\"M5 2H1V15H14V11\" stroke=\"black\" stroke-width=\"2\" stroke-miterlimit=\"10\"\/>\n<path d=\"M15 1L6 10\" stroke=\"black\" stroke-width=\"2\" stroke-miterlimit=\"10\"\/>\n<\/svg>\n\n        \n    <\/a>\n  \n","protected":false},"excerpt":{"rendered":"<p>H\u00f6g arbetsl\u00f6shet och socialt utanf\u00f6rskap \u00e4r Sveriges st\u00f6rsta samh\u00e4llsproblem. Situationen \u00e4r sv\u00e5rast i s\u00e4rskilt utsatta omr\u00e5den runt storst\u00e4derna. Bland dessa finns Nydala, Hermodsdal, Lind\u00e4ngen och Roseng\u00e5rd i Malm\u00f6. Att ha ett jobb \u00e4r den viktigaste &hellip;<\/p>\n","protected":false},"author":14531,"featured_media":81828,"comment_status":"closed","ping_status":"closed","sticky":false,"template":"","format":"standard","meta":{"_acf_changed":false,"footnotes":""},"categories":[64,419],"tags":[],"article_type":[49],"agreement":[],"class_list":["post-81827","post","type-post","status-publish","format-standard","has-post-thumbnail","hentry","category-arbetsmarknad","category-kompetensforsorjning","type-debattartiklar"],"acf":[],"yoast_head":"<!-- This site is optimized with the Yoast SEO Premium plugin v26.8 (Yoast SEO v26.8) - https:\/\/yoast.com\/product\/yoast-seo-premium-wordpress\/ -->\n<title>&quot;Det beh\u00f6vs en jobbpolitik som st\u00e4rker m\u00e4nniskors vilja att arbeta&quot; | Almega<\/title>\n<meta name=\"robots\" content=\"index, follow, max-snippet:-1, max-image-preview:large, max-video-preview:-1\" \/>\n<link rel=\"canonical\" href=\"https:\/\/www.almega.se\/2025\/08\/det-behovs-en-jobbpolitik-som-starker-manniskors-vilja-att-arbeta\/\" \/>\n<meta property=\"og:locale\" content=\"sv_SE\" \/>\n<meta property=\"og:type\" content=\"article\" \/>\n<meta property=\"og:title\" content=\"&quot;Det beh\u00f6vs en jobbpolitik som st\u00e4rker m\u00e4nniskors vilja att arbeta&quot;\" \/>\n<meta property=\"og:description\" content=\"H\u00f6g arbetsl\u00f6shet och socialt utanf\u00f6rskap \u00e4r Sveriges st\u00f6rsta samh\u00e4llsproblem. Situationen \u00e4r sv\u00e5rast i s\u00e4rskilt utsatta omr\u00e5den runt storst\u00e4derna. Bland dessa finns Nydala, Hermodsdal, Lind\u00e4ngen och Roseng\u00e5rd i Malm\u00f6. Att ha ett jobb \u00e4r den viktigaste &hellip;\" \/>\n<meta property=\"og:url\" content=\"https:\/\/www.almega.se\/2025\/08\/det-behovs-en-jobbpolitik-som-starker-manniskors-vilja-att-arbeta\/\" \/>\n<meta property=\"og:site_name\" content=\"Almega\" \/>\n<meta property=\"article:published_time\" content=\"2025-08-01T07:46:26+00:00\" \/>\n<meta property=\"article:modified_time\" content=\"2025-08-01T07:52:31+00:00\" \/>\n<meta property=\"og:image\" content=\"https:\/\/www.almega.se\/app\/uploads\/2025\/08\/Ostbom-Jegers-debatt-e1754034433473.jpg\" \/>\n\t<meta property=\"og:image:width\" content=\"1152\" \/>\n\t<meta property=\"og:image:height\" content=\"618\" \/>\n\t<meta property=\"og:image:type\" content=\"image\/jpeg\" \/>\n<meta name=\"author\" content=\"Karin Nyg\u00e5rd\" \/>\n<meta name=\"twitter:card\" content=\"summary_large_image\" \/>\n<meta name=\"twitter:label1\" content=\"Skriven av\" \/>\n\t<meta name=\"twitter:data1\" content=\"Karin Nyg\u00e5rd\" \/>\n\t<meta name=\"twitter:label2\" content=\"Ber\u00e4knad l\u00e4stid\" \/>\n\t<meta name=\"twitter:data2\" content=\"4 minuter\" \/>\n<!-- \/ Yoast SEO Premium plugin. -->","yoast_head_json":{"title":"\"Det beh\u00f6vs en jobbpolitik som st\u00e4rker m\u00e4nniskors vilja att arbeta\" | Almega","robots":{"index":"index","follow":"follow","max-snippet":"max-snippet:-1","max-image-preview":"max-image-preview:large","max-video-preview":"max-video-preview:-1"},"canonical":"https:\/\/www.almega.se\/2025\/08\/det-behovs-en-jobbpolitik-som-starker-manniskors-vilja-att-arbeta\/","og_locale":"sv_SE","og_type":"article","og_title":"\"Det beh\u00f6vs en jobbpolitik som st\u00e4rker m\u00e4nniskors vilja att arbeta\"","og_description":"H\u00f6g arbetsl\u00f6shet och socialt utanf\u00f6rskap \u00e4r Sveriges st\u00f6rsta samh\u00e4llsproblem. Situationen \u00e4r sv\u00e5rast i s\u00e4rskilt utsatta omr\u00e5den runt storst\u00e4derna. Bland dessa finns Nydala, Hermodsdal, Lind\u00e4ngen och Roseng\u00e5rd i Malm\u00f6. Att ha ett jobb \u00e4r den viktigaste &hellip;","og_url":"https:\/\/www.almega.se\/2025\/08\/det-behovs-en-jobbpolitik-som-starker-manniskors-vilja-att-arbeta\/","og_site_name":"Almega","article_published_time":"2025-08-01T07:46:26+00:00","article_modified_time":"2025-08-01T07:52:31+00:00","og_image":[{"width":1152,"height":618,"url":"https:\/\/www.almega.se\/app\/uploads\/2025\/08\/Ostbom-Jegers-debatt-e1754034433473.jpg","type":"image\/jpeg"}],"author":"Karin Nyg\u00e5rd","twitter_card":"summary_large_image","twitter_misc":{"Skriven av":"Karin Nyg\u00e5rd","Ber\u00e4knad l\u00e4stid":"4 minuter"},"schema":{"@context":"https:\/\/schema.org","@graph":[{"@type":"NewsArticle","@id":"https:\/\/www.almega.se\/2025\/08\/det-behovs-en-jobbpolitik-som-starker-manniskors-vilja-att-arbeta\/#article","isPartOf":{"@id":"https:\/\/www.almega.se\/2025\/08\/det-behovs-en-jobbpolitik-som-starker-manniskors-vilja-att-arbeta\/"},"author":{"name":"Karin Nyg\u00e5rd","@id":"https:\/\/www.almega.se\/#\/schema\/person\/eae58f3a71d6b7aa9f71f3139a740a02"},"headline":"&#8221;Det beh\u00f6vs en jobbpolitik som st\u00e4rker m\u00e4nniskors vilja att arbeta&#8221;","datePublished":"2025-08-01T07:46:26+00:00","dateModified":"2025-08-01T07:52:31+00:00","mainEntityOfPage":{"@id":"https:\/\/www.almega.se\/2025\/08\/det-behovs-en-jobbpolitik-som-starker-manniskors-vilja-att-arbeta\/"},"wordCount":729,"image":{"@id":"https:\/\/www.almega.se\/2025\/08\/det-behovs-en-jobbpolitik-som-starker-manniskors-vilja-att-arbeta\/#primaryimage"},"thumbnailUrl":"https:\/\/www.almega.se\/app\/uploads\/2025\/08\/Ostbom-Jegers-debatt-e1754034433473.jpg","articleSection":["Arbetsmarknad","Kompetensf\u00f6rs\u00f6rjning"],"inLanguage":"sv-SE"},{"@type":"WebPage","@id":"https:\/\/www.almega.se\/2025\/08\/det-behovs-en-jobbpolitik-som-starker-manniskors-vilja-att-arbeta\/","url":"https:\/\/www.almega.se\/2025\/08\/det-behovs-en-jobbpolitik-som-starker-manniskors-vilja-att-arbeta\/","name":"\"Det beh\u00f6vs en jobbpolitik som st\u00e4rker m\u00e4nniskors vilja att arbeta\" | Almega","isPartOf":{"@id":"https:\/\/www.almega.se\/#website"},"primaryImageOfPage":{"@id":"https:\/\/www.almega.se\/2025\/08\/det-behovs-en-jobbpolitik-som-starker-manniskors-vilja-att-arbeta\/#primaryimage"},"image":{"@id":"https:\/\/www.almega.se\/2025\/08\/det-behovs-en-jobbpolitik-som-starker-manniskors-vilja-att-arbeta\/#primaryimage"},"thumbnailUrl":"https:\/\/www.almega.se\/app\/uploads\/2025\/08\/Ostbom-Jegers-debatt-e1754034433473.jpg","datePublished":"2025-08-01T07:46:26+00:00","dateModified":"2025-08-01T07:52:31+00:00","author":{"@id":"https:\/\/www.almega.se\/#\/schema\/person\/eae58f3a71d6b7aa9f71f3139a740a02"},"breadcrumb":{"@id":"https:\/\/www.almega.se\/2025\/08\/det-behovs-en-jobbpolitik-som-starker-manniskors-vilja-att-arbeta\/#breadcrumb"},"inLanguage":"sv-SE","potentialAction":[{"@type":"ReadAction","target":["https:\/\/www.almega.se\/2025\/08\/det-behovs-en-jobbpolitik-som-starker-manniskors-vilja-att-arbeta\/"]}]},{"@type":"ImageObject","inLanguage":"sv-SE","@id":"https:\/\/www.almega.se\/2025\/08\/det-behovs-en-jobbpolitik-som-starker-manniskors-vilja-att-arbeta\/#primaryimage","url":"https:\/\/www.almega.se\/app\/uploads\/2025\/08\/Ostbom-Jegers-debatt-e1754034433473.jpg","contentUrl":"https:\/\/www.almega.se\/app\/uploads\/2025\/08\/Ostbom-Jegers-debatt-e1754034433473.jpg","width":1152,"height":618,"caption":"Jonas Jegers, n\u00e4ringspolitisk expert p\u00e5 Almega och Fredrik \u00d6stbom, n\u00e4ringspolitisk chef p\u00e5 Almega."},{"@type":"BreadcrumbList","@id":"https:\/\/www.almega.se\/2025\/08\/det-behovs-en-jobbpolitik-som-starker-manniskors-vilja-att-arbeta\/#breadcrumb","itemListElement":[{"@type":"ListItem","position":1,"name":"Home","item":"https:\/\/www.almega.se\/"},{"@type":"ListItem","position":2,"name":"&#8221;Det beh\u00f6vs en jobbpolitik som st\u00e4rker m\u00e4nniskors vilja att arbeta&#8221;"}]},{"@type":"WebSite","@id":"https:\/\/www.almega.se\/#website","url":"https:\/\/www.almega.se\/","name":"Almega","description":"","potentialAction":[{"@type":"SearchAction","target":{"@type":"EntryPoint","urlTemplate":"https:\/\/www.almega.se\/?s={search_term_string}"},"query-input":{"@type":"PropertyValueSpecification","valueRequired":true,"valueName":"search_term_string"}}],"inLanguage":"sv-SE"},{"@type":"Person","@id":"https:\/\/www.almega.se\/#\/schema\/person\/eae58f3a71d6b7aa9f71f3139a740a02","name":"Karin Nyg\u00e5rd","image":{"@type":"ImageObject","inLanguage":"sv-SE","@id":"https:\/\/www.almega.se\/#\/schema\/person\/image\/","url":"https:\/\/secure.gravatar.com\/avatar\/09e5ec3d12974ae686ad90a0a4bf5404c8a4cfdca18f97124f166ab274023818?s=96&d=mm&r=g","contentUrl":"https:\/\/secure.gravatar.com\/avatar\/09e5ec3d12974ae686ad90a0a4bf5404c8a4cfdca18f97124f166ab274023818?s=96&d=mm&r=g","caption":"Karin Nyg\u00e5rd"},"description":"Produkt\u00e4gare Almega.se, samordnar webbutveckling och utveckling av Arbetsgivarguiden.se","url":"https:\/\/www.almega.se\/person\/karinnygard\/"}]}},"_links":{"self":[{"href":"https:\/\/www.almega.se\/api\/wp\/v2\/posts\/81827","targetHints":{"allow":["GET"]}}],"collection":[{"href":"https:\/\/www.almega.se\/api\/wp\/v2\/posts"}],"about":[{"href":"https:\/\/www.almega.se\/api\/wp\/v2\/types\/post"}],"author":[{"embeddable":true,"href":"https:\/\/www.almega.se\/api\/wp\/v2\/users\/14531"}],"replies":[{"embeddable":true,"href":"https:\/\/www.almega.se\/api\/wp\/v2\/comments?post=81827"}],"version-history":[{"count":2,"href":"https:\/\/www.almega.se\/api\/wp\/v2\/posts\/81827\/revisions"}],"predecessor-version":[{"id":81830,"href":"https:\/\/www.almega.se\/api\/wp\/v2\/posts\/81827\/revisions\/81830"}],"wp:featuredmedia":[{"embeddable":true,"href":"https:\/\/www.almega.se\/api\/wp\/v2\/media\/81828"}],"wp:attachment":[{"href":"https:\/\/www.almega.se\/api\/wp\/v2\/media?parent=81827"}],"wp:term":[{"taxonomy":"category","embeddable":true,"href":"https:\/\/www.almega.se\/api\/wp\/v2\/categories?post=81827"},{"taxonomy":"post_tag","embeddable":true,"href":"https:\/\/www.almega.se\/api\/wp\/v2\/tags?post=81827"},{"taxonomy":"type","embeddable":true,"href":"https:\/\/www.almega.se\/api\/wp\/v2\/article_type?post=81827"},{"taxonomy":"agreement","embeddable":true,"href":"https:\/\/www.almega.se\/api\/wp\/v2\/agreement?post=81827"}],"curies":[{"name":"wp","href":"https:\/\/api.w.org\/{rel}","templated":true}]}}