{"id":81796,"date":"2025-07-22T20:04:31","date_gmt":"2025-07-22T18:04:31","guid":{"rendered":"https:\/\/www.almega.se\/?p=81796"},"modified":"2025-07-22T20:04:33","modified_gmt":"2025-07-22T18:04:33","slug":"debatt-ai-kraver-sankt-skatt-pa-arbete","status":"publish","type":"post","link":"https:\/\/www.almega.se\/2025\/07\/debatt-ai-kraver-sankt-skatt-pa-arbete\/","title":{"rendered":"Debatt: AI  kr\u00e4ver s\u00e4nkt skatt p\u00e5 arbete"},"content":{"rendered":"<p class=\"intro\">Den fortsatta digitaliseringen och AI:s accelererande int\u00e5g formar om n\u00e4rings\u00adlivet och arbets\u00admarknaden. F\u00f6r att s\u00e4kra svensk syssel\u00ads\u00e4ttning kr\u00e4vs nu att skatten p\u00e5 arbete s\u00e4nks, skriver Ann \u00d6berg i en debattartikel i SvD.<\/p>\n<a class='Share__link Share__link--url copy-text' href='#' rel='nofollow' data-text='svensk-tjanstesektor-ar-en-jobbmotor' title='Dela url' data-confirmation='L\u00e4nken kopierades till urklipp'><svg class='icon icon--link'  width='18' height='18' viewBox='0 0 18 18' fill='none' xmlns='http:\/\/www.w3.org\/2000\/svg'>\n            <path d='M10.4142 0.514721L6.87868 4.05025L8.29289 5.46447L11.1213 2.63604L15.364 6.87868L12.5355 9.70711L13.9497 11.1213L17.4853 7.58579C17.8763 7.19476 17.8763 6.5626 17.4853 6.17158L11.8284 0.514721C11.4374 0.123691 10.8052 0.123691 10.4142 0.514721Z' fill='black'\/>\n            <path d='M9.7071 12.5355L6.87868 15.364L2.63604 11.1213L5.46446 8.2929L4.05025 6.87868L0.514716 10.4142C0.123686 10.8052 0.123686 11.4374 0.514716 11.8284L6.17157 17.4853C6.5626 17.8763 7.19475 17.8763 7.58578 17.4853L11.1213 13.9497L9.7071 12.5355Z' fill='black'\/>\n            <path d='M6.17157 11.8284C6.5626 12.2195 7.19475 12.2195 7.58578 11.8284L11.8284 7.58579C12.2195 7.19476 12.2195 6.56261 11.8284 6.17158C11.4374 5.78055 10.8052 5.78055 10.4142 6.17158L6.17157 10.4142C5.78054 10.8052 5.78054 11.4374 6.17157 11.8284Z' fill='black'\/>\n            <\/svg> <\/a>\n<h2 class=\"wp-block-heading\" id=\"h-svensk-tjanstesektor-ar-en-jobbmotor\">Svensk tj\u00e4nstesektor \u00e4r en jobbmotor<\/h2>\n\n\n\n<p>Tj\u00e4nstesektorn\u00a0har blivit den dominerande delen av svensk ekonomi och arbets\u00admarknad. Den privata tj\u00e4nste\u00adsektorn st\u00e5r i\u00a0dag f\u00f6r \u00f6ver h\u00e4lften av produktionen och n\u00e4stan h\u00e4lften av jobben. R\u00e4knas \u00e4ven den offentliga sektorn med st\u00e5r tj\u00e4nster f\u00f6r n\u00e4stan 80\u00a0procent av jobben. Trots detta, och trots att sektorn i\u00a0och med AI st\u00e5r inf\u00f6r omv\u00e4lvande f\u00f6r\u00e4ndringar, \u00e4r k\u00e4nnedomen om tj\u00e4nsternas betydelse fortfarande begr\u00e4nsad.<\/p>\n\n\n\n<p>Svensk tj\u00e4nstesektor \u00e4r en jobbmotor. De senaste 25&nbsp;\u00e5ren har 800&nbsp;000 nya jobb skapats i&nbsp;den privata tj\u00e4nste\u00adsektorn, vilket motsvarar tre av fyra nya jobb under perioden. Och medan produktiviteten i&nbsp;svensk ekonomi har bromsat in de senaste 15&nbsp;\u00e5ren har produktiviteten i&nbsp;den svenska tj\u00e4nste\u00adsektorn \u00f6kat \u2013 till och med snabbare \u00e4n i&nbsp;resten av v\u00e4rlden.<\/p>\n\n\n\n<p>Tj\u00e4nstesektorn betyder ocks\u00e5 alltmer f\u00f6r svensk export. Tj\u00e4nster utg\u00f6r i&nbsp;dag 40&nbsp;procent av exporten, och d\u00e5 \u00e4r inte alla de tj\u00e4nster som ing\u00e5r i&nbsp;olika exportvaror medr\u00e4knade. Det \u00e4r ocks\u00e5 tj\u00e4nster som driver innovation och f\u00f6rnyelse av n\u00e4ringslivet. 60&nbsp;000 nya tj\u00e4nste\u00adf\u00f6retag startas i&nbsp;Sverige varje \u00e5r \u2013 fem av sex nya f\u00f6retag \u00e4r allts\u00e5 tj\u00e4nste\u00adf\u00f6retag.<\/p>\n\n\n<a class='Share__link Share__link--url copy-text' href='#' rel='nofollow' data-text='stor-potential' title='Dela url' data-confirmation='L\u00e4nken kopierades till urklipp'><svg class='icon icon--link'  width='18' height='18' viewBox='0 0 18 18' fill='none' xmlns='http:\/\/www.w3.org\/2000\/svg'>\n            <path d='M10.4142 0.514721L6.87868 4.05025L8.29289 5.46447L11.1213 2.63604L15.364 6.87868L12.5355 9.70711L13.9497 11.1213L17.4853 7.58579C17.8763 7.19476 17.8763 6.5626 17.4853 6.17158L11.8284 0.514721C11.4374 0.123691 10.8052 0.123691 10.4142 0.514721Z' fill='black'\/>\n            <path d='M9.7071 12.5355L6.87868 15.364L2.63604 11.1213L5.46446 8.2929L4.05025 6.87868L0.514716 10.4142C0.123686 10.8052 0.123686 11.4374 0.514716 11.8284L6.17157 17.4853C6.5626 17.8763 7.19475 17.8763 7.58578 17.4853L11.1213 13.9497L9.7071 12.5355Z' fill='black'\/>\n            <path d='M6.17157 11.8284C6.5626 12.2195 7.19475 12.2195 7.58578 11.8284L11.8284 7.58579C12.2195 7.19476 12.2195 6.56261 11.8284 6.17158C11.4374 5.78055 10.8052 5.78055 10.4142 6.17158L6.17157 10.4142C5.78054 10.8052 5.78054 11.4374 6.17157 11.8284Z' fill='black'\/>\n            <\/svg> <\/a>\n<h2 class=\"wp-block-heading\" id=\"h-stor-potential\">Stor potential<\/h2>\n\n\n\n<p>Och nu \u00e4r det dags\u00a0att f\u00e5nga n\u00e4sta v\u00e5g. Under kommande \u00e5r kommer tj\u00e4nste\u00adsektorn att st\u00e5 i\u00a0centrum av den AI-drivna utvecklingen och m\u00f6ta de m\u00f6jligheter och utmaningar som detta inneb\u00e4r. R\u00e4tt anv\u00e4nd kan generativ AI bli samma katalysator f\u00f6r produktivitet och innovation som digitaliseringen varit. AI-tj\u00e4nster kan f\u00f6r\u00e4ndra yrken, men ocks\u00e5 helt ers\u00e4tta m\u00e4nskligt arbete. F\u00f6r den arbets\u00adintensiva tj\u00e4nste\u00adsektorn kommer detta f\u00e5 stora konsekvenser.<\/p>\n\n\n\n<p>F\u00f6retag i alla branscher kommer att p\u00e5verkas. Men till skillnad fr\u00e5n tidigare teknik\u00adskiften kan AI anv\u00e4ndas f\u00f6r t\u00e4nkande arbets\u00aduppgifter som analys av data eller produktion av text och bild. \u00c4ven programmerare och system\u00adutvecklare, yrken som vuxit snabbt de senaste decennierna, \u00e4r i&nbsp;allt h\u00f6gre grad exponerade f\u00f6r AI.<\/p>\n\n\n\n<p>Potentialen \u00e4r lika stor som utvecklingen \u00e4r snabb. Hur v\u00e4l \u00f6verg\u00e5ngen till en AI-driven ekonomi faller ut avg\u00f6rs till stor del redan i&nbsp;dag. Av de faktorer som spelar in \u00e4r skatte\u00adpolitiken en av den viktigaste. Dagens skatte\u00adsystem, med h\u00f6ga skatter p\u00e5 arbete och l\u00e4gre skatter p\u00e5 kapital, m\u00e5ste f\u00f6r\u00e4ndras. Industrin, vars produktion redan i&nbsp;dag utf\u00f6rs av robotar, p\u00e5verkas i&nbsp;mindre grad av h\u00f6ga skatter p\u00e5 arbete. I&nbsp;tj\u00e4nste\u00adsektorn \u00e4r det tv\u00e4rtom och h\u00f6gre skatter p\u00e5 m\u00e4nniskor \u00e4n p\u00e5 maskiner riskerar att f\u00e5 tj\u00e4nste\u00adf\u00f6retag att \u00f6verinvestera i&nbsp;arbets\u00adbesparande teknik.<\/p>\n\n\n\n<blockquote class=\"wp-block-quote is-layout-flow wp-block-quote-is-layout-flow\">\n<p>&#8221;F\u00f6r att skydda m\u00e4nniskor n\u00e4r yrken st\u00f6ps om och f\u00e5 svenska tj\u00e4nstef\u00f6retag att v\u00e4lja en l\u00e5ngsiktigt h\u00e5llbar mix av AI, digitalisering och m\u00e4nsklig arbetskraft m\u00e5ste skatten p\u00e5 arbete s\u00e4nkas.&#8221;<\/p>\n<\/blockquote>\n\n\n<a class='Share__link Share__link--url copy-text' href='#' rel='nofollow' data-text='sverige-kan-inte-vanta' title='Dela url' data-confirmation='L\u00e4nken kopierades till urklipp'><svg class='icon icon--link'  width='18' height='18' viewBox='0 0 18 18' fill='none' xmlns='http:\/\/www.w3.org\/2000\/svg'>\n            <path d='M10.4142 0.514721L6.87868 4.05025L8.29289 5.46447L11.1213 2.63604L15.364 6.87868L12.5355 9.70711L13.9497 11.1213L17.4853 7.58579C17.8763 7.19476 17.8763 6.5626 17.4853 6.17158L11.8284 0.514721C11.4374 0.123691 10.8052 0.123691 10.4142 0.514721Z' fill='black'\/>\n            <path d='M9.7071 12.5355L6.87868 15.364L2.63604 11.1213L5.46446 8.2929L4.05025 6.87868L0.514716 10.4142C0.123686 10.8052 0.123686 11.4374 0.514716 11.8284L6.17157 17.4853C6.5626 17.8763 7.19475 17.8763 7.58578 17.4853L11.1213 13.9497L9.7071 12.5355Z' fill='black'\/>\n            <path d='M6.17157 11.8284C6.5626 12.2195 7.19475 12.2195 7.58578 11.8284L11.8284 7.58579C12.2195 7.19476 12.2195 6.56261 11.8284 6.17158C11.4374 5.78055 10.8052 5.78055 10.4142 6.17158L6.17157 10.4142C5.78054 10.8052 5.78054 11.4374 6.17157 11.8284Z' fill='black'\/>\n            <\/svg> <\/a>\n<h2 class=\"wp-block-heading\" id=\"h-sverige-kan-inte-vanta\">Sverige kan inte v\u00e4nta<\/h2>\n\n\n\n<p>Gapet mellan\u00a0skatt p\u00e5 arbete och skatt p\u00e5 kapital riskerar att snedvrida ekonomin. Ekonomi\u00adpristagaren Daron Acemo\u011flu har varnat f\u00f6r att det kan leda till automatiserade processer som rationaliserar bort jobb f\u00f6r marginella produktivitets\u00adf\u00f6rb\u00e4ttringar. Tillsammans med utvecklingen inom AI kan detta leda till en syssels\u00e4ttnings\u00adgrad l\u00e4gre \u00e4n vad som \u00e4r socialt accepterat i\u00a0en modern v\u00e4lf\u00e4rdsstat.<\/p>\n\n\n\n<p>F\u00f6r att skydda m\u00e4nniskor n\u00e4r yrken st\u00f6ps om och f\u00e5 svenska tj\u00e4nstef\u00f6retag att v\u00e4lja en l\u00e5ngsiktigt h\u00e5llbar mix av AI, digitalisering och m\u00e4nsklig arbetskraft m\u00e5ste skatten p\u00e5 arbete s\u00e4nkas. Finansieringen kan delvis ske genom en skatte\u00adv\u00e4xling till mindre r\u00f6rliga skattebaser. Den l\u00e4gst h\u00e4ngande frukten \u00e4r dock arbets\u00adgivar\u00adavgiften. I&nbsp;dag \u00e4r 37&nbsp;procent av arbets\u00adgivar\u00adavgifterna ren skatt och en generell s\u00e4nkning \u2013 f\u00f6r alla f\u00f6retag och alla anst\u00e4llda \u2013 skulle g\u00f6ra underverk f\u00f6r svensk syssels\u00e4ttning, speciellt under kommande \u00e5r. AI v\u00e4ntar inte \u2013 Sverige kan inte v\u00e4nta.<\/p>\n\n\n\n<p>Ann \u00d6berg,<br>vd Almega<\/p>\n\n\n\n      <a href=\"https:\/\/www.svd.se\/a\/8q42wE\/almega-ai-kraver-sankt-skatt-pa-arbete\" target=\"_blank\" class=\"Button is-text Button--arrow-tip\">\n      \n        L\u00e4s artikeln i SvD (AI kr\u00e4ver s\u00e4nkt skatt p\u00e5 arbete)\n      \n      \n                \n                <svg class='icon icon--arrow-tip'  width=\"11\" height=\"16\" viewBox=\"0 0 11 16\" fill=\"none\" xmlns=\"http:\/\/www.w3.org\/2000\/svg\">\n<path d=\"M0.858398 15L9.2304 7.99664L0.967732 1.00001\" stroke=\"black\" stroke-width=\"2\" stroke-miterlimit=\"10\"\/>\n<\/svg>\n\n        \n    <\/a>\n  \n","protected":false},"excerpt":{"rendered":"<p>Svensk tj\u00e4nstesektor \u00e4r en jobbmotor Tj\u00e4nstesektorn\u00a0har blivit den dominerande delen av svensk ekonomi och arbets\u00admarknad. Den privata tj\u00e4nste\u00adsektorn st\u00e5r i\u00a0dag f\u00f6r \u00f6ver h\u00e4lften av produktionen och n\u00e4stan h\u00e4lften av jobben. R\u00e4knas \u00e4ven den offentliga sektorn &hellip;<\/p>\n","protected":false},"author":21574,"featured_media":81055,"comment_status":"closed","ping_status":"closed","sticky":false,"template":"","format":"standard","meta":{"_acf_changed":false,"footnotes":""},"categories":[692,64,57],"tags":[],"article_type":[],"agreement":[],"class_list":["post-81796","post","type-post","status-publish","format-standard","has-post-thumbnail","hentry","category-ai","category-arbetsmarknad","category-skatter"],"acf":[],"yoast_head":"<!-- This site is optimized with the Yoast SEO Premium plugin v26.8 (Yoast SEO v26.8) - https:\/\/yoast.com\/product\/yoast-seo-premium-wordpress\/ -->\n<title>Debatt: AI kr\u00e4ver s\u00e4nkt skatt p\u00e5 arbete | Almega<\/title>\n<meta name=\"robots\" content=\"index, follow, max-snippet:-1, max-image-preview:large, max-video-preview:-1\" \/>\n<link rel=\"canonical\" href=\"https:\/\/www.almega.se\/2025\/07\/debatt-ai-kraver-sankt-skatt-pa-arbete\/\" \/>\n<meta property=\"og:locale\" content=\"sv_SE\" \/>\n<meta property=\"og:type\" content=\"article\" \/>\n<meta property=\"og:title\" content=\"Debatt: AI kr\u00e4ver s\u00e4nkt skatt p\u00e5 arbete\" \/>\n<meta property=\"og:description\" content=\"Svensk tj\u00e4nstesektor \u00e4r en jobbmotor Tj\u00e4nstesektorn\u00a0har blivit den dominerande delen av svensk ekonomi och arbets\u00admarknad. Den privata tj\u00e4nste\u00adsektorn st\u00e5r i\u00a0dag f\u00f6r \u00f6ver h\u00e4lften av produktionen och n\u00e4stan h\u00e4lften av jobben. R\u00e4knas \u00e4ven den offentliga sektorn &hellip;\" \/>\n<meta property=\"og:url\" content=\"https:\/\/www.almega.se\/2025\/07\/debatt-ai-kraver-sankt-skatt-pa-arbete\/\" \/>\n<meta property=\"og:site_name\" content=\"Almega\" \/>\n<meta property=\"article:published_time\" content=\"2025-07-22T18:04:31+00:00\" \/>\n<meta property=\"article:modified_time\" content=\"2025-07-22T18:04:33+00:00\" \/>\n<meta property=\"og:image\" content=\"https:\/\/www.almega.se\/app\/uploads\/2025\/06\/Ann-Oberg-Sturegatan-3-scaled.jpg\" \/>\n\t<meta property=\"og:image:width\" content=\"2560\" \/>\n\t<meta property=\"og:image:height\" content=\"1440\" \/>\n\t<meta property=\"og:image:type\" content=\"image\/jpeg\" \/>\n<meta name=\"author\" content=\"Sandra Mildenberger\" \/>\n<meta name=\"twitter:card\" content=\"summary_large_image\" \/>\n<meta name=\"twitter:label1\" content=\"Skriven av\" \/>\n\t<meta name=\"twitter:data1\" content=\"Sandra Mildenberger\" \/>\n\t<meta name=\"twitter:label2\" content=\"Ber\u00e4knad l\u00e4stid\" \/>\n\t<meta name=\"twitter:data2\" content=\"3 minuter\" \/>\n<!-- \/ Yoast SEO Premium plugin. -->","yoast_head_json":{"title":"Debatt: AI kr\u00e4ver s\u00e4nkt skatt p\u00e5 arbete | Almega","robots":{"index":"index","follow":"follow","max-snippet":"max-snippet:-1","max-image-preview":"max-image-preview:large","max-video-preview":"max-video-preview:-1"},"canonical":"https:\/\/www.almega.se\/2025\/07\/debatt-ai-kraver-sankt-skatt-pa-arbete\/","og_locale":"sv_SE","og_type":"article","og_title":"Debatt: AI kr\u00e4ver s\u00e4nkt skatt p\u00e5 arbete","og_description":"Svensk tj\u00e4nstesektor \u00e4r en jobbmotor Tj\u00e4nstesektorn\u00a0har blivit den dominerande delen av svensk ekonomi och arbets\u00admarknad. Den privata tj\u00e4nste\u00adsektorn st\u00e5r i\u00a0dag f\u00f6r \u00f6ver h\u00e4lften av produktionen och n\u00e4stan h\u00e4lften av jobben. R\u00e4knas \u00e4ven den offentliga sektorn &hellip;","og_url":"https:\/\/www.almega.se\/2025\/07\/debatt-ai-kraver-sankt-skatt-pa-arbete\/","og_site_name":"Almega","article_published_time":"2025-07-22T18:04:31+00:00","article_modified_time":"2025-07-22T18:04:33+00:00","og_image":[{"width":2560,"height":1440,"url":"https:\/\/www.almega.se\/app\/uploads\/2025\/06\/Ann-Oberg-Sturegatan-3-scaled.jpg","type":"image\/jpeg"}],"author":"Sandra Mildenberger","twitter_card":"summary_large_image","twitter_misc":{"Skriven av":"Sandra Mildenberger","Ber\u00e4knad l\u00e4stid":"3 minuter"},"schema":{"@context":"https:\/\/schema.org","@graph":[{"@type":"NewsArticle","@id":"https:\/\/www.almega.se\/2025\/07\/debatt-ai-kraver-sankt-skatt-pa-arbete\/#article","isPartOf":{"@id":"https:\/\/www.almega.se\/2025\/07\/debatt-ai-kraver-sankt-skatt-pa-arbete\/"},"author":{"name":"Sandra Mildenberger","@id":"https:\/\/www.almega.se\/#\/schema\/person\/432bf15cd5b8c34477366237d76e0e28"},"headline":"Debatt: AI kr\u00e4ver s\u00e4nkt skatt p\u00e5 arbete","datePublished":"2025-07-22T18:04:31+00:00","dateModified":"2025-07-22T18:04:33+00:00","mainEntityOfPage":{"@id":"https:\/\/www.almega.se\/2025\/07\/debatt-ai-kraver-sankt-skatt-pa-arbete\/"},"wordCount":734,"image":{"@id":"https:\/\/www.almega.se\/2025\/07\/debatt-ai-kraver-sankt-skatt-pa-arbete\/#primaryimage"},"thumbnailUrl":"https:\/\/www.almega.se\/app\/uploads\/2025\/06\/Ann-Oberg-Sturegatan-3-scaled.jpg","articleSection":["AI","Arbetsmarknad","Skatter"],"inLanguage":"sv-SE"},{"@type":"WebPage","@id":"https:\/\/www.almega.se\/2025\/07\/debatt-ai-kraver-sankt-skatt-pa-arbete\/","url":"https:\/\/www.almega.se\/2025\/07\/debatt-ai-kraver-sankt-skatt-pa-arbete\/","name":"Debatt: AI kr\u00e4ver s\u00e4nkt skatt p\u00e5 arbete | Almega","isPartOf":{"@id":"https:\/\/www.almega.se\/#website"},"primaryImageOfPage":{"@id":"https:\/\/www.almega.se\/2025\/07\/debatt-ai-kraver-sankt-skatt-pa-arbete\/#primaryimage"},"image":{"@id":"https:\/\/www.almega.se\/2025\/07\/debatt-ai-kraver-sankt-skatt-pa-arbete\/#primaryimage"},"thumbnailUrl":"https:\/\/www.almega.se\/app\/uploads\/2025\/06\/Ann-Oberg-Sturegatan-3-scaled.jpg","datePublished":"2025-07-22T18:04:31+00:00","dateModified":"2025-07-22T18:04:33+00:00","author":{"@id":"https:\/\/www.almega.se\/#\/schema\/person\/432bf15cd5b8c34477366237d76e0e28"},"breadcrumb":{"@id":"https:\/\/www.almega.se\/2025\/07\/debatt-ai-kraver-sankt-skatt-pa-arbete\/#breadcrumb"},"inLanguage":"sv-SE","potentialAction":[{"@type":"ReadAction","target":["https:\/\/www.almega.se\/2025\/07\/debatt-ai-kraver-sankt-skatt-pa-arbete\/"]}]},{"@type":"ImageObject","inLanguage":"sv-SE","@id":"https:\/\/www.almega.se\/2025\/07\/debatt-ai-kraver-sankt-skatt-pa-arbete\/#primaryimage","url":"https:\/\/www.almega.se\/app\/uploads\/2025\/06\/Ann-Oberg-Sturegatan-3-scaled.jpg","contentUrl":"https:\/\/www.almega.se\/app\/uploads\/2025\/06\/Ann-Oberg-Sturegatan-3-scaled.jpg","width":2560,"height":1440},{"@type":"BreadcrumbList","@id":"https:\/\/www.almega.se\/2025\/07\/debatt-ai-kraver-sankt-skatt-pa-arbete\/#breadcrumb","itemListElement":[{"@type":"ListItem","position":1,"name":"Home","item":"https:\/\/www.almega.se\/"},{"@type":"ListItem","position":2,"name":"Debatt: AI kr\u00e4ver s\u00e4nkt skatt p\u00e5 arbete"}]},{"@type":"WebSite","@id":"https:\/\/www.almega.se\/#website","url":"https:\/\/www.almega.se\/","name":"Almega","description":"","potentialAction":[{"@type":"SearchAction","target":{"@type":"EntryPoint","urlTemplate":"https:\/\/www.almega.se\/?s={search_term_string}"},"query-input":{"@type":"PropertyValueSpecification","valueRequired":true,"valueName":"search_term_string"}}],"inLanguage":"sv-SE"},{"@type":"Person","@id":"https:\/\/www.almega.se\/#\/schema\/person\/432bf15cd5b8c34477366237d76e0e28","name":"Sandra Mildenberger","image":{"@type":"ImageObject","inLanguage":"sv-SE","@id":"https:\/\/www.almega.se\/#\/schema\/person\/image\/","url":"https:\/\/secure.gravatar.com\/avatar\/303ee6ef75fa0849b0b85e527659b8bf3457cd9509f76c13628965581b041b41?s=96&d=mm&r=g","contentUrl":"https:\/\/secure.gravatar.com\/avatar\/303ee6ef75fa0849b0b85e527659b8bf3457cd9509f76c13628965581b041b41?s=96&d=mm&r=g","caption":"Sandra Mildenberger"},"url":"https:\/\/www.almega.se\/person\/sandramildenberger\/"}]}},"_links":{"self":[{"href":"https:\/\/www.almega.se\/api\/wp\/v2\/posts\/81796","targetHints":{"allow":["GET"]}}],"collection":[{"href":"https:\/\/www.almega.se\/api\/wp\/v2\/posts"}],"about":[{"href":"https:\/\/www.almega.se\/api\/wp\/v2\/types\/post"}],"author":[{"embeddable":true,"href":"https:\/\/www.almega.se\/api\/wp\/v2\/users\/21574"}],"replies":[{"embeddable":true,"href":"https:\/\/www.almega.se\/api\/wp\/v2\/comments?post=81796"}],"version-history":[{"count":9,"href":"https:\/\/www.almega.se\/api\/wp\/v2\/posts\/81796\/revisions"}],"predecessor-version":[{"id":81805,"href":"https:\/\/www.almega.se\/api\/wp\/v2\/posts\/81796\/revisions\/81805"}],"wp:featuredmedia":[{"embeddable":true,"href":"https:\/\/www.almega.se\/api\/wp\/v2\/media\/81055"}],"wp:attachment":[{"href":"https:\/\/www.almega.se\/api\/wp\/v2\/media?parent=81796"}],"wp:term":[{"taxonomy":"category","embeddable":true,"href":"https:\/\/www.almega.se\/api\/wp\/v2\/categories?post=81796"},{"taxonomy":"post_tag","embeddable":true,"href":"https:\/\/www.almega.se\/api\/wp\/v2\/tags?post=81796"},{"taxonomy":"type","embeddable":true,"href":"https:\/\/www.almega.se\/api\/wp\/v2\/article_type?post=81796"},{"taxonomy":"agreement","embeddable":true,"href":"https:\/\/www.almega.se\/api\/wp\/v2\/agreement?post=81796"}],"curies":[{"name":"wp","href":"https:\/\/api.w.org\/{rel}","templated":true}]}}